{"id":105,"date":"2019-11-13T15:21:38","date_gmt":"2019-11-13T15:21:38","guid":{"rendered":"https:\/\/www.richardappelbom.se\/?p=105"},"modified":"2019-11-14T16:27:23","modified_gmt":"2019-11-14T16:27:23","slug":"liberaldemokraterna-vill-gora-en-macron-i-brittiska-valet","status":"publish","type":"post","link":"https:\/\/www.richardappelbom.se\/index.php\/2019\/11\/13\/liberaldemokraterna-vill-gora-en-macron-i-brittiska-valet\/","title":{"rendered":"Liberaldemokraterna vill g\u00f6ra en \u201dMacron\u201d i brittiska valet"},"content":{"rendered":"\n<figure class=\"wp-block-image is-resized\"><img loading=\"lazy\" decoding=\"async\" src=\"https:\/\/www.richardappelbom.se\/wp-content\/uploads\/2019\/11\/libdem.jpg\" alt=\"\" class=\"wp-image-106\" width=\"429\" height=\"429\" srcset=\"https:\/\/www.richardappelbom.se\/wp-content\/uploads\/2019\/11\/libdem.jpg 225w, https:\/\/www.richardappelbom.se\/wp-content\/uploads\/2019\/11\/libdem-150x150.jpg 150w\" sizes=\"auto, (max-width: 429px) 100vw, 429px\" \/><figcaption>Liberaldemokraterna vill stoppa Brexit<\/figcaption><\/figure>\n\n\n\n<p>Liberalerna (Lib) var ett av de tv\u00e5 stora brittiska\npartierna i b\u00f6rjan p\u00e5 1900-talet. Men socialdemokratiska Labour tog \u00f6ver som\nhuvudalternativ till de Konservativa (Con). D\u00e4refter har Liberalerna, numera\nLiberaldemokraterna (Libdem) st\u00e4ndigt f\u00f6rs\u00f6ka komma tillbaka. Men l\u00e4ttare sagt\n\u00e4n gjort, i synnerhet n\u00e4r valsystemet med enmansvalkretsar missgynnar mindre\npartier.<\/p>\n\n\n\n<p>Nu finns f\u00f6rhoppningar om ett genombrott. Libdem hoppas g\u00f6ra\nsom president Macron i Frankrike och sl\u00e5 ut b\u00e5de socialister och\nkonservativa.&nbsp;&nbsp; <\/p>\n\n\n\n<p>M\u00e5nga misstror Labour, som g\u00e5tt till v\u00e4nster under Jeremy\nCorbyn. De Konservativa framst\u00e5r som mer till h\u00f6ger och entydiga EU-motst\u00e5ndare.<\/p>\n\n\n\n<p>Libdem, som \u00e4r sammanslagning av Lib och SDP, en utbrytning\nfr\u00e5n Labour. \u00e4r tydliga i att de vill att Storbritannien ska vara kvar i\nEU.&nbsp; Lib har varit f\u00f6r EU sedan\n1950-talet, SDP bildades i mycket i protest mot att Labour d\u00e5 var EU-skeptiskt.<\/p>\n\n\n\n<p>Nu finns p\u00e5 riksplanet 3-4 partier med st\u00f6d av \u00f6ver 10\nprocent. I Skottland och Wales tillkommer nationalistpartier. D\u00e5 g\u00f6r\nvalsystemet det sv\u00e5rt med prognoser om mandaten.<\/p>\n\n\n\n<p>Libdem har i 60 valkretsar (av 650) gjort en uppg\u00f6relse om\nbara en kandidat, oftast en Libdem, med De Gr\u00f6na och ett walesiskt\nnationalistparti. Det talas ocks\u00e5 mycket om att&nbsp;\nv\u00e4ljarna inte ska \u201dkasta bort sina r\u00f6ster\u201d p\u00e5 kandidater som \u00e4r\nchansl\u00f6sa i valkretsen. &nbsp;Nog mer\nuppm\u00e4rksamhet nu, men inget nytt.<\/p>\n\n\n\n<p>Partierna vill g\u00e4rna f\u00e5 v\u00e4ljare att r\u00f6sta taktiskt genom att\nframst\u00e4lla sig sj\u00e4lva som ett av huvudalternativen. Jag minns med obehag n\u00e4r jag en g\u00e5ng\nvalarbetade f\u00f6r Liberalerna i ett fyllnadsval och det p\u00e5 valdagen delades ut\nett flygblad om hur valet stod mellan Liberalerna och de Konservativa.&nbsp;<\/p>\n\n\n\n<p>&nbsp;Men det var en p\u00e5hittad opinionsm\u00e4tning. \u00c4ven\nom man anser att valsystemet \u00e4r or\u00e4ttvist kan inte &#8220;fake news&#8221; som\np\u00e5hittade m\u00e4tningar f\u00f6rsvaras.<\/p>\n\n\n\n<p>Kandidaten var min tidigare hyresv\u00e4rd, som en ganska medioker politiker som hade tur och var kandidat n\u00e4r Liberalerna hade medvind i b\u00f6rjan p\u00e5 1980-talet. Eftersom jag bodde hos kandidaten fick jag nys om den falska opinionsm\u00e4tningen. (F\u00f6r \u00f6vrigt vann Liberalerna det aktuella fyllnadsvalet.)<\/p>\n\n\n\n<p>Libdem fick n\u00e4r de bildade koalition med De Konservativa 2010-15 igenom en folkomr\u00f6stning om ett nytt valsystem. Det skulle inneb\u00e4ra att v\u00e4ljarna fick rangordna kandidaterna i varje valkrets. Om ingen fick 50 procent f\u00f6rdelades mindre partiers kandidaters r\u00f6ster efter v\u00e4ljarnas preferenser tills n\u00e5gon f\u00e5r 50 procent. Systemet finns i Australien, men fick nej i folkomr\u00f6stninen.<\/p>\n\n\n\n<p>Det \u00e4r inte ett proportionellt system, men kommer till r\u00e4tta med problemet med \u201dbortkastade\u201d r\u00f6ster. Hade det g\u00e4llt nu hade alla partier kunnat st\u00e4lla upp \u00f6verallt och sedan kunde v\u00e4ljarna genom rangordning p\u00e5verka utg\u00e5ngen \u00e4ven om de r\u00f6stade p\u00e5 ett mindre parti.<\/p>\n\n\n\n<p>Libdem hoppas fr\u00e4mst vinna valkretsar d\u00e4r m\u00e5nga r\u00f6stade mot\nBrexit. Det kan ge god utdelning i fr\u00e4mst Londonomr\u00e5det, andra st\u00f6rre st\u00e4der\noch i valkretsar med m\u00e5nga studenter.<\/p>\n\n\n\n<p>En t\u00e4nkbar trof\u00e9 vore att vinna Margaret Thatchers gamla\nvalkrets Finchley fr\u00e5n Con. D\u00e4r \u00e4r Libdems kandidat judinnan och\nparlamentsledamoten (nu i Liverpool) Luciana Berger, som l\u00e4mnade Labour i\nprotest mot antisemitism i partiet och oklar EU-politik. I Finchley r\u00f6stade 69\nprocent f\u00f6r att stanna i EU och \u00f6ver 20 procent (mest i landet) av v\u00e4ljarna \u00e4r &nbsp;judar.<\/p>\n\n\n\n<p>D\u00e4r st\u00f6det f\u00f6r att l\u00e4mna EU \u00e4r st\u00f6rre kan Libdem f\u00e5 problem med att vilja stoppa Brexit utan att ha n\u00e5gon ny folkomr\u00f6stning. S\u00e5 \u00e4r det i sydv\u00e4stra England och i&nbsp; delar av Wales, d\u00e4r Lib l\u00e4nge har varit starka.<\/p>\n\n\n\n<p>I tv\u00e5 valkretsar, North Devon, som en g\u00e5ng representerades av partiledaren Jeremy Thorpe, och Montgomeryshire i Wales, som under l\u00e5ng tid ofta vunnits av Lib, tr\u00e4der den konservative ledamoten tillbaka. Det borde ge Libdem b\u00e4ttre m\u00f6jligheter att vinna tillbaka valkretsen, men i b\u00e5da fallen r\u00f6stade en majoritet av v\u00e4ljarna f\u00f6r Brexit.<\/p>\n\n\n\n<p>I Skottland var det d\u00e4remot bara tv\u00e5 valkretsar som r\u00f6stade\nf\u00f6r Brexit. Tr\u00e5kigt nog f\u00f6r Libdem \u00e4r den ena (h\u00f6glandsvalkrets) ett av deras\nfyra skotska mandat!<\/p>\n\n\n\n<p>Libdem borde som \u201ddubbelunionister\u201d(f\u00f6r den Europeiska och\nbrittiska unionen) kunna h\u00e4vda sig i Skottland, men m\u00e4tningarna pekar p\u00e5 stort\n\u00f6vertag f\u00f6r de skotska nationalisterna (SNP), som ocks\u00e5 \u00e4r emot Brexit. H\u00e4r\ng\u00e4ller det att partiledaren Jo Swinson kan beh\u00e5lla sitt mandat. SNP vill nog\ng\u00e4rna sl\u00e5 ut Swinson, den enda nationella partiledaren fr\u00e5n Skottland. <\/p>\n","protected":false},"excerpt":{"rendered":"<p>Liberalerna (Lib) var ett av de tv\u00e5 stora brittiska partierna i b\u00f6rjan p\u00e5 1900-talet. Men socialdemokratiska Labour tog \u00f6ver som huvudalternativ till de Konservativa (Con). D\u00e4refter har Liberalerna, numera Liberaldemokraterna (Libdem) st\u00e4ndigt f\u00f6rs\u00f6ka komma tillbaka. Men l\u00e4ttare sagt \u00e4n gjort, i synnerhet n\u00e4r valsystemet med enmansvalkretsar missgynnar mindre partier. Nu finns f\u00f6rhoppningar om ett genombrott. [&hellip;]<\/p>\n","protected":false},"author":1,"featured_media":0,"comment_status":"open","ping_status":"closed","sticky":false,"template":"","format":"standard","meta":{"_jetpack_memberships_contains_paid_content":false,"footnotes":""},"categories":[10],"tags":[],"class_list":["post-105","post","type-post","status-publish","format-standard","hentry","category-allman-inlagg"],"yoast_head":"<!-- This site is optimized with the Yoast SEO plugin v27.2 - https:\/\/yoast.com\/product\/yoast-seo-wordpress\/ -->\n<title>Liberaldemokraterna vill g\u00f6ra en \u201dMacron\u201d i brittiska valet - Richard Appelbom<\/title>\n<meta name=\"description\" content=\"Libdem har en tydlig linje mot Brexit Kanske kan de vinna Maragaret Thatchers gamla valkrets, men kan bli sv\u00e5rare i gamla k\u00e4rnomr\u00e5den\" \/>\n<meta name=\"robots\" content=\"index, follow, max-snippet:-1, max-image-preview:large, max-video-preview:-1\" \/>\n<link rel=\"canonical\" href=\"https:\/\/www.richardappelbom.se\/index.php\/2019\/11\/13\/liberaldemokraterna-vill-gora-en-macron-i-brittiska-valet\/\" \/>\n<meta property=\"og:locale\" content=\"en_US\" \/>\n<meta property=\"og:type\" content=\"article\" \/>\n<meta property=\"og:title\" content=\"Liberaldemokraterna vill g\u00f6ra en \u201dMacron\u201d i brittiska valet - Richard Appelbom\" \/>\n<meta property=\"og:description\" content=\"Libdem har en tydlig linje mot Brexit Kanske kan de vinna Maragaret Thatchers gamla valkrets, men kan bli sv\u00e5rare i gamla k\u00e4rnomr\u00e5den\" \/>\n<meta property=\"og:url\" content=\"https:\/\/www.richardappelbom.se\/index.php\/2019\/11\/13\/liberaldemokraterna-vill-gora-en-macron-i-brittiska-valet\/\" \/>\n<meta property=\"og:site_name\" content=\"Richard Appelbom\" \/>\n<meta property=\"article:publisher\" content=\"https:\/\/www.facebook.com\/rappelbom\" \/>\n<meta property=\"article:author\" content=\"https:\/\/www.facebook.com\/rappelbom\" \/>\n<meta property=\"article:published_time\" content=\"2019-11-13T15:21:38+00:00\" \/>\n<meta property=\"article:modified_time\" content=\"2019-11-14T16:27:23+00:00\" \/>\n<meta property=\"og:image\" content=\"https:\/\/www.richardappelbom.se\/wp-content\/uploads\/2019\/11\/libdem.jpg\" \/>\n<meta name=\"author\" content=\"admin\" \/>\n<meta name=\"twitter:card\" content=\"summary_large_image\" \/>\n<meta name=\"twitter:creator\" content=\"@RichardAppelbom\" \/>\n<meta name=\"twitter:site\" content=\"@RichardAppelbom\" \/>\n<meta name=\"twitter:label1\" content=\"Written by\" \/>\n\t<meta name=\"twitter:data1\" content=\"admin\" \/>\n\t<meta name=\"twitter:label2\" content=\"Est. reading time\" \/>\n\t<meta name=\"twitter:data2\" content=\"4 minutes\" \/>\n<script type=\"application\/ld+json\" class=\"yoast-schema-graph\">{\"@context\":\"https:\/\/schema.org\",\"@graph\":[{\"@type\":\"Article\",\"@id\":\"https:\/\/www.richardappelbom.se\/index.php\/2019\/11\/13\/liberaldemokraterna-vill-gora-en-macron-i-brittiska-valet\/#article\",\"isPartOf\":{\"@id\":\"https:\/\/www.richardappelbom.se\/index.php\/2019\/11\/13\/liberaldemokraterna-vill-gora-en-macron-i-brittiska-valet\/\"},\"author\":{\"name\":\"admin\",\"@id\":\"https:\/\/www.richardappelbom.se\/#\/schema\/person\/98f55ffd095155d902e585f10999a15d\"},\"headline\":\"Liberaldemokraterna vill g\u00f6ra en \u201dMacron\u201d i brittiska valet\",\"datePublished\":\"2019-11-13T15:21:38+00:00\",\"dateModified\":\"2019-11-14T16:27:23+00:00\",\"mainEntityOfPage\":{\"@id\":\"https:\/\/www.richardappelbom.se\/index.php\/2019\/11\/13\/liberaldemokraterna-vill-gora-en-macron-i-brittiska-valet\/\"},\"wordCount\":808,\"commentCount\":0,\"image\":{\"@id\":\"https:\/\/www.richardappelbom.se\/index.php\/2019\/11\/13\/liberaldemokraterna-vill-gora-en-macron-i-brittiska-valet\/#primaryimage\"},\"thumbnailUrl\":\"https:\/\/www.richardappelbom.se\/wp-content\/uploads\/2019\/11\/libdem.jpg\",\"articleSection\":[\"Allm\u00e4n Posts\"],\"inLanguage\":\"en-US\",\"potentialAction\":[{\"@type\":\"CommentAction\",\"name\":\"Comment\",\"target\":[\"https:\/\/www.richardappelbom.se\/index.php\/2019\/11\/13\/liberaldemokraterna-vill-gora-en-macron-i-brittiska-valet\/#respond\"]}]},{\"@type\":\"WebPage\",\"@id\":\"https:\/\/www.richardappelbom.se\/index.php\/2019\/11\/13\/liberaldemokraterna-vill-gora-en-macron-i-brittiska-valet\/\",\"url\":\"https:\/\/www.richardappelbom.se\/index.php\/2019\/11\/13\/liberaldemokraterna-vill-gora-en-macron-i-brittiska-valet\/\",\"name\":\"Liberaldemokraterna vill g\u00f6ra en \u201dMacron\u201d i brittiska valet - Richard Appelbom\",\"isPartOf\":{\"@id\":\"https:\/\/www.richardappelbom.se\/#website\"},\"primaryImageOfPage\":{\"@id\":\"https:\/\/www.richardappelbom.se\/index.php\/2019\/11\/13\/liberaldemokraterna-vill-gora-en-macron-i-brittiska-valet\/#primaryimage\"},\"image\":{\"@id\":\"https:\/\/www.richardappelbom.se\/index.php\/2019\/11\/13\/liberaldemokraterna-vill-gora-en-macron-i-brittiska-valet\/#primaryimage\"},\"thumbnailUrl\":\"https:\/\/www.richardappelbom.se\/wp-content\/uploads\/2019\/11\/libdem.jpg\",\"datePublished\":\"2019-11-13T15:21:38+00:00\",\"dateModified\":\"2019-11-14T16:27:23+00:00\",\"author\":{\"@id\":\"https:\/\/www.richardappelbom.se\/#\/schema\/person\/98f55ffd095155d902e585f10999a15d\"},\"description\":\"Libdem har en tydlig linje mot Brexit Kanske kan de vinna Maragaret Thatchers gamla valkrets, men kan bli sv\u00e5rare i gamla k\u00e4rnomr\u00e5den\",\"breadcrumb\":{\"@id\":\"https:\/\/www.richardappelbom.se\/index.php\/2019\/11\/13\/liberaldemokraterna-vill-gora-en-macron-i-brittiska-valet\/#breadcrumb\"},\"inLanguage\":\"en-US\",\"potentialAction\":[{\"@type\":\"ReadAction\",\"target\":[\"https:\/\/www.richardappelbom.se\/index.php\/2019\/11\/13\/liberaldemokraterna-vill-gora-en-macron-i-brittiska-valet\/\"]}]},{\"@type\":\"ImageObject\",\"inLanguage\":\"en-US\",\"@id\":\"https:\/\/www.richardappelbom.se\/index.php\/2019\/11\/13\/liberaldemokraterna-vill-gora-en-macron-i-brittiska-valet\/#primaryimage\",\"url\":\"https:\/\/www.richardappelbom.se\/wp-content\/uploads\/2019\/11\/libdem.jpg\",\"contentUrl\":\"https:\/\/www.richardappelbom.se\/wp-content\/uploads\/2019\/11\/libdem.jpg\",\"width\":225,\"height\":225},{\"@type\":\"BreadcrumbList\",\"@id\":\"https:\/\/www.richardappelbom.se\/index.php\/2019\/11\/13\/liberaldemokraterna-vill-gora-en-macron-i-brittiska-valet\/#breadcrumb\",\"itemListElement\":[{\"@type\":\"ListItem\",\"position\":1,\"name\":\"Home\",\"item\":\"https:\/\/www.richardappelbom.se\/\"},{\"@type\":\"ListItem\",\"position\":2,\"name\":\"Liberaldemokraterna vill g\u00f6ra en \u201dMacron\u201d i brittiska valet\"}]},{\"@type\":\"WebSite\",\"@id\":\"https:\/\/www.richardappelbom.se\/#website\",\"url\":\"https:\/\/www.richardappelbom.se\/\",\"name\":\"Richard Appelbom\",\"description\":\"En blogg om val och valsystem\",\"potentialAction\":[{\"@type\":\"SearchAction\",\"target\":{\"@type\":\"EntryPoint\",\"urlTemplate\":\"https:\/\/www.richardappelbom.se\/?s={search_term_string}\"},\"query-input\":{\"@type\":\"PropertyValueSpecification\",\"valueRequired\":true,\"valueName\":\"search_term_string\"}}],\"inLanguage\":\"en-US\"},{\"@type\":\"Person\",\"@id\":\"https:\/\/www.richardappelbom.se\/#\/schema\/person\/98f55ffd095155d902e585f10999a15d\",\"name\":\"admin\",\"image\":{\"@type\":\"ImageObject\",\"inLanguage\":\"en-US\",\"@id\":\"https:\/\/secure.gravatar.com\/avatar\/480edd36f6cc3945e6b2db9fdc6f78df2a3fb98b7b27925b8d810863cfa537e7?s=96&d=mm&r=g\",\"url\":\"https:\/\/secure.gravatar.com\/avatar\/480edd36f6cc3945e6b2db9fdc6f78df2a3fb98b7b27925b8d810863cfa537e7?s=96&d=mm&r=g\",\"contentUrl\":\"https:\/\/secure.gravatar.com\/avatar\/480edd36f6cc3945e6b2db9fdc6f78df2a3fb98b7b27925b8d810863cfa537e7?s=96&d=mm&r=g\",\"caption\":\"admin\"},\"sameAs\":[\"https:\/\/www.facebook.com\/rappelbom\",\"https:\/\/twitter.com\/RichardAppelbom\"],\"url\":\"https:\/\/www.richardappelbom.se\/index.php\/author\/ra_j9l6616t\/\"}]}<\/script>\n<!-- \/ Yoast SEO plugin. -->","yoast_head_json":{"title":"Liberaldemokraterna vill g\u00f6ra en \u201dMacron\u201d i brittiska valet - Richard Appelbom","description":"Libdem har en tydlig linje mot Brexit Kanske kan de vinna Maragaret Thatchers gamla valkrets, men kan bli sv\u00e5rare i gamla k\u00e4rnomr\u00e5den","robots":{"index":"index","follow":"follow","max-snippet":"max-snippet:-1","max-image-preview":"max-image-preview:large","max-video-preview":"max-video-preview:-1"},"canonical":"https:\/\/www.richardappelbom.se\/index.php\/2019\/11\/13\/liberaldemokraterna-vill-gora-en-macron-i-brittiska-valet\/","og_locale":"en_US","og_type":"article","og_title":"Liberaldemokraterna vill g\u00f6ra en \u201dMacron\u201d i brittiska valet - Richard Appelbom","og_description":"Libdem har en tydlig linje mot Brexit Kanske kan de vinna Maragaret Thatchers gamla valkrets, men kan bli sv\u00e5rare i gamla k\u00e4rnomr\u00e5den","og_url":"https:\/\/www.richardappelbom.se\/index.php\/2019\/11\/13\/liberaldemokraterna-vill-gora-en-macron-i-brittiska-valet\/","og_site_name":"Richard Appelbom","article_publisher":"https:\/\/www.facebook.com\/rappelbom","article_author":"https:\/\/www.facebook.com\/rappelbom","article_published_time":"2019-11-13T15:21:38+00:00","article_modified_time":"2019-11-14T16:27:23+00:00","og_image":[{"url":"https:\/\/www.richardappelbom.se\/wp-content\/uploads\/2019\/11\/libdem.jpg","type":"","width":"","height":""}],"author":"admin","twitter_card":"summary_large_image","twitter_creator":"@RichardAppelbom","twitter_site":"@RichardAppelbom","twitter_misc":{"Written by":"admin","Est. reading time":"4 minutes"},"schema":{"@context":"https:\/\/schema.org","@graph":[{"@type":"Article","@id":"https:\/\/www.richardappelbom.se\/index.php\/2019\/11\/13\/liberaldemokraterna-vill-gora-en-macron-i-brittiska-valet\/#article","isPartOf":{"@id":"https:\/\/www.richardappelbom.se\/index.php\/2019\/11\/13\/liberaldemokraterna-vill-gora-en-macron-i-brittiska-valet\/"},"author":{"name":"admin","@id":"https:\/\/www.richardappelbom.se\/#\/schema\/person\/98f55ffd095155d902e585f10999a15d"},"headline":"Liberaldemokraterna vill g\u00f6ra en \u201dMacron\u201d i brittiska valet","datePublished":"2019-11-13T15:21:38+00:00","dateModified":"2019-11-14T16:27:23+00:00","mainEntityOfPage":{"@id":"https:\/\/www.richardappelbom.se\/index.php\/2019\/11\/13\/liberaldemokraterna-vill-gora-en-macron-i-brittiska-valet\/"},"wordCount":808,"commentCount":0,"image":{"@id":"https:\/\/www.richardappelbom.se\/index.php\/2019\/11\/13\/liberaldemokraterna-vill-gora-en-macron-i-brittiska-valet\/#primaryimage"},"thumbnailUrl":"https:\/\/www.richardappelbom.se\/wp-content\/uploads\/2019\/11\/libdem.jpg","articleSection":["Allm\u00e4n Posts"],"inLanguage":"en-US","potentialAction":[{"@type":"CommentAction","name":"Comment","target":["https:\/\/www.richardappelbom.se\/index.php\/2019\/11\/13\/liberaldemokraterna-vill-gora-en-macron-i-brittiska-valet\/#respond"]}]},{"@type":"WebPage","@id":"https:\/\/www.richardappelbom.se\/index.php\/2019\/11\/13\/liberaldemokraterna-vill-gora-en-macron-i-brittiska-valet\/","url":"https:\/\/www.richardappelbom.se\/index.php\/2019\/11\/13\/liberaldemokraterna-vill-gora-en-macron-i-brittiska-valet\/","name":"Liberaldemokraterna vill g\u00f6ra en \u201dMacron\u201d i brittiska valet - Richard Appelbom","isPartOf":{"@id":"https:\/\/www.richardappelbom.se\/#website"},"primaryImageOfPage":{"@id":"https:\/\/www.richardappelbom.se\/index.php\/2019\/11\/13\/liberaldemokraterna-vill-gora-en-macron-i-brittiska-valet\/#primaryimage"},"image":{"@id":"https:\/\/www.richardappelbom.se\/index.php\/2019\/11\/13\/liberaldemokraterna-vill-gora-en-macron-i-brittiska-valet\/#primaryimage"},"thumbnailUrl":"https:\/\/www.richardappelbom.se\/wp-content\/uploads\/2019\/11\/libdem.jpg","datePublished":"2019-11-13T15:21:38+00:00","dateModified":"2019-11-14T16:27:23+00:00","author":{"@id":"https:\/\/www.richardappelbom.se\/#\/schema\/person\/98f55ffd095155d902e585f10999a15d"},"description":"Libdem har en tydlig linje mot Brexit Kanske kan de vinna Maragaret Thatchers gamla valkrets, men kan bli sv\u00e5rare i gamla k\u00e4rnomr\u00e5den","breadcrumb":{"@id":"https:\/\/www.richardappelbom.se\/index.php\/2019\/11\/13\/liberaldemokraterna-vill-gora-en-macron-i-brittiska-valet\/#breadcrumb"},"inLanguage":"en-US","potentialAction":[{"@type":"ReadAction","target":["https:\/\/www.richardappelbom.se\/index.php\/2019\/11\/13\/liberaldemokraterna-vill-gora-en-macron-i-brittiska-valet\/"]}]},{"@type":"ImageObject","inLanguage":"en-US","@id":"https:\/\/www.richardappelbom.se\/index.php\/2019\/11\/13\/liberaldemokraterna-vill-gora-en-macron-i-brittiska-valet\/#primaryimage","url":"https:\/\/www.richardappelbom.se\/wp-content\/uploads\/2019\/11\/libdem.jpg","contentUrl":"https:\/\/www.richardappelbom.se\/wp-content\/uploads\/2019\/11\/libdem.jpg","width":225,"height":225},{"@type":"BreadcrumbList","@id":"https:\/\/www.richardappelbom.se\/index.php\/2019\/11\/13\/liberaldemokraterna-vill-gora-en-macron-i-brittiska-valet\/#breadcrumb","itemListElement":[{"@type":"ListItem","position":1,"name":"Home","item":"https:\/\/www.richardappelbom.se\/"},{"@type":"ListItem","position":2,"name":"Liberaldemokraterna vill g\u00f6ra en \u201dMacron\u201d i brittiska valet"}]},{"@type":"WebSite","@id":"https:\/\/www.richardappelbom.se\/#website","url":"https:\/\/www.richardappelbom.se\/","name":"Richard Appelbom","description":"En blogg om val och valsystem","potentialAction":[{"@type":"SearchAction","target":{"@type":"EntryPoint","urlTemplate":"https:\/\/www.richardappelbom.se\/?s={search_term_string}"},"query-input":{"@type":"PropertyValueSpecification","valueRequired":true,"valueName":"search_term_string"}}],"inLanguage":"en-US"},{"@type":"Person","@id":"https:\/\/www.richardappelbom.se\/#\/schema\/person\/98f55ffd095155d902e585f10999a15d","name":"admin","image":{"@type":"ImageObject","inLanguage":"en-US","@id":"https:\/\/secure.gravatar.com\/avatar\/480edd36f6cc3945e6b2db9fdc6f78df2a3fb98b7b27925b8d810863cfa537e7?s=96&d=mm&r=g","url":"https:\/\/secure.gravatar.com\/avatar\/480edd36f6cc3945e6b2db9fdc6f78df2a3fb98b7b27925b8d810863cfa537e7?s=96&d=mm&r=g","contentUrl":"https:\/\/secure.gravatar.com\/avatar\/480edd36f6cc3945e6b2db9fdc6f78df2a3fb98b7b27925b8d810863cfa537e7?s=96&d=mm&r=g","caption":"admin"},"sameAs":["https:\/\/www.facebook.com\/rappelbom","https:\/\/twitter.com\/RichardAppelbom"],"url":"https:\/\/www.richardappelbom.se\/index.php\/author\/ra_j9l6616t\/"}]}},"jetpack_featured_media_url":"","jetpack_sharing_enabled":true,"_links":{"self":[{"href":"https:\/\/www.richardappelbom.se\/index.php\/wp-json\/wp\/v2\/posts\/105","targetHints":{"allow":["GET"]}}],"collection":[{"href":"https:\/\/www.richardappelbom.se\/index.php\/wp-json\/wp\/v2\/posts"}],"about":[{"href":"https:\/\/www.richardappelbom.se\/index.php\/wp-json\/wp\/v2\/types\/post"}],"author":[{"embeddable":true,"href":"https:\/\/www.richardappelbom.se\/index.php\/wp-json\/wp\/v2\/users\/1"}],"replies":[{"embeddable":true,"href":"https:\/\/www.richardappelbom.se\/index.php\/wp-json\/wp\/v2\/comments?post=105"}],"version-history":[{"count":3,"href":"https:\/\/www.richardappelbom.se\/index.php\/wp-json\/wp\/v2\/posts\/105\/revisions"}],"predecessor-version":[{"id":109,"href":"https:\/\/www.richardappelbom.se\/index.php\/wp-json\/wp\/v2\/posts\/105\/revisions\/109"}],"wp:attachment":[{"href":"https:\/\/www.richardappelbom.se\/index.php\/wp-json\/wp\/v2\/media?parent=105"}],"wp:term":[{"taxonomy":"category","embeddable":true,"href":"https:\/\/www.richardappelbom.se\/index.php\/wp-json\/wp\/v2\/categories?post=105"},{"taxonomy":"post_tag","embeddable":true,"href":"https:\/\/www.richardappelbom.se\/index.php\/wp-json\/wp\/v2\/tags?post=105"}],"curies":[{"name":"wp","href":"https:\/\/api.w.org\/{rel}","templated":true}]}}