{"id":116,"date":"2020-02-08T11:40:21","date_gmt":"2020-02-08T11:40:21","guid":{"rendered":"https:\/\/www.richardappelbom.se\/?p=116"},"modified":"2020-02-08T11:55:36","modified_gmt":"2020-02-08T11:55:36","slug":"rostrakningsstrul-hotar-iowas-plats-i-usas-valkamp","status":"publish","type":"post","link":"https:\/\/www.richardappelbom.se\/index.php\/2020\/02\/08\/rostrakningsstrul-hotar-iowas-plats-i-usas-valkamp\/","title":{"rendered":"R\u00f6str\u00e4kningsstrul hotar Iowas plats i USA:s valkamp"},"content":{"rendered":"\n<figure class=\"wp-block-image size-large is-resized\"><img loading=\"lazy\" decoding=\"async\" src=\"https:\/\/www.richardappelbom.se\/wp-content\/uploads\/2020\/02\/Iowa.png\" alt=\"\" class=\"wp-image-117\" width=\"563\" height=\"369\"\/><\/figure>\n\n\n\n<p>F\u00e5r Iowa forts\u00e4tta sina veckor i v\u00e4rldspolitikens centrum?<\/p>\n\n\n\n<p><\/p>\n\n\n<p><!--StartFragment--><\/p>\n\n\n<p>Det tog en l\u00e5ng tid att f\u00e5 ett resultat i Iowa. \u00c4n en g\u00e5ng\nblev det strul med r\u00f6str\u00e4kningen i USA. <\/p>\n\n\n\n<p>Pengar spelar f\u00f6r all del ocks\u00e5 roll. Det var gott om reklam p\u00e5 tv, radio och i sociala medier. D\u00e4remot har \u201drobotsamtal\u201d minskat, d\u00e5 f\u00e4rre har fasta telefoner.<\/p>\n\n\n\n<p> I det gruppfixerade USA f\u00e5r Iowa kritik f\u00f6r att vara f\u00f6r \u201dvitt\u201d. Men hudf\u00e4rgen hindrade inte v\u00e4ljarna fr\u00e5n att ge Barack Obama ett starkt st\u00f6d 2008.<\/p>\n\n\n\n<p>Den stora f\u00f6rdelen \u00e4r att kandidaterna beh\u00f6ver tr\u00e4ffa riktiga v\u00e4ljare och svara p\u00e5 fr\u00e5gor p\u00e5 massor av m\u00f6ten. Det g\u00f6r politiken mer levande och ger kandidaterna v\u00e4rdefulla erfarenheter. Det vore tr\u00e5kigt om r\u00f6str\u00e4kningsstrulet g\u00f6r att Iowa f\u00f6rlorar sin plats i b\u00f6rjan p\u00e5 kampanjen.<\/p>\n\n\n\n<p>Det handlar ocks\u00e5 om avv\u00e4gningen mellan nomineringsm\u00f6ten, som det \u00e4r i Iowa, och prim\u00e4rval. Nomineringsm\u00f6ten \u00e4ger rum p\u00e5 kv\u00e4llen, och deltagarna beh\u00f6ver \u00f6ppet visa vem de st\u00f6der. Det ger l\u00e4gre deltagande, d\u00e5 f\u00e4rre kan eller vill s\u00e4tta av n\u00e5gra kv\u00e4llstimmar j\u00e4mf\u00f6rt med att r\u00f6sta i en vallokal.<\/p>\n\n\n\n<p>Prim\u00e4rval \u00e4r som vanliga val, v\u00e4ljarna g\u00e5r till en r\u00f6stlokal och avger en hemlig r\u00f6st. i b\u00e5da fallen kan det bli  med vilka som f\u00e5r r\u00f6sta. I USA beh\u00f6ver v\u00e4ljarna registrera sig, de f\u00e5r d\u00e5 v\u00e4lja mellan demokrat, republikan eller oberoende. <\/p>\n\n\n\n<p>Delstaterna har olika regler f\u00f6r vilka som f\u00e5r r\u00f6sta p\u00e5 nomineringsm\u00f6ten och i prim\u00e4rval. Ska alla f\u00e5 alla r\u00f6sta p\u00e5 alla kandidater eller g\u00f6ra det l\u00e4tt att p\u00e5 valdagen \u00e4ndra sin partiregistrering. Eller ska bara de som registrerat sig f\u00f6r ett parti f\u00e5 delta i det partiets val. Ska oberoende f\u00e5 r\u00f6sta? gener\u00f6sa regler kan \u00f6ka valdeltagandet, men ger mer utrymme f\u00f6r &#8220;negativ taktikr\u00f6stande&#8221;. Republikanska sympatis\u00f6rer kan g\u00e5 och r\u00f6sta p\u00e5 den som de tror skulle bli den svagaste utmanaren till president Trump.<\/p>\n\n\n\n<p>Prim\u00e4rval b\u00f6r vara huvudregeln, men nomineringsm\u00f6ten borde f\u00e5 vara kvar p\u00e5 n\u00e5gra h\u00e5ll f\u00f6r att ge de mer aktiva, de som \u00e4r k\u00e4rnan i partierna lite st\u00f6rre utrymme att p\u00e5verka valet av partiets kandidat. N\u00e5gon form av begr\u00e4nsning \u00e4r ocks\u00e5 rimlig, registrerade republikaner b\u00f6r inte f\u00e5 r\u00f6sta i Demokraternas prim\u00e4rval och vice versa<\/p>\n\n\n\n<p>Republikanerna p\u00e5minner nu mest om en hejaklack f\u00f6r Donald Trump, trots riksr\u00e4tt, l\u00f6gner och gullande med auktorit\u00e4ra ledare. President Trump har faktiskt ett par utmanare, men ingen hade n\u00e5gon som helst chans p\u00e5 ans p\u00e5 Republikanernas nomineringsm\u00f6ten. Trump har tagit \u00f6ver och f\u00f6r\u00e4ndrat Republikanska partiet.<\/p>\n\n\n\n<p>Demokraterna \u00e4r&nbsp; splittrade. De \u00e4r eniga om att det viktigaste \u00e4r att kandidaten som kan besegra Donald Trump. Men \u00e4r en mer mitteninriktad eller n\u00e5gon med tydlig v\u00e4nsterprofil b\u00e4st? <\/p>\n\n\n\n<p>Det finns argument f\u00f6r b\u00e5da \u00e5sikterna. En tydlig profil kan lockas v\u00e4ljare som \u00e4r missn\u00f6jda och inte har r\u00f6stat eller missn\u00f6jesr\u00f6sta p\u00e5 Trump. En mer mitteninriktad politik kan vara acceptabel f\u00f6r fler. Mycket talar \u00e4ndp f\u00f6r att en mer m\u00e5ttfull kandidat har b\u00e4st f\u00f6ruts\u00e4ttningar. <\/p>\n\n\n\n<p>I Iowa gick det bra f\u00f6r Bernie Sanders (tydlig v\u00e4nster) och f\u00f6r den mer mitteninriktade Pete Buttigieg. Senatorerna Elisabeth Warren&nbsp; (v\u00e4nster) och Amy Klobuchar (mitten) klarade sig hyfsat, medan den tidigare favoriten Joe Biden gjorde ett d\u00e5ligt val.&nbsp; <\/p>\n\n\n<p><!--StartFragment--><\/p>\n\n\n<p>Sverige har lite sk\u00e4mtsamt beskrivits som den 51:a delstaten. Val i USA bevakas ofta b\u00e4ttre \u00e4n&nbsp; val i v\u00e5ra grannl\u00e4nder eller p\u00e5 andra h\u00e5ll i Europa. Men \u00e4r det f\u00f6r mycket om dramatik och om inrikespolitik?<\/p>\n\n\n\n<p>USA:s president har sv\u00e5rt att f\u00e5 igenom sin politik genom\nmaktdelningen med kongressen. D\u00e4rf\u00f6r b\u00f6r utspel och detaljerade f\u00f6rslag tas med\nen nypa salt.<\/p>\n\n\n\n<p>D\u00e4remot har presidenten mer makt n\u00e4r det handlar om utrikespolitik,\nsom det betyder mest f\u00f6r oss svenskar. Men de fr\u00e5gorna f\u00e5r s\u00e4llan, utom n\u00e4r det\np\u00e5g\u00e5r krig, stor uppm\u00e4rksamhet i valr\u00f6relsen.<\/p>\n\n\n\n<p><a href=\"https:\/\/foreignpolicy.com\/2020-election\/\">Demokraternas presidentkandidater<\/a> \u00e4r h\u00e4r \u00f6verens om mycket. De vill ta krafttag mot klimathotet, verka f\u00f6r en tv\u00e5statsl\u00f6sning med Israel och Palestina, h\u00e5lla fast vid k\u00e4rnenergiavtalet med Iran.<\/p>\n\n\n\n<p>De v\u00e4rnar Nato och samarbetet med demokratier, vilket \u00e4r mycket viktigt f\u00f6r Sverige. Kritiken mot Ryssland \u00e4r stark, Trump har inneburit ett skifte. Tidigare var Republikaner mer f\u00f6r en h\u00e5rd linje mot Ryssland\/Sovjet, nu \u00e4r alla Demokrater f\u00f6r sanktioner och aktioner mot Ryssland. Bernie Sanders har dock h\u00e4vdat att f\u00f6r att minska krigsrisken, b\u00f6r Nato avst\u00e5 fr\u00e5n att ta in nya medlemmar fr\u00e5n Rysslands n\u00e4romr\u00e5de.<\/p>\n\n\n\n<p>Flera vill ha tufft agerande om handel, s\u00e4rskilt mot Kina\noch menar att USA ska vara mer f\u00f6rsiktig med milit\u00e4ra insatser.<\/p>\n\n\n\n<p>Alla kandidater skulle i utrikespolitiken vara b\u00e4ttre \u00e4n Trump, men det skulle vara minst risk f\u00f6r tv\u00e4ra kast med mer mitteninriktade och erfarna som Biden eller Klobuchar.<\/p>\n","protected":false},"excerpt":{"rendered":"<p>F\u00e5r Iowa forts\u00e4tta sina veckor i v\u00e4rldspolitikens centrum? Det tog en l\u00e5ng tid att f\u00e5 ett resultat i Iowa. \u00c4n en g\u00e5ng blev det strul med r\u00f6str\u00e4kningen i USA. Pengar spelar f\u00f6r all del ocks\u00e5 roll. Det var gott om reklam p\u00e5 tv, radio och i sociala medier. D\u00e4remot har \u201drobotsamtal\u201d minskat, d\u00e5 f\u00e4rre har [&hellip;]<\/p>\n","protected":false},"author":1,"featured_media":0,"comment_status":"open","ping_status":"closed","sticky":false,"template":"","format":"standard","meta":{"_jetpack_memberships_contains_paid_content":false,"footnotes":""},"categories":[10],"tags":[],"class_list":["post-116","post","type-post","status-publish","format-standard","hentry","category-allman-inlagg"],"yoast_head":"<!-- This site is optimized with the Yoast SEO plugin v27.2 - https:\/\/yoast.com\/product\/yoast-seo-wordpress\/ -->\n<title>R\u00f6str\u00e4kningsstrul hotar Iowas plats i USA:s valkamp - Richard Appelbom<\/title>\n<meta name=\"description\" content=\"Tr\u00e5kigt om r\u00f6str\u00e4kningsstrul hotar att sm\u00e5 delstater b\u00f6rjar, det \u00e4r d\u00e4r kandidaterna tr\u00e4ffar riktiga v\u00e4ljare. Utrikespolitiken viktigast f\u00f6r svenskar\" \/>\n<meta name=\"robots\" content=\"index, follow, max-snippet:-1, max-image-preview:large, max-video-preview:-1\" \/>\n<link rel=\"canonical\" href=\"https:\/\/www.richardappelbom.se\/index.php\/2020\/02\/08\/rostrakningsstrul-hotar-iowas-plats-i-usas-valkamp\/\" \/>\n<meta property=\"og:locale\" content=\"en_US\" \/>\n<meta property=\"og:type\" content=\"article\" \/>\n<meta property=\"og:title\" content=\"R\u00f6str\u00e4kningsstrul hotar Iowas plats i USA:s valkamp - Richard Appelbom\" \/>\n<meta property=\"og:description\" content=\"Tr\u00e5kigt om r\u00f6str\u00e4kningsstrul hotar att sm\u00e5 delstater b\u00f6rjar, det \u00e4r d\u00e4r kandidaterna tr\u00e4ffar riktiga v\u00e4ljare. Utrikespolitiken viktigast f\u00f6r svenskar\" \/>\n<meta property=\"og:url\" content=\"https:\/\/www.richardappelbom.se\/index.php\/2020\/02\/08\/rostrakningsstrul-hotar-iowas-plats-i-usas-valkamp\/\" \/>\n<meta property=\"og:site_name\" content=\"Richard Appelbom\" \/>\n<meta property=\"article:publisher\" content=\"https:\/\/www.facebook.com\/rappelbom\" \/>\n<meta property=\"article:author\" content=\"https:\/\/www.facebook.com\/rappelbom\" \/>\n<meta property=\"article:published_time\" content=\"2020-02-08T11:40:21+00:00\" \/>\n<meta property=\"article:modified_time\" content=\"2020-02-08T11:55:36+00:00\" \/>\n<meta property=\"og:image\" content=\"https:\/\/www.richardappelbom.se\/wp-content\/uploads\/2020\/02\/Iowa.png\" \/>\n<meta name=\"author\" content=\"admin\" \/>\n<meta name=\"twitter:card\" content=\"summary_large_image\" \/>\n<meta name=\"twitter:creator\" content=\"@RichardAppelbom\" \/>\n<meta name=\"twitter:site\" content=\"@RichardAppelbom\" \/>\n<meta name=\"twitter:label1\" content=\"Written by\" \/>\n\t<meta name=\"twitter:data1\" content=\"admin\" \/>\n\t<meta name=\"twitter:label2\" content=\"Est. reading time\" \/>\n\t<meta name=\"twitter:data2\" content=\"5 minutes\" \/>\n<script type=\"application\/ld+json\" class=\"yoast-schema-graph\">{\"@context\":\"https:\/\/schema.org\",\"@graph\":[{\"@type\":\"Article\",\"@id\":\"https:\/\/www.richardappelbom.se\/index.php\/2020\/02\/08\/rostrakningsstrul-hotar-iowas-plats-i-usas-valkamp\/#article\",\"isPartOf\":{\"@id\":\"https:\/\/www.richardappelbom.se\/index.php\/2020\/02\/08\/rostrakningsstrul-hotar-iowas-plats-i-usas-valkamp\/\"},\"author\":{\"name\":\"admin\",\"@id\":\"https:\/\/www.richardappelbom.se\/#\/schema\/person\/98f55ffd095155d902e585f10999a15d\"},\"headline\":\"R\u00f6str\u00e4kningsstrul hotar Iowas plats i USA:s valkamp\",\"datePublished\":\"2020-02-08T11:40:21+00:00\",\"dateModified\":\"2020-02-08T11:55:36+00:00\",\"mainEntityOfPage\":{\"@id\":\"https:\/\/www.richardappelbom.se\/index.php\/2020\/02\/08\/rostrakningsstrul-hotar-iowas-plats-i-usas-valkamp\/\"},\"wordCount\":915,\"commentCount\":0,\"image\":{\"@id\":\"https:\/\/www.richardappelbom.se\/index.php\/2020\/02\/08\/rostrakningsstrul-hotar-iowas-plats-i-usas-valkamp\/#primaryimage\"},\"thumbnailUrl\":\"https:\/\/www.richardappelbom.se\/wp-content\/uploads\/2020\/02\/Iowa.png\",\"articleSection\":[\"Allm\u00e4n Posts\"],\"inLanguage\":\"en-US\",\"potentialAction\":[{\"@type\":\"CommentAction\",\"name\":\"Comment\",\"target\":[\"https:\/\/www.richardappelbom.se\/index.php\/2020\/02\/08\/rostrakningsstrul-hotar-iowas-plats-i-usas-valkamp\/#respond\"]}]},{\"@type\":\"WebPage\",\"@id\":\"https:\/\/www.richardappelbom.se\/index.php\/2020\/02\/08\/rostrakningsstrul-hotar-iowas-plats-i-usas-valkamp\/\",\"url\":\"https:\/\/www.richardappelbom.se\/index.php\/2020\/02\/08\/rostrakningsstrul-hotar-iowas-plats-i-usas-valkamp\/\",\"name\":\"R\u00f6str\u00e4kningsstrul hotar Iowas plats i USA:s valkamp - Richard Appelbom\",\"isPartOf\":{\"@id\":\"https:\/\/www.richardappelbom.se\/#website\"},\"primaryImageOfPage\":{\"@id\":\"https:\/\/www.richardappelbom.se\/index.php\/2020\/02\/08\/rostrakningsstrul-hotar-iowas-plats-i-usas-valkamp\/#primaryimage\"},\"image\":{\"@id\":\"https:\/\/www.richardappelbom.se\/index.php\/2020\/02\/08\/rostrakningsstrul-hotar-iowas-plats-i-usas-valkamp\/#primaryimage\"},\"thumbnailUrl\":\"https:\/\/www.richardappelbom.se\/wp-content\/uploads\/2020\/02\/Iowa.png\",\"datePublished\":\"2020-02-08T11:40:21+00:00\",\"dateModified\":\"2020-02-08T11:55:36+00:00\",\"author\":{\"@id\":\"https:\/\/www.richardappelbom.se\/#\/schema\/person\/98f55ffd095155d902e585f10999a15d\"},\"description\":\"Tr\u00e5kigt om r\u00f6str\u00e4kningsstrul hotar att sm\u00e5 delstater b\u00f6rjar, det \u00e4r d\u00e4r kandidaterna tr\u00e4ffar riktiga v\u00e4ljare. Utrikespolitiken viktigast f\u00f6r svenskar\",\"breadcrumb\":{\"@id\":\"https:\/\/www.richardappelbom.se\/index.php\/2020\/02\/08\/rostrakningsstrul-hotar-iowas-plats-i-usas-valkamp\/#breadcrumb\"},\"inLanguage\":\"en-US\",\"potentialAction\":[{\"@type\":\"ReadAction\",\"target\":[\"https:\/\/www.richardappelbom.se\/index.php\/2020\/02\/08\/rostrakningsstrul-hotar-iowas-plats-i-usas-valkamp\/\"]}]},{\"@type\":\"ImageObject\",\"inLanguage\":\"en-US\",\"@id\":\"https:\/\/www.richardappelbom.se\/index.php\/2020\/02\/08\/rostrakningsstrul-hotar-iowas-plats-i-usas-valkamp\/#primaryimage\",\"url\":\"https:\/\/www.richardappelbom.se\/wp-content\/uploads\/2020\/02\/Iowa.png\",\"contentUrl\":\"https:\/\/www.richardappelbom.se\/wp-content\/uploads\/2020\/02\/Iowa.png\",\"width\":278,\"height\":182},{\"@type\":\"BreadcrumbList\",\"@id\":\"https:\/\/www.richardappelbom.se\/index.php\/2020\/02\/08\/rostrakningsstrul-hotar-iowas-plats-i-usas-valkamp\/#breadcrumb\",\"itemListElement\":[{\"@type\":\"ListItem\",\"position\":1,\"name\":\"Home\",\"item\":\"https:\/\/www.richardappelbom.se\/\"},{\"@type\":\"ListItem\",\"position\":2,\"name\":\"R\u00f6str\u00e4kningsstrul hotar Iowas plats i USA:s valkamp\"}]},{\"@type\":\"WebSite\",\"@id\":\"https:\/\/www.richardappelbom.se\/#website\",\"url\":\"https:\/\/www.richardappelbom.se\/\",\"name\":\"Richard Appelbom\",\"description\":\"En blogg om val och valsystem\",\"potentialAction\":[{\"@type\":\"SearchAction\",\"target\":{\"@type\":\"EntryPoint\",\"urlTemplate\":\"https:\/\/www.richardappelbom.se\/?s={search_term_string}\"},\"query-input\":{\"@type\":\"PropertyValueSpecification\",\"valueRequired\":true,\"valueName\":\"search_term_string\"}}],\"inLanguage\":\"en-US\"},{\"@type\":\"Person\",\"@id\":\"https:\/\/www.richardappelbom.se\/#\/schema\/person\/98f55ffd095155d902e585f10999a15d\",\"name\":\"admin\",\"image\":{\"@type\":\"ImageObject\",\"inLanguage\":\"en-US\",\"@id\":\"https:\/\/secure.gravatar.com\/avatar\/480edd36f6cc3945e6b2db9fdc6f78df2a3fb98b7b27925b8d810863cfa537e7?s=96&d=mm&r=g\",\"url\":\"https:\/\/secure.gravatar.com\/avatar\/480edd36f6cc3945e6b2db9fdc6f78df2a3fb98b7b27925b8d810863cfa537e7?s=96&d=mm&r=g\",\"contentUrl\":\"https:\/\/secure.gravatar.com\/avatar\/480edd36f6cc3945e6b2db9fdc6f78df2a3fb98b7b27925b8d810863cfa537e7?s=96&d=mm&r=g\",\"caption\":\"admin\"},\"sameAs\":[\"https:\/\/www.facebook.com\/rappelbom\",\"https:\/\/twitter.com\/RichardAppelbom\"],\"url\":\"https:\/\/www.richardappelbom.se\/index.php\/author\/ra_j9l6616t\/\"}]}<\/script>\n<!-- \/ Yoast SEO plugin. -->","yoast_head_json":{"title":"R\u00f6str\u00e4kningsstrul hotar Iowas plats i USA:s valkamp - Richard Appelbom","description":"Tr\u00e5kigt om r\u00f6str\u00e4kningsstrul hotar att sm\u00e5 delstater b\u00f6rjar, det \u00e4r d\u00e4r kandidaterna tr\u00e4ffar riktiga v\u00e4ljare. Utrikespolitiken viktigast f\u00f6r svenskar","robots":{"index":"index","follow":"follow","max-snippet":"max-snippet:-1","max-image-preview":"max-image-preview:large","max-video-preview":"max-video-preview:-1"},"canonical":"https:\/\/www.richardappelbom.se\/index.php\/2020\/02\/08\/rostrakningsstrul-hotar-iowas-plats-i-usas-valkamp\/","og_locale":"en_US","og_type":"article","og_title":"R\u00f6str\u00e4kningsstrul hotar Iowas plats i USA:s valkamp - Richard Appelbom","og_description":"Tr\u00e5kigt om r\u00f6str\u00e4kningsstrul hotar att sm\u00e5 delstater b\u00f6rjar, det \u00e4r d\u00e4r kandidaterna tr\u00e4ffar riktiga v\u00e4ljare. Utrikespolitiken viktigast f\u00f6r svenskar","og_url":"https:\/\/www.richardappelbom.se\/index.php\/2020\/02\/08\/rostrakningsstrul-hotar-iowas-plats-i-usas-valkamp\/","og_site_name":"Richard Appelbom","article_publisher":"https:\/\/www.facebook.com\/rappelbom","article_author":"https:\/\/www.facebook.com\/rappelbom","article_published_time":"2020-02-08T11:40:21+00:00","article_modified_time":"2020-02-08T11:55:36+00:00","og_image":[{"url":"https:\/\/www.richardappelbom.se\/wp-content\/uploads\/2020\/02\/Iowa.png","type":"","width":"","height":""}],"author":"admin","twitter_card":"summary_large_image","twitter_creator":"@RichardAppelbom","twitter_site":"@RichardAppelbom","twitter_misc":{"Written by":"admin","Est. reading time":"5 minutes"},"schema":{"@context":"https:\/\/schema.org","@graph":[{"@type":"Article","@id":"https:\/\/www.richardappelbom.se\/index.php\/2020\/02\/08\/rostrakningsstrul-hotar-iowas-plats-i-usas-valkamp\/#article","isPartOf":{"@id":"https:\/\/www.richardappelbom.se\/index.php\/2020\/02\/08\/rostrakningsstrul-hotar-iowas-plats-i-usas-valkamp\/"},"author":{"name":"admin","@id":"https:\/\/www.richardappelbom.se\/#\/schema\/person\/98f55ffd095155d902e585f10999a15d"},"headline":"R\u00f6str\u00e4kningsstrul hotar Iowas plats i USA:s valkamp","datePublished":"2020-02-08T11:40:21+00:00","dateModified":"2020-02-08T11:55:36+00:00","mainEntityOfPage":{"@id":"https:\/\/www.richardappelbom.se\/index.php\/2020\/02\/08\/rostrakningsstrul-hotar-iowas-plats-i-usas-valkamp\/"},"wordCount":915,"commentCount":0,"image":{"@id":"https:\/\/www.richardappelbom.se\/index.php\/2020\/02\/08\/rostrakningsstrul-hotar-iowas-plats-i-usas-valkamp\/#primaryimage"},"thumbnailUrl":"https:\/\/www.richardappelbom.se\/wp-content\/uploads\/2020\/02\/Iowa.png","articleSection":["Allm\u00e4n Posts"],"inLanguage":"en-US","potentialAction":[{"@type":"CommentAction","name":"Comment","target":["https:\/\/www.richardappelbom.se\/index.php\/2020\/02\/08\/rostrakningsstrul-hotar-iowas-plats-i-usas-valkamp\/#respond"]}]},{"@type":"WebPage","@id":"https:\/\/www.richardappelbom.se\/index.php\/2020\/02\/08\/rostrakningsstrul-hotar-iowas-plats-i-usas-valkamp\/","url":"https:\/\/www.richardappelbom.se\/index.php\/2020\/02\/08\/rostrakningsstrul-hotar-iowas-plats-i-usas-valkamp\/","name":"R\u00f6str\u00e4kningsstrul hotar Iowas plats i USA:s valkamp - Richard Appelbom","isPartOf":{"@id":"https:\/\/www.richardappelbom.se\/#website"},"primaryImageOfPage":{"@id":"https:\/\/www.richardappelbom.se\/index.php\/2020\/02\/08\/rostrakningsstrul-hotar-iowas-plats-i-usas-valkamp\/#primaryimage"},"image":{"@id":"https:\/\/www.richardappelbom.se\/index.php\/2020\/02\/08\/rostrakningsstrul-hotar-iowas-plats-i-usas-valkamp\/#primaryimage"},"thumbnailUrl":"https:\/\/www.richardappelbom.se\/wp-content\/uploads\/2020\/02\/Iowa.png","datePublished":"2020-02-08T11:40:21+00:00","dateModified":"2020-02-08T11:55:36+00:00","author":{"@id":"https:\/\/www.richardappelbom.se\/#\/schema\/person\/98f55ffd095155d902e585f10999a15d"},"description":"Tr\u00e5kigt om r\u00f6str\u00e4kningsstrul hotar att sm\u00e5 delstater b\u00f6rjar, det \u00e4r d\u00e4r kandidaterna tr\u00e4ffar riktiga v\u00e4ljare. Utrikespolitiken viktigast f\u00f6r svenskar","breadcrumb":{"@id":"https:\/\/www.richardappelbom.se\/index.php\/2020\/02\/08\/rostrakningsstrul-hotar-iowas-plats-i-usas-valkamp\/#breadcrumb"},"inLanguage":"en-US","potentialAction":[{"@type":"ReadAction","target":["https:\/\/www.richardappelbom.se\/index.php\/2020\/02\/08\/rostrakningsstrul-hotar-iowas-plats-i-usas-valkamp\/"]}]},{"@type":"ImageObject","inLanguage":"en-US","@id":"https:\/\/www.richardappelbom.se\/index.php\/2020\/02\/08\/rostrakningsstrul-hotar-iowas-plats-i-usas-valkamp\/#primaryimage","url":"https:\/\/www.richardappelbom.se\/wp-content\/uploads\/2020\/02\/Iowa.png","contentUrl":"https:\/\/www.richardappelbom.se\/wp-content\/uploads\/2020\/02\/Iowa.png","width":278,"height":182},{"@type":"BreadcrumbList","@id":"https:\/\/www.richardappelbom.se\/index.php\/2020\/02\/08\/rostrakningsstrul-hotar-iowas-plats-i-usas-valkamp\/#breadcrumb","itemListElement":[{"@type":"ListItem","position":1,"name":"Home","item":"https:\/\/www.richardappelbom.se\/"},{"@type":"ListItem","position":2,"name":"R\u00f6str\u00e4kningsstrul hotar Iowas plats i USA:s valkamp"}]},{"@type":"WebSite","@id":"https:\/\/www.richardappelbom.se\/#website","url":"https:\/\/www.richardappelbom.se\/","name":"Richard Appelbom","description":"En blogg om val och valsystem","potentialAction":[{"@type":"SearchAction","target":{"@type":"EntryPoint","urlTemplate":"https:\/\/www.richardappelbom.se\/?s={search_term_string}"},"query-input":{"@type":"PropertyValueSpecification","valueRequired":true,"valueName":"search_term_string"}}],"inLanguage":"en-US"},{"@type":"Person","@id":"https:\/\/www.richardappelbom.se\/#\/schema\/person\/98f55ffd095155d902e585f10999a15d","name":"admin","image":{"@type":"ImageObject","inLanguage":"en-US","@id":"https:\/\/secure.gravatar.com\/avatar\/480edd36f6cc3945e6b2db9fdc6f78df2a3fb98b7b27925b8d810863cfa537e7?s=96&d=mm&r=g","url":"https:\/\/secure.gravatar.com\/avatar\/480edd36f6cc3945e6b2db9fdc6f78df2a3fb98b7b27925b8d810863cfa537e7?s=96&d=mm&r=g","contentUrl":"https:\/\/secure.gravatar.com\/avatar\/480edd36f6cc3945e6b2db9fdc6f78df2a3fb98b7b27925b8d810863cfa537e7?s=96&d=mm&r=g","caption":"admin"},"sameAs":["https:\/\/www.facebook.com\/rappelbom","https:\/\/twitter.com\/RichardAppelbom"],"url":"https:\/\/www.richardappelbom.se\/index.php\/author\/ra_j9l6616t\/"}]}},"jetpack_featured_media_url":"","jetpack_sharing_enabled":true,"_links":{"self":[{"href":"https:\/\/www.richardappelbom.se\/index.php\/wp-json\/wp\/v2\/posts\/116","targetHints":{"allow":["GET"]}}],"collection":[{"href":"https:\/\/www.richardappelbom.se\/index.php\/wp-json\/wp\/v2\/posts"}],"about":[{"href":"https:\/\/www.richardappelbom.se\/index.php\/wp-json\/wp\/v2\/types\/post"}],"author":[{"embeddable":true,"href":"https:\/\/www.richardappelbom.se\/index.php\/wp-json\/wp\/v2\/users\/1"}],"replies":[{"embeddable":true,"href":"https:\/\/www.richardappelbom.se\/index.php\/wp-json\/wp\/v2\/comments?post=116"}],"version-history":[{"count":2,"href":"https:\/\/www.richardappelbom.se\/index.php\/wp-json\/wp\/v2\/posts\/116\/revisions"}],"predecessor-version":[{"id":119,"href":"https:\/\/www.richardappelbom.se\/index.php\/wp-json\/wp\/v2\/posts\/116\/revisions\/119"}],"wp:attachment":[{"href":"https:\/\/www.richardappelbom.se\/index.php\/wp-json\/wp\/v2\/media?parent=116"}],"wp:term":[{"taxonomy":"category","embeddable":true,"href":"https:\/\/www.richardappelbom.se\/index.php\/wp-json\/wp\/v2\/categories?post=116"},{"taxonomy":"post_tag","embeddable":true,"href":"https:\/\/www.richardappelbom.se\/index.php\/wp-json\/wp\/v2\/tags?post=116"}],"curies":[{"name":"wp","href":"https:\/\/api.w.org\/{rel}","templated":true}]}}