{"id":151,"date":"2020-10-28T18:55:59","date_gmt":"2020-10-28T18:55:59","guid":{"rendered":"https:\/\/www.richardappelbom.se\/?p=151"},"modified":"2020-10-28T18:56:00","modified_gmt":"2020-10-28T18:56:00","slug":"parlamentsval-i-litauen","status":"publish","type":"post","link":"https:\/\/www.richardappelbom.se\/index.php\/2020\/10\/28\/parlamentsval-i-litauen\/","title":{"rendered":"M\u00e5nga r\u00f6ster utan p\u00e5verkan i Litauens hybridsystem"},"content":{"rendered":"\n<figure class=\"wp-block-image size-large is-resized\"><img loading=\"lazy\" decoding=\"async\" src=\"https:\/\/www.richardappelbom.se\/wp-content\/uploads\/2020\/10\/val-litauen.jpg\" alt=\"\" class=\"wp-image-152\" width=\"578\" height=\"338\"\/><figcaption>Parlamentshuset i Vilnius Litauen Wikipedia<\/figcaption><\/figure>\n\n\n\n<p><a href=\"https:\/\/en.wikipedia.org\/wiki\/2020_Lithuanian_parliamentary_election\">Parlamentsvalet i Litauen<\/a> blev en <a href=\"https:\/\/svenska.yle.fi\/artikel\/2020\/10\/26\/hogeroppositionen-vann-parlamentsvalet-i-litauen-kristdemokraternas-ingrida\">stor framg\u00e5ng<\/a> f\u00f6r  konservativa Kristdemokratiska Fosterlandsf\u00f6rbundet och ett nederlag f\u00f6r styrande Bonde- och Milj\u00f6partiet.<\/p>\n\n\n\n<p>I Litauen har en blandning av parlamentarism och presidentstyre. Presidenten styr \u00f6ver utrikes- och s\u00e4kerhetspolitik. Det finns en stabil majoritet f\u00f6r EU- och Natov\u00e4nliga partier. Majoriteten st\u00e5r till h\u00f6ger om mitten.<\/p>\n\n\n\n<p>Skillnaden mellan storst\u00e4der och land g\u00e5r igen ocks\u00e5 i Litauen. Fosterlandsf\u00f6rbundet har starkare st\u00f6d i storst\u00e4der, medan Bonde- och Milj\u00f6partiet st\u00e5r starkare p\u00e5 landsbygden och bland \u00e4ldre.<\/p>\n\n\n\n<p>Valsystemet \u00e4r en blandning av  71 enpersonsvalkretsar i tv\u00e5 omg\u00e5ngar och  70 proportionellt f\u00f6rdelade mandat d\u00e4r hela landet \u00e4r en valkrets. Ett parti beh\u00f6ver fem procent, eller sju f\u00f6r valkoalitioner, f\u00f6r att f\u00e5 n\u00e5gra av de proportionella mandaten<\/p>\n\n\n\n<p>Liknande valsystem finns eller har funnits i flera postkommunistiska l\u00e4nder, och kan ses som en kompromiss mellan val i enpersonsvalkretsar och proportionella val. Det \u00e4r dock en d\u00e5lig kompromiss.<\/p>\n\n\n\n<p>B\u00e4ttre \u00e4r i s\u00e5 fall att som i Tyskland ha enpersonsvalkretsar och utj\u00e4mningsmandat. S\u00e5 l\u00e4nge ett parti klarar sp\u00e4rren p\u00e5 fem procent kompenserar utj\u00e4mningsmandaten f\u00f6r \u00f6verrepresentation f\u00f6r st\u00f6rre partier i enpersonsvalkretsarna.<\/p>\n\n\n\n<p>Den litauiska blandmodellen gynnar st\u00f6rre partier. De f\u00e5r m\u00e5nga mandat b\u00e5de i den proportionella delen och i enpersonsvalkretsarna. I synnerhet n\u00e4r det som i Litauen finns en femprocentssp\u00e4rr och m\u00e5nga sm\u00e5 partier. <\/p>\n\n\n\n<p>Fosterlandspartiet fick 25,7 procent av r\u00f6sterna, men 35 procent av mandaten. De fick 37 procent av mandaten i enpersonsvalkretsarna och 32 procent av de proportionella mandaten. L\u00e4tt att inse att ett stort parti gynnas i enpersonsvalkretsar, men varf\u00f6r ocks\u00e5 i de proportionella mandaten?<\/p>\n\n\n\n<p>Det beror p\u00e5 att m\u00e5nga partier inte klarade femprocentsgr\u00e4nsen. 20,31 procent av v\u00e4ljarna r\u00f6stade p\u00e5 partier som inte klarade sp\u00e4rren. Deras r\u00f6ster var &#8220;bortkastade&#8221; och p\u00e5verkade inte f\u00f6rdelningen av de proportionella mandaten.<\/p>\n\n\n\n<p>D\u00e4remot lyckades faktiskt n\u00e5gra av de mindre partierna vinna enpersonsvalkretsar. Det kan ske genom att de i andra omg\u00e5ngen kan bilda allianser, har ett starkt st\u00f6d i n\u00e5gon del av landet eller i n\u00e5gon valkrets har en mycket r\u00f6stdragande kandidat. Den polska minoritetspartiet AWPL missade sp\u00e4rren mycket knappt (4,97 procent) men kunde genom att dess v\u00e4ljare bor samlat vinna tre enpersonsvalkretsar.<\/p>\n\n\n\n<p>I ett land d\u00e4r partierna \u00e4r \u00f6verens om mycket och inget stort parti hotar demokratin \u00e4r nackdelarna med systemet inte avg\u00f6rande, \u00e4ven om det \u00e4r st\u00f6tande att r\u00f6sterna har s\u00e5 olika betydelse. Men om ett parti vill roffa \u00e5t sig makten \u00e4r det angel\u00e4get att ett s\u00e5dant parti inte, som har skett i Polen och Ungern, f\u00e5r egen majoritet av mandaten utan att ha en majoritet av v\u00e4ljarna bakom sig. <\/p>\n","protected":false},"excerpt":{"rendered":"<p>Parlamentsvalet i Litauen blev en stor framg\u00e5ng f\u00f6r konservativa Kristdemokratiska Fosterlandsf\u00f6rbundet och ett nederlag f\u00f6r styrande Bonde- och Milj\u00f6partiet. I Litauen har en blandning av parlamentarism och presidentstyre. Presidenten styr \u00f6ver utrikes- och s\u00e4kerhetspolitik. Det finns en stabil majoritet f\u00f6r EU- och Natov\u00e4nliga partier. Majoriteten st\u00e5r till h\u00f6ger om mitten. Skillnaden mellan storst\u00e4der och land [&hellip;]<\/p>\n","protected":false},"author":1,"featured_media":0,"comment_status":"open","ping_status":"closed","sticky":false,"template":"","format":"standard","meta":{"_jetpack_memberships_contains_paid_content":false,"footnotes":""},"categories":[10],"tags":[],"class_list":["post-151","post","type-post","status-publish","format-standard","hentry","category-allman-inlagg"],"yoast_head":"<!-- This site is optimized with the Yoast SEO plugin v27.2 - https:\/\/yoast.com\/product\/yoast-seo-wordpress\/ -->\n<title>M\u00e5nga r\u00f6ster utan p\u00e5verkan i Litauens hybridsystem - Richard Appelbom<\/title>\n<meta name=\"description\" content=\"Liatuens valsystem \u00e4r en d\u00e5lig hybrid. Det gynnar st\u00f6rre partier och var femte r\u00f6st var &quot;bortkastad&quot; %\" \/>\n<meta name=\"robots\" content=\"index, follow, max-snippet:-1, max-image-preview:large, max-video-preview:-1\" \/>\n<link rel=\"canonical\" href=\"https:\/\/www.richardappelbom.se\/index.php\/2020\/10\/28\/parlamentsval-i-litauen\/\" \/>\n<meta property=\"og:locale\" content=\"en_US\" \/>\n<meta property=\"og:type\" content=\"article\" \/>\n<meta property=\"og:title\" content=\"M\u00e5nga r\u00f6ster utan p\u00e5verkan i Litauens hybridsystem - Richard Appelbom\" \/>\n<meta property=\"og:description\" content=\"Liatuens valsystem \u00e4r en d\u00e5lig hybrid. Det gynnar st\u00f6rre partier och var femte r\u00f6st var &quot;bortkastad&quot; %\" \/>\n<meta property=\"og:url\" content=\"https:\/\/www.richardappelbom.se\/index.php\/2020\/10\/28\/parlamentsval-i-litauen\/\" \/>\n<meta property=\"og:site_name\" content=\"Richard Appelbom\" \/>\n<meta property=\"article:publisher\" content=\"https:\/\/www.facebook.com\/rappelbom\" \/>\n<meta property=\"article:author\" content=\"https:\/\/www.facebook.com\/rappelbom\" \/>\n<meta property=\"article:published_time\" content=\"2020-10-28T18:55:59+00:00\" \/>\n<meta property=\"article:modified_time\" content=\"2020-10-28T18:56:00+00:00\" \/>\n<meta property=\"og:image\" content=\"https:\/\/www.richardappelbom.se\/wp-content\/uploads\/2020\/10\/val-litauen.jpg\" \/>\n<meta name=\"author\" content=\"admin\" \/>\n<meta name=\"twitter:card\" content=\"summary_large_image\" \/>\n<meta name=\"twitter:creator\" content=\"@RichardAppelbom\" \/>\n<meta name=\"twitter:site\" content=\"@RichardAppelbom\" \/>\n<meta name=\"twitter:label1\" content=\"Written by\" \/>\n\t<meta name=\"twitter:data1\" content=\"admin\" \/>\n\t<meta name=\"twitter:label2\" content=\"Est. reading time\" \/>\n\t<meta name=\"twitter:data2\" content=\"2 minutes\" \/>\n<script type=\"application\/ld+json\" class=\"yoast-schema-graph\">{\"@context\":\"https:\/\/schema.org\",\"@graph\":[{\"@type\":\"Article\",\"@id\":\"https:\/\/www.richardappelbom.se\/index.php\/2020\/10\/28\/parlamentsval-i-litauen\/#article\",\"isPartOf\":{\"@id\":\"https:\/\/www.richardappelbom.se\/index.php\/2020\/10\/28\/parlamentsval-i-litauen\/\"},\"author\":{\"name\":\"admin\",\"@id\":\"https:\/\/www.richardappelbom.se\/#\/schema\/person\/98f55ffd095155d902e585f10999a15d\"},\"headline\":\"M\u00e5nga r\u00f6ster utan p\u00e5verkan i Litauens hybridsystem\",\"datePublished\":\"2020-10-28T18:55:59+00:00\",\"dateModified\":\"2020-10-28T18:56:00+00:00\",\"mainEntityOfPage\":{\"@id\":\"https:\/\/www.richardappelbom.se\/index.php\/2020\/10\/28\/parlamentsval-i-litauen\/\"},\"wordCount\":489,\"commentCount\":0,\"image\":{\"@id\":\"https:\/\/www.richardappelbom.se\/index.php\/2020\/10\/28\/parlamentsval-i-litauen\/#primaryimage\"},\"thumbnailUrl\":\"https:\/\/www.richardappelbom.se\/wp-content\/uploads\/2020\/10\/val-litauen.jpg\",\"articleSection\":[\"Allm\u00e4n Posts\"],\"inLanguage\":\"en-US\",\"potentialAction\":[{\"@type\":\"CommentAction\",\"name\":\"Comment\",\"target\":[\"https:\/\/www.richardappelbom.se\/index.php\/2020\/10\/28\/parlamentsval-i-litauen\/#respond\"]}]},{\"@type\":\"WebPage\",\"@id\":\"https:\/\/www.richardappelbom.se\/index.php\/2020\/10\/28\/parlamentsval-i-litauen\/\",\"url\":\"https:\/\/www.richardappelbom.se\/index.php\/2020\/10\/28\/parlamentsval-i-litauen\/\",\"name\":\"M\u00e5nga r\u00f6ster utan p\u00e5verkan i Litauens hybridsystem - Richard Appelbom\",\"isPartOf\":{\"@id\":\"https:\/\/www.richardappelbom.se\/#website\"},\"primaryImageOfPage\":{\"@id\":\"https:\/\/www.richardappelbom.se\/index.php\/2020\/10\/28\/parlamentsval-i-litauen\/#primaryimage\"},\"image\":{\"@id\":\"https:\/\/www.richardappelbom.se\/index.php\/2020\/10\/28\/parlamentsval-i-litauen\/#primaryimage\"},\"thumbnailUrl\":\"https:\/\/www.richardappelbom.se\/wp-content\/uploads\/2020\/10\/val-litauen.jpg\",\"datePublished\":\"2020-10-28T18:55:59+00:00\",\"dateModified\":\"2020-10-28T18:56:00+00:00\",\"author\":{\"@id\":\"https:\/\/www.richardappelbom.se\/#\/schema\/person\/98f55ffd095155d902e585f10999a15d\"},\"description\":\"Liatuens valsystem \u00e4r en d\u00e5lig hybrid. Det gynnar st\u00f6rre partier och var femte r\u00f6st var \\\"bortkastad\\\" %\",\"breadcrumb\":{\"@id\":\"https:\/\/www.richardappelbom.se\/index.php\/2020\/10\/28\/parlamentsval-i-litauen\/#breadcrumb\"},\"inLanguage\":\"en-US\",\"potentialAction\":[{\"@type\":\"ReadAction\",\"target\":[\"https:\/\/www.richardappelbom.se\/index.php\/2020\/10\/28\/parlamentsval-i-litauen\/\"]}]},{\"@type\":\"ImageObject\",\"inLanguage\":\"en-US\",\"@id\":\"https:\/\/www.richardappelbom.se\/index.php\/2020\/10\/28\/parlamentsval-i-litauen\/#primaryimage\",\"url\":\"https:\/\/www.richardappelbom.se\/wp-content\/uploads\/2020\/10\/val-litauen.jpg\",\"contentUrl\":\"https:\/\/www.richardappelbom.se\/wp-content\/uploads\/2020\/10\/val-litauen.jpg\",\"width\":294,\"height\":172},{\"@type\":\"BreadcrumbList\",\"@id\":\"https:\/\/www.richardappelbom.se\/index.php\/2020\/10\/28\/parlamentsval-i-litauen\/#breadcrumb\",\"itemListElement\":[{\"@type\":\"ListItem\",\"position\":1,\"name\":\"Home\",\"item\":\"https:\/\/www.richardappelbom.se\/\"},{\"@type\":\"ListItem\",\"position\":2,\"name\":\"M\u00e5nga r\u00f6ster utan p\u00e5verkan i Litauens hybridsystem\"}]},{\"@type\":\"WebSite\",\"@id\":\"https:\/\/www.richardappelbom.se\/#website\",\"url\":\"https:\/\/www.richardappelbom.se\/\",\"name\":\"Richard Appelbom\",\"description\":\"En blogg om val och valsystem\",\"potentialAction\":[{\"@type\":\"SearchAction\",\"target\":{\"@type\":\"EntryPoint\",\"urlTemplate\":\"https:\/\/www.richardappelbom.se\/?s={search_term_string}\"},\"query-input\":{\"@type\":\"PropertyValueSpecification\",\"valueRequired\":true,\"valueName\":\"search_term_string\"}}],\"inLanguage\":\"en-US\"},{\"@type\":\"Person\",\"@id\":\"https:\/\/www.richardappelbom.se\/#\/schema\/person\/98f55ffd095155d902e585f10999a15d\",\"name\":\"admin\",\"image\":{\"@type\":\"ImageObject\",\"inLanguage\":\"en-US\",\"@id\":\"https:\/\/secure.gravatar.com\/avatar\/480edd36f6cc3945e6b2db9fdc6f78df2a3fb98b7b27925b8d810863cfa537e7?s=96&d=mm&r=g\",\"url\":\"https:\/\/secure.gravatar.com\/avatar\/480edd36f6cc3945e6b2db9fdc6f78df2a3fb98b7b27925b8d810863cfa537e7?s=96&d=mm&r=g\",\"contentUrl\":\"https:\/\/secure.gravatar.com\/avatar\/480edd36f6cc3945e6b2db9fdc6f78df2a3fb98b7b27925b8d810863cfa537e7?s=96&d=mm&r=g\",\"caption\":\"admin\"},\"sameAs\":[\"https:\/\/www.facebook.com\/rappelbom\",\"https:\/\/twitter.com\/RichardAppelbom\"],\"url\":\"https:\/\/www.richardappelbom.se\/index.php\/author\/ra_j9l6616t\/\"}]}<\/script>\n<!-- \/ Yoast SEO plugin. -->","yoast_head_json":{"title":"M\u00e5nga r\u00f6ster utan p\u00e5verkan i Litauens hybridsystem - Richard Appelbom","description":"Liatuens valsystem \u00e4r en d\u00e5lig hybrid. Det gynnar st\u00f6rre partier och var femte r\u00f6st var \"bortkastad\" %","robots":{"index":"index","follow":"follow","max-snippet":"max-snippet:-1","max-image-preview":"max-image-preview:large","max-video-preview":"max-video-preview:-1"},"canonical":"https:\/\/www.richardappelbom.se\/index.php\/2020\/10\/28\/parlamentsval-i-litauen\/","og_locale":"en_US","og_type":"article","og_title":"M\u00e5nga r\u00f6ster utan p\u00e5verkan i Litauens hybridsystem - Richard Appelbom","og_description":"Liatuens valsystem \u00e4r en d\u00e5lig hybrid. Det gynnar st\u00f6rre partier och var femte r\u00f6st var \"bortkastad\" %","og_url":"https:\/\/www.richardappelbom.se\/index.php\/2020\/10\/28\/parlamentsval-i-litauen\/","og_site_name":"Richard Appelbom","article_publisher":"https:\/\/www.facebook.com\/rappelbom","article_author":"https:\/\/www.facebook.com\/rappelbom","article_published_time":"2020-10-28T18:55:59+00:00","article_modified_time":"2020-10-28T18:56:00+00:00","og_image":[{"url":"https:\/\/www.richardappelbom.se\/wp-content\/uploads\/2020\/10\/val-litauen.jpg","type":"","width":"","height":""}],"author":"admin","twitter_card":"summary_large_image","twitter_creator":"@RichardAppelbom","twitter_site":"@RichardAppelbom","twitter_misc":{"Written by":"admin","Est. reading time":"2 minutes"},"schema":{"@context":"https:\/\/schema.org","@graph":[{"@type":"Article","@id":"https:\/\/www.richardappelbom.se\/index.php\/2020\/10\/28\/parlamentsval-i-litauen\/#article","isPartOf":{"@id":"https:\/\/www.richardappelbom.se\/index.php\/2020\/10\/28\/parlamentsval-i-litauen\/"},"author":{"name":"admin","@id":"https:\/\/www.richardappelbom.se\/#\/schema\/person\/98f55ffd095155d902e585f10999a15d"},"headline":"M\u00e5nga r\u00f6ster utan p\u00e5verkan i Litauens hybridsystem","datePublished":"2020-10-28T18:55:59+00:00","dateModified":"2020-10-28T18:56:00+00:00","mainEntityOfPage":{"@id":"https:\/\/www.richardappelbom.se\/index.php\/2020\/10\/28\/parlamentsval-i-litauen\/"},"wordCount":489,"commentCount":0,"image":{"@id":"https:\/\/www.richardappelbom.se\/index.php\/2020\/10\/28\/parlamentsval-i-litauen\/#primaryimage"},"thumbnailUrl":"https:\/\/www.richardappelbom.se\/wp-content\/uploads\/2020\/10\/val-litauen.jpg","articleSection":["Allm\u00e4n Posts"],"inLanguage":"en-US","potentialAction":[{"@type":"CommentAction","name":"Comment","target":["https:\/\/www.richardappelbom.se\/index.php\/2020\/10\/28\/parlamentsval-i-litauen\/#respond"]}]},{"@type":"WebPage","@id":"https:\/\/www.richardappelbom.se\/index.php\/2020\/10\/28\/parlamentsval-i-litauen\/","url":"https:\/\/www.richardappelbom.se\/index.php\/2020\/10\/28\/parlamentsval-i-litauen\/","name":"M\u00e5nga r\u00f6ster utan p\u00e5verkan i Litauens hybridsystem - Richard Appelbom","isPartOf":{"@id":"https:\/\/www.richardappelbom.se\/#website"},"primaryImageOfPage":{"@id":"https:\/\/www.richardappelbom.se\/index.php\/2020\/10\/28\/parlamentsval-i-litauen\/#primaryimage"},"image":{"@id":"https:\/\/www.richardappelbom.se\/index.php\/2020\/10\/28\/parlamentsval-i-litauen\/#primaryimage"},"thumbnailUrl":"https:\/\/www.richardappelbom.se\/wp-content\/uploads\/2020\/10\/val-litauen.jpg","datePublished":"2020-10-28T18:55:59+00:00","dateModified":"2020-10-28T18:56:00+00:00","author":{"@id":"https:\/\/www.richardappelbom.se\/#\/schema\/person\/98f55ffd095155d902e585f10999a15d"},"description":"Liatuens valsystem \u00e4r en d\u00e5lig hybrid. Det gynnar st\u00f6rre partier och var femte r\u00f6st var \"bortkastad\" %","breadcrumb":{"@id":"https:\/\/www.richardappelbom.se\/index.php\/2020\/10\/28\/parlamentsval-i-litauen\/#breadcrumb"},"inLanguage":"en-US","potentialAction":[{"@type":"ReadAction","target":["https:\/\/www.richardappelbom.se\/index.php\/2020\/10\/28\/parlamentsval-i-litauen\/"]}]},{"@type":"ImageObject","inLanguage":"en-US","@id":"https:\/\/www.richardappelbom.se\/index.php\/2020\/10\/28\/parlamentsval-i-litauen\/#primaryimage","url":"https:\/\/www.richardappelbom.se\/wp-content\/uploads\/2020\/10\/val-litauen.jpg","contentUrl":"https:\/\/www.richardappelbom.se\/wp-content\/uploads\/2020\/10\/val-litauen.jpg","width":294,"height":172},{"@type":"BreadcrumbList","@id":"https:\/\/www.richardappelbom.se\/index.php\/2020\/10\/28\/parlamentsval-i-litauen\/#breadcrumb","itemListElement":[{"@type":"ListItem","position":1,"name":"Home","item":"https:\/\/www.richardappelbom.se\/"},{"@type":"ListItem","position":2,"name":"M\u00e5nga r\u00f6ster utan p\u00e5verkan i Litauens hybridsystem"}]},{"@type":"WebSite","@id":"https:\/\/www.richardappelbom.se\/#website","url":"https:\/\/www.richardappelbom.se\/","name":"Richard Appelbom","description":"En blogg om val och valsystem","potentialAction":[{"@type":"SearchAction","target":{"@type":"EntryPoint","urlTemplate":"https:\/\/www.richardappelbom.se\/?s={search_term_string}"},"query-input":{"@type":"PropertyValueSpecification","valueRequired":true,"valueName":"search_term_string"}}],"inLanguage":"en-US"},{"@type":"Person","@id":"https:\/\/www.richardappelbom.se\/#\/schema\/person\/98f55ffd095155d902e585f10999a15d","name":"admin","image":{"@type":"ImageObject","inLanguage":"en-US","@id":"https:\/\/secure.gravatar.com\/avatar\/480edd36f6cc3945e6b2db9fdc6f78df2a3fb98b7b27925b8d810863cfa537e7?s=96&d=mm&r=g","url":"https:\/\/secure.gravatar.com\/avatar\/480edd36f6cc3945e6b2db9fdc6f78df2a3fb98b7b27925b8d810863cfa537e7?s=96&d=mm&r=g","contentUrl":"https:\/\/secure.gravatar.com\/avatar\/480edd36f6cc3945e6b2db9fdc6f78df2a3fb98b7b27925b8d810863cfa537e7?s=96&d=mm&r=g","caption":"admin"},"sameAs":["https:\/\/www.facebook.com\/rappelbom","https:\/\/twitter.com\/RichardAppelbom"],"url":"https:\/\/www.richardappelbom.se\/index.php\/author\/ra_j9l6616t\/"}]}},"jetpack_featured_media_url":"","jetpack_sharing_enabled":true,"_links":{"self":[{"href":"https:\/\/www.richardappelbom.se\/index.php\/wp-json\/wp\/v2\/posts\/151","targetHints":{"allow":["GET"]}}],"collection":[{"href":"https:\/\/www.richardappelbom.se\/index.php\/wp-json\/wp\/v2\/posts"}],"about":[{"href":"https:\/\/www.richardappelbom.se\/index.php\/wp-json\/wp\/v2\/types\/post"}],"author":[{"embeddable":true,"href":"https:\/\/www.richardappelbom.se\/index.php\/wp-json\/wp\/v2\/users\/1"}],"replies":[{"embeddable":true,"href":"https:\/\/www.richardappelbom.se\/index.php\/wp-json\/wp\/v2\/comments?post=151"}],"version-history":[{"count":1,"href":"https:\/\/www.richardappelbom.se\/index.php\/wp-json\/wp\/v2\/posts\/151\/revisions"}],"predecessor-version":[{"id":153,"href":"https:\/\/www.richardappelbom.se\/index.php\/wp-json\/wp\/v2\/posts\/151\/revisions\/153"}],"wp:attachment":[{"href":"https:\/\/www.richardappelbom.se\/index.php\/wp-json\/wp\/v2\/media?parent=151"}],"wp:term":[{"taxonomy":"category","embeddable":true,"href":"https:\/\/www.richardappelbom.se\/index.php\/wp-json\/wp\/v2\/categories?post=151"},{"taxonomy":"post_tag","embeddable":true,"href":"https:\/\/www.richardappelbom.se\/index.php\/wp-json\/wp\/v2\/tags?post=151"}],"curies":[{"name":"wp","href":"https:\/\/api.w.org\/{rel}","templated":true}]}}