{"id":171,"date":"2021-02-16T10:11:59","date_gmt":"2021-02-16T10:11:59","guid":{"rendered":"https:\/\/www.richardappelbom.se\/?p=171"},"modified":"2021-02-16T10:12:00","modified_gmt":"2021-02-16T10:12:00","slug":"katalonien-ar-fortsatt-delat","status":"publish","type":"post","link":"https:\/\/www.richardappelbom.se\/index.php\/2021\/02\/16\/katalonien-ar-fortsatt-delat\/","title":{"rendered":"Katalonien \u00e4r fortsatt delat"},"content":{"rendered":"\n<figure class=\"wp-block-image size-large\"><img loading=\"lazy\" decoding=\"async\" width=\"800\" height=\"600\" src=\"https:\/\/www.richardappelbom.se\/wp-content\/uploads\/2021\/02\/Katalonien.jpg\" alt=\"\" class=\"wp-image-172\" srcset=\"https:\/\/www.richardappelbom.se\/wp-content\/uploads\/2021\/02\/Katalonien.jpg 800w, https:\/\/www.richardappelbom.se\/wp-content\/uploads\/2021\/02\/Katalonien-300x225.jpg 300w, https:\/\/www.richardappelbom.se\/wp-content\/uploads\/2021\/02\/Katalonien-768x576.jpg 768w\" sizes=\"auto, (max-width: 800px) 100vw, 800px\" \/><figcaption>Fr\u00e5gan om Katalonien ska l\u00e4mna Spanien \u00e4r fortsatt aktuell. Foto: Wikipedia commons<\/figcaption><\/figure>\n\n\n\n<p>I mandat blev regionvalet i Katalonien en klar seger f\u00f6r partier som vill att Katalonien ska bli en egen stat. Separatisterna fick <a href=\"https:\/\/resultados.elpais.com\/elecciones\/cataluna.html\">sammanlagt 74 av 135 mandat. <\/a><\/p>\n\n\n\n<p>I r\u00f6ster var det<a href=\"https:\/\/resultados.elpais.com\/elecciones\/cataluna.html\"> betydligt j\u00e4mnare<\/a>, 50,9 mot 48,3 f\u00f6r separatistpartierna. Det var \u00e4nd\u00e5 en framg\u00e5ng j\u00e4mf\u00f6rt med valet 2017, d\u00e5 en knapp majoritet i st\u00e4llet r\u00f6stade p\u00e5 partier som vill bevara banden med Spanien.<\/p>\n\n\n\n<p>Valdeltagandet var dock mycket l\u00e4gre, 53 procent mot 79 procent 2017. Det berodde troligen fr\u00e4mst p\u00e5 Coronapandemin, men det g\u00f6r resultatet mer sv\u00e5rtolkat n\u00e4r det g\u00e4ller sepratismen. N\u00e4stan varannan v\u00e4ljare avstod fr\u00e5n att r\u00f6sta.<\/p>\n\n\n\n<p>I b\u00e5de det h\u00e4r och f\u00f6rra valet hade separatistpartierna klar majoritet i det regionala parlamentet. Den h\u00e4r g\u00e5ngen trots att ett separatistparti p\u00e5 2,7 procent inte fick n\u00e5gra mandat alls, det finns en treprocentsp\u00e4rr i varje av de fyra valkretsarna. (I de minsta valkretsarna blir sp\u00e4rren i praktiken n\u00e5got h\u00f6gre, mandaten r\u00e4cker inte f\u00f6r ett fyraprocentparti) Varf\u00f6r?<\/p>\n\n\n\n<p>Valkretsindelningen gynnar mindre t\u00e4tt befolkade omr\u00e5den, och d\u00e4r \u00e4r separatisterna starka. Det \u00e4r s\u00e5ledes l\u00e5ngt ifr\u00e5n bara i USA, d\u00e4r de sm\u00e5 delstaternas \u00f6verrepresentation har gynnat Republikanerna och Donald Trump, som mer glesbefolkade omr\u00e5den f\u00e5r j\u00e4mf\u00f6relsevis fler mandat.<\/p>\n\n\n\n<p>I Katalonien \u00e4r valkretsen Barcelona i s\u00e4rklass st\u00f6rst med 85 mandat. Men \u00e4nd\u00e5 betyder det att det g\u00e5r runt 47 000 v\u00e4ljare per mandat i Barcelona, mot 31 000 i Tarragona, 30 000 i Girona och knappt 20 000 i Lleida. I Barcelona var det en klar men knapp majoritet f\u00f6r partier som ville stanna i Spanien, <a href=\"https:\/\/resultados.elpais.com\/elecciones\/cataluna.html\">i Girona och Lleida en stor majoritet<\/a> (tv\u00e5 tredjedelar) f\u00f6r separatistpartier. Det f\u00f6rklarar den klara majoriteten i mandat f\u00f6r separatistpartierna.<\/p>\n\n\n\n<p>D\u00f6dl\u00e4get kan forts\u00e4tta, <a href=\"https:\/\/www.dn.se\/varlden\/nathan-shachar-separatisternas-framgang-kan-fa-konflikten-i-katalonien-att-blossa-upp\/\">men kanske kan n\u00e5got h\u00e4nda.<\/a> Socialistpartiet, som blev st\u00f6rsta parti, beh\u00f6ver separatistpartiers r\u00f6ster i det spanska parlamentet.<\/p>\n\n\n\n<p>\u00c4r i princip emot att splittra v\u00e4l fungerande m\u00e5ngspr\u00e5kiga eller m\u00e5ngnationella demokratier som Kanada, Storbritannien eller Spanien. De borde kunna forts\u00e4tta i en demokratisk nation, och s\u00e4ga nej till utbrytarnationalism.<\/p>\n\n\n\n<p>Men f\u00e5r erk\u00e4nna att medlemskapet i EU kan vara ett rationellt argument f\u00f6r separation. Spanien har euro, s\u00e5 det skulle inte bli n\u00e5gra valutaproblem om Katalonien br\u00f6t sig ur, men stannade (vilket separatisterna vill) kvar i EU och euron.<\/p>\n\n\n\n<p>Ju fler beslut som flyttas fr\u00e5n medlemsl\u00e4nderna till EU, ju starkare sk\u00e4l att ha egna medlemmar i ministerr\u00e5d och EU-parlament. F\u00f6r Katalonien: ju mer som beslutas i Bryssel i st\u00e4llet f\u00f6r i Madrid, ju starkare sk\u00e4l att bli ett eget medlemsland i EU.<\/p>\n","protected":false},"excerpt":{"rendered":"<p>I mandat blev regionvalet i Katalonien en klar seger f\u00f6r partier som vill att Katalonien ska bli en egen stat. Separatisterna fick sammanlagt 74 av 135 mandat. I r\u00f6ster var det betydligt j\u00e4mnare, 50,9 mot 48,3 f\u00f6r separatistpartierna. Det var \u00e4nd\u00e5 en framg\u00e5ng j\u00e4mf\u00f6rt med valet 2017, d\u00e5 en knapp majoritet i st\u00e4llet r\u00f6stade p\u00e5 [&hellip;]<\/p>\n","protected":false},"author":1,"featured_media":0,"comment_status":"open","ping_status":"closed","sticky":false,"template":"","format":"standard","meta":{"_jetpack_memberships_contains_paid_content":false,"footnotes":""},"categories":[10],"tags":[],"class_list":["post-171","post","type-post","status-publish","format-standard","hentry","category-allman-inlagg"],"yoast_head":"<!-- This site is optimized with the Yoast SEO plugin v27.2 - https:\/\/yoast.com\/product\/yoast-seo-wordpress\/ -->\n<title>Katalonien \u00e4r fortsatt delat - Richard Appelbom<\/title>\n<meta name=\"description\" content=\"Valsystemet i Katalonien gynnar separatistpartier. I r\u00f6ster i stort j\u00e4mnt: % 50,9-48,3 f\u00f6r separatistpartier, men l\u00e4gre valdeltagande.\" \/>\n<meta name=\"robots\" content=\"index, follow, max-snippet:-1, max-image-preview:large, max-video-preview:-1\" \/>\n<link rel=\"canonical\" href=\"https:\/\/www.richardappelbom.se\/index.php\/2021\/02\/16\/katalonien-ar-fortsatt-delat\/\" \/>\n<meta property=\"og:locale\" content=\"en_US\" \/>\n<meta property=\"og:type\" content=\"article\" \/>\n<meta property=\"og:title\" content=\"Katalonien \u00e4r fortsatt delat - Richard Appelbom\" \/>\n<meta property=\"og:description\" content=\"Valsystemet i Katalonien gynnar separatistpartier. I r\u00f6ster i stort j\u00e4mnt: % 50,9-48,3 f\u00f6r separatistpartier, men l\u00e4gre valdeltagande.\" \/>\n<meta property=\"og:url\" content=\"https:\/\/www.richardappelbom.se\/index.php\/2021\/02\/16\/katalonien-ar-fortsatt-delat\/\" \/>\n<meta property=\"og:site_name\" content=\"Richard Appelbom\" \/>\n<meta property=\"article:publisher\" content=\"https:\/\/www.facebook.com\/rappelbom\" \/>\n<meta property=\"article:author\" content=\"https:\/\/www.facebook.com\/rappelbom\" \/>\n<meta property=\"article:published_time\" content=\"2021-02-16T10:11:59+00:00\" \/>\n<meta property=\"article:modified_time\" content=\"2021-02-16T10:12:00+00:00\" \/>\n<meta property=\"og:image\" content=\"https:\/\/www.richardappelbom.se\/wp-content\/uploads\/2021\/02\/Katalonien.jpg\" \/>\n<meta name=\"author\" content=\"admin\" \/>\n<meta name=\"twitter:card\" content=\"summary_large_image\" \/>\n<meta name=\"twitter:creator\" content=\"@RichardAppelbom\" \/>\n<meta name=\"twitter:site\" content=\"@RichardAppelbom\" \/>\n<meta name=\"twitter:label1\" content=\"Written by\" \/>\n\t<meta name=\"twitter:data1\" content=\"admin\" \/>\n\t<meta name=\"twitter:label2\" content=\"Est. reading time\" \/>\n\t<meta name=\"twitter:data2\" content=\"3 minutes\" \/>\n<script type=\"application\/ld+json\" class=\"yoast-schema-graph\">{\"@context\":\"https:\/\/schema.org\",\"@graph\":[{\"@type\":\"Article\",\"@id\":\"https:\/\/www.richardappelbom.se\/index.php\/2021\/02\/16\/katalonien-ar-fortsatt-delat\/#article\",\"isPartOf\":{\"@id\":\"https:\/\/www.richardappelbom.se\/index.php\/2021\/02\/16\/katalonien-ar-fortsatt-delat\/\"},\"author\":{\"name\":\"admin\",\"@id\":\"https:\/\/www.richardappelbom.se\/#\/schema\/person\/98f55ffd095155d902e585f10999a15d\"},\"headline\":\"Katalonien \u00e4r fortsatt delat\",\"datePublished\":\"2021-02-16T10:11:59+00:00\",\"dateModified\":\"2021-02-16T10:12:00+00:00\",\"mainEntityOfPage\":{\"@id\":\"https:\/\/www.richardappelbom.se\/index.php\/2021\/02\/16\/katalonien-ar-fortsatt-delat\/\"},\"wordCount\":478,\"commentCount\":0,\"image\":{\"@id\":\"https:\/\/www.richardappelbom.se\/index.php\/2021\/02\/16\/katalonien-ar-fortsatt-delat\/#primaryimage\"},\"thumbnailUrl\":\"https:\/\/www.richardappelbom.se\/wp-content\/uploads\/2021\/02\/Katalonien.jpg\",\"articleSection\":[\"Allm\u00e4n Posts\"],\"inLanguage\":\"en-US\",\"potentialAction\":[{\"@type\":\"CommentAction\",\"name\":\"Comment\",\"target\":[\"https:\/\/www.richardappelbom.se\/index.php\/2021\/02\/16\/katalonien-ar-fortsatt-delat\/#respond\"]}]},{\"@type\":\"WebPage\",\"@id\":\"https:\/\/www.richardappelbom.se\/index.php\/2021\/02\/16\/katalonien-ar-fortsatt-delat\/\",\"url\":\"https:\/\/www.richardappelbom.se\/index.php\/2021\/02\/16\/katalonien-ar-fortsatt-delat\/\",\"name\":\"Katalonien \u00e4r fortsatt delat - Richard Appelbom\",\"isPartOf\":{\"@id\":\"https:\/\/www.richardappelbom.se\/#website\"},\"primaryImageOfPage\":{\"@id\":\"https:\/\/www.richardappelbom.se\/index.php\/2021\/02\/16\/katalonien-ar-fortsatt-delat\/#primaryimage\"},\"image\":{\"@id\":\"https:\/\/www.richardappelbom.se\/index.php\/2021\/02\/16\/katalonien-ar-fortsatt-delat\/#primaryimage\"},\"thumbnailUrl\":\"https:\/\/www.richardappelbom.se\/wp-content\/uploads\/2021\/02\/Katalonien.jpg\",\"datePublished\":\"2021-02-16T10:11:59+00:00\",\"dateModified\":\"2021-02-16T10:12:00+00:00\",\"author\":{\"@id\":\"https:\/\/www.richardappelbom.se\/#\/schema\/person\/98f55ffd095155d902e585f10999a15d\"},\"description\":\"Valsystemet i Katalonien gynnar separatistpartier. I r\u00f6ster i stort j\u00e4mnt: % 50,9-48,3 f\u00f6r separatistpartier, men l\u00e4gre valdeltagande.\",\"breadcrumb\":{\"@id\":\"https:\/\/www.richardappelbom.se\/index.php\/2021\/02\/16\/katalonien-ar-fortsatt-delat\/#breadcrumb\"},\"inLanguage\":\"en-US\",\"potentialAction\":[{\"@type\":\"ReadAction\",\"target\":[\"https:\/\/www.richardappelbom.se\/index.php\/2021\/02\/16\/katalonien-ar-fortsatt-delat\/\"]}]},{\"@type\":\"ImageObject\",\"inLanguage\":\"en-US\",\"@id\":\"https:\/\/www.richardappelbom.se\/index.php\/2021\/02\/16\/katalonien-ar-fortsatt-delat\/#primaryimage\",\"url\":\"https:\/\/www.richardappelbom.se\/wp-content\/uploads\/2021\/02\/Katalonien.jpg\",\"contentUrl\":\"https:\/\/www.richardappelbom.se\/wp-content\/uploads\/2021\/02\/Katalonien.jpg\",\"width\":800,\"height\":600},{\"@type\":\"BreadcrumbList\",\"@id\":\"https:\/\/www.richardappelbom.se\/index.php\/2021\/02\/16\/katalonien-ar-fortsatt-delat\/#breadcrumb\",\"itemListElement\":[{\"@type\":\"ListItem\",\"position\":1,\"name\":\"Home\",\"item\":\"https:\/\/www.richardappelbom.se\/\"},{\"@type\":\"ListItem\",\"position\":2,\"name\":\"Katalonien \u00e4r fortsatt delat\"}]},{\"@type\":\"WebSite\",\"@id\":\"https:\/\/www.richardappelbom.se\/#website\",\"url\":\"https:\/\/www.richardappelbom.se\/\",\"name\":\"Richard Appelbom\",\"description\":\"En blogg om val och valsystem\",\"potentialAction\":[{\"@type\":\"SearchAction\",\"target\":{\"@type\":\"EntryPoint\",\"urlTemplate\":\"https:\/\/www.richardappelbom.se\/?s={search_term_string}\"},\"query-input\":{\"@type\":\"PropertyValueSpecification\",\"valueRequired\":true,\"valueName\":\"search_term_string\"}}],\"inLanguage\":\"en-US\"},{\"@type\":\"Person\",\"@id\":\"https:\/\/www.richardappelbom.se\/#\/schema\/person\/98f55ffd095155d902e585f10999a15d\",\"name\":\"admin\",\"image\":{\"@type\":\"ImageObject\",\"inLanguage\":\"en-US\",\"@id\":\"https:\/\/secure.gravatar.com\/avatar\/480edd36f6cc3945e6b2db9fdc6f78df2a3fb98b7b27925b8d810863cfa537e7?s=96&d=mm&r=g\",\"url\":\"https:\/\/secure.gravatar.com\/avatar\/480edd36f6cc3945e6b2db9fdc6f78df2a3fb98b7b27925b8d810863cfa537e7?s=96&d=mm&r=g\",\"contentUrl\":\"https:\/\/secure.gravatar.com\/avatar\/480edd36f6cc3945e6b2db9fdc6f78df2a3fb98b7b27925b8d810863cfa537e7?s=96&d=mm&r=g\",\"caption\":\"admin\"},\"sameAs\":[\"https:\/\/www.facebook.com\/rappelbom\",\"https:\/\/twitter.com\/RichardAppelbom\"],\"url\":\"https:\/\/www.richardappelbom.se\/index.php\/author\/ra_j9l6616t\/\"}]}<\/script>\n<!-- \/ Yoast SEO plugin. -->","yoast_head_json":{"title":"Katalonien \u00e4r fortsatt delat - Richard Appelbom","description":"Valsystemet i Katalonien gynnar separatistpartier. I r\u00f6ster i stort j\u00e4mnt: % 50,9-48,3 f\u00f6r separatistpartier, men l\u00e4gre valdeltagande.","robots":{"index":"index","follow":"follow","max-snippet":"max-snippet:-1","max-image-preview":"max-image-preview:large","max-video-preview":"max-video-preview:-1"},"canonical":"https:\/\/www.richardappelbom.se\/index.php\/2021\/02\/16\/katalonien-ar-fortsatt-delat\/","og_locale":"en_US","og_type":"article","og_title":"Katalonien \u00e4r fortsatt delat - Richard Appelbom","og_description":"Valsystemet i Katalonien gynnar separatistpartier. I r\u00f6ster i stort j\u00e4mnt: % 50,9-48,3 f\u00f6r separatistpartier, men l\u00e4gre valdeltagande.","og_url":"https:\/\/www.richardappelbom.se\/index.php\/2021\/02\/16\/katalonien-ar-fortsatt-delat\/","og_site_name":"Richard Appelbom","article_publisher":"https:\/\/www.facebook.com\/rappelbom","article_author":"https:\/\/www.facebook.com\/rappelbom","article_published_time":"2021-02-16T10:11:59+00:00","article_modified_time":"2021-02-16T10:12:00+00:00","og_image":[{"url":"https:\/\/www.richardappelbom.se\/wp-content\/uploads\/2021\/02\/Katalonien.jpg","type":"","width":"","height":""}],"author":"admin","twitter_card":"summary_large_image","twitter_creator":"@RichardAppelbom","twitter_site":"@RichardAppelbom","twitter_misc":{"Written by":"admin","Est. reading time":"3 minutes"},"schema":{"@context":"https:\/\/schema.org","@graph":[{"@type":"Article","@id":"https:\/\/www.richardappelbom.se\/index.php\/2021\/02\/16\/katalonien-ar-fortsatt-delat\/#article","isPartOf":{"@id":"https:\/\/www.richardappelbom.se\/index.php\/2021\/02\/16\/katalonien-ar-fortsatt-delat\/"},"author":{"name":"admin","@id":"https:\/\/www.richardappelbom.se\/#\/schema\/person\/98f55ffd095155d902e585f10999a15d"},"headline":"Katalonien \u00e4r fortsatt delat","datePublished":"2021-02-16T10:11:59+00:00","dateModified":"2021-02-16T10:12:00+00:00","mainEntityOfPage":{"@id":"https:\/\/www.richardappelbom.se\/index.php\/2021\/02\/16\/katalonien-ar-fortsatt-delat\/"},"wordCount":478,"commentCount":0,"image":{"@id":"https:\/\/www.richardappelbom.se\/index.php\/2021\/02\/16\/katalonien-ar-fortsatt-delat\/#primaryimage"},"thumbnailUrl":"https:\/\/www.richardappelbom.se\/wp-content\/uploads\/2021\/02\/Katalonien.jpg","articleSection":["Allm\u00e4n Posts"],"inLanguage":"en-US","potentialAction":[{"@type":"CommentAction","name":"Comment","target":["https:\/\/www.richardappelbom.se\/index.php\/2021\/02\/16\/katalonien-ar-fortsatt-delat\/#respond"]}]},{"@type":"WebPage","@id":"https:\/\/www.richardappelbom.se\/index.php\/2021\/02\/16\/katalonien-ar-fortsatt-delat\/","url":"https:\/\/www.richardappelbom.se\/index.php\/2021\/02\/16\/katalonien-ar-fortsatt-delat\/","name":"Katalonien \u00e4r fortsatt delat - Richard Appelbom","isPartOf":{"@id":"https:\/\/www.richardappelbom.se\/#website"},"primaryImageOfPage":{"@id":"https:\/\/www.richardappelbom.se\/index.php\/2021\/02\/16\/katalonien-ar-fortsatt-delat\/#primaryimage"},"image":{"@id":"https:\/\/www.richardappelbom.se\/index.php\/2021\/02\/16\/katalonien-ar-fortsatt-delat\/#primaryimage"},"thumbnailUrl":"https:\/\/www.richardappelbom.se\/wp-content\/uploads\/2021\/02\/Katalonien.jpg","datePublished":"2021-02-16T10:11:59+00:00","dateModified":"2021-02-16T10:12:00+00:00","author":{"@id":"https:\/\/www.richardappelbom.se\/#\/schema\/person\/98f55ffd095155d902e585f10999a15d"},"description":"Valsystemet i Katalonien gynnar separatistpartier. I r\u00f6ster i stort j\u00e4mnt: % 50,9-48,3 f\u00f6r separatistpartier, men l\u00e4gre valdeltagande.","breadcrumb":{"@id":"https:\/\/www.richardappelbom.se\/index.php\/2021\/02\/16\/katalonien-ar-fortsatt-delat\/#breadcrumb"},"inLanguage":"en-US","potentialAction":[{"@type":"ReadAction","target":["https:\/\/www.richardappelbom.se\/index.php\/2021\/02\/16\/katalonien-ar-fortsatt-delat\/"]}]},{"@type":"ImageObject","inLanguage":"en-US","@id":"https:\/\/www.richardappelbom.se\/index.php\/2021\/02\/16\/katalonien-ar-fortsatt-delat\/#primaryimage","url":"https:\/\/www.richardappelbom.se\/wp-content\/uploads\/2021\/02\/Katalonien.jpg","contentUrl":"https:\/\/www.richardappelbom.se\/wp-content\/uploads\/2021\/02\/Katalonien.jpg","width":800,"height":600},{"@type":"BreadcrumbList","@id":"https:\/\/www.richardappelbom.se\/index.php\/2021\/02\/16\/katalonien-ar-fortsatt-delat\/#breadcrumb","itemListElement":[{"@type":"ListItem","position":1,"name":"Home","item":"https:\/\/www.richardappelbom.se\/"},{"@type":"ListItem","position":2,"name":"Katalonien \u00e4r fortsatt delat"}]},{"@type":"WebSite","@id":"https:\/\/www.richardappelbom.se\/#website","url":"https:\/\/www.richardappelbom.se\/","name":"Richard Appelbom","description":"En blogg om val och valsystem","potentialAction":[{"@type":"SearchAction","target":{"@type":"EntryPoint","urlTemplate":"https:\/\/www.richardappelbom.se\/?s={search_term_string}"},"query-input":{"@type":"PropertyValueSpecification","valueRequired":true,"valueName":"search_term_string"}}],"inLanguage":"en-US"},{"@type":"Person","@id":"https:\/\/www.richardappelbom.se\/#\/schema\/person\/98f55ffd095155d902e585f10999a15d","name":"admin","image":{"@type":"ImageObject","inLanguage":"en-US","@id":"https:\/\/secure.gravatar.com\/avatar\/480edd36f6cc3945e6b2db9fdc6f78df2a3fb98b7b27925b8d810863cfa537e7?s=96&d=mm&r=g","url":"https:\/\/secure.gravatar.com\/avatar\/480edd36f6cc3945e6b2db9fdc6f78df2a3fb98b7b27925b8d810863cfa537e7?s=96&d=mm&r=g","contentUrl":"https:\/\/secure.gravatar.com\/avatar\/480edd36f6cc3945e6b2db9fdc6f78df2a3fb98b7b27925b8d810863cfa537e7?s=96&d=mm&r=g","caption":"admin"},"sameAs":["https:\/\/www.facebook.com\/rappelbom","https:\/\/twitter.com\/RichardAppelbom"],"url":"https:\/\/www.richardappelbom.se\/index.php\/author\/ra_j9l6616t\/"}]}},"jetpack_featured_media_url":"","jetpack_sharing_enabled":true,"_links":{"self":[{"href":"https:\/\/www.richardappelbom.se\/index.php\/wp-json\/wp\/v2\/posts\/171","targetHints":{"allow":["GET"]}}],"collection":[{"href":"https:\/\/www.richardappelbom.se\/index.php\/wp-json\/wp\/v2\/posts"}],"about":[{"href":"https:\/\/www.richardappelbom.se\/index.php\/wp-json\/wp\/v2\/types\/post"}],"author":[{"embeddable":true,"href":"https:\/\/www.richardappelbom.se\/index.php\/wp-json\/wp\/v2\/users\/1"}],"replies":[{"embeddable":true,"href":"https:\/\/www.richardappelbom.se\/index.php\/wp-json\/wp\/v2\/comments?post=171"}],"version-history":[{"count":1,"href":"https:\/\/www.richardappelbom.se\/index.php\/wp-json\/wp\/v2\/posts\/171\/revisions"}],"predecessor-version":[{"id":173,"href":"https:\/\/www.richardappelbom.se\/index.php\/wp-json\/wp\/v2\/posts\/171\/revisions\/173"}],"wp:attachment":[{"href":"https:\/\/www.richardappelbom.se\/index.php\/wp-json\/wp\/v2\/media?parent=171"}],"wp:term":[{"taxonomy":"category","embeddable":true,"href":"https:\/\/www.richardappelbom.se\/index.php\/wp-json\/wp\/v2\/categories?post=171"},{"taxonomy":"post_tag","embeddable":true,"href":"https:\/\/www.richardappelbom.se\/index.php\/wp-json\/wp\/v2\/tags?post=171"}],"curies":[{"name":"wp","href":"https:\/\/api.w.org\/{rel}","templated":true}]}}