{"id":175,"date":"2021-03-15T18:58:03","date_gmt":"2021-03-15T18:58:03","guid":{"rendered":"https:\/\/www.richardappelbom.se\/?p=175"},"modified":"2021-03-16T08:47:51","modified_gmt":"2021-03-16T08:47:51","slug":"det-kan-bli-rorigt-i-tyskland","status":"publish","type":"post","link":"https:\/\/www.richardappelbom.se\/index.php\/2021\/03\/15\/det-kan-bli-rorigt-i-tyskland\/","title":{"rendered":"Det kan bli r\u00f6rigt i Tyskland"},"content":{"rendered":"\n<figure class=\"wp-block-image size-large is-resized\"><img loading=\"lazy\" decoding=\"async\" src=\"https:\/\/www.richardappelbom.se\/wp-content\/uploads\/2021\/03\/cdu-delstatsval-2021.jpg\" alt=\"\" class=\"wp-image-176\" width=\"843\" height=\"561\"\/><\/figure>\n\n\n\n<p>Hur ska det g\u00e5 f\u00f6r tyska Krisdemokraterna (CDU) utan Angela Merkel? <\/p>\n\n\n\n<p>Det tyska superval\u00e5ret har b\u00f6rjat d\u00e5ligt f\u00f6r Kristdemokraterna (CDU). De tappade r\u00f6standelar i b\u00e5de <a href=\"https:\/\/en.wikipedia.org\/wiki\/2021_Baden-W%C3%BCrttemberg_state_election\">Baden-W\u00fcrttemberg <\/a>och<a href=\"https:\/\/en.wikipedia.org\/wiki\/2021_Rhineland-Palatinate_state_election\"> Rheinland-Pfalz<\/a>. Innan Corona slog till var det k\u00e4mpigt f\u00f6r b\u00e5da de partierna i den stora koalitionen i Tyskland, men allra fr\u00e4mst f\u00f6r socialdemokratiska SPD, som var under 20 procent. Men \u00e4ven CDU var under valresultatet p\u00e5 32.9 procent.<\/p>\n\n\n\n<p>Pandemibek\u00e4mpning st\u00e4rkte inledningsvis de regerande partierna i flera l\u00e4nder. I juni 2020<a href=\"https:\/\/www.bbc.com\/news\/world-europe-56395672\"> hade CDU 40 procent<\/a>, men nu finns kritik av att vaccinering en g\u00e5r l\u00e5ngsamt och det n\u00e5gra CDU-politiker har varit inblandade i skandaler. St\u00f6det i opinionsm\u00e4tningar var redan nere p\u00e5 valresultatet, och efter valnederlagen i delstaterna har<strong><a href=\"https:\/\/www.wahlrecht.de\/umfragen\/\"> det fallit ytterligare<\/a><\/strong>.<\/p>\n\n\n\n<p>S\u00e5 det kan bli ett besv\u00e4rligt val\u00e5r f\u00f6r CDU, som i h\u00f6stens f\u00f6rbundsdagsval inte heller kan r\u00e4kna med att f\u00f6rbundskansler Angela Merkel drar r\u00f6star. Hon ska l\u00e4mna, och de som har valts till eftertr\u00e4dare som partiledare , tidigare  Annegret Kramp-Karrenbauer,  nu Armin Laschet har inte imponerat.<\/p>\n\n\n\n<p>Opinionsm\u00e4tningarna p\u00e5minner f\u00f6r flera partier om deras valresultat, med tre undantag. De Gr\u00f6na har g\u00e5tt kraftigt fram\u00e5t och mer \u00e4n f\u00f6rdubblat sitt st\u00f6d, medan CDU och SPD har backat. S\u00e5 brukar det vara n\u00e4r det blir stora koalitioner i Tyskland. F\u00f6rr har liberala FDP gynnats, den h\u00e4r g\u00e5ngen de Gr\u00f6na. Ytterkantspartierna till h\u00f6ger AfD och v\u00e4nster Die Linke har d\u00e4remot inte st\u00e4rkts i opinionen. De \u00e4r dock b\u00e5da starkare i det forna \u00d6sttyskland.<\/p>\n\n\n\n<p>Valvindarna kan bl\u00e5sa olika i delstater, och det l\u00f6nar sig att ha popul\u00e4ra regeringschefer. Det gynnade de gr\u00f6na i Baden -W\u00fcrttemberg och SPD i Rheinland-Pfalz.<\/p>\n\n\n\n<p>Den tyska f\u00f6rfattningen g\u00f6r det sv\u00e5rt att bilda minoritetsregeringar b\u00e5de i delstater och p\u00e5 den federala niv\u00e5n. Regeringsbildaren m\u00e5ste ha en majoritet av ja-r\u00f6ster. Till skillnad fr\u00e5n i Sverige r\u00e4knas en nedlagd r\u00f6st som en nej-r\u00f6st. Det \u00e4r sv\u00e5rt att aktivt r\u00f6sta ja utan att g\u00e5 in i regeringen.<\/p>\n\n\n\n<p>D\u00e4rf\u00f6r kan det bli omaka samarbeten som den nuvarande stora koalitionen p\u00e5 riksplanet. Dessutom har AfD, (\u00f6verallt) och die Linke (p\u00e5 de flesta st\u00e4llen) inte f\u00e5tt vara med.<\/p>\n\n\n\n<p>Tidigare var de flesta spekulationerna om att CDU och de Gr\u00f6na skulle bilda koalition p\u00e5 riksplanet efter h\u00f6stens val, och med CDU som st\u00f6rsta parti. Nu \u00e4r det inte lika s\u00e4kert. Det kanske inte r\u00e4cker med de tv\u00e5 partierna f\u00f6r att bilda majoritetsregering. Kanske kan det bli trafikljus efter partif\u00e4rgerna r\u00f6d (SPD) gr\u00f6n (Gr\u00f6na) och gul (FDP). Tveksamt dock om det r\u00e4cker till majoritet.<\/p>\n\n\n\n<p>S\u00e5 valet kan bli sp\u00e4nnande och regeringsf\u00f6rhandlingarna komplicerade. I varje fall s\u00e5 l\u00e4nge det m\u00e5ste bli en majoritetsregering.   <\/p>\n","protected":false},"excerpt":{"rendered":"<p>Hur ska det g\u00e5 f\u00f6r tyska Krisdemokraterna (CDU) utan Angela Merkel? Det tyska superval\u00e5ret har b\u00f6rjat d\u00e5ligt f\u00f6r Kristdemokraterna (CDU). De tappade r\u00f6standelar i b\u00e5de Baden-W\u00fcrttemberg och Rheinland-Pfalz. Innan Corona slog till var det k\u00e4mpigt f\u00f6r b\u00e5da de partierna i den stora koalitionen i Tyskland, men allra fr\u00e4mst f\u00f6r socialdemokratiska SPD, som var under 20 [&hellip;]<\/p>\n","protected":false},"author":1,"featured_media":0,"comment_status":"open","ping_status":"closed","sticky":false,"template":"","format":"standard","meta":{"_jetpack_memberships_contains_paid_content":false,"footnotes":""},"categories":[10],"tags":[],"class_list":["post-175","post","type-post","status-publish","format-standard","hentry","category-allman-inlagg"],"yoast_head":"<!-- This site is optimized with the Yoast SEO plugin v27.2 - https:\/\/yoast.com\/product\/yoast-seo-wordpress\/ -->\n<title>Det kan bli r\u00f6rigt i Tyskland - Richard Appelbom<\/title>\n<meta name=\"description\" content=\"Tv\u00e5 delstatsval i Tyskland blev f\u00f6rluster f\u00f6r statsb\u00e4rande % Kristdemokraterna. Efter h\u00f6stens f\u00f6rbundsdagsval kan det bli kr\u00e5ngligt att bilda regering,\" \/>\n<meta name=\"robots\" content=\"index, follow, max-snippet:-1, max-image-preview:large, max-video-preview:-1\" \/>\n<link rel=\"canonical\" href=\"https:\/\/www.richardappelbom.se\/index.php\/2021\/03\/15\/det-kan-bli-rorigt-i-tyskland\/\" \/>\n<meta property=\"og:locale\" content=\"en_US\" \/>\n<meta property=\"og:type\" content=\"article\" \/>\n<meta property=\"og:title\" content=\"Det kan bli r\u00f6rigt i Tyskland - Richard Appelbom\" \/>\n<meta property=\"og:description\" content=\"Tv\u00e5 delstatsval i Tyskland blev f\u00f6rluster f\u00f6r statsb\u00e4rande % Kristdemokraterna. Efter h\u00f6stens f\u00f6rbundsdagsval kan det bli kr\u00e5ngligt att bilda regering,\" \/>\n<meta property=\"og:url\" content=\"https:\/\/www.richardappelbom.se\/index.php\/2021\/03\/15\/det-kan-bli-rorigt-i-tyskland\/\" \/>\n<meta property=\"og:site_name\" content=\"Richard Appelbom\" \/>\n<meta property=\"article:publisher\" content=\"https:\/\/www.facebook.com\/rappelbom\" \/>\n<meta property=\"article:author\" content=\"https:\/\/www.facebook.com\/rappelbom\" \/>\n<meta property=\"article:published_time\" content=\"2021-03-15T18:58:03+00:00\" \/>\n<meta property=\"article:modified_time\" content=\"2021-03-16T08:47:51+00:00\" \/>\n<meta property=\"og:image\" content=\"https:\/\/www.richardappelbom.se\/wp-content\/uploads\/2021\/03\/cdu-delstatsval-2021.jpg\" \/>\n<meta name=\"author\" content=\"admin\" \/>\n<meta name=\"twitter:card\" content=\"summary_large_image\" \/>\n<meta name=\"twitter:creator\" content=\"@RichardAppelbom\" \/>\n<meta name=\"twitter:site\" content=\"@RichardAppelbom\" \/>\n<meta name=\"twitter:label1\" content=\"Written by\" \/>\n\t<meta name=\"twitter:data1\" content=\"admin\" \/>\n\t<meta name=\"twitter:label2\" content=\"Est. reading time\" \/>\n\t<meta name=\"twitter:data2\" content=\"3 minutes\" \/>\n<script type=\"application\/ld+json\" class=\"yoast-schema-graph\">{\"@context\":\"https:\/\/schema.org\",\"@graph\":[{\"@type\":\"Article\",\"@id\":\"https:\/\/www.richardappelbom.se\/index.php\/2021\/03\/15\/det-kan-bli-rorigt-i-tyskland\/#article\",\"isPartOf\":{\"@id\":\"https:\/\/www.richardappelbom.se\/index.php\/2021\/03\/15\/det-kan-bli-rorigt-i-tyskland\/\"},\"author\":{\"name\":\"admin\",\"@id\":\"https:\/\/www.richardappelbom.se\/#\/schema\/person\/98f55ffd095155d902e585f10999a15d\"},\"headline\":\"Det kan bli r\u00f6rigt i Tyskland\",\"datePublished\":\"2021-03-15T18:58:03+00:00\",\"dateModified\":\"2021-03-16T08:47:51+00:00\",\"mainEntityOfPage\":{\"@id\":\"https:\/\/www.richardappelbom.se\/index.php\/2021\/03\/15\/det-kan-bli-rorigt-i-tyskland\/\"},\"wordCount\":508,\"commentCount\":0,\"image\":{\"@id\":\"https:\/\/www.richardappelbom.se\/index.php\/2021\/03\/15\/det-kan-bli-rorigt-i-tyskland\/#primaryimage\"},\"thumbnailUrl\":\"https:\/\/www.richardappelbom.se\/wp-content\/uploads\/2021\/03\/cdu-delstatsval-2021.jpg\",\"articleSection\":[\"Allm\u00e4n Posts\"],\"inLanguage\":\"en-US\",\"potentialAction\":[{\"@type\":\"CommentAction\",\"name\":\"Comment\",\"target\":[\"https:\/\/www.richardappelbom.se\/index.php\/2021\/03\/15\/det-kan-bli-rorigt-i-tyskland\/#respond\"]}]},{\"@type\":\"WebPage\",\"@id\":\"https:\/\/www.richardappelbom.se\/index.php\/2021\/03\/15\/det-kan-bli-rorigt-i-tyskland\/\",\"url\":\"https:\/\/www.richardappelbom.se\/index.php\/2021\/03\/15\/det-kan-bli-rorigt-i-tyskland\/\",\"name\":\"Det kan bli r\u00f6rigt i Tyskland - Richard Appelbom\",\"isPartOf\":{\"@id\":\"https:\/\/www.richardappelbom.se\/#website\"},\"primaryImageOfPage\":{\"@id\":\"https:\/\/www.richardappelbom.se\/index.php\/2021\/03\/15\/det-kan-bli-rorigt-i-tyskland\/#primaryimage\"},\"image\":{\"@id\":\"https:\/\/www.richardappelbom.se\/index.php\/2021\/03\/15\/det-kan-bli-rorigt-i-tyskland\/#primaryimage\"},\"thumbnailUrl\":\"https:\/\/www.richardappelbom.se\/wp-content\/uploads\/2021\/03\/cdu-delstatsval-2021.jpg\",\"datePublished\":\"2021-03-15T18:58:03+00:00\",\"dateModified\":\"2021-03-16T08:47:51+00:00\",\"author\":{\"@id\":\"https:\/\/www.richardappelbom.se\/#\/schema\/person\/98f55ffd095155d902e585f10999a15d\"},\"description\":\"Tv\u00e5 delstatsval i Tyskland blev f\u00f6rluster f\u00f6r statsb\u00e4rande % Kristdemokraterna. Efter h\u00f6stens f\u00f6rbundsdagsval kan det bli kr\u00e5ngligt att bilda regering,\",\"breadcrumb\":{\"@id\":\"https:\/\/www.richardappelbom.se\/index.php\/2021\/03\/15\/det-kan-bli-rorigt-i-tyskland\/#breadcrumb\"},\"inLanguage\":\"en-US\",\"potentialAction\":[{\"@type\":\"ReadAction\",\"target\":[\"https:\/\/www.richardappelbom.se\/index.php\/2021\/03\/15\/det-kan-bli-rorigt-i-tyskland\/\"]}]},{\"@type\":\"ImageObject\",\"inLanguage\":\"en-US\",\"@id\":\"https:\/\/www.richardappelbom.se\/index.php\/2021\/03\/15\/det-kan-bli-rorigt-i-tyskland\/#primaryimage\",\"url\":\"https:\/\/www.richardappelbom.se\/wp-content\/uploads\/2021\/03\/cdu-delstatsval-2021.jpg\",\"contentUrl\":\"https:\/\/www.richardappelbom.se\/wp-content\/uploads\/2021\/03\/cdu-delstatsval-2021.jpg\",\"width\":275,\"height\":183},{\"@type\":\"BreadcrumbList\",\"@id\":\"https:\/\/www.richardappelbom.se\/index.php\/2021\/03\/15\/det-kan-bli-rorigt-i-tyskland\/#breadcrumb\",\"itemListElement\":[{\"@type\":\"ListItem\",\"position\":1,\"name\":\"Home\",\"item\":\"https:\/\/www.richardappelbom.se\/\"},{\"@type\":\"ListItem\",\"position\":2,\"name\":\"Det kan bli r\u00f6rigt i Tyskland\"}]},{\"@type\":\"WebSite\",\"@id\":\"https:\/\/www.richardappelbom.se\/#website\",\"url\":\"https:\/\/www.richardappelbom.se\/\",\"name\":\"Richard Appelbom\",\"description\":\"En blogg om val och valsystem\",\"potentialAction\":[{\"@type\":\"SearchAction\",\"target\":{\"@type\":\"EntryPoint\",\"urlTemplate\":\"https:\/\/www.richardappelbom.se\/?s={search_term_string}\"},\"query-input\":{\"@type\":\"PropertyValueSpecification\",\"valueRequired\":true,\"valueName\":\"search_term_string\"}}],\"inLanguage\":\"en-US\"},{\"@type\":\"Person\",\"@id\":\"https:\/\/www.richardappelbom.se\/#\/schema\/person\/98f55ffd095155d902e585f10999a15d\",\"name\":\"admin\",\"image\":{\"@type\":\"ImageObject\",\"inLanguage\":\"en-US\",\"@id\":\"https:\/\/secure.gravatar.com\/avatar\/480edd36f6cc3945e6b2db9fdc6f78df2a3fb98b7b27925b8d810863cfa537e7?s=96&d=mm&r=g\",\"url\":\"https:\/\/secure.gravatar.com\/avatar\/480edd36f6cc3945e6b2db9fdc6f78df2a3fb98b7b27925b8d810863cfa537e7?s=96&d=mm&r=g\",\"contentUrl\":\"https:\/\/secure.gravatar.com\/avatar\/480edd36f6cc3945e6b2db9fdc6f78df2a3fb98b7b27925b8d810863cfa537e7?s=96&d=mm&r=g\",\"caption\":\"admin\"},\"sameAs\":[\"https:\/\/www.facebook.com\/rappelbom\",\"https:\/\/twitter.com\/RichardAppelbom\"],\"url\":\"https:\/\/www.richardappelbom.se\/index.php\/author\/ra_j9l6616t\/\"}]}<\/script>\n<!-- \/ Yoast SEO plugin. -->","yoast_head_json":{"title":"Det kan bli r\u00f6rigt i Tyskland - Richard Appelbom","description":"Tv\u00e5 delstatsval i Tyskland blev f\u00f6rluster f\u00f6r statsb\u00e4rande % Kristdemokraterna. Efter h\u00f6stens f\u00f6rbundsdagsval kan det bli kr\u00e5ngligt att bilda regering,","robots":{"index":"index","follow":"follow","max-snippet":"max-snippet:-1","max-image-preview":"max-image-preview:large","max-video-preview":"max-video-preview:-1"},"canonical":"https:\/\/www.richardappelbom.se\/index.php\/2021\/03\/15\/det-kan-bli-rorigt-i-tyskland\/","og_locale":"en_US","og_type":"article","og_title":"Det kan bli r\u00f6rigt i Tyskland - Richard Appelbom","og_description":"Tv\u00e5 delstatsval i Tyskland blev f\u00f6rluster f\u00f6r statsb\u00e4rande % Kristdemokraterna. Efter h\u00f6stens f\u00f6rbundsdagsval kan det bli kr\u00e5ngligt att bilda regering,","og_url":"https:\/\/www.richardappelbom.se\/index.php\/2021\/03\/15\/det-kan-bli-rorigt-i-tyskland\/","og_site_name":"Richard Appelbom","article_publisher":"https:\/\/www.facebook.com\/rappelbom","article_author":"https:\/\/www.facebook.com\/rappelbom","article_published_time":"2021-03-15T18:58:03+00:00","article_modified_time":"2021-03-16T08:47:51+00:00","og_image":[{"url":"https:\/\/www.richardappelbom.se\/wp-content\/uploads\/2021\/03\/cdu-delstatsval-2021.jpg","type":"","width":"","height":""}],"author":"admin","twitter_card":"summary_large_image","twitter_creator":"@RichardAppelbom","twitter_site":"@RichardAppelbom","twitter_misc":{"Written by":"admin","Est. reading time":"3 minutes"},"schema":{"@context":"https:\/\/schema.org","@graph":[{"@type":"Article","@id":"https:\/\/www.richardappelbom.se\/index.php\/2021\/03\/15\/det-kan-bli-rorigt-i-tyskland\/#article","isPartOf":{"@id":"https:\/\/www.richardappelbom.se\/index.php\/2021\/03\/15\/det-kan-bli-rorigt-i-tyskland\/"},"author":{"name":"admin","@id":"https:\/\/www.richardappelbom.se\/#\/schema\/person\/98f55ffd095155d902e585f10999a15d"},"headline":"Det kan bli r\u00f6rigt i Tyskland","datePublished":"2021-03-15T18:58:03+00:00","dateModified":"2021-03-16T08:47:51+00:00","mainEntityOfPage":{"@id":"https:\/\/www.richardappelbom.se\/index.php\/2021\/03\/15\/det-kan-bli-rorigt-i-tyskland\/"},"wordCount":508,"commentCount":0,"image":{"@id":"https:\/\/www.richardappelbom.se\/index.php\/2021\/03\/15\/det-kan-bli-rorigt-i-tyskland\/#primaryimage"},"thumbnailUrl":"https:\/\/www.richardappelbom.se\/wp-content\/uploads\/2021\/03\/cdu-delstatsval-2021.jpg","articleSection":["Allm\u00e4n Posts"],"inLanguage":"en-US","potentialAction":[{"@type":"CommentAction","name":"Comment","target":["https:\/\/www.richardappelbom.se\/index.php\/2021\/03\/15\/det-kan-bli-rorigt-i-tyskland\/#respond"]}]},{"@type":"WebPage","@id":"https:\/\/www.richardappelbom.se\/index.php\/2021\/03\/15\/det-kan-bli-rorigt-i-tyskland\/","url":"https:\/\/www.richardappelbom.se\/index.php\/2021\/03\/15\/det-kan-bli-rorigt-i-tyskland\/","name":"Det kan bli r\u00f6rigt i Tyskland - Richard Appelbom","isPartOf":{"@id":"https:\/\/www.richardappelbom.se\/#website"},"primaryImageOfPage":{"@id":"https:\/\/www.richardappelbom.se\/index.php\/2021\/03\/15\/det-kan-bli-rorigt-i-tyskland\/#primaryimage"},"image":{"@id":"https:\/\/www.richardappelbom.se\/index.php\/2021\/03\/15\/det-kan-bli-rorigt-i-tyskland\/#primaryimage"},"thumbnailUrl":"https:\/\/www.richardappelbom.se\/wp-content\/uploads\/2021\/03\/cdu-delstatsval-2021.jpg","datePublished":"2021-03-15T18:58:03+00:00","dateModified":"2021-03-16T08:47:51+00:00","author":{"@id":"https:\/\/www.richardappelbom.se\/#\/schema\/person\/98f55ffd095155d902e585f10999a15d"},"description":"Tv\u00e5 delstatsval i Tyskland blev f\u00f6rluster f\u00f6r statsb\u00e4rande % Kristdemokraterna. Efter h\u00f6stens f\u00f6rbundsdagsval kan det bli kr\u00e5ngligt att bilda regering,","breadcrumb":{"@id":"https:\/\/www.richardappelbom.se\/index.php\/2021\/03\/15\/det-kan-bli-rorigt-i-tyskland\/#breadcrumb"},"inLanguage":"en-US","potentialAction":[{"@type":"ReadAction","target":["https:\/\/www.richardappelbom.se\/index.php\/2021\/03\/15\/det-kan-bli-rorigt-i-tyskland\/"]}]},{"@type":"ImageObject","inLanguage":"en-US","@id":"https:\/\/www.richardappelbom.se\/index.php\/2021\/03\/15\/det-kan-bli-rorigt-i-tyskland\/#primaryimage","url":"https:\/\/www.richardappelbom.se\/wp-content\/uploads\/2021\/03\/cdu-delstatsval-2021.jpg","contentUrl":"https:\/\/www.richardappelbom.se\/wp-content\/uploads\/2021\/03\/cdu-delstatsval-2021.jpg","width":275,"height":183},{"@type":"BreadcrumbList","@id":"https:\/\/www.richardappelbom.se\/index.php\/2021\/03\/15\/det-kan-bli-rorigt-i-tyskland\/#breadcrumb","itemListElement":[{"@type":"ListItem","position":1,"name":"Home","item":"https:\/\/www.richardappelbom.se\/"},{"@type":"ListItem","position":2,"name":"Det kan bli r\u00f6rigt i Tyskland"}]},{"@type":"WebSite","@id":"https:\/\/www.richardappelbom.se\/#website","url":"https:\/\/www.richardappelbom.se\/","name":"Richard Appelbom","description":"En blogg om val och valsystem","potentialAction":[{"@type":"SearchAction","target":{"@type":"EntryPoint","urlTemplate":"https:\/\/www.richardappelbom.se\/?s={search_term_string}"},"query-input":{"@type":"PropertyValueSpecification","valueRequired":true,"valueName":"search_term_string"}}],"inLanguage":"en-US"},{"@type":"Person","@id":"https:\/\/www.richardappelbom.se\/#\/schema\/person\/98f55ffd095155d902e585f10999a15d","name":"admin","image":{"@type":"ImageObject","inLanguage":"en-US","@id":"https:\/\/secure.gravatar.com\/avatar\/480edd36f6cc3945e6b2db9fdc6f78df2a3fb98b7b27925b8d810863cfa537e7?s=96&d=mm&r=g","url":"https:\/\/secure.gravatar.com\/avatar\/480edd36f6cc3945e6b2db9fdc6f78df2a3fb98b7b27925b8d810863cfa537e7?s=96&d=mm&r=g","contentUrl":"https:\/\/secure.gravatar.com\/avatar\/480edd36f6cc3945e6b2db9fdc6f78df2a3fb98b7b27925b8d810863cfa537e7?s=96&d=mm&r=g","caption":"admin"},"sameAs":["https:\/\/www.facebook.com\/rappelbom","https:\/\/twitter.com\/RichardAppelbom"],"url":"https:\/\/www.richardappelbom.se\/index.php\/author\/ra_j9l6616t\/"}]}},"jetpack_featured_media_url":"","jetpack_sharing_enabled":true,"_links":{"self":[{"href":"https:\/\/www.richardappelbom.se\/index.php\/wp-json\/wp\/v2\/posts\/175","targetHints":{"allow":["GET"]}}],"collection":[{"href":"https:\/\/www.richardappelbom.se\/index.php\/wp-json\/wp\/v2\/posts"}],"about":[{"href":"https:\/\/www.richardappelbom.se\/index.php\/wp-json\/wp\/v2\/types\/post"}],"author":[{"embeddable":true,"href":"https:\/\/www.richardappelbom.se\/index.php\/wp-json\/wp\/v2\/users\/1"}],"replies":[{"embeddable":true,"href":"https:\/\/www.richardappelbom.se\/index.php\/wp-json\/wp\/v2\/comments?post=175"}],"version-history":[{"count":3,"href":"https:\/\/www.richardappelbom.se\/index.php\/wp-json\/wp\/v2\/posts\/175\/revisions"}],"predecessor-version":[{"id":181,"href":"https:\/\/www.richardappelbom.se\/index.php\/wp-json\/wp\/v2\/posts\/175\/revisions\/181"}],"wp:attachment":[{"href":"https:\/\/www.richardappelbom.se\/index.php\/wp-json\/wp\/v2\/media?parent=175"}],"wp:term":[{"taxonomy":"category","embeddable":true,"href":"https:\/\/www.richardappelbom.se\/index.php\/wp-json\/wp\/v2\/categories?post=175"},{"taxonomy":"post_tag","embeddable":true,"href":"https:\/\/www.richardappelbom.se\/index.php\/wp-json\/wp\/v2\/tags?post=175"}],"curies":[{"name":"wp","href":"https:\/\/api.w.org\/{rel}","templated":true}]}}