{"id":182,"date":"2021-03-19T10:27:59","date_gmt":"2021-03-19T10:27:59","guid":{"rendered":"https:\/\/www.richardappelbom.se\/?p=182"},"modified":"2021-03-19T13:46:55","modified_gmt":"2021-03-19T13:46:55","slug":"oj-17-partier-i-nederlandska-parlamentet","status":"publish","type":"post","link":"https:\/\/www.richardappelbom.se\/index.php\/2021\/03\/19\/oj-17-partier-i-nederlandska-parlamentet\/","title":{"rendered":"Oj, 17 partier i nederl\u00e4ndska parlamentet"},"content":{"rendered":"\n<figure class=\"wp-block-image size-large is-resized\"><img loading=\"lazy\" decoding=\"async\" src=\"https:\/\/www.richardappelbom.se\/wp-content\/uploads\/2021\/03\/Ledare-D66.jpg\" alt=\"\" class=\"wp-image-183\" width=\"454\" height=\"574\"\/><figcaption>Valsegraren Sigrid Kaag, ledare f\u00f6r v\u00e4nsterliberala D66. Bild: Wikipedia<\/figcaption><\/figure>\n\n\n\n<p>Valet  till andra kammaren i Nederl\u00e4nderna \u00e4gde rum i coronapandemins skugga. Inga offentliga valm\u00f6ten, utom f\u00f6r h\u00f6gerpopulistiska Forum f\u00f6r demokrati, som drev kampanj mot restriktionerna. Valdagen var utstr\u00e4ckt till tre dagar, och de \u00f6ver 70 kunde brevr\u00f6sta. Valdeltagandet blev <a href=\"https:\/\/www.politico.eu\/article\/4-dutch-general-election-takeaways-mark-rutte\/\">h\u00f6gt, 82,6 procent.<\/a><\/p>\n\n\n\n<p>Verkar vara en bra modell att genomf\u00f6ra valet under en pandemi. Den &#8220;svenska&#8221; modellen med f\u00f6rtidsr\u00f6stning i vallokaler i alla val \u00e4r b\u00e4ttre, men detta tycks ha fungerat. \u00c4r skeptisk till brevr\u00f6stning i stor skala d\u00e5 det f\u00f6rsv\u00e5rar v\u00e4rnandet av r\u00f6sthemlighet och \u00f6kar m\u00f6jligheten f\u00f6r p\u00e5tryckningar, men under pandemin var det rimligt att p\u00e5 detta s\u00e4tt underl\u00e4tta r\u00f6standet f\u00f6r \u00e4ldre.<\/p>\n\n\n\n<p>Nederl\u00e4nderna har ingen sp\u00e4rrgr\u00e4ns, andra kammaren har 150 mandat och  hela landet \u00e4r en valkrets. Det inneb\u00e4r att det kr\u00e4vs mindre \u00e4n en procent av r\u00f6sterna f\u00f6r att f\u00e5 mandat! Efter det h\u00e4r valet har 17 (!) partier mandat. Nio av dem hade inte kommit in om Nederl\u00e4nderna hade haft en sp\u00e4rrgr\u00e4ns p\u00e5 fyra procent.<\/p>\n\n\n\n<p>Den l\u00e5ngtg\u00e5ende partisplittringen kan leda till handlingsf\u00f6rlamning. Flera av partierna \u00e4r utpr\u00e4glade enfr\u00e5ge- eller intressepartier, som Djurr\u00e4ttspartiet, \u00c4ldrepartiet,  och &#8220;Black lives matter&#8221; partiet.<\/p>\n\n\n\n<p>Hittills har de m\u00e5nga sm\u00e5partierna dock inte hindrat att majoritetsregeringar i de flesta fall har bildats. Dagens regeringskoalition <a href=\"https:\/\/en.wikipedia.org\/wiki\/2021_Dutch_general_election\">st\u00e4rkte antalet mandat<\/a> genom en klar framg\u00e5ng f\u00f6r v\u00e4nsterliberala och EU-v\u00e4nliga D66, en liten framg\u00e5ng f\u00f6r mer h\u00f6gerliberala och statsb\u00e4rande VVD, p\u00e5 st\u00e4llet marsch f\u00f6r det kristna moralkonservativa CU, men en tillbakag\u00e5ng f\u00f6r kristdemokratiska CDA.<\/p>\n\n\n\n<p>VVD hade nog f\u00f6rdel av att haft huvudansvaret under pandemin. I de flesta l\u00e4nder har de stora regeringspartierna g\u00e5tt fram, men den effekten ser ut att b\u00f6rja klinga bort. Kan ha varit till f\u00f6rdel f\u00f6r VVD att valet kom nu, och inte senare. <\/p>\n\n\n\n<p>Det talar f\u00f6r att dagens regering kan forts\u00e4tta. Men s\u00e4kert \u00e4r det inte. Regeringen saknar majoritet i f\u00f6rsta kammaren, och Kristdemokraterna kan vilja g\u00e5 ur och slicka sina s\u00e5r. D66 kr\u00e4ver en politik f\u00f6r mer j\u00e4mlikt, fritt och gr\u00f6nt Nederl\u00e4nderna.<\/p>\n\n\n\n<p>Bland v\u00e4ljarna som helhet fanns ingen v\u00e4nstervind. De h\u00f6gerpopulistiska och starkt konservativt kristna partierna fick sammantaget fler mandat. V\u00e4nsterpartierna gjorde ett uselt val. Gr\u00f6na  v\u00e4nstern (ungef\u00e4r MP) och Socialistpartiet (ung V) gick tillbaka och socialdemokraterna blev kvar p\u00e5 f\u00f6r partiet katastrofala 5-6 procent.<\/p>\n\n\n\n<p>Men inom regeringen st\u00e4rktes D66, partiet l\u00e4ngst till v\u00e4nster och mest internationalistiskt. Fr\u00e5gan \u00e4r hur det kommer att p\u00e5verka regeringen n\u00e4r det g\u00e4ller till exempel EU och migration. Volt, ett nytt pro-EU parti som st\u00e5r n\u00e4ra D66 fick ocks\u00e5 mandat.<\/p>\n\n\n\n<p>Tidigare var nederl\u00e4ndsk politik, trots valsystemet stabil. Socialdemokraterna, kristdemokraterna och h\u00f6gerliberala VVD dominerade. Konfliktlinjerna l\u00f6pte b\u00e5de enligt h\u00f6ger-v\u00e4nsterskalan och efter traditionell-frihetlig. Kristdemokraterna, <a href=\"https:\/\/en.wikipedia.org\/wiki\/Christian_Democratic_Appeal\">som oftast satt i regering<\/a>, var i mitten i ekonomiska fr\u00e5gor och mest traditionellt. <\/p>\n\n\n\n<p>Under 2000-talet har bilden \u00e4ndrats. H\u00f6gerpopulister, fr\u00e4mst PVV under Geert Wilders, har slagit sig in och Kristdemokraterna och Socialdemokraterna har g\u00e5tt kraftigt tillbaka. B\u00e5da efter att ha suttit i regering med VVD. <a href=\"https:\/\/www.dutchnews.nl\/news\/2021\/03\/same-team-different-blend-as-rutte-just-misses-out-on-dream-ticket\/\">Kristdemokraterna var djupt oeniga<\/a> n\u00e4r de 2010 gick in i regering under dagens premi\u00e4rminister Mark Rutte (VVD) som var beroende av st\u00f6d fr\u00e5n PVV. Samarbetet sprack sedan VVD dragit sig ur. I valet efter gick det riktigt d\u00e5ligt f\u00f6r Kristdemokraterna.<\/p>\n\n\n\n<p>D\u00e4refter bildade VVD och Socialdemokraterna koalition. Det gick riktigt illa f\u00f6r S, som nu i tv\u00e5 val efter varandra inte har f\u00e5tt mer \u00e4n 5-6 procent av r\u00f6sterna.<\/p>\n\n\n\n<p>D66 hade ocks\u00e5 tidigare en &#8220;f\u00f6rbannelse&#8221;. N\u00e4r partiet gick in i regering gick n\u00e4sta val d\u00e5ligt. Det \u00e4r nu brutet. L\u00e4nge s\u00e5g det ut att upprepas, under mandatperioden l\u00e5g D 66 l\u00e5ngt under valresultatet. Men under valr\u00f6relsen \u00f6kade partiet stadigt, och fick st\u00f6rre v\u00e4ljarandel och fler mandat \u00e4n f\u00f6rra valet <\/p>\n\n\n\n<p> <\/p>\n","protected":false},"excerpt":{"rendered":"<p>Valet till andra kammaren i Nederl\u00e4nderna \u00e4gde rum i coronapandemins skugga. Inga offentliga valm\u00f6ten, utom f\u00f6r h\u00f6gerpopulistiska Forum f\u00f6r demokrati, som drev kampanj mot restriktionerna. Valdagen var utstr\u00e4ckt till tre dagar, och de \u00f6ver 70 kunde brevr\u00f6sta. Valdeltagandet blev h\u00f6gt, 82,6 procent. Verkar vara en bra modell att genomf\u00f6ra valet under en pandemi. Den &#8220;svenska&#8221; [&hellip;]<\/p>\n","protected":false},"author":1,"featured_media":0,"comment_status":"open","ping_status":"closed","sticky":false,"template":"","format":"standard","meta":{"_jetpack_memberships_contains_paid_content":false,"footnotes":""},"categories":[10],"tags":[],"class_list":["post-182","post","type-post","status-publish","format-standard","hentry","category-allman-inlagg"],"yoast_head":"<!-- This site is optimized with the Yoast SEO plugin v27.2 - https:\/\/yoast.com\/product\/yoast-seo-wordpress\/ -->\n<title>Oj, 17 partier i nederl\u00e4ndska parlamentet - Richard Appelbom<\/title>\n<meta name=\"description\" content=\"Nederl\u00e4nderna har ingen sp\u00e4rrgr\u00e4ns, s\u00e5 17 (!) partier fick mandat. Men det b\u00f6r g\u00e5 att bilda en fungerande regering.\" \/>\n<meta name=\"robots\" content=\"index, follow, max-snippet:-1, max-image-preview:large, max-video-preview:-1\" \/>\n<link rel=\"canonical\" href=\"https:\/\/www.richardappelbom.se\/index.php\/2021\/03\/19\/oj-17-partier-i-nederlandska-parlamentet\/\" \/>\n<meta property=\"og:locale\" content=\"en_US\" \/>\n<meta property=\"og:type\" content=\"article\" \/>\n<meta property=\"og:title\" content=\"Oj, 17 partier i nederl\u00e4ndska parlamentet - Richard Appelbom\" \/>\n<meta property=\"og:description\" content=\"Nederl\u00e4nderna har ingen sp\u00e4rrgr\u00e4ns, s\u00e5 17 (!) partier fick mandat. Men det b\u00f6r g\u00e5 att bilda en fungerande regering.\" \/>\n<meta property=\"og:url\" content=\"https:\/\/www.richardappelbom.se\/index.php\/2021\/03\/19\/oj-17-partier-i-nederlandska-parlamentet\/\" \/>\n<meta property=\"og:site_name\" content=\"Richard Appelbom\" \/>\n<meta property=\"article:publisher\" content=\"https:\/\/www.facebook.com\/rappelbom\" \/>\n<meta property=\"article:author\" content=\"https:\/\/www.facebook.com\/rappelbom\" \/>\n<meta property=\"article:published_time\" content=\"2021-03-19T10:27:59+00:00\" \/>\n<meta property=\"article:modified_time\" content=\"2021-03-19T13:46:55+00:00\" \/>\n<meta property=\"og:image\" content=\"https:\/\/www.richardappelbom.se\/wp-content\/uploads\/2021\/03\/Ledare-D66.jpg\" \/>\n<meta name=\"author\" content=\"admin\" \/>\n<meta name=\"twitter:card\" content=\"summary_large_image\" \/>\n<meta name=\"twitter:creator\" content=\"@RichardAppelbom\" \/>\n<meta name=\"twitter:site\" content=\"@RichardAppelbom\" \/>\n<meta name=\"twitter:label1\" content=\"Written by\" \/>\n\t<meta name=\"twitter:data1\" content=\"admin\" \/>\n\t<meta name=\"twitter:label2\" content=\"Est. reading time\" \/>\n\t<meta name=\"twitter:data2\" content=\"3 minutes\" \/>\n<script type=\"application\/ld+json\" class=\"yoast-schema-graph\">{\"@context\":\"https:\/\/schema.org\",\"@graph\":[{\"@type\":\"Article\",\"@id\":\"https:\/\/www.richardappelbom.se\/index.php\/2021\/03\/19\/oj-17-partier-i-nederlandska-parlamentet\/#article\",\"isPartOf\":{\"@id\":\"https:\/\/www.richardappelbom.se\/index.php\/2021\/03\/19\/oj-17-partier-i-nederlandska-parlamentet\/\"},\"author\":{\"name\":\"admin\",\"@id\":\"https:\/\/www.richardappelbom.se\/#\/schema\/person\/98f55ffd095155d902e585f10999a15d\"},\"headline\":\"Oj, 17 partier i nederl\u00e4ndska parlamentet\",\"datePublished\":\"2021-03-19T10:27:59+00:00\",\"dateModified\":\"2021-03-19T13:46:55+00:00\",\"mainEntityOfPage\":{\"@id\":\"https:\/\/www.richardappelbom.se\/index.php\/2021\/03\/19\/oj-17-partier-i-nederlandska-parlamentet\/\"},\"wordCount\":717,\"commentCount\":0,\"image\":{\"@id\":\"https:\/\/www.richardappelbom.se\/index.php\/2021\/03\/19\/oj-17-partier-i-nederlandska-parlamentet\/#primaryimage\"},\"thumbnailUrl\":\"https:\/\/www.richardappelbom.se\/wp-content\/uploads\/2021\/03\/Ledare-D66.jpg\",\"articleSection\":[\"Allm\u00e4n Posts\"],\"inLanguage\":\"en-US\",\"potentialAction\":[{\"@type\":\"CommentAction\",\"name\":\"Comment\",\"target\":[\"https:\/\/www.richardappelbom.se\/index.php\/2021\/03\/19\/oj-17-partier-i-nederlandska-parlamentet\/#respond\"]}]},{\"@type\":\"WebPage\",\"@id\":\"https:\/\/www.richardappelbom.se\/index.php\/2021\/03\/19\/oj-17-partier-i-nederlandska-parlamentet\/\",\"url\":\"https:\/\/www.richardappelbom.se\/index.php\/2021\/03\/19\/oj-17-partier-i-nederlandska-parlamentet\/\",\"name\":\"Oj, 17 partier i nederl\u00e4ndska parlamentet - Richard Appelbom\",\"isPartOf\":{\"@id\":\"https:\/\/www.richardappelbom.se\/#website\"},\"primaryImageOfPage\":{\"@id\":\"https:\/\/www.richardappelbom.se\/index.php\/2021\/03\/19\/oj-17-partier-i-nederlandska-parlamentet\/#primaryimage\"},\"image\":{\"@id\":\"https:\/\/www.richardappelbom.se\/index.php\/2021\/03\/19\/oj-17-partier-i-nederlandska-parlamentet\/#primaryimage\"},\"thumbnailUrl\":\"https:\/\/www.richardappelbom.se\/wp-content\/uploads\/2021\/03\/Ledare-D66.jpg\",\"datePublished\":\"2021-03-19T10:27:59+00:00\",\"dateModified\":\"2021-03-19T13:46:55+00:00\",\"author\":{\"@id\":\"https:\/\/www.richardappelbom.se\/#\/schema\/person\/98f55ffd095155d902e585f10999a15d\"},\"description\":\"Nederl\u00e4nderna har ingen sp\u00e4rrgr\u00e4ns, s\u00e5 17 (!) partier fick mandat. Men det b\u00f6r g\u00e5 att bilda en fungerande regering.\",\"breadcrumb\":{\"@id\":\"https:\/\/www.richardappelbom.se\/index.php\/2021\/03\/19\/oj-17-partier-i-nederlandska-parlamentet\/#breadcrumb\"},\"inLanguage\":\"en-US\",\"potentialAction\":[{\"@type\":\"ReadAction\",\"target\":[\"https:\/\/www.richardappelbom.se\/index.php\/2021\/03\/19\/oj-17-partier-i-nederlandska-parlamentet\/\"]}]},{\"@type\":\"ImageObject\",\"inLanguage\":\"en-US\",\"@id\":\"https:\/\/www.richardappelbom.se\/index.php\/2021\/03\/19\/oj-17-partier-i-nederlandska-parlamentet\/#primaryimage\",\"url\":\"https:\/\/www.richardappelbom.se\/wp-content\/uploads\/2021\/03\/Ledare-D66.jpg\",\"contentUrl\":\"https:\/\/www.richardappelbom.se\/wp-content\/uploads\/2021\/03\/Ledare-D66.jpg\",\"width\":200,\"height\":253},{\"@type\":\"BreadcrumbList\",\"@id\":\"https:\/\/www.richardappelbom.se\/index.php\/2021\/03\/19\/oj-17-partier-i-nederlandska-parlamentet\/#breadcrumb\",\"itemListElement\":[{\"@type\":\"ListItem\",\"position\":1,\"name\":\"Home\",\"item\":\"https:\/\/www.richardappelbom.se\/\"},{\"@type\":\"ListItem\",\"position\":2,\"name\":\"Oj, 17 partier i nederl\u00e4ndska parlamentet\"}]},{\"@type\":\"WebSite\",\"@id\":\"https:\/\/www.richardappelbom.se\/#website\",\"url\":\"https:\/\/www.richardappelbom.se\/\",\"name\":\"Richard Appelbom\",\"description\":\"En blogg om val och valsystem\",\"potentialAction\":[{\"@type\":\"SearchAction\",\"target\":{\"@type\":\"EntryPoint\",\"urlTemplate\":\"https:\/\/www.richardappelbom.se\/?s={search_term_string}\"},\"query-input\":{\"@type\":\"PropertyValueSpecification\",\"valueRequired\":true,\"valueName\":\"search_term_string\"}}],\"inLanguage\":\"en-US\"},{\"@type\":\"Person\",\"@id\":\"https:\/\/www.richardappelbom.se\/#\/schema\/person\/98f55ffd095155d902e585f10999a15d\",\"name\":\"admin\",\"image\":{\"@type\":\"ImageObject\",\"inLanguage\":\"en-US\",\"@id\":\"https:\/\/secure.gravatar.com\/avatar\/480edd36f6cc3945e6b2db9fdc6f78df2a3fb98b7b27925b8d810863cfa537e7?s=96&d=mm&r=g\",\"url\":\"https:\/\/secure.gravatar.com\/avatar\/480edd36f6cc3945e6b2db9fdc6f78df2a3fb98b7b27925b8d810863cfa537e7?s=96&d=mm&r=g\",\"contentUrl\":\"https:\/\/secure.gravatar.com\/avatar\/480edd36f6cc3945e6b2db9fdc6f78df2a3fb98b7b27925b8d810863cfa537e7?s=96&d=mm&r=g\",\"caption\":\"admin\"},\"sameAs\":[\"https:\/\/www.facebook.com\/rappelbom\",\"https:\/\/twitter.com\/RichardAppelbom\"],\"url\":\"https:\/\/www.richardappelbom.se\/index.php\/author\/ra_j9l6616t\/\"}]}<\/script>\n<!-- \/ Yoast SEO plugin. -->","yoast_head_json":{"title":"Oj, 17 partier i nederl\u00e4ndska parlamentet - Richard Appelbom","description":"Nederl\u00e4nderna har ingen sp\u00e4rrgr\u00e4ns, s\u00e5 17 (!) partier fick mandat. Men det b\u00f6r g\u00e5 att bilda en fungerande regering.","robots":{"index":"index","follow":"follow","max-snippet":"max-snippet:-1","max-image-preview":"max-image-preview:large","max-video-preview":"max-video-preview:-1"},"canonical":"https:\/\/www.richardappelbom.se\/index.php\/2021\/03\/19\/oj-17-partier-i-nederlandska-parlamentet\/","og_locale":"en_US","og_type":"article","og_title":"Oj, 17 partier i nederl\u00e4ndska parlamentet - Richard Appelbom","og_description":"Nederl\u00e4nderna har ingen sp\u00e4rrgr\u00e4ns, s\u00e5 17 (!) partier fick mandat. Men det b\u00f6r g\u00e5 att bilda en fungerande regering.","og_url":"https:\/\/www.richardappelbom.se\/index.php\/2021\/03\/19\/oj-17-partier-i-nederlandska-parlamentet\/","og_site_name":"Richard Appelbom","article_publisher":"https:\/\/www.facebook.com\/rappelbom","article_author":"https:\/\/www.facebook.com\/rappelbom","article_published_time":"2021-03-19T10:27:59+00:00","article_modified_time":"2021-03-19T13:46:55+00:00","og_image":[{"url":"https:\/\/www.richardappelbom.se\/wp-content\/uploads\/2021\/03\/Ledare-D66.jpg","type":"","width":"","height":""}],"author":"admin","twitter_card":"summary_large_image","twitter_creator":"@RichardAppelbom","twitter_site":"@RichardAppelbom","twitter_misc":{"Written by":"admin","Est. reading time":"3 minutes"},"schema":{"@context":"https:\/\/schema.org","@graph":[{"@type":"Article","@id":"https:\/\/www.richardappelbom.se\/index.php\/2021\/03\/19\/oj-17-partier-i-nederlandska-parlamentet\/#article","isPartOf":{"@id":"https:\/\/www.richardappelbom.se\/index.php\/2021\/03\/19\/oj-17-partier-i-nederlandska-parlamentet\/"},"author":{"name":"admin","@id":"https:\/\/www.richardappelbom.se\/#\/schema\/person\/98f55ffd095155d902e585f10999a15d"},"headline":"Oj, 17 partier i nederl\u00e4ndska parlamentet","datePublished":"2021-03-19T10:27:59+00:00","dateModified":"2021-03-19T13:46:55+00:00","mainEntityOfPage":{"@id":"https:\/\/www.richardappelbom.se\/index.php\/2021\/03\/19\/oj-17-partier-i-nederlandska-parlamentet\/"},"wordCount":717,"commentCount":0,"image":{"@id":"https:\/\/www.richardappelbom.se\/index.php\/2021\/03\/19\/oj-17-partier-i-nederlandska-parlamentet\/#primaryimage"},"thumbnailUrl":"https:\/\/www.richardappelbom.se\/wp-content\/uploads\/2021\/03\/Ledare-D66.jpg","articleSection":["Allm\u00e4n Posts"],"inLanguage":"en-US","potentialAction":[{"@type":"CommentAction","name":"Comment","target":["https:\/\/www.richardappelbom.se\/index.php\/2021\/03\/19\/oj-17-partier-i-nederlandska-parlamentet\/#respond"]}]},{"@type":"WebPage","@id":"https:\/\/www.richardappelbom.se\/index.php\/2021\/03\/19\/oj-17-partier-i-nederlandska-parlamentet\/","url":"https:\/\/www.richardappelbom.se\/index.php\/2021\/03\/19\/oj-17-partier-i-nederlandska-parlamentet\/","name":"Oj, 17 partier i nederl\u00e4ndska parlamentet - Richard Appelbom","isPartOf":{"@id":"https:\/\/www.richardappelbom.se\/#website"},"primaryImageOfPage":{"@id":"https:\/\/www.richardappelbom.se\/index.php\/2021\/03\/19\/oj-17-partier-i-nederlandska-parlamentet\/#primaryimage"},"image":{"@id":"https:\/\/www.richardappelbom.se\/index.php\/2021\/03\/19\/oj-17-partier-i-nederlandska-parlamentet\/#primaryimage"},"thumbnailUrl":"https:\/\/www.richardappelbom.se\/wp-content\/uploads\/2021\/03\/Ledare-D66.jpg","datePublished":"2021-03-19T10:27:59+00:00","dateModified":"2021-03-19T13:46:55+00:00","author":{"@id":"https:\/\/www.richardappelbom.se\/#\/schema\/person\/98f55ffd095155d902e585f10999a15d"},"description":"Nederl\u00e4nderna har ingen sp\u00e4rrgr\u00e4ns, s\u00e5 17 (!) partier fick mandat. Men det b\u00f6r g\u00e5 att bilda en fungerande regering.","breadcrumb":{"@id":"https:\/\/www.richardappelbom.se\/index.php\/2021\/03\/19\/oj-17-partier-i-nederlandska-parlamentet\/#breadcrumb"},"inLanguage":"en-US","potentialAction":[{"@type":"ReadAction","target":["https:\/\/www.richardappelbom.se\/index.php\/2021\/03\/19\/oj-17-partier-i-nederlandska-parlamentet\/"]}]},{"@type":"ImageObject","inLanguage":"en-US","@id":"https:\/\/www.richardappelbom.se\/index.php\/2021\/03\/19\/oj-17-partier-i-nederlandska-parlamentet\/#primaryimage","url":"https:\/\/www.richardappelbom.se\/wp-content\/uploads\/2021\/03\/Ledare-D66.jpg","contentUrl":"https:\/\/www.richardappelbom.se\/wp-content\/uploads\/2021\/03\/Ledare-D66.jpg","width":200,"height":253},{"@type":"BreadcrumbList","@id":"https:\/\/www.richardappelbom.se\/index.php\/2021\/03\/19\/oj-17-partier-i-nederlandska-parlamentet\/#breadcrumb","itemListElement":[{"@type":"ListItem","position":1,"name":"Home","item":"https:\/\/www.richardappelbom.se\/"},{"@type":"ListItem","position":2,"name":"Oj, 17 partier i nederl\u00e4ndska parlamentet"}]},{"@type":"WebSite","@id":"https:\/\/www.richardappelbom.se\/#website","url":"https:\/\/www.richardappelbom.se\/","name":"Richard Appelbom","description":"En blogg om val och valsystem","potentialAction":[{"@type":"SearchAction","target":{"@type":"EntryPoint","urlTemplate":"https:\/\/www.richardappelbom.se\/?s={search_term_string}"},"query-input":{"@type":"PropertyValueSpecification","valueRequired":true,"valueName":"search_term_string"}}],"inLanguage":"en-US"},{"@type":"Person","@id":"https:\/\/www.richardappelbom.se\/#\/schema\/person\/98f55ffd095155d902e585f10999a15d","name":"admin","image":{"@type":"ImageObject","inLanguage":"en-US","@id":"https:\/\/secure.gravatar.com\/avatar\/480edd36f6cc3945e6b2db9fdc6f78df2a3fb98b7b27925b8d810863cfa537e7?s=96&d=mm&r=g","url":"https:\/\/secure.gravatar.com\/avatar\/480edd36f6cc3945e6b2db9fdc6f78df2a3fb98b7b27925b8d810863cfa537e7?s=96&d=mm&r=g","contentUrl":"https:\/\/secure.gravatar.com\/avatar\/480edd36f6cc3945e6b2db9fdc6f78df2a3fb98b7b27925b8d810863cfa537e7?s=96&d=mm&r=g","caption":"admin"},"sameAs":["https:\/\/www.facebook.com\/rappelbom","https:\/\/twitter.com\/RichardAppelbom"],"url":"https:\/\/www.richardappelbom.se\/index.php\/author\/ra_j9l6616t\/"}]}},"jetpack_featured_media_url":"","jetpack_sharing_enabled":true,"_links":{"self":[{"href":"https:\/\/www.richardappelbom.se\/index.php\/wp-json\/wp\/v2\/posts\/182","targetHints":{"allow":["GET"]}}],"collection":[{"href":"https:\/\/www.richardappelbom.se\/index.php\/wp-json\/wp\/v2\/posts"}],"about":[{"href":"https:\/\/www.richardappelbom.se\/index.php\/wp-json\/wp\/v2\/types\/post"}],"author":[{"embeddable":true,"href":"https:\/\/www.richardappelbom.se\/index.php\/wp-json\/wp\/v2\/users\/1"}],"replies":[{"embeddable":true,"href":"https:\/\/www.richardappelbom.se\/index.php\/wp-json\/wp\/v2\/comments?post=182"}],"version-history":[{"count":4,"href":"https:\/\/www.richardappelbom.se\/index.php\/wp-json\/wp\/v2\/posts\/182\/revisions"}],"predecessor-version":[{"id":189,"href":"https:\/\/www.richardappelbom.se\/index.php\/wp-json\/wp\/v2\/posts\/182\/revisions\/189"}],"wp:attachment":[{"href":"https:\/\/www.richardappelbom.se\/index.php\/wp-json\/wp\/v2\/media?parent=182"}],"wp:term":[{"taxonomy":"category","embeddable":true,"href":"https:\/\/www.richardappelbom.se\/index.php\/wp-json\/wp\/v2\/categories?post=182"},{"taxonomy":"post_tag","embeddable":true,"href":"https:\/\/www.richardappelbom.se\/index.php\/wp-json\/wp\/v2\/tags?post=182"}],"curies":[{"name":"wp","href":"https:\/\/api.w.org\/{rel}","templated":true}]}}