{"id":191,"date":"2021-03-26T08:18:22","date_gmt":"2021-03-26T08:18:22","guid":{"rendered":"https:\/\/www.richardappelbom.se\/?p=191"},"modified":"2021-03-26T08:18:23","modified_gmt":"2021-03-26T08:18:23","slug":"israel-har-fa-stora-och-manga-mindre-partier","status":"publish","type":"post","link":"https:\/\/www.richardappelbom.se\/index.php\/2021\/03\/26\/israel-har-fa-stora-och-manga-mindre-partier\/","title":{"rendered":"M\u00e5nga skiljelinjer i Israel"},"content":{"rendered":"\n<figure class=\"wp-block-image size-large is-resized\"><img loading=\"lazy\" decoding=\"async\" src=\"https:\/\/www.richardappelbom.se\/wp-content\/uploads\/2021\/03\/netanyahu.jpg\" alt=\"\" class=\"wp-image-192\" width=\"642\" height=\"574\"\/><figcaption>Premi\u00e4rminister Benjamin Netanyahu \u00e4r omstridd<\/figcaption><\/figure>\n\n\n\n<p>Valet i Israel var det fj\u00e4rde p\u00e5 fyra \u00e5r. Men inte heller denna g\u00e5ng <a href=\"https:\/\/en.wikipedia.org\/wiki\/2021_Israeli_legislative_election\">blev det n\u00e5got tydligt utslag. <\/a><\/p>\n\n\n\n<p>Israel har ett proportionellt valsystem, med 120 mandat och hela landet som en valkrets. Landet har en sm\u00e5partisp\u00e4rr med den n\u00e5got udda gr\u00e4nsen 3,25 procent.<\/p>\n\n\n\n<p>Regeringspartiet Likud under premi\u00e4rminister Benjamin Netanyahu var det enda partiet som fick mer \u00e4n 20 procent av r\u00f6sterna. Bara ett ytterligare parti, oppositionspartiet liberala Yesh Atid fick mer \u00e4n 10 procent. Det f\u00f6rsv\u00e5rar m\u00f6jligheten att bilda majoritetsregeringar, m\u00e5nga m\u00e5ste med. <\/p>\n\n\n\n<p>F\u00f6r socialdemokrater kan utvecklingen ses som ett orostecken. Arbetarpartiet var l\u00e4nge st\u00f6rst och statsb\u00e4rande. Nu f\u00e5r det 5-6 procent av r\u00f6sterna.<\/p>\n\n\n\n<p>Den l\u00e5ngtg\u00e5ende splittringen handlar ocks\u00e5 om konflikter i flera dimensioner. Israel kan ses som ett &#8220;f\u00f6reg\u00e5ngsland&#8221; n\u00e4r det g\u00e4ller att annat \u00e4n h\u00f6ger-v\u00e4nster sl\u00e5r igenom. H\u00e4r finns konflikter mellan sekul\u00e4ra och religi\u00f6sa, synen p\u00e5 relationerna med palestinier och grannl\u00e4nder. D\u00e4rtill kommer att premi\u00e4rminister <a href=\"https:\/\/www.dn.se\/varlden\/nathan-shachar-islamister-kan-hjalpa-israels-nationalisthoger-till-makten\/\">Netanyahu \u00e4r mycket kontroversiell och \u00e5talad f\u00f6r korruption.<\/a><\/p>\n\n\n\n<p>Det g\u00f6r det sv\u00e5rt att bilda stabila majoriteter. Risken finns att det blir \u00e4nnu ett nyval.<\/p>\n\n\n\n<p> <\/p>\n","protected":false},"excerpt":{"rendered":"<p>Valet i Israel var det fj\u00e4rde p\u00e5 fyra \u00e5r. Men inte heller denna g\u00e5ng blev det n\u00e5got tydligt utslag. Israel har ett proportionellt valsystem, med 120 mandat och hela landet som en valkrets. Landet har en sm\u00e5partisp\u00e4rr med den n\u00e5got udda gr\u00e4nsen 3,25 procent. Regeringspartiet Likud under premi\u00e4rminister Benjamin Netanyahu var det enda partiet som [&hellip;]<\/p>\n","protected":false},"author":1,"featured_media":0,"comment_status":"open","ping_status":"closed","sticky":false,"template":"","format":"standard","meta":{"_jetpack_memberships_contains_paid_content":false,"footnotes":""},"categories":[10],"tags":[],"class_list":["post-191","post","type-post","status-publish","format-standard","hentry","category-allman-inlagg"],"yoast_head":"<!-- This site is optimized with the Yoast SEO plugin v27.2 - https:\/\/yoast.com\/product\/yoast-seo-wordpress\/ -->\n<title>M\u00e5nga skiljelinjer i Israel - Richard Appelbom<\/title>\n<meta name=\"description\" content=\"Valet i Israel gav inget tydligt utslag. M\u00e5nga partier och flera olika konfliktlinjer g\u00f6r det sv\u00e5rt att bilda stabila regeringar\" \/>\n<meta name=\"robots\" content=\"index, follow, max-snippet:-1, max-image-preview:large, max-video-preview:-1\" \/>\n<link rel=\"canonical\" href=\"https:\/\/www.richardappelbom.se\/index.php\/2021\/03\/26\/israel-har-fa-stora-och-manga-mindre-partier\/\" \/>\n<meta property=\"og:locale\" content=\"en_US\" \/>\n<meta property=\"og:type\" content=\"article\" \/>\n<meta property=\"og:title\" content=\"M\u00e5nga skiljelinjer i Israel - Richard Appelbom\" \/>\n<meta property=\"og:description\" content=\"Valet i Israel gav inget tydligt utslag. M\u00e5nga partier och flera olika konfliktlinjer g\u00f6r det sv\u00e5rt att bilda stabila regeringar\" \/>\n<meta property=\"og:url\" content=\"https:\/\/www.richardappelbom.se\/index.php\/2021\/03\/26\/israel-har-fa-stora-och-manga-mindre-partier\/\" \/>\n<meta property=\"og:site_name\" content=\"Richard Appelbom\" \/>\n<meta property=\"article:publisher\" content=\"https:\/\/www.facebook.com\/rappelbom\" \/>\n<meta property=\"article:author\" content=\"https:\/\/www.facebook.com\/rappelbom\" \/>\n<meta property=\"article:published_time\" content=\"2021-03-26T08:18:22+00:00\" \/>\n<meta property=\"article:modified_time\" content=\"2021-03-26T08:18:23+00:00\" \/>\n<meta property=\"og:image\" content=\"https:\/\/www.richardappelbom.se\/wp-content\/uploads\/2021\/03\/netanyahu.jpg\" \/>\n<meta name=\"author\" content=\"admin\" \/>\n<meta name=\"twitter:card\" content=\"summary_large_image\" \/>\n<meta name=\"twitter:creator\" content=\"@RichardAppelbom\" \/>\n<meta name=\"twitter:site\" content=\"@RichardAppelbom\" \/>\n<meta name=\"twitter:label1\" content=\"Written by\" \/>\n\t<meta name=\"twitter:data1\" content=\"admin\" \/>\n\t<meta name=\"twitter:label2\" content=\"Est. reading time\" \/>\n\t<meta name=\"twitter:data2\" content=\"1 minute\" \/>\n<script type=\"application\/ld+json\" class=\"yoast-schema-graph\">{\"@context\":\"https:\/\/schema.org\",\"@graph\":[{\"@type\":\"Article\",\"@id\":\"https:\/\/www.richardappelbom.se\/index.php\/2021\/03\/26\/israel-har-fa-stora-och-manga-mindre-partier\/#article\",\"isPartOf\":{\"@id\":\"https:\/\/www.richardappelbom.se\/index.php\/2021\/03\/26\/israel-har-fa-stora-och-manga-mindre-partier\/\"},\"author\":{\"name\":\"admin\",\"@id\":\"https:\/\/www.richardappelbom.se\/#\/schema\/person\/98f55ffd095155d902e585f10999a15d\"},\"headline\":\"M\u00e5nga skiljelinjer i Israel\",\"datePublished\":\"2021-03-26T08:18:22+00:00\",\"dateModified\":\"2021-03-26T08:18:23+00:00\",\"mainEntityOfPage\":{\"@id\":\"https:\/\/www.richardappelbom.se\/index.php\/2021\/03\/26\/israel-har-fa-stora-och-manga-mindre-partier\/\"},\"wordCount\":217,\"commentCount\":0,\"image\":{\"@id\":\"https:\/\/www.richardappelbom.se\/index.php\/2021\/03\/26\/israel-har-fa-stora-och-manga-mindre-partier\/#primaryimage\"},\"thumbnailUrl\":\"https:\/\/www.richardappelbom.se\/wp-content\/uploads\/2021\/03\/netanyahu.jpg\",\"articleSection\":[\"Allm\u00e4n Posts\"],\"inLanguage\":\"en-US\",\"potentialAction\":[{\"@type\":\"CommentAction\",\"name\":\"Comment\",\"target\":[\"https:\/\/www.richardappelbom.se\/index.php\/2021\/03\/26\/israel-har-fa-stora-och-manga-mindre-partier\/#respond\"]}]},{\"@type\":\"WebPage\",\"@id\":\"https:\/\/www.richardappelbom.se\/index.php\/2021\/03\/26\/israel-har-fa-stora-och-manga-mindre-partier\/\",\"url\":\"https:\/\/www.richardappelbom.se\/index.php\/2021\/03\/26\/israel-har-fa-stora-och-manga-mindre-partier\/\",\"name\":\"M\u00e5nga skiljelinjer i Israel - Richard Appelbom\",\"isPartOf\":{\"@id\":\"https:\/\/www.richardappelbom.se\/#website\"},\"primaryImageOfPage\":{\"@id\":\"https:\/\/www.richardappelbom.se\/index.php\/2021\/03\/26\/israel-har-fa-stora-och-manga-mindre-partier\/#primaryimage\"},\"image\":{\"@id\":\"https:\/\/www.richardappelbom.se\/index.php\/2021\/03\/26\/israel-har-fa-stora-och-manga-mindre-partier\/#primaryimage\"},\"thumbnailUrl\":\"https:\/\/www.richardappelbom.se\/wp-content\/uploads\/2021\/03\/netanyahu.jpg\",\"datePublished\":\"2021-03-26T08:18:22+00:00\",\"dateModified\":\"2021-03-26T08:18:23+00:00\",\"author\":{\"@id\":\"https:\/\/www.richardappelbom.se\/#\/schema\/person\/98f55ffd095155d902e585f10999a15d\"},\"description\":\"Valet i Israel gav inget tydligt utslag. M\u00e5nga partier och flera olika konfliktlinjer g\u00f6r det sv\u00e5rt att bilda stabila regeringar\",\"breadcrumb\":{\"@id\":\"https:\/\/www.richardappelbom.se\/index.php\/2021\/03\/26\/israel-har-fa-stora-och-manga-mindre-partier\/#breadcrumb\"},\"inLanguage\":\"en-US\",\"potentialAction\":[{\"@type\":\"ReadAction\",\"target\":[\"https:\/\/www.richardappelbom.se\/index.php\/2021\/03\/26\/israel-har-fa-stora-och-manga-mindre-partier\/\"]}]},{\"@type\":\"ImageObject\",\"inLanguage\":\"en-US\",\"@id\":\"https:\/\/www.richardappelbom.se\/index.php\/2021\/03\/26\/israel-har-fa-stora-och-manga-mindre-partier\/#primaryimage\",\"url\":\"https:\/\/www.richardappelbom.se\/wp-content\/uploads\/2021\/03\/netanyahu.jpg\",\"contentUrl\":\"https:\/\/www.richardappelbom.se\/wp-content\/uploads\/2021\/03\/netanyahu.jpg\",\"width\":237,\"height\":212},{\"@type\":\"BreadcrumbList\",\"@id\":\"https:\/\/www.richardappelbom.se\/index.php\/2021\/03\/26\/israel-har-fa-stora-och-manga-mindre-partier\/#breadcrumb\",\"itemListElement\":[{\"@type\":\"ListItem\",\"position\":1,\"name\":\"Home\",\"item\":\"https:\/\/www.richardappelbom.se\/\"},{\"@type\":\"ListItem\",\"position\":2,\"name\":\"M\u00e5nga skiljelinjer i Israel\"}]},{\"@type\":\"WebSite\",\"@id\":\"https:\/\/www.richardappelbom.se\/#website\",\"url\":\"https:\/\/www.richardappelbom.se\/\",\"name\":\"Richard Appelbom\",\"description\":\"En blogg om val och valsystem\",\"potentialAction\":[{\"@type\":\"SearchAction\",\"target\":{\"@type\":\"EntryPoint\",\"urlTemplate\":\"https:\/\/www.richardappelbom.se\/?s={search_term_string}\"},\"query-input\":{\"@type\":\"PropertyValueSpecification\",\"valueRequired\":true,\"valueName\":\"search_term_string\"}}],\"inLanguage\":\"en-US\"},{\"@type\":\"Person\",\"@id\":\"https:\/\/www.richardappelbom.se\/#\/schema\/person\/98f55ffd095155d902e585f10999a15d\",\"name\":\"admin\",\"image\":{\"@type\":\"ImageObject\",\"inLanguage\":\"en-US\",\"@id\":\"https:\/\/secure.gravatar.com\/avatar\/480edd36f6cc3945e6b2db9fdc6f78df2a3fb98b7b27925b8d810863cfa537e7?s=96&d=mm&r=g\",\"url\":\"https:\/\/secure.gravatar.com\/avatar\/480edd36f6cc3945e6b2db9fdc6f78df2a3fb98b7b27925b8d810863cfa537e7?s=96&d=mm&r=g\",\"contentUrl\":\"https:\/\/secure.gravatar.com\/avatar\/480edd36f6cc3945e6b2db9fdc6f78df2a3fb98b7b27925b8d810863cfa537e7?s=96&d=mm&r=g\",\"caption\":\"admin\"},\"sameAs\":[\"https:\/\/www.facebook.com\/rappelbom\",\"https:\/\/twitter.com\/RichardAppelbom\"],\"url\":\"https:\/\/www.richardappelbom.se\/index.php\/author\/ra_j9l6616t\/\"}]}<\/script>\n<!-- \/ Yoast SEO plugin. -->","yoast_head_json":{"title":"M\u00e5nga skiljelinjer i Israel - Richard Appelbom","description":"Valet i Israel gav inget tydligt utslag. M\u00e5nga partier och flera olika konfliktlinjer g\u00f6r det sv\u00e5rt att bilda stabila regeringar","robots":{"index":"index","follow":"follow","max-snippet":"max-snippet:-1","max-image-preview":"max-image-preview:large","max-video-preview":"max-video-preview:-1"},"canonical":"https:\/\/www.richardappelbom.se\/index.php\/2021\/03\/26\/israel-har-fa-stora-och-manga-mindre-partier\/","og_locale":"en_US","og_type":"article","og_title":"M\u00e5nga skiljelinjer i Israel - Richard Appelbom","og_description":"Valet i Israel gav inget tydligt utslag. M\u00e5nga partier och flera olika konfliktlinjer g\u00f6r det sv\u00e5rt att bilda stabila regeringar","og_url":"https:\/\/www.richardappelbom.se\/index.php\/2021\/03\/26\/israel-har-fa-stora-och-manga-mindre-partier\/","og_site_name":"Richard Appelbom","article_publisher":"https:\/\/www.facebook.com\/rappelbom","article_author":"https:\/\/www.facebook.com\/rappelbom","article_published_time":"2021-03-26T08:18:22+00:00","article_modified_time":"2021-03-26T08:18:23+00:00","og_image":[{"url":"https:\/\/www.richardappelbom.se\/wp-content\/uploads\/2021\/03\/netanyahu.jpg","type":"","width":"","height":""}],"author":"admin","twitter_card":"summary_large_image","twitter_creator":"@RichardAppelbom","twitter_site":"@RichardAppelbom","twitter_misc":{"Written by":"admin","Est. reading time":"1 minute"},"schema":{"@context":"https:\/\/schema.org","@graph":[{"@type":"Article","@id":"https:\/\/www.richardappelbom.se\/index.php\/2021\/03\/26\/israel-har-fa-stora-och-manga-mindre-partier\/#article","isPartOf":{"@id":"https:\/\/www.richardappelbom.se\/index.php\/2021\/03\/26\/israel-har-fa-stora-och-manga-mindre-partier\/"},"author":{"name":"admin","@id":"https:\/\/www.richardappelbom.se\/#\/schema\/person\/98f55ffd095155d902e585f10999a15d"},"headline":"M\u00e5nga skiljelinjer i Israel","datePublished":"2021-03-26T08:18:22+00:00","dateModified":"2021-03-26T08:18:23+00:00","mainEntityOfPage":{"@id":"https:\/\/www.richardappelbom.se\/index.php\/2021\/03\/26\/israel-har-fa-stora-och-manga-mindre-partier\/"},"wordCount":217,"commentCount":0,"image":{"@id":"https:\/\/www.richardappelbom.se\/index.php\/2021\/03\/26\/israel-har-fa-stora-och-manga-mindre-partier\/#primaryimage"},"thumbnailUrl":"https:\/\/www.richardappelbom.se\/wp-content\/uploads\/2021\/03\/netanyahu.jpg","articleSection":["Allm\u00e4n Posts"],"inLanguage":"en-US","potentialAction":[{"@type":"CommentAction","name":"Comment","target":["https:\/\/www.richardappelbom.se\/index.php\/2021\/03\/26\/israel-har-fa-stora-och-manga-mindre-partier\/#respond"]}]},{"@type":"WebPage","@id":"https:\/\/www.richardappelbom.se\/index.php\/2021\/03\/26\/israel-har-fa-stora-och-manga-mindre-partier\/","url":"https:\/\/www.richardappelbom.se\/index.php\/2021\/03\/26\/israel-har-fa-stora-och-manga-mindre-partier\/","name":"M\u00e5nga skiljelinjer i Israel - Richard Appelbom","isPartOf":{"@id":"https:\/\/www.richardappelbom.se\/#website"},"primaryImageOfPage":{"@id":"https:\/\/www.richardappelbom.se\/index.php\/2021\/03\/26\/israel-har-fa-stora-och-manga-mindre-partier\/#primaryimage"},"image":{"@id":"https:\/\/www.richardappelbom.se\/index.php\/2021\/03\/26\/israel-har-fa-stora-och-manga-mindre-partier\/#primaryimage"},"thumbnailUrl":"https:\/\/www.richardappelbom.se\/wp-content\/uploads\/2021\/03\/netanyahu.jpg","datePublished":"2021-03-26T08:18:22+00:00","dateModified":"2021-03-26T08:18:23+00:00","author":{"@id":"https:\/\/www.richardappelbom.se\/#\/schema\/person\/98f55ffd095155d902e585f10999a15d"},"description":"Valet i Israel gav inget tydligt utslag. M\u00e5nga partier och flera olika konfliktlinjer g\u00f6r det sv\u00e5rt att bilda stabila regeringar","breadcrumb":{"@id":"https:\/\/www.richardappelbom.se\/index.php\/2021\/03\/26\/israel-har-fa-stora-och-manga-mindre-partier\/#breadcrumb"},"inLanguage":"en-US","potentialAction":[{"@type":"ReadAction","target":["https:\/\/www.richardappelbom.se\/index.php\/2021\/03\/26\/israel-har-fa-stora-och-manga-mindre-partier\/"]}]},{"@type":"ImageObject","inLanguage":"en-US","@id":"https:\/\/www.richardappelbom.se\/index.php\/2021\/03\/26\/israel-har-fa-stora-och-manga-mindre-partier\/#primaryimage","url":"https:\/\/www.richardappelbom.se\/wp-content\/uploads\/2021\/03\/netanyahu.jpg","contentUrl":"https:\/\/www.richardappelbom.se\/wp-content\/uploads\/2021\/03\/netanyahu.jpg","width":237,"height":212},{"@type":"BreadcrumbList","@id":"https:\/\/www.richardappelbom.se\/index.php\/2021\/03\/26\/israel-har-fa-stora-och-manga-mindre-partier\/#breadcrumb","itemListElement":[{"@type":"ListItem","position":1,"name":"Home","item":"https:\/\/www.richardappelbom.se\/"},{"@type":"ListItem","position":2,"name":"M\u00e5nga skiljelinjer i Israel"}]},{"@type":"WebSite","@id":"https:\/\/www.richardappelbom.se\/#website","url":"https:\/\/www.richardappelbom.se\/","name":"Richard Appelbom","description":"En blogg om val och valsystem","potentialAction":[{"@type":"SearchAction","target":{"@type":"EntryPoint","urlTemplate":"https:\/\/www.richardappelbom.se\/?s={search_term_string}"},"query-input":{"@type":"PropertyValueSpecification","valueRequired":true,"valueName":"search_term_string"}}],"inLanguage":"en-US"},{"@type":"Person","@id":"https:\/\/www.richardappelbom.se\/#\/schema\/person\/98f55ffd095155d902e585f10999a15d","name":"admin","image":{"@type":"ImageObject","inLanguage":"en-US","@id":"https:\/\/secure.gravatar.com\/avatar\/480edd36f6cc3945e6b2db9fdc6f78df2a3fb98b7b27925b8d810863cfa537e7?s=96&d=mm&r=g","url":"https:\/\/secure.gravatar.com\/avatar\/480edd36f6cc3945e6b2db9fdc6f78df2a3fb98b7b27925b8d810863cfa537e7?s=96&d=mm&r=g","contentUrl":"https:\/\/secure.gravatar.com\/avatar\/480edd36f6cc3945e6b2db9fdc6f78df2a3fb98b7b27925b8d810863cfa537e7?s=96&d=mm&r=g","caption":"admin"},"sameAs":["https:\/\/www.facebook.com\/rappelbom","https:\/\/twitter.com\/RichardAppelbom"],"url":"https:\/\/www.richardappelbom.se\/index.php\/author\/ra_j9l6616t\/"}]}},"jetpack_featured_media_url":"","jetpack_sharing_enabled":true,"_links":{"self":[{"href":"https:\/\/www.richardappelbom.se\/index.php\/wp-json\/wp\/v2\/posts\/191","targetHints":{"allow":["GET"]}}],"collection":[{"href":"https:\/\/www.richardappelbom.se\/index.php\/wp-json\/wp\/v2\/posts"}],"about":[{"href":"https:\/\/www.richardappelbom.se\/index.php\/wp-json\/wp\/v2\/types\/post"}],"author":[{"embeddable":true,"href":"https:\/\/www.richardappelbom.se\/index.php\/wp-json\/wp\/v2\/users\/1"}],"replies":[{"embeddable":true,"href":"https:\/\/www.richardappelbom.se\/index.php\/wp-json\/wp\/v2\/comments?post=191"}],"version-history":[{"count":1,"href":"https:\/\/www.richardappelbom.se\/index.php\/wp-json\/wp\/v2\/posts\/191\/revisions"}],"predecessor-version":[{"id":193,"href":"https:\/\/www.richardappelbom.se\/index.php\/wp-json\/wp\/v2\/posts\/191\/revisions\/193"}],"wp:attachment":[{"href":"https:\/\/www.richardappelbom.se\/index.php\/wp-json\/wp\/v2\/media?parent=191"}],"wp:term":[{"taxonomy":"category","embeddable":true,"href":"https:\/\/www.richardappelbom.se\/index.php\/wp-json\/wp\/v2\/categories?post=191"},{"taxonomy":"post_tag","embeddable":true,"href":"https:\/\/www.richardappelbom.se\/index.php\/wp-json\/wp\/v2\/tags?post=191"}],"curies":[{"name":"wp","href":"https:\/\/api.w.org\/{rel}","templated":true}]}}