{"id":195,"date":"2021-04-09T12:32:39","date_gmt":"2021-04-09T12:32:39","guid":{"rendered":"https:\/\/www.richardappelbom.se\/?p=195"},"modified":"2021-04-09T12:32:39","modified_gmt":"2021-04-09T12:32:39","slug":"protestval-i-bulgarien","status":"publish","type":"post","link":"https:\/\/www.richardappelbom.se\/index.php\/2021\/04\/09\/protestval-i-bulgarien\/","title":{"rendered":"Protestval i Bulgarien"},"content":{"rendered":"\n<figure class=\"wp-block-image size-large is-resized\"><img loading=\"lazy\" decoding=\"async\" src=\"https:\/\/www.richardappelbom.se\/wp-content\/uploads\/2021\/04\/bulgariens-parlament.jpg\" alt=\"\" class=\"wp-image-196\" width=\"639\" height=\"391\"\/><figcaption>Parlamentsbyggnaden i Bulgarien, d\u00e4r valet skakade om Bild fr\u00e5n Wikipedia.<br> <\/figcaption><\/figure>\n\n\n\n<p><a href=\"https:\/\/en.wikipedia.org\/wiki\/2021_Bulgarian_parliamentary_election\">Parlamentsvalet i Bulgarien <\/a>gick d\u00e5ligt f\u00f6r maktpartierna. Styrande GERB, som \u00e4r med i EPP, Moderaternas och Kristdemokraternas EU-parti, gick tillbaka fr\u00e5n 32 till 26 procent av r\u00f6sterna. \u00c4nnu st\u00f6rre var tillbakag\u00e5ngen f\u00f6r BSP, som \u00e4r med i Socialdemokraternas EU-parti. De minskade fr\u00e5n 27 till 15 procent. <\/p>\n\n\n\n<p>Valet var i mycket ett protestval<a href=\"https:\/\/www.msn.com\/en-us\/news\/world\/bulgaria-s-election-was-all-about-corruption-not-covid-19-here-are-4-takeaways\/ar-BB1focvG?ocid=uxbndlbing\"> mot korruption<\/a> och maktmissbruk, som riktades mot premi\u00e4rminister Boyko Borissov. Men ocks\u00e5 Socialistpartiet hamnade i sn\u00e5lbl\u00e5st f\u00f6r ett allt annat en fl\u00e4ckfritt f\u00f6rflutet och f\u00f6r splittring i partiet.  Mittenpartiet DPS, som har st\u00f6d fr\u00e5n m\u00e5nga av Bulgariens turkiska minoritet och ing\u00e5r i Centerns och Liberalernas grupp i EU, h\u00f6ll st\u00e4llningarna trots att partiet ocks\u00e5 f\u00e5tt kritik i samband med protesterna mot korruption. Partier som representerar spr\u00e5kminoriteter, (j\u00e4mf\u00f6r med Svenska Folkpartiet i Finland) kan i dagens i m\u00e5nga l\u00e4nder turbulenta politik ha stabilare v\u00e4ljarunderlag och bli viktiga n\u00e4r det ska bildas regering.<\/p>\n\n\n\n<p>Valets segrare var ett protestparti ITN &#8220;Det finns ett s\u00e5dant folk(nation) &#8221; (There is such a people) under s\u00e5ngaren och TV-personligheten Slavi Trifonov. Han st\u00e4llde inte upp i debatter, utan drev egen kampanj p\u00e5 sociala medier. Enligt <a href=\"https:\/\/en.wikipedia.org\/wiki\/There_Is_Such_A_People\">Wikipedia handlar partiets krav<\/a> mycket om s\u00e5dant som att inf\u00f6ra f\u00e4rre parlamentsledam\u00f6ter, det franska valsystemet med enpersonsvalkretsar i tv\u00e5 omg\u00e5ngar, valplikt kombinerat med e-r\u00f6stning. Tv\u00e5 andra partier , Mittenh\u00f6ger Demokratiska Bulgarien och mer uttalade protestpartiet Sl\u00e4ng ut Skurkarna med tidigare BSP-politikern Maya Manolova klarade ocks\u00e5 fyraprocentsp\u00e4rren f\u00f6r att komma in i parlamentet. Demokratiska Bulgarien fick m\u00e5nga r\u00f6ster i huvudstaden Sofia.<\/p>\n\n\n\n<p>Som i flera andra f\u00f6re detta kommuniststater r\u00f6star m\u00e5nga p\u00e5 partier som inte kommer in i parlamentet. \u00d6ver 17 procent av v\u00e4ljarna r\u00f6stade blankt eller p\u00e5 partier som inte klarade fyraprocentsp\u00e4rren.  Nationalistiska partier hade sv\u00e5rt att enas, vilket gjorde att inga klarade sp\u00e4rren.<\/p>\n\n\n\n<p>Sverige tycks vara ovanligt med ganska mycket taktikr\u00f6stande f\u00f6r att partier ska klara sig kvar. kan det bero p\u00e5 blockpolitiken? Vi har inslag av tv\u00e5partisystem trots proportionellt valsystem och m\u00e5nga partier. D\u00e5 g\u00e4ller det att se till att alla partier i &#8220;laget&#8221; kommer med.<\/p>\n\n\n\n<p>Det ser ut att bli sv\u00e5rt att bilda regering, trots att flera majoriteter \u00e4r teoretiskt t\u00e4nkbara. Men de nya partierna har sagt att de inte vill regera med de gamla maktpartierna, och s\u00e4rskilt inte med  Boyko Borissov. S\u00e5 antingen f\u00e5r n\u00e5got eller n\u00e5gra partier svika vad de tidigare har sagt eller blir det nyval. F\u00f6r nog vore det sn\u00f6pligt om de gamla maktpartierna skulle g\u00e5 samman och styra med en bred koalition, vilket vore m\u00f6jligt.<\/p>\n\n\n\n<p>Resultatet visar, som i flera andra l\u00e4nder, att det \u00e4r viktigt med folkligt f\u00f6rankrade stabila partier. Nybildade protestpartier, s\u00e4rskilt om de allm\u00e4nt g\u00e5r till kamp mot korruption och maktmissbruk utan att ha ledare med ideologisk f\u00f6rankring, riskerar att st\u00e4lla till mer oreda, och d\u00e5 bli en del av problemet snarare \u00e4n l\u00f6sningen. Vi f\u00e5r se hur det g\u00e5r i Bulgarien, d\u00e4r Putins Ryssland fiskar f\u00f6r st\u00f6d och inst\u00e4llningen till Nordmakedoniens ans\u00f6kan om EU-medlemskap har skapat bekymmer f\u00f6r EU. <\/p>\n\n\n\n<p> <\/p>\n","protected":false},"excerpt":{"rendered":"<p>Parlamentsvalet i Bulgarien gick d\u00e5ligt f\u00f6r maktpartierna. Styrande GERB, som \u00e4r med i EPP, Moderaternas och Kristdemokraternas EU-parti, gick tillbaka fr\u00e5n 32 till 26 procent av r\u00f6sterna. \u00c4nnu st\u00f6rre var tillbakag\u00e5ngen f\u00f6r BSP, som \u00e4r med i Socialdemokraternas EU-parti. De minskade fr\u00e5n 27 till 15 procent. Valet var i mycket ett protestval mot korruption och [&hellip;]<\/p>\n","protected":false},"author":1,"featured_media":0,"comment_status":"open","ping_status":"closed","sticky":false,"template":"","format":"standard","meta":{"_jetpack_memberships_contains_paid_content":false,"footnotes":""},"categories":[10],"tags":[],"class_list":["post-195","post","type-post","status-publish","format-standard","hentry","category-allman-inlagg"],"yoast_head":"<!-- This site is optimized with the Yoast SEO plugin v27.2 - https:\/\/yoast.com\/product\/yoast-seo-wordpress\/ -->\n<title>Protestval i Bulgarien - Richard Appelbom<\/title>\n<meta name=\"description\" content=\"Uppstickarpartier vann valet i Bulgarien, maktpartier tappade p\u00e5 v\u00e4ljarilska \u00f6ver korruption. Kan bli sv\u00e5rt att bilda en stabil regering\" \/>\n<meta name=\"robots\" content=\"index, follow, max-snippet:-1, max-image-preview:large, max-video-preview:-1\" \/>\n<link rel=\"canonical\" href=\"https:\/\/www.richardappelbom.se\/index.php\/2021\/04\/09\/protestval-i-bulgarien\/\" \/>\n<meta property=\"og:locale\" content=\"en_US\" \/>\n<meta property=\"og:type\" content=\"article\" \/>\n<meta property=\"og:title\" content=\"Protestval i Bulgarien - Richard Appelbom\" \/>\n<meta property=\"og:description\" content=\"Uppstickarpartier vann valet i Bulgarien, maktpartier tappade p\u00e5 v\u00e4ljarilska \u00f6ver korruption. Kan bli sv\u00e5rt att bilda en stabil regering\" \/>\n<meta property=\"og:url\" content=\"https:\/\/www.richardappelbom.se\/index.php\/2021\/04\/09\/protestval-i-bulgarien\/\" \/>\n<meta property=\"og:site_name\" content=\"Richard Appelbom\" \/>\n<meta property=\"article:publisher\" content=\"https:\/\/www.facebook.com\/rappelbom\" \/>\n<meta property=\"article:author\" content=\"https:\/\/www.facebook.com\/rappelbom\" \/>\n<meta property=\"article:published_time\" content=\"2021-04-09T12:32:39+00:00\" \/>\n<meta property=\"og:image\" content=\"https:\/\/www.richardappelbom.se\/wp-content\/uploads\/2021\/04\/bulgariens-parlament.jpg\" \/>\n<meta name=\"author\" content=\"admin\" \/>\n<meta name=\"twitter:card\" content=\"summary_large_image\" \/>\n<meta name=\"twitter:creator\" content=\"@RichardAppelbom\" \/>\n<meta name=\"twitter:site\" content=\"@RichardAppelbom\" \/>\n<meta name=\"twitter:label1\" content=\"Written by\" \/>\n\t<meta name=\"twitter:data1\" content=\"admin\" \/>\n\t<meta name=\"twitter:label2\" content=\"Est. reading time\" \/>\n\t<meta name=\"twitter:data2\" content=\"3 minutes\" \/>\n<script type=\"application\/ld+json\" class=\"yoast-schema-graph\">{\"@context\":\"https:\/\/schema.org\",\"@graph\":[{\"@type\":\"Article\",\"@id\":\"https:\/\/www.richardappelbom.se\/index.php\/2021\/04\/09\/protestval-i-bulgarien\/#article\",\"isPartOf\":{\"@id\":\"https:\/\/www.richardappelbom.se\/index.php\/2021\/04\/09\/protestval-i-bulgarien\/\"},\"author\":{\"name\":\"admin\",\"@id\":\"https:\/\/www.richardappelbom.se\/#\/schema\/person\/98f55ffd095155d902e585f10999a15d\"},\"headline\":\"Protestval i Bulgarien\",\"datePublished\":\"2021-04-09T12:32:39+00:00\",\"mainEntityOfPage\":{\"@id\":\"https:\/\/www.richardappelbom.se\/index.php\/2021\/04\/09\/protestval-i-bulgarien\/\"},\"wordCount\":571,\"commentCount\":0,\"image\":{\"@id\":\"https:\/\/www.richardappelbom.se\/index.php\/2021\/04\/09\/protestval-i-bulgarien\/#primaryimage\"},\"thumbnailUrl\":\"https:\/\/www.richardappelbom.se\/wp-content\/uploads\/2021\/04\/bulgariens-parlament.jpg\",\"articleSection\":[\"Allm\u00e4n Posts\"],\"inLanguage\":\"en-US\",\"potentialAction\":[{\"@type\":\"CommentAction\",\"name\":\"Comment\",\"target\":[\"https:\/\/www.richardappelbom.se\/index.php\/2021\/04\/09\/protestval-i-bulgarien\/#respond\"]}]},{\"@type\":\"WebPage\",\"@id\":\"https:\/\/www.richardappelbom.se\/index.php\/2021\/04\/09\/protestval-i-bulgarien\/\",\"url\":\"https:\/\/www.richardappelbom.se\/index.php\/2021\/04\/09\/protestval-i-bulgarien\/\",\"name\":\"Protestval i Bulgarien - Richard Appelbom\",\"isPartOf\":{\"@id\":\"https:\/\/www.richardappelbom.se\/#website\"},\"primaryImageOfPage\":{\"@id\":\"https:\/\/www.richardappelbom.se\/index.php\/2021\/04\/09\/protestval-i-bulgarien\/#primaryimage\"},\"image\":{\"@id\":\"https:\/\/www.richardappelbom.se\/index.php\/2021\/04\/09\/protestval-i-bulgarien\/#primaryimage\"},\"thumbnailUrl\":\"https:\/\/www.richardappelbom.se\/wp-content\/uploads\/2021\/04\/bulgariens-parlament.jpg\",\"datePublished\":\"2021-04-09T12:32:39+00:00\",\"author\":{\"@id\":\"https:\/\/www.richardappelbom.se\/#\/schema\/person\/98f55ffd095155d902e585f10999a15d\"},\"description\":\"Uppstickarpartier vann valet i Bulgarien, maktpartier tappade p\u00e5 v\u00e4ljarilska \u00f6ver korruption. Kan bli sv\u00e5rt att bilda en stabil regering\",\"breadcrumb\":{\"@id\":\"https:\/\/www.richardappelbom.se\/index.php\/2021\/04\/09\/protestval-i-bulgarien\/#breadcrumb\"},\"inLanguage\":\"en-US\",\"potentialAction\":[{\"@type\":\"ReadAction\",\"target\":[\"https:\/\/www.richardappelbom.se\/index.php\/2021\/04\/09\/protestval-i-bulgarien\/\"]}]},{\"@type\":\"ImageObject\",\"inLanguage\":\"en-US\",\"@id\":\"https:\/\/www.richardappelbom.se\/index.php\/2021\/04\/09\/protestval-i-bulgarien\/#primaryimage\",\"url\":\"https:\/\/www.richardappelbom.se\/wp-content\/uploads\/2021\/04\/bulgariens-parlament.jpg\",\"contentUrl\":\"https:\/\/www.richardappelbom.se\/wp-content\/uploads\/2021\/04\/bulgariens-parlament.jpg\",\"width\":170,\"height\":104},{\"@type\":\"BreadcrumbList\",\"@id\":\"https:\/\/www.richardappelbom.se\/index.php\/2021\/04\/09\/protestval-i-bulgarien\/#breadcrumb\",\"itemListElement\":[{\"@type\":\"ListItem\",\"position\":1,\"name\":\"Home\",\"item\":\"https:\/\/www.richardappelbom.se\/\"},{\"@type\":\"ListItem\",\"position\":2,\"name\":\"Protestval i Bulgarien\"}]},{\"@type\":\"WebSite\",\"@id\":\"https:\/\/www.richardappelbom.se\/#website\",\"url\":\"https:\/\/www.richardappelbom.se\/\",\"name\":\"Richard Appelbom\",\"description\":\"En blogg om val och valsystem\",\"potentialAction\":[{\"@type\":\"SearchAction\",\"target\":{\"@type\":\"EntryPoint\",\"urlTemplate\":\"https:\/\/www.richardappelbom.se\/?s={search_term_string}\"},\"query-input\":{\"@type\":\"PropertyValueSpecification\",\"valueRequired\":true,\"valueName\":\"search_term_string\"}}],\"inLanguage\":\"en-US\"},{\"@type\":\"Person\",\"@id\":\"https:\/\/www.richardappelbom.se\/#\/schema\/person\/98f55ffd095155d902e585f10999a15d\",\"name\":\"admin\",\"image\":{\"@type\":\"ImageObject\",\"inLanguage\":\"en-US\",\"@id\":\"https:\/\/secure.gravatar.com\/avatar\/480edd36f6cc3945e6b2db9fdc6f78df2a3fb98b7b27925b8d810863cfa537e7?s=96&d=mm&r=g\",\"url\":\"https:\/\/secure.gravatar.com\/avatar\/480edd36f6cc3945e6b2db9fdc6f78df2a3fb98b7b27925b8d810863cfa537e7?s=96&d=mm&r=g\",\"contentUrl\":\"https:\/\/secure.gravatar.com\/avatar\/480edd36f6cc3945e6b2db9fdc6f78df2a3fb98b7b27925b8d810863cfa537e7?s=96&d=mm&r=g\",\"caption\":\"admin\"},\"sameAs\":[\"https:\/\/www.facebook.com\/rappelbom\",\"https:\/\/twitter.com\/RichardAppelbom\"],\"url\":\"https:\/\/www.richardappelbom.se\/index.php\/author\/ra_j9l6616t\/\"}]}<\/script>\n<!-- \/ Yoast SEO plugin. -->","yoast_head_json":{"title":"Protestval i Bulgarien - Richard Appelbom","description":"Uppstickarpartier vann valet i Bulgarien, maktpartier tappade p\u00e5 v\u00e4ljarilska \u00f6ver korruption. Kan bli sv\u00e5rt att bilda en stabil regering","robots":{"index":"index","follow":"follow","max-snippet":"max-snippet:-1","max-image-preview":"max-image-preview:large","max-video-preview":"max-video-preview:-1"},"canonical":"https:\/\/www.richardappelbom.se\/index.php\/2021\/04\/09\/protestval-i-bulgarien\/","og_locale":"en_US","og_type":"article","og_title":"Protestval i Bulgarien - Richard Appelbom","og_description":"Uppstickarpartier vann valet i Bulgarien, maktpartier tappade p\u00e5 v\u00e4ljarilska \u00f6ver korruption. Kan bli sv\u00e5rt att bilda en stabil regering","og_url":"https:\/\/www.richardappelbom.se\/index.php\/2021\/04\/09\/protestval-i-bulgarien\/","og_site_name":"Richard Appelbom","article_publisher":"https:\/\/www.facebook.com\/rappelbom","article_author":"https:\/\/www.facebook.com\/rappelbom","article_published_time":"2021-04-09T12:32:39+00:00","og_image":[{"url":"https:\/\/www.richardappelbom.se\/wp-content\/uploads\/2021\/04\/bulgariens-parlament.jpg","type":"","width":"","height":""}],"author":"admin","twitter_card":"summary_large_image","twitter_creator":"@RichardAppelbom","twitter_site":"@RichardAppelbom","twitter_misc":{"Written by":"admin","Est. reading time":"3 minutes"},"schema":{"@context":"https:\/\/schema.org","@graph":[{"@type":"Article","@id":"https:\/\/www.richardappelbom.se\/index.php\/2021\/04\/09\/protestval-i-bulgarien\/#article","isPartOf":{"@id":"https:\/\/www.richardappelbom.se\/index.php\/2021\/04\/09\/protestval-i-bulgarien\/"},"author":{"name":"admin","@id":"https:\/\/www.richardappelbom.se\/#\/schema\/person\/98f55ffd095155d902e585f10999a15d"},"headline":"Protestval i Bulgarien","datePublished":"2021-04-09T12:32:39+00:00","mainEntityOfPage":{"@id":"https:\/\/www.richardappelbom.se\/index.php\/2021\/04\/09\/protestval-i-bulgarien\/"},"wordCount":571,"commentCount":0,"image":{"@id":"https:\/\/www.richardappelbom.se\/index.php\/2021\/04\/09\/protestval-i-bulgarien\/#primaryimage"},"thumbnailUrl":"https:\/\/www.richardappelbom.se\/wp-content\/uploads\/2021\/04\/bulgariens-parlament.jpg","articleSection":["Allm\u00e4n Posts"],"inLanguage":"en-US","potentialAction":[{"@type":"CommentAction","name":"Comment","target":["https:\/\/www.richardappelbom.se\/index.php\/2021\/04\/09\/protestval-i-bulgarien\/#respond"]}]},{"@type":"WebPage","@id":"https:\/\/www.richardappelbom.se\/index.php\/2021\/04\/09\/protestval-i-bulgarien\/","url":"https:\/\/www.richardappelbom.se\/index.php\/2021\/04\/09\/protestval-i-bulgarien\/","name":"Protestval i Bulgarien - Richard Appelbom","isPartOf":{"@id":"https:\/\/www.richardappelbom.se\/#website"},"primaryImageOfPage":{"@id":"https:\/\/www.richardappelbom.se\/index.php\/2021\/04\/09\/protestval-i-bulgarien\/#primaryimage"},"image":{"@id":"https:\/\/www.richardappelbom.se\/index.php\/2021\/04\/09\/protestval-i-bulgarien\/#primaryimage"},"thumbnailUrl":"https:\/\/www.richardappelbom.se\/wp-content\/uploads\/2021\/04\/bulgariens-parlament.jpg","datePublished":"2021-04-09T12:32:39+00:00","author":{"@id":"https:\/\/www.richardappelbom.se\/#\/schema\/person\/98f55ffd095155d902e585f10999a15d"},"description":"Uppstickarpartier vann valet i Bulgarien, maktpartier tappade p\u00e5 v\u00e4ljarilska \u00f6ver korruption. Kan bli sv\u00e5rt att bilda en stabil regering","breadcrumb":{"@id":"https:\/\/www.richardappelbom.se\/index.php\/2021\/04\/09\/protestval-i-bulgarien\/#breadcrumb"},"inLanguage":"en-US","potentialAction":[{"@type":"ReadAction","target":["https:\/\/www.richardappelbom.se\/index.php\/2021\/04\/09\/protestval-i-bulgarien\/"]}]},{"@type":"ImageObject","inLanguage":"en-US","@id":"https:\/\/www.richardappelbom.se\/index.php\/2021\/04\/09\/protestval-i-bulgarien\/#primaryimage","url":"https:\/\/www.richardappelbom.se\/wp-content\/uploads\/2021\/04\/bulgariens-parlament.jpg","contentUrl":"https:\/\/www.richardappelbom.se\/wp-content\/uploads\/2021\/04\/bulgariens-parlament.jpg","width":170,"height":104},{"@type":"BreadcrumbList","@id":"https:\/\/www.richardappelbom.se\/index.php\/2021\/04\/09\/protestval-i-bulgarien\/#breadcrumb","itemListElement":[{"@type":"ListItem","position":1,"name":"Home","item":"https:\/\/www.richardappelbom.se\/"},{"@type":"ListItem","position":2,"name":"Protestval i Bulgarien"}]},{"@type":"WebSite","@id":"https:\/\/www.richardappelbom.se\/#website","url":"https:\/\/www.richardappelbom.se\/","name":"Richard Appelbom","description":"En blogg om val och valsystem","potentialAction":[{"@type":"SearchAction","target":{"@type":"EntryPoint","urlTemplate":"https:\/\/www.richardappelbom.se\/?s={search_term_string}"},"query-input":{"@type":"PropertyValueSpecification","valueRequired":true,"valueName":"search_term_string"}}],"inLanguage":"en-US"},{"@type":"Person","@id":"https:\/\/www.richardappelbom.se\/#\/schema\/person\/98f55ffd095155d902e585f10999a15d","name":"admin","image":{"@type":"ImageObject","inLanguage":"en-US","@id":"https:\/\/secure.gravatar.com\/avatar\/480edd36f6cc3945e6b2db9fdc6f78df2a3fb98b7b27925b8d810863cfa537e7?s=96&d=mm&r=g","url":"https:\/\/secure.gravatar.com\/avatar\/480edd36f6cc3945e6b2db9fdc6f78df2a3fb98b7b27925b8d810863cfa537e7?s=96&d=mm&r=g","contentUrl":"https:\/\/secure.gravatar.com\/avatar\/480edd36f6cc3945e6b2db9fdc6f78df2a3fb98b7b27925b8d810863cfa537e7?s=96&d=mm&r=g","caption":"admin"},"sameAs":["https:\/\/www.facebook.com\/rappelbom","https:\/\/twitter.com\/RichardAppelbom"],"url":"https:\/\/www.richardappelbom.se\/index.php\/author\/ra_j9l6616t\/"}]}},"jetpack_featured_media_url":"","jetpack_sharing_enabled":true,"_links":{"self":[{"href":"https:\/\/www.richardappelbom.se\/index.php\/wp-json\/wp\/v2\/posts\/195","targetHints":{"allow":["GET"]}}],"collection":[{"href":"https:\/\/www.richardappelbom.se\/index.php\/wp-json\/wp\/v2\/posts"}],"about":[{"href":"https:\/\/www.richardappelbom.se\/index.php\/wp-json\/wp\/v2\/types\/post"}],"author":[{"embeddable":true,"href":"https:\/\/www.richardappelbom.se\/index.php\/wp-json\/wp\/v2\/users\/1"}],"replies":[{"embeddable":true,"href":"https:\/\/www.richardappelbom.se\/index.php\/wp-json\/wp\/v2\/comments?post=195"}],"version-history":[{"count":2,"href":"https:\/\/www.richardappelbom.se\/index.php\/wp-json\/wp\/v2\/posts\/195\/revisions"}],"predecessor-version":[{"id":198,"href":"https:\/\/www.richardappelbom.se\/index.php\/wp-json\/wp\/v2\/posts\/195\/revisions\/198"}],"wp:attachment":[{"href":"https:\/\/www.richardappelbom.se\/index.php\/wp-json\/wp\/v2\/media?parent=195"}],"wp:term":[{"taxonomy":"category","embeddable":true,"href":"https:\/\/www.richardappelbom.se\/index.php\/wp-json\/wp\/v2\/categories?post=195"},{"taxonomy":"post_tag","embeddable":true,"href":"https:\/\/www.richardappelbom.se\/index.php\/wp-json\/wp\/v2\/tags?post=195"}],"curies":[{"name":"wp","href":"https:\/\/api.w.org\/{rel}","templated":true}]}}