{"id":200,"date":"2021-05-09T13:27:00","date_gmt":"2021-05-09T13:27:00","guid":{"rendered":"https:\/\/www.richardappelbom.se\/?p=200"},"modified":"2021-05-10T07:04:11","modified_gmt":"2021-05-10T07:04:11","slug":"covid-gav-styrande-fordel-i-brittiska-val","status":"publish","type":"post","link":"https:\/\/www.richardappelbom.se\/index.php\/2021\/05\/09\/covid-gav-styrande-fordel-i-brittiska-val\/","title":{"rendered":"Covid gav styrande f\u00f6rdel i brittiska val"},"content":{"rendered":"\n<figure class=\"wp-block-image size-large is-resized\"><img loading=\"lazy\" decoding=\"async\" src=\"https:\/\/www.richardappelbom.se\/wp-content\/uploads\/2021\/05\/skotska-gransen.jpg\" alt=\"\" class=\"wp-image-201\" width=\"828\" height=\"621\" srcset=\"https:\/\/www.richardappelbom.se\/wp-content\/uploads\/2021\/05\/skotska-gransen.jpg 640w, https:\/\/www.richardappelbom.se\/wp-content\/uploads\/2021\/05\/skotska-gransen-300x225.jpg 300w\" sizes=\"auto, (max-width: 828px) 100vw, 828px\" \/><figcaption>Blir det gr\u00e4nskontroller om Skottland bryter sig ur den brittiska unionen? Bilden fr\u00e5n dagens odramatiska &#8220;gr\u00e4ns&#8221;.<\/figcaption><\/figure>\n\n\n\n<p>Det var <a href=\"https:\/\/www.bbc.com\/news\/politics\">gott om val i Storbritannien 6 maj.<\/a> Val till skotska och walesiska parlamenten, val till kommunala f\u00f6rsamlingar i England och direktval av borgm\u00e4stare, bland annat i London. <\/p>\n\n\n\n<p>Det Konservativa regeringspartiet (Tories) gjorde ett bra val i England, och vann ett fyllnadsval valkretsen Hartlepool. Socialdemokratiska Labour hade haft mandatet sedan valkretsen bildade f\u00f6r runt 50 \u00e5r sedan! De konservativa gick fram i flera<a href=\"https:\/\/www.bbc.com\/news\/topics\/c481drqqzv7t\/england-local-elections-2021\"> kommunala val i England. <\/a> Premi\u00e4rminister Boris Johnson kan vara n\u00f6jd.<\/p>\n\n\n\n<p><a href=\"https:\/\/www.bbc.com\/news\/topics\/c37d28xdn99t\/scottish-parliament-election-2021\">Valet i Skottland blev <\/a>en framg\u00e5ng f\u00f6r nationalistpartiet SNP som n\u00e4stan fick egen majoritet. Tillsammans med De Gr\u00f6na finns majoritet i skotska parlamentet f\u00f6r att l\u00e4mna Storbritannien, och f\u00f6rsteminister Nicola Sturgeon har redan kr\u00e4vt en ny folkomr\u00f6stning om sj\u00e4lvst\u00e4ndighet, trots att det den tidigare, som nejsidan vann med 55-45 procent var s\u00e5 pass n\u00e4ra i tiden som 2014 .<\/p>\n\n\n\n<p><a href=\"https:\/\/www.bbc.com\/news\/topics\/cqwn14k92zwt\/welsh-parliament-election-2021\">I Wales gick det bra f\u00f6r styrande Labour<\/a>, som likt SNP \u00e4r ett mandat fr\u00e5n egen majoritet. Borgm\u00e4starvalen hade olika utfall. I London blev <a href=\"https:\/\/www.bbc.com\/news\/topics\/c481drqqzv7t\/england-local-elections-2021#england-mayor\">Labourborgm\u00e4staren Sadiq Khan omvald,<\/a> men med mindre majoritet \u00e4n v\u00e4ntat. <\/p>\n\n\n\n<p>Fr\u00e5gan om<a href=\"https:\/\/www.bbc.com\/news\/uk-politics-57044089\"> skotsk sj\u00e4lvst\u00e4ndighet<\/a> kommer att bli en stor huvudv\u00e4rk f\u00f6r Boris Johnson, som inte vill g\u00e5  till historien som den premi\u00e4rminister som splittrade den brittiska unionen genom att driva igenom Brexit. Det har spekulerats mycket om Labours problem, de f\u00f6rlorar likt andra S-partier r\u00f6ster bland traditionella arbetarv\u00e4ljare. I Skottland till SNP, i England till Tories. Just nu v\u00e4ger det j\u00e4mnt mellan anh\u00e4ngare och motst\u00e5ndare till skotsk sj\u00e4lvst\u00e4ndighet.<\/p>\n\n\n\n<p>Normalt bukar regeringspartier, s\u00e4rskilt om de har styrt l\u00e4nge,  g\u00e5  tillbaka. Men den h\u00e4r g\u00e5ngen gick det bara f\u00f6r de styrande i England, Skottland och Wales. Covidpandemin tycks \u00e4nnu ge de som styr en f\u00f6rdel. Liknande  tendens i valen i Nederl\u00e4nderna och regionalvalen i Madrid i Spanien. Undantaget verkar vara Tyskland, d\u00e4r <a href=\"https:\/\/www.wahlrecht.de\/umfragen\/\">det g\u00e5r d\u00e5ligt f\u00f6r regerande CDU.<\/a><\/p>\n\n\n\n<p>Flera olika valsystem anv\u00e4ndes, men inte de proportionella val vi \u00e4r vana vid i Sverige. I Skottland och Wales en blandning av enpersonsvalkretsar och listmandat i regioner. Flest enpersonsvalkretsar i Skottland 73 av 129 och i Wales 40 av 60. Listmandaten ger en mer proportionellt utfall genom att partier som f\u00e5r m\u00e5nga valkretsmandat f\u00e5r f\u00e4rre eller inga i den regionala tilldelningen. Systemet kan dock &#8220;manipuleras&#8221; genom att v\u00e4ljarna har tv\u00e5 r\u00f6ster, en f\u00f6r valkretsen och en f\u00f6r regionen.<\/p>\n\n\n\n<p>Den som \u00e4r ganska s\u00e4ker p\u00e5 att det egna partiet f\u00f6r m\u00e5nga valkretsmandat kan d\u00e5 r\u00f6sta p\u00e5 ett annat parti d\u00e5 r\u00f6sten p\u00e5 det stora favoritpartiet sannolikt \u00e4r bortkastad (f\u00e5r inga listmandat d\u00e5 det redan har m\u00e5nga valkretsmandat). I Skottland taktikr\u00f6stade en del nationalister p\u00e5 det stora nationalistpartiet SNP i valkretsen och f\u00f6r regionmandaten p\u00e5 de Gr\u00f6na, som ocks\u00e5 vill bryta ut Skottland fr\u00e5n Storbritannien.<\/p>\n\n\n\n<p>Anh\u00e4ngare av ett enat Storbritannien kunde taktikr\u00f6sta \u00e5t andra h\u00e5llet. De kunde r\u00f6sta p\u00e5 den unionsv\u00e4nliga kandidaten som hade b\u00e4st chans att besegra SNP i valkretsen och r\u00f6sta p\u00e5 det egna favoritpartiet i regionvalet.<\/p>\n\n\n\n<p>B\u00e4ttre vore att antingen bara ge v\u00e4ljaren en r\u00f6st och l\u00e5ta den g\u00e4lla b\u00e5de i valkretsen och regionvalet. Det skulle minska lockelsen att taktikr\u00f6sta f\u00f6r s\u00e5v\u00e4l unionister och nationalister. \u00c4nnu b\u00e4ttre vore att ha preferensr\u00f6stning i valkretsen, d\u00e4r f\u00f6rstahandsr\u00f6sten anv\u00e4nds till att f\u00f6rdela utj\u00e4mningsmandaten (regionmandaten),<\/p>\n\n\n\n<p> Modellen som g\u00f6r att mandaten b\u00e4st motsvarar opinionen vore att g\u00f6ra som i Tyskland. Tv\u00e5 r\u00f6ster f\u00f6r v\u00e4ljaren. Valkretsr\u00f6sten g\u00e4ller bara d\u00e4r, och andrar\u00f6sten anv\u00e4nds f\u00f6r att ge en fullst\u00e4ndigt proportionell f\u00f6rdelning av mandaten i hela parlamentet, med en sp\u00e4rrgr\u00e4ns f\u00f6r mindre partier. ( 5 procent i Tyskland)<\/p>\n\n\n\n<p>I de flesta lokalvalen \u00e4r det enpersonsvalkretsar, medan borgm\u00e4starvalen har preferensr\u00f6stning. V\u00e4ljarna kan r\u00f6sta p\u00e5 en kandidat i andra hand. Om ingen f\u00e5r 50 procents f\u00f6rstahandsr\u00f6ster f\u00f6rdelas andrahandsr\u00f6sterna p\u00e5 de tv\u00e5 kandidater som har f\u00e5tt flest r\u00f6ster. Ett bra system n\u00e4r bara en person ska v\u00e4ljas, medan det inte blir proportionellt om en f\u00f6rsamling ska v\u00e4ljas.<\/p>\n\n\n\n<p>Fortsatta problem f\u00f6r Liberaldemokraterna, men de vann fyra enpersonsvalkretsar i Skottland. <a href=\"https:\/\/www.bbc.com\/news\/election\/2021\/scotland\/constituencies\/S16000135\">Liam McArthur fick 62 procent p\u00e5 Orkney\u00f6arna!<\/a> B\u00e4ttre \u00e4n svenska Liberalernas opinionssiffror om man s\u00e4ger s\u00e5&#8230; Fast Libdems opinionssiffror \u00f6ver st\u00f6rre omr\u00e5den \u00e4r ocks\u00e5 l\u00e5ga.<\/p>\n\n\n\n<p><\/p>\n","protected":false},"excerpt":{"rendered":"<p>Det var gott om val i Storbritannien 6 maj. Val till skotska och walesiska parlamenten, val till kommunala f\u00f6rsamlingar i England och direktval av borgm\u00e4stare, bland annat i London. Det Konservativa regeringspartiet (Tories) gjorde ett bra val i England, och vann ett fyllnadsval valkretsen Hartlepool. Socialdemokratiska Labour hade haft mandatet sedan valkretsen bildade f\u00f6r runt [&hellip;]<\/p>\n","protected":false},"author":1,"featured_media":0,"comment_status":"open","ping_status":"closed","sticky":false,"template":"","format":"standard","meta":{"_jetpack_memberships_contains_paid_content":false,"footnotes":""},"categories":[10],"tags":[],"class_list":["post-200","post","type-post","status-publish","format-standard","hentry","category-allman-inlagg"],"yoast_head":"<!-- This site is optimized with the Yoast SEO plugin v27.2 - https:\/\/yoast.com\/product\/yoast-seo-wordpress\/ -->\n<title>Covid gav styrande f\u00f6rdel i brittiska val - Richard Appelbom<\/title>\n<meta name=\"description\" content=\"Brittiska valen visade att det har l\u00f6nat sig att styra under pandemin. Fr\u00e5gan om Skottlands framtid (?) i den brittiska unionen blir br\u00e4nnande\" \/>\n<meta name=\"robots\" content=\"index, follow, max-snippet:-1, max-image-preview:large, max-video-preview:-1\" \/>\n<link rel=\"canonical\" href=\"https:\/\/www.richardappelbom.se\/index.php\/2021\/05\/09\/covid-gav-styrande-fordel-i-brittiska-val\/\" \/>\n<meta property=\"og:locale\" content=\"en_US\" \/>\n<meta property=\"og:type\" content=\"article\" \/>\n<meta property=\"og:title\" content=\"Covid gav styrande f\u00f6rdel i brittiska val - Richard Appelbom\" \/>\n<meta property=\"og:description\" content=\"Brittiska valen visade att det har l\u00f6nat sig att styra under pandemin. Fr\u00e5gan om Skottlands framtid (?) i den brittiska unionen blir br\u00e4nnande\" \/>\n<meta property=\"og:url\" content=\"https:\/\/www.richardappelbom.se\/index.php\/2021\/05\/09\/covid-gav-styrande-fordel-i-brittiska-val\/\" \/>\n<meta property=\"og:site_name\" content=\"Richard Appelbom\" \/>\n<meta property=\"article:publisher\" content=\"https:\/\/www.facebook.com\/rappelbom\" \/>\n<meta property=\"article:author\" content=\"https:\/\/www.facebook.com\/rappelbom\" \/>\n<meta property=\"article:published_time\" content=\"2021-05-09T13:27:00+00:00\" \/>\n<meta property=\"article:modified_time\" content=\"2021-05-10T07:04:11+00:00\" \/>\n<meta property=\"og:image\" content=\"https:\/\/www.richardappelbom.se\/wp-content\/uploads\/2021\/05\/skotska-gransen.jpg\" \/>\n<meta name=\"author\" content=\"admin\" \/>\n<meta name=\"twitter:card\" content=\"summary_large_image\" \/>\n<meta name=\"twitter:creator\" content=\"@RichardAppelbom\" \/>\n<meta name=\"twitter:site\" content=\"@RichardAppelbom\" \/>\n<meta name=\"twitter:label1\" content=\"Written by\" \/>\n\t<meta name=\"twitter:data1\" content=\"admin\" \/>\n\t<meta name=\"twitter:label2\" content=\"Est. reading time\" \/>\n\t<meta name=\"twitter:data2\" content=\"4 minutes\" \/>\n<script type=\"application\/ld+json\" class=\"yoast-schema-graph\">{\"@context\":\"https:\/\/schema.org\",\"@graph\":[{\"@type\":\"Article\",\"@id\":\"https:\/\/www.richardappelbom.se\/index.php\/2021\/05\/09\/covid-gav-styrande-fordel-i-brittiska-val\/#article\",\"isPartOf\":{\"@id\":\"https:\/\/www.richardappelbom.se\/index.php\/2021\/05\/09\/covid-gav-styrande-fordel-i-brittiska-val\/\"},\"author\":{\"name\":\"admin\",\"@id\":\"https:\/\/www.richardappelbom.se\/#\/schema\/person\/98f55ffd095155d902e585f10999a15d\"},\"headline\":\"Covid gav styrande f\u00f6rdel i brittiska val\",\"datePublished\":\"2021-05-09T13:27:00+00:00\",\"dateModified\":\"2021-05-10T07:04:11+00:00\",\"mainEntityOfPage\":{\"@id\":\"https:\/\/www.richardappelbom.se\/index.php\/2021\/05\/09\/covid-gav-styrande-fordel-i-brittiska-val\/\"},\"wordCount\":802,\"commentCount\":0,\"image\":{\"@id\":\"https:\/\/www.richardappelbom.se\/index.php\/2021\/05\/09\/covid-gav-styrande-fordel-i-brittiska-val\/#primaryimage\"},\"thumbnailUrl\":\"https:\/\/www.richardappelbom.se\/wp-content\/uploads\/2021\/05\/skotska-gransen.jpg\",\"articleSection\":[\"Allm\u00e4n Posts\"],\"inLanguage\":\"en-US\",\"potentialAction\":[{\"@type\":\"CommentAction\",\"name\":\"Comment\",\"target\":[\"https:\/\/www.richardappelbom.se\/index.php\/2021\/05\/09\/covid-gav-styrande-fordel-i-brittiska-val\/#respond\"]}]},{\"@type\":\"WebPage\",\"@id\":\"https:\/\/www.richardappelbom.se\/index.php\/2021\/05\/09\/covid-gav-styrande-fordel-i-brittiska-val\/\",\"url\":\"https:\/\/www.richardappelbom.se\/index.php\/2021\/05\/09\/covid-gav-styrande-fordel-i-brittiska-val\/\",\"name\":\"Covid gav styrande f\u00f6rdel i brittiska val - Richard Appelbom\",\"isPartOf\":{\"@id\":\"https:\/\/www.richardappelbom.se\/#website\"},\"primaryImageOfPage\":{\"@id\":\"https:\/\/www.richardappelbom.se\/index.php\/2021\/05\/09\/covid-gav-styrande-fordel-i-brittiska-val\/#primaryimage\"},\"image\":{\"@id\":\"https:\/\/www.richardappelbom.se\/index.php\/2021\/05\/09\/covid-gav-styrande-fordel-i-brittiska-val\/#primaryimage\"},\"thumbnailUrl\":\"https:\/\/www.richardappelbom.se\/wp-content\/uploads\/2021\/05\/skotska-gransen.jpg\",\"datePublished\":\"2021-05-09T13:27:00+00:00\",\"dateModified\":\"2021-05-10T07:04:11+00:00\",\"author\":{\"@id\":\"https:\/\/www.richardappelbom.se\/#\/schema\/person\/98f55ffd095155d902e585f10999a15d\"},\"description\":\"Brittiska valen visade att det har l\u00f6nat sig att styra under pandemin. Fr\u00e5gan om Skottlands framtid (?) i den brittiska unionen blir br\u00e4nnande\",\"breadcrumb\":{\"@id\":\"https:\/\/www.richardappelbom.se\/index.php\/2021\/05\/09\/covid-gav-styrande-fordel-i-brittiska-val\/#breadcrumb\"},\"inLanguage\":\"en-US\",\"potentialAction\":[{\"@type\":\"ReadAction\",\"target\":[\"https:\/\/www.richardappelbom.se\/index.php\/2021\/05\/09\/covid-gav-styrande-fordel-i-brittiska-val\/\"]}]},{\"@type\":\"ImageObject\",\"inLanguage\":\"en-US\",\"@id\":\"https:\/\/www.richardappelbom.se\/index.php\/2021\/05\/09\/covid-gav-styrande-fordel-i-brittiska-val\/#primaryimage\",\"url\":\"https:\/\/www.richardappelbom.se\/wp-content\/uploads\/2021\/05\/skotska-gransen.jpg\",\"contentUrl\":\"https:\/\/www.richardappelbom.se\/wp-content\/uploads\/2021\/05\/skotska-gransen.jpg\",\"width\":640,\"height\":480},{\"@type\":\"BreadcrumbList\",\"@id\":\"https:\/\/www.richardappelbom.se\/index.php\/2021\/05\/09\/covid-gav-styrande-fordel-i-brittiska-val\/#breadcrumb\",\"itemListElement\":[{\"@type\":\"ListItem\",\"position\":1,\"name\":\"Home\",\"item\":\"https:\/\/www.richardappelbom.se\/\"},{\"@type\":\"ListItem\",\"position\":2,\"name\":\"Covid gav styrande f\u00f6rdel i brittiska val\"}]},{\"@type\":\"WebSite\",\"@id\":\"https:\/\/www.richardappelbom.se\/#website\",\"url\":\"https:\/\/www.richardappelbom.se\/\",\"name\":\"Richard Appelbom\",\"description\":\"En blogg om val och valsystem\",\"potentialAction\":[{\"@type\":\"SearchAction\",\"target\":{\"@type\":\"EntryPoint\",\"urlTemplate\":\"https:\/\/www.richardappelbom.se\/?s={search_term_string}\"},\"query-input\":{\"@type\":\"PropertyValueSpecification\",\"valueRequired\":true,\"valueName\":\"search_term_string\"}}],\"inLanguage\":\"en-US\"},{\"@type\":\"Person\",\"@id\":\"https:\/\/www.richardappelbom.se\/#\/schema\/person\/98f55ffd095155d902e585f10999a15d\",\"name\":\"admin\",\"image\":{\"@type\":\"ImageObject\",\"inLanguage\":\"en-US\",\"@id\":\"https:\/\/secure.gravatar.com\/avatar\/480edd36f6cc3945e6b2db9fdc6f78df2a3fb98b7b27925b8d810863cfa537e7?s=96&d=mm&r=g\",\"url\":\"https:\/\/secure.gravatar.com\/avatar\/480edd36f6cc3945e6b2db9fdc6f78df2a3fb98b7b27925b8d810863cfa537e7?s=96&d=mm&r=g\",\"contentUrl\":\"https:\/\/secure.gravatar.com\/avatar\/480edd36f6cc3945e6b2db9fdc6f78df2a3fb98b7b27925b8d810863cfa537e7?s=96&d=mm&r=g\",\"caption\":\"admin\"},\"sameAs\":[\"https:\/\/www.facebook.com\/rappelbom\",\"https:\/\/twitter.com\/RichardAppelbom\"],\"url\":\"https:\/\/www.richardappelbom.se\/index.php\/author\/ra_j9l6616t\/\"}]}<\/script>\n<!-- \/ Yoast SEO plugin. -->","yoast_head_json":{"title":"Covid gav styrande f\u00f6rdel i brittiska val - Richard Appelbom","description":"Brittiska valen visade att det har l\u00f6nat sig att styra under pandemin. Fr\u00e5gan om Skottlands framtid (?) i den brittiska unionen blir br\u00e4nnande","robots":{"index":"index","follow":"follow","max-snippet":"max-snippet:-1","max-image-preview":"max-image-preview:large","max-video-preview":"max-video-preview:-1"},"canonical":"https:\/\/www.richardappelbom.se\/index.php\/2021\/05\/09\/covid-gav-styrande-fordel-i-brittiska-val\/","og_locale":"en_US","og_type":"article","og_title":"Covid gav styrande f\u00f6rdel i brittiska val - Richard Appelbom","og_description":"Brittiska valen visade att det har l\u00f6nat sig att styra under pandemin. Fr\u00e5gan om Skottlands framtid (?) i den brittiska unionen blir br\u00e4nnande","og_url":"https:\/\/www.richardappelbom.se\/index.php\/2021\/05\/09\/covid-gav-styrande-fordel-i-brittiska-val\/","og_site_name":"Richard Appelbom","article_publisher":"https:\/\/www.facebook.com\/rappelbom","article_author":"https:\/\/www.facebook.com\/rappelbom","article_published_time":"2021-05-09T13:27:00+00:00","article_modified_time":"2021-05-10T07:04:11+00:00","og_image":[{"url":"https:\/\/www.richardappelbom.se\/wp-content\/uploads\/2021\/05\/skotska-gransen.jpg","type":"","width":"","height":""}],"author":"admin","twitter_card":"summary_large_image","twitter_creator":"@RichardAppelbom","twitter_site":"@RichardAppelbom","twitter_misc":{"Written by":"admin","Est. reading time":"4 minutes"},"schema":{"@context":"https:\/\/schema.org","@graph":[{"@type":"Article","@id":"https:\/\/www.richardappelbom.se\/index.php\/2021\/05\/09\/covid-gav-styrande-fordel-i-brittiska-val\/#article","isPartOf":{"@id":"https:\/\/www.richardappelbom.se\/index.php\/2021\/05\/09\/covid-gav-styrande-fordel-i-brittiska-val\/"},"author":{"name":"admin","@id":"https:\/\/www.richardappelbom.se\/#\/schema\/person\/98f55ffd095155d902e585f10999a15d"},"headline":"Covid gav styrande f\u00f6rdel i brittiska val","datePublished":"2021-05-09T13:27:00+00:00","dateModified":"2021-05-10T07:04:11+00:00","mainEntityOfPage":{"@id":"https:\/\/www.richardappelbom.se\/index.php\/2021\/05\/09\/covid-gav-styrande-fordel-i-brittiska-val\/"},"wordCount":802,"commentCount":0,"image":{"@id":"https:\/\/www.richardappelbom.se\/index.php\/2021\/05\/09\/covid-gav-styrande-fordel-i-brittiska-val\/#primaryimage"},"thumbnailUrl":"https:\/\/www.richardappelbom.se\/wp-content\/uploads\/2021\/05\/skotska-gransen.jpg","articleSection":["Allm\u00e4n Posts"],"inLanguage":"en-US","potentialAction":[{"@type":"CommentAction","name":"Comment","target":["https:\/\/www.richardappelbom.se\/index.php\/2021\/05\/09\/covid-gav-styrande-fordel-i-brittiska-val\/#respond"]}]},{"@type":"WebPage","@id":"https:\/\/www.richardappelbom.se\/index.php\/2021\/05\/09\/covid-gav-styrande-fordel-i-brittiska-val\/","url":"https:\/\/www.richardappelbom.se\/index.php\/2021\/05\/09\/covid-gav-styrande-fordel-i-brittiska-val\/","name":"Covid gav styrande f\u00f6rdel i brittiska val - Richard Appelbom","isPartOf":{"@id":"https:\/\/www.richardappelbom.se\/#website"},"primaryImageOfPage":{"@id":"https:\/\/www.richardappelbom.se\/index.php\/2021\/05\/09\/covid-gav-styrande-fordel-i-brittiska-val\/#primaryimage"},"image":{"@id":"https:\/\/www.richardappelbom.se\/index.php\/2021\/05\/09\/covid-gav-styrande-fordel-i-brittiska-val\/#primaryimage"},"thumbnailUrl":"https:\/\/www.richardappelbom.se\/wp-content\/uploads\/2021\/05\/skotska-gransen.jpg","datePublished":"2021-05-09T13:27:00+00:00","dateModified":"2021-05-10T07:04:11+00:00","author":{"@id":"https:\/\/www.richardappelbom.se\/#\/schema\/person\/98f55ffd095155d902e585f10999a15d"},"description":"Brittiska valen visade att det har l\u00f6nat sig att styra under pandemin. Fr\u00e5gan om Skottlands framtid (?) i den brittiska unionen blir br\u00e4nnande","breadcrumb":{"@id":"https:\/\/www.richardappelbom.se\/index.php\/2021\/05\/09\/covid-gav-styrande-fordel-i-brittiska-val\/#breadcrumb"},"inLanguage":"en-US","potentialAction":[{"@type":"ReadAction","target":["https:\/\/www.richardappelbom.se\/index.php\/2021\/05\/09\/covid-gav-styrande-fordel-i-brittiska-val\/"]}]},{"@type":"ImageObject","inLanguage":"en-US","@id":"https:\/\/www.richardappelbom.se\/index.php\/2021\/05\/09\/covid-gav-styrande-fordel-i-brittiska-val\/#primaryimage","url":"https:\/\/www.richardappelbom.se\/wp-content\/uploads\/2021\/05\/skotska-gransen.jpg","contentUrl":"https:\/\/www.richardappelbom.se\/wp-content\/uploads\/2021\/05\/skotska-gransen.jpg","width":640,"height":480},{"@type":"BreadcrumbList","@id":"https:\/\/www.richardappelbom.se\/index.php\/2021\/05\/09\/covid-gav-styrande-fordel-i-brittiska-val\/#breadcrumb","itemListElement":[{"@type":"ListItem","position":1,"name":"Home","item":"https:\/\/www.richardappelbom.se\/"},{"@type":"ListItem","position":2,"name":"Covid gav styrande f\u00f6rdel i brittiska val"}]},{"@type":"WebSite","@id":"https:\/\/www.richardappelbom.se\/#website","url":"https:\/\/www.richardappelbom.se\/","name":"Richard Appelbom","description":"En blogg om val och valsystem","potentialAction":[{"@type":"SearchAction","target":{"@type":"EntryPoint","urlTemplate":"https:\/\/www.richardappelbom.se\/?s={search_term_string}"},"query-input":{"@type":"PropertyValueSpecification","valueRequired":true,"valueName":"search_term_string"}}],"inLanguage":"en-US"},{"@type":"Person","@id":"https:\/\/www.richardappelbom.se\/#\/schema\/person\/98f55ffd095155d902e585f10999a15d","name":"admin","image":{"@type":"ImageObject","inLanguage":"en-US","@id":"https:\/\/secure.gravatar.com\/avatar\/480edd36f6cc3945e6b2db9fdc6f78df2a3fb98b7b27925b8d810863cfa537e7?s=96&d=mm&r=g","url":"https:\/\/secure.gravatar.com\/avatar\/480edd36f6cc3945e6b2db9fdc6f78df2a3fb98b7b27925b8d810863cfa537e7?s=96&d=mm&r=g","contentUrl":"https:\/\/secure.gravatar.com\/avatar\/480edd36f6cc3945e6b2db9fdc6f78df2a3fb98b7b27925b8d810863cfa537e7?s=96&d=mm&r=g","caption":"admin"},"sameAs":["https:\/\/www.facebook.com\/rappelbom","https:\/\/twitter.com\/RichardAppelbom"],"url":"https:\/\/www.richardappelbom.se\/index.php\/author\/ra_j9l6616t\/"}]}},"jetpack_featured_media_url":"","jetpack_sharing_enabled":true,"_links":{"self":[{"href":"https:\/\/www.richardappelbom.se\/index.php\/wp-json\/wp\/v2\/posts\/200","targetHints":{"allow":["GET"]}}],"collection":[{"href":"https:\/\/www.richardappelbom.se\/index.php\/wp-json\/wp\/v2\/posts"}],"about":[{"href":"https:\/\/www.richardappelbom.se\/index.php\/wp-json\/wp\/v2\/types\/post"}],"author":[{"embeddable":true,"href":"https:\/\/www.richardappelbom.se\/index.php\/wp-json\/wp\/v2\/users\/1"}],"replies":[{"embeddable":true,"href":"https:\/\/www.richardappelbom.se\/index.php\/wp-json\/wp\/v2\/comments?post=200"}],"version-history":[{"count":3,"href":"https:\/\/www.richardappelbom.se\/index.php\/wp-json\/wp\/v2\/posts\/200\/revisions"}],"predecessor-version":[{"id":206,"href":"https:\/\/www.richardappelbom.se\/index.php\/wp-json\/wp\/v2\/posts\/200\/revisions\/206"}],"wp:attachment":[{"href":"https:\/\/www.richardappelbom.se\/index.php\/wp-json\/wp\/v2\/media?parent=200"}],"wp:term":[{"taxonomy":"category","embeddable":true,"href":"https:\/\/www.richardappelbom.se\/index.php\/wp-json\/wp\/v2\/categories?post=200"},{"taxonomy":"post_tag","embeddable":true,"href":"https:\/\/www.richardappelbom.se\/index.php\/wp-json\/wp\/v2\/tags?post=200"}],"curies":[{"name":"wp","href":"https:\/\/api.w.org\/{rel}","templated":true}]}}