{"id":208,"date":"2021-06-08T09:34:51","date_gmt":"2021-06-08T09:34:51","guid":{"rendered":"https:\/\/www.richardappelbom.se\/?p=208"},"modified":"2021-06-08T09:34:52","modified_gmt":"2021-06-08T09:34:52","slug":"cdu-tjanade-pa-daliga-opinionssiffror","status":"publish","type":"post","link":"https:\/\/www.richardappelbom.se\/index.php\/2021\/06\/08\/cdu-tjanade-pa-daliga-opinionssiffror\/","title":{"rendered":"CDU tj\u00e4nade p\u00e5 d\u00e5liga opinionssiffror"},"content":{"rendered":"\n<figure class=\"wp-block-image size-large is-resized\"><img loading=\"lazy\" decoding=\"async\" src=\"https:\/\/www.richardappelbom.se\/wp-content\/uploads\/2021\/06\/CDU-vann-i-Sachsen-Anhalt.jpg\" alt=\"\" class=\"wp-image-209\" width=\"597\" height=\"807\"\/><figcaption>Reiner Haseloff ledde CDU till seger i delstatsvalet i Sachsen Anhalt<\/figcaption><\/figure>\n\n\n\n<p>Det gick \u00f6verraskande bra f\u00f6r Kristdemokratiska CDU i delstatsvalet i Sachsen Anhalt. Desto s\u00e4mre gick det f\u00f6r opinionsinstitutet INSA. <\/p>\n\n\n\n<p>Det<a href=\"https:\/\/www.wahlrecht.de\/umfragen\/landtage\/sachsen-anhalt.htm\"> kom en m\u00e4tning<\/a> fr\u00e5n INSA som visade att Afd var st\u00f6rsta parti, och ett par andra visade en knapp ledning f\u00f6r CDU Men p\u00e5 <a href=\"https:\/\/www.wahlrecht.de\/news\/2021\/landtagswahl-sachsen-anhalt-2021.html#sitzverteilung\">valdagen <\/a>fick CDU 37,1 procent och AfD 20,8 procent!<\/p>\n\n\n\n<p>I efterhand verkar denna sensationella m\u00e4tning ha varit fel fr\u00e5n b\u00f6rjan, det st\u00e4mmer inte heller med <a href=\"https:\/\/www.wahlrecht.de\/umfragen\/landtage\/sachsen-anhalt.htm\">andra m\u00e4tningar <\/a>som visade att CDU var st\u00f6rsta parti. Inga m\u00e4tningar visade dock p\u00e5 s\u00e5 stor ledning som det blev p\u00e5 valdagen. CDU m\u00e5ste ha \u00f6kat kraftigt de allra sista dagarnaA.<\/p>\n\n\n\n<p><a href=\"https:\/\/www.politico.eu\/article\/the-strategic-vote-in-saxony-anhalt-big-win-for-merkel-cdu\/\">Varf\u00f6r?<\/a> Den lokale CDU-ledaren  och lantdagskanslern Reiner Haseloff var popul\u00e4r och anses ha varit en r\u00f6stvinnare. Men en del v\u00e4ljare tycks ocks\u00e5 ha r\u00f6stat p\u00e5 CDU f\u00f6r att hindra AfD fr\u00e5n att bli st\u00f6rsta parti.  I synnerhet som AfD lokalt \u00e4r mer h\u00f6gerextremt \u00e4n i andra delstater. De f\u00f6r CDU illavarslande opinionsm\u00e4tningarna kan ha givit partiet en f\u00f6rdel i valspurten.<\/p>\n\n\n\n<p>Tysk politik skiljer sig fr\u00e5n svensk genom att f\u00f6rfattningen g\u00f6r det sv\u00e5rt att bilda minoritetsregeringar. F\u00f6r att bilda majoritet kan det beh\u00f6vas brokiga koalitioner. S\u00e4rskilt d\u00e5 inget annat parti vill samarbeta med AfD, och p\u00e5 riksplanet inte heller med v\u00e4nsterpartiet die Linke, med r\u00f6tter i \u00d6sttysklands kommunistparti.<\/p>\n\n\n\n<p>Sachsen Anhalt styrdes av en koalition av CDU, De Gr\u00f6na och socialdemokratiska SPD. I dessa komplicerade koalitionsf\u00f6rhandlingar \u00e4r utg\u00e5ngspunkten att st\u00f6rsta parti ska ha kanslersposten.<\/p>\n\n\n\n<p>Det \u00e4r ocks\u00e5 viktigt vilket parti som \u00e4r st\u00f6rst, \u00e4ven om det inte automatiskt ger r\u00e4tt att leda regeringen. Det kan f\u00f6rklara det \u00f6kande st\u00f6det f\u00f6r CDU p\u00e5 slutet, v\u00e4ljare ville hindra AfD fr\u00e5n att bli st\u00f6rst. Det gick ut \u00f6ver SPD, som gjorde \u00e4nnu ett katastrofval, och De gr\u00f6na, som \u00f6kade mindre \u00e4n v\u00e4ntat.<\/p>\n\n\n\n<p>Det \u00e4r viktigt f\u00f6r att parti att ha kanslersposten. Tidigare delstatsval gick bra f\u00f6r De gr\u00f6na i Baden-W\u00fcrttemberg, d\u00e4r de har kanslersposten. Och f\u00f6r SPD i Rheinland-Pfalz , d\u00e4r det partiet leder delstatsregeringen. Samma sak i Sachsen Anhalt, CDU tj\u00e4nade p\u00e5 att ha kanslersposten. (bygger f\u00f6rst\u00e5s p\u00e5 att ledaren inger f\u00f6rtroende.<\/p>\n\n\n\n<p>Politiken \u00e4r \u00e4nnu olika i det forna V\u00e4st- respektive \u00d6sttyskland. AfD och die Linke \u00e4r starkare i \u00f6st, De gr\u00f6na i v\u00e4st. Men trots detta var segern i delstatsvalet en viktig framg\u00e5ng f\u00f6r CDU, som har tappat i opinionen och haft sv\u00e5rt att enas kring en eftertr\u00e4dare till Angela Merkel p\u00e5 riksplanet.<\/p>\n","protected":false},"excerpt":{"rendered":"<p>Det gick \u00f6verraskande bra f\u00f6r Kristdemokratiska CDU i delstatsvalet i Sachsen Anhalt. Desto s\u00e4mre gick det f\u00f6r opinionsinstitutet INSA. Det kom en m\u00e4tning fr\u00e5n INSA som visade att Afd var st\u00f6rsta parti, och ett par andra visade en knapp ledning f\u00f6r CDU Men p\u00e5 valdagen fick CDU 37,1 procent och AfD 20,8 procent! I efterhand [&hellip;]<\/p>\n","protected":false},"author":1,"featured_media":0,"comment_status":"open","ping_status":"closed","sticky":false,"template":"","format":"standard","meta":{"_jetpack_memberships_contains_paid_content":false,"footnotes":""},"categories":[10],"tags":[],"class_list":["post-208","post","type-post","status-publish","format-standard","hentry","category-allman-inlagg"],"yoast_head":"<!-- This site is optimized with the Yoast SEO plugin v27.2 - https:\/\/yoast.com\/product\/yoast-seo-wordpress\/ -->\n<title>CDU tj\u00e4nade p\u00e5 d\u00e5liga opinionssiffror - Richard Appelbom<\/title>\n<meta name=\"description\" content=\"CDU vann I Sachsen Anhalt , h\u00f6gerpopulistiska (mer extrema h\u00e4r) AfD och opinionsinstitutet INSA f\u00f6rlorade.\" \/>\n<meta name=\"robots\" content=\"index, follow, max-snippet:-1, max-image-preview:large, max-video-preview:-1\" \/>\n<link rel=\"canonical\" href=\"https:\/\/www.richardappelbom.se\/index.php\/2021\/06\/08\/cdu-tjanade-pa-daliga-opinionssiffror\/\" \/>\n<meta property=\"og:locale\" content=\"en_US\" \/>\n<meta property=\"og:type\" content=\"article\" \/>\n<meta property=\"og:title\" content=\"CDU tj\u00e4nade p\u00e5 d\u00e5liga opinionssiffror - Richard Appelbom\" \/>\n<meta property=\"og:description\" content=\"CDU vann I Sachsen Anhalt , h\u00f6gerpopulistiska (mer extrema h\u00e4r) AfD och opinionsinstitutet INSA f\u00f6rlorade.\" \/>\n<meta property=\"og:url\" content=\"https:\/\/www.richardappelbom.se\/index.php\/2021\/06\/08\/cdu-tjanade-pa-daliga-opinionssiffror\/\" \/>\n<meta property=\"og:site_name\" content=\"Richard Appelbom\" \/>\n<meta property=\"article:publisher\" content=\"https:\/\/www.facebook.com\/rappelbom\" \/>\n<meta property=\"article:author\" content=\"https:\/\/www.facebook.com\/rappelbom\" \/>\n<meta property=\"article:published_time\" content=\"2021-06-08T09:34:51+00:00\" \/>\n<meta property=\"article:modified_time\" content=\"2021-06-08T09:34:52+00:00\" \/>\n<meta property=\"og:image\" content=\"https:\/\/www.richardappelbom.se\/wp-content\/uploads\/2021\/06\/CDU-vann-i-Sachsen-Anhalt.jpg\" \/>\n<meta name=\"author\" content=\"admin\" \/>\n<meta name=\"twitter:card\" content=\"summary_large_image\" \/>\n<meta name=\"twitter:creator\" content=\"@RichardAppelbom\" \/>\n<meta name=\"twitter:site\" content=\"@RichardAppelbom\" \/>\n<meta name=\"twitter:label1\" content=\"Written by\" \/>\n\t<meta name=\"twitter:data1\" content=\"admin\" \/>\n\t<meta name=\"twitter:label2\" content=\"Est. reading time\" \/>\n\t<meta name=\"twitter:data2\" content=\"2 minutes\" \/>\n<script type=\"application\/ld+json\" class=\"yoast-schema-graph\">{\"@context\":\"https:\/\/schema.org\",\"@graph\":[{\"@type\":\"Article\",\"@id\":\"https:\/\/www.richardappelbom.se\/index.php\/2021\/06\/08\/cdu-tjanade-pa-daliga-opinionssiffror\/#article\",\"isPartOf\":{\"@id\":\"https:\/\/www.richardappelbom.se\/index.php\/2021\/06\/08\/cdu-tjanade-pa-daliga-opinionssiffror\/\"},\"author\":{\"name\":\"admin\",\"@id\":\"https:\/\/www.richardappelbom.se\/#\/schema\/person\/98f55ffd095155d902e585f10999a15d\"},\"headline\":\"CDU tj\u00e4nade p\u00e5 d\u00e5liga opinionssiffror\",\"datePublished\":\"2021-06-08T09:34:51+00:00\",\"dateModified\":\"2021-06-08T09:34:52+00:00\",\"mainEntityOfPage\":{\"@id\":\"https:\/\/www.richardappelbom.se\/index.php\/2021\/06\/08\/cdu-tjanade-pa-daliga-opinionssiffror\/\"},\"wordCount\":473,\"commentCount\":0,\"image\":{\"@id\":\"https:\/\/www.richardappelbom.se\/index.php\/2021\/06\/08\/cdu-tjanade-pa-daliga-opinionssiffror\/#primaryimage\"},\"thumbnailUrl\":\"https:\/\/www.richardappelbom.se\/wp-content\/uploads\/2021\/06\/CDU-vann-i-Sachsen-Anhalt.jpg\",\"articleSection\":[\"Allm\u00e4n Posts\"],\"inLanguage\":\"en-US\",\"potentialAction\":[{\"@type\":\"CommentAction\",\"name\":\"Comment\",\"target\":[\"https:\/\/www.richardappelbom.se\/index.php\/2021\/06\/08\/cdu-tjanade-pa-daliga-opinionssiffror\/#respond\"]}]},{\"@type\":\"WebPage\",\"@id\":\"https:\/\/www.richardappelbom.se\/index.php\/2021\/06\/08\/cdu-tjanade-pa-daliga-opinionssiffror\/\",\"url\":\"https:\/\/www.richardappelbom.se\/index.php\/2021\/06\/08\/cdu-tjanade-pa-daliga-opinionssiffror\/\",\"name\":\"CDU tj\u00e4nade p\u00e5 d\u00e5liga opinionssiffror - Richard Appelbom\",\"isPartOf\":{\"@id\":\"https:\/\/www.richardappelbom.se\/#website\"},\"primaryImageOfPage\":{\"@id\":\"https:\/\/www.richardappelbom.se\/index.php\/2021\/06\/08\/cdu-tjanade-pa-daliga-opinionssiffror\/#primaryimage\"},\"image\":{\"@id\":\"https:\/\/www.richardappelbom.se\/index.php\/2021\/06\/08\/cdu-tjanade-pa-daliga-opinionssiffror\/#primaryimage\"},\"thumbnailUrl\":\"https:\/\/www.richardappelbom.se\/wp-content\/uploads\/2021\/06\/CDU-vann-i-Sachsen-Anhalt.jpg\",\"datePublished\":\"2021-06-08T09:34:51+00:00\",\"dateModified\":\"2021-06-08T09:34:52+00:00\",\"author\":{\"@id\":\"https:\/\/www.richardappelbom.se\/#\/schema\/person\/98f55ffd095155d902e585f10999a15d\"},\"description\":\"CDU vann I Sachsen Anhalt , h\u00f6gerpopulistiska (mer extrema h\u00e4r) AfD och opinionsinstitutet INSA f\u00f6rlorade.\",\"breadcrumb\":{\"@id\":\"https:\/\/www.richardappelbom.se\/index.php\/2021\/06\/08\/cdu-tjanade-pa-daliga-opinionssiffror\/#breadcrumb\"},\"inLanguage\":\"en-US\",\"potentialAction\":[{\"@type\":\"ReadAction\",\"target\":[\"https:\/\/www.richardappelbom.se\/index.php\/2021\/06\/08\/cdu-tjanade-pa-daliga-opinionssiffror\/\"]}]},{\"@type\":\"ImageObject\",\"inLanguage\":\"en-US\",\"@id\":\"https:\/\/www.richardappelbom.se\/index.php\/2021\/06\/08\/cdu-tjanade-pa-daliga-opinionssiffror\/#primaryimage\",\"url\":\"https:\/\/www.richardappelbom.se\/wp-content\/uploads\/2021\/06\/CDU-vann-i-Sachsen-Anhalt.jpg\",\"contentUrl\":\"https:\/\/www.richardappelbom.se\/wp-content\/uploads\/2021\/06\/CDU-vann-i-Sachsen-Anhalt.jpg\",\"width\":193,\"height\":261},{\"@type\":\"BreadcrumbList\",\"@id\":\"https:\/\/www.richardappelbom.se\/index.php\/2021\/06\/08\/cdu-tjanade-pa-daliga-opinionssiffror\/#breadcrumb\",\"itemListElement\":[{\"@type\":\"ListItem\",\"position\":1,\"name\":\"Home\",\"item\":\"https:\/\/www.richardappelbom.se\/\"},{\"@type\":\"ListItem\",\"position\":2,\"name\":\"CDU tj\u00e4nade p\u00e5 d\u00e5liga opinionssiffror\"}]},{\"@type\":\"WebSite\",\"@id\":\"https:\/\/www.richardappelbom.se\/#website\",\"url\":\"https:\/\/www.richardappelbom.se\/\",\"name\":\"Richard Appelbom\",\"description\":\"En blogg om val och valsystem\",\"potentialAction\":[{\"@type\":\"SearchAction\",\"target\":{\"@type\":\"EntryPoint\",\"urlTemplate\":\"https:\/\/www.richardappelbom.se\/?s={search_term_string}\"},\"query-input\":{\"@type\":\"PropertyValueSpecification\",\"valueRequired\":true,\"valueName\":\"search_term_string\"}}],\"inLanguage\":\"en-US\"},{\"@type\":\"Person\",\"@id\":\"https:\/\/www.richardappelbom.se\/#\/schema\/person\/98f55ffd095155d902e585f10999a15d\",\"name\":\"admin\",\"image\":{\"@type\":\"ImageObject\",\"inLanguage\":\"en-US\",\"@id\":\"https:\/\/secure.gravatar.com\/avatar\/480edd36f6cc3945e6b2db9fdc6f78df2a3fb98b7b27925b8d810863cfa537e7?s=96&d=mm&r=g\",\"url\":\"https:\/\/secure.gravatar.com\/avatar\/480edd36f6cc3945e6b2db9fdc6f78df2a3fb98b7b27925b8d810863cfa537e7?s=96&d=mm&r=g\",\"contentUrl\":\"https:\/\/secure.gravatar.com\/avatar\/480edd36f6cc3945e6b2db9fdc6f78df2a3fb98b7b27925b8d810863cfa537e7?s=96&d=mm&r=g\",\"caption\":\"admin\"},\"sameAs\":[\"https:\/\/www.facebook.com\/rappelbom\",\"https:\/\/twitter.com\/RichardAppelbom\"],\"url\":\"https:\/\/www.richardappelbom.se\/index.php\/author\/ra_j9l6616t\/\"}]}<\/script>\n<!-- \/ Yoast SEO plugin. -->","yoast_head_json":{"title":"CDU tj\u00e4nade p\u00e5 d\u00e5liga opinionssiffror - Richard Appelbom","description":"CDU vann I Sachsen Anhalt , h\u00f6gerpopulistiska (mer extrema h\u00e4r) AfD och opinionsinstitutet INSA f\u00f6rlorade.","robots":{"index":"index","follow":"follow","max-snippet":"max-snippet:-1","max-image-preview":"max-image-preview:large","max-video-preview":"max-video-preview:-1"},"canonical":"https:\/\/www.richardappelbom.se\/index.php\/2021\/06\/08\/cdu-tjanade-pa-daliga-opinionssiffror\/","og_locale":"en_US","og_type":"article","og_title":"CDU tj\u00e4nade p\u00e5 d\u00e5liga opinionssiffror - Richard Appelbom","og_description":"CDU vann I Sachsen Anhalt , h\u00f6gerpopulistiska (mer extrema h\u00e4r) AfD och opinionsinstitutet INSA f\u00f6rlorade.","og_url":"https:\/\/www.richardappelbom.se\/index.php\/2021\/06\/08\/cdu-tjanade-pa-daliga-opinionssiffror\/","og_site_name":"Richard Appelbom","article_publisher":"https:\/\/www.facebook.com\/rappelbom","article_author":"https:\/\/www.facebook.com\/rappelbom","article_published_time":"2021-06-08T09:34:51+00:00","article_modified_time":"2021-06-08T09:34:52+00:00","og_image":[{"url":"https:\/\/www.richardappelbom.se\/wp-content\/uploads\/2021\/06\/CDU-vann-i-Sachsen-Anhalt.jpg","type":"","width":"","height":""}],"author":"admin","twitter_card":"summary_large_image","twitter_creator":"@RichardAppelbom","twitter_site":"@RichardAppelbom","twitter_misc":{"Written by":"admin","Est. reading time":"2 minutes"},"schema":{"@context":"https:\/\/schema.org","@graph":[{"@type":"Article","@id":"https:\/\/www.richardappelbom.se\/index.php\/2021\/06\/08\/cdu-tjanade-pa-daliga-opinionssiffror\/#article","isPartOf":{"@id":"https:\/\/www.richardappelbom.se\/index.php\/2021\/06\/08\/cdu-tjanade-pa-daliga-opinionssiffror\/"},"author":{"name":"admin","@id":"https:\/\/www.richardappelbom.se\/#\/schema\/person\/98f55ffd095155d902e585f10999a15d"},"headline":"CDU tj\u00e4nade p\u00e5 d\u00e5liga opinionssiffror","datePublished":"2021-06-08T09:34:51+00:00","dateModified":"2021-06-08T09:34:52+00:00","mainEntityOfPage":{"@id":"https:\/\/www.richardappelbom.se\/index.php\/2021\/06\/08\/cdu-tjanade-pa-daliga-opinionssiffror\/"},"wordCount":473,"commentCount":0,"image":{"@id":"https:\/\/www.richardappelbom.se\/index.php\/2021\/06\/08\/cdu-tjanade-pa-daliga-opinionssiffror\/#primaryimage"},"thumbnailUrl":"https:\/\/www.richardappelbom.se\/wp-content\/uploads\/2021\/06\/CDU-vann-i-Sachsen-Anhalt.jpg","articleSection":["Allm\u00e4n Posts"],"inLanguage":"en-US","potentialAction":[{"@type":"CommentAction","name":"Comment","target":["https:\/\/www.richardappelbom.se\/index.php\/2021\/06\/08\/cdu-tjanade-pa-daliga-opinionssiffror\/#respond"]}]},{"@type":"WebPage","@id":"https:\/\/www.richardappelbom.se\/index.php\/2021\/06\/08\/cdu-tjanade-pa-daliga-opinionssiffror\/","url":"https:\/\/www.richardappelbom.se\/index.php\/2021\/06\/08\/cdu-tjanade-pa-daliga-opinionssiffror\/","name":"CDU tj\u00e4nade p\u00e5 d\u00e5liga opinionssiffror - Richard Appelbom","isPartOf":{"@id":"https:\/\/www.richardappelbom.se\/#website"},"primaryImageOfPage":{"@id":"https:\/\/www.richardappelbom.se\/index.php\/2021\/06\/08\/cdu-tjanade-pa-daliga-opinionssiffror\/#primaryimage"},"image":{"@id":"https:\/\/www.richardappelbom.se\/index.php\/2021\/06\/08\/cdu-tjanade-pa-daliga-opinionssiffror\/#primaryimage"},"thumbnailUrl":"https:\/\/www.richardappelbom.se\/wp-content\/uploads\/2021\/06\/CDU-vann-i-Sachsen-Anhalt.jpg","datePublished":"2021-06-08T09:34:51+00:00","dateModified":"2021-06-08T09:34:52+00:00","author":{"@id":"https:\/\/www.richardappelbom.se\/#\/schema\/person\/98f55ffd095155d902e585f10999a15d"},"description":"CDU vann I Sachsen Anhalt , h\u00f6gerpopulistiska (mer extrema h\u00e4r) AfD och opinionsinstitutet INSA f\u00f6rlorade.","breadcrumb":{"@id":"https:\/\/www.richardappelbom.se\/index.php\/2021\/06\/08\/cdu-tjanade-pa-daliga-opinionssiffror\/#breadcrumb"},"inLanguage":"en-US","potentialAction":[{"@type":"ReadAction","target":["https:\/\/www.richardappelbom.se\/index.php\/2021\/06\/08\/cdu-tjanade-pa-daliga-opinionssiffror\/"]}]},{"@type":"ImageObject","inLanguage":"en-US","@id":"https:\/\/www.richardappelbom.se\/index.php\/2021\/06\/08\/cdu-tjanade-pa-daliga-opinionssiffror\/#primaryimage","url":"https:\/\/www.richardappelbom.se\/wp-content\/uploads\/2021\/06\/CDU-vann-i-Sachsen-Anhalt.jpg","contentUrl":"https:\/\/www.richardappelbom.se\/wp-content\/uploads\/2021\/06\/CDU-vann-i-Sachsen-Anhalt.jpg","width":193,"height":261},{"@type":"BreadcrumbList","@id":"https:\/\/www.richardappelbom.se\/index.php\/2021\/06\/08\/cdu-tjanade-pa-daliga-opinionssiffror\/#breadcrumb","itemListElement":[{"@type":"ListItem","position":1,"name":"Home","item":"https:\/\/www.richardappelbom.se\/"},{"@type":"ListItem","position":2,"name":"CDU tj\u00e4nade p\u00e5 d\u00e5liga opinionssiffror"}]},{"@type":"WebSite","@id":"https:\/\/www.richardappelbom.se\/#website","url":"https:\/\/www.richardappelbom.se\/","name":"Richard Appelbom","description":"En blogg om val och valsystem","potentialAction":[{"@type":"SearchAction","target":{"@type":"EntryPoint","urlTemplate":"https:\/\/www.richardappelbom.se\/?s={search_term_string}"},"query-input":{"@type":"PropertyValueSpecification","valueRequired":true,"valueName":"search_term_string"}}],"inLanguage":"en-US"},{"@type":"Person","@id":"https:\/\/www.richardappelbom.se\/#\/schema\/person\/98f55ffd095155d902e585f10999a15d","name":"admin","image":{"@type":"ImageObject","inLanguage":"en-US","@id":"https:\/\/secure.gravatar.com\/avatar\/480edd36f6cc3945e6b2db9fdc6f78df2a3fb98b7b27925b8d810863cfa537e7?s=96&d=mm&r=g","url":"https:\/\/secure.gravatar.com\/avatar\/480edd36f6cc3945e6b2db9fdc6f78df2a3fb98b7b27925b8d810863cfa537e7?s=96&d=mm&r=g","contentUrl":"https:\/\/secure.gravatar.com\/avatar\/480edd36f6cc3945e6b2db9fdc6f78df2a3fb98b7b27925b8d810863cfa537e7?s=96&d=mm&r=g","caption":"admin"},"sameAs":["https:\/\/www.facebook.com\/rappelbom","https:\/\/twitter.com\/RichardAppelbom"],"url":"https:\/\/www.richardappelbom.se\/index.php\/author\/ra_j9l6616t\/"}]}},"jetpack_featured_media_url":"","jetpack_sharing_enabled":true,"_links":{"self":[{"href":"https:\/\/www.richardappelbom.se\/index.php\/wp-json\/wp\/v2\/posts\/208","targetHints":{"allow":["GET"]}}],"collection":[{"href":"https:\/\/www.richardappelbom.se\/index.php\/wp-json\/wp\/v2\/posts"}],"about":[{"href":"https:\/\/www.richardappelbom.se\/index.php\/wp-json\/wp\/v2\/types\/post"}],"author":[{"embeddable":true,"href":"https:\/\/www.richardappelbom.se\/index.php\/wp-json\/wp\/v2\/users\/1"}],"replies":[{"embeddable":true,"href":"https:\/\/www.richardappelbom.se\/index.php\/wp-json\/wp\/v2\/comments?post=208"}],"version-history":[{"count":1,"href":"https:\/\/www.richardappelbom.se\/index.php\/wp-json\/wp\/v2\/posts\/208\/revisions"}],"predecessor-version":[{"id":210,"href":"https:\/\/www.richardappelbom.se\/index.php\/wp-json\/wp\/v2\/posts\/208\/revisions\/210"}],"wp:attachment":[{"href":"https:\/\/www.richardappelbom.se\/index.php\/wp-json\/wp\/v2\/media?parent=208"}],"wp:term":[{"taxonomy":"category","embeddable":true,"href":"https:\/\/www.richardappelbom.se\/index.php\/wp-json\/wp\/v2\/categories?post=208"},{"taxonomy":"post_tag","embeddable":true,"href":"https:\/\/www.richardappelbom.se\/index.php\/wp-json\/wp\/v2\/tags?post=208"}],"curies":[{"name":"wp","href":"https:\/\/api.w.org\/{rel}","templated":true}]}}