{"id":211,"date":"2021-06-14T13:01:45","date_gmt":"2021-06-14T13:01:45","guid":{"rendered":"https:\/\/www.richardappelbom.se\/?p=211"},"modified":"2021-06-20T09:35:32","modified_gmt":"2021-06-20T09:35:32","slug":"sommar-ar-dalig-tid-for-val-i-norden","status":"publish","type":"post","link":"https:\/\/www.richardappelbom.se\/index.php\/2021\/06\/14\/sommar-ar-dalig-tid-for-val-i-norden\/","title":{"rendered":"Sommar \u00e4r d\u00e5lig tid f\u00f6r val i Norden"},"content":{"rendered":"\n<figure class=\"wp-block-image size-large\"><img loading=\"lazy\" decoding=\"async\" width=\"1024\" height=\"1024\" src=\"https:\/\/www.richardappelbom.se\/wp-content\/uploads\/2021\/06\/finland-kommunalval-1024x1024.jpg\" alt=\"\" class=\"wp-image-212\" srcset=\"https:\/\/www.richardappelbom.se\/wp-content\/uploads\/2021\/06\/finland-kommunalval-1024x1024.jpg 1024w, https:\/\/www.richardappelbom.se\/wp-content\/uploads\/2021\/06\/finland-kommunalval-300x300.jpg 300w, https:\/\/www.richardappelbom.se\/wp-content\/uploads\/2021\/06\/finland-kommunalval-150x150.jpg 150w, https:\/\/www.richardappelbom.se\/wp-content\/uploads\/2021\/06\/finland-kommunalval-768x768.jpg 768w, https:\/\/www.richardappelbom.se\/wp-content\/uploads\/2021\/06\/finland-kommunalval.jpg 1280w\" sizes=\"auto, (max-width: 1024px) 100vw, 1024px\" \/><figcaption>Coronapandemin ledde till kommunalval i juni i Finland, vilket bidrog till att f\u00e4rre r\u00f6stade. <\/figcaption><\/figure>\n\n\n\n<p>Finland har likt de flesta l\u00e4nder separata valdagar f\u00f6r riksdagsval och f\u00f6r lokala val. 13 juni var det<a href=\"https:\/\/vaalit.yle.fi\/kv2021\/sv\"> kommunalval. <\/a>Finland har inte haft folkvalda landsting\/regioner, men de \u00e4r p\u00e5 v\u00e4g att inf\u00f6ras med huvudansvar f\u00f6r sjukv\u00e5rd, sociala fr\u00e5gor och brandf\u00f6rsvaret, S\u00e5 samtidigt som politiker i Sverige med Ebba Busch (KD) i spetsen driver krav p\u00e5 f\u00f6rstatligad sjukv\u00e5rd och nedl\u00e4ggning av regionerna\/landstingen \u00e4r Finland p\u00e5 v\u00e4g att inf\u00f6ra fler folkvalda niv\u00e5er. Heja Finland i den fr\u00e5gan&#8230;<\/p>\n\n\n\n<p>Tv\u00e5 viktiga sk\u00e4l brukar lyftas fram f\u00f6r att g\u00f6ra som Finland och ha skilda valdagar: Det blir st\u00f6rre utrymme f\u00f6r lokala fr\u00e5gor och lokala politiker. Partiernas m\u00f6jligheter att n\u00e5 ut och det politiska intresset sjunker om det, som i Sverige blir l\u00e5ngt mellan valen.<\/p>\n\n\n\n<p>Tv\u00e5 huvudargument brukar \u00e5 andra sidan lyftas fram mot att ha skilda valdagar i st\u00e4llet f\u00f6r att som i Sverige ha alla val samma dag: Valdeltagandet blir l\u00e4gre och v\u00e4ljarna r\u00f6star i alla fall mest efter vad de tycker om regeringen.<\/p>\n\n\n\n<p>Valresultatet i Finland kan tyckas ge st\u00f6d f\u00f6r inv\u00e4ndningarna. Valdeltagandet var rekordl\u00e5gt, 55 procent. Alla regeringspartier utom Svenska folkpartiet, som har en stabil v\u00e4ljarbas i de svensktalande, <a href=\"https:\/\/svenska.yle.fi\/kommunalvalet-2021\">gick tillbaka.<\/a><\/p>\n\n\n\n<p>Valdeltagandet \u00e4r genomg\u00e5ende l\u00e4gre i Finland \u00e4n i Sverige. I senaste riksdagsvalet var det 72 procent mot 87 procent i Sverige. Val i Finland brukar \u00e4ga rum tidigt p\u00e5 v\u00e5ren. Men den h\u00e4r g\u00e5ngen fick valet flyttas fram p\u00e5 grund av den p\u00e5g\u00e5ende pandemin.<\/p>\n\n\n\n<p>Nu har smittspridning minskat och vaccinering \u00f6kat, s\u00e5 det gick att genomf\u00f6ra valet i b\u00f6rjan p\u00e5 juni. Det \u00e4r dock en d\u00e5lig tid att ha val i nordiska l\u00e4nder. Ljusa n\u00e4tter, f\u00f6rberedelser inf\u00f6r h\u00f6gsommar och semester, skolavslutningar g\u00f6r att politiken f\u00e5r sv\u00e5rare att konkurrera om uppm\u00e4rksamheten. S\u00e5 det l\u00e5ga valdeltagandet \u00e4r inte s\u00e5 f\u00f6rv\u00e5nande den h\u00e4r g\u00e5ngen.<\/p>\n\n\n\n<p>Det \u00e4r ocks\u00e5 oundvikligt att en del v\u00e4ljare utnyttjar kommunalvalen f\u00f6r att s\u00e4tta betyg p\u00e5 regeringen. Men det b\u00f6r \u00e4nd\u00e5 finnas st\u00f6rre utrymme \u00e4n med gemensam valdag att lyfta fram lokala fr\u00e5gor och politiker. Det var heller ingen helt enhetlig valvind \u00f6ver landet. Lokala fr\u00e5gor och f\u00e4rgstarka politiker, de senare hj\u00e4lpta av Finlands tydligare personval, gjorde att partier kunde g\u00e5 fram i en del kommuner och bak\u00e5t i andra. Nationella valvinnaren Samlingspartiet gick tillbaka i Helsingfors och \u00c5bo.<\/p>\n\n\n\n<p>H\u00f6gerpopulistiska Sannfinl\u00e4ndarna \u00f6kade kraftigt, men mindre \u00e4n vad opinionsm\u00e4tningarna f\u00f6rutsp\u00e5dde. Centerpartiet  gick bak\u00e5t, men mindre \u00e4n v\u00e4ntat. Det \u00e4r ett m\u00f6nster vi k\u00e4nner igen. Missn\u00f6jespartier har mindre st\u00f6d i lokala val. v\u00e4ljarna kan h\u00e5lla fast vid de gamla partierna och misstro de oerfarna lokala kandidaterna f\u00f6r populistpartiet. Sannfinl\u00e4ndarna kan nog innerst inne vara ganska n\u00f6jda med att det inte gick b\u00e4ttre. De fick nya mandat, men f\u00e5r tid att l\u00e5ta nya politiker l\u00e4ra sig hantverket och kan slippa en del &#8220;v\u00e4xtv\u00e4rk&#8221;.<\/p>\n\n\n\n<p>P\u00e5 svenskspr\u00e5kiga Yles valvaka och i <a href=\"https:\/\/www.hbl.fi\/artikel\/orpo-fick-tillaggstid\/\">Hufvudstadsbladets kommentarer <\/a>d\u00f6k ett f\u00f6r  f\u00f6r rikssvenska nytt uttryck upp flera g\u00e5nger: &#8220;avv\u00e4rjningsseger&#8221;. Det betydde att ett parti gick bak\u00e5t men mindre \u00e4n v\u00e4ntat s\u00e5 det blev ingen kris. Centerpartiet  ans\u00e5gs d\u00e4rf\u00f6r ha vunnit en avv\u00e4rjningsseger. F\u00e5r se om uttrycket dyker upp i n\u00e4sta svenska valr\u00f6relse..<\/p>\n","protected":false},"excerpt":{"rendered":"<p>Finland har likt de flesta l\u00e4nder separata valdagar f\u00f6r riksdagsval och f\u00f6r lokala val. 13 juni var det kommunalval. Finland har inte haft folkvalda landsting\/regioner, men de \u00e4r p\u00e5 v\u00e4g att inf\u00f6ras med huvudansvar f\u00f6r sjukv\u00e5rd, sociala fr\u00e5gor och brandf\u00f6rsvaret, S\u00e5 samtidigt som politiker i Sverige med Ebba Busch (KD) i spetsen driver krav p\u00e5 [&hellip;]<\/p>\n","protected":false},"author":1,"featured_media":0,"comment_status":"open","ping_status":"closed","sticky":false,"template":"","format":"standard","meta":{"_jetpack_memberships_contains_paid_content":false,"footnotes":""},"categories":[10],"tags":[],"class_list":["post-211","post","type-post","status-publish","format-standard","hentry","category-allman-inlagg"],"yoast_head":"<!-- This site is optimized with the Yoast SEO plugin v27.2 - https:\/\/yoast.com\/product\/yoast-seo-wordpress\/ -->\n<title>Sommar \u00e4r d\u00e5lig tid f\u00f6r val i Norden - Richard Appelbom<\/title>\n<meta name=\"description\" content=\"L\u00e5gt valdeltagande i finska kommunalvalet. Fick flyttas p\u00e5 grund av pandemin, men juni \u00e4r en d\u00e5lig tid f\u00f6r val i Norden.\" \/>\n<meta name=\"robots\" content=\"index, follow, max-snippet:-1, max-image-preview:large, max-video-preview:-1\" \/>\n<link rel=\"canonical\" href=\"https:\/\/www.richardappelbom.se\/index.php\/2021\/06\/14\/sommar-ar-dalig-tid-for-val-i-norden\/\" \/>\n<meta property=\"og:locale\" content=\"en_US\" \/>\n<meta property=\"og:type\" content=\"article\" \/>\n<meta property=\"og:title\" content=\"Sommar \u00e4r d\u00e5lig tid f\u00f6r val i Norden - Richard Appelbom\" \/>\n<meta property=\"og:description\" content=\"L\u00e5gt valdeltagande i finska kommunalvalet. Fick flyttas p\u00e5 grund av pandemin, men juni \u00e4r en d\u00e5lig tid f\u00f6r val i Norden.\" \/>\n<meta property=\"og:url\" content=\"https:\/\/www.richardappelbom.se\/index.php\/2021\/06\/14\/sommar-ar-dalig-tid-for-val-i-norden\/\" \/>\n<meta property=\"og:site_name\" content=\"Richard Appelbom\" \/>\n<meta property=\"article:publisher\" content=\"https:\/\/www.facebook.com\/rappelbom\" \/>\n<meta property=\"article:author\" content=\"https:\/\/www.facebook.com\/rappelbom\" \/>\n<meta property=\"article:published_time\" content=\"2021-06-14T13:01:45+00:00\" \/>\n<meta property=\"article:modified_time\" content=\"2021-06-20T09:35:32+00:00\" \/>\n<meta property=\"og:image\" content=\"https:\/\/www.richardappelbom.se\/wp-content\/uploads\/2021\/06\/finland-kommunalval-1024x1024.jpg\" \/>\n<meta name=\"author\" content=\"admin\" \/>\n<meta name=\"twitter:card\" content=\"summary_large_image\" \/>\n<meta name=\"twitter:creator\" content=\"@RichardAppelbom\" \/>\n<meta name=\"twitter:site\" content=\"@RichardAppelbom\" \/>\n<meta name=\"twitter:label1\" content=\"Written by\" \/>\n\t<meta name=\"twitter:data1\" content=\"admin\" \/>\n\t<meta name=\"twitter:label2\" content=\"Est. reading time\" \/>\n\t<meta name=\"twitter:data2\" content=\"3 minutes\" \/>\n<script type=\"application\/ld+json\" class=\"yoast-schema-graph\">{\"@context\":\"https:\/\/schema.org\",\"@graph\":[{\"@type\":\"Article\",\"@id\":\"https:\/\/www.richardappelbom.se\/index.php\/2021\/06\/14\/sommar-ar-dalig-tid-for-val-i-norden\/#article\",\"isPartOf\":{\"@id\":\"https:\/\/www.richardappelbom.se\/index.php\/2021\/06\/14\/sommar-ar-dalig-tid-for-val-i-norden\/\"},\"author\":{\"name\":\"admin\",\"@id\":\"https:\/\/www.richardappelbom.se\/#\/schema\/person\/98f55ffd095155d902e585f10999a15d\"},\"headline\":\"Sommar \u00e4r d\u00e5lig tid f\u00f6r val i Norden\",\"datePublished\":\"2021-06-14T13:01:45+00:00\",\"dateModified\":\"2021-06-20T09:35:32+00:00\",\"mainEntityOfPage\":{\"@id\":\"https:\/\/www.richardappelbom.se\/index.php\/2021\/06\/14\/sommar-ar-dalig-tid-for-val-i-norden\/\"},\"wordCount\":629,\"commentCount\":0,\"image\":{\"@id\":\"https:\/\/www.richardappelbom.se\/index.php\/2021\/06\/14\/sommar-ar-dalig-tid-for-val-i-norden\/#primaryimage\"},\"thumbnailUrl\":\"https:\/\/www.richardappelbom.se\/wp-content\/uploads\/2021\/06\/finland-kommunalval-1024x1024.jpg\",\"articleSection\":[\"Allm\u00e4n Posts\"],\"inLanguage\":\"en-US\",\"potentialAction\":[{\"@type\":\"CommentAction\",\"name\":\"Comment\",\"target\":[\"https:\/\/www.richardappelbom.se\/index.php\/2021\/06\/14\/sommar-ar-dalig-tid-for-val-i-norden\/#respond\"]}]},{\"@type\":\"WebPage\",\"@id\":\"https:\/\/www.richardappelbom.se\/index.php\/2021\/06\/14\/sommar-ar-dalig-tid-for-val-i-norden\/\",\"url\":\"https:\/\/www.richardappelbom.se\/index.php\/2021\/06\/14\/sommar-ar-dalig-tid-for-val-i-norden\/\",\"name\":\"Sommar \u00e4r d\u00e5lig tid f\u00f6r val i Norden - Richard Appelbom\",\"isPartOf\":{\"@id\":\"https:\/\/www.richardappelbom.se\/#website\"},\"primaryImageOfPage\":{\"@id\":\"https:\/\/www.richardappelbom.se\/index.php\/2021\/06\/14\/sommar-ar-dalig-tid-for-val-i-norden\/#primaryimage\"},\"image\":{\"@id\":\"https:\/\/www.richardappelbom.se\/index.php\/2021\/06\/14\/sommar-ar-dalig-tid-for-val-i-norden\/#primaryimage\"},\"thumbnailUrl\":\"https:\/\/www.richardappelbom.se\/wp-content\/uploads\/2021\/06\/finland-kommunalval-1024x1024.jpg\",\"datePublished\":\"2021-06-14T13:01:45+00:00\",\"dateModified\":\"2021-06-20T09:35:32+00:00\",\"author\":{\"@id\":\"https:\/\/www.richardappelbom.se\/#\/schema\/person\/98f55ffd095155d902e585f10999a15d\"},\"description\":\"L\u00e5gt valdeltagande i finska kommunalvalet. Fick flyttas p\u00e5 grund av pandemin, men juni \u00e4r en d\u00e5lig tid f\u00f6r val i Norden.\",\"breadcrumb\":{\"@id\":\"https:\/\/www.richardappelbom.se\/index.php\/2021\/06\/14\/sommar-ar-dalig-tid-for-val-i-norden\/#breadcrumb\"},\"inLanguage\":\"en-US\",\"potentialAction\":[{\"@type\":\"ReadAction\",\"target\":[\"https:\/\/www.richardappelbom.se\/index.php\/2021\/06\/14\/sommar-ar-dalig-tid-for-val-i-norden\/\"]}]},{\"@type\":\"ImageObject\",\"inLanguage\":\"en-US\",\"@id\":\"https:\/\/www.richardappelbom.se\/index.php\/2021\/06\/14\/sommar-ar-dalig-tid-for-val-i-norden\/#primaryimage\",\"url\":\"https:\/\/www.richardappelbom.se\/wp-content\/uploads\/2021\/06\/finland-kommunalval.jpg\",\"contentUrl\":\"https:\/\/www.richardappelbom.se\/wp-content\/uploads\/2021\/06\/finland-kommunalval.jpg\",\"width\":1280,\"height\":1280},{\"@type\":\"BreadcrumbList\",\"@id\":\"https:\/\/www.richardappelbom.se\/index.php\/2021\/06\/14\/sommar-ar-dalig-tid-for-val-i-norden\/#breadcrumb\",\"itemListElement\":[{\"@type\":\"ListItem\",\"position\":1,\"name\":\"Home\",\"item\":\"https:\/\/www.richardappelbom.se\/\"},{\"@type\":\"ListItem\",\"position\":2,\"name\":\"Sommar \u00e4r d\u00e5lig tid f\u00f6r val i Norden\"}]},{\"@type\":\"WebSite\",\"@id\":\"https:\/\/www.richardappelbom.se\/#website\",\"url\":\"https:\/\/www.richardappelbom.se\/\",\"name\":\"Richard Appelbom\",\"description\":\"En blogg om val och valsystem\",\"potentialAction\":[{\"@type\":\"SearchAction\",\"target\":{\"@type\":\"EntryPoint\",\"urlTemplate\":\"https:\/\/www.richardappelbom.se\/?s={search_term_string}\"},\"query-input\":{\"@type\":\"PropertyValueSpecification\",\"valueRequired\":true,\"valueName\":\"search_term_string\"}}],\"inLanguage\":\"en-US\"},{\"@type\":\"Person\",\"@id\":\"https:\/\/www.richardappelbom.se\/#\/schema\/person\/98f55ffd095155d902e585f10999a15d\",\"name\":\"admin\",\"image\":{\"@type\":\"ImageObject\",\"inLanguage\":\"en-US\",\"@id\":\"https:\/\/secure.gravatar.com\/avatar\/480edd36f6cc3945e6b2db9fdc6f78df2a3fb98b7b27925b8d810863cfa537e7?s=96&d=mm&r=g\",\"url\":\"https:\/\/secure.gravatar.com\/avatar\/480edd36f6cc3945e6b2db9fdc6f78df2a3fb98b7b27925b8d810863cfa537e7?s=96&d=mm&r=g\",\"contentUrl\":\"https:\/\/secure.gravatar.com\/avatar\/480edd36f6cc3945e6b2db9fdc6f78df2a3fb98b7b27925b8d810863cfa537e7?s=96&d=mm&r=g\",\"caption\":\"admin\"},\"sameAs\":[\"https:\/\/www.facebook.com\/rappelbom\",\"https:\/\/twitter.com\/RichardAppelbom\"],\"url\":\"https:\/\/www.richardappelbom.se\/index.php\/author\/ra_j9l6616t\/\"}]}<\/script>\n<!-- \/ Yoast SEO plugin. -->","yoast_head_json":{"title":"Sommar \u00e4r d\u00e5lig tid f\u00f6r val i Norden - Richard Appelbom","description":"L\u00e5gt valdeltagande i finska kommunalvalet. Fick flyttas p\u00e5 grund av pandemin, men juni \u00e4r en d\u00e5lig tid f\u00f6r val i Norden.","robots":{"index":"index","follow":"follow","max-snippet":"max-snippet:-1","max-image-preview":"max-image-preview:large","max-video-preview":"max-video-preview:-1"},"canonical":"https:\/\/www.richardappelbom.se\/index.php\/2021\/06\/14\/sommar-ar-dalig-tid-for-val-i-norden\/","og_locale":"en_US","og_type":"article","og_title":"Sommar \u00e4r d\u00e5lig tid f\u00f6r val i Norden - Richard Appelbom","og_description":"L\u00e5gt valdeltagande i finska kommunalvalet. Fick flyttas p\u00e5 grund av pandemin, men juni \u00e4r en d\u00e5lig tid f\u00f6r val i Norden.","og_url":"https:\/\/www.richardappelbom.se\/index.php\/2021\/06\/14\/sommar-ar-dalig-tid-for-val-i-norden\/","og_site_name":"Richard Appelbom","article_publisher":"https:\/\/www.facebook.com\/rappelbom","article_author":"https:\/\/www.facebook.com\/rappelbom","article_published_time":"2021-06-14T13:01:45+00:00","article_modified_time":"2021-06-20T09:35:32+00:00","og_image":[{"url":"https:\/\/www.richardappelbom.se\/wp-content\/uploads\/2021\/06\/finland-kommunalval-1024x1024.jpg","type":"","width":"","height":""}],"author":"admin","twitter_card":"summary_large_image","twitter_creator":"@RichardAppelbom","twitter_site":"@RichardAppelbom","twitter_misc":{"Written by":"admin","Est. reading time":"3 minutes"},"schema":{"@context":"https:\/\/schema.org","@graph":[{"@type":"Article","@id":"https:\/\/www.richardappelbom.se\/index.php\/2021\/06\/14\/sommar-ar-dalig-tid-for-val-i-norden\/#article","isPartOf":{"@id":"https:\/\/www.richardappelbom.se\/index.php\/2021\/06\/14\/sommar-ar-dalig-tid-for-val-i-norden\/"},"author":{"name":"admin","@id":"https:\/\/www.richardappelbom.se\/#\/schema\/person\/98f55ffd095155d902e585f10999a15d"},"headline":"Sommar \u00e4r d\u00e5lig tid f\u00f6r val i Norden","datePublished":"2021-06-14T13:01:45+00:00","dateModified":"2021-06-20T09:35:32+00:00","mainEntityOfPage":{"@id":"https:\/\/www.richardappelbom.se\/index.php\/2021\/06\/14\/sommar-ar-dalig-tid-for-val-i-norden\/"},"wordCount":629,"commentCount":0,"image":{"@id":"https:\/\/www.richardappelbom.se\/index.php\/2021\/06\/14\/sommar-ar-dalig-tid-for-val-i-norden\/#primaryimage"},"thumbnailUrl":"https:\/\/www.richardappelbom.se\/wp-content\/uploads\/2021\/06\/finland-kommunalval-1024x1024.jpg","articleSection":["Allm\u00e4n Posts"],"inLanguage":"en-US","potentialAction":[{"@type":"CommentAction","name":"Comment","target":["https:\/\/www.richardappelbom.se\/index.php\/2021\/06\/14\/sommar-ar-dalig-tid-for-val-i-norden\/#respond"]}]},{"@type":"WebPage","@id":"https:\/\/www.richardappelbom.se\/index.php\/2021\/06\/14\/sommar-ar-dalig-tid-for-val-i-norden\/","url":"https:\/\/www.richardappelbom.se\/index.php\/2021\/06\/14\/sommar-ar-dalig-tid-for-val-i-norden\/","name":"Sommar \u00e4r d\u00e5lig tid f\u00f6r val i Norden - Richard Appelbom","isPartOf":{"@id":"https:\/\/www.richardappelbom.se\/#website"},"primaryImageOfPage":{"@id":"https:\/\/www.richardappelbom.se\/index.php\/2021\/06\/14\/sommar-ar-dalig-tid-for-val-i-norden\/#primaryimage"},"image":{"@id":"https:\/\/www.richardappelbom.se\/index.php\/2021\/06\/14\/sommar-ar-dalig-tid-for-val-i-norden\/#primaryimage"},"thumbnailUrl":"https:\/\/www.richardappelbom.se\/wp-content\/uploads\/2021\/06\/finland-kommunalval-1024x1024.jpg","datePublished":"2021-06-14T13:01:45+00:00","dateModified":"2021-06-20T09:35:32+00:00","author":{"@id":"https:\/\/www.richardappelbom.se\/#\/schema\/person\/98f55ffd095155d902e585f10999a15d"},"description":"L\u00e5gt valdeltagande i finska kommunalvalet. Fick flyttas p\u00e5 grund av pandemin, men juni \u00e4r en d\u00e5lig tid f\u00f6r val i Norden.","breadcrumb":{"@id":"https:\/\/www.richardappelbom.se\/index.php\/2021\/06\/14\/sommar-ar-dalig-tid-for-val-i-norden\/#breadcrumb"},"inLanguage":"en-US","potentialAction":[{"@type":"ReadAction","target":["https:\/\/www.richardappelbom.se\/index.php\/2021\/06\/14\/sommar-ar-dalig-tid-for-val-i-norden\/"]}]},{"@type":"ImageObject","inLanguage":"en-US","@id":"https:\/\/www.richardappelbom.se\/index.php\/2021\/06\/14\/sommar-ar-dalig-tid-for-val-i-norden\/#primaryimage","url":"https:\/\/www.richardappelbom.se\/wp-content\/uploads\/2021\/06\/finland-kommunalval.jpg","contentUrl":"https:\/\/www.richardappelbom.se\/wp-content\/uploads\/2021\/06\/finland-kommunalval.jpg","width":1280,"height":1280},{"@type":"BreadcrumbList","@id":"https:\/\/www.richardappelbom.se\/index.php\/2021\/06\/14\/sommar-ar-dalig-tid-for-val-i-norden\/#breadcrumb","itemListElement":[{"@type":"ListItem","position":1,"name":"Home","item":"https:\/\/www.richardappelbom.se\/"},{"@type":"ListItem","position":2,"name":"Sommar \u00e4r d\u00e5lig tid f\u00f6r val i Norden"}]},{"@type":"WebSite","@id":"https:\/\/www.richardappelbom.se\/#website","url":"https:\/\/www.richardappelbom.se\/","name":"Richard Appelbom","description":"En blogg om val och valsystem","potentialAction":[{"@type":"SearchAction","target":{"@type":"EntryPoint","urlTemplate":"https:\/\/www.richardappelbom.se\/?s={search_term_string}"},"query-input":{"@type":"PropertyValueSpecification","valueRequired":true,"valueName":"search_term_string"}}],"inLanguage":"en-US"},{"@type":"Person","@id":"https:\/\/www.richardappelbom.se\/#\/schema\/person\/98f55ffd095155d902e585f10999a15d","name":"admin","image":{"@type":"ImageObject","inLanguage":"en-US","@id":"https:\/\/secure.gravatar.com\/avatar\/480edd36f6cc3945e6b2db9fdc6f78df2a3fb98b7b27925b8d810863cfa537e7?s=96&d=mm&r=g","url":"https:\/\/secure.gravatar.com\/avatar\/480edd36f6cc3945e6b2db9fdc6f78df2a3fb98b7b27925b8d810863cfa537e7?s=96&d=mm&r=g","contentUrl":"https:\/\/secure.gravatar.com\/avatar\/480edd36f6cc3945e6b2db9fdc6f78df2a3fb98b7b27925b8d810863cfa537e7?s=96&d=mm&r=g","caption":"admin"},"sameAs":["https:\/\/www.facebook.com\/rappelbom","https:\/\/twitter.com\/RichardAppelbom"],"url":"https:\/\/www.richardappelbom.se\/index.php\/author\/ra_j9l6616t\/"}]}},"jetpack_featured_media_url":"","jetpack_sharing_enabled":true,"_links":{"self":[{"href":"https:\/\/www.richardappelbom.se\/index.php\/wp-json\/wp\/v2\/posts\/211","targetHints":{"allow":["GET"]}}],"collection":[{"href":"https:\/\/www.richardappelbom.se\/index.php\/wp-json\/wp\/v2\/posts"}],"about":[{"href":"https:\/\/www.richardappelbom.se\/index.php\/wp-json\/wp\/v2\/types\/post"}],"author":[{"embeddable":true,"href":"https:\/\/www.richardappelbom.se\/index.php\/wp-json\/wp\/v2\/users\/1"}],"replies":[{"embeddable":true,"href":"https:\/\/www.richardappelbom.se\/index.php\/wp-json\/wp\/v2\/comments?post=211"}],"version-history":[{"count":2,"href":"https:\/\/www.richardappelbom.se\/index.php\/wp-json\/wp\/v2\/posts\/211\/revisions"}],"predecessor-version":[{"id":216,"href":"https:\/\/www.richardappelbom.se\/index.php\/wp-json\/wp\/v2\/posts\/211\/revisions\/216"}],"wp:attachment":[{"href":"https:\/\/www.richardappelbom.se\/index.php\/wp-json\/wp\/v2\/media?parent=211"}],"wp:term":[{"taxonomy":"category","embeddable":true,"href":"https:\/\/www.richardappelbom.se\/index.php\/wp-json\/wp\/v2\/categories?post=211"},{"taxonomy":"post_tag","embeddable":true,"href":"https:\/\/www.richardappelbom.se\/index.php\/wp-json\/wp\/v2\/tags?post=211"}],"curies":[{"name":"wp","href":"https:\/\/api.w.org\/{rel}","templated":true}]}}