{"id":218,"date":"2021-07-13T09:22:35","date_gmt":"2021-07-13T09:22:35","guid":{"rendered":"https:\/\/www.richardappelbom.se\/?p=218"},"modified":"2021-07-14T20:22:01","modified_gmt":"2021-07-14T20:22:01","slug":"eu-orientering-i-moldavien-och-nytt-protestval-i-bulgarien","status":"publish","type":"post","link":"https:\/\/www.richardappelbom.se\/index.php\/2021\/07\/13\/eu-orientering-i-moldavien-och-nytt-protestval-i-bulgarien\/","title":{"rendered":"EU-orientering i Moldavien och nytt protestval i Bulgarien"},"content":{"rendered":"\n<figure class=\"wp-block-image size-large\"><img loading=\"lazy\" decoding=\"async\" width=\"725\" height=\"483\" src=\"https:\/\/www.richardappelbom.se\/wp-content\/uploads\/2021\/07\/flag-of-bulgaria.jpg\" alt=\"\" class=\"wp-image-220\" srcset=\"https:\/\/www.richardappelbom.se\/wp-content\/uploads\/2021\/07\/flag-of-bulgaria.jpg 725w, https:\/\/www.richardappelbom.se\/wp-content\/uploads\/2021\/07\/flag-of-bulgaria-300x200.jpg 300w\" sizes=\"auto, (max-width: 725px) 100vw, 725px\" \/><\/figure>\n\n\n\n<figure class=\"wp-block-image size-large is-resized\"><img loading=\"lazy\" decoding=\"async\" src=\"https:\/\/www.richardappelbom.se\/wp-content\/uploads\/2021\/07\/moldavien-flagga.png\" alt=\"\" class=\"wp-image-219\" width=\"654\" height=\"435\"\/><\/figure>\n\n\n\n<p>Val i Bulgarien, flaggan \u00f6verst och i Moldavien, nedre flaggan<\/p>\n\n\n\n<p>11 juni var det val i Bulgarien och Moldavien. Valet i Bulgarien var ett nyval efter ett ordinarie val i april i \u00e5r. Det gick inte att bilda regering efter det valet, men fr\u00e5gan \u00e4r om det g\u00e5r b\u00e4ttre nu.<\/p>\n\n\n\n<p><a href=\"https:\/\/www.politico.eu\/article\/no-clear-winner-in-bulgarian-election-exit-poll\/\">Parlamentet \u00e4r delat <\/a>mellan de traditionella partierna, som alla anklagas f\u00f6r korruption och mygel, och nya protestpartier som vill rensa upp och v\u00e4grar att samarbeta med de gamla partierna. Det g\u00f6r det fortsatt sv\u00e5rt att bilda regering. B\u00e5da de gamla maktpartierna GREB, som \u00e4r en del av den kristdemokratiska\/konservativa EPP-gruppen i EU, och Socialisterna gick tillbaka. Mittenpartiet DPS, som ing\u00e5r i den liberala gruppen men ocks\u00e5 har anklagats f\u00f6r korruption, h\u00f6ll st\u00e4llningarna med drygt 10 procent. M\u00e5nga i den turkiska minoriteten r\u00f6star p\u00e5 DPS, spr\u00e5kligt och etniskt baserade partier har ofta en mer stabil v\u00e4ljarbas.<\/p>\n\n\n\n<p>Valets segrare var \u00e5terigen protestpartiet ITN \u201cDet finns ett s\u00e5dant folk(nation) \u201d (There is such a people) under s\u00e5ngaren och TV-personligheten Slavi Trifonov. <a href=\"https:\/\/en.wikipedia.org\/wiki\/July_2021_Bulgarian_parliamentary_election\">Partiet \u00f6kade till 23,8 procent<\/a> och blev st\u00f6rst, om \u00e4n mycket knappt. Partiet har f\u00f6rslag om valreformer, obligatoriskt r\u00f6stande och e-val, men programmet verkar inte helt\u00e4ckande. Tifonov st\u00e4ller inte heller upp i debatter eller intervjuer, utan driver sin egen kampanj via sociala medier.<\/p>\n\n\n\n<p>Bulgarien har en sp\u00e4rr p\u00e5 fyra procent, och runt 12 procent r\u00f6stade p\u00e5 partier som inte kom med. Valdeltagandet var l\u00e5gt, drygt 50 procent.<\/p>\n\n\n\n<p> Inget h\u00f6gernationalistiskt parti klarade sp\u00e4rren, missn\u00f6jda v\u00e4ljare tycks snarare ha r\u00f6stat p\u00e5 antikorruptionspartier. USA har markerat mot korruptionen i Bulgarien, EU har varit mer passivt. Alla de tre stora partigrupperna i EU har medlemspartier bland de gamla maktpartierna, h\u00e4r kan kr\u00e4vas att partigrupperna s\u00e4tter ned foten.<\/p>\n\n\n\n<p>Fr\u00e5gan \u00e4r om protestpartierna f\u00f6rm\u00e5r regera. Det kan vara vanskligt att bara vinna r\u00f6ster p\u00e5 att vara emot och lova s\u00e5dant &#8220;som rensa upp tr\u00e4sket&#8221;. Kommer Trifonov att agera konstruktivt och \u00f6ppet som makthavare? Det \u00e4r skillnad p\u00e5 att lova och p\u00e5 att styra. Det b\u00e5dar inte gott att han h\u00e5ller sig undan fr\u00e5n traditionella medier&#8230;.<\/p>\n\n\n\n<p>I Moldavien blev det d\u00e4remot<a href=\"https:\/\/www.politico.eu\/article\/moldova-pro-eu-election-center-right-pas-parliament\/\"> ett tydligt utslag<\/a>. PAS som st\u00f6der den v\u00e4stv\u00e4nliga presidenten Maia Sandu fick <a href=\"https:\/\/en.wikipedia.org\/wiki\/2021_Moldovan_parliamentary_election\">egen majoritet <\/a>och besegrade klart det ryssv\u00e4nliga blocket av socialister och kommunister.<\/p>\n\n\n\n<p>Moldavien har tre sp\u00e4rrgr\u00e4nser, 5 procent f\u00f6r partier, 7 procent f\u00f6r valallianser och 2 procent f\u00f6r enskilda kandidater. hala landet \u00e4r en valkrets, vilket betyder att de 101 platserna f\u00f6rdelas mycket proportionellt mellan de partier som klarar sp\u00e4rren.<\/p>\n\n\n\n<p>Bara tre partier kom in, och drygt 14 procent av v\u00e4ljarna r\u00f6stade p\u00e5 partier som inte klarade sp\u00e4rren. Valdeltagandet var l\u00e5gt, 48 procent.<\/p>\n\n\n\n<p>\u00c4ven h\u00e4r lovade vinnarna krafttag mot korruptionen. Trov\u00e4rdigheten \u00e4r dock st\u00f6rre, president Sandu har arbetat i V\u00e4rldsbanken och satsar p\u00e5 att n\u00e4rma sig EU med medlemskap som slutm\u00e5l.<\/p>\n\n\n\n<p>\u00c5ter visar det sig att v\u00e4ljare i det forna Sovjet v\u00e4nder sig bort fr\u00e5n Ryssland, Putin har kvar diktatorn Lukasjenko i Belarus., men Ukraina och Moldavien kan nu samarbeta f\u00f6r att n\u00e4rma sig v\u00e4st  och f\u00f6rs\u00f6ka h\u00e5lla Putin och Ryssland kort. L\u00e4tt blir det inte. men ett hoppingivande resultat.<\/p>\n","protected":false},"excerpt":{"rendered":"<p>Val i Bulgarien, flaggan \u00f6verst och i Moldavien, nedre flaggan 11 juni var det val i Bulgarien och Moldavien. Valet i Bulgarien var ett nyval efter ett ordinarie val i april i \u00e5r. Det gick inte att bilda regering efter det valet, men fr\u00e5gan \u00e4r om det g\u00e5r b\u00e4ttre nu. Parlamentet \u00e4r delat mellan de [&hellip;]<\/p>\n","protected":false},"author":1,"featured_media":0,"comment_status":"open","ping_status":"closed","sticky":false,"template":"","format":"standard","meta":{"_jetpack_memberships_contains_paid_content":false,"footnotes":""},"categories":[10],"tags":[],"class_list":["post-218","post","type-post","status-publish","format-standard","hentry","category-allman-inlagg"],"yoast_head":"<!-- This site is optimized with the Yoast SEO plugin v27.2 - https:\/\/yoast.com\/product\/yoast-seo-wordpress\/ -->\n<title>EU-orientering i Moldavien och nytt protestval i Bulgarien - Richard Appelbom<\/title>\n<meta name=\"description\" content=\"V\u00e4ljarna r\u00f6stade mot korruption och maktmissbruk i Bulgarien och Moldavien. Vinnaren i Moldavien verkar mer trov\u00e4rdig, fortsatt ovisshet i Bulgarien.\" \/>\n<meta name=\"robots\" content=\"index, follow, max-snippet:-1, max-image-preview:large, max-video-preview:-1\" \/>\n<link rel=\"canonical\" href=\"https:\/\/www.richardappelbom.se\/index.php\/2021\/07\/13\/eu-orientering-i-moldavien-och-nytt-protestval-i-bulgarien\/\" \/>\n<meta property=\"og:locale\" content=\"en_US\" \/>\n<meta property=\"og:type\" content=\"article\" \/>\n<meta property=\"og:title\" content=\"EU-orientering i Moldavien och nytt protestval i Bulgarien - Richard Appelbom\" \/>\n<meta property=\"og:description\" content=\"V\u00e4ljarna r\u00f6stade mot korruption och maktmissbruk i Bulgarien och Moldavien. Vinnaren i Moldavien verkar mer trov\u00e4rdig, fortsatt ovisshet i Bulgarien.\" \/>\n<meta property=\"og:url\" content=\"https:\/\/www.richardappelbom.se\/index.php\/2021\/07\/13\/eu-orientering-i-moldavien-och-nytt-protestval-i-bulgarien\/\" \/>\n<meta property=\"og:site_name\" content=\"Richard Appelbom\" \/>\n<meta property=\"article:publisher\" content=\"https:\/\/www.facebook.com\/rappelbom\" \/>\n<meta property=\"article:author\" content=\"https:\/\/www.facebook.com\/rappelbom\" \/>\n<meta property=\"article:published_time\" content=\"2021-07-13T09:22:35+00:00\" \/>\n<meta property=\"article:modified_time\" content=\"2021-07-14T20:22:01+00:00\" \/>\n<meta property=\"og:image\" content=\"https:\/\/www.richardappelbom.se\/wp-content\/uploads\/2021\/07\/flag-of-bulgaria.jpg\" \/>\n<meta name=\"author\" content=\"admin\" \/>\n<meta name=\"twitter:card\" content=\"summary_large_image\" \/>\n<meta name=\"twitter:creator\" content=\"@RichardAppelbom\" \/>\n<meta name=\"twitter:site\" content=\"@RichardAppelbom\" \/>\n<meta name=\"twitter:label1\" content=\"Written by\" \/>\n\t<meta name=\"twitter:data1\" content=\"admin\" \/>\n\t<meta name=\"twitter:label2\" content=\"Est. reading time\" \/>\n\t<meta name=\"twitter:data2\" content=\"3 minutes\" \/>\n<script type=\"application\/ld+json\" class=\"yoast-schema-graph\">{\"@context\":\"https:\/\/schema.org\",\"@graph\":[{\"@type\":\"Article\",\"@id\":\"https:\/\/www.richardappelbom.se\/index.php\/2021\/07\/13\/eu-orientering-i-moldavien-och-nytt-protestval-i-bulgarien\/#article\",\"isPartOf\":{\"@id\":\"https:\/\/www.richardappelbom.se\/index.php\/2021\/07\/13\/eu-orientering-i-moldavien-och-nytt-protestval-i-bulgarien\/\"},\"author\":{\"name\":\"admin\",\"@id\":\"https:\/\/www.richardappelbom.se\/#\/schema\/person\/98f55ffd095155d902e585f10999a15d\"},\"headline\":\"EU-orientering i Moldavien och nytt protestval i Bulgarien\",\"datePublished\":\"2021-07-13T09:22:35+00:00\",\"dateModified\":\"2021-07-14T20:22:01+00:00\",\"mainEntityOfPage\":{\"@id\":\"https:\/\/www.richardappelbom.se\/index.php\/2021\/07\/13\/eu-orientering-i-moldavien-och-nytt-protestval-i-bulgarien\/\"},\"wordCount\":577,\"commentCount\":0,\"image\":{\"@id\":\"https:\/\/www.richardappelbom.se\/index.php\/2021\/07\/13\/eu-orientering-i-moldavien-och-nytt-protestval-i-bulgarien\/#primaryimage\"},\"thumbnailUrl\":\"https:\/\/www.richardappelbom.se\/wp-content\/uploads\/2021\/07\/flag-of-bulgaria.jpg\",\"articleSection\":[\"Allm\u00e4n Posts\"],\"inLanguage\":\"en-US\",\"potentialAction\":[{\"@type\":\"CommentAction\",\"name\":\"Comment\",\"target\":[\"https:\/\/www.richardappelbom.se\/index.php\/2021\/07\/13\/eu-orientering-i-moldavien-och-nytt-protestval-i-bulgarien\/#respond\"]}]},{\"@type\":\"WebPage\",\"@id\":\"https:\/\/www.richardappelbom.se\/index.php\/2021\/07\/13\/eu-orientering-i-moldavien-och-nytt-protestval-i-bulgarien\/\",\"url\":\"https:\/\/www.richardappelbom.se\/index.php\/2021\/07\/13\/eu-orientering-i-moldavien-och-nytt-protestval-i-bulgarien\/\",\"name\":\"EU-orientering i Moldavien och nytt protestval i Bulgarien - Richard Appelbom\",\"isPartOf\":{\"@id\":\"https:\/\/www.richardappelbom.se\/#website\"},\"primaryImageOfPage\":{\"@id\":\"https:\/\/www.richardappelbom.se\/index.php\/2021\/07\/13\/eu-orientering-i-moldavien-och-nytt-protestval-i-bulgarien\/#primaryimage\"},\"image\":{\"@id\":\"https:\/\/www.richardappelbom.se\/index.php\/2021\/07\/13\/eu-orientering-i-moldavien-och-nytt-protestval-i-bulgarien\/#primaryimage\"},\"thumbnailUrl\":\"https:\/\/www.richardappelbom.se\/wp-content\/uploads\/2021\/07\/flag-of-bulgaria.jpg\",\"datePublished\":\"2021-07-13T09:22:35+00:00\",\"dateModified\":\"2021-07-14T20:22:01+00:00\",\"author\":{\"@id\":\"https:\/\/www.richardappelbom.se\/#\/schema\/person\/98f55ffd095155d902e585f10999a15d\"},\"description\":\"V\u00e4ljarna r\u00f6stade mot korruption och maktmissbruk i Bulgarien och Moldavien. Vinnaren i Moldavien verkar mer trov\u00e4rdig, fortsatt ovisshet i Bulgarien.\",\"breadcrumb\":{\"@id\":\"https:\/\/www.richardappelbom.se\/index.php\/2021\/07\/13\/eu-orientering-i-moldavien-och-nytt-protestval-i-bulgarien\/#breadcrumb\"},\"inLanguage\":\"en-US\",\"potentialAction\":[{\"@type\":\"ReadAction\",\"target\":[\"https:\/\/www.richardappelbom.se\/index.php\/2021\/07\/13\/eu-orientering-i-moldavien-och-nytt-protestval-i-bulgarien\/\"]}]},{\"@type\":\"ImageObject\",\"inLanguage\":\"en-US\",\"@id\":\"https:\/\/www.richardappelbom.se\/index.php\/2021\/07\/13\/eu-orientering-i-moldavien-och-nytt-protestval-i-bulgarien\/#primaryimage\",\"url\":\"https:\/\/www.richardappelbom.se\/wp-content\/uploads\/2021\/07\/flag-of-bulgaria.jpg\",\"contentUrl\":\"https:\/\/www.richardappelbom.se\/wp-content\/uploads\/2021\/07\/flag-of-bulgaria.jpg\",\"width\":725,\"height\":483},{\"@type\":\"BreadcrumbList\",\"@id\":\"https:\/\/www.richardappelbom.se\/index.php\/2021\/07\/13\/eu-orientering-i-moldavien-och-nytt-protestval-i-bulgarien\/#breadcrumb\",\"itemListElement\":[{\"@type\":\"ListItem\",\"position\":1,\"name\":\"Home\",\"item\":\"https:\/\/www.richardappelbom.se\/\"},{\"@type\":\"ListItem\",\"position\":2,\"name\":\"EU-orientering i Moldavien och nytt protestval i Bulgarien\"}]},{\"@type\":\"WebSite\",\"@id\":\"https:\/\/www.richardappelbom.se\/#website\",\"url\":\"https:\/\/www.richardappelbom.se\/\",\"name\":\"Richard Appelbom\",\"description\":\"En blogg om val och valsystem\",\"potentialAction\":[{\"@type\":\"SearchAction\",\"target\":{\"@type\":\"EntryPoint\",\"urlTemplate\":\"https:\/\/www.richardappelbom.se\/?s={search_term_string}\"},\"query-input\":{\"@type\":\"PropertyValueSpecification\",\"valueRequired\":true,\"valueName\":\"search_term_string\"}}],\"inLanguage\":\"en-US\"},{\"@type\":\"Person\",\"@id\":\"https:\/\/www.richardappelbom.se\/#\/schema\/person\/98f55ffd095155d902e585f10999a15d\",\"name\":\"admin\",\"image\":{\"@type\":\"ImageObject\",\"inLanguage\":\"en-US\",\"@id\":\"https:\/\/secure.gravatar.com\/avatar\/480edd36f6cc3945e6b2db9fdc6f78df2a3fb98b7b27925b8d810863cfa537e7?s=96&d=mm&r=g\",\"url\":\"https:\/\/secure.gravatar.com\/avatar\/480edd36f6cc3945e6b2db9fdc6f78df2a3fb98b7b27925b8d810863cfa537e7?s=96&d=mm&r=g\",\"contentUrl\":\"https:\/\/secure.gravatar.com\/avatar\/480edd36f6cc3945e6b2db9fdc6f78df2a3fb98b7b27925b8d810863cfa537e7?s=96&d=mm&r=g\",\"caption\":\"admin\"},\"sameAs\":[\"https:\/\/www.facebook.com\/rappelbom\",\"https:\/\/twitter.com\/RichardAppelbom\"],\"url\":\"https:\/\/www.richardappelbom.se\/index.php\/author\/ra_j9l6616t\/\"}]}<\/script>\n<!-- \/ Yoast SEO plugin. -->","yoast_head_json":{"title":"EU-orientering i Moldavien och nytt protestval i Bulgarien - Richard Appelbom","description":"V\u00e4ljarna r\u00f6stade mot korruption och maktmissbruk i Bulgarien och Moldavien. Vinnaren i Moldavien verkar mer trov\u00e4rdig, fortsatt ovisshet i Bulgarien.","robots":{"index":"index","follow":"follow","max-snippet":"max-snippet:-1","max-image-preview":"max-image-preview:large","max-video-preview":"max-video-preview:-1"},"canonical":"https:\/\/www.richardappelbom.se\/index.php\/2021\/07\/13\/eu-orientering-i-moldavien-och-nytt-protestval-i-bulgarien\/","og_locale":"en_US","og_type":"article","og_title":"EU-orientering i Moldavien och nytt protestval i Bulgarien - Richard Appelbom","og_description":"V\u00e4ljarna r\u00f6stade mot korruption och maktmissbruk i Bulgarien och Moldavien. Vinnaren i Moldavien verkar mer trov\u00e4rdig, fortsatt ovisshet i Bulgarien.","og_url":"https:\/\/www.richardappelbom.se\/index.php\/2021\/07\/13\/eu-orientering-i-moldavien-och-nytt-protestval-i-bulgarien\/","og_site_name":"Richard Appelbom","article_publisher":"https:\/\/www.facebook.com\/rappelbom","article_author":"https:\/\/www.facebook.com\/rappelbom","article_published_time":"2021-07-13T09:22:35+00:00","article_modified_time":"2021-07-14T20:22:01+00:00","og_image":[{"url":"https:\/\/www.richardappelbom.se\/wp-content\/uploads\/2021\/07\/flag-of-bulgaria.jpg","type":"","width":"","height":""}],"author":"admin","twitter_card":"summary_large_image","twitter_creator":"@RichardAppelbom","twitter_site":"@RichardAppelbom","twitter_misc":{"Written by":"admin","Est. reading time":"3 minutes"},"schema":{"@context":"https:\/\/schema.org","@graph":[{"@type":"Article","@id":"https:\/\/www.richardappelbom.se\/index.php\/2021\/07\/13\/eu-orientering-i-moldavien-och-nytt-protestval-i-bulgarien\/#article","isPartOf":{"@id":"https:\/\/www.richardappelbom.se\/index.php\/2021\/07\/13\/eu-orientering-i-moldavien-och-nytt-protestval-i-bulgarien\/"},"author":{"name":"admin","@id":"https:\/\/www.richardappelbom.se\/#\/schema\/person\/98f55ffd095155d902e585f10999a15d"},"headline":"EU-orientering i Moldavien och nytt protestval i Bulgarien","datePublished":"2021-07-13T09:22:35+00:00","dateModified":"2021-07-14T20:22:01+00:00","mainEntityOfPage":{"@id":"https:\/\/www.richardappelbom.se\/index.php\/2021\/07\/13\/eu-orientering-i-moldavien-och-nytt-protestval-i-bulgarien\/"},"wordCount":577,"commentCount":0,"image":{"@id":"https:\/\/www.richardappelbom.se\/index.php\/2021\/07\/13\/eu-orientering-i-moldavien-och-nytt-protestval-i-bulgarien\/#primaryimage"},"thumbnailUrl":"https:\/\/www.richardappelbom.se\/wp-content\/uploads\/2021\/07\/flag-of-bulgaria.jpg","articleSection":["Allm\u00e4n Posts"],"inLanguage":"en-US","potentialAction":[{"@type":"CommentAction","name":"Comment","target":["https:\/\/www.richardappelbom.se\/index.php\/2021\/07\/13\/eu-orientering-i-moldavien-och-nytt-protestval-i-bulgarien\/#respond"]}]},{"@type":"WebPage","@id":"https:\/\/www.richardappelbom.se\/index.php\/2021\/07\/13\/eu-orientering-i-moldavien-och-nytt-protestval-i-bulgarien\/","url":"https:\/\/www.richardappelbom.se\/index.php\/2021\/07\/13\/eu-orientering-i-moldavien-och-nytt-protestval-i-bulgarien\/","name":"EU-orientering i Moldavien och nytt protestval i Bulgarien - Richard Appelbom","isPartOf":{"@id":"https:\/\/www.richardappelbom.se\/#website"},"primaryImageOfPage":{"@id":"https:\/\/www.richardappelbom.se\/index.php\/2021\/07\/13\/eu-orientering-i-moldavien-och-nytt-protestval-i-bulgarien\/#primaryimage"},"image":{"@id":"https:\/\/www.richardappelbom.se\/index.php\/2021\/07\/13\/eu-orientering-i-moldavien-och-nytt-protestval-i-bulgarien\/#primaryimage"},"thumbnailUrl":"https:\/\/www.richardappelbom.se\/wp-content\/uploads\/2021\/07\/flag-of-bulgaria.jpg","datePublished":"2021-07-13T09:22:35+00:00","dateModified":"2021-07-14T20:22:01+00:00","author":{"@id":"https:\/\/www.richardappelbom.se\/#\/schema\/person\/98f55ffd095155d902e585f10999a15d"},"description":"V\u00e4ljarna r\u00f6stade mot korruption och maktmissbruk i Bulgarien och Moldavien. Vinnaren i Moldavien verkar mer trov\u00e4rdig, fortsatt ovisshet i Bulgarien.","breadcrumb":{"@id":"https:\/\/www.richardappelbom.se\/index.php\/2021\/07\/13\/eu-orientering-i-moldavien-och-nytt-protestval-i-bulgarien\/#breadcrumb"},"inLanguage":"en-US","potentialAction":[{"@type":"ReadAction","target":["https:\/\/www.richardappelbom.se\/index.php\/2021\/07\/13\/eu-orientering-i-moldavien-och-nytt-protestval-i-bulgarien\/"]}]},{"@type":"ImageObject","inLanguage":"en-US","@id":"https:\/\/www.richardappelbom.se\/index.php\/2021\/07\/13\/eu-orientering-i-moldavien-och-nytt-protestval-i-bulgarien\/#primaryimage","url":"https:\/\/www.richardappelbom.se\/wp-content\/uploads\/2021\/07\/flag-of-bulgaria.jpg","contentUrl":"https:\/\/www.richardappelbom.se\/wp-content\/uploads\/2021\/07\/flag-of-bulgaria.jpg","width":725,"height":483},{"@type":"BreadcrumbList","@id":"https:\/\/www.richardappelbom.se\/index.php\/2021\/07\/13\/eu-orientering-i-moldavien-och-nytt-protestval-i-bulgarien\/#breadcrumb","itemListElement":[{"@type":"ListItem","position":1,"name":"Home","item":"https:\/\/www.richardappelbom.se\/"},{"@type":"ListItem","position":2,"name":"EU-orientering i Moldavien och nytt protestval i Bulgarien"}]},{"@type":"WebSite","@id":"https:\/\/www.richardappelbom.se\/#website","url":"https:\/\/www.richardappelbom.se\/","name":"Richard Appelbom","description":"En blogg om val och valsystem","potentialAction":[{"@type":"SearchAction","target":{"@type":"EntryPoint","urlTemplate":"https:\/\/www.richardappelbom.se\/?s={search_term_string}"},"query-input":{"@type":"PropertyValueSpecification","valueRequired":true,"valueName":"search_term_string"}}],"inLanguage":"en-US"},{"@type":"Person","@id":"https:\/\/www.richardappelbom.se\/#\/schema\/person\/98f55ffd095155d902e585f10999a15d","name":"admin","image":{"@type":"ImageObject","inLanguage":"en-US","@id":"https:\/\/secure.gravatar.com\/avatar\/480edd36f6cc3945e6b2db9fdc6f78df2a3fb98b7b27925b8d810863cfa537e7?s=96&d=mm&r=g","url":"https:\/\/secure.gravatar.com\/avatar\/480edd36f6cc3945e6b2db9fdc6f78df2a3fb98b7b27925b8d810863cfa537e7?s=96&d=mm&r=g","contentUrl":"https:\/\/secure.gravatar.com\/avatar\/480edd36f6cc3945e6b2db9fdc6f78df2a3fb98b7b27925b8d810863cfa537e7?s=96&d=mm&r=g","caption":"admin"},"sameAs":["https:\/\/www.facebook.com\/rappelbom","https:\/\/twitter.com\/RichardAppelbom"],"url":"https:\/\/www.richardappelbom.se\/index.php\/author\/ra_j9l6616t\/"}]}},"jetpack_featured_media_url":"","jetpack_sharing_enabled":true,"_links":{"self":[{"href":"https:\/\/www.richardappelbom.se\/index.php\/wp-json\/wp\/v2\/posts\/218","targetHints":{"allow":["GET"]}}],"collection":[{"href":"https:\/\/www.richardappelbom.se\/index.php\/wp-json\/wp\/v2\/posts"}],"about":[{"href":"https:\/\/www.richardappelbom.se\/index.php\/wp-json\/wp\/v2\/types\/post"}],"author":[{"embeddable":true,"href":"https:\/\/www.richardappelbom.se\/index.php\/wp-json\/wp\/v2\/users\/1"}],"replies":[{"embeddable":true,"href":"https:\/\/www.richardappelbom.se\/index.php\/wp-json\/wp\/v2\/comments?post=218"}],"version-history":[{"count":3,"href":"https:\/\/www.richardappelbom.se\/index.php\/wp-json\/wp\/v2\/posts\/218\/revisions"}],"predecessor-version":[{"id":224,"href":"https:\/\/www.richardappelbom.se\/index.php\/wp-json\/wp\/v2\/posts\/218\/revisions\/224"}],"wp:attachment":[{"href":"https:\/\/www.richardappelbom.se\/index.php\/wp-json\/wp\/v2\/media?parent=218"}],"wp:term":[{"taxonomy":"category","embeddable":true,"href":"https:\/\/www.richardappelbom.se\/index.php\/wp-json\/wp\/v2\/categories?post=218"},{"taxonomy":"post_tag","embeddable":true,"href":"https:\/\/www.richardappelbom.se\/index.php\/wp-json\/wp\/v2\/tags?post=218"}],"curies":[{"name":"wp","href":"https:\/\/api.w.org\/{rel}","templated":true}]}}