{"id":226,"date":"2021-09-15T17:13:45","date_gmt":"2021-09-15T17:13:45","guid":{"rendered":"https:\/\/www.richardappelbom.se\/?p=226"},"modified":"2021-09-15T17:19:08","modified_gmt":"2021-09-15T17:19:08","slug":"vanstervindar-i-norge","status":"publish","type":"post","link":"https:\/\/www.richardappelbom.se\/index.php\/2021\/09\/15\/vanstervindar-i-norge\/","title":{"rendered":"V\u00e4nstervindar i Norge"},"content":{"rendered":"\n<figure class=\"wp-block-image size-full is-resized\"><img loading=\"lazy\" decoding=\"async\" src=\"https:\/\/www.richardappelbom.se\/wp-content\/uploads\/2021\/09\/jonas-gahr-Store.jpg\" alt=\"\" class=\"wp-image-227\" width=\"727\" height=\"275\" srcset=\"https:\/\/www.richardappelbom.se\/wp-content\/uploads\/2021\/09\/jonas-gahr-Store.jpg 365w, https:\/\/www.richardappelbom.se\/wp-content\/uploads\/2021\/09\/jonas-gahr-Store-300x113.jpg 300w\" sizes=\"auto, (max-width: 727px) 100vw, 727px\" \/><figcaption>Jonas Gahr St\u00f6re (A) blir ny statsminister i Norge<\/figcaption><\/figure>\n\n\n\n<p>Det bl\u00e5ste tydliga v\u00e4nstervindar i Norge. Efter \u00e5tta \u00e5r vid makten f\u00e5r H\u00f8yres Erna Solberg l\u00e4mna \u00f6ver till Arbeiderpartiets Jonas Gahr St\u00f8re.\u00a0 Arbeiderpartiet (A), Socialistisk venstre (SV) och den stora segraren Senterpartiet f\u00e5r egen majoritet. <\/p>\n\n\n\n<p>Men d\u00e4rut\u00f6ver fick Milj\u00f6partiet (MDG) och marxistiska R\u00f6dt, vilka ligger l\u00e4ngre till v\u00e4nster, n\u00e4rmare 10 procent tillsammans. Partierna till v\u00e4nster om Arbeiderpartiet (Milj\u00f6partiet, R\u00f6dt och SV) har aldrig varit starkare.<\/p>\n\n\n\n<p><a href=\"https:\/\/www.nrk.no\/valg\/2021\/resultat\/\">Den r\u00f6dgr\u00f6na majoriteten<\/a> \u00e4r massiv, partierna som st\u00f6dde den tidigare borgerliga regeringen fick knappt 40 procent av r\u00f6sterna. H\u00f6gerpopulistiska Fremskrittspartiet (FRP), som varit regeringsparti och senare st\u00f6dparti under Solberg, gick tillbaka och fick drygt 11 procent.<\/p>\n\n\n\n<p>Coronaeffekten ser ut att ha klingat av. I v\u00e5ras gjorde ledande regeringspartier   i Nederl\u00e4nderna och Storbritannienbra val som tack f\u00f6r pandemihanteringen. H\u00f8yre hade i b\u00f6rjan p\u00e5 \u00e5ret b\u00e4ttre opinionssiffror, men tappade nu rej\u00e4lt.<\/p>\n\n\n\n<p>Norge och Sverige har ett likartat partisystem. Den tidigare socialdemokratiska dominansen har givit&nbsp; blockpolitik, d\u00e4r borgerliga partier har velat h\u00e5lla Socialdemokraterna borta fr\u00e5n regeringsmakten .<\/p>\n\n\n\n<p>S(C)enterpartierna har i b\u00e5da l\u00e4nderna l\u00e4mnat det borgerliga blocket. Svenska Liberalerna och norska &nbsp;Liberala Venstre, som klarade sp\u00e4rrgr\u00e4nsen p\u00e5 4 procent, &nbsp;har stannat kvar, trots tveksamheter inf\u00f6r h\u00f6gerpopulistiska&nbsp; FRP respektive SD.<\/p>\n\n\n\n<p>Storst\u00e4derna blir alltmer v\u00e4nster. <a href=\"https:\/\/www.nrk.no\/slik-stemte-vi-1.15645575\">D\u00e4r gick det bra <\/a>f\u00f6r R\u00f6dt, SV (som V\u00e4nsterpartiet fast utan den kommunistiska barlasten) och f\u00f6r Milj\u00f6partiet.<\/p>\n\n\n\n<p>Det finns dock \u00e4ven skillnader. FRP har inte SD:s nazianstrukna f\u00f6rflutna. Valdeltagandet var l\u00e4gre, 77 procent mot 87 procent i Sverige.<\/p>\n\n\n\n<p>Norska Senterpartiet \u00e4r inte som Centerpartiet i Sverige marknadsliberalt och bejakar invandring, utan mer protektionistiskt och EU-skeptiskt. Partiet har fr\u00e4mst g\u00e5tt fram p\u00e5 kritik av centralisering av kommuner och av statlig verksamhet. (trots att Norge har mer levande sm\u00e5orter och landsbygd \u00e4n Sverige.) \u00a0<\/p>\n\n\n\n<p>Milj\u00f6partiet (MDG)\u00a0 missade \u00e5ter sp\u00e4rrgr\u00e4nsen, som dock \u00e4r mindre brutal \u00e4n i Sverige. Partierna f\u00e5r beh\u00e5lla sina fasta mandat, s\u00e5 MDG fick tre.  Liksom Kristelig folkeparti. Under fyra procent men med tre mandat fr\u00e5n norska &#8220;bibelb\u00e4ltet&#8221;.<\/p>\n\n\n\n<p>Den norska mildare sp\u00e4rren tycks inte leda till lika mycket &#8220;st\u00f6dr\u00f6stande&#8221; som i Sverige. H\u00e4r kom tv\u00e5 partier just under gr\u00e4nsen, i Sverige hade de nog &#8220;hj\u00e4lpts&#8221; \u00f6ver sp\u00e4rren.<\/p>\n\n\n\n<p>Men MDG har haft sv\u00e5rt att etablera sig. Liberala Venstre och Socialistisk Venstre (SV) har konkurrerat med en tydlig milj\u00f6profil. D\u00e4rf\u00f6r tog det l\u00e4ngre f\u00f6r MDG att komma in i stortinget \u00e4n f\u00f6r gr\u00f6na partier i andra l\u00e4nder, och partiet har en mer tydlig v\u00e4nsterprofil.<\/p>\n\n\n\n<p>Det \u00e4r \u00e4nd\u00e5 inte s\u00e4kert att det blir en majoritetsregering. Senterpartiet vill helst regera utan SV, och SV st\u00e4ller egna villkor. S \u00e4r med 26 procent klart st\u00f6rst, men inte dominerande som f\u00f6rr.<\/p>\n\n\n\n<p>Oljan kan bli en besv\u00e4rlig n\u00f6t. Klimat var stort i valr\u00f6relsen, och Norge har ambiti\u00f6sa planer p\u00e5 minskade utsl\u00e4pp i landet.<\/p>\n\n\n\n<p>Samtidigt \u00e4r olja och gasexport viktiga f\u00f6r norsk ekonomi. N\u00e4r andra anv\u00e4nder fossila br\u00e4nslen str\u00f6mmar pengarna in. SV och \u00e4n mer MDG kr\u00e4ver stopp f\u00f6r all ny oljeletning, andra partier h\u00e5ller emot.<\/p>\n\n\n\n<p>Senterpartiet v\u00e4rnar landsbygden med dess behov av bilen och \u00e4r mer kulturkonservativt. SV och Senterpartiet, liksom R\u00f6dt \u00e4r EU-skeptiska medan A nog egentligen skulle vilja ha fullt medlemskap. (Den fr\u00e5gan \u00e4r dock d\u00f6d i Norge).<\/p>\n\n\n\n<p>Regeringsfr\u00e5gan l\u00e4r dock l\u00f6sas med en regering till v\u00e4nster. I Norge g\u00e5r det inte att ha ny- eller extraval, lagt storting ligger.<\/p>\n\n\n\n<p>Trots blockuppdelningen finns respekt och samarbetsvilja mellan partierna. H\u00f8yre utlovar en konstruktiv opposition. H\u00e4r har svenska partier en del att l\u00e4ra.<\/p>\n","protected":false},"excerpt":{"rendered":"<p>Det bl\u00e5ste tydliga v\u00e4nstervindar i Norge. Efter \u00e5tta \u00e5r vid makten f\u00e5r H\u00f8yres Erna Solberg l\u00e4mna \u00f6ver till Arbeiderpartiets Jonas Gahr St\u00f8re.\u00a0 Arbeiderpartiet (A), Socialistisk venstre (SV) och den stora segraren Senterpartiet f\u00e5r egen majoritet. Men d\u00e4rut\u00f6ver fick Milj\u00f6partiet (MDG) och marxistiska R\u00f6dt, vilka ligger l\u00e4ngre till v\u00e4nster, n\u00e4rmare 10 procent tillsammans. Partierna till v\u00e4nster [&hellip;]<\/p>\n","protected":false},"author":1,"featured_media":0,"comment_status":"open","ping_status":"closed","sticky":false,"template":"","format":"standard","meta":{"_jetpack_memberships_contains_paid_content":false,"footnotes":""},"categories":[10],"tags":[],"class_list":["post-226","post","type-post","status-publish","format-standard","hentry","category-allman-inlagg"],"yoast_head":"<!-- This site is optimized with the Yoast SEO plugin v27.2 - https:\/\/yoast.com\/product\/yoast-seo-wordpress\/ -->\n<title>V\u00e4nstervindar i Norge - Richard Appelbom<\/title>\n<meta name=\"description\" content=\"Norska valet inneb\u00e4r regeringsskifte. Klar r\u00f6dgr\u00f6n majoritet, men mindre framg\u00e5ngar \u00e4n v\u00e4ntat f\u00f6r Milj\u00f6partiet. Liberala Venstre klarade fyraprocentsp\u00e4rren.\" \/>\n<meta name=\"robots\" content=\"index, follow, max-snippet:-1, max-image-preview:large, max-video-preview:-1\" \/>\n<link rel=\"canonical\" href=\"https:\/\/www.richardappelbom.se\/index.php\/2021\/09\/15\/vanstervindar-i-norge\/\" \/>\n<meta property=\"og:locale\" content=\"en_US\" \/>\n<meta property=\"og:type\" content=\"article\" \/>\n<meta property=\"og:title\" content=\"V\u00e4nstervindar i Norge - Richard Appelbom\" \/>\n<meta property=\"og:description\" content=\"Norska valet inneb\u00e4r regeringsskifte. Klar r\u00f6dgr\u00f6n majoritet, men mindre framg\u00e5ngar \u00e4n v\u00e4ntat f\u00f6r Milj\u00f6partiet. Liberala Venstre klarade fyraprocentsp\u00e4rren.\" \/>\n<meta property=\"og:url\" content=\"https:\/\/www.richardappelbom.se\/index.php\/2021\/09\/15\/vanstervindar-i-norge\/\" \/>\n<meta property=\"og:site_name\" content=\"Richard Appelbom\" \/>\n<meta property=\"article:publisher\" content=\"https:\/\/www.facebook.com\/rappelbom\" \/>\n<meta property=\"article:author\" content=\"https:\/\/www.facebook.com\/rappelbom\" \/>\n<meta property=\"article:published_time\" content=\"2021-09-15T17:13:45+00:00\" \/>\n<meta property=\"article:modified_time\" content=\"2021-09-15T17:19:08+00:00\" \/>\n<meta property=\"og:image\" content=\"https:\/\/www.richardappelbom.se\/wp-content\/uploads\/2021\/09\/jonas-gahr-Store.jpg\" \/>\n<meta name=\"author\" content=\"admin\" \/>\n<meta name=\"twitter:card\" content=\"summary_large_image\" \/>\n<meta name=\"twitter:creator\" content=\"@RichardAppelbom\" \/>\n<meta name=\"twitter:site\" content=\"@RichardAppelbom\" \/>\n<meta name=\"twitter:label1\" content=\"Written by\" \/>\n\t<meta name=\"twitter:data1\" content=\"admin\" \/>\n\t<meta name=\"twitter:label2\" content=\"Est. reading time\" \/>\n\t<meta name=\"twitter:data2\" content=\"3 minutes\" \/>\n<script type=\"application\/ld+json\" class=\"yoast-schema-graph\">{\"@context\":\"https:\/\/schema.org\",\"@graph\":[{\"@type\":\"Article\",\"@id\":\"https:\/\/www.richardappelbom.se\/index.php\/2021\/09\/15\/vanstervindar-i-norge\/#article\",\"isPartOf\":{\"@id\":\"https:\/\/www.richardappelbom.se\/index.php\/2021\/09\/15\/vanstervindar-i-norge\/\"},\"author\":{\"name\":\"admin\",\"@id\":\"https:\/\/www.richardappelbom.se\/#\/schema\/person\/98f55ffd095155d902e585f10999a15d\"},\"headline\":\"V\u00e4nstervindar i Norge\",\"datePublished\":\"2021-09-15T17:13:45+00:00\",\"dateModified\":\"2021-09-15T17:19:08+00:00\",\"mainEntityOfPage\":{\"@id\":\"https:\/\/www.richardappelbom.se\/index.php\/2021\/09\/15\/vanstervindar-i-norge\/\"},\"wordCount\":668,\"commentCount\":0,\"image\":{\"@id\":\"https:\/\/www.richardappelbom.se\/index.php\/2021\/09\/15\/vanstervindar-i-norge\/#primaryimage\"},\"thumbnailUrl\":\"https:\/\/www.richardappelbom.se\/wp-content\/uploads\/2021\/09\/jonas-gahr-Store.jpg\",\"articleSection\":[\"Allm\u00e4n Posts\"],\"inLanguage\":\"en-US\",\"potentialAction\":[{\"@type\":\"CommentAction\",\"name\":\"Comment\",\"target\":[\"https:\/\/www.richardappelbom.se\/index.php\/2021\/09\/15\/vanstervindar-i-norge\/#respond\"]}]},{\"@type\":\"WebPage\",\"@id\":\"https:\/\/www.richardappelbom.se\/index.php\/2021\/09\/15\/vanstervindar-i-norge\/\",\"url\":\"https:\/\/www.richardappelbom.se\/index.php\/2021\/09\/15\/vanstervindar-i-norge\/\",\"name\":\"V\u00e4nstervindar i Norge - Richard Appelbom\",\"isPartOf\":{\"@id\":\"https:\/\/www.richardappelbom.se\/#website\"},\"primaryImageOfPage\":{\"@id\":\"https:\/\/www.richardappelbom.se\/index.php\/2021\/09\/15\/vanstervindar-i-norge\/#primaryimage\"},\"image\":{\"@id\":\"https:\/\/www.richardappelbom.se\/index.php\/2021\/09\/15\/vanstervindar-i-norge\/#primaryimage\"},\"thumbnailUrl\":\"https:\/\/www.richardappelbom.se\/wp-content\/uploads\/2021\/09\/jonas-gahr-Store.jpg\",\"datePublished\":\"2021-09-15T17:13:45+00:00\",\"dateModified\":\"2021-09-15T17:19:08+00:00\",\"author\":{\"@id\":\"https:\/\/www.richardappelbom.se\/#\/schema\/person\/98f55ffd095155d902e585f10999a15d\"},\"description\":\"Norska valet inneb\u00e4r regeringsskifte. Klar r\u00f6dgr\u00f6n majoritet, men mindre framg\u00e5ngar \u00e4n v\u00e4ntat f\u00f6r Milj\u00f6partiet. Liberala Venstre klarade fyraprocentsp\u00e4rren.\",\"breadcrumb\":{\"@id\":\"https:\/\/www.richardappelbom.se\/index.php\/2021\/09\/15\/vanstervindar-i-norge\/#breadcrumb\"},\"inLanguage\":\"en-US\",\"potentialAction\":[{\"@type\":\"ReadAction\",\"target\":[\"https:\/\/www.richardappelbom.se\/index.php\/2021\/09\/15\/vanstervindar-i-norge\/\"]}]},{\"@type\":\"ImageObject\",\"inLanguage\":\"en-US\",\"@id\":\"https:\/\/www.richardappelbom.se\/index.php\/2021\/09\/15\/vanstervindar-i-norge\/#primaryimage\",\"url\":\"https:\/\/www.richardappelbom.se\/wp-content\/uploads\/2021\/09\/jonas-gahr-Store.jpg\",\"contentUrl\":\"https:\/\/www.richardappelbom.se\/wp-content\/uploads\/2021\/09\/jonas-gahr-Store.jpg\",\"width\":365,\"height\":138},{\"@type\":\"BreadcrumbList\",\"@id\":\"https:\/\/www.richardappelbom.se\/index.php\/2021\/09\/15\/vanstervindar-i-norge\/#breadcrumb\",\"itemListElement\":[{\"@type\":\"ListItem\",\"position\":1,\"name\":\"Home\",\"item\":\"https:\/\/www.richardappelbom.se\/\"},{\"@type\":\"ListItem\",\"position\":2,\"name\":\"V\u00e4nstervindar i Norge\"}]},{\"@type\":\"WebSite\",\"@id\":\"https:\/\/www.richardappelbom.se\/#website\",\"url\":\"https:\/\/www.richardappelbom.se\/\",\"name\":\"Richard Appelbom\",\"description\":\"En blogg om val och valsystem\",\"potentialAction\":[{\"@type\":\"SearchAction\",\"target\":{\"@type\":\"EntryPoint\",\"urlTemplate\":\"https:\/\/www.richardappelbom.se\/?s={search_term_string}\"},\"query-input\":{\"@type\":\"PropertyValueSpecification\",\"valueRequired\":true,\"valueName\":\"search_term_string\"}}],\"inLanguage\":\"en-US\"},{\"@type\":\"Person\",\"@id\":\"https:\/\/www.richardappelbom.se\/#\/schema\/person\/98f55ffd095155d902e585f10999a15d\",\"name\":\"admin\",\"image\":{\"@type\":\"ImageObject\",\"inLanguage\":\"en-US\",\"@id\":\"https:\/\/secure.gravatar.com\/avatar\/480edd36f6cc3945e6b2db9fdc6f78df2a3fb98b7b27925b8d810863cfa537e7?s=96&d=mm&r=g\",\"url\":\"https:\/\/secure.gravatar.com\/avatar\/480edd36f6cc3945e6b2db9fdc6f78df2a3fb98b7b27925b8d810863cfa537e7?s=96&d=mm&r=g\",\"contentUrl\":\"https:\/\/secure.gravatar.com\/avatar\/480edd36f6cc3945e6b2db9fdc6f78df2a3fb98b7b27925b8d810863cfa537e7?s=96&d=mm&r=g\",\"caption\":\"admin\"},\"sameAs\":[\"https:\/\/www.facebook.com\/rappelbom\",\"https:\/\/twitter.com\/RichardAppelbom\"],\"url\":\"https:\/\/www.richardappelbom.se\/index.php\/author\/ra_j9l6616t\/\"}]}<\/script>\n<!-- \/ Yoast SEO plugin. -->","yoast_head_json":{"title":"V\u00e4nstervindar i Norge - Richard Appelbom","description":"Norska valet inneb\u00e4r regeringsskifte. Klar r\u00f6dgr\u00f6n majoritet, men mindre framg\u00e5ngar \u00e4n v\u00e4ntat f\u00f6r Milj\u00f6partiet. Liberala Venstre klarade fyraprocentsp\u00e4rren.","robots":{"index":"index","follow":"follow","max-snippet":"max-snippet:-1","max-image-preview":"max-image-preview:large","max-video-preview":"max-video-preview:-1"},"canonical":"https:\/\/www.richardappelbom.se\/index.php\/2021\/09\/15\/vanstervindar-i-norge\/","og_locale":"en_US","og_type":"article","og_title":"V\u00e4nstervindar i Norge - Richard Appelbom","og_description":"Norska valet inneb\u00e4r regeringsskifte. Klar r\u00f6dgr\u00f6n majoritet, men mindre framg\u00e5ngar \u00e4n v\u00e4ntat f\u00f6r Milj\u00f6partiet. Liberala Venstre klarade fyraprocentsp\u00e4rren.","og_url":"https:\/\/www.richardappelbom.se\/index.php\/2021\/09\/15\/vanstervindar-i-norge\/","og_site_name":"Richard Appelbom","article_publisher":"https:\/\/www.facebook.com\/rappelbom","article_author":"https:\/\/www.facebook.com\/rappelbom","article_published_time":"2021-09-15T17:13:45+00:00","article_modified_time":"2021-09-15T17:19:08+00:00","og_image":[{"url":"https:\/\/www.richardappelbom.se\/wp-content\/uploads\/2021\/09\/jonas-gahr-Store.jpg","type":"","width":"","height":""}],"author":"admin","twitter_card":"summary_large_image","twitter_creator":"@RichardAppelbom","twitter_site":"@RichardAppelbom","twitter_misc":{"Written by":"admin","Est. reading time":"3 minutes"},"schema":{"@context":"https:\/\/schema.org","@graph":[{"@type":"Article","@id":"https:\/\/www.richardappelbom.se\/index.php\/2021\/09\/15\/vanstervindar-i-norge\/#article","isPartOf":{"@id":"https:\/\/www.richardappelbom.se\/index.php\/2021\/09\/15\/vanstervindar-i-norge\/"},"author":{"name":"admin","@id":"https:\/\/www.richardappelbom.se\/#\/schema\/person\/98f55ffd095155d902e585f10999a15d"},"headline":"V\u00e4nstervindar i Norge","datePublished":"2021-09-15T17:13:45+00:00","dateModified":"2021-09-15T17:19:08+00:00","mainEntityOfPage":{"@id":"https:\/\/www.richardappelbom.se\/index.php\/2021\/09\/15\/vanstervindar-i-norge\/"},"wordCount":668,"commentCount":0,"image":{"@id":"https:\/\/www.richardappelbom.se\/index.php\/2021\/09\/15\/vanstervindar-i-norge\/#primaryimage"},"thumbnailUrl":"https:\/\/www.richardappelbom.se\/wp-content\/uploads\/2021\/09\/jonas-gahr-Store.jpg","articleSection":["Allm\u00e4n Posts"],"inLanguage":"en-US","potentialAction":[{"@type":"CommentAction","name":"Comment","target":["https:\/\/www.richardappelbom.se\/index.php\/2021\/09\/15\/vanstervindar-i-norge\/#respond"]}]},{"@type":"WebPage","@id":"https:\/\/www.richardappelbom.se\/index.php\/2021\/09\/15\/vanstervindar-i-norge\/","url":"https:\/\/www.richardappelbom.se\/index.php\/2021\/09\/15\/vanstervindar-i-norge\/","name":"V\u00e4nstervindar i Norge - Richard Appelbom","isPartOf":{"@id":"https:\/\/www.richardappelbom.se\/#website"},"primaryImageOfPage":{"@id":"https:\/\/www.richardappelbom.se\/index.php\/2021\/09\/15\/vanstervindar-i-norge\/#primaryimage"},"image":{"@id":"https:\/\/www.richardappelbom.se\/index.php\/2021\/09\/15\/vanstervindar-i-norge\/#primaryimage"},"thumbnailUrl":"https:\/\/www.richardappelbom.se\/wp-content\/uploads\/2021\/09\/jonas-gahr-Store.jpg","datePublished":"2021-09-15T17:13:45+00:00","dateModified":"2021-09-15T17:19:08+00:00","author":{"@id":"https:\/\/www.richardappelbom.se\/#\/schema\/person\/98f55ffd095155d902e585f10999a15d"},"description":"Norska valet inneb\u00e4r regeringsskifte. Klar r\u00f6dgr\u00f6n majoritet, men mindre framg\u00e5ngar \u00e4n v\u00e4ntat f\u00f6r Milj\u00f6partiet. Liberala Venstre klarade fyraprocentsp\u00e4rren.","breadcrumb":{"@id":"https:\/\/www.richardappelbom.se\/index.php\/2021\/09\/15\/vanstervindar-i-norge\/#breadcrumb"},"inLanguage":"en-US","potentialAction":[{"@type":"ReadAction","target":["https:\/\/www.richardappelbom.se\/index.php\/2021\/09\/15\/vanstervindar-i-norge\/"]}]},{"@type":"ImageObject","inLanguage":"en-US","@id":"https:\/\/www.richardappelbom.se\/index.php\/2021\/09\/15\/vanstervindar-i-norge\/#primaryimage","url":"https:\/\/www.richardappelbom.se\/wp-content\/uploads\/2021\/09\/jonas-gahr-Store.jpg","contentUrl":"https:\/\/www.richardappelbom.se\/wp-content\/uploads\/2021\/09\/jonas-gahr-Store.jpg","width":365,"height":138},{"@type":"BreadcrumbList","@id":"https:\/\/www.richardappelbom.se\/index.php\/2021\/09\/15\/vanstervindar-i-norge\/#breadcrumb","itemListElement":[{"@type":"ListItem","position":1,"name":"Home","item":"https:\/\/www.richardappelbom.se\/"},{"@type":"ListItem","position":2,"name":"V\u00e4nstervindar i Norge"}]},{"@type":"WebSite","@id":"https:\/\/www.richardappelbom.se\/#website","url":"https:\/\/www.richardappelbom.se\/","name":"Richard Appelbom","description":"En blogg om val och valsystem","potentialAction":[{"@type":"SearchAction","target":{"@type":"EntryPoint","urlTemplate":"https:\/\/www.richardappelbom.se\/?s={search_term_string}"},"query-input":{"@type":"PropertyValueSpecification","valueRequired":true,"valueName":"search_term_string"}}],"inLanguage":"en-US"},{"@type":"Person","@id":"https:\/\/www.richardappelbom.se\/#\/schema\/person\/98f55ffd095155d902e585f10999a15d","name":"admin","image":{"@type":"ImageObject","inLanguage":"en-US","@id":"https:\/\/secure.gravatar.com\/avatar\/480edd36f6cc3945e6b2db9fdc6f78df2a3fb98b7b27925b8d810863cfa537e7?s=96&d=mm&r=g","url":"https:\/\/secure.gravatar.com\/avatar\/480edd36f6cc3945e6b2db9fdc6f78df2a3fb98b7b27925b8d810863cfa537e7?s=96&d=mm&r=g","contentUrl":"https:\/\/secure.gravatar.com\/avatar\/480edd36f6cc3945e6b2db9fdc6f78df2a3fb98b7b27925b8d810863cfa537e7?s=96&d=mm&r=g","caption":"admin"},"sameAs":["https:\/\/www.facebook.com\/rappelbom","https:\/\/twitter.com\/RichardAppelbom"],"url":"https:\/\/www.richardappelbom.se\/index.php\/author\/ra_j9l6616t\/"}]}},"jetpack_featured_media_url":"","jetpack_sharing_enabled":true,"_links":{"self":[{"href":"https:\/\/www.richardappelbom.se\/index.php\/wp-json\/wp\/v2\/posts\/226","targetHints":{"allow":["GET"]}}],"collection":[{"href":"https:\/\/www.richardappelbom.se\/index.php\/wp-json\/wp\/v2\/posts"}],"about":[{"href":"https:\/\/www.richardappelbom.se\/index.php\/wp-json\/wp\/v2\/types\/post"}],"author":[{"embeddable":true,"href":"https:\/\/www.richardappelbom.se\/index.php\/wp-json\/wp\/v2\/users\/1"}],"replies":[{"embeddable":true,"href":"https:\/\/www.richardappelbom.se\/index.php\/wp-json\/wp\/v2\/comments?post=226"}],"version-history":[{"count":2,"href":"https:\/\/www.richardappelbom.se\/index.php\/wp-json\/wp\/v2\/posts\/226\/revisions"}],"predecessor-version":[{"id":229,"href":"https:\/\/www.richardappelbom.se\/index.php\/wp-json\/wp\/v2\/posts\/226\/revisions\/229"}],"wp:attachment":[{"href":"https:\/\/www.richardappelbom.se\/index.php\/wp-json\/wp\/v2\/media?parent=226"}],"wp:term":[{"taxonomy":"category","embeddable":true,"href":"https:\/\/www.richardappelbom.se\/index.php\/wp-json\/wp\/v2\/categories?post=226"},{"taxonomy":"post_tag","embeddable":true,"href":"https:\/\/www.richardappelbom.se\/index.php\/wp-json\/wp\/v2\/tags?post=226"}],"curies":[{"name":"wp","href":"https:\/\/api.w.org\/{rel}","templated":true}]}}