{"id":231,"date":"2021-09-23T20:31:07","date_gmt":"2021-09-23T20:31:07","guid":{"rendered":"https:\/\/www.richardappelbom.se\/?p=231"},"modified":"2021-09-26T13:41:11","modified_gmt":"2021-09-26T13:41:11","slug":"liberalerna-i-kanada-lever-farligt","status":"publish","type":"post","link":"https:\/\/www.richardappelbom.se\/index.php\/2021\/09\/23\/liberalerna-i-kanada-lever-farligt\/","title":{"rendered":"Justin Trudeau st\u00e5r och stampar efter on\u00f6digt val i Kanada"},"content":{"rendered":"\n<figure class=\"wp-block-image size-full is-resized\"><img loading=\"lazy\" decoding=\"async\" src=\"https:\/\/www.richardappelbom.se\/wp-content\/uploads\/2021\/09\/justin-trudeau.jpg\" alt=\"\" class=\"wp-image-232\" width=\"704\" height=\"409\"\/><figcaption>Justin Trudeau kan forts\u00e4tta som premi\u00e4rminister i Kanada f\u00f6r en Liberal minoritetsregering.<\/figcaption><\/figure>\n\n\n\n<p>Premi\u00e4rminister Justin Trudeau och de kanadensiska Liberalerna kom undan med blotta f\u00f6rskr\u00e4ckelsen.<\/p>\n\n\n\n<p>Efter att ha legat bra till i opinionsm\u00e4tningar f\u00f6r att ha hanterat Coronapandemin v\u00e4l utlyste Trudeau (tekniskt generalguvern\u00f6ren) nyval. (De flesta regeringspartierna i olika l\u00e4nder l\u00e5g bra till tidigare av detta sk\u00e4l.) <\/p>\n\n\n\n<p>F\u00f6rhoppningen var att kunna bilda en majoritetsregering, Liberalerna hade efter valet 2019 styrt i minoritet. Men v\u00e4ljarna tyckte att ett nytt val bara tv\u00e5 \u00e5r efter det f\u00f6rra var on\u00f6digt, i synnerhet som pandemin inte \u00e4r \u00f6ver. Partier har tidigare straffats n\u00e4r de i f\u00f6rtid har utlyst val f\u00f6r att gynna sig sj\u00e4lva.<\/p>\n\n\n\n<p>Den h\u00e4r g\u00e5ngen blev det varken eller.<a href=\"https:\/\/enr.elections.ca\/National.aspx?lang=e\"> Valresultatet p\u00e5minde <\/a>starkt om <a href=\"https:\/\/newsinteractives.cbc.ca\/elections\/federal\/2019\/results\/\">f\u00f6rra g\u00e5ngen<\/a>. Liberalerna \u00f6kade med 2 mandat , De Konservativa tappade tv\u00e5, Quebecseparatisterna gick fram med ett, socialdemokratiska NDP \u00f6kade med ett, De gr\u00f6na och oberoende tappade ett mandat var. Valdeltagandet var drygt 60 procent.<\/p>\n\n\n\n<p>Det dr\u00f6jde n\u00e5gra dagar innan resultatet var klart. Det berodde p\u00e5 800 000 brevr\u00f6ster, som r\u00e4knades i efterhand. Tycker det \u00e4r b\u00e4ttre att r\u00f6sta i vallokal, bland annat f\u00f6r att skydda valhemligheten. Men Kanada \u00e4r inte s\u00e5 polariserat som USA. D\u00e4r \u00e4r brevr\u00f6stning politiskt delande, vilket g\u00f6r att fler demokrater \u00e4n republikaner brevr\u00f6star. i Kanada var det d\u00e4remot sm\u00e5 skillnader j\u00e4mf\u00f6rt med resultatet p\u00e5 valnatten<\/p>\n\n\n\n<p>Kanada har val i enpersonsvalkretsar. Det gynnar st\u00f6rre och regionalt koncentrerade partier, och resultatet blir l\u00e5ngt ifr\u00e5n proportionellt. Likt f\u00f6rra g\u00e5ngen fick De Konservativa fler r\u00f6ster \u00e4n Liberalerna (33,7 mot 32,6, procent) men Liberalerna fick fler mandat (159 mot 119). D\u00e4rf\u00f6r f\u00e5r Liberalerna bilda regering, den uppgiften brukar tillfalla partiet med flest mandat. Totalt har parlamentet 338 mandat.<\/p>\n\n\n\n<p>Quebecseparatisterna (BQ) fick 7,6 procent, men st\u00e4ller bara upp i franskspr\u00e5kiga Qu\u00e9bec. De \u00e4r stora i provinsen med 32,1 procent och det gav 32 mandat av 78 . NDP hade 17,8 procent, men r\u00f6sterna \u00e4r mer spridda \u00f6ver landet. S\u00e5 det gav bara 25 mandat. <\/p>\n\n\n\n<p>De Gr\u00f6na tappade, men beh\u00f6ll 2 mandat. Ett h\u00f6gerpopulistiskt parti \u00f6kade till till 5 procent. Det gav inga mandat alls, men bidrog sannolikt till att De konservativa f\u00f6rlorade n\u00e5gra mandat kunde ha vunnit utan konkurrens fr\u00e5n h\u00f6ger,<\/p>\n\n\n\n<p>I den st\u00f6rsta provinsen Ontario hade Liberalerna 39 procent och De Konservativa 35 procent. Det gav Liberalerna 78 mandat och De Konservativa 37. Fyra procentenheters f\u00f6rspr\u00e5ng gav mer \u00e4n dubbelt s\u00e5 m\u00e5nga platser!<\/p>\n\n\n\n<p>I British Columbia p\u00e5 v\u00e4stkusten hade De Konservativa 33 procent, NDP 29 procent och Liberalerna 27 procent. Men Liberalerna vann 15 mandat och de andra tv\u00e5 partierna 13 var (trots fler r\u00f6ster.) Liberalerna vann inte ett enda mandat i provinsen Saskatchewan, medan De Konservativa vann alla.<\/p>\n\n\n\n<p>Liberalerna fick m\u00e5nga mandat i de st\u00f6rsta st\u00e4derna. I Montr\u00e9al i Qu\u00e9bec fick Liberalerna 41 procent, men 23 av 39 mandat, i Toronto i Ontario hade Liberalerna 49 procent och 48 av 53 mandat (90 procent av mandaten). I Vancouver i British Columbia (BC) hade Liberalerna 36 procent. vilket gav 15 av 23 mandat. Alla Liberala mandat i BC vanns i Vancouver.<\/p>\n\n\n\n<p>Det vore rimligt med att \u00e4ndra valsystemet f\u00f6r att g\u00f6ra det mer proportionellt. F\u00f6r n\u00e5gra \u00e5r sedan fanns s\u00e5dana f\u00f6rslag. Men det var sv\u00e5rt att enas om vad som skulle komma i st\u00e4llet, s\u00e5 nu verkar fr\u00e5gan inte aktuell.<\/p>\n\n\n\n<p>F\u00f6rdelen med enpersonsvalkretsar ska vara att det ger klara utslag och underl\u00e4ttar majoritetsregeringar. (Majoritet av mandaten, men s\u00e4llan bland v\u00e4ljarna).<\/p>\n\n\n\n<p>Men s\u00e5 fungerar det inte l\u00e4ngre i Kanada. Provinserna r\u00f6star olika, och det blir ofta \u00e4nd\u00e5 inget parti som f\u00e5r majoritet. D\u00e4rf\u00f6r l\u00e4r Kanada f\u00e5 l\u00e4ra sig att<a href=\"https:\/\/www.cbc.ca\/news\/politics\/2021-election-minority-government-parliament-1.6184512\"> leva med minoritetsregeringar.<\/a> <\/p>\n\n\n\n<p>Koalitionsregeringar fungerar d\u00e5ligt i det valsystemet, vilket brittiska Libdem bittert fick erfara 2010-15, d\u00e5 de bildade koalition med De Konservativa. Det blir sv\u00e5rt f\u00f6r koalitionspartierna att g\u00e5 till val, d\u00e5 de st\u00e5r mot varandra i varje valkrets. <\/p>\n\n\n\n<p>D\u00e5 \u00e4r minoritetsregeringar med ett parti, som Kanada har haft, b\u00e4ttre. I n\u00e4sta val finns bara ett regeringsparti, de andra kan genom att st\u00f6dja fr\u00e5n fall till fall f\u00e5 regeringen att fungera men \u00e4nd\u00e5 g\u00e5 till val i opposition.  Liberalerna v\u00e4ntas med st\u00f6d av NDP driva igenom billig barnomsorg och klimat\u00e5tg\u00e4rder <\/p>\n\n\n\n<p>De kanadensiska Liberalerna \u00e4r ett mittenv\u00e4nsterparti, de har hittills lyckats beh\u00e5lla den position svenska  och brittiska liberaler hade i b\u00f6rjan p\u00e5 1900-talet. I Kanada blev Socialdemokraterna aldrig det dominerande v\u00e4nsterpartiet, kampen om regeringsmakten har st\u00e5tt mellan Liberaler och Konservativa, oftast med Liberalerna som regeringsparti.<\/p>\n\n\n\n<p>Men Liberalerna lever farligt. Om de tappar r\u00f6ster till De konservativa i m\u00e4tningar kan taktikr\u00f6ster fr\u00e5n v\u00e4nster falla bort. D\u00e5 kan valsystemet i st\u00e4llet g\u00f6ra att Liberalerna faller ihop. Det h\u00f6ll p\u00e5 att h\u00e4nda 2011, men 2015 kom partiet tillbaka och vann egen majoritet.<\/p>\n\n\n\n<p>De Konservativa drev en valr\u00f6relse riktad mot mittenv\u00e4ljare. Men de lyckades inte vinna tillr\u00e4ckligt med nya v\u00e4ljare, och f\u00f6rlorade sannolikt en del till det h\u00f6gerpopulistiska partiet. Det l\u00e4r tyv\u00e4rr noteras i USA och bli ett argument mot att Republikanerna borde s\u00f6ka sig mot mitten och \u00f6verge &#8220;Trumpismen&#8221;<\/p>\n\n\n\n<p> <\/p>\n","protected":false},"excerpt":{"rendered":"<p>Premi\u00e4rminister Justin Trudeau och de kanadensiska Liberalerna kom undan med blotta f\u00f6rskr\u00e4ckelsen. Efter att ha legat bra till i opinionsm\u00e4tningar f\u00f6r att ha hanterat Coronapandemin v\u00e4l utlyste Trudeau (tekniskt generalguvern\u00f6ren) nyval. (De flesta regeringspartierna i olika l\u00e4nder l\u00e5g bra till tidigare av detta sk\u00e4l.) F\u00f6rhoppningen var att kunna bilda en majoritetsregering, Liberalerna hade efter valet [&hellip;]<\/p>\n","protected":false},"author":1,"featured_media":0,"comment_status":"open","ping_status":"closed","sticky":false,"template":"","format":"standard","meta":{"_jetpack_memberships_contains_paid_content":false,"footnotes":""},"categories":[10],"tags":[],"class_list":["post-231","post","type-post","status-publish","format-standard","hentry","category-allman-inlagg"],"yoast_head":"<!-- This site is optimized with the Yoast SEO plugin v27.2 - https:\/\/yoast.com\/product\/yoast-seo-wordpress\/ -->\n<title>Justin Trudeau st\u00e5r och stampar efter on\u00f6digt val i Kanada - Richard Appelbom<\/title>\n<meta name=\"description\" content=\"Nyvalet i Kanade innebar inga f\u00f6r\u00e4ndringar, Liberalerna forts\u00e4tter styra i minoritet. De Konservativa hade flest r\u00f6ster, men valsystemet gav Liberalerna fler mandat\" \/>\n<meta name=\"robots\" content=\"index, follow, max-snippet:-1, max-image-preview:large, max-video-preview:-1\" \/>\n<link rel=\"canonical\" href=\"https:\/\/www.richardappelbom.se\/index.php\/2021\/09\/23\/liberalerna-i-kanada-lever-farligt\/\" \/>\n<meta property=\"og:locale\" content=\"en_US\" \/>\n<meta property=\"og:type\" content=\"article\" \/>\n<meta property=\"og:title\" content=\"Justin Trudeau st\u00e5r och stampar efter on\u00f6digt val i Kanada - Richard Appelbom\" \/>\n<meta property=\"og:description\" content=\"Nyvalet i Kanade innebar inga f\u00f6r\u00e4ndringar, Liberalerna forts\u00e4tter styra i minoritet. De Konservativa hade flest r\u00f6ster, men valsystemet gav Liberalerna fler mandat\" \/>\n<meta property=\"og:url\" content=\"https:\/\/www.richardappelbom.se\/index.php\/2021\/09\/23\/liberalerna-i-kanada-lever-farligt\/\" \/>\n<meta property=\"og:site_name\" content=\"Richard Appelbom\" \/>\n<meta property=\"article:publisher\" content=\"https:\/\/www.facebook.com\/rappelbom\" \/>\n<meta property=\"article:author\" content=\"https:\/\/www.facebook.com\/rappelbom\" \/>\n<meta property=\"article:published_time\" content=\"2021-09-23T20:31:07+00:00\" \/>\n<meta property=\"article:modified_time\" content=\"2021-09-26T13:41:11+00:00\" \/>\n<meta property=\"og:image\" content=\"https:\/\/www.richardappelbom.se\/wp-content\/uploads\/2021\/09\/justin-trudeau.jpg\" \/>\n<meta name=\"author\" content=\"admin\" \/>\n<meta name=\"twitter:card\" content=\"summary_large_image\" \/>\n<meta name=\"twitter:creator\" content=\"@RichardAppelbom\" \/>\n<meta name=\"twitter:site\" content=\"@RichardAppelbom\" \/>\n<meta name=\"twitter:label1\" content=\"Written by\" \/>\n\t<meta name=\"twitter:data1\" content=\"admin\" \/>\n\t<meta name=\"twitter:label2\" content=\"Est. reading time\" \/>\n\t<meta name=\"twitter:data2\" content=\"4 minutes\" \/>\n<script type=\"application\/ld+json\" class=\"yoast-schema-graph\">{\"@context\":\"https:\/\/schema.org\",\"@graph\":[{\"@type\":\"Article\",\"@id\":\"https:\/\/www.richardappelbom.se\/index.php\/2021\/09\/23\/liberalerna-i-kanada-lever-farligt\/#article\",\"isPartOf\":{\"@id\":\"https:\/\/www.richardappelbom.se\/index.php\/2021\/09\/23\/liberalerna-i-kanada-lever-farligt\/\"},\"author\":{\"name\":\"admin\",\"@id\":\"https:\/\/www.richardappelbom.se\/#\/schema\/person\/98f55ffd095155d902e585f10999a15d\"},\"headline\":\"Justin Trudeau st\u00e5r och stampar efter on\u00f6digt val i Kanada\",\"datePublished\":\"2021-09-23T20:31:07+00:00\",\"dateModified\":\"2021-09-26T13:41:11+00:00\",\"mainEntityOfPage\":{\"@id\":\"https:\/\/www.richardappelbom.se\/index.php\/2021\/09\/23\/liberalerna-i-kanada-lever-farligt\/\"},\"wordCount\":912,\"commentCount\":0,\"image\":{\"@id\":\"https:\/\/www.richardappelbom.se\/index.php\/2021\/09\/23\/liberalerna-i-kanada-lever-farligt\/#primaryimage\"},\"thumbnailUrl\":\"https:\/\/www.richardappelbom.se\/wp-content\/uploads\/2021\/09\/justin-trudeau.jpg\",\"articleSection\":[\"Allm\u00e4n Posts\"],\"inLanguage\":\"en-US\",\"potentialAction\":[{\"@type\":\"CommentAction\",\"name\":\"Comment\",\"target\":[\"https:\/\/www.richardappelbom.se\/index.php\/2021\/09\/23\/liberalerna-i-kanada-lever-farligt\/#respond\"]}]},{\"@type\":\"WebPage\",\"@id\":\"https:\/\/www.richardappelbom.se\/index.php\/2021\/09\/23\/liberalerna-i-kanada-lever-farligt\/\",\"url\":\"https:\/\/www.richardappelbom.se\/index.php\/2021\/09\/23\/liberalerna-i-kanada-lever-farligt\/\",\"name\":\"Justin Trudeau st\u00e5r och stampar efter on\u00f6digt val i Kanada - Richard Appelbom\",\"isPartOf\":{\"@id\":\"https:\/\/www.richardappelbom.se\/#website\"},\"primaryImageOfPage\":{\"@id\":\"https:\/\/www.richardappelbom.se\/index.php\/2021\/09\/23\/liberalerna-i-kanada-lever-farligt\/#primaryimage\"},\"image\":{\"@id\":\"https:\/\/www.richardappelbom.se\/index.php\/2021\/09\/23\/liberalerna-i-kanada-lever-farligt\/#primaryimage\"},\"thumbnailUrl\":\"https:\/\/www.richardappelbom.se\/wp-content\/uploads\/2021\/09\/justin-trudeau.jpg\",\"datePublished\":\"2021-09-23T20:31:07+00:00\",\"dateModified\":\"2021-09-26T13:41:11+00:00\",\"author\":{\"@id\":\"https:\/\/www.richardappelbom.se\/#\/schema\/person\/98f55ffd095155d902e585f10999a15d\"},\"description\":\"Nyvalet i Kanade innebar inga f\u00f6r\u00e4ndringar, Liberalerna forts\u00e4tter styra i minoritet. De Konservativa hade flest r\u00f6ster, men valsystemet gav Liberalerna fler mandat\",\"breadcrumb\":{\"@id\":\"https:\/\/www.richardappelbom.se\/index.php\/2021\/09\/23\/liberalerna-i-kanada-lever-farligt\/#breadcrumb\"},\"inLanguage\":\"en-US\",\"potentialAction\":[{\"@type\":\"ReadAction\",\"target\":[\"https:\/\/www.richardappelbom.se\/index.php\/2021\/09\/23\/liberalerna-i-kanada-lever-farligt\/\"]}]},{\"@type\":\"ImageObject\",\"inLanguage\":\"en-US\",\"@id\":\"https:\/\/www.richardappelbom.se\/index.php\/2021\/09\/23\/liberalerna-i-kanada-lever-farligt\/#primaryimage\",\"url\":\"https:\/\/www.richardappelbom.se\/wp-content\/uploads\/2021\/09\/justin-trudeau.jpg\",\"contentUrl\":\"https:\/\/www.richardappelbom.se\/wp-content\/uploads\/2021\/09\/justin-trudeau.jpg\",\"width\":294,\"height\":171},{\"@type\":\"BreadcrumbList\",\"@id\":\"https:\/\/www.richardappelbom.se\/index.php\/2021\/09\/23\/liberalerna-i-kanada-lever-farligt\/#breadcrumb\",\"itemListElement\":[{\"@type\":\"ListItem\",\"position\":1,\"name\":\"Home\",\"item\":\"https:\/\/www.richardappelbom.se\/\"},{\"@type\":\"ListItem\",\"position\":2,\"name\":\"Justin Trudeau st\u00e5r och stampar efter on\u00f6digt val i Kanada\"}]},{\"@type\":\"WebSite\",\"@id\":\"https:\/\/www.richardappelbom.se\/#website\",\"url\":\"https:\/\/www.richardappelbom.se\/\",\"name\":\"Richard Appelbom\",\"description\":\"En blogg om val och valsystem\",\"potentialAction\":[{\"@type\":\"SearchAction\",\"target\":{\"@type\":\"EntryPoint\",\"urlTemplate\":\"https:\/\/www.richardappelbom.se\/?s={search_term_string}\"},\"query-input\":{\"@type\":\"PropertyValueSpecification\",\"valueRequired\":true,\"valueName\":\"search_term_string\"}}],\"inLanguage\":\"en-US\"},{\"@type\":\"Person\",\"@id\":\"https:\/\/www.richardappelbom.se\/#\/schema\/person\/98f55ffd095155d902e585f10999a15d\",\"name\":\"admin\",\"image\":{\"@type\":\"ImageObject\",\"inLanguage\":\"en-US\",\"@id\":\"https:\/\/secure.gravatar.com\/avatar\/480edd36f6cc3945e6b2db9fdc6f78df2a3fb98b7b27925b8d810863cfa537e7?s=96&d=mm&r=g\",\"url\":\"https:\/\/secure.gravatar.com\/avatar\/480edd36f6cc3945e6b2db9fdc6f78df2a3fb98b7b27925b8d810863cfa537e7?s=96&d=mm&r=g\",\"contentUrl\":\"https:\/\/secure.gravatar.com\/avatar\/480edd36f6cc3945e6b2db9fdc6f78df2a3fb98b7b27925b8d810863cfa537e7?s=96&d=mm&r=g\",\"caption\":\"admin\"},\"sameAs\":[\"https:\/\/www.facebook.com\/rappelbom\",\"https:\/\/twitter.com\/RichardAppelbom\"],\"url\":\"https:\/\/www.richardappelbom.se\/index.php\/author\/ra_j9l6616t\/\"}]}<\/script>\n<!-- \/ Yoast SEO plugin. -->","yoast_head_json":{"title":"Justin Trudeau st\u00e5r och stampar efter on\u00f6digt val i Kanada - Richard Appelbom","description":"Nyvalet i Kanade innebar inga f\u00f6r\u00e4ndringar, Liberalerna forts\u00e4tter styra i minoritet. De Konservativa hade flest r\u00f6ster, men valsystemet gav Liberalerna fler mandat","robots":{"index":"index","follow":"follow","max-snippet":"max-snippet:-1","max-image-preview":"max-image-preview:large","max-video-preview":"max-video-preview:-1"},"canonical":"https:\/\/www.richardappelbom.se\/index.php\/2021\/09\/23\/liberalerna-i-kanada-lever-farligt\/","og_locale":"en_US","og_type":"article","og_title":"Justin Trudeau st\u00e5r och stampar efter on\u00f6digt val i Kanada - Richard Appelbom","og_description":"Nyvalet i Kanade innebar inga f\u00f6r\u00e4ndringar, Liberalerna forts\u00e4tter styra i minoritet. De Konservativa hade flest r\u00f6ster, men valsystemet gav Liberalerna fler mandat","og_url":"https:\/\/www.richardappelbom.se\/index.php\/2021\/09\/23\/liberalerna-i-kanada-lever-farligt\/","og_site_name":"Richard Appelbom","article_publisher":"https:\/\/www.facebook.com\/rappelbom","article_author":"https:\/\/www.facebook.com\/rappelbom","article_published_time":"2021-09-23T20:31:07+00:00","article_modified_time":"2021-09-26T13:41:11+00:00","og_image":[{"url":"https:\/\/www.richardappelbom.se\/wp-content\/uploads\/2021\/09\/justin-trudeau.jpg","type":"","width":"","height":""}],"author":"admin","twitter_card":"summary_large_image","twitter_creator":"@RichardAppelbom","twitter_site":"@RichardAppelbom","twitter_misc":{"Written by":"admin","Est. reading time":"4 minutes"},"schema":{"@context":"https:\/\/schema.org","@graph":[{"@type":"Article","@id":"https:\/\/www.richardappelbom.se\/index.php\/2021\/09\/23\/liberalerna-i-kanada-lever-farligt\/#article","isPartOf":{"@id":"https:\/\/www.richardappelbom.se\/index.php\/2021\/09\/23\/liberalerna-i-kanada-lever-farligt\/"},"author":{"name":"admin","@id":"https:\/\/www.richardappelbom.se\/#\/schema\/person\/98f55ffd095155d902e585f10999a15d"},"headline":"Justin Trudeau st\u00e5r och stampar efter on\u00f6digt val i Kanada","datePublished":"2021-09-23T20:31:07+00:00","dateModified":"2021-09-26T13:41:11+00:00","mainEntityOfPage":{"@id":"https:\/\/www.richardappelbom.se\/index.php\/2021\/09\/23\/liberalerna-i-kanada-lever-farligt\/"},"wordCount":912,"commentCount":0,"image":{"@id":"https:\/\/www.richardappelbom.se\/index.php\/2021\/09\/23\/liberalerna-i-kanada-lever-farligt\/#primaryimage"},"thumbnailUrl":"https:\/\/www.richardappelbom.se\/wp-content\/uploads\/2021\/09\/justin-trudeau.jpg","articleSection":["Allm\u00e4n Posts"],"inLanguage":"en-US","potentialAction":[{"@type":"CommentAction","name":"Comment","target":["https:\/\/www.richardappelbom.se\/index.php\/2021\/09\/23\/liberalerna-i-kanada-lever-farligt\/#respond"]}]},{"@type":"WebPage","@id":"https:\/\/www.richardappelbom.se\/index.php\/2021\/09\/23\/liberalerna-i-kanada-lever-farligt\/","url":"https:\/\/www.richardappelbom.se\/index.php\/2021\/09\/23\/liberalerna-i-kanada-lever-farligt\/","name":"Justin Trudeau st\u00e5r och stampar efter on\u00f6digt val i Kanada - Richard Appelbom","isPartOf":{"@id":"https:\/\/www.richardappelbom.se\/#website"},"primaryImageOfPage":{"@id":"https:\/\/www.richardappelbom.se\/index.php\/2021\/09\/23\/liberalerna-i-kanada-lever-farligt\/#primaryimage"},"image":{"@id":"https:\/\/www.richardappelbom.se\/index.php\/2021\/09\/23\/liberalerna-i-kanada-lever-farligt\/#primaryimage"},"thumbnailUrl":"https:\/\/www.richardappelbom.se\/wp-content\/uploads\/2021\/09\/justin-trudeau.jpg","datePublished":"2021-09-23T20:31:07+00:00","dateModified":"2021-09-26T13:41:11+00:00","author":{"@id":"https:\/\/www.richardappelbom.se\/#\/schema\/person\/98f55ffd095155d902e585f10999a15d"},"description":"Nyvalet i Kanade innebar inga f\u00f6r\u00e4ndringar, Liberalerna forts\u00e4tter styra i minoritet. De Konservativa hade flest r\u00f6ster, men valsystemet gav Liberalerna fler mandat","breadcrumb":{"@id":"https:\/\/www.richardappelbom.se\/index.php\/2021\/09\/23\/liberalerna-i-kanada-lever-farligt\/#breadcrumb"},"inLanguage":"en-US","potentialAction":[{"@type":"ReadAction","target":["https:\/\/www.richardappelbom.se\/index.php\/2021\/09\/23\/liberalerna-i-kanada-lever-farligt\/"]}]},{"@type":"ImageObject","inLanguage":"en-US","@id":"https:\/\/www.richardappelbom.se\/index.php\/2021\/09\/23\/liberalerna-i-kanada-lever-farligt\/#primaryimage","url":"https:\/\/www.richardappelbom.se\/wp-content\/uploads\/2021\/09\/justin-trudeau.jpg","contentUrl":"https:\/\/www.richardappelbom.se\/wp-content\/uploads\/2021\/09\/justin-trudeau.jpg","width":294,"height":171},{"@type":"BreadcrumbList","@id":"https:\/\/www.richardappelbom.se\/index.php\/2021\/09\/23\/liberalerna-i-kanada-lever-farligt\/#breadcrumb","itemListElement":[{"@type":"ListItem","position":1,"name":"Home","item":"https:\/\/www.richardappelbom.se\/"},{"@type":"ListItem","position":2,"name":"Justin Trudeau st\u00e5r och stampar efter on\u00f6digt val i Kanada"}]},{"@type":"WebSite","@id":"https:\/\/www.richardappelbom.se\/#website","url":"https:\/\/www.richardappelbom.se\/","name":"Richard Appelbom","description":"En blogg om val och valsystem","potentialAction":[{"@type":"SearchAction","target":{"@type":"EntryPoint","urlTemplate":"https:\/\/www.richardappelbom.se\/?s={search_term_string}"},"query-input":{"@type":"PropertyValueSpecification","valueRequired":true,"valueName":"search_term_string"}}],"inLanguage":"en-US"},{"@type":"Person","@id":"https:\/\/www.richardappelbom.se\/#\/schema\/person\/98f55ffd095155d902e585f10999a15d","name":"admin","image":{"@type":"ImageObject","inLanguage":"en-US","@id":"https:\/\/secure.gravatar.com\/avatar\/480edd36f6cc3945e6b2db9fdc6f78df2a3fb98b7b27925b8d810863cfa537e7?s=96&d=mm&r=g","url":"https:\/\/secure.gravatar.com\/avatar\/480edd36f6cc3945e6b2db9fdc6f78df2a3fb98b7b27925b8d810863cfa537e7?s=96&d=mm&r=g","contentUrl":"https:\/\/secure.gravatar.com\/avatar\/480edd36f6cc3945e6b2db9fdc6f78df2a3fb98b7b27925b8d810863cfa537e7?s=96&d=mm&r=g","caption":"admin"},"sameAs":["https:\/\/www.facebook.com\/rappelbom","https:\/\/twitter.com\/RichardAppelbom"],"url":"https:\/\/www.richardappelbom.se\/index.php\/author\/ra_j9l6616t\/"}]}},"jetpack_featured_media_url":"","jetpack_sharing_enabled":true,"_links":{"self":[{"href":"https:\/\/www.richardappelbom.se\/index.php\/wp-json\/wp\/v2\/posts\/231","targetHints":{"allow":["GET"]}}],"collection":[{"href":"https:\/\/www.richardappelbom.se\/index.php\/wp-json\/wp\/v2\/posts"}],"about":[{"href":"https:\/\/www.richardappelbom.se\/index.php\/wp-json\/wp\/v2\/types\/post"}],"author":[{"embeddable":true,"href":"https:\/\/www.richardappelbom.se\/index.php\/wp-json\/wp\/v2\/users\/1"}],"replies":[{"embeddable":true,"href":"https:\/\/www.richardappelbom.se\/index.php\/wp-json\/wp\/v2\/comments?post=231"}],"version-history":[{"count":4,"href":"https:\/\/www.richardappelbom.se\/index.php\/wp-json\/wp\/v2\/posts\/231\/revisions"}],"predecessor-version":[{"id":239,"href":"https:\/\/www.richardappelbom.se\/index.php\/wp-json\/wp\/v2\/posts\/231\/revisions\/239"}],"wp:attachment":[{"href":"https:\/\/www.richardappelbom.se\/index.php\/wp-json\/wp\/v2\/media?parent=231"}],"wp:term":[{"taxonomy":"category","embeddable":true,"href":"https:\/\/www.richardappelbom.se\/index.php\/wp-json\/wp\/v2\/categories?post=231"},{"taxonomy":"post_tag","embeddable":true,"href":"https:\/\/www.richardappelbom.se\/index.php\/wp-json\/wp\/v2\/tags?post=231"}],"curies":[{"name":"wp","href":"https:\/\/api.w.org\/{rel}","templated":true}]}}