{"id":240,"date":"2021-09-28T19:43:54","date_gmt":"2021-09-28T19:43:54","guid":{"rendered":"https:\/\/www.richardappelbom.se\/?p=240"},"modified":"2021-10-01T12:18:54","modified_gmt":"2021-10-01T12:18:54","slug":"merkel-har-lamnat-brate-efter-sig","status":"publish","type":"post","link":"https:\/\/www.richardappelbom.se\/index.php\/2021\/09\/28\/merkel-har-lamnat-brate-efter-sig\/","title":{"rendered":"Merkel har l\u00e4mnat br\u00e5te efter sig"},"content":{"rendered":"\n<figure class=\"wp-block-image size-full is-resized\"><img loading=\"lazy\" decoding=\"async\" src=\"https:\/\/www.richardappelbom.se\/wp-content\/uploads\/2021\/09\/angela-merkel.jpg\" alt=\"\" class=\"wp-image-241\" width=\"640\" height=\"522\"\/><figcaption>Avg\u00e5ende f\u00f6rbundskansler Angela Merkel(CDU) <\/figcaption><\/figure>\n\n\n\n<p>Efter 16 \u00e5r med Angela Merkel fr\u00e5n Kristdemokraterna CDU som f\u00f6rbundskansler tycks de<a href=\"https:\/\/www.welt.de\/politik\/bundestagswahl\/\"> tyska v\u00e4ljarna<\/a> vilja ha f\u00f6r\u00e4ndring. CDU gjorde med 24,1 procent av r\u00f6sterna (-8,9 procentenheter) ett uselt val. CDU tappade flest v\u00e4ljare till Socialdemokraterna (SPD) och De Gr\u00f6na. Valdeltagandet var 76 procent<\/p>\n\n\n\n<p><a href=\"https:\/\/www.dw.com\/en\/germanys-election-results-facts-and-figures\/a-59343789\">&nbsp;Samtidigt kan man undra<\/a> om det verkligen \u00e4r f\u00f6r\u00e4ndring som efterfr\u00e5gas.<\/p>\n\n\n\n<p>Socialdemokraterna, som l\u00e4nge hade ett opinionsst\u00f6d under 20 procent och internt missn\u00f6je med att vara i koalition med Kristdemokraterna, blev st\u00f6rsta parti med 25,7 procent (+5,2 procentenheter). Dess popul\u00e4ra kanslerskandidat Olaf Scholz uppfattades som den som mest p\u00e5minde om Angela Merkels lugna&nbsp; framtoning.<\/p>\n\n\n\n<p>De Gr\u00f6na hade tidigare h\u00f6gt opinionsst\u00f6d, men tappade p\u00e5 slutet och fick 14,8. \u00c4ven om det var en &nbsp;framg\u00e5ng j\u00e4mf\u00f6rt med f\u00f6rra valet kan en hel del v\u00e4ljare till slut inte ha v\u00e5gat r\u00f6sta p\u00e5 ett mer radikalt alternativ. Liberala och marknadsorienterade FDP gick fram n\u00e5got till 11,5 procent.<\/p>\n\n\n\n<p>Tyskland har 12 av de senaste 16 \u00e5ren styrts av den omaka stora koalitionen med CDU och SPD. Det har varnats f\u00f6r att missn\u00f6jespartier kunde f\u00e5 mer utrymme. Men de tv\u00e5 partierna har \u00e4nnu st\u00f6d av h\u00e4lften av v\u00e4ljarna, och b\u00e5de h\u00f6gernationalisterna Afd och \u00f6sttyska kommunistpartiets efterf\u00f6ljare die Linke tappade st\u00f6d.<\/p>\n\n\n\n<p>Die Linke gjorde ett riktigt katastrofval och missade sp\u00e4rrgr\u00e4nsen p\u00e5 5 procent. Partiet vann dock tre mandat i Tysklands enpersonsvalkretsar och d\u00e5 g\u00f6r en undantagsregel att partiet \u00e4nd\u00e5 f\u00e5r utj\u00e4mningsmandat.<\/p>\n\n\n\n<p>Tyskland har en blandning av 299 enpersonsvalkretsar d\u00e4r den med flest r\u00f6ster vinner. D\u00e4rut\u00f6ver tillkommer utj\u00e4mningsmandat f\u00f6r alla partier som f\u00e5tt fem procent. Den blir s\u00e5 m\u00e5nga mandat som beh\u00f6vs f\u00f6r att f\u00e5 ett proportionellt utfall, den h\u00e4r g\u00e5ngen hela 735. 8,7 procent av r\u00f6sterna var &#8220;bortkastade&#8221; genom att g\u00e5 till partier som inte klarade sp\u00e4rren, Hade Linke inte f\u00e5tt sina tre direktmandat hade det varit  hela 13 procent<\/p>\n\n\n\n<p>Undantag finns, som den som r\u00e4ddade die Linke. Lokala etniska partier kan ocks\u00e5 komma in, danska minoritetspartiet i norra Tyskland fick ett mandat.<\/p>\n\n\n\n<p>SPD \u00e4r st\u00f6rst i norr och CDU\/CSU st\u00f6rst i s\u00f6der. Skillnaden mellan det forna \u00d6st- och V\u00e4sttyskland finns kvar, Afd och Die Linke klarar sig b\u00e4ttre i \u00f6st.<\/p>\n\n\n\n<p>Nu stundar det stora koalitionsspelet. I Tyskland efterstr\u00e4vas majoritetsregeringar, och d\u00e4r finns&nbsp; tr\u00f6tthet vid storkoalitionen. D\u00e5 \u00e5terst\u00e5r bara tv\u00e5 alternativ, SPD, Gr\u00f6na och FDP, eller CDU, Gr\u00f6na och FDP.<\/p>\n\n\n\n<p>De Gr\u00f6na vill helst regera med SPD, och FDP helst med CDU. S\u00e5 allt talar f\u00f6r f\u00f6rhandlingar i m\u00e5nader, det anses tveksamt om en ny regering kan tilltr\u00e4da f\u00f6re \u00e5rsskiftet.<\/p>\n\n\n\n<p>Angela Merkel har uppfattats som en stabil klippa under en politisk orolig tid med Donald Trump, Brexit, auktorit\u00e4ra str\u00f6mningar och ett aggressivt Ryssland. Men allt har inte varit s\u00e5 lyckat.<\/p>\n\n\n\n<p>Efter k\u00e4rnkraftsolyckan i Japan best\u00e4mde Merkel&nbsp; att snabbavveckla tysk k\u00e4rnkraft. Tyskland har h\u00e5llit fast vid tv\u00e5 naturgasledningar fr\u00e5n Ryssland. Resultatet har blivit energiberoende av Ryssland och att Tysklands, trots allt tal om klimat i valr\u00f6relsen,&nbsp; elproduktion till \u00f6ver 40 procent kommer fr\u00e5n fossila br\u00e4nslen.<\/p>\n\n\n\n<p>Tyskland har en stor handel med Kina, och kan komma i kl\u00e4m om det m\u00e5ste f\u00f6ras en tuffare politik mot kinesiska diktaturfasoner. D\u00e4r finns stora behov av offentliga investeringar, digitaliseringen sl\u00e4par efter. Den viktiga tyska bilindustrin beh\u00f6ver h\u00e4nga med i den gr\u00f6na omst\u00e4llningen.<\/p>\n\n\n\n<p>H\u00e5rda regler mot statliga underskott f\u00f6rsv\u00e5rar angel\u00e4gna satsningar. Det g\u00e4ller \u00e4n mer andra eurol\u00e4nder, som har drabbats av tyska krav p\u00e5 budgetdisciplin.<\/p>\n\n\n\n<p>S\u00e5 det finns mycket att g\u00f6ra f\u00f6r en ny tysk regering. Men d\u00e5 g\u00e4ller det att de i flera sakfr\u00e5gor oeniga partierna f\u00f6rm\u00e5r enas om mer \u00e4n urvattnade kompromisser. Annars kan b\u00e5de Tyskland och EU, som f\u00e5r det besv\u00e4rligt utan tyskt ledarskap, drabbas av handlingsf\u00f6rlamning. &nbsp;&nbsp;<\/p>\n","protected":false},"excerpt":{"rendered":"<p>Efter 16 \u00e5r med Angela Merkel fr\u00e5n Kristdemokraterna CDU som f\u00f6rbundskansler tycks de tyska v\u00e4ljarna vilja ha f\u00f6r\u00e4ndring. CDU gjorde med 24,1 procent av r\u00f6sterna (-8,9 procentenheter) ett uselt val. CDU tappade flest v\u00e4ljare till Socialdemokraterna (SPD) och De Gr\u00f6na. Valdeltagandet var 76 procent &nbsp;Samtidigt kan man undra om det verkligen \u00e4r f\u00f6r\u00e4ndring som efterfr\u00e5gas. [&hellip;]<\/p>\n","protected":false},"author":1,"featured_media":0,"comment_status":"open","ping_status":"closed","sticky":false,"template":"","format":"standard","meta":{"_jetpack_memberships_contains_paid_content":false,"footnotes":""},"categories":[10],"tags":[],"class_list":["post-240","post","type-post","status-publish","format-standard","hentry","category-allman-inlagg"],"yoast_head":"<!-- This site is optimized with the Yoast SEO plugin v27.2 - https:\/\/yoast.com\/product\/yoast-seo-wordpress\/ -->\n<title>Merkel har l\u00e4mnat br\u00e5te efter sig - Richard Appelbom<\/title>\n<meta name=\"description\" content=\"Tyska v\u00e4ljarna r\u00f6stade b\u00e5de f\u00f6r f\u00f6r\u00e4ndring och f\u00f6r stabilitet. Angela Merkel \u00e4r med r\u00e4tta respekterad, men p\u00e5 m\u00e5nga omr\u00e5den beh\u00f6ver en ny tysk regering agera. F\u00f6rm\u00e5r den det?\" \/>\n<meta name=\"robots\" content=\"index, follow, max-snippet:-1, max-image-preview:large, max-video-preview:-1\" \/>\n<link rel=\"canonical\" href=\"https:\/\/www.richardappelbom.se\/index.php\/2021\/09\/28\/merkel-har-lamnat-brate-efter-sig\/\" \/>\n<meta property=\"og:locale\" content=\"en_US\" \/>\n<meta property=\"og:type\" content=\"article\" \/>\n<meta property=\"og:title\" content=\"Merkel har l\u00e4mnat br\u00e5te efter sig - Richard Appelbom\" \/>\n<meta property=\"og:description\" content=\"Tyska v\u00e4ljarna r\u00f6stade b\u00e5de f\u00f6r f\u00f6r\u00e4ndring och f\u00f6r stabilitet. Angela Merkel \u00e4r med r\u00e4tta respekterad, men p\u00e5 m\u00e5nga omr\u00e5den beh\u00f6ver en ny tysk regering agera. F\u00f6rm\u00e5r den det?\" \/>\n<meta property=\"og:url\" content=\"https:\/\/www.richardappelbom.se\/index.php\/2021\/09\/28\/merkel-har-lamnat-brate-efter-sig\/\" \/>\n<meta property=\"og:site_name\" content=\"Richard Appelbom\" \/>\n<meta property=\"article:publisher\" content=\"https:\/\/www.facebook.com\/rappelbom\" \/>\n<meta property=\"article:author\" content=\"https:\/\/www.facebook.com\/rappelbom\" \/>\n<meta property=\"article:published_time\" content=\"2021-09-28T19:43:54+00:00\" \/>\n<meta property=\"article:modified_time\" content=\"2021-10-01T12:18:54+00:00\" \/>\n<meta property=\"og:image\" content=\"https:\/\/www.richardappelbom.se\/wp-content\/uploads\/2021\/09\/angela-merkel.jpg\" \/>\n<meta name=\"author\" content=\"admin\" \/>\n<meta name=\"twitter:card\" content=\"summary_large_image\" \/>\n<meta name=\"twitter:creator\" content=\"@RichardAppelbom\" \/>\n<meta name=\"twitter:site\" content=\"@RichardAppelbom\" \/>\n<meta name=\"twitter:label1\" content=\"Written by\" \/>\n\t<meta name=\"twitter:data1\" content=\"admin\" \/>\n\t<meta name=\"twitter:label2\" content=\"Est. reading time\" \/>\n\t<meta name=\"twitter:data2\" content=\"3 minutes\" \/>\n<script type=\"application\/ld+json\" class=\"yoast-schema-graph\">{\"@context\":\"https:\/\/schema.org\",\"@graph\":[{\"@type\":\"Article\",\"@id\":\"https:\/\/www.richardappelbom.se\/index.php\/2021\/09\/28\/merkel-har-lamnat-brate-efter-sig\/#article\",\"isPartOf\":{\"@id\":\"https:\/\/www.richardappelbom.se\/index.php\/2021\/09\/28\/merkel-har-lamnat-brate-efter-sig\/\"},\"author\":{\"name\":\"admin\",\"@id\":\"https:\/\/www.richardappelbom.se\/#\/schema\/person\/98f55ffd095155d902e585f10999a15d\"},\"headline\":\"Merkel har l\u00e4mnat br\u00e5te efter sig\",\"datePublished\":\"2021-09-28T19:43:54+00:00\",\"dateModified\":\"2021-10-01T12:18:54+00:00\",\"mainEntityOfPage\":{\"@id\":\"https:\/\/www.richardappelbom.se\/index.php\/2021\/09\/28\/merkel-har-lamnat-brate-efter-sig\/\"},\"wordCount\":709,\"commentCount\":0,\"image\":{\"@id\":\"https:\/\/www.richardappelbom.se\/index.php\/2021\/09\/28\/merkel-har-lamnat-brate-efter-sig\/#primaryimage\"},\"thumbnailUrl\":\"https:\/\/www.richardappelbom.se\/wp-content\/uploads\/2021\/09\/angela-merkel.jpg\",\"articleSection\":[\"Allm\u00e4n Posts\"],\"inLanguage\":\"en-US\",\"potentialAction\":[{\"@type\":\"CommentAction\",\"name\":\"Comment\",\"target\":[\"https:\/\/www.richardappelbom.se\/index.php\/2021\/09\/28\/merkel-har-lamnat-brate-efter-sig\/#respond\"]}]},{\"@type\":\"WebPage\",\"@id\":\"https:\/\/www.richardappelbom.se\/index.php\/2021\/09\/28\/merkel-har-lamnat-brate-efter-sig\/\",\"url\":\"https:\/\/www.richardappelbom.se\/index.php\/2021\/09\/28\/merkel-har-lamnat-brate-efter-sig\/\",\"name\":\"Merkel har l\u00e4mnat br\u00e5te efter sig - Richard Appelbom\",\"isPartOf\":{\"@id\":\"https:\/\/www.richardappelbom.se\/#website\"},\"primaryImageOfPage\":{\"@id\":\"https:\/\/www.richardappelbom.se\/index.php\/2021\/09\/28\/merkel-har-lamnat-brate-efter-sig\/#primaryimage\"},\"image\":{\"@id\":\"https:\/\/www.richardappelbom.se\/index.php\/2021\/09\/28\/merkel-har-lamnat-brate-efter-sig\/#primaryimage\"},\"thumbnailUrl\":\"https:\/\/www.richardappelbom.se\/wp-content\/uploads\/2021\/09\/angela-merkel.jpg\",\"datePublished\":\"2021-09-28T19:43:54+00:00\",\"dateModified\":\"2021-10-01T12:18:54+00:00\",\"author\":{\"@id\":\"https:\/\/www.richardappelbom.se\/#\/schema\/person\/98f55ffd095155d902e585f10999a15d\"},\"description\":\"Tyska v\u00e4ljarna r\u00f6stade b\u00e5de f\u00f6r f\u00f6r\u00e4ndring och f\u00f6r stabilitet. Angela Merkel \u00e4r med r\u00e4tta respekterad, men p\u00e5 m\u00e5nga omr\u00e5den beh\u00f6ver en ny tysk regering agera. F\u00f6rm\u00e5r den det?\",\"breadcrumb\":{\"@id\":\"https:\/\/www.richardappelbom.se\/index.php\/2021\/09\/28\/merkel-har-lamnat-brate-efter-sig\/#breadcrumb\"},\"inLanguage\":\"en-US\",\"potentialAction\":[{\"@type\":\"ReadAction\",\"target\":[\"https:\/\/www.richardappelbom.se\/index.php\/2021\/09\/28\/merkel-har-lamnat-brate-efter-sig\/\"]}]},{\"@type\":\"ImageObject\",\"inLanguage\":\"en-US\",\"@id\":\"https:\/\/www.richardappelbom.se\/index.php\/2021\/09\/28\/merkel-har-lamnat-brate-efter-sig\/#primaryimage\",\"url\":\"https:\/\/www.richardappelbom.se\/wp-content\/uploads\/2021\/09\/angela-merkel.jpg\",\"contentUrl\":\"https:\/\/www.richardappelbom.se\/wp-content\/uploads\/2021\/09\/angela-merkel.jpg\",\"width\":249,\"height\":203},{\"@type\":\"BreadcrumbList\",\"@id\":\"https:\/\/www.richardappelbom.se\/index.php\/2021\/09\/28\/merkel-har-lamnat-brate-efter-sig\/#breadcrumb\",\"itemListElement\":[{\"@type\":\"ListItem\",\"position\":1,\"name\":\"Home\",\"item\":\"https:\/\/www.richardappelbom.se\/\"},{\"@type\":\"ListItem\",\"position\":2,\"name\":\"Merkel har l\u00e4mnat br\u00e5te efter sig\"}]},{\"@type\":\"WebSite\",\"@id\":\"https:\/\/www.richardappelbom.se\/#website\",\"url\":\"https:\/\/www.richardappelbom.se\/\",\"name\":\"Richard Appelbom\",\"description\":\"En blogg om val och valsystem\",\"potentialAction\":[{\"@type\":\"SearchAction\",\"target\":{\"@type\":\"EntryPoint\",\"urlTemplate\":\"https:\/\/www.richardappelbom.se\/?s={search_term_string}\"},\"query-input\":{\"@type\":\"PropertyValueSpecification\",\"valueRequired\":true,\"valueName\":\"search_term_string\"}}],\"inLanguage\":\"en-US\"},{\"@type\":\"Person\",\"@id\":\"https:\/\/www.richardappelbom.se\/#\/schema\/person\/98f55ffd095155d902e585f10999a15d\",\"name\":\"admin\",\"image\":{\"@type\":\"ImageObject\",\"inLanguage\":\"en-US\",\"@id\":\"https:\/\/secure.gravatar.com\/avatar\/480edd36f6cc3945e6b2db9fdc6f78df2a3fb98b7b27925b8d810863cfa537e7?s=96&d=mm&r=g\",\"url\":\"https:\/\/secure.gravatar.com\/avatar\/480edd36f6cc3945e6b2db9fdc6f78df2a3fb98b7b27925b8d810863cfa537e7?s=96&d=mm&r=g\",\"contentUrl\":\"https:\/\/secure.gravatar.com\/avatar\/480edd36f6cc3945e6b2db9fdc6f78df2a3fb98b7b27925b8d810863cfa537e7?s=96&d=mm&r=g\",\"caption\":\"admin\"},\"sameAs\":[\"https:\/\/www.facebook.com\/rappelbom\",\"https:\/\/twitter.com\/RichardAppelbom\"],\"url\":\"https:\/\/www.richardappelbom.se\/index.php\/author\/ra_j9l6616t\/\"}]}<\/script>\n<!-- \/ Yoast SEO plugin. -->","yoast_head_json":{"title":"Merkel har l\u00e4mnat br\u00e5te efter sig - Richard Appelbom","description":"Tyska v\u00e4ljarna r\u00f6stade b\u00e5de f\u00f6r f\u00f6r\u00e4ndring och f\u00f6r stabilitet. Angela Merkel \u00e4r med r\u00e4tta respekterad, men p\u00e5 m\u00e5nga omr\u00e5den beh\u00f6ver en ny tysk regering agera. F\u00f6rm\u00e5r den det?","robots":{"index":"index","follow":"follow","max-snippet":"max-snippet:-1","max-image-preview":"max-image-preview:large","max-video-preview":"max-video-preview:-1"},"canonical":"https:\/\/www.richardappelbom.se\/index.php\/2021\/09\/28\/merkel-har-lamnat-brate-efter-sig\/","og_locale":"en_US","og_type":"article","og_title":"Merkel har l\u00e4mnat br\u00e5te efter sig - Richard Appelbom","og_description":"Tyska v\u00e4ljarna r\u00f6stade b\u00e5de f\u00f6r f\u00f6r\u00e4ndring och f\u00f6r stabilitet. Angela Merkel \u00e4r med r\u00e4tta respekterad, men p\u00e5 m\u00e5nga omr\u00e5den beh\u00f6ver en ny tysk regering agera. F\u00f6rm\u00e5r den det?","og_url":"https:\/\/www.richardappelbom.se\/index.php\/2021\/09\/28\/merkel-har-lamnat-brate-efter-sig\/","og_site_name":"Richard Appelbom","article_publisher":"https:\/\/www.facebook.com\/rappelbom","article_author":"https:\/\/www.facebook.com\/rappelbom","article_published_time":"2021-09-28T19:43:54+00:00","article_modified_time":"2021-10-01T12:18:54+00:00","og_image":[{"url":"https:\/\/www.richardappelbom.se\/wp-content\/uploads\/2021\/09\/angela-merkel.jpg","type":"","width":"","height":""}],"author":"admin","twitter_card":"summary_large_image","twitter_creator":"@RichardAppelbom","twitter_site":"@RichardAppelbom","twitter_misc":{"Written by":"admin","Est. reading time":"3 minutes"},"schema":{"@context":"https:\/\/schema.org","@graph":[{"@type":"Article","@id":"https:\/\/www.richardappelbom.se\/index.php\/2021\/09\/28\/merkel-har-lamnat-brate-efter-sig\/#article","isPartOf":{"@id":"https:\/\/www.richardappelbom.se\/index.php\/2021\/09\/28\/merkel-har-lamnat-brate-efter-sig\/"},"author":{"name":"admin","@id":"https:\/\/www.richardappelbom.se\/#\/schema\/person\/98f55ffd095155d902e585f10999a15d"},"headline":"Merkel har l\u00e4mnat br\u00e5te efter sig","datePublished":"2021-09-28T19:43:54+00:00","dateModified":"2021-10-01T12:18:54+00:00","mainEntityOfPage":{"@id":"https:\/\/www.richardappelbom.se\/index.php\/2021\/09\/28\/merkel-har-lamnat-brate-efter-sig\/"},"wordCount":709,"commentCount":0,"image":{"@id":"https:\/\/www.richardappelbom.se\/index.php\/2021\/09\/28\/merkel-har-lamnat-brate-efter-sig\/#primaryimage"},"thumbnailUrl":"https:\/\/www.richardappelbom.se\/wp-content\/uploads\/2021\/09\/angela-merkel.jpg","articleSection":["Allm\u00e4n Posts"],"inLanguage":"en-US","potentialAction":[{"@type":"CommentAction","name":"Comment","target":["https:\/\/www.richardappelbom.se\/index.php\/2021\/09\/28\/merkel-har-lamnat-brate-efter-sig\/#respond"]}]},{"@type":"WebPage","@id":"https:\/\/www.richardappelbom.se\/index.php\/2021\/09\/28\/merkel-har-lamnat-brate-efter-sig\/","url":"https:\/\/www.richardappelbom.se\/index.php\/2021\/09\/28\/merkel-har-lamnat-brate-efter-sig\/","name":"Merkel har l\u00e4mnat br\u00e5te efter sig - Richard Appelbom","isPartOf":{"@id":"https:\/\/www.richardappelbom.se\/#website"},"primaryImageOfPage":{"@id":"https:\/\/www.richardappelbom.se\/index.php\/2021\/09\/28\/merkel-har-lamnat-brate-efter-sig\/#primaryimage"},"image":{"@id":"https:\/\/www.richardappelbom.se\/index.php\/2021\/09\/28\/merkel-har-lamnat-brate-efter-sig\/#primaryimage"},"thumbnailUrl":"https:\/\/www.richardappelbom.se\/wp-content\/uploads\/2021\/09\/angela-merkel.jpg","datePublished":"2021-09-28T19:43:54+00:00","dateModified":"2021-10-01T12:18:54+00:00","author":{"@id":"https:\/\/www.richardappelbom.se\/#\/schema\/person\/98f55ffd095155d902e585f10999a15d"},"description":"Tyska v\u00e4ljarna r\u00f6stade b\u00e5de f\u00f6r f\u00f6r\u00e4ndring och f\u00f6r stabilitet. Angela Merkel \u00e4r med r\u00e4tta respekterad, men p\u00e5 m\u00e5nga omr\u00e5den beh\u00f6ver en ny tysk regering agera. F\u00f6rm\u00e5r den det?","breadcrumb":{"@id":"https:\/\/www.richardappelbom.se\/index.php\/2021\/09\/28\/merkel-har-lamnat-brate-efter-sig\/#breadcrumb"},"inLanguage":"en-US","potentialAction":[{"@type":"ReadAction","target":["https:\/\/www.richardappelbom.se\/index.php\/2021\/09\/28\/merkel-har-lamnat-brate-efter-sig\/"]}]},{"@type":"ImageObject","inLanguage":"en-US","@id":"https:\/\/www.richardappelbom.se\/index.php\/2021\/09\/28\/merkel-har-lamnat-brate-efter-sig\/#primaryimage","url":"https:\/\/www.richardappelbom.se\/wp-content\/uploads\/2021\/09\/angela-merkel.jpg","contentUrl":"https:\/\/www.richardappelbom.se\/wp-content\/uploads\/2021\/09\/angela-merkel.jpg","width":249,"height":203},{"@type":"BreadcrumbList","@id":"https:\/\/www.richardappelbom.se\/index.php\/2021\/09\/28\/merkel-har-lamnat-brate-efter-sig\/#breadcrumb","itemListElement":[{"@type":"ListItem","position":1,"name":"Home","item":"https:\/\/www.richardappelbom.se\/"},{"@type":"ListItem","position":2,"name":"Merkel har l\u00e4mnat br\u00e5te efter sig"}]},{"@type":"WebSite","@id":"https:\/\/www.richardappelbom.se\/#website","url":"https:\/\/www.richardappelbom.se\/","name":"Richard Appelbom","description":"En blogg om val och valsystem","potentialAction":[{"@type":"SearchAction","target":{"@type":"EntryPoint","urlTemplate":"https:\/\/www.richardappelbom.se\/?s={search_term_string}"},"query-input":{"@type":"PropertyValueSpecification","valueRequired":true,"valueName":"search_term_string"}}],"inLanguage":"en-US"},{"@type":"Person","@id":"https:\/\/www.richardappelbom.se\/#\/schema\/person\/98f55ffd095155d902e585f10999a15d","name":"admin","image":{"@type":"ImageObject","inLanguage":"en-US","@id":"https:\/\/secure.gravatar.com\/avatar\/480edd36f6cc3945e6b2db9fdc6f78df2a3fb98b7b27925b8d810863cfa537e7?s=96&d=mm&r=g","url":"https:\/\/secure.gravatar.com\/avatar\/480edd36f6cc3945e6b2db9fdc6f78df2a3fb98b7b27925b8d810863cfa537e7?s=96&d=mm&r=g","contentUrl":"https:\/\/secure.gravatar.com\/avatar\/480edd36f6cc3945e6b2db9fdc6f78df2a3fb98b7b27925b8d810863cfa537e7?s=96&d=mm&r=g","caption":"admin"},"sameAs":["https:\/\/www.facebook.com\/rappelbom","https:\/\/twitter.com\/RichardAppelbom"],"url":"https:\/\/www.richardappelbom.se\/index.php\/author\/ra_j9l6616t\/"}]}},"jetpack_featured_media_url":"","jetpack_sharing_enabled":true,"_links":{"self":[{"href":"https:\/\/www.richardappelbom.se\/index.php\/wp-json\/wp\/v2\/posts\/240","targetHints":{"allow":["GET"]}}],"collection":[{"href":"https:\/\/www.richardappelbom.se\/index.php\/wp-json\/wp\/v2\/posts"}],"about":[{"href":"https:\/\/www.richardappelbom.se\/index.php\/wp-json\/wp\/v2\/types\/post"}],"author":[{"embeddable":true,"href":"https:\/\/www.richardappelbom.se\/index.php\/wp-json\/wp\/v2\/users\/1"}],"replies":[{"embeddable":true,"href":"https:\/\/www.richardappelbom.se\/index.php\/wp-json\/wp\/v2\/comments?post=240"}],"version-history":[{"count":3,"href":"https:\/\/www.richardappelbom.se\/index.php\/wp-json\/wp\/v2\/posts\/240\/revisions"}],"predecessor-version":[{"id":245,"href":"https:\/\/www.richardappelbom.se\/index.php\/wp-json\/wp\/v2\/posts\/240\/revisions\/245"}],"wp:attachment":[{"href":"https:\/\/www.richardappelbom.se\/index.php\/wp-json\/wp\/v2\/media?parent=240"}],"wp:term":[{"taxonomy":"category","embeddable":true,"href":"https:\/\/www.richardappelbom.se\/index.php\/wp-json\/wp\/v2\/categories?post=240"},{"taxonomy":"post_tag","embeddable":true,"href":"https:\/\/www.richardappelbom.se\/index.php\/wp-json\/wp\/v2\/tags?post=240"}],"curies":[{"name":"wp","href":"https:\/\/api.w.org\/{rel}","templated":true}]}}