{"id":247,"date":"2021-10-11T16:41:39","date_gmt":"2021-10-11T16:41:39","guid":{"rendered":"https:\/\/www.richardappelbom.se\/?p=247"},"modified":"2021-10-13T08:15:40","modified_gmt":"2021-10-13T08:15:40","slug":"manga-bortkastade-roster-i-tjeckien","status":"publish","type":"post","link":"https:\/\/www.richardappelbom.se\/index.php\/2021\/10\/11\/manga-bortkastade-roster-i-tjeckien\/","title":{"rendered":"M\u00e5nga &#8220;bortkastade&#8221; r\u00f6ster i Tjeckien"},"content":{"rendered":"\n<figure class=\"wp-block-image size-full is-resized\"><img loading=\"lazy\" decoding=\"async\" src=\"https:\/\/www.richardappelbom.se\/wp-content\/uploads\/2021\/10\/Andrej-babis-Tjeckien.jpg\" alt=\"\" class=\"wp-image-248\" width=\"691\" height=\"460\"\/><figcaption>Den kontroversielle och f\u00f6rm\u00f6gne premi\u00e4rministern Andrej Babis fick majoriteten emot sig i valet i Tjeckien. <\/figcaption><\/figure>\n\n\n\n<p><a href=\"https:\/\/www.politico.eu\/article\/czech-president-hospital-election-zeman-babis\/\">Valet i Tjeckien<\/a> innebar ett nederlag f\u00f6r den populistiske premi\u00e4rministern Andrej Babis och hans parti ANO. Babis drev kampanj mot invandring, f\u00f6r h\u00f6gre pensioner och EU-skepsis. Han fick kritik f\u00f6r att ha blandat ihop personliga och statens intressen, liksom f\u00f6r att spendera vidlyftigt. Veckan f\u00f6re valet f\u00f6rekom han i  Pandora rapporten om hur eliten flyttade pengar mellan l\u00e4nder f\u00f6r egen vinning.<\/p>\n\n\n\n<p>Valets stora f\u00f6rlorare var dock de kommunistiska och socialdemokratiska partierna, vilka b\u00e5da <a href=\"https:\/\/en.wikipedia.org\/wiki\/2021_Czech_legislative_election\">\u00e5kte ur parlamentets andra kammare.<\/a> Valdeltagandet var 65 procent.<\/p>\n\n\n\n<p>Vinnarna var centerh\u00f6gerkoalitionen SPOLU, som var en valallians av tre partier. En annan, EU-v\u00e4nlig och modernistisk, allians av Piratpartiet och lokala politiker, tappade j\u00e4mf\u00f6rt med opinionsm\u00e4tningar, men \u00f6kade n\u00e5got j\u00e4mf\u00f6rt med f\u00f6rra valet. Bara ett parti till, h\u00f6gernationalistiska SPD, kom in. SPOLU och Piratalliansen har en majoritet av mandaten och siktar p\u00e5 att bilda regering.<\/p>\n\n\n\n<p>Det \u00e4r inte helt l\u00e4tt att f\u00f6rst\u00e5 de tjeckiska partierna internationella orientering. Babis parti ANO, invandrar- och EU-skeptiskt och med stora spenderbyxor, \u00e4r <a href=\"https:\/\/www.europarl.europa.eu\/meps\/sv\/home\">i EU-parlamentet<\/a> med i EU-entusiastiska Renew Europe, d\u00e4r Centerpartiet och Liberalerna ing\u00e5r. ODS, det st\u00f6rsta partiet i Spolu, som ska garanterna Tjeckiens v\u00e4storientering och EU-medlemskap, \u00e4r med i samma EU-parti som Sverigedemokraterna(!)<\/p>\n\n\n\n<p>Tjeckien har en femprocentssp\u00e4rr, som dessutom \u00e4r h\u00f6gre f\u00f6r valallianser. I det h\u00e4r valet r\u00f6stade 19,73 procent, var femte v\u00e4ljare, p\u00e5 partier som inte kom med i parlamentet. D\u00e4r finns m\u00f6jlighet till upp till fyra personkryss, vilket gjorde att Piratpartiet bara fick fyra av valalliansens 37 mandat. De k\u00e4nda lokala politikerna m\u00e5ste ha f\u00e5tt m\u00e5nga personkryss.<\/p>\n\n\n\n<p>Valsystemet har inga utj\u00e4mningsmandat, vilket n\u00e5got minskar proportionaliteten. ANO och Spolu var ungef\u00f6r lika stora. Spolu fick n\u00e5got fler r\u00f6ster med 27,89 mot 27,13 f\u00f6r ANO, medan ANO fick 72 mandat mot Spolus 71.<\/p>\n\n\n\n<p>Tjeckien, eller d\u00e5varande Tjeckoslovakien, var den enda stabila demokratin i Centraleuropa under mellankrigstiden. Nu verkar partisystemet skakigt som i grannl\u00e4nderna. Partiers styrka kan \u00e4ndra sig kraftigt, karismatiska personligheter som Babis kan vinna r\u00f6ster p\u00e5 yviga l\u00f6ften. M\u00e5nga v\u00e4ljare r\u00f6star p\u00e5 partier som inte kommer in, ocks\u00e5 det ett tecken p\u00e5 misstro mot systemet och mot partierna. <\/p>\n","protected":false},"excerpt":{"rendered":"<p>Valet i Tjeckien innebar ett nederlag f\u00f6r den populistiske premi\u00e4rministern Andrej Babis och hans parti ANO. Babis drev kampanj mot invandring, f\u00f6r h\u00f6gre pensioner och EU-skepsis. Han fick kritik f\u00f6r att ha blandat ihop personliga och statens intressen, liksom f\u00f6r att spendera vidlyftigt. Veckan f\u00f6re valet f\u00f6rekom han i Pandora rapporten om hur eliten flyttade [&hellip;]<\/p>\n","protected":false},"author":1,"featured_media":0,"comment_status":"open","ping_status":"closed","sticky":false,"template":"","format":"standard","meta":{"_jetpack_memberships_contains_paid_content":false,"footnotes":""},"categories":[10],"tags":[],"class_list":["post-247","post","type-post","status-publish","format-standard","hentry","category-allman-inlagg"],"yoast_head":"<!-- This site is optimized with the Yoast SEO plugin v27.2 - https:\/\/yoast.com\/product\/yoast-seo-wordpress\/ -->\n<title>M\u00e5nga &quot;bortkastade&quot; r\u00f6ster i Tjeckien - Richard Appelbom<\/title>\n<meta name=\"description\" content=\"Var femte v\u00e4ljare r\u00f6stade p\u00e5 partier som inte kom in i parlamentet i Tjeckien. Partisystemet \u00e4r skakigt, vilket f\u00f6rsvagar demokratin. %\" \/>\n<meta name=\"robots\" content=\"index, follow, max-snippet:-1, max-image-preview:large, max-video-preview:-1\" \/>\n<link rel=\"canonical\" href=\"https:\/\/www.richardappelbom.se\/index.php\/2021\/10\/11\/manga-bortkastade-roster-i-tjeckien\/\" \/>\n<meta property=\"og:locale\" content=\"en_US\" \/>\n<meta property=\"og:type\" content=\"article\" \/>\n<meta property=\"og:title\" content=\"M\u00e5nga &quot;bortkastade&quot; r\u00f6ster i Tjeckien - Richard Appelbom\" \/>\n<meta property=\"og:description\" content=\"Var femte v\u00e4ljare r\u00f6stade p\u00e5 partier som inte kom in i parlamentet i Tjeckien. Partisystemet \u00e4r skakigt, vilket f\u00f6rsvagar demokratin. %\" \/>\n<meta property=\"og:url\" content=\"https:\/\/www.richardappelbom.se\/index.php\/2021\/10\/11\/manga-bortkastade-roster-i-tjeckien\/\" \/>\n<meta property=\"og:site_name\" content=\"Richard Appelbom\" \/>\n<meta property=\"article:publisher\" content=\"https:\/\/www.facebook.com\/rappelbom\" \/>\n<meta property=\"article:author\" content=\"https:\/\/www.facebook.com\/rappelbom\" \/>\n<meta property=\"article:published_time\" content=\"2021-10-11T16:41:39+00:00\" \/>\n<meta property=\"article:modified_time\" content=\"2021-10-13T08:15:40+00:00\" \/>\n<meta property=\"og:image\" content=\"https:\/\/www.richardappelbom.se\/wp-content\/uploads\/2021\/10\/Andrej-babis-Tjeckien.jpg\" \/>\n<meta name=\"author\" content=\"admin\" \/>\n<meta name=\"twitter:card\" content=\"summary_large_image\" \/>\n<meta name=\"twitter:creator\" content=\"@RichardAppelbom\" \/>\n<meta name=\"twitter:site\" content=\"@RichardAppelbom\" \/>\n<meta name=\"twitter:label1\" content=\"Written by\" \/>\n\t<meta name=\"twitter:data1\" content=\"admin\" \/>\n\t<meta name=\"twitter:label2\" content=\"Est. reading time\" \/>\n\t<meta name=\"twitter:data2\" content=\"2 minutes\" \/>\n<script type=\"application\/ld+json\" class=\"yoast-schema-graph\">{\"@context\":\"https:\/\/schema.org\",\"@graph\":[{\"@type\":\"Article\",\"@id\":\"https:\/\/www.richardappelbom.se\/index.php\/2021\/10\/11\/manga-bortkastade-roster-i-tjeckien\/#article\",\"isPartOf\":{\"@id\":\"https:\/\/www.richardappelbom.se\/index.php\/2021\/10\/11\/manga-bortkastade-roster-i-tjeckien\/\"},\"author\":{\"name\":\"admin\",\"@id\":\"https:\/\/www.richardappelbom.se\/#\/schema\/person\/98f55ffd095155d902e585f10999a15d\"},\"headline\":\"M\u00e5nga &#8220;bortkastade&#8221; r\u00f6ster i Tjeckien\",\"datePublished\":\"2021-10-11T16:41:39+00:00\",\"dateModified\":\"2021-10-13T08:15:40+00:00\",\"mainEntityOfPage\":{\"@id\":\"https:\/\/www.richardappelbom.se\/index.php\/2021\/10\/11\/manga-bortkastade-roster-i-tjeckien\/\"},\"wordCount\":409,\"commentCount\":0,\"image\":{\"@id\":\"https:\/\/www.richardappelbom.se\/index.php\/2021\/10\/11\/manga-bortkastade-roster-i-tjeckien\/#primaryimage\"},\"thumbnailUrl\":\"https:\/\/www.richardappelbom.se\/wp-content\/uploads\/2021\/10\/Andrej-babis-Tjeckien.jpg\",\"articleSection\":[\"Allm\u00e4n Posts\"],\"inLanguage\":\"en-US\",\"potentialAction\":[{\"@type\":\"CommentAction\",\"name\":\"Comment\",\"target\":[\"https:\/\/www.richardappelbom.se\/index.php\/2021\/10\/11\/manga-bortkastade-roster-i-tjeckien\/#respond\"]}]},{\"@type\":\"WebPage\",\"@id\":\"https:\/\/www.richardappelbom.se\/index.php\/2021\/10\/11\/manga-bortkastade-roster-i-tjeckien\/\",\"url\":\"https:\/\/www.richardappelbom.se\/index.php\/2021\/10\/11\/manga-bortkastade-roster-i-tjeckien\/\",\"name\":\"M\u00e5nga \\\"bortkastade\\\" r\u00f6ster i Tjeckien - Richard Appelbom\",\"isPartOf\":{\"@id\":\"https:\/\/www.richardappelbom.se\/#website\"},\"primaryImageOfPage\":{\"@id\":\"https:\/\/www.richardappelbom.se\/index.php\/2021\/10\/11\/manga-bortkastade-roster-i-tjeckien\/#primaryimage\"},\"image\":{\"@id\":\"https:\/\/www.richardappelbom.se\/index.php\/2021\/10\/11\/manga-bortkastade-roster-i-tjeckien\/#primaryimage\"},\"thumbnailUrl\":\"https:\/\/www.richardappelbom.se\/wp-content\/uploads\/2021\/10\/Andrej-babis-Tjeckien.jpg\",\"datePublished\":\"2021-10-11T16:41:39+00:00\",\"dateModified\":\"2021-10-13T08:15:40+00:00\",\"author\":{\"@id\":\"https:\/\/www.richardappelbom.se\/#\/schema\/person\/98f55ffd095155d902e585f10999a15d\"},\"description\":\"Var femte v\u00e4ljare r\u00f6stade p\u00e5 partier som inte kom in i parlamentet i Tjeckien. Partisystemet \u00e4r skakigt, vilket f\u00f6rsvagar demokratin. %\",\"breadcrumb\":{\"@id\":\"https:\/\/www.richardappelbom.se\/index.php\/2021\/10\/11\/manga-bortkastade-roster-i-tjeckien\/#breadcrumb\"},\"inLanguage\":\"en-US\",\"potentialAction\":[{\"@type\":\"ReadAction\",\"target\":[\"https:\/\/www.richardappelbom.se\/index.php\/2021\/10\/11\/manga-bortkastade-roster-i-tjeckien\/\"]}]},{\"@type\":\"ImageObject\",\"inLanguage\":\"en-US\",\"@id\":\"https:\/\/www.richardappelbom.se\/index.php\/2021\/10\/11\/manga-bortkastade-roster-i-tjeckien\/#primaryimage\",\"url\":\"https:\/\/www.richardappelbom.se\/wp-content\/uploads\/2021\/10\/Andrej-babis-Tjeckien.jpg\",\"contentUrl\":\"https:\/\/www.richardappelbom.se\/wp-content\/uploads\/2021\/10\/Andrej-babis-Tjeckien.jpg\",\"width\":275,\"height\":183},{\"@type\":\"BreadcrumbList\",\"@id\":\"https:\/\/www.richardappelbom.se\/index.php\/2021\/10\/11\/manga-bortkastade-roster-i-tjeckien\/#breadcrumb\",\"itemListElement\":[{\"@type\":\"ListItem\",\"position\":1,\"name\":\"Home\",\"item\":\"https:\/\/www.richardappelbom.se\/\"},{\"@type\":\"ListItem\",\"position\":2,\"name\":\"M\u00e5nga &#8220;bortkastade&#8221; r\u00f6ster i Tjeckien\"}]},{\"@type\":\"WebSite\",\"@id\":\"https:\/\/www.richardappelbom.se\/#website\",\"url\":\"https:\/\/www.richardappelbom.se\/\",\"name\":\"Richard Appelbom\",\"description\":\"En blogg om val och valsystem\",\"potentialAction\":[{\"@type\":\"SearchAction\",\"target\":{\"@type\":\"EntryPoint\",\"urlTemplate\":\"https:\/\/www.richardappelbom.se\/?s={search_term_string}\"},\"query-input\":{\"@type\":\"PropertyValueSpecification\",\"valueRequired\":true,\"valueName\":\"search_term_string\"}}],\"inLanguage\":\"en-US\"},{\"@type\":\"Person\",\"@id\":\"https:\/\/www.richardappelbom.se\/#\/schema\/person\/98f55ffd095155d902e585f10999a15d\",\"name\":\"admin\",\"image\":{\"@type\":\"ImageObject\",\"inLanguage\":\"en-US\",\"@id\":\"https:\/\/secure.gravatar.com\/avatar\/480edd36f6cc3945e6b2db9fdc6f78df2a3fb98b7b27925b8d810863cfa537e7?s=96&d=mm&r=g\",\"url\":\"https:\/\/secure.gravatar.com\/avatar\/480edd36f6cc3945e6b2db9fdc6f78df2a3fb98b7b27925b8d810863cfa537e7?s=96&d=mm&r=g\",\"contentUrl\":\"https:\/\/secure.gravatar.com\/avatar\/480edd36f6cc3945e6b2db9fdc6f78df2a3fb98b7b27925b8d810863cfa537e7?s=96&d=mm&r=g\",\"caption\":\"admin\"},\"sameAs\":[\"https:\/\/www.facebook.com\/rappelbom\",\"https:\/\/twitter.com\/RichardAppelbom\"],\"url\":\"https:\/\/www.richardappelbom.se\/index.php\/author\/ra_j9l6616t\/\"}]}<\/script>\n<!-- \/ Yoast SEO plugin. -->","yoast_head_json":{"title":"M\u00e5nga \"bortkastade\" r\u00f6ster i Tjeckien - Richard Appelbom","description":"Var femte v\u00e4ljare r\u00f6stade p\u00e5 partier som inte kom in i parlamentet i Tjeckien. Partisystemet \u00e4r skakigt, vilket f\u00f6rsvagar demokratin. %","robots":{"index":"index","follow":"follow","max-snippet":"max-snippet:-1","max-image-preview":"max-image-preview:large","max-video-preview":"max-video-preview:-1"},"canonical":"https:\/\/www.richardappelbom.se\/index.php\/2021\/10\/11\/manga-bortkastade-roster-i-tjeckien\/","og_locale":"en_US","og_type":"article","og_title":"M\u00e5nga \"bortkastade\" r\u00f6ster i Tjeckien - Richard Appelbom","og_description":"Var femte v\u00e4ljare r\u00f6stade p\u00e5 partier som inte kom in i parlamentet i Tjeckien. Partisystemet \u00e4r skakigt, vilket f\u00f6rsvagar demokratin. %","og_url":"https:\/\/www.richardappelbom.se\/index.php\/2021\/10\/11\/manga-bortkastade-roster-i-tjeckien\/","og_site_name":"Richard Appelbom","article_publisher":"https:\/\/www.facebook.com\/rappelbom","article_author":"https:\/\/www.facebook.com\/rappelbom","article_published_time":"2021-10-11T16:41:39+00:00","article_modified_time":"2021-10-13T08:15:40+00:00","og_image":[{"url":"https:\/\/www.richardappelbom.se\/wp-content\/uploads\/2021\/10\/Andrej-babis-Tjeckien.jpg","type":"","width":"","height":""}],"author":"admin","twitter_card":"summary_large_image","twitter_creator":"@RichardAppelbom","twitter_site":"@RichardAppelbom","twitter_misc":{"Written by":"admin","Est. reading time":"2 minutes"},"schema":{"@context":"https:\/\/schema.org","@graph":[{"@type":"Article","@id":"https:\/\/www.richardappelbom.se\/index.php\/2021\/10\/11\/manga-bortkastade-roster-i-tjeckien\/#article","isPartOf":{"@id":"https:\/\/www.richardappelbom.se\/index.php\/2021\/10\/11\/manga-bortkastade-roster-i-tjeckien\/"},"author":{"name":"admin","@id":"https:\/\/www.richardappelbom.se\/#\/schema\/person\/98f55ffd095155d902e585f10999a15d"},"headline":"M\u00e5nga &#8220;bortkastade&#8221; r\u00f6ster i Tjeckien","datePublished":"2021-10-11T16:41:39+00:00","dateModified":"2021-10-13T08:15:40+00:00","mainEntityOfPage":{"@id":"https:\/\/www.richardappelbom.se\/index.php\/2021\/10\/11\/manga-bortkastade-roster-i-tjeckien\/"},"wordCount":409,"commentCount":0,"image":{"@id":"https:\/\/www.richardappelbom.se\/index.php\/2021\/10\/11\/manga-bortkastade-roster-i-tjeckien\/#primaryimage"},"thumbnailUrl":"https:\/\/www.richardappelbom.se\/wp-content\/uploads\/2021\/10\/Andrej-babis-Tjeckien.jpg","articleSection":["Allm\u00e4n Posts"],"inLanguage":"en-US","potentialAction":[{"@type":"CommentAction","name":"Comment","target":["https:\/\/www.richardappelbom.se\/index.php\/2021\/10\/11\/manga-bortkastade-roster-i-tjeckien\/#respond"]}]},{"@type":"WebPage","@id":"https:\/\/www.richardappelbom.se\/index.php\/2021\/10\/11\/manga-bortkastade-roster-i-tjeckien\/","url":"https:\/\/www.richardappelbom.se\/index.php\/2021\/10\/11\/manga-bortkastade-roster-i-tjeckien\/","name":"M\u00e5nga \"bortkastade\" r\u00f6ster i Tjeckien - Richard Appelbom","isPartOf":{"@id":"https:\/\/www.richardappelbom.se\/#website"},"primaryImageOfPage":{"@id":"https:\/\/www.richardappelbom.se\/index.php\/2021\/10\/11\/manga-bortkastade-roster-i-tjeckien\/#primaryimage"},"image":{"@id":"https:\/\/www.richardappelbom.se\/index.php\/2021\/10\/11\/manga-bortkastade-roster-i-tjeckien\/#primaryimage"},"thumbnailUrl":"https:\/\/www.richardappelbom.se\/wp-content\/uploads\/2021\/10\/Andrej-babis-Tjeckien.jpg","datePublished":"2021-10-11T16:41:39+00:00","dateModified":"2021-10-13T08:15:40+00:00","author":{"@id":"https:\/\/www.richardappelbom.se\/#\/schema\/person\/98f55ffd095155d902e585f10999a15d"},"description":"Var femte v\u00e4ljare r\u00f6stade p\u00e5 partier som inte kom in i parlamentet i Tjeckien. Partisystemet \u00e4r skakigt, vilket f\u00f6rsvagar demokratin. %","breadcrumb":{"@id":"https:\/\/www.richardappelbom.se\/index.php\/2021\/10\/11\/manga-bortkastade-roster-i-tjeckien\/#breadcrumb"},"inLanguage":"en-US","potentialAction":[{"@type":"ReadAction","target":["https:\/\/www.richardappelbom.se\/index.php\/2021\/10\/11\/manga-bortkastade-roster-i-tjeckien\/"]}]},{"@type":"ImageObject","inLanguage":"en-US","@id":"https:\/\/www.richardappelbom.se\/index.php\/2021\/10\/11\/manga-bortkastade-roster-i-tjeckien\/#primaryimage","url":"https:\/\/www.richardappelbom.se\/wp-content\/uploads\/2021\/10\/Andrej-babis-Tjeckien.jpg","contentUrl":"https:\/\/www.richardappelbom.se\/wp-content\/uploads\/2021\/10\/Andrej-babis-Tjeckien.jpg","width":275,"height":183},{"@type":"BreadcrumbList","@id":"https:\/\/www.richardappelbom.se\/index.php\/2021\/10\/11\/manga-bortkastade-roster-i-tjeckien\/#breadcrumb","itemListElement":[{"@type":"ListItem","position":1,"name":"Home","item":"https:\/\/www.richardappelbom.se\/"},{"@type":"ListItem","position":2,"name":"M\u00e5nga &#8220;bortkastade&#8221; r\u00f6ster i Tjeckien"}]},{"@type":"WebSite","@id":"https:\/\/www.richardappelbom.se\/#website","url":"https:\/\/www.richardappelbom.se\/","name":"Richard Appelbom","description":"En blogg om val och valsystem","potentialAction":[{"@type":"SearchAction","target":{"@type":"EntryPoint","urlTemplate":"https:\/\/www.richardappelbom.se\/?s={search_term_string}"},"query-input":{"@type":"PropertyValueSpecification","valueRequired":true,"valueName":"search_term_string"}}],"inLanguage":"en-US"},{"@type":"Person","@id":"https:\/\/www.richardappelbom.se\/#\/schema\/person\/98f55ffd095155d902e585f10999a15d","name":"admin","image":{"@type":"ImageObject","inLanguage":"en-US","@id":"https:\/\/secure.gravatar.com\/avatar\/480edd36f6cc3945e6b2db9fdc6f78df2a3fb98b7b27925b8d810863cfa537e7?s=96&d=mm&r=g","url":"https:\/\/secure.gravatar.com\/avatar\/480edd36f6cc3945e6b2db9fdc6f78df2a3fb98b7b27925b8d810863cfa537e7?s=96&d=mm&r=g","contentUrl":"https:\/\/secure.gravatar.com\/avatar\/480edd36f6cc3945e6b2db9fdc6f78df2a3fb98b7b27925b8d810863cfa537e7?s=96&d=mm&r=g","caption":"admin"},"sameAs":["https:\/\/www.facebook.com\/rappelbom","https:\/\/twitter.com\/RichardAppelbom"],"url":"https:\/\/www.richardappelbom.se\/index.php\/author\/ra_j9l6616t\/"}]}},"jetpack_featured_media_url":"","jetpack_sharing_enabled":true,"_links":{"self":[{"href":"https:\/\/www.richardappelbom.se\/index.php\/wp-json\/wp\/v2\/posts\/247","targetHints":{"allow":["GET"]}}],"collection":[{"href":"https:\/\/www.richardappelbom.se\/index.php\/wp-json\/wp\/v2\/posts"}],"about":[{"href":"https:\/\/www.richardappelbom.se\/index.php\/wp-json\/wp\/v2\/types\/post"}],"author":[{"embeddable":true,"href":"https:\/\/www.richardappelbom.se\/index.php\/wp-json\/wp\/v2\/users\/1"}],"replies":[{"embeddable":true,"href":"https:\/\/www.richardappelbom.se\/index.php\/wp-json\/wp\/v2\/comments?post=247"}],"version-history":[{"count":3,"href":"https:\/\/www.richardappelbom.se\/index.php\/wp-json\/wp\/v2\/posts\/247\/revisions"}],"predecessor-version":[{"id":252,"href":"https:\/\/www.richardappelbom.se\/index.php\/wp-json\/wp\/v2\/posts\/247\/revisions\/252"}],"wp:attachment":[{"href":"https:\/\/www.richardappelbom.se\/index.php\/wp-json\/wp\/v2\/media?parent=247"}],"wp:term":[{"taxonomy":"category","embeddable":true,"href":"https:\/\/www.richardappelbom.se\/index.php\/wp-json\/wp\/v2\/categories?post=247"},{"taxonomy":"post_tag","embeddable":true,"href":"https:\/\/www.richardappelbom.se\/index.php\/wp-json\/wp\/v2\/tags?post=247"}],"curies":[{"name":"wp","href":"https:\/\/api.w.org\/{rel}","templated":true}]}}