{"id":258,"date":"2021-11-16T13:24:20","date_gmt":"2021-11-16T13:24:20","guid":{"rendered":"https:\/\/www.richardappelbom.se\/?p=258"},"modified":"2021-11-16T13:24:21","modified_gmt":"2021-11-16T13:24:21","slug":"tredje-gangen-gillt-i-bulgarien","status":"publish","type":"post","link":"https:\/\/www.richardappelbom.se\/index.php\/2021\/11\/16\/tredje-gangen-gillt-i-bulgarien\/","title":{"rendered":"Tredje g\u00e5ngen gillt i Bulgarien?"},"content":{"rendered":"\n<figure class=\"wp-block-image size-full\"><img loading=\"lazy\" decoding=\"async\" width=\"1024\" height=\"768\" src=\"https:\/\/www.richardappelbom.se\/wp-content\/uploads\/2021\/11\/borisov-bulgarien.jpg\" alt=\"\" class=\"wp-image-259\" srcset=\"https:\/\/www.richardappelbom.se\/wp-content\/uploads\/2021\/11\/borisov-bulgarien.jpg 1024w, https:\/\/www.richardappelbom.se\/wp-content\/uploads\/2021\/11\/borisov-bulgarien-300x225.jpg 300w, https:\/\/www.richardappelbom.se\/wp-content\/uploads\/2021\/11\/borisov-bulgarien-768x576.jpg 768w\" sizes=\"auto, (max-width: 1024px) 100vw, 1024px\" \/><figcaption>Bulgariens tidigare premi\u00e4rminister, maktpolitikern Boljo Borisov f\u00f6rlorade igen.<\/figcaption><\/figure>\n\n\n\n<p>I november 2021 gick Bulgarien till val f\u00f6r tredje g\u00e5ngen. Den h\u00e4r g\u00e5ngen var det b\u00e5de <a href=\"https:\/\/en.wikipedia.org\/wiki\/2021_Bulgarian_general_election\">president- och parlamentsval. <\/a>Sittande presidenten Rumen Radev, st\u00f6dd av en bred koalition av partier  fick 49 procent i f\u00f6rsta valomg\u00e5ngen och kommer att vinna den andra.<\/p>\n\n\n\n<p>Valdeltagandet var l\u00e5gt, knappt 40 procent i b\u00e5da valen. Det \u00e4r inte konstigt. Bulgarien har minst covidvaccinerade i EU, s\u00e5 en del v\u00e4ljare kan ha h\u00e5llit sig borta fr\u00e5n vallokalerna. Tre val p\u00e5 ett \u00e5r kan ocks\u00e5 begr\u00e4nsa r\u00f6stviljan, liksom ett utbrett missn\u00f6je med politisk korruption.<\/p>\n\n\n\n<p>9 procent av v\u00e4ljarna, om blankr\u00f6ster( inget av ovanst\u00e5ende) r\u00e4knas in, r\u00f6stade p\u00e5 partier som inte klarade fyraprocentsp\u00e4rren.<\/p>\n\n\n\n<p>Det tidigare konservativa maktpartiet GER under Boljo Borisov fortsatte att tappa st\u00f6d, men \u00e4r med 22,5 procent det st\u00f6rsta av de traditionella partierna. V\u00e4nsterpartiet BSP fortsatte att tappa och  fick bara 10 procent av r\u00f6sterna. I de tidigare valen har partier som har lovat krafttag mot korruptionen g\u00e5tt fram, men inte kunnat leverera. <\/p>\n\n\n\n<p>F\u00f6rra valets store segrare TV-k\u00e4ndisen Slavi Trifonov misslyckades med att bilda en stabil regering, och hans populistparti gick kraftigt tillbaka. I st\u00e4llet gick ett <a href=\"https:\/\/www.dn.se\/varlden\/usa-utbildade-affarsman-vann-valet-i-bulgarien\/\">alldeles n<\/a>ybildat mitteninriktat och EU-v\u00e4nligt parti (PP) lett av tvp Harvardutbildade ekonomer fram och blev st\u00f6rsta parti med en fj\u00e4rdedel av r\u00f6sterna. Partiet heter Vi forts\u00e4tter f\u00f6r\u00e4ndringen och de utlovar krafttag mot korruptionen.<\/p>\n\n\n\n<p>Det beh\u00f6vs, men blir sv\u00e5rt. F\u00f6ruts\u00e4ttningarna kan dock vara b\u00e4ttre med PP:s ledare \u00e4n n\u00e4r protesterna leddes en populistisk k\u00e4ndis.<\/p>\n\n\n\n<p>Med utbredd korruption kan de traditionella partierna misst\u00e4nkas vara inblandade. Men ledare f\u00f6r &#8220;rensa upp i tr\u00e4sket&#8221;-partier beh\u00f6ver inte h\u00e5lla vad de lovar. Exempel finns (som Trump i USA och Lukasjenko i Belarus) p\u00e5 personer som lovat bek\u00e4mpa korruption men sj\u00e4lva visat sig vara en del av problemet snarare \u00e4n l\u00f6sningen.<\/p>\n\n\n\n<p>Demokratiska och folkliga partier \u00e4r mycket viktiga f\u00f6r att f\u00e5 en vital demokrati. Men de \u00e4r sv\u00e5ra att skapa i l\u00e4nder utan et demokratisk tradition. Ocks\u00e5 i etablerade demokratier tappar partier medlemmar och de m\u00f6ts av \u00f6kad misstro. Det \u00f6kar utrymmet f\u00f6r demagoger och misstro mot det demokratiska systemet.<\/p>\n","protected":false},"excerpt":{"rendered":"<p>I november 2021 gick Bulgarien till val f\u00f6r tredje g\u00e5ngen. Den h\u00e4r g\u00e5ngen var det b\u00e5de president- och parlamentsval. Sittande presidenten Rumen Radev, st\u00f6dd av en bred koalition av partier fick 49 procent i f\u00f6rsta valomg\u00e5ngen och kommer att vinna den andra. Valdeltagandet var l\u00e5gt, knappt 40 procent i b\u00e5da valen. Det \u00e4r inte konstigt. [&hellip;]<\/p>\n","protected":false},"author":1,"featured_media":0,"comment_status":"open","ping_status":"closed","sticky":false,"template":"","format":"standard","meta":{"_jetpack_memberships_contains_paid_content":false,"footnotes":""},"categories":[10],"tags":[],"class_list":["post-258","post","type-post","status-publish","format-standard","hentry","category-allman-inlagg"],"yoast_head":"<!-- This site is optimized with the Yoast SEO plugin v27.2 - https:\/\/yoast.com\/product\/yoast-seo-wordpress\/ -->\n<title>Tredje g\u00e5ngen gillt i Bulgarien? - Richard Appelbom<\/title>\n<meta name=\"description\" content=\"Bulgarien har problem med korruption och politiska l\u00e5sningar. Kanske kan \u00e4nd\u00e5 det bli tredjeg\u00e5ngen gillt efter novembervalet\" \/>\n<meta name=\"robots\" content=\"index, follow, max-snippet:-1, max-image-preview:large, max-video-preview:-1\" \/>\n<link rel=\"canonical\" href=\"https:\/\/www.richardappelbom.se\/index.php\/2021\/11\/16\/tredje-gangen-gillt-i-bulgarien\/\" \/>\n<meta property=\"og:locale\" content=\"en_US\" \/>\n<meta property=\"og:type\" content=\"article\" \/>\n<meta property=\"og:title\" content=\"Tredje g\u00e5ngen gillt i Bulgarien? - Richard Appelbom\" \/>\n<meta property=\"og:description\" content=\"Bulgarien har problem med korruption och politiska l\u00e5sningar. Kanske kan \u00e4nd\u00e5 det bli tredjeg\u00e5ngen gillt efter novembervalet\" \/>\n<meta property=\"og:url\" content=\"https:\/\/www.richardappelbom.se\/index.php\/2021\/11\/16\/tredje-gangen-gillt-i-bulgarien\/\" \/>\n<meta property=\"og:site_name\" content=\"Richard Appelbom\" \/>\n<meta property=\"article:publisher\" content=\"https:\/\/www.facebook.com\/rappelbom\" \/>\n<meta property=\"article:author\" content=\"https:\/\/www.facebook.com\/rappelbom\" \/>\n<meta property=\"article:published_time\" content=\"2021-11-16T13:24:20+00:00\" \/>\n<meta property=\"article:modified_time\" content=\"2021-11-16T13:24:21+00:00\" \/>\n<meta property=\"og:image\" content=\"https:\/\/www.richardappelbom.se\/wp-content\/uploads\/2021\/11\/borisov-bulgarien.jpg\" \/>\n<meta name=\"author\" content=\"admin\" \/>\n<meta name=\"twitter:card\" content=\"summary_large_image\" \/>\n<meta name=\"twitter:creator\" content=\"@RichardAppelbom\" \/>\n<meta name=\"twitter:site\" content=\"@RichardAppelbom\" \/>\n<meta name=\"twitter:label1\" content=\"Written by\" \/>\n\t<meta name=\"twitter:data1\" content=\"admin\" \/>\n\t<meta name=\"twitter:label2\" content=\"Est. reading time\" \/>\n\t<meta name=\"twitter:data2\" content=\"2 minutes\" \/>\n<script type=\"application\/ld+json\" class=\"yoast-schema-graph\">{\"@context\":\"https:\/\/schema.org\",\"@graph\":[{\"@type\":\"Article\",\"@id\":\"https:\/\/www.richardappelbom.se\/index.php\/2021\/11\/16\/tredje-gangen-gillt-i-bulgarien\/#article\",\"isPartOf\":{\"@id\":\"https:\/\/www.richardappelbom.se\/index.php\/2021\/11\/16\/tredje-gangen-gillt-i-bulgarien\/\"},\"author\":{\"name\":\"admin\",\"@id\":\"https:\/\/www.richardappelbom.se\/#\/schema\/person\/98f55ffd095155d902e585f10999a15d\"},\"headline\":\"Tredje g\u00e5ngen gillt i Bulgarien?\",\"datePublished\":\"2021-11-16T13:24:20+00:00\",\"dateModified\":\"2021-11-16T13:24:21+00:00\",\"mainEntityOfPage\":{\"@id\":\"https:\/\/www.richardappelbom.se\/index.php\/2021\/11\/16\/tredje-gangen-gillt-i-bulgarien\/\"},\"wordCount\":405,\"commentCount\":0,\"image\":{\"@id\":\"https:\/\/www.richardappelbom.se\/index.php\/2021\/11\/16\/tredje-gangen-gillt-i-bulgarien\/#primaryimage\"},\"thumbnailUrl\":\"https:\/\/www.richardappelbom.se\/wp-content\/uploads\/2021\/11\/borisov-bulgarien.jpg\",\"articleSection\":[\"Allm\u00e4n Posts\"],\"inLanguage\":\"en-US\",\"potentialAction\":[{\"@type\":\"CommentAction\",\"name\":\"Comment\",\"target\":[\"https:\/\/www.richardappelbom.se\/index.php\/2021\/11\/16\/tredje-gangen-gillt-i-bulgarien\/#respond\"]}]},{\"@type\":\"WebPage\",\"@id\":\"https:\/\/www.richardappelbom.se\/index.php\/2021\/11\/16\/tredje-gangen-gillt-i-bulgarien\/\",\"url\":\"https:\/\/www.richardappelbom.se\/index.php\/2021\/11\/16\/tredje-gangen-gillt-i-bulgarien\/\",\"name\":\"Tredje g\u00e5ngen gillt i Bulgarien? - Richard Appelbom\",\"isPartOf\":{\"@id\":\"https:\/\/www.richardappelbom.se\/#website\"},\"primaryImageOfPage\":{\"@id\":\"https:\/\/www.richardappelbom.se\/index.php\/2021\/11\/16\/tredje-gangen-gillt-i-bulgarien\/#primaryimage\"},\"image\":{\"@id\":\"https:\/\/www.richardappelbom.se\/index.php\/2021\/11\/16\/tredje-gangen-gillt-i-bulgarien\/#primaryimage\"},\"thumbnailUrl\":\"https:\/\/www.richardappelbom.se\/wp-content\/uploads\/2021\/11\/borisov-bulgarien.jpg\",\"datePublished\":\"2021-11-16T13:24:20+00:00\",\"dateModified\":\"2021-11-16T13:24:21+00:00\",\"author\":{\"@id\":\"https:\/\/www.richardappelbom.se\/#\/schema\/person\/98f55ffd095155d902e585f10999a15d\"},\"description\":\"Bulgarien har problem med korruption och politiska l\u00e5sningar. Kanske kan \u00e4nd\u00e5 det bli tredjeg\u00e5ngen gillt efter novembervalet\",\"breadcrumb\":{\"@id\":\"https:\/\/www.richardappelbom.se\/index.php\/2021\/11\/16\/tredje-gangen-gillt-i-bulgarien\/#breadcrumb\"},\"inLanguage\":\"en-US\",\"potentialAction\":[{\"@type\":\"ReadAction\",\"target\":[\"https:\/\/www.richardappelbom.se\/index.php\/2021\/11\/16\/tredje-gangen-gillt-i-bulgarien\/\"]}]},{\"@type\":\"ImageObject\",\"inLanguage\":\"en-US\",\"@id\":\"https:\/\/www.richardappelbom.se\/index.php\/2021\/11\/16\/tredje-gangen-gillt-i-bulgarien\/#primaryimage\",\"url\":\"https:\/\/www.richardappelbom.se\/wp-content\/uploads\/2021\/11\/borisov-bulgarien.jpg\",\"contentUrl\":\"https:\/\/www.richardappelbom.se\/wp-content\/uploads\/2021\/11\/borisov-bulgarien.jpg\",\"width\":1024,\"height\":768},{\"@type\":\"BreadcrumbList\",\"@id\":\"https:\/\/www.richardappelbom.se\/index.php\/2021\/11\/16\/tredje-gangen-gillt-i-bulgarien\/#breadcrumb\",\"itemListElement\":[{\"@type\":\"ListItem\",\"position\":1,\"name\":\"Home\",\"item\":\"https:\/\/www.richardappelbom.se\/\"},{\"@type\":\"ListItem\",\"position\":2,\"name\":\"Tredje g\u00e5ngen gillt i Bulgarien?\"}]},{\"@type\":\"WebSite\",\"@id\":\"https:\/\/www.richardappelbom.se\/#website\",\"url\":\"https:\/\/www.richardappelbom.se\/\",\"name\":\"Richard Appelbom\",\"description\":\"En blogg om val och valsystem\",\"potentialAction\":[{\"@type\":\"SearchAction\",\"target\":{\"@type\":\"EntryPoint\",\"urlTemplate\":\"https:\/\/www.richardappelbom.se\/?s={search_term_string}\"},\"query-input\":{\"@type\":\"PropertyValueSpecification\",\"valueRequired\":true,\"valueName\":\"search_term_string\"}}],\"inLanguage\":\"en-US\"},{\"@type\":\"Person\",\"@id\":\"https:\/\/www.richardappelbom.se\/#\/schema\/person\/98f55ffd095155d902e585f10999a15d\",\"name\":\"admin\",\"image\":{\"@type\":\"ImageObject\",\"inLanguage\":\"en-US\",\"@id\":\"https:\/\/secure.gravatar.com\/avatar\/480edd36f6cc3945e6b2db9fdc6f78df2a3fb98b7b27925b8d810863cfa537e7?s=96&d=mm&r=g\",\"url\":\"https:\/\/secure.gravatar.com\/avatar\/480edd36f6cc3945e6b2db9fdc6f78df2a3fb98b7b27925b8d810863cfa537e7?s=96&d=mm&r=g\",\"contentUrl\":\"https:\/\/secure.gravatar.com\/avatar\/480edd36f6cc3945e6b2db9fdc6f78df2a3fb98b7b27925b8d810863cfa537e7?s=96&d=mm&r=g\",\"caption\":\"admin\"},\"sameAs\":[\"https:\/\/www.facebook.com\/rappelbom\",\"https:\/\/twitter.com\/RichardAppelbom\"],\"url\":\"https:\/\/www.richardappelbom.se\/index.php\/author\/ra_j9l6616t\/\"}]}<\/script>\n<!-- \/ Yoast SEO plugin. -->","yoast_head_json":{"title":"Tredje g\u00e5ngen gillt i Bulgarien? - Richard Appelbom","description":"Bulgarien har problem med korruption och politiska l\u00e5sningar. Kanske kan \u00e4nd\u00e5 det bli tredjeg\u00e5ngen gillt efter novembervalet","robots":{"index":"index","follow":"follow","max-snippet":"max-snippet:-1","max-image-preview":"max-image-preview:large","max-video-preview":"max-video-preview:-1"},"canonical":"https:\/\/www.richardappelbom.se\/index.php\/2021\/11\/16\/tredje-gangen-gillt-i-bulgarien\/","og_locale":"en_US","og_type":"article","og_title":"Tredje g\u00e5ngen gillt i Bulgarien? - Richard Appelbom","og_description":"Bulgarien har problem med korruption och politiska l\u00e5sningar. Kanske kan \u00e4nd\u00e5 det bli tredjeg\u00e5ngen gillt efter novembervalet","og_url":"https:\/\/www.richardappelbom.se\/index.php\/2021\/11\/16\/tredje-gangen-gillt-i-bulgarien\/","og_site_name":"Richard Appelbom","article_publisher":"https:\/\/www.facebook.com\/rappelbom","article_author":"https:\/\/www.facebook.com\/rappelbom","article_published_time":"2021-11-16T13:24:20+00:00","article_modified_time":"2021-11-16T13:24:21+00:00","og_image":[{"url":"https:\/\/www.richardappelbom.se\/wp-content\/uploads\/2021\/11\/borisov-bulgarien.jpg","type":"","width":"","height":""}],"author":"admin","twitter_card":"summary_large_image","twitter_creator":"@RichardAppelbom","twitter_site":"@RichardAppelbom","twitter_misc":{"Written by":"admin","Est. reading time":"2 minutes"},"schema":{"@context":"https:\/\/schema.org","@graph":[{"@type":"Article","@id":"https:\/\/www.richardappelbom.se\/index.php\/2021\/11\/16\/tredje-gangen-gillt-i-bulgarien\/#article","isPartOf":{"@id":"https:\/\/www.richardappelbom.se\/index.php\/2021\/11\/16\/tredje-gangen-gillt-i-bulgarien\/"},"author":{"name":"admin","@id":"https:\/\/www.richardappelbom.se\/#\/schema\/person\/98f55ffd095155d902e585f10999a15d"},"headline":"Tredje g\u00e5ngen gillt i Bulgarien?","datePublished":"2021-11-16T13:24:20+00:00","dateModified":"2021-11-16T13:24:21+00:00","mainEntityOfPage":{"@id":"https:\/\/www.richardappelbom.se\/index.php\/2021\/11\/16\/tredje-gangen-gillt-i-bulgarien\/"},"wordCount":405,"commentCount":0,"image":{"@id":"https:\/\/www.richardappelbom.se\/index.php\/2021\/11\/16\/tredje-gangen-gillt-i-bulgarien\/#primaryimage"},"thumbnailUrl":"https:\/\/www.richardappelbom.se\/wp-content\/uploads\/2021\/11\/borisov-bulgarien.jpg","articleSection":["Allm\u00e4n Posts"],"inLanguage":"en-US","potentialAction":[{"@type":"CommentAction","name":"Comment","target":["https:\/\/www.richardappelbom.se\/index.php\/2021\/11\/16\/tredje-gangen-gillt-i-bulgarien\/#respond"]}]},{"@type":"WebPage","@id":"https:\/\/www.richardappelbom.se\/index.php\/2021\/11\/16\/tredje-gangen-gillt-i-bulgarien\/","url":"https:\/\/www.richardappelbom.se\/index.php\/2021\/11\/16\/tredje-gangen-gillt-i-bulgarien\/","name":"Tredje g\u00e5ngen gillt i Bulgarien? - Richard Appelbom","isPartOf":{"@id":"https:\/\/www.richardappelbom.se\/#website"},"primaryImageOfPage":{"@id":"https:\/\/www.richardappelbom.se\/index.php\/2021\/11\/16\/tredje-gangen-gillt-i-bulgarien\/#primaryimage"},"image":{"@id":"https:\/\/www.richardappelbom.se\/index.php\/2021\/11\/16\/tredje-gangen-gillt-i-bulgarien\/#primaryimage"},"thumbnailUrl":"https:\/\/www.richardappelbom.se\/wp-content\/uploads\/2021\/11\/borisov-bulgarien.jpg","datePublished":"2021-11-16T13:24:20+00:00","dateModified":"2021-11-16T13:24:21+00:00","author":{"@id":"https:\/\/www.richardappelbom.se\/#\/schema\/person\/98f55ffd095155d902e585f10999a15d"},"description":"Bulgarien har problem med korruption och politiska l\u00e5sningar. Kanske kan \u00e4nd\u00e5 det bli tredjeg\u00e5ngen gillt efter novembervalet","breadcrumb":{"@id":"https:\/\/www.richardappelbom.se\/index.php\/2021\/11\/16\/tredje-gangen-gillt-i-bulgarien\/#breadcrumb"},"inLanguage":"en-US","potentialAction":[{"@type":"ReadAction","target":["https:\/\/www.richardappelbom.se\/index.php\/2021\/11\/16\/tredje-gangen-gillt-i-bulgarien\/"]}]},{"@type":"ImageObject","inLanguage":"en-US","@id":"https:\/\/www.richardappelbom.se\/index.php\/2021\/11\/16\/tredje-gangen-gillt-i-bulgarien\/#primaryimage","url":"https:\/\/www.richardappelbom.se\/wp-content\/uploads\/2021\/11\/borisov-bulgarien.jpg","contentUrl":"https:\/\/www.richardappelbom.se\/wp-content\/uploads\/2021\/11\/borisov-bulgarien.jpg","width":1024,"height":768},{"@type":"BreadcrumbList","@id":"https:\/\/www.richardappelbom.se\/index.php\/2021\/11\/16\/tredje-gangen-gillt-i-bulgarien\/#breadcrumb","itemListElement":[{"@type":"ListItem","position":1,"name":"Home","item":"https:\/\/www.richardappelbom.se\/"},{"@type":"ListItem","position":2,"name":"Tredje g\u00e5ngen gillt i Bulgarien?"}]},{"@type":"WebSite","@id":"https:\/\/www.richardappelbom.se\/#website","url":"https:\/\/www.richardappelbom.se\/","name":"Richard Appelbom","description":"En blogg om val och valsystem","potentialAction":[{"@type":"SearchAction","target":{"@type":"EntryPoint","urlTemplate":"https:\/\/www.richardappelbom.se\/?s={search_term_string}"},"query-input":{"@type":"PropertyValueSpecification","valueRequired":true,"valueName":"search_term_string"}}],"inLanguage":"en-US"},{"@type":"Person","@id":"https:\/\/www.richardappelbom.se\/#\/schema\/person\/98f55ffd095155d902e585f10999a15d","name":"admin","image":{"@type":"ImageObject","inLanguage":"en-US","@id":"https:\/\/secure.gravatar.com\/avatar\/480edd36f6cc3945e6b2db9fdc6f78df2a3fb98b7b27925b8d810863cfa537e7?s=96&d=mm&r=g","url":"https:\/\/secure.gravatar.com\/avatar\/480edd36f6cc3945e6b2db9fdc6f78df2a3fb98b7b27925b8d810863cfa537e7?s=96&d=mm&r=g","contentUrl":"https:\/\/secure.gravatar.com\/avatar\/480edd36f6cc3945e6b2db9fdc6f78df2a3fb98b7b27925b8d810863cfa537e7?s=96&d=mm&r=g","caption":"admin"},"sameAs":["https:\/\/www.facebook.com\/rappelbom","https:\/\/twitter.com\/RichardAppelbom"],"url":"https:\/\/www.richardappelbom.se\/index.php\/author\/ra_j9l6616t\/"}]}},"jetpack_featured_media_url":"","jetpack_sharing_enabled":true,"_links":{"self":[{"href":"https:\/\/www.richardappelbom.se\/index.php\/wp-json\/wp\/v2\/posts\/258","targetHints":{"allow":["GET"]}}],"collection":[{"href":"https:\/\/www.richardappelbom.se\/index.php\/wp-json\/wp\/v2\/posts"}],"about":[{"href":"https:\/\/www.richardappelbom.se\/index.php\/wp-json\/wp\/v2\/types\/post"}],"author":[{"embeddable":true,"href":"https:\/\/www.richardappelbom.se\/index.php\/wp-json\/wp\/v2\/users\/1"}],"replies":[{"embeddable":true,"href":"https:\/\/www.richardappelbom.se\/index.php\/wp-json\/wp\/v2\/comments?post=258"}],"version-history":[{"count":1,"href":"https:\/\/www.richardappelbom.se\/index.php\/wp-json\/wp\/v2\/posts\/258\/revisions"}],"predecessor-version":[{"id":260,"href":"https:\/\/www.richardappelbom.se\/index.php\/wp-json\/wp\/v2\/posts\/258\/revisions\/260"}],"wp:attachment":[{"href":"https:\/\/www.richardappelbom.se\/index.php\/wp-json\/wp\/v2\/media?parent=258"}],"wp:term":[{"taxonomy":"category","embeddable":true,"href":"https:\/\/www.richardappelbom.se\/index.php\/wp-json\/wp\/v2\/categories?post=258"},{"taxonomy":"post_tag","embeddable":true,"href":"https:\/\/www.richardappelbom.se\/index.php\/wp-json\/wp\/v2\/tags?post=258"}],"curies":[{"name":"wp","href":"https:\/\/api.w.org\/{rel}","templated":true}]}}