{"id":261,"date":"2021-11-17T13:12:39","date_gmt":"2021-11-17T13:12:39","guid":{"rendered":"https:\/\/www.richardappelbom.se\/?p=261"},"modified":"2021-11-18T16:28:29","modified_gmt":"2021-11-18T16:28:29","slug":"storstadsvarning-till-danska-socialdemokraterna","status":"publish","type":"post","link":"https:\/\/www.richardappelbom.se\/index.php\/2021\/11\/17\/storstadsvarning-till-danska-socialdemokraterna\/","title":{"rendered":"Storstadsvarning till danska Socialdemokraterna"},"content":{"rendered":"\n<figure class=\"wp-block-image size-full is-resized\"><img loading=\"lazy\" decoding=\"async\" src=\"https:\/\/www.richardappelbom.se\/wp-content\/uploads\/2021\/11\/mette-fredriksen.jpg\" alt=\"\" class=\"wp-image-262\" width=\"688\" height=\"458\"\/><figcaption>Danmarks statsminister Mette Fredriksen (S)<\/figcaption><\/figure>\n\n\n\n<p>Danmark har skilda valdagar f\u00f6r folketings- respektive region- och kommunval. I Sverige har vi gemensam valdag sedan 1970. Huvudargumentet f\u00f6r skilda valdagar \u00e4r att det ger st\u00f6rre utrymme f\u00f6r lokala fr\u00e5gor, huvudargumenten mot \u00e4r att valdeltagandet blir l\u00e4gre och att v\u00e4ljarna kan utnyttja tillf\u00e4llet att protestr\u00f6sta mot regeringen i st\u00e4llet f\u00f6r att f\u00f6lja lokala fr\u00e5gor.<\/p>\n\n\n\n<p>\u00c5rets danska <a href=\"https:\/\/www.dr.dk\/nyheder\/webfeature\/kv2021\">region- och kommunval <\/a>gav st\u00f6d f\u00f6r alla argumenten. Valdeltagandet var bara 67,2 procent, ett av de l\u00e4gsta j\u00e4mf\u00f6rt med andra kommunval och betydligt l\u00e4gre \u00e4n senaste folketingsvalet. Partier med goda<a href=\"https:\/\/www.berlingske.dk\/barometeret\"> nationella opinionssiffror gick ofta fram<\/a>. Men valvinden bl\u00e5ste inte entydigt, lokala fr\u00e5gor och lokala politiker p\u00e5verkade utg\u00e5ngen p\u00e5 m\u00e5nga h\u00e5ll. F\u00f6r egen del anser jag att argumenten f\u00f6r skilda valdagar \u00f6verv\u00e4ger, ett viktigt sk\u00e4l i Sverige \u00e4r ocks\u00e5 att det annars blir l\u00e5ngt mellan valen, vilket kan minska politiskt intresse och f\u00f6rsv\u00e5ra f\u00f6r partierna att n\u00e5 ut<\/p>\n\n\n\n<p>P\u00e5  TV:s valvaka talades det mycket om vem som i olika kommuner blir borgm\u00e4stare, vad som motsvarar kommunstyrelsens ordf\u00f6rande i Sverige. Det \u00e4r p\u00e5 m\u00e5nga h\u00e5ll den enda heltidsanst\u00e4llde politikern, och d\u00e4rf\u00f6r betydelsefullt.<\/p>\n\n\n\n<p>I Danmark verkar f\u00f6rhandlingarna om vem som ska bli borgm\u00e4stare f\u00f6ras under valnatten. P\u00e5 morgonen var enligt Danmarks Radio 89 av 98 borgm\u00e4stare redan utsedda. Partierna verkar ha en mycket pragmatisk och samarbetsvillig inst\u00e4llning och kan snabbt enas om vilka som ska styra. .<\/p>\n\n\n\n<p>Rikstrenden var samtidigt tydlig, Konservative, ett traditionellt pragmatiskt h\u00f6gerparti och som varit starkast p\u00e5 Sj\u00e4lland, gick fram i alla 98 kommuner. Partiet har under flera \u00e5r varit svagt, men har nu g\u00e5tt fram nationellt samtidigt som det andra st\u00f6rre borgerliga partiet Venstre har tappat. Partiet gick tillbaka i kommunvalet, men mindre \u00e4n v\u00e4ntat, nog beroende p\u00e5 stark lokal f\u00f6rankring i stora delar av Danmark.<\/p>\n\n\n\n<p>H\u00f6gerpopulistiska Danske folkepartis  kr\u00e4ftg\u00e5ng fortsatte, DF minskade i alla kommuner. Likaledes invandringskritiska Nye Borgerlige gjorde d\u00e4remot ett bra val, partiet \u00e4r ganska nytt och fanns knappt vid f\u00f6rra kommunvalet.<\/p>\n\n\n\n<p>De regerande Socialdemokraterna gjorde ett d\u00e5ligt val. Inte j\u00e4mf\u00f6rt med nationella opinionsm\u00e4tningar, S fick 28,5 mot drygt 27 i m\u00e4tningarna. Men j\u00e4mf\u00f6rt med f\u00f6rra kommunalvalet d\u00e5 <a href=\"https:\/\/politiken.dk\/indland\/politik\/kommunalvalg\/art8480002\/DF-kollapsede-S-tabte-storbyerne-og-Konservative-kuppede-Venstre\">S fick drygt  32 procent<\/a>, var det en klar tillbakag\u00e5ng. <a href=\"https:\/\/www.dr.dk\/nyheder\/politik\/kommunalvalg\/socialdemokratiet-lider-store-nederlag-paa-mette-frederiksens\">S gick d\u00e5ligt<\/a> i statsminister Mette Fredriksens hemtrakter Nordjylland, vilket f\u00f6rklarades med missn\u00f6je \u00f6ver masslakten av minkar under Coronapandemin.<\/p>\n\n\n\n<p>Annars var det fr\u00e4mst i storst\u00e4der som S gick tillbaka. Samma tendens fanns i f\u00f6rra folketingsvalet. Fredriksens h\u00e5rda ton om migration och v\u00e4rnande om arbetarv\u00e4ljares v\u00e4lf\u00e4rd ledde till att S \u00e5tervann v\u00e4ljare fr\u00e5n Dansk folkeparti, men f\u00f6rlorade till &#8220;mjukare&#8221; partier i storst\u00e4der. Det var den h\u00e4r g\u00e5ngen <a href=\"https:\/\/www.dr.dk\/nyheder\/politik\/resultater\/kommunalvalg\/kommune\/K%C3%B8benhavn\">s\u00e4rskilt tydligt i K\u00f6penhamn,<\/a> d\u00e4r S inte blev st\u00f6rsta parti efter en kraftig tillbakag\u00e5ng till 17,3 procent.<\/p>\n\n\n\n<p>Enhetslistan, ett koalition av marxistiska och kommunistiska grupper, numera blandat med gr\u00f6na krav, fick hela 24,6 procent av r\u00f6sterna. Socialliberala Radikale hade d\u00e4rut\u00f6ver 12 procent och Socialistisk folkeparti (V:s systerparti) 11 procent. De tv\u00e5 h\u00f6gerpopulistiska partierna DF och Nye Borgerliga fick 4 procent tillsammans.<\/p>\n\n\n\n<p>Skillnaden i v\u00e4ljark\u00e5ren mellan storst\u00e4der och \u00f6vriga landet \u00e4r tydlig i land efter land, &#8220;mjukv\u00e4nstern&#8221; \u00e4r starkare och h\u00f6gerpopulister svagare i metropoler som K\u00f6penhamn och Stockholm. P\u00e5 sikt kan det ge danska S bekymmer om de forts\u00e4tter med dagens politik.<\/p>\n","protected":false},"excerpt":{"rendered":"<p>Danmark har skilda valdagar f\u00f6r folketings- respektive region- och kommunval. I Sverige har vi gemensam valdag sedan 1970. Huvudargumentet f\u00f6r skilda valdagar \u00e4r att det ger st\u00f6rre utrymme f\u00f6r lokala fr\u00e5gor, huvudargumenten mot \u00e4r att valdeltagandet blir l\u00e4gre och att v\u00e4ljarna kan utnyttja tillf\u00e4llet att protestr\u00f6sta mot regeringen i st\u00e4llet f\u00f6r att f\u00f6lja lokala fr\u00e5gor. [&hellip;]<\/p>\n","protected":false},"author":1,"featured_media":0,"comment_status":"open","ping_status":"closed","sticky":false,"template":"","format":"standard","meta":{"_jetpack_memberships_contains_paid_content":false,"footnotes":""},"categories":[10],"tags":[],"class_list":["post-261","post","type-post","status-publish","format-standard","hentry","category-allman-inlagg"],"yoast_head":"<!-- This site is optimized with the Yoast SEO plugin v27.2 - https:\/\/yoast.com\/product\/yoast-seo-wordpress\/ -->\n<title>Storstadsvarning till danska Socialdemokraterna - Richard Appelbom<\/title>\n<meta name=\"description\" content=\"Lokala fr\u00e5gor var viktiga i danska kommunvalen, men rikstrenden m\u00e4rktes ocks\u00e5. Danska S tappade i storst\u00e4der s\u00e4rskilt i K\u00f6penhamn.\" \/>\n<meta name=\"robots\" content=\"index, follow, max-snippet:-1, max-image-preview:large, max-video-preview:-1\" \/>\n<link rel=\"canonical\" href=\"https:\/\/www.richardappelbom.se\/index.php\/2021\/11\/17\/storstadsvarning-till-danska-socialdemokraterna\/\" \/>\n<meta property=\"og:locale\" content=\"en_US\" \/>\n<meta property=\"og:type\" content=\"article\" \/>\n<meta property=\"og:title\" content=\"Storstadsvarning till danska Socialdemokraterna - Richard Appelbom\" \/>\n<meta property=\"og:description\" content=\"Lokala fr\u00e5gor var viktiga i danska kommunvalen, men rikstrenden m\u00e4rktes ocks\u00e5. Danska S tappade i storst\u00e4der s\u00e4rskilt i K\u00f6penhamn.\" \/>\n<meta property=\"og:url\" content=\"https:\/\/www.richardappelbom.se\/index.php\/2021\/11\/17\/storstadsvarning-till-danska-socialdemokraterna\/\" \/>\n<meta property=\"og:site_name\" content=\"Richard Appelbom\" \/>\n<meta property=\"article:publisher\" content=\"https:\/\/www.facebook.com\/rappelbom\" \/>\n<meta property=\"article:author\" content=\"https:\/\/www.facebook.com\/rappelbom\" \/>\n<meta property=\"article:published_time\" content=\"2021-11-17T13:12:39+00:00\" \/>\n<meta property=\"article:modified_time\" content=\"2021-11-18T16:28:29+00:00\" \/>\n<meta property=\"og:image\" content=\"https:\/\/www.richardappelbom.se\/wp-content\/uploads\/2021\/11\/mette-fredriksen.jpg\" \/>\n<meta name=\"author\" content=\"admin\" \/>\n<meta name=\"twitter:card\" content=\"summary_large_image\" \/>\n<meta name=\"twitter:creator\" content=\"@RichardAppelbom\" \/>\n<meta name=\"twitter:site\" content=\"@RichardAppelbom\" \/>\n<meta name=\"twitter:label1\" content=\"Written by\" \/>\n\t<meta name=\"twitter:data1\" content=\"admin\" \/>\n\t<meta name=\"twitter:label2\" content=\"Est. reading time\" \/>\n\t<meta name=\"twitter:data2\" content=\"3 minutes\" \/>\n<script type=\"application\/ld+json\" class=\"yoast-schema-graph\">{\"@context\":\"https:\/\/schema.org\",\"@graph\":[{\"@type\":\"Article\",\"@id\":\"https:\/\/www.richardappelbom.se\/index.php\/2021\/11\/17\/storstadsvarning-till-danska-socialdemokraterna\/#article\",\"isPartOf\":{\"@id\":\"https:\/\/www.richardappelbom.se\/index.php\/2021\/11\/17\/storstadsvarning-till-danska-socialdemokraterna\/\"},\"author\":{\"name\":\"admin\",\"@id\":\"https:\/\/www.richardappelbom.se\/#\/schema\/person\/98f55ffd095155d902e585f10999a15d\"},\"headline\":\"Storstadsvarning till danska Socialdemokraterna\",\"datePublished\":\"2021-11-17T13:12:39+00:00\",\"dateModified\":\"2021-11-18T16:28:29+00:00\",\"mainEntityOfPage\":{\"@id\":\"https:\/\/www.richardappelbom.se\/index.php\/2021\/11\/17\/storstadsvarning-till-danska-socialdemokraterna\/\"},\"wordCount\":613,\"commentCount\":0,\"image\":{\"@id\":\"https:\/\/www.richardappelbom.se\/index.php\/2021\/11\/17\/storstadsvarning-till-danska-socialdemokraterna\/#primaryimage\"},\"thumbnailUrl\":\"https:\/\/www.richardappelbom.se\/wp-content\/uploads\/2021\/11\/mette-fredriksen.jpg\",\"articleSection\":[\"Allm\u00e4n Posts\"],\"inLanguage\":\"en-US\",\"potentialAction\":[{\"@type\":\"CommentAction\",\"name\":\"Comment\",\"target\":[\"https:\/\/www.richardappelbom.se\/index.php\/2021\/11\/17\/storstadsvarning-till-danska-socialdemokraterna\/#respond\"]}]},{\"@type\":\"WebPage\",\"@id\":\"https:\/\/www.richardappelbom.se\/index.php\/2021\/11\/17\/storstadsvarning-till-danska-socialdemokraterna\/\",\"url\":\"https:\/\/www.richardappelbom.se\/index.php\/2021\/11\/17\/storstadsvarning-till-danska-socialdemokraterna\/\",\"name\":\"Storstadsvarning till danska Socialdemokraterna - Richard Appelbom\",\"isPartOf\":{\"@id\":\"https:\/\/www.richardappelbom.se\/#website\"},\"primaryImageOfPage\":{\"@id\":\"https:\/\/www.richardappelbom.se\/index.php\/2021\/11\/17\/storstadsvarning-till-danska-socialdemokraterna\/#primaryimage\"},\"image\":{\"@id\":\"https:\/\/www.richardappelbom.se\/index.php\/2021\/11\/17\/storstadsvarning-till-danska-socialdemokraterna\/#primaryimage\"},\"thumbnailUrl\":\"https:\/\/www.richardappelbom.se\/wp-content\/uploads\/2021\/11\/mette-fredriksen.jpg\",\"datePublished\":\"2021-11-17T13:12:39+00:00\",\"dateModified\":\"2021-11-18T16:28:29+00:00\",\"author\":{\"@id\":\"https:\/\/www.richardappelbom.se\/#\/schema\/person\/98f55ffd095155d902e585f10999a15d\"},\"description\":\"Lokala fr\u00e5gor var viktiga i danska kommunvalen, men rikstrenden m\u00e4rktes ocks\u00e5. Danska S tappade i storst\u00e4der s\u00e4rskilt i K\u00f6penhamn.\",\"breadcrumb\":{\"@id\":\"https:\/\/www.richardappelbom.se\/index.php\/2021\/11\/17\/storstadsvarning-till-danska-socialdemokraterna\/#breadcrumb\"},\"inLanguage\":\"en-US\",\"potentialAction\":[{\"@type\":\"ReadAction\",\"target\":[\"https:\/\/www.richardappelbom.se\/index.php\/2021\/11\/17\/storstadsvarning-till-danska-socialdemokraterna\/\"]}]},{\"@type\":\"ImageObject\",\"inLanguage\":\"en-US\",\"@id\":\"https:\/\/www.richardappelbom.se\/index.php\/2021\/11\/17\/storstadsvarning-till-danska-socialdemokraterna\/#primaryimage\",\"url\":\"https:\/\/www.richardappelbom.se\/wp-content\/uploads\/2021\/11\/mette-fredriksen.jpg\",\"contentUrl\":\"https:\/\/www.richardappelbom.se\/wp-content\/uploads\/2021\/11\/mette-fredriksen.jpg\",\"width\":275,\"height\":183},{\"@type\":\"BreadcrumbList\",\"@id\":\"https:\/\/www.richardappelbom.se\/index.php\/2021\/11\/17\/storstadsvarning-till-danska-socialdemokraterna\/#breadcrumb\",\"itemListElement\":[{\"@type\":\"ListItem\",\"position\":1,\"name\":\"Home\",\"item\":\"https:\/\/www.richardappelbom.se\/\"},{\"@type\":\"ListItem\",\"position\":2,\"name\":\"Storstadsvarning till danska Socialdemokraterna\"}]},{\"@type\":\"WebSite\",\"@id\":\"https:\/\/www.richardappelbom.se\/#website\",\"url\":\"https:\/\/www.richardappelbom.se\/\",\"name\":\"Richard Appelbom\",\"description\":\"En blogg om val och valsystem\",\"potentialAction\":[{\"@type\":\"SearchAction\",\"target\":{\"@type\":\"EntryPoint\",\"urlTemplate\":\"https:\/\/www.richardappelbom.se\/?s={search_term_string}\"},\"query-input\":{\"@type\":\"PropertyValueSpecification\",\"valueRequired\":true,\"valueName\":\"search_term_string\"}}],\"inLanguage\":\"en-US\"},{\"@type\":\"Person\",\"@id\":\"https:\/\/www.richardappelbom.se\/#\/schema\/person\/98f55ffd095155d902e585f10999a15d\",\"name\":\"admin\",\"image\":{\"@type\":\"ImageObject\",\"inLanguage\":\"en-US\",\"@id\":\"https:\/\/secure.gravatar.com\/avatar\/480edd36f6cc3945e6b2db9fdc6f78df2a3fb98b7b27925b8d810863cfa537e7?s=96&d=mm&r=g\",\"url\":\"https:\/\/secure.gravatar.com\/avatar\/480edd36f6cc3945e6b2db9fdc6f78df2a3fb98b7b27925b8d810863cfa537e7?s=96&d=mm&r=g\",\"contentUrl\":\"https:\/\/secure.gravatar.com\/avatar\/480edd36f6cc3945e6b2db9fdc6f78df2a3fb98b7b27925b8d810863cfa537e7?s=96&d=mm&r=g\",\"caption\":\"admin\"},\"sameAs\":[\"https:\/\/www.facebook.com\/rappelbom\",\"https:\/\/twitter.com\/RichardAppelbom\"],\"url\":\"https:\/\/www.richardappelbom.se\/index.php\/author\/ra_j9l6616t\/\"}]}<\/script>\n<!-- \/ Yoast SEO plugin. -->","yoast_head_json":{"title":"Storstadsvarning till danska Socialdemokraterna - Richard Appelbom","description":"Lokala fr\u00e5gor var viktiga i danska kommunvalen, men rikstrenden m\u00e4rktes ocks\u00e5. Danska S tappade i storst\u00e4der s\u00e4rskilt i K\u00f6penhamn.","robots":{"index":"index","follow":"follow","max-snippet":"max-snippet:-1","max-image-preview":"max-image-preview:large","max-video-preview":"max-video-preview:-1"},"canonical":"https:\/\/www.richardappelbom.se\/index.php\/2021\/11\/17\/storstadsvarning-till-danska-socialdemokraterna\/","og_locale":"en_US","og_type":"article","og_title":"Storstadsvarning till danska Socialdemokraterna - Richard Appelbom","og_description":"Lokala fr\u00e5gor var viktiga i danska kommunvalen, men rikstrenden m\u00e4rktes ocks\u00e5. Danska S tappade i storst\u00e4der s\u00e4rskilt i K\u00f6penhamn.","og_url":"https:\/\/www.richardappelbom.se\/index.php\/2021\/11\/17\/storstadsvarning-till-danska-socialdemokraterna\/","og_site_name":"Richard Appelbom","article_publisher":"https:\/\/www.facebook.com\/rappelbom","article_author":"https:\/\/www.facebook.com\/rappelbom","article_published_time":"2021-11-17T13:12:39+00:00","article_modified_time":"2021-11-18T16:28:29+00:00","og_image":[{"url":"https:\/\/www.richardappelbom.se\/wp-content\/uploads\/2021\/11\/mette-fredriksen.jpg","type":"","width":"","height":""}],"author":"admin","twitter_card":"summary_large_image","twitter_creator":"@RichardAppelbom","twitter_site":"@RichardAppelbom","twitter_misc":{"Written by":"admin","Est. reading time":"3 minutes"},"schema":{"@context":"https:\/\/schema.org","@graph":[{"@type":"Article","@id":"https:\/\/www.richardappelbom.se\/index.php\/2021\/11\/17\/storstadsvarning-till-danska-socialdemokraterna\/#article","isPartOf":{"@id":"https:\/\/www.richardappelbom.se\/index.php\/2021\/11\/17\/storstadsvarning-till-danska-socialdemokraterna\/"},"author":{"name":"admin","@id":"https:\/\/www.richardappelbom.se\/#\/schema\/person\/98f55ffd095155d902e585f10999a15d"},"headline":"Storstadsvarning till danska Socialdemokraterna","datePublished":"2021-11-17T13:12:39+00:00","dateModified":"2021-11-18T16:28:29+00:00","mainEntityOfPage":{"@id":"https:\/\/www.richardappelbom.se\/index.php\/2021\/11\/17\/storstadsvarning-till-danska-socialdemokraterna\/"},"wordCount":613,"commentCount":0,"image":{"@id":"https:\/\/www.richardappelbom.se\/index.php\/2021\/11\/17\/storstadsvarning-till-danska-socialdemokraterna\/#primaryimage"},"thumbnailUrl":"https:\/\/www.richardappelbom.se\/wp-content\/uploads\/2021\/11\/mette-fredriksen.jpg","articleSection":["Allm\u00e4n Posts"],"inLanguage":"en-US","potentialAction":[{"@type":"CommentAction","name":"Comment","target":["https:\/\/www.richardappelbom.se\/index.php\/2021\/11\/17\/storstadsvarning-till-danska-socialdemokraterna\/#respond"]}]},{"@type":"WebPage","@id":"https:\/\/www.richardappelbom.se\/index.php\/2021\/11\/17\/storstadsvarning-till-danska-socialdemokraterna\/","url":"https:\/\/www.richardappelbom.se\/index.php\/2021\/11\/17\/storstadsvarning-till-danska-socialdemokraterna\/","name":"Storstadsvarning till danska Socialdemokraterna - Richard Appelbom","isPartOf":{"@id":"https:\/\/www.richardappelbom.se\/#website"},"primaryImageOfPage":{"@id":"https:\/\/www.richardappelbom.se\/index.php\/2021\/11\/17\/storstadsvarning-till-danska-socialdemokraterna\/#primaryimage"},"image":{"@id":"https:\/\/www.richardappelbom.se\/index.php\/2021\/11\/17\/storstadsvarning-till-danska-socialdemokraterna\/#primaryimage"},"thumbnailUrl":"https:\/\/www.richardappelbom.se\/wp-content\/uploads\/2021\/11\/mette-fredriksen.jpg","datePublished":"2021-11-17T13:12:39+00:00","dateModified":"2021-11-18T16:28:29+00:00","author":{"@id":"https:\/\/www.richardappelbom.se\/#\/schema\/person\/98f55ffd095155d902e585f10999a15d"},"description":"Lokala fr\u00e5gor var viktiga i danska kommunvalen, men rikstrenden m\u00e4rktes ocks\u00e5. Danska S tappade i storst\u00e4der s\u00e4rskilt i K\u00f6penhamn.","breadcrumb":{"@id":"https:\/\/www.richardappelbom.se\/index.php\/2021\/11\/17\/storstadsvarning-till-danska-socialdemokraterna\/#breadcrumb"},"inLanguage":"en-US","potentialAction":[{"@type":"ReadAction","target":["https:\/\/www.richardappelbom.se\/index.php\/2021\/11\/17\/storstadsvarning-till-danska-socialdemokraterna\/"]}]},{"@type":"ImageObject","inLanguage":"en-US","@id":"https:\/\/www.richardappelbom.se\/index.php\/2021\/11\/17\/storstadsvarning-till-danska-socialdemokraterna\/#primaryimage","url":"https:\/\/www.richardappelbom.se\/wp-content\/uploads\/2021\/11\/mette-fredriksen.jpg","contentUrl":"https:\/\/www.richardappelbom.se\/wp-content\/uploads\/2021\/11\/mette-fredriksen.jpg","width":275,"height":183},{"@type":"BreadcrumbList","@id":"https:\/\/www.richardappelbom.se\/index.php\/2021\/11\/17\/storstadsvarning-till-danska-socialdemokraterna\/#breadcrumb","itemListElement":[{"@type":"ListItem","position":1,"name":"Home","item":"https:\/\/www.richardappelbom.se\/"},{"@type":"ListItem","position":2,"name":"Storstadsvarning till danska Socialdemokraterna"}]},{"@type":"WebSite","@id":"https:\/\/www.richardappelbom.se\/#website","url":"https:\/\/www.richardappelbom.se\/","name":"Richard Appelbom","description":"En blogg om val och valsystem","potentialAction":[{"@type":"SearchAction","target":{"@type":"EntryPoint","urlTemplate":"https:\/\/www.richardappelbom.se\/?s={search_term_string}"},"query-input":{"@type":"PropertyValueSpecification","valueRequired":true,"valueName":"search_term_string"}}],"inLanguage":"en-US"},{"@type":"Person","@id":"https:\/\/www.richardappelbom.se\/#\/schema\/person\/98f55ffd095155d902e585f10999a15d","name":"admin","image":{"@type":"ImageObject","inLanguage":"en-US","@id":"https:\/\/secure.gravatar.com\/avatar\/480edd36f6cc3945e6b2db9fdc6f78df2a3fb98b7b27925b8d810863cfa537e7?s=96&d=mm&r=g","url":"https:\/\/secure.gravatar.com\/avatar\/480edd36f6cc3945e6b2db9fdc6f78df2a3fb98b7b27925b8d810863cfa537e7?s=96&d=mm&r=g","contentUrl":"https:\/\/secure.gravatar.com\/avatar\/480edd36f6cc3945e6b2db9fdc6f78df2a3fb98b7b27925b8d810863cfa537e7?s=96&d=mm&r=g","caption":"admin"},"sameAs":["https:\/\/www.facebook.com\/rappelbom","https:\/\/twitter.com\/RichardAppelbom"],"url":"https:\/\/www.richardappelbom.se\/index.php\/author\/ra_j9l6616t\/"}]}},"jetpack_featured_media_url":"","jetpack_sharing_enabled":true,"_links":{"self":[{"href":"https:\/\/www.richardappelbom.se\/index.php\/wp-json\/wp\/v2\/posts\/261","targetHints":{"allow":["GET"]}}],"collection":[{"href":"https:\/\/www.richardappelbom.se\/index.php\/wp-json\/wp\/v2\/posts"}],"about":[{"href":"https:\/\/www.richardappelbom.se\/index.php\/wp-json\/wp\/v2\/types\/post"}],"author":[{"embeddable":true,"href":"https:\/\/www.richardappelbom.se\/index.php\/wp-json\/wp\/v2\/users\/1"}],"replies":[{"embeddable":true,"href":"https:\/\/www.richardappelbom.se\/index.php\/wp-json\/wp\/v2\/comments?post=261"}],"version-history":[{"count":3,"href":"https:\/\/www.richardappelbom.se\/index.php\/wp-json\/wp\/v2\/posts\/261\/revisions"}],"predecessor-version":[{"id":266,"href":"https:\/\/www.richardappelbom.se\/index.php\/wp-json\/wp\/v2\/posts\/261\/revisions\/266"}],"wp:attachment":[{"href":"https:\/\/www.richardappelbom.se\/index.php\/wp-json\/wp\/v2\/media?parent=261"}],"wp:term":[{"taxonomy":"category","embeddable":true,"href":"https:\/\/www.richardappelbom.se\/index.php\/wp-json\/wp\/v2\/categories?post=261"},{"taxonomy":"post_tag","embeddable":true,"href":"https:\/\/www.richardappelbom.se\/index.php\/wp-json\/wp\/v2\/tags?post=261"}],"curies":[{"name":"wp","href":"https:\/\/api.w.org\/{rel}","templated":true}]}}