{"id":268,"date":"2021-12-17T11:29:41","date_gmt":"2021-12-17T11:29:41","guid":{"rendered":"https:\/\/www.richardappelbom.se\/?p=268"},"modified":"2021-12-17T11:29:42","modified_gmt":"2021-12-17T11:29:42","slug":"ar-boris-johnson-pa-fallrepet","status":"publish","type":"post","link":"https:\/\/www.richardappelbom.se\/index.php\/2021\/12\/17\/ar-boris-johnson-pa-fallrepet\/","title":{"rendered":"\u00c4r Boris Johnson p\u00e5 fallrepet?"},"content":{"rendered":"\n<figure class=\"wp-block-image size-full is-resized\"><img loading=\"lazy\" decoding=\"async\" src=\"https:\/\/www.richardappelbom.se\/wp-content\/uploads\/2021\/12\/boris-johnsom.jpg\" alt=\"\" class=\"wp-image-269\" width=\"760\" height=\"506\"\/><figcaption> Det blir ingen &#8220;merry&#8221; Christmas f\u00f6r premi\u00e4rminister Boris Johnson <\/figcaption><\/figure>\n\n\n\n<p>Storbritanniens premi\u00e4rminister Boris Johnson har anledning att dra sig till minnes citatet &#8220;en vecka kan vara en l\u00e5ng tid i politiken&#8221;. Det styrande konservativa Torypartiet f\u00f6rlorade ett fyllnadsval till <a href=\"https:\/\/en.wikipedia.org\/wiki\/North_Shropshire_(UK_Parliament_constituency)\">Liberaldemokraterna i North Shropshire med <\/a>en av de st\u00f6rsta v\u00e4ljarstr\u00f6mmarna  sedan 1945. <\/p>\n\n\n\n<p>Valkretsen har n\u00e4stan alltid tidigare r\u00f6stat konservativt, och i ordinarie valet hade Owen Paterson (C) en majoritet med 22000 r\u00f6ster. Liberaldemokraten Helen Morgan blev trea med 10 procent av r\u00f6sterna. <a href=\"https:\/\/www.theguardian.com\/politics\/2021\/dec\/17\/north-shropshire-byelection-liberal-democrats-say-they-will-win-comfortably-as-count-continues\">Nu vann hon med 47 procent<\/a> av r\u00f6sterna och n\u00e4stan 7000 r\u00f6ster mer \u00e4n den konservative kandidaten Neil Shastri Hurst. En del socialdemokratiska Labourv\u00e4ljare l\u00e4r ha taktikr\u00f6stat p\u00e5 Morgan, Labours st\u00f6d mer \u00e4n halverades till 10 procent. <\/p>\n\n\n\n<p>Bara n\u00e5gra dagar tidigare att m\u00e5nga Toryledam\u00f6ter g\u00e5tt emot den egna partilinjen och r\u00f6stat mot inf\u00f6randet av krav p\u00e5 vaccinpass. Regeringen fick majoritet genom att Labourpartiet st\u00f6dde de nya restriktionerna, f\u00f6r\u00f6dmjukande f\u00f6r Boris Johnson.<\/p>\n\n\n\n<p><a href=\"https:\/\/www.telegraph.co.uk\/politics\/2021\/12\/17\/angry-tories-reacted-shock-by-election-defeat-north-shropshire\/\">Missn\u00f6jet har vuxit i det egna partiet<\/a> efter uppgifter om julfester f\u00f6rra \u00e5ret i premi\u00e4rministerbostaden och kontoret Downing Street. Owen Paterson, tidigare minister och anh\u00e4ngare av Brexit, avgick efter att ha f\u00e5tt kritik f\u00f6r att ut\u00f6ver parlamentsl\u00f6nen ha ett mycket v\u00e4lbetalt &#8220;extraarbete&#8221; som lobbyist.<\/p>\n\n\n\n<p>Johnsonregeringen f\u00f6rs\u00f6kte f\u00f6rst \u00e4ndra reglerna f\u00f6r att skydda Paterson, men tvingades backa. Det retade m\u00e5nga Toryledam\u00f6ter som egentligen inte gillade regeringens linje, men hade pressats av &#8220;inpiskarna&#8221; att r\u00f6sta &#8220;r\u00e4tt&#8221;. N\u00e4r sedan regeringen \u00e4nd\u00e5 snabbt backade framstod de i d\u00e5lig dager.<\/p>\n\n\n\n<p>Det finns ocks\u00e5 ett ideologiskt missn\u00f6je fr\u00e5n h\u00f6ger \u00f6ver att regeringen, bland annat f\u00f6r att beh\u00e5lla valkretsar de Konservativa vann fr\u00e5n Labour i f\u00f6rra valet, drivit en mitteninriktad ekonomisk politik med skatteh\u00f6jningar. Boris Johnson uppfattas \u00e4ven av m\u00e5nga av de egna som op\u00e5litlig och opportunistisk. Det har uppv\u00e4gts av charm, f\u00f6rm\u00e5ga att vinna val och att genomf\u00f6ra EU-uttr\u00e4det, men nu rasar f\u00f6rtroende f\u00f6r Johnson bland v\u00e4ljarna och Labour har tagit ledningen i <a href=\"https:\/\/en.wikipedia.org\/wiki\/Opinion_polling_for_the_next_United_Kingdom_general_election\">opinionsm\u00e4tningarna<\/a>.<\/p>\n\n\n\n<p>Brittiska v\u00e4ljare kan utnyttja fyllnadsval f\u00f6r att markera missn\u00f6je n\u00e4r regeringsmakten inte st\u00e5r p\u00e5 spel, men \u00e5terv\u00e4nda till &#8220;ordningen&#8221; i n\u00e4sta ordinarie val. Det \u00e4r d\u00e4rf\u00f6r f\u00f6r tidigt att d\u00f6ma ut Johnson och Tories, men det har varit en snabb f\u00f6r\u00e4ndring  till det s\u00e4mre f\u00f6r premi\u00e4rministern och f\u00f6r De Konservativa. Uppfattas Johnson som en belastning kan partiet agera snabbt och h\u00e4nsynsl\u00f6st f\u00f6r att byta ledare. men d\u00e4r \u00e4r vi inte \u00e4nnu.<\/p>\n\n\n\n<p>Liberaldemokraterna verkar vara tillbaka som ett alternativ f\u00f6r missn\u00f6jda Toryv\u00e4ljare. Partiet f\u00f6rsvagades av koalitionen med De Konservativa. Valsystemet med enpersonsvalkretsar g\u00f6r det mycket sv\u00e5rt f\u00f6r ett mindre parti att klara sig i en koalition.<\/p>\n\n\n\n<p>EU-v\u00e4nliga Libdem blev identifierat som &#8220;Antibrexitpartiet&#8221; vilket gjorde det sv\u00e5rt att vinna valkretsar i mer EU-skeptiska delar av landet. Men 60 procent av v\u00e4ljarna i North Shropshire r\u00f6stade f\u00f6r Brexit, och \u00e4nd\u00e5 vann Libdem. Det kan f\u00f6rhoppningsvis leda till att Libdem kan \u00e5tervinna v\u00e4ljare i de tidigare styrkeb\u00e4ltena i v\u00e4stra England som Cornwall och Devon, med d\u00e4r EU-skepsisen var stark. Den som intresserar sig f\u00f6r k\u00f6nsf\u00f6rdelning i politiska f\u00f6rsamlingar kan notera att <a href=\"https:\/\/www.theguardian.com\/politics\/2021\/dec\/17\/north-shropshire-byelection-liberal-democrats-say-they-will-win-comfortably-as-count-continues\">nio av Libdems 13 parlamentsledam\u00f6ter \u00e4r kvinnor.<\/a><\/p>\n\n\n\n<p>Storbritannien och USA har b\u00e5da val i enpersonsvalkretsar, men tydliga skillnader framst\u00e5r mellan Tories och Republikanerna. I USA hetsar Donald Trump hittills framg\u00e5ngsrikt mot de Republikaner som st\u00e5r upp mot hans demagogi, medan Boris Johnson riskerar att avs\u00e4ttas av de egna parlamentsledam\u00f6terna. Varf\u00f6r?<\/p>\n\n\n\n<p>I en parlamentarisk demokrati kan partiledare\/premi\u00e4rministrar avs\u00e4ttas under p\u00e5g\u00e5ende mandatperiod. Det g\u00f6r dem mer beroende av det egna partiet.<\/p>\n\n\n\n<p>Ett annat sk\u00e4l kan paradoxalt nog vara att Storbritannien inte har prim\u00e4rval, d\u00e4r v\u00e4ljarna r\u00f6star fram partiets kandidat. I USA kan Trump  st\u00f6dja utmanare mot ledam\u00f6ter han inte uppfattar som tillr\u00e4ckligt lojala. I Storbritannien utses parlamentskandidater av de lokala partimedlemmarna. ledam\u00f6ter med l\u00e5ng erfarenhet och st\u00f6d av medlemmarna i den egna valkretsen kan d\u00e5 l\u00e4ttare st\u00e5 emot hot fr\u00e5n partiledningen. Storbritanniens partisystem \u00e4r d\u00e4rf\u00f6r mer robust, demagogiska ledare har sv\u00e5rare att f\u00e5 kontroll \u00f6ver det egna partiet. <\/p>\n","protected":false},"excerpt":{"rendered":"<p>Storbritanniens premi\u00e4rminister Boris Johnson har anledning att dra sig till minnes citatet &#8220;en vecka kan vara en l\u00e5ng tid i politiken&#8221;. Det styrande konservativa Torypartiet f\u00f6rlorade ett fyllnadsval till Liberaldemokraterna i North Shropshire med en av de st\u00f6rsta v\u00e4ljarstr\u00f6mmarna sedan 1945. Valkretsen har n\u00e4stan alltid tidigare r\u00f6stat konservativt, och i ordinarie valet hade Owen Paterson [&hellip;]<\/p>\n","protected":false},"author":1,"featured_media":0,"comment_status":"open","ping_status":"closed","sticky":false,"template":"","format":"standard","meta":{"_jetpack_memberships_contains_paid_content":false,"footnotes":""},"categories":[10],"tags":[],"class_list":["post-268","post","type-post","status-publish","format-standard","hentry","category-allman-inlagg"],"yoast_head":"<!-- This site is optimized with the Yoast SEO plugin v27.2 - https:\/\/yoast.com\/product\/yoast-seo-wordpress\/ -->\n<title>\u00c4r Boris Johnson p\u00e5 fallrepet? - Richard Appelbom<\/title>\n<meta name=\"description\" content=\"Premi\u00e4rminister Boris Johnson hotas av ett katastrofalt nederlag f\u00f6r Tories till Libdem i ett fyllnadsval. \u00c4r det b\u00f6rjan p\u00e5 en comeback f\u00f6r Liberaldemokraterna?\" \/>\n<meta name=\"robots\" content=\"index, follow, max-snippet:-1, max-image-preview:large, max-video-preview:-1\" \/>\n<link rel=\"canonical\" href=\"https:\/\/www.richardappelbom.se\/index.php\/2021\/12\/17\/ar-boris-johnson-pa-fallrepet\/\" \/>\n<meta property=\"og:locale\" content=\"en_US\" \/>\n<meta property=\"og:type\" content=\"article\" \/>\n<meta property=\"og:title\" content=\"\u00c4r Boris Johnson p\u00e5 fallrepet? - Richard Appelbom\" \/>\n<meta property=\"og:description\" content=\"Premi\u00e4rminister Boris Johnson hotas av ett katastrofalt nederlag f\u00f6r Tories till Libdem i ett fyllnadsval. \u00c4r det b\u00f6rjan p\u00e5 en comeback f\u00f6r Liberaldemokraterna?\" \/>\n<meta property=\"og:url\" content=\"https:\/\/www.richardappelbom.se\/index.php\/2021\/12\/17\/ar-boris-johnson-pa-fallrepet\/\" \/>\n<meta property=\"og:site_name\" content=\"Richard Appelbom\" \/>\n<meta property=\"article:publisher\" content=\"https:\/\/www.facebook.com\/rappelbom\" \/>\n<meta property=\"article:author\" content=\"https:\/\/www.facebook.com\/rappelbom\" \/>\n<meta property=\"article:published_time\" content=\"2021-12-17T11:29:41+00:00\" \/>\n<meta property=\"article:modified_time\" content=\"2021-12-17T11:29:42+00:00\" \/>\n<meta property=\"og:image\" content=\"https:\/\/www.richardappelbom.se\/wp-content\/uploads\/2021\/12\/boris-johnsom.jpg\" \/>\n<meta name=\"author\" content=\"admin\" \/>\n<meta name=\"twitter:card\" content=\"summary_large_image\" \/>\n<meta name=\"twitter:creator\" content=\"@RichardAppelbom\" \/>\n<meta name=\"twitter:site\" content=\"@RichardAppelbom\" \/>\n<meta name=\"twitter:label1\" content=\"Written by\" \/>\n\t<meta name=\"twitter:data1\" content=\"admin\" \/>\n\t<meta name=\"twitter:label2\" content=\"Est. reading time\" \/>\n\t<meta name=\"twitter:data2\" content=\"3 minutes\" \/>\n<script type=\"application\/ld+json\" class=\"yoast-schema-graph\">{\"@context\":\"https:\/\/schema.org\",\"@graph\":[{\"@type\":\"Article\",\"@id\":\"https:\/\/www.richardappelbom.se\/index.php\/2021\/12\/17\/ar-boris-johnson-pa-fallrepet\/#article\",\"isPartOf\":{\"@id\":\"https:\/\/www.richardappelbom.se\/index.php\/2021\/12\/17\/ar-boris-johnson-pa-fallrepet\/\"},\"author\":{\"name\":\"admin\",\"@id\":\"https:\/\/www.richardappelbom.se\/#\/schema\/person\/98f55ffd095155d902e585f10999a15d\"},\"headline\":\"\u00c4r Boris Johnson p\u00e5 fallrepet?\",\"datePublished\":\"2021-12-17T11:29:41+00:00\",\"dateModified\":\"2021-12-17T11:29:42+00:00\",\"mainEntityOfPage\":{\"@id\":\"https:\/\/www.richardappelbom.se\/index.php\/2021\/12\/17\/ar-boris-johnson-pa-fallrepet\/\"},\"wordCount\":768,\"commentCount\":0,\"image\":{\"@id\":\"https:\/\/www.richardappelbom.se\/index.php\/2021\/12\/17\/ar-boris-johnson-pa-fallrepet\/#primaryimage\"},\"thumbnailUrl\":\"https:\/\/www.richardappelbom.se\/wp-content\/uploads\/2021\/12\/boris-johnsom.jpg\",\"articleSection\":[\"Allm\u00e4n Posts\"],\"inLanguage\":\"en-US\",\"potentialAction\":[{\"@type\":\"CommentAction\",\"name\":\"Comment\",\"target\":[\"https:\/\/www.richardappelbom.se\/index.php\/2021\/12\/17\/ar-boris-johnson-pa-fallrepet\/#respond\"]}]},{\"@type\":\"WebPage\",\"@id\":\"https:\/\/www.richardappelbom.se\/index.php\/2021\/12\/17\/ar-boris-johnson-pa-fallrepet\/\",\"url\":\"https:\/\/www.richardappelbom.se\/index.php\/2021\/12\/17\/ar-boris-johnson-pa-fallrepet\/\",\"name\":\"\u00c4r Boris Johnson p\u00e5 fallrepet? - Richard Appelbom\",\"isPartOf\":{\"@id\":\"https:\/\/www.richardappelbom.se\/#website\"},\"primaryImageOfPage\":{\"@id\":\"https:\/\/www.richardappelbom.se\/index.php\/2021\/12\/17\/ar-boris-johnson-pa-fallrepet\/#primaryimage\"},\"image\":{\"@id\":\"https:\/\/www.richardappelbom.se\/index.php\/2021\/12\/17\/ar-boris-johnson-pa-fallrepet\/#primaryimage\"},\"thumbnailUrl\":\"https:\/\/www.richardappelbom.se\/wp-content\/uploads\/2021\/12\/boris-johnsom.jpg\",\"datePublished\":\"2021-12-17T11:29:41+00:00\",\"dateModified\":\"2021-12-17T11:29:42+00:00\",\"author\":{\"@id\":\"https:\/\/www.richardappelbom.se\/#\/schema\/person\/98f55ffd095155d902e585f10999a15d\"},\"description\":\"Premi\u00e4rminister Boris Johnson hotas av ett katastrofalt nederlag f\u00f6r Tories till Libdem i ett fyllnadsval. \u00c4r det b\u00f6rjan p\u00e5 en comeback f\u00f6r Liberaldemokraterna?\",\"breadcrumb\":{\"@id\":\"https:\/\/www.richardappelbom.se\/index.php\/2021\/12\/17\/ar-boris-johnson-pa-fallrepet\/#breadcrumb\"},\"inLanguage\":\"en-US\",\"potentialAction\":[{\"@type\":\"ReadAction\",\"target\":[\"https:\/\/www.richardappelbom.se\/index.php\/2021\/12\/17\/ar-boris-johnson-pa-fallrepet\/\"]}]},{\"@type\":\"ImageObject\",\"inLanguage\":\"en-US\",\"@id\":\"https:\/\/www.richardappelbom.se\/index.php\/2021\/12\/17\/ar-boris-johnson-pa-fallrepet\/#primaryimage\",\"url\":\"https:\/\/www.richardappelbom.se\/wp-content\/uploads\/2021\/12\/boris-johnsom.jpg\",\"contentUrl\":\"https:\/\/www.richardappelbom.se\/wp-content\/uploads\/2021\/12\/boris-johnsom.jpg\",\"width\":275,\"height\":183},{\"@type\":\"BreadcrumbList\",\"@id\":\"https:\/\/www.richardappelbom.se\/index.php\/2021\/12\/17\/ar-boris-johnson-pa-fallrepet\/#breadcrumb\",\"itemListElement\":[{\"@type\":\"ListItem\",\"position\":1,\"name\":\"Home\",\"item\":\"https:\/\/www.richardappelbom.se\/\"},{\"@type\":\"ListItem\",\"position\":2,\"name\":\"\u00c4r Boris Johnson p\u00e5 fallrepet?\"}]},{\"@type\":\"WebSite\",\"@id\":\"https:\/\/www.richardappelbom.se\/#website\",\"url\":\"https:\/\/www.richardappelbom.se\/\",\"name\":\"Richard Appelbom\",\"description\":\"En blogg om val och valsystem\",\"potentialAction\":[{\"@type\":\"SearchAction\",\"target\":{\"@type\":\"EntryPoint\",\"urlTemplate\":\"https:\/\/www.richardappelbom.se\/?s={search_term_string}\"},\"query-input\":{\"@type\":\"PropertyValueSpecification\",\"valueRequired\":true,\"valueName\":\"search_term_string\"}}],\"inLanguage\":\"en-US\"},{\"@type\":\"Person\",\"@id\":\"https:\/\/www.richardappelbom.se\/#\/schema\/person\/98f55ffd095155d902e585f10999a15d\",\"name\":\"admin\",\"image\":{\"@type\":\"ImageObject\",\"inLanguage\":\"en-US\",\"@id\":\"https:\/\/secure.gravatar.com\/avatar\/480edd36f6cc3945e6b2db9fdc6f78df2a3fb98b7b27925b8d810863cfa537e7?s=96&d=mm&r=g\",\"url\":\"https:\/\/secure.gravatar.com\/avatar\/480edd36f6cc3945e6b2db9fdc6f78df2a3fb98b7b27925b8d810863cfa537e7?s=96&d=mm&r=g\",\"contentUrl\":\"https:\/\/secure.gravatar.com\/avatar\/480edd36f6cc3945e6b2db9fdc6f78df2a3fb98b7b27925b8d810863cfa537e7?s=96&d=mm&r=g\",\"caption\":\"admin\"},\"sameAs\":[\"https:\/\/www.facebook.com\/rappelbom\",\"https:\/\/twitter.com\/RichardAppelbom\"],\"url\":\"https:\/\/www.richardappelbom.se\/index.php\/author\/ra_j9l6616t\/\"}]}<\/script>\n<!-- \/ Yoast SEO plugin. -->","yoast_head_json":{"title":"\u00c4r Boris Johnson p\u00e5 fallrepet? - Richard Appelbom","description":"Premi\u00e4rminister Boris Johnson hotas av ett katastrofalt nederlag f\u00f6r Tories till Libdem i ett fyllnadsval. \u00c4r det b\u00f6rjan p\u00e5 en comeback f\u00f6r Liberaldemokraterna?","robots":{"index":"index","follow":"follow","max-snippet":"max-snippet:-1","max-image-preview":"max-image-preview:large","max-video-preview":"max-video-preview:-1"},"canonical":"https:\/\/www.richardappelbom.se\/index.php\/2021\/12\/17\/ar-boris-johnson-pa-fallrepet\/","og_locale":"en_US","og_type":"article","og_title":"\u00c4r Boris Johnson p\u00e5 fallrepet? - Richard Appelbom","og_description":"Premi\u00e4rminister Boris Johnson hotas av ett katastrofalt nederlag f\u00f6r Tories till Libdem i ett fyllnadsval. \u00c4r det b\u00f6rjan p\u00e5 en comeback f\u00f6r Liberaldemokraterna?","og_url":"https:\/\/www.richardappelbom.se\/index.php\/2021\/12\/17\/ar-boris-johnson-pa-fallrepet\/","og_site_name":"Richard Appelbom","article_publisher":"https:\/\/www.facebook.com\/rappelbom","article_author":"https:\/\/www.facebook.com\/rappelbom","article_published_time":"2021-12-17T11:29:41+00:00","article_modified_time":"2021-12-17T11:29:42+00:00","og_image":[{"url":"https:\/\/www.richardappelbom.se\/wp-content\/uploads\/2021\/12\/boris-johnsom.jpg","type":"","width":"","height":""}],"author":"admin","twitter_card":"summary_large_image","twitter_creator":"@RichardAppelbom","twitter_site":"@RichardAppelbom","twitter_misc":{"Written by":"admin","Est. reading time":"3 minutes"},"schema":{"@context":"https:\/\/schema.org","@graph":[{"@type":"Article","@id":"https:\/\/www.richardappelbom.se\/index.php\/2021\/12\/17\/ar-boris-johnson-pa-fallrepet\/#article","isPartOf":{"@id":"https:\/\/www.richardappelbom.se\/index.php\/2021\/12\/17\/ar-boris-johnson-pa-fallrepet\/"},"author":{"name":"admin","@id":"https:\/\/www.richardappelbom.se\/#\/schema\/person\/98f55ffd095155d902e585f10999a15d"},"headline":"\u00c4r Boris Johnson p\u00e5 fallrepet?","datePublished":"2021-12-17T11:29:41+00:00","dateModified":"2021-12-17T11:29:42+00:00","mainEntityOfPage":{"@id":"https:\/\/www.richardappelbom.se\/index.php\/2021\/12\/17\/ar-boris-johnson-pa-fallrepet\/"},"wordCount":768,"commentCount":0,"image":{"@id":"https:\/\/www.richardappelbom.se\/index.php\/2021\/12\/17\/ar-boris-johnson-pa-fallrepet\/#primaryimage"},"thumbnailUrl":"https:\/\/www.richardappelbom.se\/wp-content\/uploads\/2021\/12\/boris-johnsom.jpg","articleSection":["Allm\u00e4n Posts"],"inLanguage":"en-US","potentialAction":[{"@type":"CommentAction","name":"Comment","target":["https:\/\/www.richardappelbom.se\/index.php\/2021\/12\/17\/ar-boris-johnson-pa-fallrepet\/#respond"]}]},{"@type":"WebPage","@id":"https:\/\/www.richardappelbom.se\/index.php\/2021\/12\/17\/ar-boris-johnson-pa-fallrepet\/","url":"https:\/\/www.richardappelbom.se\/index.php\/2021\/12\/17\/ar-boris-johnson-pa-fallrepet\/","name":"\u00c4r Boris Johnson p\u00e5 fallrepet? - Richard Appelbom","isPartOf":{"@id":"https:\/\/www.richardappelbom.se\/#website"},"primaryImageOfPage":{"@id":"https:\/\/www.richardappelbom.se\/index.php\/2021\/12\/17\/ar-boris-johnson-pa-fallrepet\/#primaryimage"},"image":{"@id":"https:\/\/www.richardappelbom.se\/index.php\/2021\/12\/17\/ar-boris-johnson-pa-fallrepet\/#primaryimage"},"thumbnailUrl":"https:\/\/www.richardappelbom.se\/wp-content\/uploads\/2021\/12\/boris-johnsom.jpg","datePublished":"2021-12-17T11:29:41+00:00","dateModified":"2021-12-17T11:29:42+00:00","author":{"@id":"https:\/\/www.richardappelbom.se\/#\/schema\/person\/98f55ffd095155d902e585f10999a15d"},"description":"Premi\u00e4rminister Boris Johnson hotas av ett katastrofalt nederlag f\u00f6r Tories till Libdem i ett fyllnadsval. \u00c4r det b\u00f6rjan p\u00e5 en comeback f\u00f6r Liberaldemokraterna?","breadcrumb":{"@id":"https:\/\/www.richardappelbom.se\/index.php\/2021\/12\/17\/ar-boris-johnson-pa-fallrepet\/#breadcrumb"},"inLanguage":"en-US","potentialAction":[{"@type":"ReadAction","target":["https:\/\/www.richardappelbom.se\/index.php\/2021\/12\/17\/ar-boris-johnson-pa-fallrepet\/"]}]},{"@type":"ImageObject","inLanguage":"en-US","@id":"https:\/\/www.richardappelbom.se\/index.php\/2021\/12\/17\/ar-boris-johnson-pa-fallrepet\/#primaryimage","url":"https:\/\/www.richardappelbom.se\/wp-content\/uploads\/2021\/12\/boris-johnsom.jpg","contentUrl":"https:\/\/www.richardappelbom.se\/wp-content\/uploads\/2021\/12\/boris-johnsom.jpg","width":275,"height":183},{"@type":"BreadcrumbList","@id":"https:\/\/www.richardappelbom.se\/index.php\/2021\/12\/17\/ar-boris-johnson-pa-fallrepet\/#breadcrumb","itemListElement":[{"@type":"ListItem","position":1,"name":"Home","item":"https:\/\/www.richardappelbom.se\/"},{"@type":"ListItem","position":2,"name":"\u00c4r Boris Johnson p\u00e5 fallrepet?"}]},{"@type":"WebSite","@id":"https:\/\/www.richardappelbom.se\/#website","url":"https:\/\/www.richardappelbom.se\/","name":"Richard Appelbom","description":"En blogg om val och valsystem","potentialAction":[{"@type":"SearchAction","target":{"@type":"EntryPoint","urlTemplate":"https:\/\/www.richardappelbom.se\/?s={search_term_string}"},"query-input":{"@type":"PropertyValueSpecification","valueRequired":true,"valueName":"search_term_string"}}],"inLanguage":"en-US"},{"@type":"Person","@id":"https:\/\/www.richardappelbom.se\/#\/schema\/person\/98f55ffd095155d902e585f10999a15d","name":"admin","image":{"@type":"ImageObject","inLanguage":"en-US","@id":"https:\/\/secure.gravatar.com\/avatar\/480edd36f6cc3945e6b2db9fdc6f78df2a3fb98b7b27925b8d810863cfa537e7?s=96&d=mm&r=g","url":"https:\/\/secure.gravatar.com\/avatar\/480edd36f6cc3945e6b2db9fdc6f78df2a3fb98b7b27925b8d810863cfa537e7?s=96&d=mm&r=g","contentUrl":"https:\/\/secure.gravatar.com\/avatar\/480edd36f6cc3945e6b2db9fdc6f78df2a3fb98b7b27925b8d810863cfa537e7?s=96&d=mm&r=g","caption":"admin"},"sameAs":["https:\/\/www.facebook.com\/rappelbom","https:\/\/twitter.com\/RichardAppelbom"],"url":"https:\/\/www.richardappelbom.se\/index.php\/author\/ra_j9l6616t\/"}]}},"jetpack_featured_media_url":"","jetpack_sharing_enabled":true,"_links":{"self":[{"href":"https:\/\/www.richardappelbom.se\/index.php\/wp-json\/wp\/v2\/posts\/268","targetHints":{"allow":["GET"]}}],"collection":[{"href":"https:\/\/www.richardappelbom.se\/index.php\/wp-json\/wp\/v2\/posts"}],"about":[{"href":"https:\/\/www.richardappelbom.se\/index.php\/wp-json\/wp\/v2\/types\/post"}],"author":[{"embeddable":true,"href":"https:\/\/www.richardappelbom.se\/index.php\/wp-json\/wp\/v2\/users\/1"}],"replies":[{"embeddable":true,"href":"https:\/\/www.richardappelbom.se\/index.php\/wp-json\/wp\/v2\/comments?post=268"}],"version-history":[{"count":1,"href":"https:\/\/www.richardappelbom.se\/index.php\/wp-json\/wp\/v2\/posts\/268\/revisions"}],"predecessor-version":[{"id":270,"href":"https:\/\/www.richardappelbom.se\/index.php\/wp-json\/wp\/v2\/posts\/268\/revisions\/270"}],"wp:attachment":[{"href":"https:\/\/www.richardappelbom.se\/index.php\/wp-json\/wp\/v2\/media?parent=268"}],"wp:term":[{"taxonomy":"category","embeddable":true,"href":"https:\/\/www.richardappelbom.se\/index.php\/wp-json\/wp\/v2\/categories?post=268"},{"taxonomy":"post_tag","embeddable":true,"href":"https:\/\/www.richardappelbom.se\/index.php\/wp-json\/wp\/v2\/tags?post=268"}],"curies":[{"name":"wp","href":"https:\/\/api.w.org\/{rel}","templated":true}]}}