{"id":272,"date":"2022-01-26T22:08:19","date_gmt":"2022-01-26T22:08:19","guid":{"rendered":"https:\/\/www.richardappelbom.se\/?p=272"},"modified":"2022-01-26T22:08:20","modified_gmt":"2022-01-26T22:08:20","slug":"battre-for-gamla-partier-i-kommunalval","status":"publish","type":"post","link":"https:\/\/www.richardappelbom.se\/index.php\/2022\/01\/26\/battre-for-gamla-partier-i-kommunalval\/","title":{"rendered":"B\u00e4ttre f\u00f6r &#8220;gamla&#8221; partier i kommunalval"},"content":{"rendered":"\n<figure class=\"wp-block-image size-full is-resized\"><img loading=\"lazy\" decoding=\"async\" src=\"https:\/\/www.richardappelbom.se\/wp-content\/uploads\/2022\/01\/sanna-marin.jpg\" alt=\"\" class=\"wp-image-273\" width=\"660\" height=\"524\"\/><figcaption>Statsminister Sanna Marin (S). Finska Socialdemokraterna gjorde liksom de andra traditionellt stora partierna bra v\u00e4lf\u00e4rdsomr\u00e5desval.<\/figcaption><\/figure>\n\n\n\n<p>Finland hade f\u00f6r f\u00f6rsta g\u00e5ngen v\u00e4lf\u00e4rdsomr\u00e5desval. Det motsvarar ungef\u00e4r svenska regioner, f\u00f6rutom att Helsingfors har kvar ansvaret f\u00f6r v\u00e5rden. (som Stockholm innan &#8220;storlandstinget&#8221; skapades). Noterbart att Finland inf\u00f6r folkvalda regioner medan det i Sverige finns r\u00f6ster f\u00f6r f\u00f6rstatligad sjukv\u00e5rd och nedlagda regioner\/landsting.<\/p>\n\n\n\n<p>Valdeltagandet var dock l\u00e5gt, bara 47 procent. Finland har l\u00e4gre valdeltagande \u00e4n Sverige, men det h\u00e4r var ovanligt l\u00e5gt, L\u00e4gre \u00e4n kommunalvalen. Vi f\u00e5r se om intresset blir st\u00f6rre n\u00e4r reformen har hunnit s\u00e4tta sig, och valen kunde ske samtidigt som kommunvalen.<\/p>\n\n\n\n<p><a href=\"https:\/\/vaalit.yle.fi\/av2022\/sv\/tulospalvelu\">Valet blev en framg\u00e5ng<\/a> f\u00f6r de tre traditionellt stora partierna Socialdemokraterna, Centern och Samlingspartiet (Moderaternas systerparti). De fick alla runt 20 procent, som det brukade vara f\u00f6rr. I <a href=\"https:\/\/svenska.yle.fi\/a\/7-1356893\">opinionsm\u00e4tningar<\/a> f\u00f6r riksdagsvalet ligger Centerpartiet betydligt l\u00e4gre och h\u00f6gerpopulistiska Sannfinl\u00e4ndarna betydligt h\u00f6gre. \u00c4ven De Gr\u00f6na klarade sig s\u00e4mre i v\u00e4lf\u00e4rdsomr\u00e5desvalet \u00e4n i opininsm\u00e4tningar f\u00f6r riskdagsvalet.<\/p>\n\n\n\n<p>Det \u00e4r inte bara i Finland som de &#8220;gamla&#8221; partierna klarar sig b\u00e4ttre i lokala val. Traditionellt har v\u00e4nsterpartietr ansetts sig missgynnade vid l&#8217;gre valdeltagande. Men i takt med att utbildad\u00e9 storstadsbor blir mer &#8220;v\u00e4nster&#8221; och kortare utbildade och mer missn\u00f6jda oftare r\u00f6star p\u00e5 missn\u00f6jespartier ser detta ut att \u00e4ndras. Valdeltagandet \u00f6kade i Sverige och Danmak n\u00e4r SD och Dansk folkeparti slog igenom.<\/p>\n\n\n\n<p><a href=\"https:\/\/data.val.se\/val\/val2018\/slutresultat\/R\/rike\/index.html\">\u00c4ven i Sverige,<\/a> med gemensam valdag, gjorde Sverigedemokraterna ett m\u00e4rkbart s\u00e4mre kommunval. V&#8217;ljarna tycks mer lojala mot traditionella partier n\u00e4r det kommer till lokala val.<\/p>\n","protected":false},"excerpt":{"rendered":"<p>Finland hade f\u00f6r f\u00f6rsta g\u00e5ngen v\u00e4lf\u00e4rdsomr\u00e5desval. Det motsvarar ungef\u00e4r svenska regioner, f\u00f6rutom att Helsingfors har kvar ansvaret f\u00f6r v\u00e5rden. (som Stockholm innan &#8220;storlandstinget&#8221; skapades). Noterbart att Finland inf\u00f6r folkvalda regioner medan det i Sverige finns r\u00f6ster f\u00f6r f\u00f6rstatligad sjukv\u00e5rd och nedlagda regioner\/landsting. Valdeltagandet var dock l\u00e5gt, bara 47 procent. Finland har l\u00e4gre valdeltagande \u00e4n Sverige, [&hellip;]<\/p>\n","protected":false},"author":1,"featured_media":0,"comment_status":"open","ping_status":"closed","sticky":false,"template":"","format":"standard","meta":{"_jetpack_memberships_contains_paid_content":false,"footnotes":""},"categories":[10],"tags":[],"class_list":["post-272","post","type-post","status-publish","format-standard","hentry","category-allman-inlagg"],"yoast_head":"<!-- This site is optimized with the Yoast SEO plugin v27.2 - https:\/\/yoast.com\/product\/yoast-seo-wordpress\/ -->\n<title>B\u00e4ttre f\u00f6r &quot;gamla&quot; partier i kommunalval - Richard Appelbom<\/title>\n<meta name=\"description\" content=\"De &quot;gamla&quot; stora partierna Socialdemokraterna, Centern oh Samlingspartiet (finska M) klarade sig bra i finska regionval. L\u00e5gt valdeltagande\" \/>\n<meta name=\"robots\" content=\"index, follow, max-snippet:-1, max-image-preview:large, max-video-preview:-1\" \/>\n<link rel=\"canonical\" href=\"https:\/\/www.richardappelbom.se\/index.php\/2022\/01\/26\/battre-for-gamla-partier-i-kommunalval\/\" \/>\n<meta property=\"og:locale\" content=\"en_US\" \/>\n<meta property=\"og:type\" content=\"article\" \/>\n<meta property=\"og:title\" content=\"B\u00e4ttre f\u00f6r &quot;gamla&quot; partier i kommunalval - Richard Appelbom\" \/>\n<meta property=\"og:description\" content=\"De &quot;gamla&quot; stora partierna Socialdemokraterna, Centern oh Samlingspartiet (finska M) klarade sig bra i finska regionval. L\u00e5gt valdeltagande\" \/>\n<meta property=\"og:url\" content=\"https:\/\/www.richardappelbom.se\/index.php\/2022\/01\/26\/battre-for-gamla-partier-i-kommunalval\/\" \/>\n<meta property=\"og:site_name\" content=\"Richard Appelbom\" \/>\n<meta property=\"article:publisher\" content=\"https:\/\/www.facebook.com\/rappelbom\" \/>\n<meta property=\"article:author\" content=\"https:\/\/www.facebook.com\/rappelbom\" \/>\n<meta property=\"article:published_time\" content=\"2022-01-26T22:08:19+00:00\" \/>\n<meta property=\"article:modified_time\" content=\"2022-01-26T22:08:20+00:00\" \/>\n<meta property=\"og:image\" content=\"https:\/\/www.richardappelbom.se\/wp-content\/uploads\/2022\/01\/sanna-marin.jpg\" \/>\n<meta name=\"author\" content=\"admin\" \/>\n<meta name=\"twitter:card\" content=\"summary_large_image\" \/>\n<meta name=\"twitter:creator\" content=\"@RichardAppelbom\" \/>\n<meta name=\"twitter:site\" content=\"@RichardAppelbom\" \/>\n<meta name=\"twitter:label1\" content=\"Written by\" \/>\n\t<meta name=\"twitter:data1\" content=\"admin\" \/>\n\t<meta name=\"twitter:label2\" content=\"Est. reading time\" \/>\n\t<meta name=\"twitter:data2\" content=\"2 minutes\" \/>\n<script type=\"application\/ld+json\" class=\"yoast-schema-graph\">{\"@context\":\"https:\/\/schema.org\",\"@graph\":[{\"@type\":\"Article\",\"@id\":\"https:\/\/www.richardappelbom.se\/index.php\/2022\/01\/26\/battre-for-gamla-partier-i-kommunalval\/#article\",\"isPartOf\":{\"@id\":\"https:\/\/www.richardappelbom.se\/index.php\/2022\/01\/26\/battre-for-gamla-partier-i-kommunalval\/\"},\"author\":{\"name\":\"admin\",\"@id\":\"https:\/\/www.richardappelbom.se\/#\/schema\/person\/98f55ffd095155d902e585f10999a15d\"},\"headline\":\"B\u00e4ttre f\u00f6r &#8220;gamla&#8221; partier i kommunalval\",\"datePublished\":\"2022-01-26T22:08:19+00:00\",\"dateModified\":\"2022-01-26T22:08:20+00:00\",\"mainEntityOfPage\":{\"@id\":\"https:\/\/www.richardappelbom.se\/index.php\/2022\/01\/26\/battre-for-gamla-partier-i-kommunalval\/\"},\"wordCount\":302,\"commentCount\":0,\"image\":{\"@id\":\"https:\/\/www.richardappelbom.se\/index.php\/2022\/01\/26\/battre-for-gamla-partier-i-kommunalval\/#primaryimage\"},\"thumbnailUrl\":\"https:\/\/www.richardappelbom.se\/wp-content\/uploads\/2022\/01\/sanna-marin.jpg\",\"articleSection\":[\"Allm\u00e4n Posts\"],\"inLanguage\":\"en-US\",\"potentialAction\":[{\"@type\":\"CommentAction\",\"name\":\"Comment\",\"target\":[\"https:\/\/www.richardappelbom.se\/index.php\/2022\/01\/26\/battre-for-gamla-partier-i-kommunalval\/#respond\"]}]},{\"@type\":\"WebPage\",\"@id\":\"https:\/\/www.richardappelbom.se\/index.php\/2022\/01\/26\/battre-for-gamla-partier-i-kommunalval\/\",\"url\":\"https:\/\/www.richardappelbom.se\/index.php\/2022\/01\/26\/battre-for-gamla-partier-i-kommunalval\/\",\"name\":\"B\u00e4ttre f\u00f6r \\\"gamla\\\" partier i kommunalval - Richard Appelbom\",\"isPartOf\":{\"@id\":\"https:\/\/www.richardappelbom.se\/#website\"},\"primaryImageOfPage\":{\"@id\":\"https:\/\/www.richardappelbom.se\/index.php\/2022\/01\/26\/battre-for-gamla-partier-i-kommunalval\/#primaryimage\"},\"image\":{\"@id\":\"https:\/\/www.richardappelbom.se\/index.php\/2022\/01\/26\/battre-for-gamla-partier-i-kommunalval\/#primaryimage\"},\"thumbnailUrl\":\"https:\/\/www.richardappelbom.se\/wp-content\/uploads\/2022\/01\/sanna-marin.jpg\",\"datePublished\":\"2022-01-26T22:08:19+00:00\",\"dateModified\":\"2022-01-26T22:08:20+00:00\",\"author\":{\"@id\":\"https:\/\/www.richardappelbom.se\/#\/schema\/person\/98f55ffd095155d902e585f10999a15d\"},\"description\":\"De \\\"gamla\\\" stora partierna Socialdemokraterna, Centern oh Samlingspartiet (finska M) klarade sig bra i finska regionval. L\u00e5gt valdeltagande\",\"breadcrumb\":{\"@id\":\"https:\/\/www.richardappelbom.se\/index.php\/2022\/01\/26\/battre-for-gamla-partier-i-kommunalval\/#breadcrumb\"},\"inLanguage\":\"en-US\",\"potentialAction\":[{\"@type\":\"ReadAction\",\"target\":[\"https:\/\/www.richardappelbom.se\/index.php\/2022\/01\/26\/battre-for-gamla-partier-i-kommunalval\/\"]}]},{\"@type\":\"ImageObject\",\"inLanguage\":\"en-US\",\"@id\":\"https:\/\/www.richardappelbom.se\/index.php\/2022\/01\/26\/battre-for-gamla-partier-i-kommunalval\/#primaryimage\",\"url\":\"https:\/\/www.richardappelbom.se\/wp-content\/uploads\/2022\/01\/sanna-marin.jpg\",\"contentUrl\":\"https:\/\/www.richardappelbom.se\/wp-content\/uploads\/2022\/01\/sanna-marin.jpg\",\"width\":252,\"height\":200},{\"@type\":\"BreadcrumbList\",\"@id\":\"https:\/\/www.richardappelbom.se\/index.php\/2022\/01\/26\/battre-for-gamla-partier-i-kommunalval\/#breadcrumb\",\"itemListElement\":[{\"@type\":\"ListItem\",\"position\":1,\"name\":\"Home\",\"item\":\"https:\/\/www.richardappelbom.se\/\"},{\"@type\":\"ListItem\",\"position\":2,\"name\":\"B\u00e4ttre f\u00f6r &#8220;gamla&#8221; partier i kommunalval\"}]},{\"@type\":\"WebSite\",\"@id\":\"https:\/\/www.richardappelbom.se\/#website\",\"url\":\"https:\/\/www.richardappelbom.se\/\",\"name\":\"Richard Appelbom\",\"description\":\"En blogg om val och valsystem\",\"potentialAction\":[{\"@type\":\"SearchAction\",\"target\":{\"@type\":\"EntryPoint\",\"urlTemplate\":\"https:\/\/www.richardappelbom.se\/?s={search_term_string}\"},\"query-input\":{\"@type\":\"PropertyValueSpecification\",\"valueRequired\":true,\"valueName\":\"search_term_string\"}}],\"inLanguage\":\"en-US\"},{\"@type\":\"Person\",\"@id\":\"https:\/\/www.richardappelbom.se\/#\/schema\/person\/98f55ffd095155d902e585f10999a15d\",\"name\":\"admin\",\"image\":{\"@type\":\"ImageObject\",\"inLanguage\":\"en-US\",\"@id\":\"https:\/\/secure.gravatar.com\/avatar\/480edd36f6cc3945e6b2db9fdc6f78df2a3fb98b7b27925b8d810863cfa537e7?s=96&d=mm&r=g\",\"url\":\"https:\/\/secure.gravatar.com\/avatar\/480edd36f6cc3945e6b2db9fdc6f78df2a3fb98b7b27925b8d810863cfa537e7?s=96&d=mm&r=g\",\"contentUrl\":\"https:\/\/secure.gravatar.com\/avatar\/480edd36f6cc3945e6b2db9fdc6f78df2a3fb98b7b27925b8d810863cfa537e7?s=96&d=mm&r=g\",\"caption\":\"admin\"},\"sameAs\":[\"https:\/\/www.facebook.com\/rappelbom\",\"https:\/\/twitter.com\/RichardAppelbom\"],\"url\":\"https:\/\/www.richardappelbom.se\/index.php\/author\/ra_j9l6616t\/\"}]}<\/script>\n<!-- \/ Yoast SEO plugin. -->","yoast_head_json":{"title":"B\u00e4ttre f\u00f6r \"gamla\" partier i kommunalval - Richard Appelbom","description":"De \"gamla\" stora partierna Socialdemokraterna, Centern oh Samlingspartiet (finska M) klarade sig bra i finska regionval. L\u00e5gt valdeltagande","robots":{"index":"index","follow":"follow","max-snippet":"max-snippet:-1","max-image-preview":"max-image-preview:large","max-video-preview":"max-video-preview:-1"},"canonical":"https:\/\/www.richardappelbom.se\/index.php\/2022\/01\/26\/battre-for-gamla-partier-i-kommunalval\/","og_locale":"en_US","og_type":"article","og_title":"B\u00e4ttre f\u00f6r \"gamla\" partier i kommunalval - Richard Appelbom","og_description":"De \"gamla\" stora partierna Socialdemokraterna, Centern oh Samlingspartiet (finska M) klarade sig bra i finska regionval. L\u00e5gt valdeltagande","og_url":"https:\/\/www.richardappelbom.se\/index.php\/2022\/01\/26\/battre-for-gamla-partier-i-kommunalval\/","og_site_name":"Richard Appelbom","article_publisher":"https:\/\/www.facebook.com\/rappelbom","article_author":"https:\/\/www.facebook.com\/rappelbom","article_published_time":"2022-01-26T22:08:19+00:00","article_modified_time":"2022-01-26T22:08:20+00:00","og_image":[{"url":"https:\/\/www.richardappelbom.se\/wp-content\/uploads\/2022\/01\/sanna-marin.jpg","type":"","width":"","height":""}],"author":"admin","twitter_card":"summary_large_image","twitter_creator":"@RichardAppelbom","twitter_site":"@RichardAppelbom","twitter_misc":{"Written by":"admin","Est. reading time":"2 minutes"},"schema":{"@context":"https:\/\/schema.org","@graph":[{"@type":"Article","@id":"https:\/\/www.richardappelbom.se\/index.php\/2022\/01\/26\/battre-for-gamla-partier-i-kommunalval\/#article","isPartOf":{"@id":"https:\/\/www.richardappelbom.se\/index.php\/2022\/01\/26\/battre-for-gamla-partier-i-kommunalval\/"},"author":{"name":"admin","@id":"https:\/\/www.richardappelbom.se\/#\/schema\/person\/98f55ffd095155d902e585f10999a15d"},"headline":"B\u00e4ttre f\u00f6r &#8220;gamla&#8221; partier i kommunalval","datePublished":"2022-01-26T22:08:19+00:00","dateModified":"2022-01-26T22:08:20+00:00","mainEntityOfPage":{"@id":"https:\/\/www.richardappelbom.se\/index.php\/2022\/01\/26\/battre-for-gamla-partier-i-kommunalval\/"},"wordCount":302,"commentCount":0,"image":{"@id":"https:\/\/www.richardappelbom.se\/index.php\/2022\/01\/26\/battre-for-gamla-partier-i-kommunalval\/#primaryimage"},"thumbnailUrl":"https:\/\/www.richardappelbom.se\/wp-content\/uploads\/2022\/01\/sanna-marin.jpg","articleSection":["Allm\u00e4n Posts"],"inLanguage":"en-US","potentialAction":[{"@type":"CommentAction","name":"Comment","target":["https:\/\/www.richardappelbom.se\/index.php\/2022\/01\/26\/battre-for-gamla-partier-i-kommunalval\/#respond"]}]},{"@type":"WebPage","@id":"https:\/\/www.richardappelbom.se\/index.php\/2022\/01\/26\/battre-for-gamla-partier-i-kommunalval\/","url":"https:\/\/www.richardappelbom.se\/index.php\/2022\/01\/26\/battre-for-gamla-partier-i-kommunalval\/","name":"B\u00e4ttre f\u00f6r \"gamla\" partier i kommunalval - Richard Appelbom","isPartOf":{"@id":"https:\/\/www.richardappelbom.se\/#website"},"primaryImageOfPage":{"@id":"https:\/\/www.richardappelbom.se\/index.php\/2022\/01\/26\/battre-for-gamla-partier-i-kommunalval\/#primaryimage"},"image":{"@id":"https:\/\/www.richardappelbom.se\/index.php\/2022\/01\/26\/battre-for-gamla-partier-i-kommunalval\/#primaryimage"},"thumbnailUrl":"https:\/\/www.richardappelbom.se\/wp-content\/uploads\/2022\/01\/sanna-marin.jpg","datePublished":"2022-01-26T22:08:19+00:00","dateModified":"2022-01-26T22:08:20+00:00","author":{"@id":"https:\/\/www.richardappelbom.se\/#\/schema\/person\/98f55ffd095155d902e585f10999a15d"},"description":"De \"gamla\" stora partierna Socialdemokraterna, Centern oh Samlingspartiet (finska M) klarade sig bra i finska regionval. L\u00e5gt valdeltagande","breadcrumb":{"@id":"https:\/\/www.richardappelbom.se\/index.php\/2022\/01\/26\/battre-for-gamla-partier-i-kommunalval\/#breadcrumb"},"inLanguage":"en-US","potentialAction":[{"@type":"ReadAction","target":["https:\/\/www.richardappelbom.se\/index.php\/2022\/01\/26\/battre-for-gamla-partier-i-kommunalval\/"]}]},{"@type":"ImageObject","inLanguage":"en-US","@id":"https:\/\/www.richardappelbom.se\/index.php\/2022\/01\/26\/battre-for-gamla-partier-i-kommunalval\/#primaryimage","url":"https:\/\/www.richardappelbom.se\/wp-content\/uploads\/2022\/01\/sanna-marin.jpg","contentUrl":"https:\/\/www.richardappelbom.se\/wp-content\/uploads\/2022\/01\/sanna-marin.jpg","width":252,"height":200},{"@type":"BreadcrumbList","@id":"https:\/\/www.richardappelbom.se\/index.php\/2022\/01\/26\/battre-for-gamla-partier-i-kommunalval\/#breadcrumb","itemListElement":[{"@type":"ListItem","position":1,"name":"Home","item":"https:\/\/www.richardappelbom.se\/"},{"@type":"ListItem","position":2,"name":"B\u00e4ttre f\u00f6r &#8220;gamla&#8221; partier i kommunalval"}]},{"@type":"WebSite","@id":"https:\/\/www.richardappelbom.se\/#website","url":"https:\/\/www.richardappelbom.se\/","name":"Richard Appelbom","description":"En blogg om val och valsystem","potentialAction":[{"@type":"SearchAction","target":{"@type":"EntryPoint","urlTemplate":"https:\/\/www.richardappelbom.se\/?s={search_term_string}"},"query-input":{"@type":"PropertyValueSpecification","valueRequired":true,"valueName":"search_term_string"}}],"inLanguage":"en-US"},{"@type":"Person","@id":"https:\/\/www.richardappelbom.se\/#\/schema\/person\/98f55ffd095155d902e585f10999a15d","name":"admin","image":{"@type":"ImageObject","inLanguage":"en-US","@id":"https:\/\/secure.gravatar.com\/avatar\/480edd36f6cc3945e6b2db9fdc6f78df2a3fb98b7b27925b8d810863cfa537e7?s=96&d=mm&r=g","url":"https:\/\/secure.gravatar.com\/avatar\/480edd36f6cc3945e6b2db9fdc6f78df2a3fb98b7b27925b8d810863cfa537e7?s=96&d=mm&r=g","contentUrl":"https:\/\/secure.gravatar.com\/avatar\/480edd36f6cc3945e6b2db9fdc6f78df2a3fb98b7b27925b8d810863cfa537e7?s=96&d=mm&r=g","caption":"admin"},"sameAs":["https:\/\/www.facebook.com\/rappelbom","https:\/\/twitter.com\/RichardAppelbom"],"url":"https:\/\/www.richardappelbom.se\/index.php\/author\/ra_j9l6616t\/"}]}},"jetpack_featured_media_url":"","jetpack_sharing_enabled":true,"_links":{"self":[{"href":"https:\/\/www.richardappelbom.se\/index.php\/wp-json\/wp\/v2\/posts\/272","targetHints":{"allow":["GET"]}}],"collection":[{"href":"https:\/\/www.richardappelbom.se\/index.php\/wp-json\/wp\/v2\/posts"}],"about":[{"href":"https:\/\/www.richardappelbom.se\/index.php\/wp-json\/wp\/v2\/types\/post"}],"author":[{"embeddable":true,"href":"https:\/\/www.richardappelbom.se\/index.php\/wp-json\/wp\/v2\/users\/1"}],"replies":[{"embeddable":true,"href":"https:\/\/www.richardappelbom.se\/index.php\/wp-json\/wp\/v2\/comments?post=272"}],"version-history":[{"count":1,"href":"https:\/\/www.richardappelbom.se\/index.php\/wp-json\/wp\/v2\/posts\/272\/revisions"}],"predecessor-version":[{"id":274,"href":"https:\/\/www.richardappelbom.se\/index.php\/wp-json\/wp\/v2\/posts\/272\/revisions\/274"}],"wp:attachment":[{"href":"https:\/\/www.richardappelbom.se\/index.php\/wp-json\/wp\/v2\/media?parent=272"}],"wp:term":[{"taxonomy":"category","embeddable":true,"href":"https:\/\/www.richardappelbom.se\/index.php\/wp-json\/wp\/v2\/categories?post=272"},{"taxonomy":"post_tag","embeddable":true,"href":"https:\/\/www.richardappelbom.se\/index.php\/wp-json\/wp\/v2\/tags?post=272"}],"curies":[{"name":"wp","href":"https:\/\/api.w.org\/{rel}","templated":true}]}}