{"id":284,"date":"2022-03-30T11:08:55","date_gmt":"2022-03-30T11:08:55","guid":{"rendered":"https:\/\/www.richardappelbom.se\/?p=284"},"modified":"2022-03-30T11:08:55","modified_gmt":"2022-03-30T11:08:55","slug":"egen-mandatmajoritet-i-saarland-och-pa-malta-for-socialdemokrater","status":"publish","type":"post","link":"https:\/\/www.richardappelbom.se\/index.php\/2022\/03\/30\/egen-mandatmajoritet-i-saarland-och-pa-malta-for-socialdemokrater\/","title":{"rendered":"Egen mandatmajoritet i Saarland och p\u00e5 Malta f\u00f6r socialdemokrater"},"content":{"rendered":"\n<figure class=\"wp-block-image size-full is-resized\"><img loading=\"lazy\" decoding=\"async\" src=\"https:\/\/www.richardappelbom.se\/wp-content\/uploads\/2022\/03\/Robert-Abela-malta.jpg\" alt=\"\" class=\"wp-image-285\" width=\"426\" height=\"569\"\/><figcaption>Maltas perim\u00e4rminister Robert Abela<\/figcaption><\/figure>\n\n\n\n<figure class=\"wp-block-image size-full is-resized\"><img loading=\"lazy\" decoding=\"async\" src=\"https:\/\/www.richardappelbom.se\/wp-content\/uploads\/2022\/03\/anke-Rehlinger-SPD.jpg\" alt=\"\" class=\"wp-image-286\" width=\"426\" height=\"537\" srcset=\"https:\/\/www.richardappelbom.se\/wp-content\/uploads\/2022\/03\/anke-Rehlinger-SPD.jpg 250w, https:\/\/www.richardappelbom.se\/wp-content\/uploads\/2022\/03\/anke-Rehlinger-SPD-238x300.jpg 238w\" sizes=\"auto, (max-width: 426px) 100vw, 426px\" \/><figcaption>SPD-ledaren i Saarland Anke Rehlinger<\/figcaption><\/figure>\n\n\n\n<p>Valresultaten i ett av EU:s minsta medl\u00e4nder <a href=\"https:\/\/en.wikipedia.org\/wiki\/2022_Maltese_general_election\">Malta<\/a> och i en av Tysllands minsta delstater<a href=\"https:\/\/www.politico.eu\/article\/scholz-social-democrats-win-big-in-saarland-election\/\"> Saarland<\/a> var b\u00e5da ovanliga i dagens ofta fragmenterade politiska landskap. Ett parti (Socialdemokraterna) fick egen mandatmajoritet i b\u00e5da l\u00e4nderna.<\/p>\n\n\n\n<p>P\u00e5 Malta hade Labourpartiet ocks\u00e5 en majoritet av v\u00e4ljarna med 55 procent. Tyska socialdemokraterna SPD hade d\u00e4remot med 43,5 procent mindre \u00e4n h\u00e4lften av r\u00f6sterna, men fick \u00e4nd\u00e5 egen majoritet.<\/p>\n\n\n\n<p>P\u00e5 Malta har Labour vunnit flera val i rad. Bara ett annat parti, tidigare regeringspartiet Nationalistpartiet, fick n\u00e5gra mandat alls. Detta trots att Malta har valsystemet &#8220;single transferable vote&#8221; (STV) som ocks\u00e5 anv\u00e4nds p\u00e5 Irland (b\u00e5de  Republiken och  lokala val p\u00e5 Nordirland) och i lokalval i Skottland. De brittiska Liberaldemokraterna har l\u00e4nge gillat det valsystemet som ett mer r\u00e4ttvist och proportionellt system \u00e4n det brittiska med enpersonsvalkretsar utan utj\u00e4mningsmandat.<\/p>\n\n\n\n<p>Malta har 13 valkretsar med fem mandat i varje. V\u00e4ljarna kan rangordna kandidaterna. De som f\u00e5r mer \u00e4n 20 procents f\u00f6rstahandsr\u00f6ster blir valda, och deras &#8220;\u00f6verskottsr\u00f6ster&#8221; f\u00f6rdelas efter andrahandspreferenserna p\u00e5 \u00f6vriga kandidater. D\u00e4refter elimineras kandidaterna nedifr\u00e5n (minst r\u00f6ster) och deras r\u00f6ster f\u00f6rdelas efter andrahandsr\u00f6sterna p\u00e5 andra kandidater, Kandiater som under r\u00f6str\u00e4kningen n\u00e5r kvotan f\u00f6r att bli vald (20 procent) blir invalda.<\/p>\n\n\n\n<p>Det inneb\u00e4r att sm\u00e5 partier blir elminerade, men stort parti inte gynnas lika tydligt som med enpersonsvalkretsar. P\u00e5 Irland har ocks\u00e5 flera partier f\u00e5tt mandat.<\/p>\n\n\n\n<p>Men s\u00e5 har valsystemet8 inte fungerat p\u00e5 Malta. De tv\u00e5 stotra partierna har beh\u00e5llit sin dominans och inga andra partier har f\u00e5tt n\u00e5gra mandat. Malta \u00e4r h\u00e4r ovanligt genom att de stora partierna har kunnat forts\u00e4tta dominera fullst\u00e4ndigt.<\/p>\n\n\n\n<p><a href=\"https:\/\/en.wikipedia.org\/wiki\/2022_Saarland_state_election\">Saarland har<\/a> likt andra tyska delstater och f\u00f6rbundsdagen en femprocentsp\u00e4rr. D\u00e4remot finns inte, som p\u00e5 andra h\u00e5ll, enpersonsvalkretsar och m\u00e5nga utj\u00e4mningsmandat. H\u00e4r f\u00f6rdelas mandaten i tre valkretsar och en f\u00f6r hela delstaten.<\/p>\n\n\n\n<p>Den h\u00e4r g\u00e5ngen gjorde sp\u00e4rren att det r\u00e4ckte med 43,5 procent f\u00f6r egen majoritet. De Gr\u00f6na fick 4,995 procent av r\u00f6sterna, det fattades 23 (!) r\u00f6ster f\u00f6r att klara sp\u00e4rrgr\u00e4nsen. Liberala FDP fick 4,8 procent, \u00f6sttyska kommunistpartiets arvtagare Linke fick 2,6 procent (en minskning med hela 10,3 procentenheter) och flera andra sm\u00e5partier fick en del spridda r\u00f6ster. Sammantaget r\u00f6stade \u00f6ver 10 procent av v\u00e4ljarna p\u00e5 partier som inte kom in i delstatsparlamentet. De enda som kom med ut\u00f6ver SPD var kristdemokratiska CDU p\u00e5 28,5 procent och h\u00f6gerpopulistiska AfD med 5,7 procent. Det r\u00e4ckte f\u00f6r att ge SPD egen majoritet i mandat r\u00e4knat.<\/p>\n\n\n\n<p>CDU gjorde ett d\u00e5ligt val efter att ha varit st\u00f6rsta parti och styrt tillsammans med SPD i en &#8220;stor&#8221; koalition. Historiskt \u00e4r dock SPD varit starkt i Saarland, men drabbades n\u00e4r den tidigare ledaren Oskar Lafontaine gick \u00f6ver till Linke.<\/p>\n\n\n\n<p>SPD kan vara gl\u00e4dja sig \u00e5t en stor framg\u00e5ng efter att i h\u00f6stas ha blivit st\u00f6rsta regeringsparti p\u00e5 riksplanet.  Koalitionsparterna Gr\u00f6na och FDP missade d\u00e4remot sp\u00e4rrgr\u00e4nsen med knapp marginal.<\/p>\n\n\n\n<p>B\u00e5de rikspolitik och lokala faktorer brukar p\u00e5verka delstatsvalen. Kriget i Ukraina kan ha gynnat SPD och drabbat Linke, som var internt splittrat och nog f\u00f6rlorade p\u00e5 att ha haft en mer positiv syn p\u00e5 Ryssland. SPD hade dock ocks\u00e5 i Anke Rehlinger en popul\u00e4r ledare.<\/p>\n","protected":false},"excerpt":{"rendered":"<p>Valresultaten i ett av EU:s minsta medl\u00e4nder Malta och i en av Tysllands minsta delstater Saarland var b\u00e5da ovanliga i dagens ofta fragmenterade politiska landskap. Ett parti (Socialdemokraterna) fick egen mandatmajoritet i b\u00e5da l\u00e4nderna. P\u00e5 Malta hade Labourpartiet ocks\u00e5 en majoritet av v\u00e4ljarna med 55 procent. Tyska socialdemokraterna SPD hade d\u00e4remot med 43,5 procent mindre [&hellip;]<\/p>\n","protected":false},"author":1,"featured_media":0,"comment_status":"open","ping_status":"closed","sticky":false,"template":"","format":"standard","meta":{"_jetpack_memberships_contains_paid_content":false,"footnotes":""},"categories":[10],"tags":[],"class_list":["post-284","post","type-post","status-publish","format-standard","hentry","category-allman-inlagg"],"yoast_head":"<!-- This site is optimized with the Yoast SEO plugin v27.2 - https:\/\/yoast.com\/product\/yoast-seo-wordpress\/ -->\n<title>Egen mandatmajoritet i Saarland och p\u00e5 Malta f\u00f6r socialdemokrater - Richard Appelbom<\/title>\n<meta name=\"description\" content=\"Valen p\u00e5 Malta och i Saarland (litet land respektive liten delstat) var ovanliga d\u00e5 ett parti fick egen mandatmajoritet\" \/>\n<meta name=\"robots\" content=\"index, follow, max-snippet:-1, max-image-preview:large, max-video-preview:-1\" \/>\n<link rel=\"canonical\" href=\"https:\/\/www.richardappelbom.se\/index.php\/2022\/03\/30\/egen-mandatmajoritet-i-saarland-och-pa-malta-for-socialdemokrater\/\" \/>\n<meta property=\"og:locale\" content=\"en_US\" \/>\n<meta property=\"og:type\" content=\"article\" \/>\n<meta property=\"og:title\" content=\"Egen mandatmajoritet i Saarland och p\u00e5 Malta f\u00f6r socialdemokrater - Richard Appelbom\" \/>\n<meta property=\"og:description\" content=\"Valen p\u00e5 Malta och i Saarland (litet land respektive liten delstat) var ovanliga d\u00e5 ett parti fick egen mandatmajoritet\" \/>\n<meta property=\"og:url\" content=\"https:\/\/www.richardappelbom.se\/index.php\/2022\/03\/30\/egen-mandatmajoritet-i-saarland-och-pa-malta-for-socialdemokrater\/\" \/>\n<meta property=\"og:site_name\" content=\"Richard Appelbom\" \/>\n<meta property=\"article:publisher\" content=\"https:\/\/www.facebook.com\/rappelbom\" \/>\n<meta property=\"article:author\" content=\"https:\/\/www.facebook.com\/rappelbom\" \/>\n<meta property=\"article:published_time\" content=\"2022-03-30T11:08:55+00:00\" \/>\n<meta property=\"og:image\" content=\"https:\/\/www.richardappelbom.se\/wp-content\/uploads\/2022\/03\/Robert-Abela-malta.jpg\" \/>\n<meta name=\"author\" content=\"admin\" \/>\n<meta name=\"twitter:card\" content=\"summary_large_image\" \/>\n<meta name=\"twitter:creator\" content=\"@RichardAppelbom\" \/>\n<meta name=\"twitter:site\" content=\"@RichardAppelbom\" \/>\n<meta name=\"twitter:label1\" content=\"Written by\" \/>\n\t<meta name=\"twitter:data1\" content=\"admin\" \/>\n\t<meta name=\"twitter:label2\" content=\"Est. reading time\" \/>\n\t<meta name=\"twitter:data2\" content=\"3 minutes\" \/>\n<script type=\"application\/ld+json\" class=\"yoast-schema-graph\">{\"@context\":\"https:\/\/schema.org\",\"@graph\":[{\"@type\":\"Article\",\"@id\":\"https:\/\/www.richardappelbom.se\/index.php\/2022\/03\/30\/egen-mandatmajoritet-i-saarland-och-pa-malta-for-socialdemokrater\/#article\",\"isPartOf\":{\"@id\":\"https:\/\/www.richardappelbom.se\/index.php\/2022\/03\/30\/egen-mandatmajoritet-i-saarland-och-pa-malta-for-socialdemokrater\/\"},\"author\":{\"name\":\"admin\",\"@id\":\"https:\/\/www.richardappelbom.se\/#\/schema\/person\/98f55ffd095155d902e585f10999a15d\"},\"headline\":\"Egen mandatmajoritet i Saarland och p\u00e5 Malta f\u00f6r socialdemokrater\",\"datePublished\":\"2022-03-30T11:08:55+00:00\",\"mainEntityOfPage\":{\"@id\":\"https:\/\/www.richardappelbom.se\/index.php\/2022\/03\/30\/egen-mandatmajoritet-i-saarland-och-pa-malta-for-socialdemokrater\/\"},\"wordCount\":593,\"commentCount\":0,\"image\":{\"@id\":\"https:\/\/www.richardappelbom.se\/index.php\/2022\/03\/30\/egen-mandatmajoritet-i-saarland-och-pa-malta-for-socialdemokrater\/#primaryimage\"},\"thumbnailUrl\":\"https:\/\/www.richardappelbom.se\/wp-content\/uploads\/2022\/03\/Robert-Abela-malta.jpg\",\"articleSection\":[\"Allm\u00e4n Posts\"],\"inLanguage\":\"en-US\",\"potentialAction\":[{\"@type\":\"CommentAction\",\"name\":\"Comment\",\"target\":[\"https:\/\/www.richardappelbom.se\/index.php\/2022\/03\/30\/egen-mandatmajoritet-i-saarland-och-pa-malta-for-socialdemokrater\/#respond\"]}]},{\"@type\":\"WebPage\",\"@id\":\"https:\/\/www.richardappelbom.se\/index.php\/2022\/03\/30\/egen-mandatmajoritet-i-saarland-och-pa-malta-for-socialdemokrater\/\",\"url\":\"https:\/\/www.richardappelbom.se\/index.php\/2022\/03\/30\/egen-mandatmajoritet-i-saarland-och-pa-malta-for-socialdemokrater\/\",\"name\":\"Egen mandatmajoritet i Saarland och p\u00e5 Malta f\u00f6r socialdemokrater - Richard Appelbom\",\"isPartOf\":{\"@id\":\"https:\/\/www.richardappelbom.se\/#website\"},\"primaryImageOfPage\":{\"@id\":\"https:\/\/www.richardappelbom.se\/index.php\/2022\/03\/30\/egen-mandatmajoritet-i-saarland-och-pa-malta-for-socialdemokrater\/#primaryimage\"},\"image\":{\"@id\":\"https:\/\/www.richardappelbom.se\/index.php\/2022\/03\/30\/egen-mandatmajoritet-i-saarland-och-pa-malta-for-socialdemokrater\/#primaryimage\"},\"thumbnailUrl\":\"https:\/\/www.richardappelbom.se\/wp-content\/uploads\/2022\/03\/Robert-Abela-malta.jpg\",\"datePublished\":\"2022-03-30T11:08:55+00:00\",\"author\":{\"@id\":\"https:\/\/www.richardappelbom.se\/#\/schema\/person\/98f55ffd095155d902e585f10999a15d\"},\"description\":\"Valen p\u00e5 Malta och i Saarland (litet land respektive liten delstat) var ovanliga d\u00e5 ett parti fick egen mandatmajoritet\",\"breadcrumb\":{\"@id\":\"https:\/\/www.richardappelbom.se\/index.php\/2022\/03\/30\/egen-mandatmajoritet-i-saarland-och-pa-malta-for-socialdemokrater\/#breadcrumb\"},\"inLanguage\":\"en-US\",\"potentialAction\":[{\"@type\":\"ReadAction\",\"target\":[\"https:\/\/www.richardappelbom.se\/index.php\/2022\/03\/30\/egen-mandatmajoritet-i-saarland-och-pa-malta-for-socialdemokrater\/\"]}]},{\"@type\":\"ImageObject\",\"inLanguage\":\"en-US\",\"@id\":\"https:\/\/www.richardappelbom.se\/index.php\/2022\/03\/30\/egen-mandatmajoritet-i-saarland-och-pa-malta-for-socialdemokrater\/#primaryimage\",\"url\":\"https:\/\/www.richardappelbom.se\/wp-content\/uploads\/2022\/03\/Robert-Abela-malta.jpg\",\"contentUrl\":\"https:\/\/www.richardappelbom.se\/wp-content\/uploads\/2022\/03\/Robert-Abela-malta.jpg\",\"width\":220,\"height\":294},{\"@type\":\"BreadcrumbList\",\"@id\":\"https:\/\/www.richardappelbom.se\/index.php\/2022\/03\/30\/egen-mandatmajoritet-i-saarland-och-pa-malta-for-socialdemokrater\/#breadcrumb\",\"itemListElement\":[{\"@type\":\"ListItem\",\"position\":1,\"name\":\"Home\",\"item\":\"https:\/\/www.richardappelbom.se\/\"},{\"@type\":\"ListItem\",\"position\":2,\"name\":\"Egen mandatmajoritet i Saarland och p\u00e5 Malta f\u00f6r socialdemokrater\"}]},{\"@type\":\"WebSite\",\"@id\":\"https:\/\/www.richardappelbom.se\/#website\",\"url\":\"https:\/\/www.richardappelbom.se\/\",\"name\":\"Richard Appelbom\",\"description\":\"En blogg om val och valsystem\",\"potentialAction\":[{\"@type\":\"SearchAction\",\"target\":{\"@type\":\"EntryPoint\",\"urlTemplate\":\"https:\/\/www.richardappelbom.se\/?s={search_term_string}\"},\"query-input\":{\"@type\":\"PropertyValueSpecification\",\"valueRequired\":true,\"valueName\":\"search_term_string\"}}],\"inLanguage\":\"en-US\"},{\"@type\":\"Person\",\"@id\":\"https:\/\/www.richardappelbom.se\/#\/schema\/person\/98f55ffd095155d902e585f10999a15d\",\"name\":\"admin\",\"image\":{\"@type\":\"ImageObject\",\"inLanguage\":\"en-US\",\"@id\":\"https:\/\/secure.gravatar.com\/avatar\/480edd36f6cc3945e6b2db9fdc6f78df2a3fb98b7b27925b8d810863cfa537e7?s=96&d=mm&r=g\",\"url\":\"https:\/\/secure.gravatar.com\/avatar\/480edd36f6cc3945e6b2db9fdc6f78df2a3fb98b7b27925b8d810863cfa537e7?s=96&d=mm&r=g\",\"contentUrl\":\"https:\/\/secure.gravatar.com\/avatar\/480edd36f6cc3945e6b2db9fdc6f78df2a3fb98b7b27925b8d810863cfa537e7?s=96&d=mm&r=g\",\"caption\":\"admin\"},\"sameAs\":[\"https:\/\/www.facebook.com\/rappelbom\",\"https:\/\/twitter.com\/RichardAppelbom\"],\"url\":\"https:\/\/www.richardappelbom.se\/index.php\/author\/ra_j9l6616t\/\"}]}<\/script>\n<!-- \/ Yoast SEO plugin. -->","yoast_head_json":{"title":"Egen mandatmajoritet i Saarland och p\u00e5 Malta f\u00f6r socialdemokrater - Richard Appelbom","description":"Valen p\u00e5 Malta och i Saarland (litet land respektive liten delstat) var ovanliga d\u00e5 ett parti fick egen mandatmajoritet","robots":{"index":"index","follow":"follow","max-snippet":"max-snippet:-1","max-image-preview":"max-image-preview:large","max-video-preview":"max-video-preview:-1"},"canonical":"https:\/\/www.richardappelbom.se\/index.php\/2022\/03\/30\/egen-mandatmajoritet-i-saarland-och-pa-malta-for-socialdemokrater\/","og_locale":"en_US","og_type":"article","og_title":"Egen mandatmajoritet i Saarland och p\u00e5 Malta f\u00f6r socialdemokrater - Richard Appelbom","og_description":"Valen p\u00e5 Malta och i Saarland (litet land respektive liten delstat) var ovanliga d\u00e5 ett parti fick egen mandatmajoritet","og_url":"https:\/\/www.richardappelbom.se\/index.php\/2022\/03\/30\/egen-mandatmajoritet-i-saarland-och-pa-malta-for-socialdemokrater\/","og_site_name":"Richard Appelbom","article_publisher":"https:\/\/www.facebook.com\/rappelbom","article_author":"https:\/\/www.facebook.com\/rappelbom","article_published_time":"2022-03-30T11:08:55+00:00","og_image":[{"url":"https:\/\/www.richardappelbom.se\/wp-content\/uploads\/2022\/03\/Robert-Abela-malta.jpg","type":"","width":"","height":""}],"author":"admin","twitter_card":"summary_large_image","twitter_creator":"@RichardAppelbom","twitter_site":"@RichardAppelbom","twitter_misc":{"Written by":"admin","Est. reading time":"3 minutes"},"schema":{"@context":"https:\/\/schema.org","@graph":[{"@type":"Article","@id":"https:\/\/www.richardappelbom.se\/index.php\/2022\/03\/30\/egen-mandatmajoritet-i-saarland-och-pa-malta-for-socialdemokrater\/#article","isPartOf":{"@id":"https:\/\/www.richardappelbom.se\/index.php\/2022\/03\/30\/egen-mandatmajoritet-i-saarland-och-pa-malta-for-socialdemokrater\/"},"author":{"name":"admin","@id":"https:\/\/www.richardappelbom.se\/#\/schema\/person\/98f55ffd095155d902e585f10999a15d"},"headline":"Egen mandatmajoritet i Saarland och p\u00e5 Malta f\u00f6r socialdemokrater","datePublished":"2022-03-30T11:08:55+00:00","mainEntityOfPage":{"@id":"https:\/\/www.richardappelbom.se\/index.php\/2022\/03\/30\/egen-mandatmajoritet-i-saarland-och-pa-malta-for-socialdemokrater\/"},"wordCount":593,"commentCount":0,"image":{"@id":"https:\/\/www.richardappelbom.se\/index.php\/2022\/03\/30\/egen-mandatmajoritet-i-saarland-och-pa-malta-for-socialdemokrater\/#primaryimage"},"thumbnailUrl":"https:\/\/www.richardappelbom.se\/wp-content\/uploads\/2022\/03\/Robert-Abela-malta.jpg","articleSection":["Allm\u00e4n Posts"],"inLanguage":"en-US","potentialAction":[{"@type":"CommentAction","name":"Comment","target":["https:\/\/www.richardappelbom.se\/index.php\/2022\/03\/30\/egen-mandatmajoritet-i-saarland-och-pa-malta-for-socialdemokrater\/#respond"]}]},{"@type":"WebPage","@id":"https:\/\/www.richardappelbom.se\/index.php\/2022\/03\/30\/egen-mandatmajoritet-i-saarland-och-pa-malta-for-socialdemokrater\/","url":"https:\/\/www.richardappelbom.se\/index.php\/2022\/03\/30\/egen-mandatmajoritet-i-saarland-och-pa-malta-for-socialdemokrater\/","name":"Egen mandatmajoritet i Saarland och p\u00e5 Malta f\u00f6r socialdemokrater - Richard Appelbom","isPartOf":{"@id":"https:\/\/www.richardappelbom.se\/#website"},"primaryImageOfPage":{"@id":"https:\/\/www.richardappelbom.se\/index.php\/2022\/03\/30\/egen-mandatmajoritet-i-saarland-och-pa-malta-for-socialdemokrater\/#primaryimage"},"image":{"@id":"https:\/\/www.richardappelbom.se\/index.php\/2022\/03\/30\/egen-mandatmajoritet-i-saarland-och-pa-malta-for-socialdemokrater\/#primaryimage"},"thumbnailUrl":"https:\/\/www.richardappelbom.se\/wp-content\/uploads\/2022\/03\/Robert-Abela-malta.jpg","datePublished":"2022-03-30T11:08:55+00:00","author":{"@id":"https:\/\/www.richardappelbom.se\/#\/schema\/person\/98f55ffd095155d902e585f10999a15d"},"description":"Valen p\u00e5 Malta och i Saarland (litet land respektive liten delstat) var ovanliga d\u00e5 ett parti fick egen mandatmajoritet","breadcrumb":{"@id":"https:\/\/www.richardappelbom.se\/index.php\/2022\/03\/30\/egen-mandatmajoritet-i-saarland-och-pa-malta-for-socialdemokrater\/#breadcrumb"},"inLanguage":"en-US","potentialAction":[{"@type":"ReadAction","target":["https:\/\/www.richardappelbom.se\/index.php\/2022\/03\/30\/egen-mandatmajoritet-i-saarland-och-pa-malta-for-socialdemokrater\/"]}]},{"@type":"ImageObject","inLanguage":"en-US","@id":"https:\/\/www.richardappelbom.se\/index.php\/2022\/03\/30\/egen-mandatmajoritet-i-saarland-och-pa-malta-for-socialdemokrater\/#primaryimage","url":"https:\/\/www.richardappelbom.se\/wp-content\/uploads\/2022\/03\/Robert-Abela-malta.jpg","contentUrl":"https:\/\/www.richardappelbom.se\/wp-content\/uploads\/2022\/03\/Robert-Abela-malta.jpg","width":220,"height":294},{"@type":"BreadcrumbList","@id":"https:\/\/www.richardappelbom.se\/index.php\/2022\/03\/30\/egen-mandatmajoritet-i-saarland-och-pa-malta-for-socialdemokrater\/#breadcrumb","itemListElement":[{"@type":"ListItem","position":1,"name":"Home","item":"https:\/\/www.richardappelbom.se\/"},{"@type":"ListItem","position":2,"name":"Egen mandatmajoritet i Saarland och p\u00e5 Malta f\u00f6r socialdemokrater"}]},{"@type":"WebSite","@id":"https:\/\/www.richardappelbom.se\/#website","url":"https:\/\/www.richardappelbom.se\/","name":"Richard Appelbom","description":"En blogg om val och valsystem","potentialAction":[{"@type":"SearchAction","target":{"@type":"EntryPoint","urlTemplate":"https:\/\/www.richardappelbom.se\/?s={search_term_string}"},"query-input":{"@type":"PropertyValueSpecification","valueRequired":true,"valueName":"search_term_string"}}],"inLanguage":"en-US"},{"@type":"Person","@id":"https:\/\/www.richardappelbom.se\/#\/schema\/person\/98f55ffd095155d902e585f10999a15d","name":"admin","image":{"@type":"ImageObject","inLanguage":"en-US","@id":"https:\/\/secure.gravatar.com\/avatar\/480edd36f6cc3945e6b2db9fdc6f78df2a3fb98b7b27925b8d810863cfa537e7?s=96&d=mm&r=g","url":"https:\/\/secure.gravatar.com\/avatar\/480edd36f6cc3945e6b2db9fdc6f78df2a3fb98b7b27925b8d810863cfa537e7?s=96&d=mm&r=g","contentUrl":"https:\/\/secure.gravatar.com\/avatar\/480edd36f6cc3945e6b2db9fdc6f78df2a3fb98b7b27925b8d810863cfa537e7?s=96&d=mm&r=g","caption":"admin"},"sameAs":["https:\/\/www.facebook.com\/rappelbom","https:\/\/twitter.com\/RichardAppelbom"],"url":"https:\/\/www.richardappelbom.se\/index.php\/author\/ra_j9l6616t\/"}]}},"jetpack_featured_media_url":"","jetpack_sharing_enabled":true,"_links":{"self":[{"href":"https:\/\/www.richardappelbom.se\/index.php\/wp-json\/wp\/v2\/posts\/284","targetHints":{"allow":["GET"]}}],"collection":[{"href":"https:\/\/www.richardappelbom.se\/index.php\/wp-json\/wp\/v2\/posts"}],"about":[{"href":"https:\/\/www.richardappelbom.se\/index.php\/wp-json\/wp\/v2\/types\/post"}],"author":[{"embeddable":true,"href":"https:\/\/www.richardappelbom.se\/index.php\/wp-json\/wp\/v2\/users\/1"}],"replies":[{"embeddable":true,"href":"https:\/\/www.richardappelbom.se\/index.php\/wp-json\/wp\/v2\/comments?post=284"}],"version-history":[{"count":2,"href":"https:\/\/www.richardappelbom.se\/index.php\/wp-json\/wp\/v2\/posts\/284\/revisions"}],"predecessor-version":[{"id":288,"href":"https:\/\/www.richardappelbom.se\/index.php\/wp-json\/wp\/v2\/posts\/284\/revisions\/288"}],"wp:attachment":[{"href":"https:\/\/www.richardappelbom.se\/index.php\/wp-json\/wp\/v2\/media?parent=284"}],"wp:term":[{"taxonomy":"category","embeddable":true,"href":"https:\/\/www.richardappelbom.se\/index.php\/wp-json\/wp\/v2\/categories?post=284"},{"taxonomy":"post_tag","embeddable":true,"href":"https:\/\/www.richardappelbom.se\/index.php\/wp-json\/wp\/v2\/tags?post=284"}],"curies":[{"name":"wp","href":"https:\/\/api.w.org\/{rel}","templated":true}]}}