{"id":290,"date":"2022-04-09T09:51:15","date_gmt":"2022-04-09T09:51:15","guid":{"rendered":"https:\/\/www.richardappelbom.se\/?p=290"},"modified":"2022-04-09T09:51:16","modified_gmt":"2022-04-09T09:51:16","slug":"putin-skramde-inte-ungerska-och-serbiska-valjare","status":"publish","type":"post","link":"https:\/\/www.richardappelbom.se\/index.php\/2022\/04\/09\/putin-skramde-inte-ungerska-och-serbiska-valjare\/","title":{"rendered":"Putin skr\u00e4mde inte ungerska och serbiska v\u00e4ljare"},"content":{"rendered":"\n<figure class=\"wp-block-image size-full is-resized\"><img loading=\"lazy\" decoding=\"async\" src=\"https:\/\/www.richardappelbom.se\/wp-content\/uploads\/2022\/04\/orban.jpg\" alt=\"\" class=\"wp-image-291\" width=\"553\" height=\"368\"\/><\/figure>\n\n\n\n<figure class=\"wp-block-image size-full is-resized\"><img loading=\"lazy\" decoding=\"async\" src=\"https:\/\/www.richardappelbom.se\/wp-content\/uploads\/2022\/04\/aleksandar-vucic.jpg\" alt=\"\" class=\"wp-image-292\" width=\"555\" height=\"454\"\/><figcaption>Ungerns premi\u00e4rminister Viktor Orban och Serbiens president Aleksandar Vucic blev omvalda.<\/figcaption><\/figure>\n\n\n\n<p>Inf\u00f6r valet i Ungern fanns f\u00f6rhoppningar om att Viktor Orbans allmer auktorit\u00e4ra styre skulle brytas. Han har varit premi\u00e4rminister sedan 2010 och varningsklockorna har ringt. Regimen har f\u00e5tt kritik f\u00f6r att minska domstolars oberoende och f\u00f6r att skaffa sig ett stort \u00f6vertag i medier.<\/p>\n\n\n\n<p>EU har \u00f6kat trycket och hotat med indragna bidrag. Orbans parti Fidesz har l\u00e4mnat den konservativa och kristdemokratiska gruppen i EU-parlamentet.<\/p>\n\n\n\n<p>Orban har odlat v\u00e4nskap med president Putin i Ryssland. Han har visserligen slutit upp bakom EU:s sanktioner och en halv miljon flyktingar har kommit Ungern fr\u00e5n Ukraina. Men Orban har sagt nej till egen vapenhj\u00e4lp till Ukraina eller att l\u00e5ta andra l\u00e4nder transportera vapen genom Ungern. Ukrainas president Zelensky har kritiserat Orbans linje i konflikten.<\/p>\n\n\n\n<p>Oppositionen borde d\u00e4rf\u00f6r ha kunnat vinna v\u00e4ljare p\u00e5 sin slogan \u201dOrban eller Europa\u201d. Enligt BBC har dock de dominerande medierna&nbsp; givit en mot Ryssland mindre kritisk bild, d\u00e4r skudb\u00f6rdan har f\u00f6rdelats&nbsp; mer lika mellan Ryssland och Ukraina\/Nato.<\/p>\n\n\n\n<p>Valobservat\u00f6rer fr\u00e5n Organisationen f\u00f6r s\u00e4kerhet och samarbete i Europa (OSSE) s\u00e5g \u00a0inte valfusk, men lyfte fram att villkoren var oj\u00e4mlika fr\u00e4mst genom regeringspartiets \u00f6vertag i media. Detta kombinerat med r\u00e4dsla f\u00f6r att dras in i konflikten visade sig tala f\u00f6r regerande Fidesz.<\/p>\n\n\n\n<p><a href=\"https:\/\/en.wikipedia.org\/wiki\/2022_Hungarian_parliamentary_election\">Valresultat blev en stor seger f\u00f6r Orban<\/a> och Fidesz. Partiet fick inte bara en egen majoritet, utan med 135 av parlamentets 199 mandat tv\u00e5 tredjedels majoritet. Det g\u00f6r det m\u00f6jligt f\u00f6r Fidesz att \u00e4ndra spelreglerna. N\u00e5got partiet har utnyttjat tidigare..<\/p>\n\n\n\n<p>Majoriteten var dock inte lika \u00f6vertygande bland v\u00e4ljarna. Fidesz fick 53 procent av r\u00f6sterna men 68 procent av mandaten. S\u00e5 har det varit i de senaste valen. Fidesz har f\u00e5tt runt h\u00e4lften av mandaten men egen kvalificerad majoritet.<\/p>\n\n\n\n<p>Valsystemet gynnar stora partier, och regimen har genom \u00e4ndringar st\u00e4rkt det \u00f6vertaget. Ungern har en kombination av enpersonsvalkretsar och proportionellt f\u00f6rdelade mandat.<\/p>\n\n\n\n<p>Enpersonsvalkretsar gynnar st\u00f6rre partier. Utj\u00e4mningsmandat, som finns i Tyskland och Sverige, f\u00f6rdelas f\u00f6r att kompensera f\u00f6r st\u00f6rre partiers \u00f6vertag. Det g\u00e4ller inte n\u00e4r de extra mandaten, som i Ungen, f\u00f6rdelas proportionellt mellan partierna.<\/p>\n\n\n\n<p>Tidigare hade Ungern likt Frankrike val i tv\u00e5 omg\u00e5ngar i enpersonsvalkretsar och d\u00e4rut\u00f6ver proportionellt f\u00f6rdelade mandat. Fidesz minskade 2012 parlamentet fr\u00e5n 386 till 199 ledam\u00f6ter. &nbsp;106 v\u00e4ljs fr\u00e5n enpersonsvalkretsar, en h\u00f6gre andel \u00e4n tidigare och d\u00e4r den med flest r\u00f6ster i f\u00f6rsta omg\u00e5ngen blir vald.<\/p>\n\n\n\n<p>De st\u00f6rre och f\u00e4rre valkretsarna anses ha bildats p\u00e5 ett s\u00e4tt som gynnar Fidesz. Dessutom \u00f6ppnades en m\u00f6jlighet f\u00f6r ungersktalande i grannl\u00e4nder att bli medborgare och f\u00e5\u00a0 r\u00f6sta om de proportionella mandaten. 2018 ska enligt Wikipedia 96 procent av dem ha r\u00f6stat p\u00e5 Fidesz.<\/p>\n\n\n\n<p>Valsystemet gjorde att oppositionen fr\u00e5n v\u00e4nster till h\u00f6ger enades och lanserade en kanddiat i enpersonsvalkretsarna. Det blev en mycket brokig koalition och kan d\u00e4rigenom ha bidragit till till det d\u00e5liga resultatet f\u00f6r oppositionen.  <\/p>\n\n\n\n<p>Viktor Orban kan med sin valseger h\u00e4vda ett folkligt mandat. Men hans otydliga linje om Ukraina har retat upp tidigare bundsf\u00f6rvanter som Polens regeringsparti. Vill EU sl\u00e5 till med minskade bidrag kan detta d\u00e4rf\u00f6r vara ett bra tillf\u00e4lle d\u00e5 Orban \u00e4r isolerad om Ukraina. Valsegerns s\u00f6tma kan bli kortvarig f\u00f6r Viktor Orban.<\/p>\n\n\n\n<p><a href=\"https:\/\/en.wikipedia.org\/wiki\/2022_Serbian_general_election\">I Serbien vann<\/a> president Aleksandar Vucic och hans SNS-koalition president- och parlamentsvalen. Parlamentsvalen \u00e4r proportionella med en enda nationell valkrets och en treprocentsp\u00e4rr. SNS och Vucic balanserar mellan Ryssland och EU. De vill bli EU-medlemmar, men beh\u00e5la band till Ryssland och motsatte sig sanktioner efter Ukrainainvasionen. SNS fick 43 procent i parlamentsvalen, och d\u00e4rmed inte egen majoritet. Partiet har dock tidigare samarbetat med Socialistpartiet, efterf\u00f6ljare tiill president kommunistpartiet, som fick 12 procent. Det partiet f\u00f6rordar n\u00e4rmare kontakter med Kina och Ryssland.<\/p>\n\n\n\n<p>Vucic har f\u00e5tt kritik f\u00f6r auktorit\u00e4ra tendenser och har n\u00e4ra kontakter med Orban och Fidesz. S\u00e5 n\u00e4rhet till Putin och Ryssland skr\u00e4mde inte v\u00e4ljarna i Ungern och Serbien, men det l\u00e4r bli allt sv\u00e5rare att balansera mellan EU och Ryssland<\/p>\n","protected":false},"excerpt":{"rendered":"<p>Inf\u00f6r valet i Ungern fanns f\u00f6rhoppningar om att Viktor Orbans allmer auktorit\u00e4ra styre skulle brytas. Han har varit premi\u00e4rminister sedan 2010 och varningsklockorna har ringt. Regimen har f\u00e5tt kritik f\u00f6r att minska domstolars oberoende och f\u00f6r att skaffa sig ett stort \u00f6vertag i medier. EU har \u00f6kat trycket och hotat med indragna bidrag. Orbans parti [&hellip;]<\/p>\n","protected":false},"author":1,"featured_media":0,"comment_status":"open","ping_status":"closed","sticky":false,"template":"","format":"standard","meta":{"_jetpack_memberships_contains_paid_content":false,"footnotes":""},"categories":[10],"tags":[],"class_list":["post-290","post","type-post","status-publish","format-standard","hentry","category-allman-inlagg"],"yoast_head":"<!-- This site is optimized with the Yoast SEO plugin v27.2 - https:\/\/yoast.com\/product\/yoast-seo-wordpress\/ -->\n<title>Putin skr\u00e4mde inte ungerska och serbiska v\u00e4ljare - Richard Appelbom<\/title>\n<meta name=\"description\" content=\"Segrar i Ungern och Serbien f\u00f6r politiker som f\u00e5tt kritik f\u00f6r auktorit\u00e4ra tendenser och f\u00f6r samarbete med Putins Ryssland\" \/>\n<meta name=\"robots\" content=\"index, follow, max-snippet:-1, max-image-preview:large, max-video-preview:-1\" \/>\n<link rel=\"canonical\" href=\"https:\/\/www.richardappelbom.se\/index.php\/2022\/04\/09\/putin-skramde-inte-ungerska-och-serbiska-valjare\/\" \/>\n<meta property=\"og:locale\" content=\"en_US\" \/>\n<meta property=\"og:type\" content=\"article\" \/>\n<meta property=\"og:title\" content=\"Putin skr\u00e4mde inte ungerska och serbiska v\u00e4ljare - Richard Appelbom\" \/>\n<meta property=\"og:description\" content=\"Segrar i Ungern och Serbien f\u00f6r politiker som f\u00e5tt kritik f\u00f6r auktorit\u00e4ra tendenser och f\u00f6r samarbete med Putins Ryssland\" \/>\n<meta property=\"og:url\" content=\"https:\/\/www.richardappelbom.se\/index.php\/2022\/04\/09\/putin-skramde-inte-ungerska-och-serbiska-valjare\/\" \/>\n<meta property=\"og:site_name\" content=\"Richard Appelbom\" \/>\n<meta property=\"article:publisher\" content=\"https:\/\/www.facebook.com\/rappelbom\" \/>\n<meta property=\"article:author\" content=\"https:\/\/www.facebook.com\/rappelbom\" \/>\n<meta property=\"article:published_time\" content=\"2022-04-09T09:51:15+00:00\" \/>\n<meta property=\"article:modified_time\" content=\"2022-04-09T09:51:16+00:00\" \/>\n<meta property=\"og:image\" content=\"https:\/\/www.richardappelbom.se\/wp-content\/uploads\/2022\/04\/orban.jpg\" \/>\n<meta name=\"author\" content=\"admin\" \/>\n<meta name=\"twitter:card\" content=\"summary_large_image\" \/>\n<meta name=\"twitter:creator\" content=\"@RichardAppelbom\" \/>\n<meta name=\"twitter:site\" content=\"@RichardAppelbom\" \/>\n<meta name=\"twitter:label1\" content=\"Written by\" \/>\n\t<meta name=\"twitter:data1\" content=\"admin\" \/>\n\t<meta name=\"twitter:label2\" content=\"Est. reading time\" \/>\n\t<meta name=\"twitter:data2\" content=\"4 minutes\" \/>\n<script type=\"application\/ld+json\" class=\"yoast-schema-graph\">{\"@context\":\"https:\/\/schema.org\",\"@graph\":[{\"@type\":\"Article\",\"@id\":\"https:\/\/www.richardappelbom.se\/index.php\/2022\/04\/09\/putin-skramde-inte-ungerska-och-serbiska-valjare\/#article\",\"isPartOf\":{\"@id\":\"https:\/\/www.richardappelbom.se\/index.php\/2022\/04\/09\/putin-skramde-inte-ungerska-och-serbiska-valjare\/\"},\"author\":{\"name\":\"admin\",\"@id\":\"https:\/\/www.richardappelbom.se\/#\/schema\/person\/98f55ffd095155d902e585f10999a15d\"},\"headline\":\"Putin skr\u00e4mde inte ungerska och serbiska v\u00e4ljare\",\"datePublished\":\"2022-04-09T09:51:15+00:00\",\"dateModified\":\"2022-04-09T09:51:16+00:00\",\"mainEntityOfPage\":{\"@id\":\"https:\/\/www.richardappelbom.se\/index.php\/2022\/04\/09\/putin-skramde-inte-ungerska-och-serbiska-valjare\/\"},\"wordCount\":738,\"commentCount\":0,\"image\":{\"@id\":\"https:\/\/www.richardappelbom.se\/index.php\/2022\/04\/09\/putin-skramde-inte-ungerska-och-serbiska-valjare\/#primaryimage\"},\"thumbnailUrl\":\"https:\/\/www.richardappelbom.se\/wp-content\/uploads\/2022\/04\/orban.jpg\",\"articleSection\":[\"Allm\u00e4n Posts\"],\"inLanguage\":\"en-US\",\"potentialAction\":[{\"@type\":\"CommentAction\",\"name\":\"Comment\",\"target\":[\"https:\/\/www.richardappelbom.se\/index.php\/2022\/04\/09\/putin-skramde-inte-ungerska-och-serbiska-valjare\/#respond\"]}]},{\"@type\":\"WebPage\",\"@id\":\"https:\/\/www.richardappelbom.se\/index.php\/2022\/04\/09\/putin-skramde-inte-ungerska-och-serbiska-valjare\/\",\"url\":\"https:\/\/www.richardappelbom.se\/index.php\/2022\/04\/09\/putin-skramde-inte-ungerska-och-serbiska-valjare\/\",\"name\":\"Putin skr\u00e4mde inte ungerska och serbiska v\u00e4ljare - Richard Appelbom\",\"isPartOf\":{\"@id\":\"https:\/\/www.richardappelbom.se\/#website\"},\"primaryImageOfPage\":{\"@id\":\"https:\/\/www.richardappelbom.se\/index.php\/2022\/04\/09\/putin-skramde-inte-ungerska-och-serbiska-valjare\/#primaryimage\"},\"image\":{\"@id\":\"https:\/\/www.richardappelbom.se\/index.php\/2022\/04\/09\/putin-skramde-inte-ungerska-och-serbiska-valjare\/#primaryimage\"},\"thumbnailUrl\":\"https:\/\/www.richardappelbom.se\/wp-content\/uploads\/2022\/04\/orban.jpg\",\"datePublished\":\"2022-04-09T09:51:15+00:00\",\"dateModified\":\"2022-04-09T09:51:16+00:00\",\"author\":{\"@id\":\"https:\/\/www.richardappelbom.se\/#\/schema\/person\/98f55ffd095155d902e585f10999a15d\"},\"description\":\"Segrar i Ungern och Serbien f\u00f6r politiker som f\u00e5tt kritik f\u00f6r auktorit\u00e4ra tendenser och f\u00f6r samarbete med Putins Ryssland\",\"breadcrumb\":{\"@id\":\"https:\/\/www.richardappelbom.se\/index.php\/2022\/04\/09\/putin-skramde-inte-ungerska-och-serbiska-valjare\/#breadcrumb\"},\"inLanguage\":\"en-US\",\"potentialAction\":[{\"@type\":\"ReadAction\",\"target\":[\"https:\/\/www.richardappelbom.se\/index.php\/2022\/04\/09\/putin-skramde-inte-ungerska-och-serbiska-valjare\/\"]}]},{\"@type\":\"ImageObject\",\"inLanguage\":\"en-US\",\"@id\":\"https:\/\/www.richardappelbom.se\/index.php\/2022\/04\/09\/putin-skramde-inte-ungerska-och-serbiska-valjare\/#primaryimage\",\"url\":\"https:\/\/www.richardappelbom.se\/wp-content\/uploads\/2022\/04\/orban.jpg\",\"contentUrl\":\"https:\/\/www.richardappelbom.se\/wp-content\/uploads\/2022\/04\/orban.jpg\",\"width\":275,\"height\":183},{\"@type\":\"BreadcrumbList\",\"@id\":\"https:\/\/www.richardappelbom.se\/index.php\/2022\/04\/09\/putin-skramde-inte-ungerska-och-serbiska-valjare\/#breadcrumb\",\"itemListElement\":[{\"@type\":\"ListItem\",\"position\":1,\"name\":\"Home\",\"item\":\"https:\/\/www.richardappelbom.se\/\"},{\"@type\":\"ListItem\",\"position\":2,\"name\":\"Putin skr\u00e4mde inte ungerska och serbiska v\u00e4ljare\"}]},{\"@type\":\"WebSite\",\"@id\":\"https:\/\/www.richardappelbom.se\/#website\",\"url\":\"https:\/\/www.richardappelbom.se\/\",\"name\":\"Richard Appelbom\",\"description\":\"En blogg om val och valsystem\",\"potentialAction\":[{\"@type\":\"SearchAction\",\"target\":{\"@type\":\"EntryPoint\",\"urlTemplate\":\"https:\/\/www.richardappelbom.se\/?s={search_term_string}\"},\"query-input\":{\"@type\":\"PropertyValueSpecification\",\"valueRequired\":true,\"valueName\":\"search_term_string\"}}],\"inLanguage\":\"en-US\"},{\"@type\":\"Person\",\"@id\":\"https:\/\/www.richardappelbom.se\/#\/schema\/person\/98f55ffd095155d902e585f10999a15d\",\"name\":\"admin\",\"image\":{\"@type\":\"ImageObject\",\"inLanguage\":\"en-US\",\"@id\":\"https:\/\/secure.gravatar.com\/avatar\/480edd36f6cc3945e6b2db9fdc6f78df2a3fb98b7b27925b8d810863cfa537e7?s=96&d=mm&r=g\",\"url\":\"https:\/\/secure.gravatar.com\/avatar\/480edd36f6cc3945e6b2db9fdc6f78df2a3fb98b7b27925b8d810863cfa537e7?s=96&d=mm&r=g\",\"contentUrl\":\"https:\/\/secure.gravatar.com\/avatar\/480edd36f6cc3945e6b2db9fdc6f78df2a3fb98b7b27925b8d810863cfa537e7?s=96&d=mm&r=g\",\"caption\":\"admin\"},\"sameAs\":[\"https:\/\/www.facebook.com\/rappelbom\",\"https:\/\/twitter.com\/RichardAppelbom\"],\"url\":\"https:\/\/www.richardappelbom.se\/index.php\/author\/ra_j9l6616t\/\"}]}<\/script>\n<!-- \/ Yoast SEO plugin. -->","yoast_head_json":{"title":"Putin skr\u00e4mde inte ungerska och serbiska v\u00e4ljare - Richard Appelbom","description":"Segrar i Ungern och Serbien f\u00f6r politiker som f\u00e5tt kritik f\u00f6r auktorit\u00e4ra tendenser och f\u00f6r samarbete med Putins Ryssland","robots":{"index":"index","follow":"follow","max-snippet":"max-snippet:-1","max-image-preview":"max-image-preview:large","max-video-preview":"max-video-preview:-1"},"canonical":"https:\/\/www.richardappelbom.se\/index.php\/2022\/04\/09\/putin-skramde-inte-ungerska-och-serbiska-valjare\/","og_locale":"en_US","og_type":"article","og_title":"Putin skr\u00e4mde inte ungerska och serbiska v\u00e4ljare - Richard Appelbom","og_description":"Segrar i Ungern och Serbien f\u00f6r politiker som f\u00e5tt kritik f\u00f6r auktorit\u00e4ra tendenser och f\u00f6r samarbete med Putins Ryssland","og_url":"https:\/\/www.richardappelbom.se\/index.php\/2022\/04\/09\/putin-skramde-inte-ungerska-och-serbiska-valjare\/","og_site_name":"Richard Appelbom","article_publisher":"https:\/\/www.facebook.com\/rappelbom","article_author":"https:\/\/www.facebook.com\/rappelbom","article_published_time":"2022-04-09T09:51:15+00:00","article_modified_time":"2022-04-09T09:51:16+00:00","og_image":[{"url":"https:\/\/www.richardappelbom.se\/wp-content\/uploads\/2022\/04\/orban.jpg","type":"","width":"","height":""}],"author":"admin","twitter_card":"summary_large_image","twitter_creator":"@RichardAppelbom","twitter_site":"@RichardAppelbom","twitter_misc":{"Written by":"admin","Est. reading time":"4 minutes"},"schema":{"@context":"https:\/\/schema.org","@graph":[{"@type":"Article","@id":"https:\/\/www.richardappelbom.se\/index.php\/2022\/04\/09\/putin-skramde-inte-ungerska-och-serbiska-valjare\/#article","isPartOf":{"@id":"https:\/\/www.richardappelbom.se\/index.php\/2022\/04\/09\/putin-skramde-inte-ungerska-och-serbiska-valjare\/"},"author":{"name":"admin","@id":"https:\/\/www.richardappelbom.se\/#\/schema\/person\/98f55ffd095155d902e585f10999a15d"},"headline":"Putin skr\u00e4mde inte ungerska och serbiska v\u00e4ljare","datePublished":"2022-04-09T09:51:15+00:00","dateModified":"2022-04-09T09:51:16+00:00","mainEntityOfPage":{"@id":"https:\/\/www.richardappelbom.se\/index.php\/2022\/04\/09\/putin-skramde-inte-ungerska-och-serbiska-valjare\/"},"wordCount":738,"commentCount":0,"image":{"@id":"https:\/\/www.richardappelbom.se\/index.php\/2022\/04\/09\/putin-skramde-inte-ungerska-och-serbiska-valjare\/#primaryimage"},"thumbnailUrl":"https:\/\/www.richardappelbom.se\/wp-content\/uploads\/2022\/04\/orban.jpg","articleSection":["Allm\u00e4n Posts"],"inLanguage":"en-US","potentialAction":[{"@type":"CommentAction","name":"Comment","target":["https:\/\/www.richardappelbom.se\/index.php\/2022\/04\/09\/putin-skramde-inte-ungerska-och-serbiska-valjare\/#respond"]}]},{"@type":"WebPage","@id":"https:\/\/www.richardappelbom.se\/index.php\/2022\/04\/09\/putin-skramde-inte-ungerska-och-serbiska-valjare\/","url":"https:\/\/www.richardappelbom.se\/index.php\/2022\/04\/09\/putin-skramde-inte-ungerska-och-serbiska-valjare\/","name":"Putin skr\u00e4mde inte ungerska och serbiska v\u00e4ljare - Richard Appelbom","isPartOf":{"@id":"https:\/\/www.richardappelbom.se\/#website"},"primaryImageOfPage":{"@id":"https:\/\/www.richardappelbom.se\/index.php\/2022\/04\/09\/putin-skramde-inte-ungerska-och-serbiska-valjare\/#primaryimage"},"image":{"@id":"https:\/\/www.richardappelbom.se\/index.php\/2022\/04\/09\/putin-skramde-inte-ungerska-och-serbiska-valjare\/#primaryimage"},"thumbnailUrl":"https:\/\/www.richardappelbom.se\/wp-content\/uploads\/2022\/04\/orban.jpg","datePublished":"2022-04-09T09:51:15+00:00","dateModified":"2022-04-09T09:51:16+00:00","author":{"@id":"https:\/\/www.richardappelbom.se\/#\/schema\/person\/98f55ffd095155d902e585f10999a15d"},"description":"Segrar i Ungern och Serbien f\u00f6r politiker som f\u00e5tt kritik f\u00f6r auktorit\u00e4ra tendenser och f\u00f6r samarbete med Putins Ryssland","breadcrumb":{"@id":"https:\/\/www.richardappelbom.se\/index.php\/2022\/04\/09\/putin-skramde-inte-ungerska-och-serbiska-valjare\/#breadcrumb"},"inLanguage":"en-US","potentialAction":[{"@type":"ReadAction","target":["https:\/\/www.richardappelbom.se\/index.php\/2022\/04\/09\/putin-skramde-inte-ungerska-och-serbiska-valjare\/"]}]},{"@type":"ImageObject","inLanguage":"en-US","@id":"https:\/\/www.richardappelbom.se\/index.php\/2022\/04\/09\/putin-skramde-inte-ungerska-och-serbiska-valjare\/#primaryimage","url":"https:\/\/www.richardappelbom.se\/wp-content\/uploads\/2022\/04\/orban.jpg","contentUrl":"https:\/\/www.richardappelbom.se\/wp-content\/uploads\/2022\/04\/orban.jpg","width":275,"height":183},{"@type":"BreadcrumbList","@id":"https:\/\/www.richardappelbom.se\/index.php\/2022\/04\/09\/putin-skramde-inte-ungerska-och-serbiska-valjare\/#breadcrumb","itemListElement":[{"@type":"ListItem","position":1,"name":"Home","item":"https:\/\/www.richardappelbom.se\/"},{"@type":"ListItem","position":2,"name":"Putin skr\u00e4mde inte ungerska och serbiska v\u00e4ljare"}]},{"@type":"WebSite","@id":"https:\/\/www.richardappelbom.se\/#website","url":"https:\/\/www.richardappelbom.se\/","name":"Richard Appelbom","description":"En blogg om val och valsystem","potentialAction":[{"@type":"SearchAction","target":{"@type":"EntryPoint","urlTemplate":"https:\/\/www.richardappelbom.se\/?s={search_term_string}"},"query-input":{"@type":"PropertyValueSpecification","valueRequired":true,"valueName":"search_term_string"}}],"inLanguage":"en-US"},{"@type":"Person","@id":"https:\/\/www.richardappelbom.se\/#\/schema\/person\/98f55ffd095155d902e585f10999a15d","name":"admin","image":{"@type":"ImageObject","inLanguage":"en-US","@id":"https:\/\/secure.gravatar.com\/avatar\/480edd36f6cc3945e6b2db9fdc6f78df2a3fb98b7b27925b8d810863cfa537e7?s=96&d=mm&r=g","url":"https:\/\/secure.gravatar.com\/avatar\/480edd36f6cc3945e6b2db9fdc6f78df2a3fb98b7b27925b8d810863cfa537e7?s=96&d=mm&r=g","contentUrl":"https:\/\/secure.gravatar.com\/avatar\/480edd36f6cc3945e6b2db9fdc6f78df2a3fb98b7b27925b8d810863cfa537e7?s=96&d=mm&r=g","caption":"admin"},"sameAs":["https:\/\/www.facebook.com\/rappelbom","https:\/\/twitter.com\/RichardAppelbom"],"url":"https:\/\/www.richardappelbom.se\/index.php\/author\/ra_j9l6616t\/"}]}},"jetpack_featured_media_url":"","jetpack_sharing_enabled":true,"_links":{"self":[{"href":"https:\/\/www.richardappelbom.se\/index.php\/wp-json\/wp\/v2\/posts\/290","targetHints":{"allow":["GET"]}}],"collection":[{"href":"https:\/\/www.richardappelbom.se\/index.php\/wp-json\/wp\/v2\/posts"}],"about":[{"href":"https:\/\/www.richardappelbom.se\/index.php\/wp-json\/wp\/v2\/types\/post"}],"author":[{"embeddable":true,"href":"https:\/\/www.richardappelbom.se\/index.php\/wp-json\/wp\/v2\/users\/1"}],"replies":[{"embeddable":true,"href":"https:\/\/www.richardappelbom.se\/index.php\/wp-json\/wp\/v2\/comments?post=290"}],"version-history":[{"count":1,"href":"https:\/\/www.richardappelbom.se\/index.php\/wp-json\/wp\/v2\/posts\/290\/revisions"}],"predecessor-version":[{"id":293,"href":"https:\/\/www.richardappelbom.se\/index.php\/wp-json\/wp\/v2\/posts\/290\/revisions\/293"}],"wp:attachment":[{"href":"https:\/\/www.richardappelbom.se\/index.php\/wp-json\/wp\/v2\/media?parent=290"}],"wp:term":[{"taxonomy":"category","embeddable":true,"href":"https:\/\/www.richardappelbom.se\/index.php\/wp-json\/wp\/v2\/categories?post=290"},{"taxonomy":"post_tag","embeddable":true,"href":"https:\/\/www.richardappelbom.se\/index.php\/wp-json\/wp\/v2\/tags?post=290"}],"curies":[{"name":"wp","href":"https:\/\/api.w.org\/{rel}","templated":true}]}}