{"id":294,"date":"2022-04-12T10:27:18","date_gmt":"2022-04-12T10:27:18","guid":{"rendered":"https:\/\/www.richardappelbom.se\/?p=294"},"modified":"2022-04-12T10:27:19","modified_gmt":"2022-04-12T10:27:19","slug":"manga-taktikrostade-i-franska-valet","status":"publish","type":"post","link":"https:\/\/www.richardappelbom.se\/index.php\/2022\/04\/12\/manga-taktikrostade-i-franska-valet\/","title":{"rendered":"M\u00e5nga taktikr\u00f6stade i franska valet"},"content":{"rendered":"\n<figure class=\"wp-block-image size-full is-resized\"><img loading=\"lazy\" decoding=\"async\" src=\"https:\/\/www.richardappelbom.se\/wp-content\/uploads\/2022\/04\/macron.jpg\" alt=\"\" class=\"wp-image-295\" width=\"570\" height=\"403\"\/><\/figure>\n\n\n\n<figure class=\"wp-block-image size-full is-resized\"><img loading=\"lazy\" decoding=\"async\" src=\"https:\/\/www.richardappelbom.se\/wp-content\/uploads\/2022\/04\/le-pen.jpg\" alt=\"\" class=\"wp-image-296\" width=\"573\" height=\"380\"\/><figcaption>President Emmanuel Macron och Marine Le Pen gick vidare till andra omg\u00e5ngeni det franska presidentvalet.<\/figcaption><\/figure>\n\n\n\n<p>F\u00f6rsta omg\u00e5ngen i <a href=\"https:\/\/en.wikipedia.org\/wiki\/2022_French_presidential_election\">franska presidentvalet<\/a> blev som opinionsunders\u00f6kningarna hade f\u00f6rutsp\u00e5tt.  Liberala president Macron och h\u00f6gernationalistiska Marine Le Pen gick vidare till andra omg\u00e5ngen. Macron med 27,8 och Le Pen med 23,1 procent. De sista veckornas uppg\u00e5ng f\u00f6r v\u00e4nsterkandidaten Jean-Luc Melenchon fortsatte och han kom med 21,9 procent n\u00e4stan i kapp Le Pen.<\/p>\n\n\n\n<p><a href=\"https:\/\/www.politico.eu\/france-presidential-election-2022\/\">Analyser av valet<\/a> och partisystemets sammanbrott finns p\u00e5 m\u00e5nga h\u00e5ll, h\u00e4r mer om valsystemets effekter. Om ingen kandidat f\u00e5r mer \u00e4n 50 procent i f\u00f6rsta valomg\u00e5ngen g\u00e5r de tv\u00e5 med flest r\u00f6ster vidare till en andra och avg\u00f6rande omg\u00e5ng. Det har sagts att i f\u00f6rsta ronden kan v\u00e4ljarna &#8220;r\u00f6sta med hj\u00e4rtat&#8221;, det vill s\u00e4ga p\u00e5 den kandidat de gillar mest. I andra ommg\u00e5ngen kan de r\u00f6sta p\u00e5 den som skulle bli b\u00e4st (minst d\u00e5lig) som president. <\/p>\n\n\n\n<p>I praktiken tycks de inte ha g\u00e5tt till s\u00e5. M\u00e5nga v\u00e4ljare verkar redan i f\u00f6rsta omg\u00e5ngen ha taktikr\u00f6stat ,&#8221;vote utile&#8221;, som det talades mycket om p\u00e5 tv-valvakan. Melenchon gick fram, och fler v\u00e4ljare till v\u00e4nster verkar ha d\u00e5 ha best\u00e4mt sig f\u00f6r att r\u00f6sta p\u00e5 honom f\u00f6r att kunna sl\u00e5 ut Marine le Pen och g\u00e5 vidare till andra omg\u00e5ngen. De andra v\u00e4nsterkandidaterna gjorde riktigt d\u00e5liga resultat, det tidigare statsb\u00e4rande Socialisternas Anne Hidalgo fick bara 1,8 procent.<\/p>\n\n\n\n<p>H\u00f6gerextrema (mer extrem \u00e4n Le Pen) Eric Zemmour och de ocks\u00e5 tidigare statsb\u00e4rande Republikanernas Valerie Pecresse tappade de sista veckorna. Gissningsvis gick en del av Zemmours v\u00e4ljare till Le Pen och Pecresses till Macron.<\/p>\n\n\n\n<p>Det vore b\u00e4ttre med ett preferenssystem d\u00e4r v\u00e4ljarna fick rangordna kandidaterna. F\u00f6r att undvika massor med kandidater kunde det r\u00e4cka med att de fick rangordna tre kandidater. N\u00e4r alla f\u00f6rstahandsr\u00f6ster r\u00e4knats f\u00f6rdelas andrahandsr\u00f6sterna nedifr\u00e5n p\u00e5 \u00e5terst\u00e5ende kandidater tills n\u00e5gon n\u00e5r 50 procent. D\u00e5 kan v\u00e4ljare r\u00f6sta p\u00e5 sin favoritkandidat, men sedan om denna sl\u00e5s ut \u00e4nd\u00e5 p\u00e5verka st\u00e4llningen mellan toppkandidaterna. <\/p>\n\n\n\n<p>Med ett s\u00e5dant valsystem hade kandidaternas och deras partis verkliga styrka b\u00e4ttre framkommit i f\u00f6rsta omg\u00e5ngen och taktikr\u00f6stande kunnat undvikas. Om det anses ha ett egenv\u00e4rde i en avg\u00f6rande valomg\u00e5ng d\u00e4r tv\u00e5 kandidater uts\u00e4tts f\u00f6r en st\u00f6rre pr\u00f6vning och granskning kunde r\u00f6str\u00e4kningen avbrytas n\u00e4r tre kandidater \u00e5terst\u00e5r. Har d\u00e5 ingen av dem 50 procent kunde de tv\u00e5 med flest r\u00f6ster kunnat g\u00e5 vidare till en avg\u00f6rande omg\u00e5ng.<\/p>\n","protected":false},"excerpt":{"rendered":"<p>F\u00f6rsta omg\u00e5ngen i franska presidentvalet blev som opinionsunders\u00f6kningarna hade f\u00f6rutsp\u00e5tt. Liberala president Macron och h\u00f6gernationalistiska Marine Le Pen gick vidare till andra omg\u00e5ngen. Macron med 27,8 och Le Pen med 23,1 procent. De sista veckornas uppg\u00e5ng f\u00f6r v\u00e4nsterkandidaten Jean-Luc Melenchon fortsatte och han kom med 21,9 procent n\u00e4stan i kapp Le Pen. Analyser av valet [&hellip;]<\/p>\n","protected":false},"author":1,"featured_media":0,"comment_status":"open","ping_status":"closed","sticky":false,"template":"","format":"standard","meta":{"_jetpack_memberships_contains_paid_content":false,"footnotes":""},"categories":[10],"tags":[],"class_list":["post-294","post","type-post","status-publish","format-standard","hentry","category-allman-inlagg"],"yoast_head":"<!-- This site is optimized with the Yoast SEO plugin v27.2 - https:\/\/yoast.com\/product\/yoast-seo-wordpress\/ -->\n<title>M\u00e5nga taktikr\u00f6stade i franska valet - Richard Appelbom<\/title>\n<meta name=\"description\" content=\"Mycket taktikr\u00f6stane i franska presidentvalet. Ett valsystem d\u00e4r v\u00e4ljarna kunde ranagordna kandidater skulle ge en mer r\u00e4ttvisande resultat..\" \/>\n<meta name=\"robots\" content=\"index, follow, max-snippet:-1, max-image-preview:large, max-video-preview:-1\" \/>\n<link rel=\"canonical\" href=\"https:\/\/www.richardappelbom.se\/index.php\/2022\/04\/12\/manga-taktikrostade-i-franska-valet\/\" \/>\n<meta property=\"og:locale\" content=\"en_US\" \/>\n<meta property=\"og:type\" content=\"article\" \/>\n<meta property=\"og:title\" content=\"M\u00e5nga taktikr\u00f6stade i franska valet - Richard Appelbom\" \/>\n<meta property=\"og:description\" content=\"Mycket taktikr\u00f6stane i franska presidentvalet. Ett valsystem d\u00e4r v\u00e4ljarna kunde ranagordna kandidater skulle ge en mer r\u00e4ttvisande resultat..\" \/>\n<meta property=\"og:url\" content=\"https:\/\/www.richardappelbom.se\/index.php\/2022\/04\/12\/manga-taktikrostade-i-franska-valet\/\" \/>\n<meta property=\"og:site_name\" content=\"Richard Appelbom\" \/>\n<meta property=\"article:publisher\" content=\"https:\/\/www.facebook.com\/rappelbom\" \/>\n<meta property=\"article:author\" content=\"https:\/\/www.facebook.com\/rappelbom\" \/>\n<meta property=\"article:published_time\" content=\"2022-04-12T10:27:18+00:00\" \/>\n<meta property=\"article:modified_time\" content=\"2022-04-12T10:27:19+00:00\" \/>\n<meta property=\"og:image\" content=\"https:\/\/www.richardappelbom.se\/wp-content\/uploads\/2022\/04\/macron.jpg\" \/>\n<meta name=\"author\" content=\"admin\" \/>\n<meta name=\"twitter:card\" content=\"summary_large_image\" \/>\n<meta name=\"twitter:creator\" content=\"@RichardAppelbom\" \/>\n<meta name=\"twitter:site\" content=\"@RichardAppelbom\" \/>\n<meta name=\"twitter:label1\" content=\"Written by\" \/>\n\t<meta name=\"twitter:data1\" content=\"admin\" \/>\n\t<meta name=\"twitter:label2\" content=\"Est. reading time\" \/>\n\t<meta name=\"twitter:data2\" content=\"3 minutes\" \/>\n<script type=\"application\/ld+json\" class=\"yoast-schema-graph\">{\"@context\":\"https:\/\/schema.org\",\"@graph\":[{\"@type\":\"Article\",\"@id\":\"https:\/\/www.richardappelbom.se\/index.php\/2022\/04\/12\/manga-taktikrostade-i-franska-valet\/#article\",\"isPartOf\":{\"@id\":\"https:\/\/www.richardappelbom.se\/index.php\/2022\/04\/12\/manga-taktikrostade-i-franska-valet\/\"},\"author\":{\"name\":\"admin\",\"@id\":\"https:\/\/www.richardappelbom.se\/#\/schema\/person\/98f55ffd095155d902e585f10999a15d\"},\"headline\":\"M\u00e5nga taktikr\u00f6stade i franska valet\",\"datePublished\":\"2022-04-12T10:27:18+00:00\",\"dateModified\":\"2022-04-12T10:27:19+00:00\",\"mainEntityOfPage\":{\"@id\":\"https:\/\/www.richardappelbom.se\/index.php\/2022\/04\/12\/manga-taktikrostade-i-franska-valet\/\"},\"wordCount\":471,\"commentCount\":0,\"image\":{\"@id\":\"https:\/\/www.richardappelbom.se\/index.php\/2022\/04\/12\/manga-taktikrostade-i-franska-valet\/#primaryimage\"},\"thumbnailUrl\":\"https:\/\/www.richardappelbom.se\/wp-content\/uploads\/2022\/04\/macron.jpg\",\"articleSection\":[\"Allm\u00e4n Posts\"],\"inLanguage\":\"en-US\",\"potentialAction\":[{\"@type\":\"CommentAction\",\"name\":\"Comment\",\"target\":[\"https:\/\/www.richardappelbom.se\/index.php\/2022\/04\/12\/manga-taktikrostade-i-franska-valet\/#respond\"]}]},{\"@type\":\"WebPage\",\"@id\":\"https:\/\/www.richardappelbom.se\/index.php\/2022\/04\/12\/manga-taktikrostade-i-franska-valet\/\",\"url\":\"https:\/\/www.richardappelbom.se\/index.php\/2022\/04\/12\/manga-taktikrostade-i-franska-valet\/\",\"name\":\"M\u00e5nga taktikr\u00f6stade i franska valet - Richard Appelbom\",\"isPartOf\":{\"@id\":\"https:\/\/www.richardappelbom.se\/#website\"},\"primaryImageOfPage\":{\"@id\":\"https:\/\/www.richardappelbom.se\/index.php\/2022\/04\/12\/manga-taktikrostade-i-franska-valet\/#primaryimage\"},\"image\":{\"@id\":\"https:\/\/www.richardappelbom.se\/index.php\/2022\/04\/12\/manga-taktikrostade-i-franska-valet\/#primaryimage\"},\"thumbnailUrl\":\"https:\/\/www.richardappelbom.se\/wp-content\/uploads\/2022\/04\/macron.jpg\",\"datePublished\":\"2022-04-12T10:27:18+00:00\",\"dateModified\":\"2022-04-12T10:27:19+00:00\",\"author\":{\"@id\":\"https:\/\/www.richardappelbom.se\/#\/schema\/person\/98f55ffd095155d902e585f10999a15d\"},\"description\":\"Mycket taktikr\u00f6stane i franska presidentvalet. Ett valsystem d\u00e4r v\u00e4ljarna kunde ranagordna kandidater skulle ge en mer r\u00e4ttvisande resultat..\",\"breadcrumb\":{\"@id\":\"https:\/\/www.richardappelbom.se\/index.php\/2022\/04\/12\/manga-taktikrostade-i-franska-valet\/#breadcrumb\"},\"inLanguage\":\"en-US\",\"potentialAction\":[{\"@type\":\"ReadAction\",\"target\":[\"https:\/\/www.richardappelbom.se\/index.php\/2022\/04\/12\/manga-taktikrostade-i-franska-valet\/\"]}]},{\"@type\":\"ImageObject\",\"inLanguage\":\"en-US\",\"@id\":\"https:\/\/www.richardappelbom.se\/index.php\/2022\/04\/12\/manga-taktikrostade-i-franska-valet\/#primaryimage\",\"url\":\"https:\/\/www.richardappelbom.se\/wp-content\/uploads\/2022\/04\/macron.jpg\",\"contentUrl\":\"https:\/\/www.richardappelbom.se\/wp-content\/uploads\/2022\/04\/macron.jpg\",\"width\":267,\"height\":189},{\"@type\":\"BreadcrumbList\",\"@id\":\"https:\/\/www.richardappelbom.se\/index.php\/2022\/04\/12\/manga-taktikrostade-i-franska-valet\/#breadcrumb\",\"itemListElement\":[{\"@type\":\"ListItem\",\"position\":1,\"name\":\"Home\",\"item\":\"https:\/\/www.richardappelbom.se\/\"},{\"@type\":\"ListItem\",\"position\":2,\"name\":\"M\u00e5nga taktikr\u00f6stade i franska valet\"}]},{\"@type\":\"WebSite\",\"@id\":\"https:\/\/www.richardappelbom.se\/#website\",\"url\":\"https:\/\/www.richardappelbom.se\/\",\"name\":\"Richard Appelbom\",\"description\":\"En blogg om val och valsystem\",\"potentialAction\":[{\"@type\":\"SearchAction\",\"target\":{\"@type\":\"EntryPoint\",\"urlTemplate\":\"https:\/\/www.richardappelbom.se\/?s={search_term_string}\"},\"query-input\":{\"@type\":\"PropertyValueSpecification\",\"valueRequired\":true,\"valueName\":\"search_term_string\"}}],\"inLanguage\":\"en-US\"},{\"@type\":\"Person\",\"@id\":\"https:\/\/www.richardappelbom.se\/#\/schema\/person\/98f55ffd095155d902e585f10999a15d\",\"name\":\"admin\",\"image\":{\"@type\":\"ImageObject\",\"inLanguage\":\"en-US\",\"@id\":\"https:\/\/secure.gravatar.com\/avatar\/480edd36f6cc3945e6b2db9fdc6f78df2a3fb98b7b27925b8d810863cfa537e7?s=96&d=mm&r=g\",\"url\":\"https:\/\/secure.gravatar.com\/avatar\/480edd36f6cc3945e6b2db9fdc6f78df2a3fb98b7b27925b8d810863cfa537e7?s=96&d=mm&r=g\",\"contentUrl\":\"https:\/\/secure.gravatar.com\/avatar\/480edd36f6cc3945e6b2db9fdc6f78df2a3fb98b7b27925b8d810863cfa537e7?s=96&d=mm&r=g\",\"caption\":\"admin\"},\"sameAs\":[\"https:\/\/www.facebook.com\/rappelbom\",\"https:\/\/twitter.com\/RichardAppelbom\"],\"url\":\"https:\/\/www.richardappelbom.se\/index.php\/author\/ra_j9l6616t\/\"}]}<\/script>\n<!-- \/ Yoast SEO plugin. -->","yoast_head_json":{"title":"M\u00e5nga taktikr\u00f6stade i franska valet - Richard Appelbom","description":"Mycket taktikr\u00f6stane i franska presidentvalet. Ett valsystem d\u00e4r v\u00e4ljarna kunde ranagordna kandidater skulle ge en mer r\u00e4ttvisande resultat..","robots":{"index":"index","follow":"follow","max-snippet":"max-snippet:-1","max-image-preview":"max-image-preview:large","max-video-preview":"max-video-preview:-1"},"canonical":"https:\/\/www.richardappelbom.se\/index.php\/2022\/04\/12\/manga-taktikrostade-i-franska-valet\/","og_locale":"en_US","og_type":"article","og_title":"M\u00e5nga taktikr\u00f6stade i franska valet - Richard Appelbom","og_description":"Mycket taktikr\u00f6stane i franska presidentvalet. Ett valsystem d\u00e4r v\u00e4ljarna kunde ranagordna kandidater skulle ge en mer r\u00e4ttvisande resultat..","og_url":"https:\/\/www.richardappelbom.se\/index.php\/2022\/04\/12\/manga-taktikrostade-i-franska-valet\/","og_site_name":"Richard Appelbom","article_publisher":"https:\/\/www.facebook.com\/rappelbom","article_author":"https:\/\/www.facebook.com\/rappelbom","article_published_time":"2022-04-12T10:27:18+00:00","article_modified_time":"2022-04-12T10:27:19+00:00","og_image":[{"url":"https:\/\/www.richardappelbom.se\/wp-content\/uploads\/2022\/04\/macron.jpg","type":"","width":"","height":""}],"author":"admin","twitter_card":"summary_large_image","twitter_creator":"@RichardAppelbom","twitter_site":"@RichardAppelbom","twitter_misc":{"Written by":"admin","Est. reading time":"3 minutes"},"schema":{"@context":"https:\/\/schema.org","@graph":[{"@type":"Article","@id":"https:\/\/www.richardappelbom.se\/index.php\/2022\/04\/12\/manga-taktikrostade-i-franska-valet\/#article","isPartOf":{"@id":"https:\/\/www.richardappelbom.se\/index.php\/2022\/04\/12\/manga-taktikrostade-i-franska-valet\/"},"author":{"name":"admin","@id":"https:\/\/www.richardappelbom.se\/#\/schema\/person\/98f55ffd095155d902e585f10999a15d"},"headline":"M\u00e5nga taktikr\u00f6stade i franska valet","datePublished":"2022-04-12T10:27:18+00:00","dateModified":"2022-04-12T10:27:19+00:00","mainEntityOfPage":{"@id":"https:\/\/www.richardappelbom.se\/index.php\/2022\/04\/12\/manga-taktikrostade-i-franska-valet\/"},"wordCount":471,"commentCount":0,"image":{"@id":"https:\/\/www.richardappelbom.se\/index.php\/2022\/04\/12\/manga-taktikrostade-i-franska-valet\/#primaryimage"},"thumbnailUrl":"https:\/\/www.richardappelbom.se\/wp-content\/uploads\/2022\/04\/macron.jpg","articleSection":["Allm\u00e4n Posts"],"inLanguage":"en-US","potentialAction":[{"@type":"CommentAction","name":"Comment","target":["https:\/\/www.richardappelbom.se\/index.php\/2022\/04\/12\/manga-taktikrostade-i-franska-valet\/#respond"]}]},{"@type":"WebPage","@id":"https:\/\/www.richardappelbom.se\/index.php\/2022\/04\/12\/manga-taktikrostade-i-franska-valet\/","url":"https:\/\/www.richardappelbom.se\/index.php\/2022\/04\/12\/manga-taktikrostade-i-franska-valet\/","name":"M\u00e5nga taktikr\u00f6stade i franska valet - Richard Appelbom","isPartOf":{"@id":"https:\/\/www.richardappelbom.se\/#website"},"primaryImageOfPage":{"@id":"https:\/\/www.richardappelbom.se\/index.php\/2022\/04\/12\/manga-taktikrostade-i-franska-valet\/#primaryimage"},"image":{"@id":"https:\/\/www.richardappelbom.se\/index.php\/2022\/04\/12\/manga-taktikrostade-i-franska-valet\/#primaryimage"},"thumbnailUrl":"https:\/\/www.richardappelbom.se\/wp-content\/uploads\/2022\/04\/macron.jpg","datePublished":"2022-04-12T10:27:18+00:00","dateModified":"2022-04-12T10:27:19+00:00","author":{"@id":"https:\/\/www.richardappelbom.se\/#\/schema\/person\/98f55ffd095155d902e585f10999a15d"},"description":"Mycket taktikr\u00f6stane i franska presidentvalet. Ett valsystem d\u00e4r v\u00e4ljarna kunde ranagordna kandidater skulle ge en mer r\u00e4ttvisande resultat..","breadcrumb":{"@id":"https:\/\/www.richardappelbom.se\/index.php\/2022\/04\/12\/manga-taktikrostade-i-franska-valet\/#breadcrumb"},"inLanguage":"en-US","potentialAction":[{"@type":"ReadAction","target":["https:\/\/www.richardappelbom.se\/index.php\/2022\/04\/12\/manga-taktikrostade-i-franska-valet\/"]}]},{"@type":"ImageObject","inLanguage":"en-US","@id":"https:\/\/www.richardappelbom.se\/index.php\/2022\/04\/12\/manga-taktikrostade-i-franska-valet\/#primaryimage","url":"https:\/\/www.richardappelbom.se\/wp-content\/uploads\/2022\/04\/macron.jpg","contentUrl":"https:\/\/www.richardappelbom.se\/wp-content\/uploads\/2022\/04\/macron.jpg","width":267,"height":189},{"@type":"BreadcrumbList","@id":"https:\/\/www.richardappelbom.se\/index.php\/2022\/04\/12\/manga-taktikrostade-i-franska-valet\/#breadcrumb","itemListElement":[{"@type":"ListItem","position":1,"name":"Home","item":"https:\/\/www.richardappelbom.se\/"},{"@type":"ListItem","position":2,"name":"M\u00e5nga taktikr\u00f6stade i franska valet"}]},{"@type":"WebSite","@id":"https:\/\/www.richardappelbom.se\/#website","url":"https:\/\/www.richardappelbom.se\/","name":"Richard Appelbom","description":"En blogg om val och valsystem","potentialAction":[{"@type":"SearchAction","target":{"@type":"EntryPoint","urlTemplate":"https:\/\/www.richardappelbom.se\/?s={search_term_string}"},"query-input":{"@type":"PropertyValueSpecification","valueRequired":true,"valueName":"search_term_string"}}],"inLanguage":"en-US"},{"@type":"Person","@id":"https:\/\/www.richardappelbom.se\/#\/schema\/person\/98f55ffd095155d902e585f10999a15d","name":"admin","image":{"@type":"ImageObject","inLanguage":"en-US","@id":"https:\/\/secure.gravatar.com\/avatar\/480edd36f6cc3945e6b2db9fdc6f78df2a3fb98b7b27925b8d810863cfa537e7?s=96&d=mm&r=g","url":"https:\/\/secure.gravatar.com\/avatar\/480edd36f6cc3945e6b2db9fdc6f78df2a3fb98b7b27925b8d810863cfa537e7?s=96&d=mm&r=g","contentUrl":"https:\/\/secure.gravatar.com\/avatar\/480edd36f6cc3945e6b2db9fdc6f78df2a3fb98b7b27925b8d810863cfa537e7?s=96&d=mm&r=g","caption":"admin"},"sameAs":["https:\/\/www.facebook.com\/rappelbom","https:\/\/twitter.com\/RichardAppelbom"],"url":"https:\/\/www.richardappelbom.se\/index.php\/author\/ra_j9l6616t\/"}]}},"jetpack_featured_media_url":"","jetpack_sharing_enabled":true,"_links":{"self":[{"href":"https:\/\/www.richardappelbom.se\/index.php\/wp-json\/wp\/v2\/posts\/294","targetHints":{"allow":["GET"]}}],"collection":[{"href":"https:\/\/www.richardappelbom.se\/index.php\/wp-json\/wp\/v2\/posts"}],"about":[{"href":"https:\/\/www.richardappelbom.se\/index.php\/wp-json\/wp\/v2\/types\/post"}],"author":[{"embeddable":true,"href":"https:\/\/www.richardappelbom.se\/index.php\/wp-json\/wp\/v2\/users\/1"}],"replies":[{"embeddable":true,"href":"https:\/\/www.richardappelbom.se\/index.php\/wp-json\/wp\/v2\/comments?post=294"}],"version-history":[{"count":1,"href":"https:\/\/www.richardappelbom.se\/index.php\/wp-json\/wp\/v2\/posts\/294\/revisions"}],"predecessor-version":[{"id":297,"href":"https:\/\/www.richardappelbom.se\/index.php\/wp-json\/wp\/v2\/posts\/294\/revisions\/297"}],"wp:attachment":[{"href":"https:\/\/www.richardappelbom.se\/index.php\/wp-json\/wp\/v2\/media?parent=294"}],"wp:term":[{"taxonomy":"category","embeddable":true,"href":"https:\/\/www.richardappelbom.se\/index.php\/wp-json\/wp\/v2\/categories?post=294"},{"taxonomy":"post_tag","embeddable":true,"href":"https:\/\/www.richardappelbom.se\/index.php\/wp-json\/wp\/v2\/tags?post=294"}],"curies":[{"name":"wp","href":"https:\/\/api.w.org\/{rel}","templated":true}]}}