{"id":299,"date":"2022-04-25T17:19:50","date_gmt":"2022-04-25T17:19:50","guid":{"rendered":"https:\/\/www.richardappelbom.se\/?p=299"},"modified":"2022-04-25T17:19:50","modified_gmt":"2022-04-25T17:19:50","slug":"manga-roster-under-protest-i-frankrike-och-bortkastade-i-slovenien","status":"publish","type":"post","link":"https:\/\/www.richardappelbom.se\/index.php\/2022\/04\/25\/manga-roster-under-protest-i-frankrike-och-bortkastade-i-slovenien\/","title":{"rendered":"M\u00e5nga r\u00f6ster under protest i Frankrike och &#8220;bortkastade&#8221; i Slovenien"},"content":{"rendered":"\n<figure class=\"wp-block-image size-full is-resized\"><img loading=\"lazy\" decoding=\"async\" src=\"https:\/\/www.richardappelbom.se\/wp-content\/uploads\/2022\/04\/macron-1.jpg\" alt=\"\" class=\"wp-image-300\" width=\"521\" height=\"369\"\/><\/figure>\n\n\n\n<p>President Macron blev omvald som president i Frankrike<\/p>\n\n\n\n<figure class=\"wp-block-image size-full is-resized\"><img loading=\"lazy\" decoding=\"async\" src=\"https:\/\/www.richardappelbom.se\/wp-content\/uploads\/2022\/04\/le-pen-1.jpg\" alt=\"\" class=\"wp-image-301\" width=\"480\" height=\"318\"\/><figcaption>Marine Le Pen f\u00f6rlorade igen mot Emmanuel Macron<\/figcaption><\/figure>\n\n\n\n<p>Andra valomg\u00e5ngen i det franska presidentvalet blev <a href=\"https:\/\/en.wikipedia.org\/wiki\/2022_French_presidential_election\">en klar seger<\/a> f\u00f6r sittande Emmanuel Macron med 58,5 mot 41,5 procent f\u00f6r utmanaren Marine Le Pen.. Det var inte \u00f6verraskande, <a href=\"https:\/\/fr.wikipedia.org\/wiki\/Liste_de_sondages_sur_l%27%C3%A9lection_pr%C3%A9sidentielle_fran%C3%A7aise_de_2022\">opininsm\u00e4tningar visade <\/a>en \u00f6kande ledning f\u00f6r Macron de sista veckorna n\u00e4r det bara var Macron och Le Pen kvar. Ingen sen m\u00e4tning visade s\u00e5 l\u00e5gt st\u00f6d som 41.5 f\u00f6r Le Pen.<\/p>\n\n\n\n<p>J\u00e4mf\u00f6rt med f\u00f6rra presidentvalet 2017 gjorde h\u00f6gerpopulistiska (eller extremh\u00f6ger som de s\u00e4ger i Frankrike) Le Pen en klar framryckning. D\u00e5 fick hon bara 33,9 procent. Men j\u00e4mf\u00f6rt med f\u00f6r n\u00e5gra veckor sedan tappade Le Pen st\u00f6d.<\/p>\n\n\n\n<p>Partiet tycks ha sv\u00e5rt att f\u00e5 alla v\u00e4ljare att g\u00e5 och r\u00f6sta. Det \u00e4r inte f\u00f6rsta g\u00e5ngen valresultat har varit en besvikelse j\u00e4mf\u00f6rt med f\u00f6rv\u00e4ntningarna hos Le Pens Nationell samling. Marine Le Pen verkar inte heller riktigt klara den granskning presidentkandidater uts\u00e4tts f\u00f6r i andra omg\u00e5ngen av presidentvalet. F\u00f6rra g\u00e5ngen var hon d\u00e5lig i en debatt, den h\u00e4r g\u00e5ngen f\u00f6ll st\u00f6det sakta men s\u00e4kert. <\/p>\n\n\n\n<p>M\u00e5nga v\u00e4nsterv\u00e4ljare h\u00f6ll f\u00f6r n\u00e4san och r\u00f6stade f\u00f6r Macron f\u00f6r att stoppa Le Pen. Andra avstod eller r\u00f6stade blankt. Valdeltagandet var j\u00e4mf\u00f6relsevis l\u00e5gt med 72 procent. S\u00e5 l\u00e5gt har det inte varit sedan 1969 i den andra valomg\u00e5ngen. D\u00e4rut\u00f6ver var det hela 8,6 procent av de som deltog som <a href=\"https:\/\/www.france24.com\/en\/europe\/20220425-five-takeaways-from-france-s-presidential-vote\">r\u00f6stade blankt.<\/a><\/p>\n\n\n\n<p>Det kan bli s\u00e5 n\u00e4r bara tv\u00e5 kandidater \u00e5terst\u00e5r i den andra omg\u00e5ngen. Men n\u00e4r statsb\u00e4rande Republikaner\/gaullister till h\u00f6ger stod mot statsb\u00e4rande socialister till v\u00e4nster var det f\u00f6r de flesta v\u00e4ljare ett av alternativen acceptabelt. Nu har de tidigare dominerande paratierna kollapsat, och v\u00e4ljarna delade sig i runda tal i 30 procent ytterv\u00e4nster, 40 procent mitten och 30 procent ytterh\u00f6ger. Det \u00e4r oroande f\u00f6r den l\u00e5ngsiktiga stabiliteten i den franska demokratin.<\/p>\n\n\n\n<p>Nu stundar parlamentsval i tv\u00e5 omg\u00e5ngar i 577 enpesonsvalkretsar. P\u00e5 valnatten talade v\u00e4nstern om att nu skulle Macron stoppas och den besegrade v\u00e4nsterkandidaten Melenchon bli premi\u00e4rminister.<\/p>\n\n\n\n<p>S\u00e5 vida inte Socialisterna och Republikanerna g\u00f6r en stark comeback blir det m\u00e5nga valkretsar d\u00e4r en Macronanh\u00e4ngare st\u00e4lls mot antingen en h\u00f6gerpopulist eller en v\u00e4nsterkandiat. I en del valkrestar kan det bli s\u00e5 att alla grupperna har en kandidat i andra omg\u00e5ngen. F\u00f6r att g\u00e5 vidare kr\u00e4vs 12,5 procent av de r\u00f6stber\u00e4ttigade, vilket brukar motsvara drygt 20 procent av de r\u00f6stande. (Och att ingen f\u00e5r mer \u00e4n 50 procent, f\u00f6r d\u00e5 blir det ingen andra omg\u00e5ng. )<\/p>\n\n\n\n<p>D\u00e5 blir dilemmat detsamma som i presidentvalet. Om de r\u00f6star p\u00e5 den &#8220;minst d\u00e5liga&#8221; kommer Macronkandidaten att ofta vinna och d\u00e4rmed kan Macronpartiet En Marche f\u00e5 majoritet i parlamentet. <\/p>\n\n\n\n<p>Om m\u00e5nga valde att inte r\u00f6sta i Frankrike var det m\u00e5nga som i<a href=\"https:\/\/en.wikipedia.org\/wiki\/2022_Slovenian_parliamentary_election\"> valet i Slovenien r<\/a>\u00f6stade p\u00e5 partier som inte klarade sp\u00e4rrgr\u00e4nsen p\u00e5 4 procent. Ett nybildat mittenparti Frihetsr\u00f6relsen med en gr\u00f6n och liberal profil fick 35 procent och blev klart st\u00f6rst. Sittande regeringspartiet SDS har under premi\u00e4rminister Janez Jansa har anklagats f\u00f6r att driva Slovenien i auktorit\u00e4<a href=\"https:\/\/www.politico.eu\/article\/janez-jansa-suffers-heavy-defeat-as-newcomer-party-wins-slovenian-election\/\">r riktning<\/a> de senaste tv\u00e5 \u00e5ren. Partiet h\u00f6ll i stort st\u00e4llningarna med 23,5 procent. <\/p>\n\n\n\n<p>P\u00e5fallande ofta kan helt nya partier f\u00e5 v\u00e4ldig framg\u00e5ng i forna \u00f6ststater (liksom f\u00f6r \u00f6vrigt Macrons parti i valet 2017 i Frankrike). Vi f\u00e5r se om det kan bli mer stabilt den h\u00e4r g\u00e5ngen.  Frihetsr\u00f6relsen kan bilda majoritet med Socialdemokraterna i parlamentet, som har 90 platser. <\/p>\n\n\n\n<p>Partierna har dock bara drygt 40 procent av r\u00f6sterna och Sloveinen har ett proportionellt valsystem men en sp\u00e4rr p\u00e5 4 procent. Hela 24 procent av v\u00e4ljarna r\u00f6stade p\u00e5 partier som inte klarade sp\u00e4rren. De r\u00f6sterna var bortkastade n\u00e4r mandaten f\u00f6rdelas, och d\u00e5 r\u00e4ckte 40 procent till egen majoritet. <\/p>\n\n\n\n<p>Det kan sl\u00e5 fel  n\u00e4r en av fyra v\u00e4ljares r\u00f6ster inte p\u00e5verkar mandatf\u00f6rdelningen. <\/p>\n","protected":false},"excerpt":{"rendered":"<p>President Macron blev omvald som president i Frankrike Andra valomg\u00e5ngen i det franska presidentvalet blev en klar seger f\u00f6r sittande Emmanuel Macron med 58,5 mot 41,5 procent f\u00f6r utmanaren Marine Le Pen.. Det var inte \u00f6verraskande, opininsm\u00e4tningar visade en \u00f6kande ledning f\u00f6r Macron de sista veckorna n\u00e4r det bara var Macron och Le Pen kvar. [&hellip;]<\/p>\n","protected":false},"author":1,"featured_media":0,"comment_status":"open","ping_status":"closed","sticky":false,"template":"","format":"standard","meta":{"_jetpack_memberships_contains_paid_content":false,"footnotes":""},"categories":[10],"tags":[],"class_list":["post-299","post","type-post","status-publish","format-standard","hentry","category-allman-inlagg"],"yoast_head":"<!-- This site is optimized with the Yoast SEO plugin v27.2 - https:\/\/yoast.com\/product\/yoast-seo-wordpress\/ -->\n<title>M\u00e5nga r\u00f6ster under protest i Frankrike och &quot;bortkastade&quot; i Slovenien - Richard Appelbom<\/title>\n<meta name=\"description\" content=\"I Frankrike var det l\u00e5gt valdeltagande och m\u00e5nga blankr\u00f6ster, i Slovenien r\u00f6stade en av fyra v\u00e4ljare p\u00e5 partier som inte klarade sp\u00e4rrgr\u00e4nsen.\" \/>\n<meta name=\"robots\" content=\"index, follow, max-snippet:-1, max-image-preview:large, max-video-preview:-1\" \/>\n<link rel=\"canonical\" href=\"https:\/\/www.richardappelbom.se\/index.php\/2022\/04\/25\/manga-roster-under-protest-i-frankrike-och-bortkastade-i-slovenien\/\" \/>\n<meta property=\"og:locale\" content=\"en_US\" \/>\n<meta property=\"og:type\" content=\"article\" \/>\n<meta property=\"og:title\" content=\"M\u00e5nga r\u00f6ster under protest i Frankrike och &quot;bortkastade&quot; i Slovenien - Richard Appelbom\" \/>\n<meta property=\"og:description\" content=\"I Frankrike var det l\u00e5gt valdeltagande och m\u00e5nga blankr\u00f6ster, i Slovenien r\u00f6stade en av fyra v\u00e4ljare p\u00e5 partier som inte klarade sp\u00e4rrgr\u00e4nsen.\" \/>\n<meta property=\"og:url\" content=\"https:\/\/www.richardappelbom.se\/index.php\/2022\/04\/25\/manga-roster-under-protest-i-frankrike-och-bortkastade-i-slovenien\/\" \/>\n<meta property=\"og:site_name\" content=\"Richard Appelbom\" \/>\n<meta property=\"article:publisher\" content=\"https:\/\/www.facebook.com\/rappelbom\" \/>\n<meta property=\"article:author\" content=\"https:\/\/www.facebook.com\/rappelbom\" \/>\n<meta property=\"article:published_time\" content=\"2022-04-25T17:19:50+00:00\" \/>\n<meta property=\"og:image\" content=\"https:\/\/www.richardappelbom.se\/wp-content\/uploads\/2022\/04\/macron-1.jpg\" \/>\n<meta name=\"author\" content=\"admin\" \/>\n<meta name=\"twitter:card\" content=\"summary_large_image\" \/>\n<meta name=\"twitter:creator\" content=\"@RichardAppelbom\" \/>\n<meta name=\"twitter:site\" content=\"@RichardAppelbom\" \/>\n<meta name=\"twitter:label1\" content=\"Written by\" \/>\n\t<meta name=\"twitter:data1\" content=\"admin\" \/>\n\t<meta name=\"twitter:label2\" content=\"Est. reading time\" \/>\n\t<meta name=\"twitter:data2\" content=\"4 minutes\" \/>\n<script type=\"application\/ld+json\" class=\"yoast-schema-graph\">{\"@context\":\"https:\/\/schema.org\",\"@graph\":[{\"@type\":\"Article\",\"@id\":\"https:\/\/www.richardappelbom.se\/index.php\/2022\/04\/25\/manga-roster-under-protest-i-frankrike-och-bortkastade-i-slovenien\/#article\",\"isPartOf\":{\"@id\":\"https:\/\/www.richardappelbom.se\/index.php\/2022\/04\/25\/manga-roster-under-protest-i-frankrike-och-bortkastade-i-slovenien\/\"},\"author\":{\"name\":\"admin\",\"@id\":\"https:\/\/www.richardappelbom.se\/#\/schema\/person\/98f55ffd095155d902e585f10999a15d\"},\"headline\":\"M\u00e5nga r\u00f6ster under protest i Frankrike och &#8220;bortkastade&#8221; i Slovenien\",\"datePublished\":\"2022-04-25T17:19:50+00:00\",\"mainEntityOfPage\":{\"@id\":\"https:\/\/www.richardappelbom.se\/index.php\/2022\/04\/25\/manga-roster-under-protest-i-frankrike-och-bortkastade-i-slovenien\/\"},\"wordCount\":730,\"commentCount\":0,\"image\":{\"@id\":\"https:\/\/www.richardappelbom.se\/index.php\/2022\/04\/25\/manga-roster-under-protest-i-frankrike-och-bortkastade-i-slovenien\/#primaryimage\"},\"thumbnailUrl\":\"https:\/\/www.richardappelbom.se\/wp-content\/uploads\/2022\/04\/macron-1.jpg\",\"articleSection\":[\"Allm\u00e4n Posts\"],\"inLanguage\":\"en-US\",\"potentialAction\":[{\"@type\":\"CommentAction\",\"name\":\"Comment\",\"target\":[\"https:\/\/www.richardappelbom.se\/index.php\/2022\/04\/25\/manga-roster-under-protest-i-frankrike-och-bortkastade-i-slovenien\/#respond\"]}]},{\"@type\":\"WebPage\",\"@id\":\"https:\/\/www.richardappelbom.se\/index.php\/2022\/04\/25\/manga-roster-under-protest-i-frankrike-och-bortkastade-i-slovenien\/\",\"url\":\"https:\/\/www.richardappelbom.se\/index.php\/2022\/04\/25\/manga-roster-under-protest-i-frankrike-och-bortkastade-i-slovenien\/\",\"name\":\"M\u00e5nga r\u00f6ster under protest i Frankrike och \\\"bortkastade\\\" i Slovenien - Richard Appelbom\",\"isPartOf\":{\"@id\":\"https:\/\/www.richardappelbom.se\/#website\"},\"primaryImageOfPage\":{\"@id\":\"https:\/\/www.richardappelbom.se\/index.php\/2022\/04\/25\/manga-roster-under-protest-i-frankrike-och-bortkastade-i-slovenien\/#primaryimage\"},\"image\":{\"@id\":\"https:\/\/www.richardappelbom.se\/index.php\/2022\/04\/25\/manga-roster-under-protest-i-frankrike-och-bortkastade-i-slovenien\/#primaryimage\"},\"thumbnailUrl\":\"https:\/\/www.richardappelbom.se\/wp-content\/uploads\/2022\/04\/macron-1.jpg\",\"datePublished\":\"2022-04-25T17:19:50+00:00\",\"author\":{\"@id\":\"https:\/\/www.richardappelbom.se\/#\/schema\/person\/98f55ffd095155d902e585f10999a15d\"},\"description\":\"I Frankrike var det l\u00e5gt valdeltagande och m\u00e5nga blankr\u00f6ster, i Slovenien r\u00f6stade en av fyra v\u00e4ljare p\u00e5 partier som inte klarade sp\u00e4rrgr\u00e4nsen.\",\"breadcrumb\":{\"@id\":\"https:\/\/www.richardappelbom.se\/index.php\/2022\/04\/25\/manga-roster-under-protest-i-frankrike-och-bortkastade-i-slovenien\/#breadcrumb\"},\"inLanguage\":\"en-US\",\"potentialAction\":[{\"@type\":\"ReadAction\",\"target\":[\"https:\/\/www.richardappelbom.se\/index.php\/2022\/04\/25\/manga-roster-under-protest-i-frankrike-och-bortkastade-i-slovenien\/\"]}]},{\"@type\":\"ImageObject\",\"inLanguage\":\"en-US\",\"@id\":\"https:\/\/www.richardappelbom.se\/index.php\/2022\/04\/25\/manga-roster-under-protest-i-frankrike-och-bortkastade-i-slovenien\/#primaryimage\",\"url\":\"https:\/\/www.richardappelbom.se\/wp-content\/uploads\/2022\/04\/macron-1.jpg\",\"contentUrl\":\"https:\/\/www.richardappelbom.se\/wp-content\/uploads\/2022\/04\/macron-1.jpg\",\"width\":267,\"height\":189},{\"@type\":\"BreadcrumbList\",\"@id\":\"https:\/\/www.richardappelbom.se\/index.php\/2022\/04\/25\/manga-roster-under-protest-i-frankrike-och-bortkastade-i-slovenien\/#breadcrumb\",\"itemListElement\":[{\"@type\":\"ListItem\",\"position\":1,\"name\":\"Home\",\"item\":\"https:\/\/www.richardappelbom.se\/\"},{\"@type\":\"ListItem\",\"position\":2,\"name\":\"M\u00e5nga r\u00f6ster under protest i Frankrike och &#8220;bortkastade&#8221; i Slovenien\"}]},{\"@type\":\"WebSite\",\"@id\":\"https:\/\/www.richardappelbom.se\/#website\",\"url\":\"https:\/\/www.richardappelbom.se\/\",\"name\":\"Richard Appelbom\",\"description\":\"En blogg om val och valsystem\",\"potentialAction\":[{\"@type\":\"SearchAction\",\"target\":{\"@type\":\"EntryPoint\",\"urlTemplate\":\"https:\/\/www.richardappelbom.se\/?s={search_term_string}\"},\"query-input\":{\"@type\":\"PropertyValueSpecification\",\"valueRequired\":true,\"valueName\":\"search_term_string\"}}],\"inLanguage\":\"en-US\"},{\"@type\":\"Person\",\"@id\":\"https:\/\/www.richardappelbom.se\/#\/schema\/person\/98f55ffd095155d902e585f10999a15d\",\"name\":\"admin\",\"image\":{\"@type\":\"ImageObject\",\"inLanguage\":\"en-US\",\"@id\":\"https:\/\/secure.gravatar.com\/avatar\/480edd36f6cc3945e6b2db9fdc6f78df2a3fb98b7b27925b8d810863cfa537e7?s=96&d=mm&r=g\",\"url\":\"https:\/\/secure.gravatar.com\/avatar\/480edd36f6cc3945e6b2db9fdc6f78df2a3fb98b7b27925b8d810863cfa537e7?s=96&d=mm&r=g\",\"contentUrl\":\"https:\/\/secure.gravatar.com\/avatar\/480edd36f6cc3945e6b2db9fdc6f78df2a3fb98b7b27925b8d810863cfa537e7?s=96&d=mm&r=g\",\"caption\":\"admin\"},\"sameAs\":[\"https:\/\/www.facebook.com\/rappelbom\",\"https:\/\/twitter.com\/RichardAppelbom\"],\"url\":\"https:\/\/www.richardappelbom.se\/index.php\/author\/ra_j9l6616t\/\"}]}<\/script>\n<!-- \/ Yoast SEO plugin. -->","yoast_head_json":{"title":"M\u00e5nga r\u00f6ster under protest i Frankrike och \"bortkastade\" i Slovenien - Richard Appelbom","description":"I Frankrike var det l\u00e5gt valdeltagande och m\u00e5nga blankr\u00f6ster, i Slovenien r\u00f6stade en av fyra v\u00e4ljare p\u00e5 partier som inte klarade sp\u00e4rrgr\u00e4nsen.","robots":{"index":"index","follow":"follow","max-snippet":"max-snippet:-1","max-image-preview":"max-image-preview:large","max-video-preview":"max-video-preview:-1"},"canonical":"https:\/\/www.richardappelbom.se\/index.php\/2022\/04\/25\/manga-roster-under-protest-i-frankrike-och-bortkastade-i-slovenien\/","og_locale":"en_US","og_type":"article","og_title":"M\u00e5nga r\u00f6ster under protest i Frankrike och \"bortkastade\" i Slovenien - Richard Appelbom","og_description":"I Frankrike var det l\u00e5gt valdeltagande och m\u00e5nga blankr\u00f6ster, i Slovenien r\u00f6stade en av fyra v\u00e4ljare p\u00e5 partier som inte klarade sp\u00e4rrgr\u00e4nsen.","og_url":"https:\/\/www.richardappelbom.se\/index.php\/2022\/04\/25\/manga-roster-under-protest-i-frankrike-och-bortkastade-i-slovenien\/","og_site_name":"Richard Appelbom","article_publisher":"https:\/\/www.facebook.com\/rappelbom","article_author":"https:\/\/www.facebook.com\/rappelbom","article_published_time":"2022-04-25T17:19:50+00:00","og_image":[{"url":"https:\/\/www.richardappelbom.se\/wp-content\/uploads\/2022\/04\/macron-1.jpg","type":"","width":"","height":""}],"author":"admin","twitter_card":"summary_large_image","twitter_creator":"@RichardAppelbom","twitter_site":"@RichardAppelbom","twitter_misc":{"Written by":"admin","Est. reading time":"4 minutes"},"schema":{"@context":"https:\/\/schema.org","@graph":[{"@type":"Article","@id":"https:\/\/www.richardappelbom.se\/index.php\/2022\/04\/25\/manga-roster-under-protest-i-frankrike-och-bortkastade-i-slovenien\/#article","isPartOf":{"@id":"https:\/\/www.richardappelbom.se\/index.php\/2022\/04\/25\/manga-roster-under-protest-i-frankrike-och-bortkastade-i-slovenien\/"},"author":{"name":"admin","@id":"https:\/\/www.richardappelbom.se\/#\/schema\/person\/98f55ffd095155d902e585f10999a15d"},"headline":"M\u00e5nga r\u00f6ster under protest i Frankrike och &#8220;bortkastade&#8221; i Slovenien","datePublished":"2022-04-25T17:19:50+00:00","mainEntityOfPage":{"@id":"https:\/\/www.richardappelbom.se\/index.php\/2022\/04\/25\/manga-roster-under-protest-i-frankrike-och-bortkastade-i-slovenien\/"},"wordCount":730,"commentCount":0,"image":{"@id":"https:\/\/www.richardappelbom.se\/index.php\/2022\/04\/25\/manga-roster-under-protest-i-frankrike-och-bortkastade-i-slovenien\/#primaryimage"},"thumbnailUrl":"https:\/\/www.richardappelbom.se\/wp-content\/uploads\/2022\/04\/macron-1.jpg","articleSection":["Allm\u00e4n Posts"],"inLanguage":"en-US","potentialAction":[{"@type":"CommentAction","name":"Comment","target":["https:\/\/www.richardappelbom.se\/index.php\/2022\/04\/25\/manga-roster-under-protest-i-frankrike-och-bortkastade-i-slovenien\/#respond"]}]},{"@type":"WebPage","@id":"https:\/\/www.richardappelbom.se\/index.php\/2022\/04\/25\/manga-roster-under-protest-i-frankrike-och-bortkastade-i-slovenien\/","url":"https:\/\/www.richardappelbom.se\/index.php\/2022\/04\/25\/manga-roster-under-protest-i-frankrike-och-bortkastade-i-slovenien\/","name":"M\u00e5nga r\u00f6ster under protest i Frankrike och \"bortkastade\" i Slovenien - Richard Appelbom","isPartOf":{"@id":"https:\/\/www.richardappelbom.se\/#website"},"primaryImageOfPage":{"@id":"https:\/\/www.richardappelbom.se\/index.php\/2022\/04\/25\/manga-roster-under-protest-i-frankrike-och-bortkastade-i-slovenien\/#primaryimage"},"image":{"@id":"https:\/\/www.richardappelbom.se\/index.php\/2022\/04\/25\/manga-roster-under-protest-i-frankrike-och-bortkastade-i-slovenien\/#primaryimage"},"thumbnailUrl":"https:\/\/www.richardappelbom.se\/wp-content\/uploads\/2022\/04\/macron-1.jpg","datePublished":"2022-04-25T17:19:50+00:00","author":{"@id":"https:\/\/www.richardappelbom.se\/#\/schema\/person\/98f55ffd095155d902e585f10999a15d"},"description":"I Frankrike var det l\u00e5gt valdeltagande och m\u00e5nga blankr\u00f6ster, i Slovenien r\u00f6stade en av fyra v\u00e4ljare p\u00e5 partier som inte klarade sp\u00e4rrgr\u00e4nsen.","breadcrumb":{"@id":"https:\/\/www.richardappelbom.se\/index.php\/2022\/04\/25\/manga-roster-under-protest-i-frankrike-och-bortkastade-i-slovenien\/#breadcrumb"},"inLanguage":"en-US","potentialAction":[{"@type":"ReadAction","target":["https:\/\/www.richardappelbom.se\/index.php\/2022\/04\/25\/manga-roster-under-protest-i-frankrike-och-bortkastade-i-slovenien\/"]}]},{"@type":"ImageObject","inLanguage":"en-US","@id":"https:\/\/www.richardappelbom.se\/index.php\/2022\/04\/25\/manga-roster-under-protest-i-frankrike-och-bortkastade-i-slovenien\/#primaryimage","url":"https:\/\/www.richardappelbom.se\/wp-content\/uploads\/2022\/04\/macron-1.jpg","contentUrl":"https:\/\/www.richardappelbom.se\/wp-content\/uploads\/2022\/04\/macron-1.jpg","width":267,"height":189},{"@type":"BreadcrumbList","@id":"https:\/\/www.richardappelbom.se\/index.php\/2022\/04\/25\/manga-roster-under-protest-i-frankrike-och-bortkastade-i-slovenien\/#breadcrumb","itemListElement":[{"@type":"ListItem","position":1,"name":"Home","item":"https:\/\/www.richardappelbom.se\/"},{"@type":"ListItem","position":2,"name":"M\u00e5nga r\u00f6ster under protest i Frankrike och &#8220;bortkastade&#8221; i Slovenien"}]},{"@type":"WebSite","@id":"https:\/\/www.richardappelbom.se\/#website","url":"https:\/\/www.richardappelbom.se\/","name":"Richard Appelbom","description":"En blogg om val och valsystem","potentialAction":[{"@type":"SearchAction","target":{"@type":"EntryPoint","urlTemplate":"https:\/\/www.richardappelbom.se\/?s={search_term_string}"},"query-input":{"@type":"PropertyValueSpecification","valueRequired":true,"valueName":"search_term_string"}}],"inLanguage":"en-US"},{"@type":"Person","@id":"https:\/\/www.richardappelbom.se\/#\/schema\/person\/98f55ffd095155d902e585f10999a15d","name":"admin","image":{"@type":"ImageObject","inLanguage":"en-US","@id":"https:\/\/secure.gravatar.com\/avatar\/480edd36f6cc3945e6b2db9fdc6f78df2a3fb98b7b27925b8d810863cfa537e7?s=96&d=mm&r=g","url":"https:\/\/secure.gravatar.com\/avatar\/480edd36f6cc3945e6b2db9fdc6f78df2a3fb98b7b27925b8d810863cfa537e7?s=96&d=mm&r=g","contentUrl":"https:\/\/secure.gravatar.com\/avatar\/480edd36f6cc3945e6b2db9fdc6f78df2a3fb98b7b27925b8d810863cfa537e7?s=96&d=mm&r=g","caption":"admin"},"sameAs":["https:\/\/www.facebook.com\/rappelbom","https:\/\/twitter.com\/RichardAppelbom"],"url":"https:\/\/www.richardappelbom.se\/index.php\/author\/ra_j9l6616t\/"}]}},"jetpack_featured_media_url":"","jetpack_sharing_enabled":true,"_links":{"self":[{"href":"https:\/\/www.richardappelbom.se\/index.php\/wp-json\/wp\/v2\/posts\/299","targetHints":{"allow":["GET"]}}],"collection":[{"href":"https:\/\/www.richardappelbom.se\/index.php\/wp-json\/wp\/v2\/posts"}],"about":[{"href":"https:\/\/www.richardappelbom.se\/index.php\/wp-json\/wp\/v2\/types\/post"}],"author":[{"embeddable":true,"href":"https:\/\/www.richardappelbom.se\/index.php\/wp-json\/wp\/v2\/users\/1"}],"replies":[{"embeddable":true,"href":"https:\/\/www.richardappelbom.se\/index.php\/wp-json\/wp\/v2\/comments?post=299"}],"version-history":[{"count":1,"href":"https:\/\/www.richardappelbom.se\/index.php\/wp-json\/wp\/v2\/posts\/299\/revisions"}],"predecessor-version":[{"id":302,"href":"https:\/\/www.richardappelbom.se\/index.php\/wp-json\/wp\/v2\/posts\/299\/revisions\/302"}],"wp:attachment":[{"href":"https:\/\/www.richardappelbom.se\/index.php\/wp-json\/wp\/v2\/media?parent=299"}],"wp:term":[{"taxonomy":"category","embeddable":true,"href":"https:\/\/www.richardappelbom.se\/index.php\/wp-json\/wp\/v2\/categories?post=299"},{"taxonomy":"post_tag","embeddable":true,"href":"https:\/\/www.richardappelbom.se\/index.php\/wp-json\/wp\/v2\/tags?post=299"}],"curies":[{"name":"wp","href":"https:\/\/api.w.org\/{rel}","templated":true}]}}