{"id":304,"date":"2022-05-08T10:25:19","date_gmt":"2022-05-08T10:25:19","guid":{"rendered":"https:\/\/www.richardappelbom.se\/?p=304"},"modified":"2022-05-09T14:28:34","modified_gmt":"2022-05-09T14:28:34","slug":"liberaldemokratisk-comeback-i-brittiska-lokalval","status":"publish","type":"post","link":"https:\/\/www.richardappelbom.se\/index.php\/2022\/05\/08\/liberaldemokratisk-comeback-i-brittiska-lokalval\/","title":{"rendered":"Liberaldemokratisk comeback i brittiska lokalval"},"content":{"rendered":"\n<figure class=\"wp-block-image size-full is-resized\"><img loading=\"lazy\" decoding=\"async\" src=\"https:\/\/www.richardappelbom.se\/wp-content\/uploads\/2022\/05\/ed-davey.jpg\" alt=\"\" class=\"wp-image-305\" width=\"555\" height=\"555\" srcset=\"https:\/\/www.richardappelbom.se\/wp-content\/uploads\/2022\/05\/ed-davey.jpg 225w, https:\/\/www.richardappelbom.se\/wp-content\/uploads\/2022\/05\/ed-davey-150x150.jpg 150w\" sizes=\"auto, (max-width: 555px) 100vw, 555px\" \/><figcaption>Brittiska Liberaldemokraternas ledare Ed Davey<\/figcaption><\/figure>\n\n\n\n<p>Handlar lokala val med skilda valdgar om rikspolitik eller om lokala fr\u00e5gor? Svaret \u00e4r b\u00e5de och. De brittiska lokalvalen i Skottland, Wales och i stora delar av England hade framst\u00e4llts som avg\u00f6rande f\u00f6r den pressade premi\u00e4rministern Boris Johnson. Han var ifr\u00e5gasatt f\u00f6r att sj\u00e4lv ha brutit mot de h\u00e5rda Covidrestriktioner som regeringen hade inf\u00f6rt. Inte n\u00e5got lokalpolitiker kan p\u00e5verka.<\/p>\n\n\n\n<p>De Konservativa gjorde ocks\u00e5 <strong><a href=\"https:\/\/www.theguardian.com\/politics\/ng-interactive\/2022\/may\/05\/elections-2022-results-live-local-council-england-scotland-wales\">en d\u00e5ligt val, <\/a><\/strong>s\u00e4rskilt i London och Skottland. Men det var inte n\u00e5gon helt enhetlig valvind, de gick ocks\u00e5 fram och vann en ny fullm\u00e4ktigef\u00f6rsamling i Harrow. De vann mandat i n\u00e5gra omr\u00e5den, som Hartlepool, Sutton och Aberdeenshire i Skottland. S\u00e5 visst spelar lokala fr\u00e5gor och hur bra partierna f\u00f6rm\u00e5r driva kampanj in.<\/p>\n\n\n\n<p>Nyhetsmedierna intresserar sig dock mest f\u00f6r hur valresultaten skulle <a href=\"https:\/\/www.bbc.com\/news\/uk-politics-61347764\">p\u00e5verka ett parlamentsval<\/a>. BBC har gjort en prognos d\u00e4r socialdemokratiska Labour skulle bli st\u00f6rsta parti, men inte f\u00e5 egen majoritet. <\/p>\n\n\n\n<p>Labour gjorde ett bra val i London, gick f\u00f6rbi De Konservativa i Skottland och gjorde mindre framsteg p\u00e5 andra h\u00e5ll. En nettovinst enligt Guardian (f\u00f6rsta l\u00e4nken h\u00e4r) p\u00e5 240 platser. Labour gjorde dock ett bra val f\u00f6rra g\u00e5ngen (2018) d\u00e5 det var val till de h\u00e4r platserna. D\u00e4rigenom var det sv\u00e5rare att vinna m\u00e5nga nya fullm\u00e4ktigeplatser. <\/p>\n\n\n\n<p>Liberaldemokraterna f\u00f6rlorade katastrofalt p\u00e5 att bilda regering med De Konservativa 2010. I m\u00e5nga valkretsar var de huvudalternativet till Tories, och m\u00e5nga v\u00e4ljare blev besvikna p\u00e5 koalitionen. Valet 2015 gick riktigt illa, och sedan gick partiet f\u00f6r l\u00e5ngt i att f\u00f6rs\u00f6ka vinna v\u00e4ljare p\u00e5 sitt motst\u00e5nd till Brexit. I valet 2019 menade Libdem att britterna kunde stanna i EU utan en ny folkomr\u00f6stning om Libdem fick majoritet i parlamentet. Det uppfattades som att f\u00f6rs\u00f6ka s\u00e4tta sig \u00f6ver folkviljan och inte alldeles seri\u00f6st.  Detta kombinerat med att mittenv\u00e4ljare var r\u00e4dda f\u00f6r den v\u00e4nsterradikale d\u00e5varande Labourledaren Jeremy Corbyn bidrog till att Libdem gjorde ett d\u00e5ligt val ocks\u00e5 i parlamentsvalet 2019.<\/p>\n\n\n\n<p>Nu verkar Brexitfr\u00e5gan inte lika aktuell, Labour har en mer mitteniriktad partiledare i Keir Starmer, De Konservativa har regerat i \u00f6ver tio \u00e5r och har i Boris Johnson en partiledare och premi\u00e4rminister som f\u00e5r kritik f\u00f6r bristande moral. <\/p>\n\n\n\n<p>Det ger utrymme f\u00f6r Libdem att vinna v\u00e4ljare fr\u00e5n De Konservativa i tidigare s\u00e4kra v\u00e4lm\u00e5ende Konservativa valkretsar. D\u00e4r finns m\u00e5nga v\u00e4ljare som inte gillar Brexit (men kan ha tyckt att Libdem gick f\u00f6r l\u00e5ngt tidigare)  och De konservativas h\u00e5rdare framtoning. Libdem vann netto 188 nya plaster enligt Guardian och har totalt 867 fullm\u00e4ktigeplatser. De gick \u00e4ven fram i Skottland, d\u00e4r koalitionen med De Konservativa tidigare ledde till mycket stora f\u00f6rluster.<\/p>\n\n\n\n<p>I England och Wales har de majoritetsval ocks\u00e5 i lokalval. Det kan ge fullm\u00e4ktigen som p\u00e5minner om enpartistater. I St Albans, d\u00e4r jag 2015 var valarbetare f\u00f6r min v\u00e4n och d\u00e5varande Libdemkandidaten Sandy Walkington, vann partiet valkretsen 2019 och hade en knapp majoritet i fullm\u00e4ktige. Efter det h\u00e4r valet best\u00e5r fullm\u00e4ktige av 50 Libdem och 4 Konservativa! I Barking and Dagenham har Labour alla 51 platserna och i Manchester har Labour 92, Libdem och Gr\u00f6na 2 platser var. (De gr\u00f6na gjorde ocks\u00e5 ett bra val och vann nya platser p\u00e5 flera h\u00e5ll)<\/p>\n\n\n\n<p>Valsystemet g\u00f6r att partier kan f\u00e5 en hel del r\u00f6ster utan att vinna n\u00e5gra mandat. Men det \u00e4r \u00e4nd\u00e5 noterbart hur den akademiska v\u00e4rlden ser ut att g\u00e5 alltmer till v\u00e4nster. I universitetsst\u00e4derna Oxford och Cambridge har De Konservativa inte ett enda mandat.<\/p>\n\n\n\n<p>I Skottland har Libdem tidigare f\u00e5tt igenom att STV, (single transferable vote) anv\u00e4nds i lokala val. V\u00e4ljarna f\u00e5r rangordna kandidaterna och de med minst r\u00f6ster elimineras och deras r\u00f6ster f\u00f6rs \u00f6ver efter vad i de har f\u00f6redragit i andra, tredje etc hand fram till att kandidater f\u00e5r tillr\u00e4ckligt med r\u00f6ster f\u00f6r att bli valda. De flesta valkretsarna har 3-4 mandat. vilket g\u00f6r att det kr\u00e4vs ganska m\u00e5nga f\u00f6rstahandspreferenser ( i praktiken en h\u00f6g sm\u00e5partisp\u00e4rr) f\u00f6r att kunna bli vald.<\/p>\n\n\n\n<p>Systemet ger dock betydligt mer proportionellt utslag. <a href=\"https:\/\/ballotbox.scot\/le22-headline-results\">I Skottland fick<\/a> Nationalistpartiet SNP 34 procent f\u00f6rstahandspreferenser, Labour 21,7 och Konservativa 19,6, Libdem 8,6 och Gr\u00f6na 6 procent. I bara tv\u00e5 fullm\u00e4ktige fick ett parti egen majoritet. Det kan ocks\u00e5 noteras av de som vill bevara Storbitannien (Lab, Kon, Libdem) fick runt 50 procent och de nationalistiska partierna (SNP och Gr\u00f6na) 40 procent. (I delar av Skottland r\u00f6star m\u00e5nga p\u00e5 partipolitiskt obunda kandidater) I l\u00e4nken ovan (Skottland fick) finns intressant valinfo, bland annat var de olika partierna fick flest f\u00f6rstahandsr\u00f6ster.<\/p>\n\n\n\n<p><a href=\"https:\/\/www.theguardian.com\/uk-news\/ng-interactive\/2022\/may\/06\/northern-ireland-election-2022-live-results-assembly-seats-and-votes\">Nordirland har ocks\u00e5 valsystemet STV<\/a> f\u00f6r val till det lokala parlamentet i Belfast. Valkretsarna \u00e4r h\u00e4r st\u00f6rre med fem mandat Det \u00e4r b\u00e4ttre f\u00f6r mindre, eller snarare f\u00f6r halvstora partier.<\/p>\n\n\n\n<p>H\u00e4r har det blivit mycket uppm\u00e4rksamhet kring att Sinn Fein, tidigare terrororganisationen IRA:s politiska gren, blev st\u00f6rsta parti. Det tolkas som ett steg mot att Nordirland ska ing\u00e5 i Republiken Irland, vilket \u00e4r och har varit huvudm\u00e5let f\u00f6r Sinn Fein. Demografin kan tala f\u00f6r en f\u00f6r\u00e4ndring, den tidigare protestantiska och brittiskv\u00e4nliga majorieteten har f\u00f6rsvunnit, katolikerna andel har \u00f6kat.<\/p>\n\n\n\n<p>Men valresultatet var inte s\u00e5 dramatiskt, utan handlar mer om att britter f\u00e4ster stor vikt vid vilket parti som \u00e4r st\u00f6rst. Sinn Fein \u00f6kade n\u00e5got i r\u00f6standel till 29 procent, en \u00f6kning med 1,1 procentenheter. Det stora unionistpartiet DUP gick kraftigt tillbaka och fick bara 21,3 procent. B\u00e5da partierna fick dock mer \u00e4n i opinionsm\u00e4tningar, s\u00e5 en del v\u00e4ljare verkar ha g\u00e5tt till dem i valspurten.<\/p>\n\n\n\n<p>R\u00f6standelen f\u00f6r nationalistiska partier minskade faktiskt marginellt.  Mer moderata SDLP f\u00f6rlorade 2,9 procentenheter och socialkonservativa och h\u00e5rdf\u00f6rt nationalistiska Aontu fick 1,5 procent (st\u00e4llde inte upp f\u00f6rut). Totalt f\u00f6rlorade nationalistpartierna 4 mandat med SADLP, Sinn Fein vann inga nya och Aontu fick inga alls.<\/p>\n\n\n\n<p>DUP f\u00f6rlorade en del r\u00f6ster till mer h\u00e5rdf\u00f6ra unionister. Den stora vinnaren var annars Alliance party, som inte har sina r\u00f6tter i vare sig unionister eller nationalister. Alliance \u00f6kade med 9 mantat och fick 13,5 procent. Det kan ge hopp om att fler p\u00e5 Nordirland vill l\u00e4mna \u00e5rtiondens politiska l\u00e5sningar.<\/p>\n\n\n\n<p>Om De Konservativa f\u00f6rlorar, men Labour inte f\u00e5r majoritet i n\u00e4sta parlamentsval b\u00f6r de mindre partierna st\u00f6dja Labour mot att valsystemet reformeras med st\u00f6rre inslag av ett proportonellt utslag. Det nuvarande sytemet gynnar Tories som \u00e4r b\u00e4ttre p\u00e5 att samla mitten-h\u00f6gerv\u00e4ljarna, medan mitten-v\u00e4nsterv\u00e4ljarna splittrar sina r\u00f6ster mer. Under Tony Blairs regeringstid fanns ett genomarbetat f\u00f6rslag, som dock inte genomf\u00f6rdes. Det beh\u00f6vs en f\u00f6r\u00e4ndring f\u00f6r att fler r\u00f6ster ska p\u00e5verka mandatf\u00f6rdelningen.<\/p>\n","protected":false},"excerpt":{"rendered":"<p>Handlar lokala val med skilda valdgar om rikspolitik eller om lokala fr\u00e5gor? Svaret \u00e4r b\u00e5de och. De brittiska lokalvalen i Skottland, Wales och i stora delar av England hade framst\u00e4llts som avg\u00f6rande f\u00f6r den pressade premi\u00e4rministern Boris Johnson. Han var ifr\u00e5gasatt f\u00f6r att sj\u00e4lv ha brutit mot de h\u00e5rda Covidrestriktioner som regeringen hade inf\u00f6rt. Inte [&hellip;]<\/p>\n","protected":false},"author":1,"featured_media":0,"comment_status":"open","ping_status":"closed","sticky":false,"template":"","format":"standard","meta":{"_jetpack_memberships_contains_paid_content":false,"footnotes":""},"categories":[10],"tags":[],"class_list":["post-304","post","type-post","status-publish","format-standard","hentry","category-allman-inlagg"],"yoast_head":"<!-- This site is optimized with the Yoast SEO plugin v27.2 - https:\/\/yoast.com\/product\/yoast-seo-wordpress\/ -->\n<title>Liberaldemokratisk comeback i brittiska lokalval - Richard Appelbom<\/title>\n<meta name=\"description\" content=\"Det gick bra f\u00f6r Libdem, halvbra f\u00f6r Labour och d\u00e5ligt f\u00f6r Tories i brittiska lokalval. Valsystemen b\u00e4ttre i Skottland och p\u00e5 Nordirland.\" \/>\n<meta name=\"robots\" content=\"index, follow, max-snippet:-1, max-image-preview:large, max-video-preview:-1\" \/>\n<link rel=\"canonical\" href=\"https:\/\/www.richardappelbom.se\/index.php\/2022\/05\/08\/liberaldemokratisk-comeback-i-brittiska-lokalval\/\" \/>\n<meta property=\"og:locale\" content=\"en_US\" \/>\n<meta property=\"og:type\" content=\"article\" \/>\n<meta property=\"og:title\" content=\"Liberaldemokratisk comeback i brittiska lokalval - Richard Appelbom\" \/>\n<meta property=\"og:description\" content=\"Det gick bra f\u00f6r Libdem, halvbra f\u00f6r Labour och d\u00e5ligt f\u00f6r Tories i brittiska lokalval. Valsystemen b\u00e4ttre i Skottland och p\u00e5 Nordirland.\" \/>\n<meta property=\"og:url\" content=\"https:\/\/www.richardappelbom.se\/index.php\/2022\/05\/08\/liberaldemokratisk-comeback-i-brittiska-lokalval\/\" \/>\n<meta property=\"og:site_name\" content=\"Richard Appelbom\" \/>\n<meta property=\"article:publisher\" content=\"https:\/\/www.facebook.com\/rappelbom\" \/>\n<meta property=\"article:author\" content=\"https:\/\/www.facebook.com\/rappelbom\" \/>\n<meta property=\"article:published_time\" content=\"2022-05-08T10:25:19+00:00\" \/>\n<meta property=\"article:modified_time\" content=\"2022-05-09T14:28:34+00:00\" \/>\n<meta property=\"og:image\" content=\"https:\/\/www.richardappelbom.se\/wp-content\/uploads\/2022\/05\/ed-davey.jpg\" \/>\n<meta name=\"author\" content=\"admin\" \/>\n<meta name=\"twitter:card\" content=\"summary_large_image\" \/>\n<meta name=\"twitter:creator\" content=\"@RichardAppelbom\" \/>\n<meta name=\"twitter:site\" content=\"@RichardAppelbom\" \/>\n<meta name=\"twitter:label1\" content=\"Written by\" \/>\n\t<meta name=\"twitter:data1\" content=\"admin\" \/>\n\t<meta name=\"twitter:label2\" content=\"Est. reading time\" \/>\n\t<meta name=\"twitter:data2\" content=\"5 minutes\" \/>\n<script type=\"application\/ld+json\" class=\"yoast-schema-graph\">{\"@context\":\"https:\/\/schema.org\",\"@graph\":[{\"@type\":\"Article\",\"@id\":\"https:\/\/www.richardappelbom.se\/index.php\/2022\/05\/08\/liberaldemokratisk-comeback-i-brittiska-lokalval\/#article\",\"isPartOf\":{\"@id\":\"https:\/\/www.richardappelbom.se\/index.php\/2022\/05\/08\/liberaldemokratisk-comeback-i-brittiska-lokalval\/\"},\"author\":{\"name\":\"admin\",\"@id\":\"https:\/\/www.richardappelbom.se\/#\/schema\/person\/98f55ffd095155d902e585f10999a15d\"},\"headline\":\"Liberaldemokratisk comeback i brittiska lokalval\",\"datePublished\":\"2022-05-08T10:25:19+00:00\",\"dateModified\":\"2022-05-09T14:28:34+00:00\",\"mainEntityOfPage\":{\"@id\":\"https:\/\/www.richardappelbom.se\/index.php\/2022\/05\/08\/liberaldemokratisk-comeback-i-brittiska-lokalval\/\"},\"wordCount\":1202,\"commentCount\":0,\"image\":{\"@id\":\"https:\/\/www.richardappelbom.se\/index.php\/2022\/05\/08\/liberaldemokratisk-comeback-i-brittiska-lokalval\/#primaryimage\"},\"thumbnailUrl\":\"https:\/\/www.richardappelbom.se\/wp-content\/uploads\/2022\/05\/ed-davey.jpg\",\"articleSection\":[\"Allm\u00e4n Posts\"],\"inLanguage\":\"en-US\",\"potentialAction\":[{\"@type\":\"CommentAction\",\"name\":\"Comment\",\"target\":[\"https:\/\/www.richardappelbom.se\/index.php\/2022\/05\/08\/liberaldemokratisk-comeback-i-brittiska-lokalval\/#respond\"]}]},{\"@type\":\"WebPage\",\"@id\":\"https:\/\/www.richardappelbom.se\/index.php\/2022\/05\/08\/liberaldemokratisk-comeback-i-brittiska-lokalval\/\",\"url\":\"https:\/\/www.richardappelbom.se\/index.php\/2022\/05\/08\/liberaldemokratisk-comeback-i-brittiska-lokalval\/\",\"name\":\"Liberaldemokratisk comeback i brittiska lokalval - Richard Appelbom\",\"isPartOf\":{\"@id\":\"https:\/\/www.richardappelbom.se\/#website\"},\"primaryImageOfPage\":{\"@id\":\"https:\/\/www.richardappelbom.se\/index.php\/2022\/05\/08\/liberaldemokratisk-comeback-i-brittiska-lokalval\/#primaryimage\"},\"image\":{\"@id\":\"https:\/\/www.richardappelbom.se\/index.php\/2022\/05\/08\/liberaldemokratisk-comeback-i-brittiska-lokalval\/#primaryimage\"},\"thumbnailUrl\":\"https:\/\/www.richardappelbom.se\/wp-content\/uploads\/2022\/05\/ed-davey.jpg\",\"datePublished\":\"2022-05-08T10:25:19+00:00\",\"dateModified\":\"2022-05-09T14:28:34+00:00\",\"author\":{\"@id\":\"https:\/\/www.richardappelbom.se\/#\/schema\/person\/98f55ffd095155d902e585f10999a15d\"},\"description\":\"Det gick bra f\u00f6r Libdem, halvbra f\u00f6r Labour och d\u00e5ligt f\u00f6r Tories i brittiska lokalval. Valsystemen b\u00e4ttre i Skottland och p\u00e5 Nordirland.\",\"breadcrumb\":{\"@id\":\"https:\/\/www.richardappelbom.se\/index.php\/2022\/05\/08\/liberaldemokratisk-comeback-i-brittiska-lokalval\/#breadcrumb\"},\"inLanguage\":\"en-US\",\"potentialAction\":[{\"@type\":\"ReadAction\",\"target\":[\"https:\/\/www.richardappelbom.se\/index.php\/2022\/05\/08\/liberaldemokratisk-comeback-i-brittiska-lokalval\/\"]}]},{\"@type\":\"ImageObject\",\"inLanguage\":\"en-US\",\"@id\":\"https:\/\/www.richardappelbom.se\/index.php\/2022\/05\/08\/liberaldemokratisk-comeback-i-brittiska-lokalval\/#primaryimage\",\"url\":\"https:\/\/www.richardappelbom.se\/wp-content\/uploads\/2022\/05\/ed-davey.jpg\",\"contentUrl\":\"https:\/\/www.richardappelbom.se\/wp-content\/uploads\/2022\/05\/ed-davey.jpg\",\"width\":225,\"height\":225},{\"@type\":\"BreadcrumbList\",\"@id\":\"https:\/\/www.richardappelbom.se\/index.php\/2022\/05\/08\/liberaldemokratisk-comeback-i-brittiska-lokalval\/#breadcrumb\",\"itemListElement\":[{\"@type\":\"ListItem\",\"position\":1,\"name\":\"Home\",\"item\":\"https:\/\/www.richardappelbom.se\/\"},{\"@type\":\"ListItem\",\"position\":2,\"name\":\"Liberaldemokratisk comeback i brittiska lokalval\"}]},{\"@type\":\"WebSite\",\"@id\":\"https:\/\/www.richardappelbom.se\/#website\",\"url\":\"https:\/\/www.richardappelbom.se\/\",\"name\":\"Richard Appelbom\",\"description\":\"En blogg om val och valsystem\",\"potentialAction\":[{\"@type\":\"SearchAction\",\"target\":{\"@type\":\"EntryPoint\",\"urlTemplate\":\"https:\/\/www.richardappelbom.se\/?s={search_term_string}\"},\"query-input\":{\"@type\":\"PropertyValueSpecification\",\"valueRequired\":true,\"valueName\":\"search_term_string\"}}],\"inLanguage\":\"en-US\"},{\"@type\":\"Person\",\"@id\":\"https:\/\/www.richardappelbom.se\/#\/schema\/person\/98f55ffd095155d902e585f10999a15d\",\"name\":\"admin\",\"image\":{\"@type\":\"ImageObject\",\"inLanguage\":\"en-US\",\"@id\":\"https:\/\/secure.gravatar.com\/avatar\/480edd36f6cc3945e6b2db9fdc6f78df2a3fb98b7b27925b8d810863cfa537e7?s=96&d=mm&r=g\",\"url\":\"https:\/\/secure.gravatar.com\/avatar\/480edd36f6cc3945e6b2db9fdc6f78df2a3fb98b7b27925b8d810863cfa537e7?s=96&d=mm&r=g\",\"contentUrl\":\"https:\/\/secure.gravatar.com\/avatar\/480edd36f6cc3945e6b2db9fdc6f78df2a3fb98b7b27925b8d810863cfa537e7?s=96&d=mm&r=g\",\"caption\":\"admin\"},\"sameAs\":[\"https:\/\/www.facebook.com\/rappelbom\",\"https:\/\/twitter.com\/RichardAppelbom\"],\"url\":\"https:\/\/www.richardappelbom.se\/index.php\/author\/ra_j9l6616t\/\"}]}<\/script>\n<!-- \/ Yoast SEO plugin. -->","yoast_head_json":{"title":"Liberaldemokratisk comeback i brittiska lokalval - Richard Appelbom","description":"Det gick bra f\u00f6r Libdem, halvbra f\u00f6r Labour och d\u00e5ligt f\u00f6r Tories i brittiska lokalval. Valsystemen b\u00e4ttre i Skottland och p\u00e5 Nordirland.","robots":{"index":"index","follow":"follow","max-snippet":"max-snippet:-1","max-image-preview":"max-image-preview:large","max-video-preview":"max-video-preview:-1"},"canonical":"https:\/\/www.richardappelbom.se\/index.php\/2022\/05\/08\/liberaldemokratisk-comeback-i-brittiska-lokalval\/","og_locale":"en_US","og_type":"article","og_title":"Liberaldemokratisk comeback i brittiska lokalval - Richard Appelbom","og_description":"Det gick bra f\u00f6r Libdem, halvbra f\u00f6r Labour och d\u00e5ligt f\u00f6r Tories i brittiska lokalval. Valsystemen b\u00e4ttre i Skottland och p\u00e5 Nordirland.","og_url":"https:\/\/www.richardappelbom.se\/index.php\/2022\/05\/08\/liberaldemokratisk-comeback-i-brittiska-lokalval\/","og_site_name":"Richard Appelbom","article_publisher":"https:\/\/www.facebook.com\/rappelbom","article_author":"https:\/\/www.facebook.com\/rappelbom","article_published_time":"2022-05-08T10:25:19+00:00","article_modified_time":"2022-05-09T14:28:34+00:00","og_image":[{"url":"https:\/\/www.richardappelbom.se\/wp-content\/uploads\/2022\/05\/ed-davey.jpg","type":"","width":"","height":""}],"author":"admin","twitter_card":"summary_large_image","twitter_creator":"@RichardAppelbom","twitter_site":"@RichardAppelbom","twitter_misc":{"Written by":"admin","Est. reading time":"5 minutes"},"schema":{"@context":"https:\/\/schema.org","@graph":[{"@type":"Article","@id":"https:\/\/www.richardappelbom.se\/index.php\/2022\/05\/08\/liberaldemokratisk-comeback-i-brittiska-lokalval\/#article","isPartOf":{"@id":"https:\/\/www.richardappelbom.se\/index.php\/2022\/05\/08\/liberaldemokratisk-comeback-i-brittiska-lokalval\/"},"author":{"name":"admin","@id":"https:\/\/www.richardappelbom.se\/#\/schema\/person\/98f55ffd095155d902e585f10999a15d"},"headline":"Liberaldemokratisk comeback i brittiska lokalval","datePublished":"2022-05-08T10:25:19+00:00","dateModified":"2022-05-09T14:28:34+00:00","mainEntityOfPage":{"@id":"https:\/\/www.richardappelbom.se\/index.php\/2022\/05\/08\/liberaldemokratisk-comeback-i-brittiska-lokalval\/"},"wordCount":1202,"commentCount":0,"image":{"@id":"https:\/\/www.richardappelbom.se\/index.php\/2022\/05\/08\/liberaldemokratisk-comeback-i-brittiska-lokalval\/#primaryimage"},"thumbnailUrl":"https:\/\/www.richardappelbom.se\/wp-content\/uploads\/2022\/05\/ed-davey.jpg","articleSection":["Allm\u00e4n Posts"],"inLanguage":"en-US","potentialAction":[{"@type":"CommentAction","name":"Comment","target":["https:\/\/www.richardappelbom.se\/index.php\/2022\/05\/08\/liberaldemokratisk-comeback-i-brittiska-lokalval\/#respond"]}]},{"@type":"WebPage","@id":"https:\/\/www.richardappelbom.se\/index.php\/2022\/05\/08\/liberaldemokratisk-comeback-i-brittiska-lokalval\/","url":"https:\/\/www.richardappelbom.se\/index.php\/2022\/05\/08\/liberaldemokratisk-comeback-i-brittiska-lokalval\/","name":"Liberaldemokratisk comeback i brittiska lokalval - Richard Appelbom","isPartOf":{"@id":"https:\/\/www.richardappelbom.se\/#website"},"primaryImageOfPage":{"@id":"https:\/\/www.richardappelbom.se\/index.php\/2022\/05\/08\/liberaldemokratisk-comeback-i-brittiska-lokalval\/#primaryimage"},"image":{"@id":"https:\/\/www.richardappelbom.se\/index.php\/2022\/05\/08\/liberaldemokratisk-comeback-i-brittiska-lokalval\/#primaryimage"},"thumbnailUrl":"https:\/\/www.richardappelbom.se\/wp-content\/uploads\/2022\/05\/ed-davey.jpg","datePublished":"2022-05-08T10:25:19+00:00","dateModified":"2022-05-09T14:28:34+00:00","author":{"@id":"https:\/\/www.richardappelbom.se\/#\/schema\/person\/98f55ffd095155d902e585f10999a15d"},"description":"Det gick bra f\u00f6r Libdem, halvbra f\u00f6r Labour och d\u00e5ligt f\u00f6r Tories i brittiska lokalval. Valsystemen b\u00e4ttre i Skottland och p\u00e5 Nordirland.","breadcrumb":{"@id":"https:\/\/www.richardappelbom.se\/index.php\/2022\/05\/08\/liberaldemokratisk-comeback-i-brittiska-lokalval\/#breadcrumb"},"inLanguage":"en-US","potentialAction":[{"@type":"ReadAction","target":["https:\/\/www.richardappelbom.se\/index.php\/2022\/05\/08\/liberaldemokratisk-comeback-i-brittiska-lokalval\/"]}]},{"@type":"ImageObject","inLanguage":"en-US","@id":"https:\/\/www.richardappelbom.se\/index.php\/2022\/05\/08\/liberaldemokratisk-comeback-i-brittiska-lokalval\/#primaryimage","url":"https:\/\/www.richardappelbom.se\/wp-content\/uploads\/2022\/05\/ed-davey.jpg","contentUrl":"https:\/\/www.richardappelbom.se\/wp-content\/uploads\/2022\/05\/ed-davey.jpg","width":225,"height":225},{"@type":"BreadcrumbList","@id":"https:\/\/www.richardappelbom.se\/index.php\/2022\/05\/08\/liberaldemokratisk-comeback-i-brittiska-lokalval\/#breadcrumb","itemListElement":[{"@type":"ListItem","position":1,"name":"Home","item":"https:\/\/www.richardappelbom.se\/"},{"@type":"ListItem","position":2,"name":"Liberaldemokratisk comeback i brittiska lokalval"}]},{"@type":"WebSite","@id":"https:\/\/www.richardappelbom.se\/#website","url":"https:\/\/www.richardappelbom.se\/","name":"Richard Appelbom","description":"En blogg om val och valsystem","potentialAction":[{"@type":"SearchAction","target":{"@type":"EntryPoint","urlTemplate":"https:\/\/www.richardappelbom.se\/?s={search_term_string}"},"query-input":{"@type":"PropertyValueSpecification","valueRequired":true,"valueName":"search_term_string"}}],"inLanguage":"en-US"},{"@type":"Person","@id":"https:\/\/www.richardappelbom.se\/#\/schema\/person\/98f55ffd095155d902e585f10999a15d","name":"admin","image":{"@type":"ImageObject","inLanguage":"en-US","@id":"https:\/\/secure.gravatar.com\/avatar\/480edd36f6cc3945e6b2db9fdc6f78df2a3fb98b7b27925b8d810863cfa537e7?s=96&d=mm&r=g","url":"https:\/\/secure.gravatar.com\/avatar\/480edd36f6cc3945e6b2db9fdc6f78df2a3fb98b7b27925b8d810863cfa537e7?s=96&d=mm&r=g","contentUrl":"https:\/\/secure.gravatar.com\/avatar\/480edd36f6cc3945e6b2db9fdc6f78df2a3fb98b7b27925b8d810863cfa537e7?s=96&d=mm&r=g","caption":"admin"},"sameAs":["https:\/\/www.facebook.com\/rappelbom","https:\/\/twitter.com\/RichardAppelbom"],"url":"https:\/\/www.richardappelbom.se\/index.php\/author\/ra_j9l6616t\/"}]}},"jetpack_featured_media_url":"","jetpack_sharing_enabled":true,"_links":{"self":[{"href":"https:\/\/www.richardappelbom.se\/index.php\/wp-json\/wp\/v2\/posts\/304","targetHints":{"allow":["GET"]}}],"collection":[{"href":"https:\/\/www.richardappelbom.se\/index.php\/wp-json\/wp\/v2\/posts"}],"about":[{"href":"https:\/\/www.richardappelbom.se\/index.php\/wp-json\/wp\/v2\/types\/post"}],"author":[{"embeddable":true,"href":"https:\/\/www.richardappelbom.se\/index.php\/wp-json\/wp\/v2\/users\/1"}],"replies":[{"embeddable":true,"href":"https:\/\/www.richardappelbom.se\/index.php\/wp-json\/wp\/v2\/comments?post=304"}],"version-history":[{"count":3,"href":"https:\/\/www.richardappelbom.se\/index.php\/wp-json\/wp\/v2\/posts\/304\/revisions"}],"predecessor-version":[{"id":310,"href":"https:\/\/www.richardappelbom.se\/index.php\/wp-json\/wp\/v2\/posts\/304\/revisions\/310"}],"wp:attachment":[{"href":"https:\/\/www.richardappelbom.se\/index.php\/wp-json\/wp\/v2\/media?parent=304"}],"wp:term":[{"taxonomy":"category","embeddable":true,"href":"https:\/\/www.richardappelbom.se\/index.php\/wp-json\/wp\/v2\/categories?post=304"},{"taxonomy":"post_tag","embeddable":true,"href":"https:\/\/www.richardappelbom.se\/index.php\/wp-json\/wp\/v2\/tags?post=304"}],"curies":[{"name":"wp","href":"https:\/\/api.w.org\/{rel}","templated":true}]}}