{"id":355,"date":"2022-11-05T14:24:31","date_gmt":"2022-11-05T14:24:31","guid":{"rendered":"https:\/\/www.richardappelbom.se\/?p=355"},"modified":"2022-11-05T14:24:32","modified_gmt":"2022-11-05T14:24:32","slug":"benjamin-netanyahu-tillbaka-igen","status":"publish","type":"post","link":"https:\/\/www.richardappelbom.se\/index.php\/2022\/11\/05\/benjamin-netanyahu-tillbaka-igen\/","title":{"rendered":"Benjamin Netanyahu tillbaka &#8211; igen"},"content":{"rendered":"\n<figure class=\"wp-block-image size-full is-resized\"><img loading=\"lazy\" decoding=\"async\" src=\"https:\/\/www.richardappelbom.se\/wp-content\/uploads\/2022\/11\/netanyahu.jpg\" alt=\"\" class=\"wp-image-356\" width=\"597\" height=\"397\"\/><figcaption>Benjamin Netanyahu verkar ha nio politiska liv<\/figcaption><\/figure>\n\n\n\n<p><\/p>\n\n\n\n<p>S\u00e5 var det<a href=\"https:\/\/en.wikipedia.org\/wiki\/2022_Israeli_legislative_election\"> \u00e5ter val i Israel. <\/a>Det senaste var i mars 2021. D\u00e5 bildades en skakig koalition, d\u00e4r det mest f\u00f6renande var misstro mot den korruptionsmisst\u00e4nkte Benjamin Netanyahu. Koalitionen f\u00f6ll samman, och det blev \u00e4nnu ett nyval. Netanyahus Likudparti vann valet och kan bilda en koalition med religi\u00f6sa och nationalistiska partier.<\/p>\n\n\n\n<p>Israel har proportionella val med en l\u00e5g och n\u00e5got udda sp\u00e4rrgr\u00e4ns p\u00e5 3,25 procent. Tio partier kom in i parlamentet knesset. Likud var st\u00f6rst med 23,4 procent. Tv\u00e5 partier, v\u00e4nstersocialdemokratiska Meretz och Balad, som v\u00e4nder sig till israeliska araber, kom n\u00e4ra sp\u00e4rrgr\u00e4nsen med 3,16 respektive 2,9 procent. Men n\u00e4ra skjuter ingen hare, s\u00e5 Meretz f\u00f6rlorade alla sex mandat partiet hade f\u00f6re valet.<\/p>\n\n\n\n<p>Israel var en f\u00f6reg\u00e5ngare i att ocks\u00e5 annat \u00e4n den traditionella h\u00f6ger-v\u00e4nsterskalan blev viktiga f\u00f6r v\u00e4ljarna. Synen p\u00e5 fred\/avtal med palestinier, sekul\u00e4r-religi\u00f6s var andra viktiga skiljelinjer. Det har lett till brokiga koalitioner och m\u00e5nga partier.<\/p>\n\n\n\n<p>Netanyahu \u00e4r den store \u00f6verlevaren i israelisk politik, misstrodd av m\u00e5nga, men med en f\u00f6rm\u00e5ga att \u00e5terkomma som premi\u00e4rminister. Han hoppas nog p\u00e5 att v\u00e4nnen och bundsf\u00f6rvanten Donald Trump ska komma tillbaka som president, det tilltr\u00e4dande regeringsunderlaget m\u00f6ts med st\u00f6rre misstro i Bidenadministrationen.<\/p>\n\n\n\n<p>Nu <a href=\"https:\/\/dnyuz.com\/2022\/11\/04\/the-israel-we-knew-is-gone\/\">finns oro<\/a> \u00f6ver vad en ny <a href=\"https:\/\/www.dn.se\/varlden\/nathan-shachar-jubel-och-sorg-i-israel-nya-spelregler-for-demokratin-efter-valet\/\">regeringsmajoritet v<\/a>ill g\u00f6ra med, demokrati  r\u00e4ttsstat och minoritetsr\u00e4ttigheter. <\/p>\n","protected":false},"excerpt":{"rendered":"<p>S\u00e5 var det \u00e5ter val i Israel. Det senaste var i mars 2021. D\u00e5 bildades en skakig koalition, d\u00e4r det mest f\u00f6renande var misstro mot den korruptionsmisst\u00e4nkte Benjamin Netanyahu. Koalitionen f\u00f6ll samman, och det blev \u00e4nnu ett nyval. Netanyahus Likudparti vann valet och kan bilda en koalition med religi\u00f6sa och nationalistiska partier. Israel har proportionella [&hellip;]<\/p>\n","protected":false},"author":1,"featured_media":0,"comment_status":"open","ping_status":"closed","sticky":false,"template":"","format":"standard","meta":{"_jetpack_memberships_contains_paid_content":false,"footnotes":""},"categories":[10],"tags":[],"class_list":["post-355","post","type-post","status-publish","format-standard","hentry","category-allman-inlagg"],"yoast_head":"<!-- This site is optimized with the Yoast SEO plugin v27.2 - https:\/\/yoast.com\/product\/yoast-seo-wordpress\/ -->\n<title>Benjamin Netanyahu tillbaka - igen - Richard Appelbom<\/title>\n<meta name=\"description\" content=\"H\u00f6ger-v\u00e4nster. sekul\u00e4r-religi\u00f6s, nationalism-tv\u00e5statsl\u00f6sning, mots\u00e4ttningar sk\u00e4rgenom Israel. Nu \u00e4r omstridde Netanyahu \u00e5ter tillbaka\" \/>\n<meta name=\"robots\" content=\"index, follow, max-snippet:-1, max-image-preview:large, max-video-preview:-1\" \/>\n<link rel=\"canonical\" href=\"https:\/\/www.richardappelbom.se\/index.php\/2022\/11\/05\/benjamin-netanyahu-tillbaka-igen\/\" \/>\n<meta property=\"og:locale\" content=\"en_US\" \/>\n<meta property=\"og:type\" content=\"article\" \/>\n<meta property=\"og:title\" content=\"Benjamin Netanyahu tillbaka - igen - Richard Appelbom\" \/>\n<meta property=\"og:description\" content=\"H\u00f6ger-v\u00e4nster. sekul\u00e4r-religi\u00f6s, nationalism-tv\u00e5statsl\u00f6sning, mots\u00e4ttningar sk\u00e4rgenom Israel. Nu \u00e4r omstridde Netanyahu \u00e5ter tillbaka\" \/>\n<meta property=\"og:url\" content=\"https:\/\/www.richardappelbom.se\/index.php\/2022\/11\/05\/benjamin-netanyahu-tillbaka-igen\/\" \/>\n<meta property=\"og:site_name\" content=\"Richard Appelbom\" \/>\n<meta property=\"article:publisher\" content=\"https:\/\/www.facebook.com\/rappelbom\" \/>\n<meta property=\"article:author\" content=\"https:\/\/www.facebook.com\/rappelbom\" \/>\n<meta property=\"article:published_time\" content=\"2022-11-05T14:24:31+00:00\" \/>\n<meta property=\"article:modified_time\" content=\"2022-11-05T14:24:32+00:00\" \/>\n<meta property=\"og:image\" content=\"https:\/\/www.richardappelbom.se\/wp-content\/uploads\/2022\/11\/netanyahu.jpg\" \/>\n<meta name=\"author\" content=\"admin\" \/>\n<meta name=\"twitter:card\" content=\"summary_large_image\" \/>\n<meta name=\"twitter:creator\" content=\"@RichardAppelbom\" \/>\n<meta name=\"twitter:site\" content=\"@RichardAppelbom\" \/>\n<meta name=\"twitter:label1\" content=\"Written by\" \/>\n\t<meta name=\"twitter:data1\" content=\"admin\" \/>\n\t<meta name=\"twitter:label2\" content=\"Est. reading time\" \/>\n\t<meta name=\"twitter:data2\" content=\"2 minutes\" \/>\n<script type=\"application\/ld+json\" class=\"yoast-schema-graph\">{\"@context\":\"https:\/\/schema.org\",\"@graph\":[{\"@type\":\"Article\",\"@id\":\"https:\/\/www.richardappelbom.se\/index.php\/2022\/11\/05\/benjamin-netanyahu-tillbaka-igen\/#article\",\"isPartOf\":{\"@id\":\"https:\/\/www.richardappelbom.se\/index.php\/2022\/11\/05\/benjamin-netanyahu-tillbaka-igen\/\"},\"author\":{\"name\":\"admin\",\"@id\":\"https:\/\/www.richardappelbom.se\/#\/schema\/person\/98f55ffd095155d902e585f10999a15d\"},\"headline\":\"Benjamin Netanyahu tillbaka &#8211; igen\",\"datePublished\":\"2022-11-05T14:24:31+00:00\",\"dateModified\":\"2022-11-05T14:24:32+00:00\",\"mainEntityOfPage\":{\"@id\":\"https:\/\/www.richardappelbom.se\/index.php\/2022\/11\/05\/benjamin-netanyahu-tillbaka-igen\/\"},\"wordCount\":254,\"commentCount\":0,\"image\":{\"@id\":\"https:\/\/www.richardappelbom.se\/index.php\/2022\/11\/05\/benjamin-netanyahu-tillbaka-igen\/#primaryimage\"},\"thumbnailUrl\":\"https:\/\/www.richardappelbom.se\/wp-content\/uploads\/2022\/11\/netanyahu.jpg\",\"articleSection\":[\"Allm\u00e4n Posts\"],\"inLanguage\":\"en-US\",\"potentialAction\":[{\"@type\":\"CommentAction\",\"name\":\"Comment\",\"target\":[\"https:\/\/www.richardappelbom.se\/index.php\/2022\/11\/05\/benjamin-netanyahu-tillbaka-igen\/#respond\"]}]},{\"@type\":\"WebPage\",\"@id\":\"https:\/\/www.richardappelbom.se\/index.php\/2022\/11\/05\/benjamin-netanyahu-tillbaka-igen\/\",\"url\":\"https:\/\/www.richardappelbom.se\/index.php\/2022\/11\/05\/benjamin-netanyahu-tillbaka-igen\/\",\"name\":\"Benjamin Netanyahu tillbaka - igen - Richard Appelbom\",\"isPartOf\":{\"@id\":\"https:\/\/www.richardappelbom.se\/#website\"},\"primaryImageOfPage\":{\"@id\":\"https:\/\/www.richardappelbom.se\/index.php\/2022\/11\/05\/benjamin-netanyahu-tillbaka-igen\/#primaryimage\"},\"image\":{\"@id\":\"https:\/\/www.richardappelbom.se\/index.php\/2022\/11\/05\/benjamin-netanyahu-tillbaka-igen\/#primaryimage\"},\"thumbnailUrl\":\"https:\/\/www.richardappelbom.se\/wp-content\/uploads\/2022\/11\/netanyahu.jpg\",\"datePublished\":\"2022-11-05T14:24:31+00:00\",\"dateModified\":\"2022-11-05T14:24:32+00:00\",\"author\":{\"@id\":\"https:\/\/www.richardappelbom.se\/#\/schema\/person\/98f55ffd095155d902e585f10999a15d\"},\"description\":\"H\u00f6ger-v\u00e4nster. sekul\u00e4r-religi\u00f6s, nationalism-tv\u00e5statsl\u00f6sning, mots\u00e4ttningar sk\u00e4rgenom Israel. Nu \u00e4r omstridde Netanyahu \u00e5ter tillbaka\",\"breadcrumb\":{\"@id\":\"https:\/\/www.richardappelbom.se\/index.php\/2022\/11\/05\/benjamin-netanyahu-tillbaka-igen\/#breadcrumb\"},\"inLanguage\":\"en-US\",\"potentialAction\":[{\"@type\":\"ReadAction\",\"target\":[\"https:\/\/www.richardappelbom.se\/index.php\/2022\/11\/05\/benjamin-netanyahu-tillbaka-igen\/\"]}]},{\"@type\":\"ImageObject\",\"inLanguage\":\"en-US\",\"@id\":\"https:\/\/www.richardappelbom.se\/index.php\/2022\/11\/05\/benjamin-netanyahu-tillbaka-igen\/#primaryimage\",\"url\":\"https:\/\/www.richardappelbom.se\/wp-content\/uploads\/2022\/11\/netanyahu.jpg\",\"contentUrl\":\"https:\/\/www.richardappelbom.se\/wp-content\/uploads\/2022\/11\/netanyahu.jpg\",\"width\":275,\"height\":183},{\"@type\":\"BreadcrumbList\",\"@id\":\"https:\/\/www.richardappelbom.se\/index.php\/2022\/11\/05\/benjamin-netanyahu-tillbaka-igen\/#breadcrumb\",\"itemListElement\":[{\"@type\":\"ListItem\",\"position\":1,\"name\":\"Home\",\"item\":\"https:\/\/www.richardappelbom.se\/\"},{\"@type\":\"ListItem\",\"position\":2,\"name\":\"Benjamin Netanyahu tillbaka &#8211; igen\"}]},{\"@type\":\"WebSite\",\"@id\":\"https:\/\/www.richardappelbom.se\/#website\",\"url\":\"https:\/\/www.richardappelbom.se\/\",\"name\":\"Richard Appelbom\",\"description\":\"En blogg om val och valsystem\",\"potentialAction\":[{\"@type\":\"SearchAction\",\"target\":{\"@type\":\"EntryPoint\",\"urlTemplate\":\"https:\/\/www.richardappelbom.se\/?s={search_term_string}\"},\"query-input\":{\"@type\":\"PropertyValueSpecification\",\"valueRequired\":true,\"valueName\":\"search_term_string\"}}],\"inLanguage\":\"en-US\"},{\"@type\":\"Person\",\"@id\":\"https:\/\/www.richardappelbom.se\/#\/schema\/person\/98f55ffd095155d902e585f10999a15d\",\"name\":\"admin\",\"image\":{\"@type\":\"ImageObject\",\"inLanguage\":\"en-US\",\"@id\":\"https:\/\/secure.gravatar.com\/avatar\/480edd36f6cc3945e6b2db9fdc6f78df2a3fb98b7b27925b8d810863cfa537e7?s=96&d=mm&r=g\",\"url\":\"https:\/\/secure.gravatar.com\/avatar\/480edd36f6cc3945e6b2db9fdc6f78df2a3fb98b7b27925b8d810863cfa537e7?s=96&d=mm&r=g\",\"contentUrl\":\"https:\/\/secure.gravatar.com\/avatar\/480edd36f6cc3945e6b2db9fdc6f78df2a3fb98b7b27925b8d810863cfa537e7?s=96&d=mm&r=g\",\"caption\":\"admin\"},\"sameAs\":[\"https:\/\/www.facebook.com\/rappelbom\",\"https:\/\/twitter.com\/RichardAppelbom\"],\"url\":\"https:\/\/www.richardappelbom.se\/index.php\/author\/ra_j9l6616t\/\"}]}<\/script>\n<!-- \/ Yoast SEO plugin. -->","yoast_head_json":{"title":"Benjamin Netanyahu tillbaka - igen - Richard Appelbom","description":"H\u00f6ger-v\u00e4nster. sekul\u00e4r-religi\u00f6s, nationalism-tv\u00e5statsl\u00f6sning, mots\u00e4ttningar sk\u00e4rgenom Israel. Nu \u00e4r omstridde Netanyahu \u00e5ter tillbaka","robots":{"index":"index","follow":"follow","max-snippet":"max-snippet:-1","max-image-preview":"max-image-preview:large","max-video-preview":"max-video-preview:-1"},"canonical":"https:\/\/www.richardappelbom.se\/index.php\/2022\/11\/05\/benjamin-netanyahu-tillbaka-igen\/","og_locale":"en_US","og_type":"article","og_title":"Benjamin Netanyahu tillbaka - igen - Richard Appelbom","og_description":"H\u00f6ger-v\u00e4nster. sekul\u00e4r-religi\u00f6s, nationalism-tv\u00e5statsl\u00f6sning, mots\u00e4ttningar sk\u00e4rgenom Israel. Nu \u00e4r omstridde Netanyahu \u00e5ter tillbaka","og_url":"https:\/\/www.richardappelbom.se\/index.php\/2022\/11\/05\/benjamin-netanyahu-tillbaka-igen\/","og_site_name":"Richard Appelbom","article_publisher":"https:\/\/www.facebook.com\/rappelbom","article_author":"https:\/\/www.facebook.com\/rappelbom","article_published_time":"2022-11-05T14:24:31+00:00","article_modified_time":"2022-11-05T14:24:32+00:00","og_image":[{"url":"https:\/\/www.richardappelbom.se\/wp-content\/uploads\/2022\/11\/netanyahu.jpg","type":"","width":"","height":""}],"author":"admin","twitter_card":"summary_large_image","twitter_creator":"@RichardAppelbom","twitter_site":"@RichardAppelbom","twitter_misc":{"Written by":"admin","Est. reading time":"2 minutes"},"schema":{"@context":"https:\/\/schema.org","@graph":[{"@type":"Article","@id":"https:\/\/www.richardappelbom.se\/index.php\/2022\/11\/05\/benjamin-netanyahu-tillbaka-igen\/#article","isPartOf":{"@id":"https:\/\/www.richardappelbom.se\/index.php\/2022\/11\/05\/benjamin-netanyahu-tillbaka-igen\/"},"author":{"name":"admin","@id":"https:\/\/www.richardappelbom.se\/#\/schema\/person\/98f55ffd095155d902e585f10999a15d"},"headline":"Benjamin Netanyahu tillbaka &#8211; igen","datePublished":"2022-11-05T14:24:31+00:00","dateModified":"2022-11-05T14:24:32+00:00","mainEntityOfPage":{"@id":"https:\/\/www.richardappelbom.se\/index.php\/2022\/11\/05\/benjamin-netanyahu-tillbaka-igen\/"},"wordCount":254,"commentCount":0,"image":{"@id":"https:\/\/www.richardappelbom.se\/index.php\/2022\/11\/05\/benjamin-netanyahu-tillbaka-igen\/#primaryimage"},"thumbnailUrl":"https:\/\/www.richardappelbom.se\/wp-content\/uploads\/2022\/11\/netanyahu.jpg","articleSection":["Allm\u00e4n Posts"],"inLanguage":"en-US","potentialAction":[{"@type":"CommentAction","name":"Comment","target":["https:\/\/www.richardappelbom.se\/index.php\/2022\/11\/05\/benjamin-netanyahu-tillbaka-igen\/#respond"]}]},{"@type":"WebPage","@id":"https:\/\/www.richardappelbom.se\/index.php\/2022\/11\/05\/benjamin-netanyahu-tillbaka-igen\/","url":"https:\/\/www.richardappelbom.se\/index.php\/2022\/11\/05\/benjamin-netanyahu-tillbaka-igen\/","name":"Benjamin Netanyahu tillbaka - igen - Richard Appelbom","isPartOf":{"@id":"https:\/\/www.richardappelbom.se\/#website"},"primaryImageOfPage":{"@id":"https:\/\/www.richardappelbom.se\/index.php\/2022\/11\/05\/benjamin-netanyahu-tillbaka-igen\/#primaryimage"},"image":{"@id":"https:\/\/www.richardappelbom.se\/index.php\/2022\/11\/05\/benjamin-netanyahu-tillbaka-igen\/#primaryimage"},"thumbnailUrl":"https:\/\/www.richardappelbom.se\/wp-content\/uploads\/2022\/11\/netanyahu.jpg","datePublished":"2022-11-05T14:24:31+00:00","dateModified":"2022-11-05T14:24:32+00:00","author":{"@id":"https:\/\/www.richardappelbom.se\/#\/schema\/person\/98f55ffd095155d902e585f10999a15d"},"description":"H\u00f6ger-v\u00e4nster. sekul\u00e4r-religi\u00f6s, nationalism-tv\u00e5statsl\u00f6sning, mots\u00e4ttningar sk\u00e4rgenom Israel. Nu \u00e4r omstridde Netanyahu \u00e5ter tillbaka","breadcrumb":{"@id":"https:\/\/www.richardappelbom.se\/index.php\/2022\/11\/05\/benjamin-netanyahu-tillbaka-igen\/#breadcrumb"},"inLanguage":"en-US","potentialAction":[{"@type":"ReadAction","target":["https:\/\/www.richardappelbom.se\/index.php\/2022\/11\/05\/benjamin-netanyahu-tillbaka-igen\/"]}]},{"@type":"ImageObject","inLanguage":"en-US","@id":"https:\/\/www.richardappelbom.se\/index.php\/2022\/11\/05\/benjamin-netanyahu-tillbaka-igen\/#primaryimage","url":"https:\/\/www.richardappelbom.se\/wp-content\/uploads\/2022\/11\/netanyahu.jpg","contentUrl":"https:\/\/www.richardappelbom.se\/wp-content\/uploads\/2022\/11\/netanyahu.jpg","width":275,"height":183},{"@type":"BreadcrumbList","@id":"https:\/\/www.richardappelbom.se\/index.php\/2022\/11\/05\/benjamin-netanyahu-tillbaka-igen\/#breadcrumb","itemListElement":[{"@type":"ListItem","position":1,"name":"Home","item":"https:\/\/www.richardappelbom.se\/"},{"@type":"ListItem","position":2,"name":"Benjamin Netanyahu tillbaka &#8211; igen"}]},{"@type":"WebSite","@id":"https:\/\/www.richardappelbom.se\/#website","url":"https:\/\/www.richardappelbom.se\/","name":"Richard Appelbom","description":"En blogg om val och valsystem","potentialAction":[{"@type":"SearchAction","target":{"@type":"EntryPoint","urlTemplate":"https:\/\/www.richardappelbom.se\/?s={search_term_string}"},"query-input":{"@type":"PropertyValueSpecification","valueRequired":true,"valueName":"search_term_string"}}],"inLanguage":"en-US"},{"@type":"Person","@id":"https:\/\/www.richardappelbom.se\/#\/schema\/person\/98f55ffd095155d902e585f10999a15d","name":"admin","image":{"@type":"ImageObject","inLanguage":"en-US","@id":"https:\/\/secure.gravatar.com\/avatar\/480edd36f6cc3945e6b2db9fdc6f78df2a3fb98b7b27925b8d810863cfa537e7?s=96&d=mm&r=g","url":"https:\/\/secure.gravatar.com\/avatar\/480edd36f6cc3945e6b2db9fdc6f78df2a3fb98b7b27925b8d810863cfa537e7?s=96&d=mm&r=g","contentUrl":"https:\/\/secure.gravatar.com\/avatar\/480edd36f6cc3945e6b2db9fdc6f78df2a3fb98b7b27925b8d810863cfa537e7?s=96&d=mm&r=g","caption":"admin"},"sameAs":["https:\/\/www.facebook.com\/rappelbom","https:\/\/twitter.com\/RichardAppelbom"],"url":"https:\/\/www.richardappelbom.se\/index.php\/author\/ra_j9l6616t\/"}]}},"jetpack_featured_media_url":"","jetpack_sharing_enabled":true,"_links":{"self":[{"href":"https:\/\/www.richardappelbom.se\/index.php\/wp-json\/wp\/v2\/posts\/355","targetHints":{"allow":["GET"]}}],"collection":[{"href":"https:\/\/www.richardappelbom.se\/index.php\/wp-json\/wp\/v2\/posts"}],"about":[{"href":"https:\/\/www.richardappelbom.se\/index.php\/wp-json\/wp\/v2\/types\/post"}],"author":[{"embeddable":true,"href":"https:\/\/www.richardappelbom.se\/index.php\/wp-json\/wp\/v2\/users\/1"}],"replies":[{"embeddable":true,"href":"https:\/\/www.richardappelbom.se\/index.php\/wp-json\/wp\/v2\/comments?post=355"}],"version-history":[{"count":2,"href":"https:\/\/www.richardappelbom.se\/index.php\/wp-json\/wp\/v2\/posts\/355\/revisions"}],"predecessor-version":[{"id":358,"href":"https:\/\/www.richardappelbom.se\/index.php\/wp-json\/wp\/v2\/posts\/355\/revisions\/358"}],"wp:attachment":[{"href":"https:\/\/www.richardappelbom.se\/index.php\/wp-json\/wp\/v2\/media?parent=355"}],"wp:term":[{"taxonomy":"category","embeddable":true,"href":"https:\/\/www.richardappelbom.se\/index.php\/wp-json\/wp\/v2\/categories?post=355"},{"taxonomy":"post_tag","embeddable":true,"href":"https:\/\/www.richardappelbom.se\/index.php\/wp-json\/wp\/v2\/tags?post=355"}],"curies":[{"name":"wp","href":"https:\/\/api.w.org\/{rel}","templated":true}]}}