{"id":360,"date":"2022-11-18T09:47:08","date_gmt":"2022-11-18T09:47:08","guid":{"rendered":"https:\/\/www.richardappelbom.se\/?p=360"},"modified":"2022-11-18T10:07:24","modified_gmt":"2022-11-18T10:07:24","slug":"framgang-for-gor-amerika-normalt-igen","status":"publish","type":"post","link":"https:\/\/www.richardappelbom.se\/index.php\/2022\/11\/18\/framgang-for-gor-amerika-normalt-igen\/","title":{"rendered":"Framg\u00e5ng f\u00f6r \u00a0\u201dG\u00f6r Amerika normalt igen\u201d"},"content":{"rendered":"\n<figure class=\"wp-block-image size-full is-resized\"><img loading=\"lazy\" decoding=\"async\" src=\"https:\/\/www.richardappelbom.se\/wp-content\/uploads\/2022\/11\/joe-biden.jpg\" alt=\"\" class=\"wp-image-361\" width=\"599\" height=\"399\"\/><figcaption>President Joe Biden kan vara n\u00f6jd med resultatet i Mellan\u00e5rsvalen (mitt i presidentperioden) i USA.<\/figcaption><\/figure>\n\n\n\n<p><\/p>\n\n\n\n<p>Visst \u00e4r det viktigt f\u00f6r Sverige vad som h\u00e4nder med politiken i USA, s\u00e4rskilt n\u00e4r Ryssland har invaderat Ukraina och Sverige \u00e4r p\u00e5 v\u00e4g in i Nato. Men ibland g\u00e5r uppm\u00e4rksamheten till \u00f6verdrift, Sverige \u00e4r inte USA:s 51:a delstat. USA \u00e4r en federation med betydande politiska, ekonomiska och kulturella skillnader mellan delstaterna. Sverige \u00e4r mycket mindre och mer enhetligt.<\/p>\n\n\n\n<p>Resultaten av mellan\u00e5rsvalen (mitt i presidentens mandatperiod) f\u00f6r hela representanthuset (435), en tredjedel av senaten (av 100) och m\u00e5nga delstatsposter visar att valvinden bl\u00e5ste olika i det stora landet. Ofta brukar \u201dpresidentpartiet\u201d tappa r\u00f6ster och i slutet av valkampanjen byggdes f\u00f6rv\u00e4ntningar upp om en jordskredsseger \u00a0f\u00f6r Republikanerna. P\u00e5 sina h\u00e5ll, som i Florida och New York, gick det ocks\u00e5 bra f\u00f6r partiets kandidater. Men p\u00e5 andra h\u00e5ll gick det s\u00e4mre. \u00d6ver landet som helhet klarade sig president Biden och Demokraterna b\u00e4ttre \u00e4n v\u00e4ntat.<\/p>\n\n\n\n<p>Demokraterna beh\u00f6ll <a href=\"https:\/\/www.realclearpolitics.com\/elections\/live_results\/2022\/senate\/\">majoriteten i senaten<\/a>, men f\u00f6rlorade den <a href=\"https:\/\/www.realclearpolitics.com\/elections\/live_results\/2022\/house\/\">knappt i representanthuset. <\/a>Enligt &#8220;konventionell&#8221; visdom borde det vara tv\u00e4rtom. Senaten har tv\u00e5 representanter per delstat, vilket borde gynna Republikanerna som \u00e4r starkare p\u00e5 mindre orter och i mindre delstater d\u00e4r en st\u00f6rre andel av befolkningen r\u00e4knas som &#8220;vita&#8221;. Representanthuset har mandat efter delstaternas storlek, vilket trots att det f\u00f6rekommer trixande med valkretsar (gerrymanding) och det \u00e4ven h\u00e4r finns en liten f\u00f6rdel f\u00f6r sm\u00e5 delstater (alla har en representant) borde gynna Demokraterna som har starkare st\u00f6d i st\u00f6rre delstater och bland minoriteter. Republikanska kandidater i representanthuset fick sammantaget fler r\u00f6ster \u00e4n Demokratiska (i n\u00e5gra valkretsar fanns dock inga motst\u00e5ndare fr\u00e5n det andra partiet)<\/p>\n\n\n\n<p>Det tar orimligt l\u00e5ng tid att r\u00e4kna r\u00f6ster. F\u00f6rst efter en vecka var det klart att Republikanerna n\u00e5dde majoritetsghr\u00e4nsen 218 mandat i representanthuset, men inte ens d\u00e5 var alla r\u00f6ster r\u00e4knande. H\u00e4r \u00e4r den av Demokraterna numera omhuldade r\u00e4tten att r\u00f6sta per brev, vilket skulle kunna hota valhemligheten men \u00e4r bek\u00e4mt f\u00f6r m\u00e5nga v\u00e4ljare, en viktig orsak. Brev postst\u00e4mplade p\u00e5 valdagen r\u00e4knas i en del delstater, och det kan d\u00e5 dr\u00f6ja flera dagar innan de kommer fram till r\u00f6str\u00e4knarna.<\/p>\n\n\n\n<p>Republikanerna talade om h\u00f6g inflation, \u00f6kad brottslighet och h\u00f6g invandring \u00f6ver gr\u00e4nsen fr\u00e5n Mexiko. Oroande m\u00e5nga upprepade ocks\u00e5 expresidenten Donald Trumps p\u00e5st\u00e5enden om\u00a0 valfusk i presidentvalet 2020.<\/p>\n\n\n\n<p>Demokraterna v\u00e4rnade r\u00e4tten till abort och varnade f\u00f6r att \u201dTrumprepublikaner\u201d kunde hota demokratin i USA om de fick kontroll \u00f6ver valadministrationen i delstaterna. Det verkar ha haft effekt, Republikanernas framg\u00e5ng blev mindre \u00e4n v\u00e4ntat.<\/p>\n\n\n\n<p>Republikanerna hade l\u00e4nge kritiserat att abortr\u00e4tten hade avgjorts av H\u00f6gsta domstolen i st\u00e4llet f\u00f6r genom politiska beslut. De mobiliserade konservativa k\u00e4rnv\u00e4ljare genom krav p\u00e5 l\u00e5ngtg\u00e5ende f\u00f6rbud och restriktioner.<\/p>\n\n\n\n<p>N\u00e4r H\u00f6gsta domstolen \u00e4ndrade sig och \u00e5terl\u00e4mnade fr\u00e5gan till politikerna fick Republikaner\u00a0problem med tidigare l\u00e5ngtg\u00e5ende uttalanden. F\u00f6rr var de opinionsyttringar, nu kunde s\u00e5dana f\u00f6rbud r\u00f6stas igenom, och det var m\u00e5nga v\u00e4ljare emot. F\u00f6rsvaret f\u00f6r r\u00e4tten till abort mobiliserade nu fr\u00e4mst kvinnliga v\u00e4ljare.<\/p>\n\n\n\n<p>P\u00e5 sikt kanske USA blir mer som Europa, d\u00e4r lagarna skiftar. I de flesta delstater kommer det finnas r\u00e4tt till abort, men i mer religi\u00f6st och konservativt pr\u00e4glade omr\u00e5den kan lagarna vara h\u00e5rda. Men i det h\u00e4r valet gynnade fr\u00e5gan Demokraterna.<\/p>\n\n\n\n<p>Demokrater hade i n\u00e5gra fall hj\u00e4lpt till att f\u00e5 extrema Republikaner som motst\u00e5ndare, i tron att de vore l\u00e4ttare att besegra. En farlig taktik om extremisterna \u00e4nd\u00e5 skulle vinna. Nu tycks den dock ha fungerat p\u00e5 flera h\u00e5ll. Republikanerna f\u00f6rlorade p\u00e5 kopplingar till den omstridde och av m\u00e5nga v\u00e4ljare misstrodde Donald Trump.<\/p>\n\n\n\n<p>Visst finns polariseringen kvar.&nbsp; Jag s\u00e5g b\u00e5de mer liberala CNN och konservativa Foxs valbevakning, och det var \u201dskilda v\u00e4rldar\u201d som redovisades. Medier med bred r\u00e4ckvidd \u00e4r viktiga f\u00f6r demokratin.<\/p>\n\n\n\n<p>Men f\u00f6rhoppningsvis kan valresultatet inneb\u00e4ra att Donald Trumps inflytande kan minska n\u00e4r det blir tydligt att han och hans kandidater \u00e4r \u201ds\u00e4nken\u201d. Att han \u00e5ter st\u00e4ller upp i presidentvalet har v\u00e4ckt mycket <a href=\"https:\/\/www.washingtonexaminer.com\/news\/campaigns\/trump-has-the-2024-presidential-field-to-himself\">m\u00e5ttligt st\u00f6d<\/a> bland ledande republikaner. Utrikespolitiken l\u00e4r med det h\u00e4r valutslaget ligga fast, viktigt f\u00f6r Sverige. USA kan bli mer \u201dnormalt\u201d igen.<\/p>\n\n\n\n<p>F\u00f6ljer valen i Minnesota speciellt, eftersom min fru Michele \u00e4r d\u00e4rifr\u00e5n och det finns ett starkt nordiskt kulturellt inflytande sedan den stora migrationen p\u00e5 1800-talet. Demokraterna, eller Democratic Farmer Labor  party, som de heter d\u00e4r, inspirerades av nordisk v\u00e4lf\u00e4rdsstat och socialdemokrati. Det fanns en stark koppling mellan fackf\u00f6reningar och Demokraterna, Hubert Humphrey var som senator fr\u00e5n Minnesota g\u00e4st hos Tage Erlander p\u00e5 Harpsund. (Kontakterna f\u00f6rs\u00e4mrades n\u00e4r Humphrey som vicepresident under Lyndon Johnson fick f\u00f6rsvara Vietnamkriget).<\/p>\n\n\n\n<p>Minnesota har likt Sverige haft stor invandring, vilket har f\u00f6r\u00e4ndrat politiken ungef\u00e4r som h\u00e4r. Demokraterna dominerar storst\u00e4der och i den v\u00e4xande gruppen av minoriteter. Republikanerna har g\u00e5tt fram utanf\u00f6r storst\u00e4derna Minneapolis\/S:t Paul.<\/p>\n\n\n\n<p>Den h\u00e4r g\u00e5ngen<a href=\"https:\/\/www.startribune.com\/2022-minnesota-election-results-congess-governor-attorney-general\/600222056\/?refresh=true\"> vann Demokraterna <\/a>alla <a href=\"https:\/\/electionresults.sos.state.mn.us\/20221108\">viktiga personval <\/a>som guvern\u00f6r. Platserna i federala representanthuset delades fyra var mellan partierna. Demokraten Angie Craig blev \u00e5tervald i marginalvalkretsen s\u00f6der om Minneapolis d\u00e4r Michele och barnen (dubbelt medborgarskap) har r\u00f6str\u00e4tt.<\/p>\n\n\n\n<p>Demokraterna vann majoriteten i delstatens b\u00e5da kamrar (senat och representanthus). Noterbart \u00e4r att Demokraterna i och runt Duluth, med starkare fackliga traditioner, klarar sig b\u00e4ttre \u00e4n i andra delar av Minnesota utanf\u00f6r storst\u00e4derna, \u00e4ven om Republikanerna har g\u00e5tt fram ocks\u00e5 d\u00e4r. En parallell till Socialdemokraternas problem i gamla bruksorter. Gruvorten Hibbing, d\u00e4r Bob Dylan v\u00e4xte upp  r\u00f6stade dock Republikanskt, liksom Chisago County, som skildras i Wilhelm Mobergs b\u00f6cker och som v\u00e5rdar det svenska arvet. <\/p>\n\n\n\n<p><\/p>\n","protected":false},"excerpt":{"rendered":"<p>Visst \u00e4r det viktigt f\u00f6r Sverige vad som h\u00e4nder med politiken i USA, s\u00e4rskilt n\u00e4r Ryssland har invaderat Ukraina och Sverige \u00e4r p\u00e5 v\u00e4g in i Nato. Men ibland g\u00e5r uppm\u00e4rksamheten till \u00f6verdrift, Sverige \u00e4r inte USA:s 51:a delstat. USA \u00e4r en federation med betydande politiska, ekonomiska och kulturella skillnader mellan delstaterna. Sverige \u00e4r mycket [&hellip;]<\/p>\n","protected":false},"author":1,"featured_media":0,"comment_status":"open","ping_status":"closed","sticky":false,"template":"","format":"standard","meta":{"_jetpack_memberships_contains_paid_content":false,"footnotes":""},"categories":[10],"tags":[],"class_list":["post-360","post","type-post","status-publish","format-standard","hentry","category-allman-inlagg"],"yoast_head":"<!-- This site is optimized with the Yoast SEO plugin v27.2 - https:\/\/yoast.com\/product\/yoast-seo-wordpress\/ -->\n<title>Framg\u00e5ng f\u00f6r \u00a0\u201dG\u00f6r Amerika normalt igen\u201d - Richard Appelbom<\/title>\n<meta name=\"description\" content=\"Mellan\u00e5rsvalen i USA innebar att det gick s\u00e4mre \u00e4n v\u00e4ntat f\u00f6r republikanerna, vilket kan minska Donald Trumps grepp \u00f6ver partiet.\" \/>\n<meta name=\"robots\" content=\"index, follow, max-snippet:-1, max-image-preview:large, max-video-preview:-1\" \/>\n<link rel=\"canonical\" href=\"https:\/\/www.richardappelbom.se\/index.php\/2022\/11\/18\/framgang-for-gor-amerika-normalt-igen\/\" \/>\n<meta property=\"og:locale\" content=\"en_US\" \/>\n<meta property=\"og:type\" content=\"article\" \/>\n<meta property=\"og:title\" content=\"Framg\u00e5ng f\u00f6r \u00a0\u201dG\u00f6r Amerika normalt igen\u201d - Richard Appelbom\" \/>\n<meta property=\"og:description\" content=\"Mellan\u00e5rsvalen i USA innebar att det gick s\u00e4mre \u00e4n v\u00e4ntat f\u00f6r republikanerna, vilket kan minska Donald Trumps grepp \u00f6ver partiet.\" \/>\n<meta property=\"og:url\" content=\"https:\/\/www.richardappelbom.se\/index.php\/2022\/11\/18\/framgang-for-gor-amerika-normalt-igen\/\" \/>\n<meta property=\"og:site_name\" content=\"Richard Appelbom\" \/>\n<meta property=\"article:publisher\" content=\"https:\/\/www.facebook.com\/rappelbom\" \/>\n<meta property=\"article:author\" content=\"https:\/\/www.facebook.com\/rappelbom\" \/>\n<meta property=\"article:published_time\" content=\"2022-11-18T09:47:08+00:00\" \/>\n<meta property=\"article:modified_time\" content=\"2022-11-18T10:07:24+00:00\" \/>\n<meta property=\"og:image\" content=\"https:\/\/www.richardappelbom.se\/wp-content\/uploads\/2022\/11\/joe-biden.jpg\" \/>\n<meta name=\"author\" content=\"admin\" \/>\n<meta name=\"twitter:card\" content=\"summary_large_image\" \/>\n<meta name=\"twitter:creator\" content=\"@RichardAppelbom\" \/>\n<meta name=\"twitter:site\" content=\"@RichardAppelbom\" \/>\n<meta name=\"twitter:label1\" content=\"Written by\" \/>\n\t<meta name=\"twitter:data1\" content=\"admin\" \/>\n\t<meta name=\"twitter:label2\" content=\"Est. reading time\" \/>\n\t<meta name=\"twitter:data2\" content=\"5 minutes\" \/>\n<script type=\"application\/ld+json\" class=\"yoast-schema-graph\">{\"@context\":\"https:\/\/schema.org\",\"@graph\":[{\"@type\":\"Article\",\"@id\":\"https:\/\/www.richardappelbom.se\/index.php\/2022\/11\/18\/framgang-for-gor-amerika-normalt-igen\/#article\",\"isPartOf\":{\"@id\":\"https:\/\/www.richardappelbom.se\/index.php\/2022\/11\/18\/framgang-for-gor-amerika-normalt-igen\/\"},\"author\":{\"name\":\"admin\",\"@id\":\"https:\/\/www.richardappelbom.se\/#\/schema\/person\/98f55ffd095155d902e585f10999a15d\"},\"headline\":\"Framg\u00e5ng f\u00f6r \u00a0\u201dG\u00f6r Amerika normalt igen\u201d\",\"datePublished\":\"2022-11-18T09:47:08+00:00\",\"dateModified\":\"2022-11-18T10:07:24+00:00\",\"mainEntityOfPage\":{\"@id\":\"https:\/\/www.richardappelbom.se\/index.php\/2022\/11\/18\/framgang-for-gor-amerika-normalt-igen\/\"},\"wordCount\":1052,\"commentCount\":0,\"image\":{\"@id\":\"https:\/\/www.richardappelbom.se\/index.php\/2022\/11\/18\/framgang-for-gor-amerika-normalt-igen\/#primaryimage\"},\"thumbnailUrl\":\"https:\/\/www.richardappelbom.se\/wp-content\/uploads\/2022\/11\/joe-biden.jpg\",\"articleSection\":[\"Allm\u00e4n Posts\"],\"inLanguage\":\"en-US\",\"potentialAction\":[{\"@type\":\"CommentAction\",\"name\":\"Comment\",\"target\":[\"https:\/\/www.richardappelbom.se\/index.php\/2022\/11\/18\/framgang-for-gor-amerika-normalt-igen\/#respond\"]}]},{\"@type\":\"WebPage\",\"@id\":\"https:\/\/www.richardappelbom.se\/index.php\/2022\/11\/18\/framgang-for-gor-amerika-normalt-igen\/\",\"url\":\"https:\/\/www.richardappelbom.se\/index.php\/2022\/11\/18\/framgang-for-gor-amerika-normalt-igen\/\",\"name\":\"Framg\u00e5ng f\u00f6r \u00a0\u201dG\u00f6r Amerika normalt igen\u201d - Richard Appelbom\",\"isPartOf\":{\"@id\":\"https:\/\/www.richardappelbom.se\/#website\"},\"primaryImageOfPage\":{\"@id\":\"https:\/\/www.richardappelbom.se\/index.php\/2022\/11\/18\/framgang-for-gor-amerika-normalt-igen\/#primaryimage\"},\"image\":{\"@id\":\"https:\/\/www.richardappelbom.se\/index.php\/2022\/11\/18\/framgang-for-gor-amerika-normalt-igen\/#primaryimage\"},\"thumbnailUrl\":\"https:\/\/www.richardappelbom.se\/wp-content\/uploads\/2022\/11\/joe-biden.jpg\",\"datePublished\":\"2022-11-18T09:47:08+00:00\",\"dateModified\":\"2022-11-18T10:07:24+00:00\",\"author\":{\"@id\":\"https:\/\/www.richardappelbom.se\/#\/schema\/person\/98f55ffd095155d902e585f10999a15d\"},\"description\":\"Mellan\u00e5rsvalen i USA innebar att det gick s\u00e4mre \u00e4n v\u00e4ntat f\u00f6r republikanerna, vilket kan minska Donald Trumps grepp \u00f6ver partiet.\",\"breadcrumb\":{\"@id\":\"https:\/\/www.richardappelbom.se\/index.php\/2022\/11\/18\/framgang-for-gor-amerika-normalt-igen\/#breadcrumb\"},\"inLanguage\":\"en-US\",\"potentialAction\":[{\"@type\":\"ReadAction\",\"target\":[\"https:\/\/www.richardappelbom.se\/index.php\/2022\/11\/18\/framgang-for-gor-amerika-normalt-igen\/\"]}]},{\"@type\":\"ImageObject\",\"inLanguage\":\"en-US\",\"@id\":\"https:\/\/www.richardappelbom.se\/index.php\/2022\/11\/18\/framgang-for-gor-amerika-normalt-igen\/#primaryimage\",\"url\":\"https:\/\/www.richardappelbom.se\/wp-content\/uploads\/2022\/11\/joe-biden.jpg\",\"contentUrl\":\"https:\/\/www.richardappelbom.se\/wp-content\/uploads\/2022\/11\/joe-biden.jpg\",\"width\":275,\"height\":183},{\"@type\":\"BreadcrumbList\",\"@id\":\"https:\/\/www.richardappelbom.se\/index.php\/2022\/11\/18\/framgang-for-gor-amerika-normalt-igen\/#breadcrumb\",\"itemListElement\":[{\"@type\":\"ListItem\",\"position\":1,\"name\":\"Home\",\"item\":\"https:\/\/www.richardappelbom.se\/\"},{\"@type\":\"ListItem\",\"position\":2,\"name\":\"Framg\u00e5ng f\u00f6r \u00a0\u201dG\u00f6r Amerika normalt igen\u201d\"}]},{\"@type\":\"WebSite\",\"@id\":\"https:\/\/www.richardappelbom.se\/#website\",\"url\":\"https:\/\/www.richardappelbom.se\/\",\"name\":\"Richard Appelbom\",\"description\":\"En blogg om val och valsystem\",\"potentialAction\":[{\"@type\":\"SearchAction\",\"target\":{\"@type\":\"EntryPoint\",\"urlTemplate\":\"https:\/\/www.richardappelbom.se\/?s={search_term_string}\"},\"query-input\":{\"@type\":\"PropertyValueSpecification\",\"valueRequired\":true,\"valueName\":\"search_term_string\"}}],\"inLanguage\":\"en-US\"},{\"@type\":\"Person\",\"@id\":\"https:\/\/www.richardappelbom.se\/#\/schema\/person\/98f55ffd095155d902e585f10999a15d\",\"name\":\"admin\",\"image\":{\"@type\":\"ImageObject\",\"inLanguage\":\"en-US\",\"@id\":\"https:\/\/secure.gravatar.com\/avatar\/480edd36f6cc3945e6b2db9fdc6f78df2a3fb98b7b27925b8d810863cfa537e7?s=96&d=mm&r=g\",\"url\":\"https:\/\/secure.gravatar.com\/avatar\/480edd36f6cc3945e6b2db9fdc6f78df2a3fb98b7b27925b8d810863cfa537e7?s=96&d=mm&r=g\",\"contentUrl\":\"https:\/\/secure.gravatar.com\/avatar\/480edd36f6cc3945e6b2db9fdc6f78df2a3fb98b7b27925b8d810863cfa537e7?s=96&d=mm&r=g\",\"caption\":\"admin\"},\"sameAs\":[\"https:\/\/www.facebook.com\/rappelbom\",\"https:\/\/twitter.com\/RichardAppelbom\"],\"url\":\"https:\/\/www.richardappelbom.se\/index.php\/author\/ra_j9l6616t\/\"}]}<\/script>\n<!-- \/ Yoast SEO plugin. -->","yoast_head_json":{"title":"Framg\u00e5ng f\u00f6r \u00a0\u201dG\u00f6r Amerika normalt igen\u201d - Richard Appelbom","description":"Mellan\u00e5rsvalen i USA innebar att det gick s\u00e4mre \u00e4n v\u00e4ntat f\u00f6r republikanerna, vilket kan minska Donald Trumps grepp \u00f6ver partiet.","robots":{"index":"index","follow":"follow","max-snippet":"max-snippet:-1","max-image-preview":"max-image-preview:large","max-video-preview":"max-video-preview:-1"},"canonical":"https:\/\/www.richardappelbom.se\/index.php\/2022\/11\/18\/framgang-for-gor-amerika-normalt-igen\/","og_locale":"en_US","og_type":"article","og_title":"Framg\u00e5ng f\u00f6r \u00a0\u201dG\u00f6r Amerika normalt igen\u201d - Richard Appelbom","og_description":"Mellan\u00e5rsvalen i USA innebar att det gick s\u00e4mre \u00e4n v\u00e4ntat f\u00f6r republikanerna, vilket kan minska Donald Trumps grepp \u00f6ver partiet.","og_url":"https:\/\/www.richardappelbom.se\/index.php\/2022\/11\/18\/framgang-for-gor-amerika-normalt-igen\/","og_site_name":"Richard Appelbom","article_publisher":"https:\/\/www.facebook.com\/rappelbom","article_author":"https:\/\/www.facebook.com\/rappelbom","article_published_time":"2022-11-18T09:47:08+00:00","article_modified_time":"2022-11-18T10:07:24+00:00","og_image":[{"url":"https:\/\/www.richardappelbom.se\/wp-content\/uploads\/2022\/11\/joe-biden.jpg","type":"","width":"","height":""}],"author":"admin","twitter_card":"summary_large_image","twitter_creator":"@RichardAppelbom","twitter_site":"@RichardAppelbom","twitter_misc":{"Written by":"admin","Est. reading time":"5 minutes"},"schema":{"@context":"https:\/\/schema.org","@graph":[{"@type":"Article","@id":"https:\/\/www.richardappelbom.se\/index.php\/2022\/11\/18\/framgang-for-gor-amerika-normalt-igen\/#article","isPartOf":{"@id":"https:\/\/www.richardappelbom.se\/index.php\/2022\/11\/18\/framgang-for-gor-amerika-normalt-igen\/"},"author":{"name":"admin","@id":"https:\/\/www.richardappelbom.se\/#\/schema\/person\/98f55ffd095155d902e585f10999a15d"},"headline":"Framg\u00e5ng f\u00f6r \u00a0\u201dG\u00f6r Amerika normalt igen\u201d","datePublished":"2022-11-18T09:47:08+00:00","dateModified":"2022-11-18T10:07:24+00:00","mainEntityOfPage":{"@id":"https:\/\/www.richardappelbom.se\/index.php\/2022\/11\/18\/framgang-for-gor-amerika-normalt-igen\/"},"wordCount":1052,"commentCount":0,"image":{"@id":"https:\/\/www.richardappelbom.se\/index.php\/2022\/11\/18\/framgang-for-gor-amerika-normalt-igen\/#primaryimage"},"thumbnailUrl":"https:\/\/www.richardappelbom.se\/wp-content\/uploads\/2022\/11\/joe-biden.jpg","articleSection":["Allm\u00e4n Posts"],"inLanguage":"en-US","potentialAction":[{"@type":"CommentAction","name":"Comment","target":["https:\/\/www.richardappelbom.se\/index.php\/2022\/11\/18\/framgang-for-gor-amerika-normalt-igen\/#respond"]}]},{"@type":"WebPage","@id":"https:\/\/www.richardappelbom.se\/index.php\/2022\/11\/18\/framgang-for-gor-amerika-normalt-igen\/","url":"https:\/\/www.richardappelbom.se\/index.php\/2022\/11\/18\/framgang-for-gor-amerika-normalt-igen\/","name":"Framg\u00e5ng f\u00f6r \u00a0\u201dG\u00f6r Amerika normalt igen\u201d - Richard Appelbom","isPartOf":{"@id":"https:\/\/www.richardappelbom.se\/#website"},"primaryImageOfPage":{"@id":"https:\/\/www.richardappelbom.se\/index.php\/2022\/11\/18\/framgang-for-gor-amerika-normalt-igen\/#primaryimage"},"image":{"@id":"https:\/\/www.richardappelbom.se\/index.php\/2022\/11\/18\/framgang-for-gor-amerika-normalt-igen\/#primaryimage"},"thumbnailUrl":"https:\/\/www.richardappelbom.se\/wp-content\/uploads\/2022\/11\/joe-biden.jpg","datePublished":"2022-11-18T09:47:08+00:00","dateModified":"2022-11-18T10:07:24+00:00","author":{"@id":"https:\/\/www.richardappelbom.se\/#\/schema\/person\/98f55ffd095155d902e585f10999a15d"},"description":"Mellan\u00e5rsvalen i USA innebar att det gick s\u00e4mre \u00e4n v\u00e4ntat f\u00f6r republikanerna, vilket kan minska Donald Trumps grepp \u00f6ver partiet.","breadcrumb":{"@id":"https:\/\/www.richardappelbom.se\/index.php\/2022\/11\/18\/framgang-for-gor-amerika-normalt-igen\/#breadcrumb"},"inLanguage":"en-US","potentialAction":[{"@type":"ReadAction","target":["https:\/\/www.richardappelbom.se\/index.php\/2022\/11\/18\/framgang-for-gor-amerika-normalt-igen\/"]}]},{"@type":"ImageObject","inLanguage":"en-US","@id":"https:\/\/www.richardappelbom.se\/index.php\/2022\/11\/18\/framgang-for-gor-amerika-normalt-igen\/#primaryimage","url":"https:\/\/www.richardappelbom.se\/wp-content\/uploads\/2022\/11\/joe-biden.jpg","contentUrl":"https:\/\/www.richardappelbom.se\/wp-content\/uploads\/2022\/11\/joe-biden.jpg","width":275,"height":183},{"@type":"BreadcrumbList","@id":"https:\/\/www.richardappelbom.se\/index.php\/2022\/11\/18\/framgang-for-gor-amerika-normalt-igen\/#breadcrumb","itemListElement":[{"@type":"ListItem","position":1,"name":"Home","item":"https:\/\/www.richardappelbom.se\/"},{"@type":"ListItem","position":2,"name":"Framg\u00e5ng f\u00f6r \u00a0\u201dG\u00f6r Amerika normalt igen\u201d"}]},{"@type":"WebSite","@id":"https:\/\/www.richardappelbom.se\/#website","url":"https:\/\/www.richardappelbom.se\/","name":"Richard Appelbom","description":"En blogg om val och valsystem","potentialAction":[{"@type":"SearchAction","target":{"@type":"EntryPoint","urlTemplate":"https:\/\/www.richardappelbom.se\/?s={search_term_string}"},"query-input":{"@type":"PropertyValueSpecification","valueRequired":true,"valueName":"search_term_string"}}],"inLanguage":"en-US"},{"@type":"Person","@id":"https:\/\/www.richardappelbom.se\/#\/schema\/person\/98f55ffd095155d902e585f10999a15d","name":"admin","image":{"@type":"ImageObject","inLanguage":"en-US","@id":"https:\/\/secure.gravatar.com\/avatar\/480edd36f6cc3945e6b2db9fdc6f78df2a3fb98b7b27925b8d810863cfa537e7?s=96&d=mm&r=g","url":"https:\/\/secure.gravatar.com\/avatar\/480edd36f6cc3945e6b2db9fdc6f78df2a3fb98b7b27925b8d810863cfa537e7?s=96&d=mm&r=g","contentUrl":"https:\/\/secure.gravatar.com\/avatar\/480edd36f6cc3945e6b2db9fdc6f78df2a3fb98b7b27925b8d810863cfa537e7?s=96&d=mm&r=g","caption":"admin"},"sameAs":["https:\/\/www.facebook.com\/rappelbom","https:\/\/twitter.com\/RichardAppelbom"],"url":"https:\/\/www.richardappelbom.se\/index.php\/author\/ra_j9l6616t\/"}]}},"jetpack_featured_media_url":"","jetpack_sharing_enabled":true,"_links":{"self":[{"href":"https:\/\/www.richardappelbom.se\/index.php\/wp-json\/wp\/v2\/posts\/360","targetHints":{"allow":["GET"]}}],"collection":[{"href":"https:\/\/www.richardappelbom.se\/index.php\/wp-json\/wp\/v2\/posts"}],"about":[{"href":"https:\/\/www.richardappelbom.se\/index.php\/wp-json\/wp\/v2\/types\/post"}],"author":[{"embeddable":true,"href":"https:\/\/www.richardappelbom.se\/index.php\/wp-json\/wp\/v2\/users\/1"}],"replies":[{"embeddable":true,"href":"https:\/\/www.richardappelbom.se\/index.php\/wp-json\/wp\/v2\/comments?post=360"}],"version-history":[{"count":2,"href":"https:\/\/www.richardappelbom.se\/index.php\/wp-json\/wp\/v2\/posts\/360\/revisions"}],"predecessor-version":[{"id":364,"href":"https:\/\/www.richardappelbom.se\/index.php\/wp-json\/wp\/v2\/posts\/360\/revisions\/364"}],"wp:attachment":[{"href":"https:\/\/www.richardappelbom.se\/index.php\/wp-json\/wp\/v2\/media?parent=360"}],"wp:term":[{"taxonomy":"category","embeddable":true,"href":"https:\/\/www.richardappelbom.se\/index.php\/wp-json\/wp\/v2\/categories?post=360"},{"taxonomy":"post_tag","embeddable":true,"href":"https:\/\/www.richardappelbom.se\/index.php\/wp-json\/wp\/v2\/tags?post=360"}],"curies":[{"name":"wp","href":"https:\/\/api.w.org\/{rel}","templated":true}]}}