{"id":366,"date":"2023-02-14T12:17:25","date_gmt":"2023-02-14T12:17:25","guid":{"rendered":"https:\/\/www.richardappelbom.se\/?p=366"},"modified":"2023-02-14T12:17:26","modified_gmt":"2023-02-14T12:17:26","slug":"berlinvaljare-gick-at-hoger","status":"publish","type":"post","link":"https:\/\/www.richardappelbom.se\/index.php\/2023\/02\/14\/berlinvaljare-gick-at-hoger\/","title":{"rendered":"Berlinv\u00e4ljare gick \u00e5t h\u00f6ger"},"content":{"rendered":"\n<figure class=\"wp-block-image size-full is-resized\"><img loading=\"lazy\" decoding=\"async\" src=\"https:\/\/www.richardappelbom.se\/wp-content\/uploads\/2023\/02\/berlin.jpg\" alt=\"\" class=\"wp-image-367\" width=\"839\" height=\"681\"\/><figcaption class=\"wp-element-caption\">Ukrainakriget verkar inte ha avgjort lokalvalen i Berlin<\/figcaption><\/figure>\n\n\n\n<p>V\u00e4ljarna i Berlin, som \u00e4r en egen delstat i Tyskland, fick g\u00f6ra om valet fr\u00e5n september 2021. Det \u00e4gde rum samtidigt som f\u00f6rbundsdagsvalet, men <a href=\"https:\/\/www.dw.com\/en\/berlin-conservatives-win-vote-but-unclear-who-will-rule-city\/a-64680065\">det fungerade d\u00e5ligt,<\/a> vilket bland annat ledde till l\u00e5nga k\u00f6er vid vallokalerna. D\u00e4rf\u00f6r beordrade en domstol att v\u00e4ljarna skulle r\u00f6sta igen (dock beh\u00f6vde inte f\u00f6rbundsdagsvalet g\u00f6ras om) 12 februari 2023. Valdeltagandet sj\u00f6nk till 63 procent j\u00e4mf\u00f6rt med 76 procent i valet 2021. Den g\u00e5ngen h\u00f6jdes valdeltagandet dock av att det samtidigt var f\u00f6rbundsdagsval, vilket brukar ha h\u00f6gre valdeltagande \u00e4n delstatsval. I delstatsvalet 2016 var valdeltagandet 67 procent.<\/p>\n\n\n\n<p><a href=\"https:\/\/www.zdf.de\/nachrichten\/thema\/wahl-in-berlin-100.html?slide=Ergebnis-BERL2023\">Valet var en stor <\/a>framg\u00e5ng f\u00f6r kristdemokratiska CDU, som \u00f6kade med \u00f6ver 10 procentenheter till 28,2 procent och blev klart st\u00f6rst. (Det g\u00e4ller att ha koll p\u00e5 siffrorna, <a href=\"https:\/\/www.wahlrecht.de\/news\/2023\/abgeordnetenhauswahl-berlin-2023.html#absolut\">ibland \u00e4r j\u00e4mf\u00f6relsen med valet 2016<\/a>, men oftast med det f\u00f6r d\u00e5ligt genomf\u00f6rda 2021) Socialdemokratiska SPD och De Gr\u00f6na fick b\u00e5da 18,4 procent, men SPD fick n\u00e5got hundratal r\u00f6ster med. Det kan vara viktigt i koalitionsf\u00f6rhandlingar, d\u00e5 st\u00f6rsta partiet i et majoritetsstyre \u00e4r det som f\u00e5r leda koalitionen.<\/p>\n\n\n\n<p>Liksom i de nationella valen finn en sp\u00e4rr p\u00e5 5 procent och v\u00e4ljarna r\u00f6star b\u00e5de i enpersonsvalkretsar och f\u00f6r proportionella mandat. De proportionella \u00e4r avg\u00f6rande, f\u00f6rsamlingen f\u00e5r en strikt proportionell sammans\u00e4ttning f\u00f6r alla partier som klarar sp\u00e4rrgr\u00e4nsen.  Liberala FDP, som \u00e4r med i den nationella regeringen med SPD och De gr\u00f6na, fick bara 4,6  procent och d\u00e4rmed inga mandat alls. 13,6 procent av r\u00f6sterna var &#8220;bortkastade&#8221; och gick till partier som inte klarade sp\u00e4rrgr\u00e4nsen. Det \u00e4r en stor andel, men den h\u00e4r g\u00e5ngen p\u00e5verkade det inte m\u00f6jligheten att bilda majoritet. Inget parti vill samarbeta med h\u00f6gerpopulistiska Afd, som fick 9,1 procent av r\u00f6sterna.<\/p>\n\n\n\n<p>\u00c4ven i delstaterna finns den tyska aversionen mot att bilda minoritetsstyren, vilket kan leda till brokiga majoriteter. SPD, Gr\u00f6na och v\u00e4nsterpartiet die Linke (anses inte rumsrent p\u00e5 nationell niv\u00e5, men har ing\u00e5tt i delstatsmajoriteter) bildade majoritetsregering och har \u00e4ven efter valet en majoritet av mandaten. Alla tre partierna minskade dock j\u00e4mf\u00f6rt med valet 2021. (De Gr\u00f6na marginellt och de gick fram j\u00e4mf\u00f6rt med 2016). M\u00e5nga v\u00e4ljare var tr\u00f6tta p\u00e5 att Berlin hellre verkade framst\u00e5 som &#8220;charmigt och bohemiskt&#8221; \u00e4n v\u00e4l fungerande. <\/p>\n\n\n\n<p>Storst\u00e4der brukar numera r\u00f6sta mer v\u00e4nster, men det h\u00e4r valet f\u00f6ljde ganska v\u00e4l de nationella <a href=\"https:\/\/www.wahlrecht.de\/umfragen\/\">opioninsm\u00e4tningarna.<\/a> i februari 2023. (Kanske den l\u00e4nkade sajten visar annat om detta l\u00e4ses vid ett senare tillf\u00e4lle.) CDU ligger runt 25-28 procent och fick drygt 28 procent i Barlin. <a href=\"https:\/\/en.wikipedia.org\/wiki\/2023_Berlin_repeat_state_election\">Noterbart \u00e4r<\/a> att partiet gjorde ett b\u00e4ttre valresultat \u00e4n de lokala m\u00e4tningarna. SPD och De gr\u00f6na ligger b\u00e5da p\u00e5 16-21 procent, SPD f\u00f6r tillf\u00e4llet n\u00e5got st\u00f6rre. Sammantaget fick Die Linke och AfD drygt 20 procent, viket motsvarar r\u00f6standelen i nationella opinionsm\u00e4tningar. D\u00e4r f\u00e5r AfD 13-16 procent och die Linke 4-6 procent, med tendenser till uppg\u00e5ng f\u00f6r AfD de senaste veckorna (b\u00f6rjan p\u00e5 feb 2023) I Berlin fick dock Die Linke 12,2  och AfD 9,1 procent. Die Linke betydligt starkare i det forna \u00d6sttyskland, n\u00e5got som ocks\u00e5 avspeglas i valresultatet i forna V\u00e4st, respektive \u00d6stberlin. De Gr\u00f6na \u00e4r starka i de inte delarna av staden och bland yngre v\u00e4ljare.<\/p>\n\n\n\n<p>AfD och die Linke st\u00e5r f\u00f6r en mer ryssv\u00e4nlig politik, men valresultatet tyder inte p\u00e5 att st\u00f6det f\u00f6r Ukraina skulle svikta bland majoriteten av tyskarna. <\/p>\n\n\n\n<p><\/p>\n","protected":false},"excerpt":{"rendered":"<p>V\u00e4ljarna i Berlin, som \u00e4r en egen delstat i Tyskland, fick g\u00f6ra om valet fr\u00e5n september 2021. Det \u00e4gde rum samtidigt som f\u00f6rbundsdagsvalet, men det fungerade d\u00e5ligt, vilket bland annat ledde till l\u00e5nga k\u00f6er vid vallokalerna. D\u00e4rf\u00f6r beordrade en domstol att v\u00e4ljarna skulle r\u00f6sta igen (dock beh\u00f6vde inte f\u00f6rbundsdagsvalet g\u00f6ras om) 12 februari 2023. Valdeltagandet [&hellip;]<\/p>\n","protected":false},"author":1,"featured_media":0,"comment_status":"open","ping_status":"closed","sticky":false,"template":"","format":"standard","meta":{"_jetpack_memberships_contains_paid_content":false,"footnotes":""},"categories":[10],"tags":[],"class_list":["post-366","post","type-post","status-publish","format-standard","hentry","category-allman-inlagg"],"yoast_head":"<!-- This site is optimized with the Yoast SEO plugin v27.2 - https:\/\/yoast.com\/product\/yoast-seo-wordpress\/ -->\n<title>Berlinv\u00e4ljare gick \u00e5t h\u00f6ger - Richard Appelbom<\/title>\n<meta name=\"description\" content=\"V\u00e4ljarna i Berlin gick \u00e5t h\u00f6ger, men de r\u00f6dgr\u00f6na koalitionspartierna beh\u00f6ll mandatmajoritet. Resultatet ganska likt nationella m\u00e4tningar.\" \/>\n<meta name=\"robots\" content=\"index, follow, max-snippet:-1, max-image-preview:large, max-video-preview:-1\" \/>\n<link rel=\"canonical\" href=\"https:\/\/www.richardappelbom.se\/index.php\/2023\/02\/14\/berlinvaljare-gick-at-hoger\/\" \/>\n<meta property=\"og:locale\" content=\"en_US\" \/>\n<meta property=\"og:type\" content=\"article\" \/>\n<meta property=\"og:title\" content=\"Berlinv\u00e4ljare gick \u00e5t h\u00f6ger - Richard Appelbom\" \/>\n<meta property=\"og:description\" content=\"V\u00e4ljarna i Berlin gick \u00e5t h\u00f6ger, men de r\u00f6dgr\u00f6na koalitionspartierna beh\u00f6ll mandatmajoritet. Resultatet ganska likt nationella m\u00e4tningar.\" \/>\n<meta property=\"og:url\" content=\"https:\/\/www.richardappelbom.se\/index.php\/2023\/02\/14\/berlinvaljare-gick-at-hoger\/\" \/>\n<meta property=\"og:site_name\" content=\"Richard Appelbom\" \/>\n<meta property=\"article:publisher\" content=\"https:\/\/www.facebook.com\/rappelbom\" \/>\n<meta property=\"article:author\" content=\"https:\/\/www.facebook.com\/rappelbom\" \/>\n<meta property=\"article:published_time\" content=\"2023-02-14T12:17:25+00:00\" \/>\n<meta property=\"article:modified_time\" content=\"2023-02-14T12:17:26+00:00\" \/>\n<meta property=\"og:image\" content=\"https:\/\/www.richardappelbom.se\/wp-content\/uploads\/2023\/02\/berlin.jpg\" \/>\n<meta name=\"author\" content=\"admin\" \/>\n<meta name=\"twitter:card\" content=\"summary_large_image\" \/>\n<meta name=\"twitter:creator\" content=\"@RichardAppelbom\" \/>\n<meta name=\"twitter:site\" content=\"@RichardAppelbom\" \/>\n<meta name=\"twitter:label1\" content=\"Written by\" \/>\n\t<meta name=\"twitter:data1\" content=\"admin\" \/>\n\t<meta name=\"twitter:label2\" content=\"Est. reading time\" \/>\n\t<meta name=\"twitter:data2\" content=\"3 minutes\" \/>\n<script type=\"application\/ld+json\" class=\"yoast-schema-graph\">{\"@context\":\"https:\/\/schema.org\",\"@graph\":[{\"@type\":\"Article\",\"@id\":\"https:\/\/www.richardappelbom.se\/index.php\/2023\/02\/14\/berlinvaljare-gick-at-hoger\/#article\",\"isPartOf\":{\"@id\":\"https:\/\/www.richardappelbom.se\/index.php\/2023\/02\/14\/berlinvaljare-gick-at-hoger\/\"},\"author\":{\"name\":\"admin\",\"@id\":\"https:\/\/www.richardappelbom.se\/#\/schema\/person\/98f55ffd095155d902e585f10999a15d\"},\"headline\":\"Berlinv\u00e4ljare gick \u00e5t h\u00f6ger\",\"datePublished\":\"2023-02-14T12:17:25+00:00\",\"dateModified\":\"2023-02-14T12:17:26+00:00\",\"mainEntityOfPage\":{\"@id\":\"https:\/\/www.richardappelbom.se\/index.php\/2023\/02\/14\/berlinvaljare-gick-at-hoger\/\"},\"wordCount\":623,\"commentCount\":0,\"image\":{\"@id\":\"https:\/\/www.richardappelbom.se\/index.php\/2023\/02\/14\/berlinvaljare-gick-at-hoger\/#primaryimage\"},\"thumbnailUrl\":\"https:\/\/www.richardappelbom.se\/wp-content\/uploads\/2023\/02\/berlin.jpg\",\"articleSection\":[\"Allm\u00e4n Posts\"],\"inLanguage\":\"en-US\",\"potentialAction\":[{\"@type\":\"CommentAction\",\"name\":\"Comment\",\"target\":[\"https:\/\/www.richardappelbom.se\/index.php\/2023\/02\/14\/berlinvaljare-gick-at-hoger\/#respond\"]}]},{\"@type\":\"WebPage\",\"@id\":\"https:\/\/www.richardappelbom.se\/index.php\/2023\/02\/14\/berlinvaljare-gick-at-hoger\/\",\"url\":\"https:\/\/www.richardappelbom.se\/index.php\/2023\/02\/14\/berlinvaljare-gick-at-hoger\/\",\"name\":\"Berlinv\u00e4ljare gick \u00e5t h\u00f6ger - Richard Appelbom\",\"isPartOf\":{\"@id\":\"https:\/\/www.richardappelbom.se\/#website\"},\"primaryImageOfPage\":{\"@id\":\"https:\/\/www.richardappelbom.se\/index.php\/2023\/02\/14\/berlinvaljare-gick-at-hoger\/#primaryimage\"},\"image\":{\"@id\":\"https:\/\/www.richardappelbom.se\/index.php\/2023\/02\/14\/berlinvaljare-gick-at-hoger\/#primaryimage\"},\"thumbnailUrl\":\"https:\/\/www.richardappelbom.se\/wp-content\/uploads\/2023\/02\/berlin.jpg\",\"datePublished\":\"2023-02-14T12:17:25+00:00\",\"dateModified\":\"2023-02-14T12:17:26+00:00\",\"author\":{\"@id\":\"https:\/\/www.richardappelbom.se\/#\/schema\/person\/98f55ffd095155d902e585f10999a15d\"},\"description\":\"V\u00e4ljarna i Berlin gick \u00e5t h\u00f6ger, men de r\u00f6dgr\u00f6na koalitionspartierna beh\u00f6ll mandatmajoritet. Resultatet ganska likt nationella m\u00e4tningar.\",\"breadcrumb\":{\"@id\":\"https:\/\/www.richardappelbom.se\/index.php\/2023\/02\/14\/berlinvaljare-gick-at-hoger\/#breadcrumb\"},\"inLanguage\":\"en-US\",\"potentialAction\":[{\"@type\":\"ReadAction\",\"target\":[\"https:\/\/www.richardappelbom.se\/index.php\/2023\/02\/14\/berlinvaljare-gick-at-hoger\/\"]}]},{\"@type\":\"ImageObject\",\"inLanguage\":\"en-US\",\"@id\":\"https:\/\/www.richardappelbom.se\/index.php\/2023\/02\/14\/berlinvaljare-gick-at-hoger\/#primaryimage\",\"url\":\"https:\/\/www.richardappelbom.se\/wp-content\/uploads\/2023\/02\/berlin.jpg\",\"contentUrl\":\"https:\/\/www.richardappelbom.se\/wp-content\/uploads\/2023\/02\/berlin.jpg\",\"width\":249,\"height\":202},{\"@type\":\"BreadcrumbList\",\"@id\":\"https:\/\/www.richardappelbom.se\/index.php\/2023\/02\/14\/berlinvaljare-gick-at-hoger\/#breadcrumb\",\"itemListElement\":[{\"@type\":\"ListItem\",\"position\":1,\"name\":\"Home\",\"item\":\"https:\/\/www.richardappelbom.se\/\"},{\"@type\":\"ListItem\",\"position\":2,\"name\":\"Berlinv\u00e4ljare gick \u00e5t h\u00f6ger\"}]},{\"@type\":\"WebSite\",\"@id\":\"https:\/\/www.richardappelbom.se\/#website\",\"url\":\"https:\/\/www.richardappelbom.se\/\",\"name\":\"Richard Appelbom\",\"description\":\"En blogg om val och valsystem\",\"potentialAction\":[{\"@type\":\"SearchAction\",\"target\":{\"@type\":\"EntryPoint\",\"urlTemplate\":\"https:\/\/www.richardappelbom.se\/?s={search_term_string}\"},\"query-input\":{\"@type\":\"PropertyValueSpecification\",\"valueRequired\":true,\"valueName\":\"search_term_string\"}}],\"inLanguage\":\"en-US\"},{\"@type\":\"Person\",\"@id\":\"https:\/\/www.richardappelbom.se\/#\/schema\/person\/98f55ffd095155d902e585f10999a15d\",\"name\":\"admin\",\"image\":{\"@type\":\"ImageObject\",\"inLanguage\":\"en-US\",\"@id\":\"https:\/\/secure.gravatar.com\/avatar\/480edd36f6cc3945e6b2db9fdc6f78df2a3fb98b7b27925b8d810863cfa537e7?s=96&d=mm&r=g\",\"url\":\"https:\/\/secure.gravatar.com\/avatar\/480edd36f6cc3945e6b2db9fdc6f78df2a3fb98b7b27925b8d810863cfa537e7?s=96&d=mm&r=g\",\"contentUrl\":\"https:\/\/secure.gravatar.com\/avatar\/480edd36f6cc3945e6b2db9fdc6f78df2a3fb98b7b27925b8d810863cfa537e7?s=96&d=mm&r=g\",\"caption\":\"admin\"},\"sameAs\":[\"https:\/\/www.facebook.com\/rappelbom\",\"https:\/\/twitter.com\/RichardAppelbom\"],\"url\":\"https:\/\/www.richardappelbom.se\/index.php\/author\/ra_j9l6616t\/\"}]}<\/script>\n<!-- \/ Yoast SEO plugin. -->","yoast_head_json":{"title":"Berlinv\u00e4ljare gick \u00e5t h\u00f6ger - Richard Appelbom","description":"V\u00e4ljarna i Berlin gick \u00e5t h\u00f6ger, men de r\u00f6dgr\u00f6na koalitionspartierna beh\u00f6ll mandatmajoritet. Resultatet ganska likt nationella m\u00e4tningar.","robots":{"index":"index","follow":"follow","max-snippet":"max-snippet:-1","max-image-preview":"max-image-preview:large","max-video-preview":"max-video-preview:-1"},"canonical":"https:\/\/www.richardappelbom.se\/index.php\/2023\/02\/14\/berlinvaljare-gick-at-hoger\/","og_locale":"en_US","og_type":"article","og_title":"Berlinv\u00e4ljare gick \u00e5t h\u00f6ger - Richard Appelbom","og_description":"V\u00e4ljarna i Berlin gick \u00e5t h\u00f6ger, men de r\u00f6dgr\u00f6na koalitionspartierna beh\u00f6ll mandatmajoritet. Resultatet ganska likt nationella m\u00e4tningar.","og_url":"https:\/\/www.richardappelbom.se\/index.php\/2023\/02\/14\/berlinvaljare-gick-at-hoger\/","og_site_name":"Richard Appelbom","article_publisher":"https:\/\/www.facebook.com\/rappelbom","article_author":"https:\/\/www.facebook.com\/rappelbom","article_published_time":"2023-02-14T12:17:25+00:00","article_modified_time":"2023-02-14T12:17:26+00:00","og_image":[{"url":"https:\/\/www.richardappelbom.se\/wp-content\/uploads\/2023\/02\/berlin.jpg","type":"","width":"","height":""}],"author":"admin","twitter_card":"summary_large_image","twitter_creator":"@RichardAppelbom","twitter_site":"@RichardAppelbom","twitter_misc":{"Written by":"admin","Est. reading time":"3 minutes"},"schema":{"@context":"https:\/\/schema.org","@graph":[{"@type":"Article","@id":"https:\/\/www.richardappelbom.se\/index.php\/2023\/02\/14\/berlinvaljare-gick-at-hoger\/#article","isPartOf":{"@id":"https:\/\/www.richardappelbom.se\/index.php\/2023\/02\/14\/berlinvaljare-gick-at-hoger\/"},"author":{"name":"admin","@id":"https:\/\/www.richardappelbom.se\/#\/schema\/person\/98f55ffd095155d902e585f10999a15d"},"headline":"Berlinv\u00e4ljare gick \u00e5t h\u00f6ger","datePublished":"2023-02-14T12:17:25+00:00","dateModified":"2023-02-14T12:17:26+00:00","mainEntityOfPage":{"@id":"https:\/\/www.richardappelbom.se\/index.php\/2023\/02\/14\/berlinvaljare-gick-at-hoger\/"},"wordCount":623,"commentCount":0,"image":{"@id":"https:\/\/www.richardappelbom.se\/index.php\/2023\/02\/14\/berlinvaljare-gick-at-hoger\/#primaryimage"},"thumbnailUrl":"https:\/\/www.richardappelbom.se\/wp-content\/uploads\/2023\/02\/berlin.jpg","articleSection":["Allm\u00e4n Posts"],"inLanguage":"en-US","potentialAction":[{"@type":"CommentAction","name":"Comment","target":["https:\/\/www.richardappelbom.se\/index.php\/2023\/02\/14\/berlinvaljare-gick-at-hoger\/#respond"]}]},{"@type":"WebPage","@id":"https:\/\/www.richardappelbom.se\/index.php\/2023\/02\/14\/berlinvaljare-gick-at-hoger\/","url":"https:\/\/www.richardappelbom.se\/index.php\/2023\/02\/14\/berlinvaljare-gick-at-hoger\/","name":"Berlinv\u00e4ljare gick \u00e5t h\u00f6ger - Richard Appelbom","isPartOf":{"@id":"https:\/\/www.richardappelbom.se\/#website"},"primaryImageOfPage":{"@id":"https:\/\/www.richardappelbom.se\/index.php\/2023\/02\/14\/berlinvaljare-gick-at-hoger\/#primaryimage"},"image":{"@id":"https:\/\/www.richardappelbom.se\/index.php\/2023\/02\/14\/berlinvaljare-gick-at-hoger\/#primaryimage"},"thumbnailUrl":"https:\/\/www.richardappelbom.se\/wp-content\/uploads\/2023\/02\/berlin.jpg","datePublished":"2023-02-14T12:17:25+00:00","dateModified":"2023-02-14T12:17:26+00:00","author":{"@id":"https:\/\/www.richardappelbom.se\/#\/schema\/person\/98f55ffd095155d902e585f10999a15d"},"description":"V\u00e4ljarna i Berlin gick \u00e5t h\u00f6ger, men de r\u00f6dgr\u00f6na koalitionspartierna beh\u00f6ll mandatmajoritet. Resultatet ganska likt nationella m\u00e4tningar.","breadcrumb":{"@id":"https:\/\/www.richardappelbom.se\/index.php\/2023\/02\/14\/berlinvaljare-gick-at-hoger\/#breadcrumb"},"inLanguage":"en-US","potentialAction":[{"@type":"ReadAction","target":["https:\/\/www.richardappelbom.se\/index.php\/2023\/02\/14\/berlinvaljare-gick-at-hoger\/"]}]},{"@type":"ImageObject","inLanguage":"en-US","@id":"https:\/\/www.richardappelbom.se\/index.php\/2023\/02\/14\/berlinvaljare-gick-at-hoger\/#primaryimage","url":"https:\/\/www.richardappelbom.se\/wp-content\/uploads\/2023\/02\/berlin.jpg","contentUrl":"https:\/\/www.richardappelbom.se\/wp-content\/uploads\/2023\/02\/berlin.jpg","width":249,"height":202},{"@type":"BreadcrumbList","@id":"https:\/\/www.richardappelbom.se\/index.php\/2023\/02\/14\/berlinvaljare-gick-at-hoger\/#breadcrumb","itemListElement":[{"@type":"ListItem","position":1,"name":"Home","item":"https:\/\/www.richardappelbom.se\/"},{"@type":"ListItem","position":2,"name":"Berlinv\u00e4ljare gick \u00e5t h\u00f6ger"}]},{"@type":"WebSite","@id":"https:\/\/www.richardappelbom.se\/#website","url":"https:\/\/www.richardappelbom.se\/","name":"Richard Appelbom","description":"En blogg om val och valsystem","potentialAction":[{"@type":"SearchAction","target":{"@type":"EntryPoint","urlTemplate":"https:\/\/www.richardappelbom.se\/?s={search_term_string}"},"query-input":{"@type":"PropertyValueSpecification","valueRequired":true,"valueName":"search_term_string"}}],"inLanguage":"en-US"},{"@type":"Person","@id":"https:\/\/www.richardappelbom.se\/#\/schema\/person\/98f55ffd095155d902e585f10999a15d","name":"admin","image":{"@type":"ImageObject","inLanguage":"en-US","@id":"https:\/\/secure.gravatar.com\/avatar\/480edd36f6cc3945e6b2db9fdc6f78df2a3fb98b7b27925b8d810863cfa537e7?s=96&d=mm&r=g","url":"https:\/\/secure.gravatar.com\/avatar\/480edd36f6cc3945e6b2db9fdc6f78df2a3fb98b7b27925b8d810863cfa537e7?s=96&d=mm&r=g","contentUrl":"https:\/\/secure.gravatar.com\/avatar\/480edd36f6cc3945e6b2db9fdc6f78df2a3fb98b7b27925b8d810863cfa537e7?s=96&d=mm&r=g","caption":"admin"},"sameAs":["https:\/\/www.facebook.com\/rappelbom","https:\/\/twitter.com\/RichardAppelbom"],"url":"https:\/\/www.richardappelbom.se\/index.php\/author\/ra_j9l6616t\/"}]}},"jetpack_featured_media_url":"","jetpack_sharing_enabled":true,"_links":{"self":[{"href":"https:\/\/www.richardappelbom.se\/index.php\/wp-json\/wp\/v2\/posts\/366","targetHints":{"allow":["GET"]}}],"collection":[{"href":"https:\/\/www.richardappelbom.se\/index.php\/wp-json\/wp\/v2\/posts"}],"about":[{"href":"https:\/\/www.richardappelbom.se\/index.php\/wp-json\/wp\/v2\/types\/post"}],"author":[{"embeddable":true,"href":"https:\/\/www.richardappelbom.se\/index.php\/wp-json\/wp\/v2\/users\/1"}],"replies":[{"embeddable":true,"href":"https:\/\/www.richardappelbom.se\/index.php\/wp-json\/wp\/v2\/comments?post=366"}],"version-history":[{"count":1,"href":"https:\/\/www.richardappelbom.se\/index.php\/wp-json\/wp\/v2\/posts\/366\/revisions"}],"predecessor-version":[{"id":368,"href":"https:\/\/www.richardappelbom.se\/index.php\/wp-json\/wp\/v2\/posts\/366\/revisions\/368"}],"wp:attachment":[{"href":"https:\/\/www.richardappelbom.se\/index.php\/wp-json\/wp\/v2\/media?parent=366"}],"wp:term":[{"taxonomy":"category","embeddable":true,"href":"https:\/\/www.richardappelbom.se\/index.php\/wp-json\/wp\/v2\/categories?post=366"},{"taxonomy":"post_tag","embeddable":true,"href":"https:\/\/www.richardappelbom.se\/index.php\/wp-json\/wp\/v2\/tags?post=366"}],"curies":[{"name":"wp","href":"https:\/\/api.w.org\/{rel}","templated":true}]}}