{"id":370,"date":"2023-03-09T10:29:44","date_gmt":"2023-03-09T10:29:44","guid":{"rendered":"https:\/\/www.richardappelbom.se\/?p=370"},"modified":"2023-03-10T10:01:05","modified_gmt":"2023-03-10T10:01:05","slug":"manga-rostade-elektroniskt-i-estland","status":"publish","type":"post","link":"https:\/\/www.richardappelbom.se\/index.php\/2023\/03\/09\/manga-rostade-elektroniskt-i-estland\/","title":{"rendered":"M\u00e5nga r\u00f6stade elektroniskt i Estland"},"content":{"rendered":"\n<figure class=\"wp-block-image size-full is-resized\"><img loading=\"lazy\" decoding=\"async\" src=\"https:\/\/www.richardappelbom.se\/wp-content\/uploads\/2023\/03\/kaja-kallas.jpg\" alt=\"\" class=\"wp-image-371\" width=\"568\" height=\"337\"\/><figcaption class=\"wp-element-caption\">Estlands statsminister Kaja Kallas, Reformpartiet. H\u00e4r p\u00e5 bes\u00f6k i Helsingfors.<\/figcaption><\/figure>\n\n\n\n<p><a href=\"https:\/\/en.wikipedia.org\/wiki\/2023_Estonian_parliamentary_election\">Riksdagsvalet i Estland<\/a> blev en framg\u00e5ng f\u00f6r de tv\u00e5 liberala partierna Reformpartiet och Esti 200. Reformpartiet mer marknadsliberalt, Esti 200 mer <a href=\"https:\/\/svenska.yle.fi\/a\/7-10029962\">socialliberalt och teknokratiskt<\/a>.<\/p>\n\n\n\n<p>Estlan har ett proportionellt valsystem, med en sp\u00e4rrgr\u00e4ns p\u00e5 fem procent och utj\u00e4mningsmandat. Kandidater som f\u00e5r m\u00e5nga personkryss kan dock bli valda i en enskild valkrets \u00e4ven om partiet de st\u00e4ller upp f\u00f6r inte f\u00e5r fem procent i landet som helhet. Det var dock inga kandidater som direktvaldes p\u00e5 detta s\u00e4tt, \u00e4ven om ett par var ganska. 6,6 procent r\u00f6stade p\u00e5 partier eller individer som inte kom in och p\u00e5verkade d\u00e4rmed inte parlamentets sammans\u00e4ttning.<\/p>\n\n\n\n<p>Estland till\u00e5ter n\u00e4tr\u00f6stande, och f\u00f6r f\u00f6rsta g\u00e5ngen r\u00f6stade mer \u00e4n h\u00e4lften elektroniskt. Valet \u00e4gde rum i skuggan av Rysslands invasion av Ukraina. Partier som ville h\u00e5lla igen med det milt\u00e4ra st\u00f6det och motsatte sig att ta emot fler flyktingar (nationalkonservativa Ekre) eller tidigare hade starkt st\u00f6d av den ryskspr\u00e5kiga minoriteten (Centerpartiet) gick bak\u00e5t. Ett proryskt parti \u00f6kade till 2,4 procent. En bit fr\u00e5n sp\u00e4rrgr\u00e4nsen men med betydligt st\u00f6rre st\u00f6d i mer ryskspr\u00e5kiga valkretsar. <\/p>\n\n\n\n<p>E<a href=\"https:\/\/svenska.yle.fi\/a\/7-10029875\">konmin var ganska skakig.<\/a> &nbsp;Enligt Svenska Yle i den l\u00e4nkade texten sj\u00f6nk Estlands bruttonationalprodukt under 2022 samtidigt som inflationen i somras och h\u00f6stas var h\u00f6gst i EU. Nu ligger inflationen under 18 procent, men som mest var den \u00f6ver 25 procent. Det hindrade dock inte regerande Reformpartiet fr\u00e5n att g\u00f6ra ett bra val under ledning av popul\u00e4ra statsminister Kaja Kallas. <\/p>\n\n\n\n<p>Nationalkonservativa Ekre misst\u00e4nkliggjorde det elektroniska r\u00f6standet, d\u00e4r partiet fick en liten andel. Det f\u00f6ljer i Donald Trumps och andra h\u00f6gerpopulisters fotsp\u00e5r med att inte vilja acceptera valf\u00f6rluster. Det vore dock olyckligt om osaklig kritik gjorde att problem med brev- och elektronisk r\u00f6stning inte f\u00e5r motiverad uppm\u00e4rksamhet.<\/p>\n\n\n\n<p>Den fr\u00e4msta nackdelen handlar inte, som de d\u00e5liga f\u00f6rlorarna h\u00e4vdar, om att det skulle fuskas vid r\u00e4kning eller r\u00f6stning. Men den f\u00f6r demokratin viktiga valhemligheten f\u00f6rsvagas om v\u00e4ljare kan r\u00f6sta hemma i st\u00e4llet f\u00f6r ensam i ett valb\u00e5s. Det finns st\u00f6rre utrymme f\u00f6r andra som familjemedlemmar, aktivister med flera att p\u00e5verka valet. I f\u00f6rl\u00e4ngningen skulle det ocks\u00e5 vara l\u00e4ttare att &#8220;s\u00e4lja&#8221; r\u00f6ster n\u00e4r k\u00f6paren kan se p\u00e5 n\u00e4r r\u00f6sten avges. Ett l\u00f6fte att mot betalning r\u00f6sta p\u00e5 ett visst s\u00e4tt blir &#8220;os\u00e4kert&#8221; f\u00f6r r\u00f6stk\u00f6paren om v\u00e4ljaren sedan \u00e4nd\u00e5 avger r\u00f6sten i valb\u00e5sets enskilda rum. <\/p>\n\n\n\n<p>Det var inte s\u00e5 att p\u00e5tryckningar p\u00e5 enskilda v\u00e4ljare avgjorde valet i Estland och mots\u00e4ttningarna \u00e4r inte s\u00e5 djupa mellan partierna. Men r\u00f6stregler \u00e4r inte fr\u00e4mst till f\u00f6r &#8220;soliga&#8221; dagar, utan ska skydda demokratin och v\u00e4ljarna n\u00e4r de politiska mots\u00e4ttningarna \u00e4r stora. D\u00e4rf\u00f6r \u00e4r det angel\u00e4get att v\u00e4rna valhemligheten, och det sker b\u00e4st genom r\u00f6stande i egna valb\u00e5s i r\u00f6stlokaler. <\/p>\n\n\n\n<p>Noterbart  \u00e4r att d\u00e5varande Folkpartiet gav mycket st\u00f6d \u00e5t Reformpartiet n\u00e4r Estland hade blivit fritt och demokratin beh\u00f6vde byggas upp. I dag \u00e4r Reformpartiet stort och n\u00e4rmast statsb\u00e4rande, medan Liberalerna (tidigare Folkpartiet) i Sverige k\u00e4mpar f\u00f6r att \u00f6verleva. S\u00e5 kan det g\u00e5 i politik&#8230;<\/p>\n","protected":false},"excerpt":{"rendered":"<p>Riksdagsvalet i Estland blev en framg\u00e5ng f\u00f6r de tv\u00e5 liberala partierna Reformpartiet och Esti 200. Reformpartiet mer marknadsliberalt, Esti 200 mer socialliberalt och teknokratiskt. Estlan har ett proportionellt valsystem, med en sp\u00e4rrgr\u00e4ns p\u00e5 fem procent och utj\u00e4mningsmandat. Kandidater som f\u00e5r m\u00e5nga personkryss kan dock bli valda i en enskild valkrets \u00e4ven om partiet de st\u00e4ller [&hellip;]<\/p>\n","protected":false},"author":1,"featured_media":0,"comment_status":"open","ping_status":"closed","sticky":false,"template":"","format":"standard","meta":{"_jetpack_memberships_contains_paid_content":false,"footnotes":""},"categories":[10],"tags":[],"class_list":["post-370","post","type-post","status-publish","format-standard","hentry","category-allman-inlagg"],"yoast_head":"<!-- This site is optimized with the Yoast SEO plugin v27.2 - https:\/\/yoast.com\/product\/yoast-seo-wordpress\/ -->\n<title>M\u00e5nga r\u00f6stade elektroniskt i Estland - Richard Appelbom<\/title>\n<meta name=\"description\" content=\"Riksdagsvalet i Estland blev en framg\u00e5ng f\u00f6r liberala partier, Rysslands krig mot Ukraina cvar den helt \u00f6verskuggande valfr\u00e5gan\" \/>\n<meta name=\"robots\" content=\"index, follow, max-snippet:-1, max-image-preview:large, max-video-preview:-1\" \/>\n<link rel=\"canonical\" href=\"https:\/\/www.richardappelbom.se\/index.php\/2023\/03\/09\/manga-rostade-elektroniskt-i-estland\/\" \/>\n<meta property=\"og:locale\" content=\"en_US\" \/>\n<meta property=\"og:type\" content=\"article\" \/>\n<meta property=\"og:title\" content=\"M\u00e5nga r\u00f6stade elektroniskt i Estland - Richard Appelbom\" \/>\n<meta property=\"og:description\" content=\"Riksdagsvalet i Estland blev en framg\u00e5ng f\u00f6r liberala partier, Rysslands krig mot Ukraina cvar den helt \u00f6verskuggande valfr\u00e5gan\" \/>\n<meta property=\"og:url\" content=\"https:\/\/www.richardappelbom.se\/index.php\/2023\/03\/09\/manga-rostade-elektroniskt-i-estland\/\" \/>\n<meta property=\"og:site_name\" content=\"Richard Appelbom\" \/>\n<meta property=\"article:publisher\" content=\"https:\/\/www.facebook.com\/rappelbom\" \/>\n<meta property=\"article:author\" content=\"https:\/\/www.facebook.com\/rappelbom\" \/>\n<meta property=\"article:published_time\" content=\"2023-03-09T10:29:44+00:00\" \/>\n<meta property=\"article:modified_time\" content=\"2023-03-10T10:01:05+00:00\" \/>\n<meta property=\"og:image\" content=\"https:\/\/www.richardappelbom.se\/wp-content\/uploads\/2023\/03\/kaja-kallas.jpg\" \/>\n<meta name=\"author\" content=\"admin\" \/>\n<meta name=\"twitter:card\" content=\"summary_large_image\" \/>\n<meta name=\"twitter:creator\" content=\"@RichardAppelbom\" \/>\n<meta name=\"twitter:site\" content=\"@RichardAppelbom\" \/>\n<meta name=\"twitter:label1\" content=\"Written by\" \/>\n\t<meta name=\"twitter:data1\" content=\"admin\" \/>\n\t<meta name=\"twitter:label2\" content=\"Est. reading time\" \/>\n\t<meta name=\"twitter:data2\" content=\"3 minutes\" \/>\n<script type=\"application\/ld+json\" class=\"yoast-schema-graph\">{\"@context\":\"https:\/\/schema.org\",\"@graph\":[{\"@type\":\"Article\",\"@id\":\"https:\/\/www.richardappelbom.se\/index.php\/2023\/03\/09\/manga-rostade-elektroniskt-i-estland\/#article\",\"isPartOf\":{\"@id\":\"https:\/\/www.richardappelbom.se\/index.php\/2023\/03\/09\/manga-rostade-elektroniskt-i-estland\/\"},\"author\":{\"name\":\"admin\",\"@id\":\"https:\/\/www.richardappelbom.se\/#\/schema\/person\/98f55ffd095155d902e585f10999a15d\"},\"headline\":\"M\u00e5nga r\u00f6stade elektroniskt i Estland\",\"datePublished\":\"2023-03-09T10:29:44+00:00\",\"dateModified\":\"2023-03-10T10:01:05+00:00\",\"mainEntityOfPage\":{\"@id\":\"https:\/\/www.richardappelbom.se\/index.php\/2023\/03\/09\/manga-rostade-elektroniskt-i-estland\/\"},\"wordCount\":600,\"commentCount\":0,\"image\":{\"@id\":\"https:\/\/www.richardappelbom.se\/index.php\/2023\/03\/09\/manga-rostade-elektroniskt-i-estland\/#primaryimage\"},\"thumbnailUrl\":\"https:\/\/www.richardappelbom.se\/wp-content\/uploads\/2023\/03\/kaja-kallas.jpg\",\"articleSection\":[\"Allm\u00e4n Posts\"],\"inLanguage\":\"en-US\",\"potentialAction\":[{\"@type\":\"CommentAction\",\"name\":\"Comment\",\"target\":[\"https:\/\/www.richardappelbom.se\/index.php\/2023\/03\/09\/manga-rostade-elektroniskt-i-estland\/#respond\"]}]},{\"@type\":\"WebPage\",\"@id\":\"https:\/\/www.richardappelbom.se\/index.php\/2023\/03\/09\/manga-rostade-elektroniskt-i-estland\/\",\"url\":\"https:\/\/www.richardappelbom.se\/index.php\/2023\/03\/09\/manga-rostade-elektroniskt-i-estland\/\",\"name\":\"M\u00e5nga r\u00f6stade elektroniskt i Estland - Richard Appelbom\",\"isPartOf\":{\"@id\":\"https:\/\/www.richardappelbom.se\/#website\"},\"primaryImageOfPage\":{\"@id\":\"https:\/\/www.richardappelbom.se\/index.php\/2023\/03\/09\/manga-rostade-elektroniskt-i-estland\/#primaryimage\"},\"image\":{\"@id\":\"https:\/\/www.richardappelbom.se\/index.php\/2023\/03\/09\/manga-rostade-elektroniskt-i-estland\/#primaryimage\"},\"thumbnailUrl\":\"https:\/\/www.richardappelbom.se\/wp-content\/uploads\/2023\/03\/kaja-kallas.jpg\",\"datePublished\":\"2023-03-09T10:29:44+00:00\",\"dateModified\":\"2023-03-10T10:01:05+00:00\",\"author\":{\"@id\":\"https:\/\/www.richardappelbom.se\/#\/schema\/person\/98f55ffd095155d902e585f10999a15d\"},\"description\":\"Riksdagsvalet i Estland blev en framg\u00e5ng f\u00f6r liberala partier, Rysslands krig mot Ukraina cvar den helt \u00f6verskuggande valfr\u00e5gan\",\"breadcrumb\":{\"@id\":\"https:\/\/www.richardappelbom.se\/index.php\/2023\/03\/09\/manga-rostade-elektroniskt-i-estland\/#breadcrumb\"},\"inLanguage\":\"en-US\",\"potentialAction\":[{\"@type\":\"ReadAction\",\"target\":[\"https:\/\/www.richardappelbom.se\/index.php\/2023\/03\/09\/manga-rostade-elektroniskt-i-estland\/\"]}]},{\"@type\":\"ImageObject\",\"inLanguage\":\"en-US\",\"@id\":\"https:\/\/www.richardappelbom.se\/index.php\/2023\/03\/09\/manga-rostade-elektroniskt-i-estland\/#primaryimage\",\"url\":\"https:\/\/www.richardappelbom.se\/wp-content\/uploads\/2023\/03\/kaja-kallas.jpg\",\"contentUrl\":\"https:\/\/www.richardappelbom.se\/wp-content\/uploads\/2023\/03\/kaja-kallas.jpg\",\"width\":292,\"height\":173},{\"@type\":\"BreadcrumbList\",\"@id\":\"https:\/\/www.richardappelbom.se\/index.php\/2023\/03\/09\/manga-rostade-elektroniskt-i-estland\/#breadcrumb\",\"itemListElement\":[{\"@type\":\"ListItem\",\"position\":1,\"name\":\"Home\",\"item\":\"https:\/\/www.richardappelbom.se\/\"},{\"@type\":\"ListItem\",\"position\":2,\"name\":\"M\u00e5nga r\u00f6stade elektroniskt i Estland\"}]},{\"@type\":\"WebSite\",\"@id\":\"https:\/\/www.richardappelbom.se\/#website\",\"url\":\"https:\/\/www.richardappelbom.se\/\",\"name\":\"Richard Appelbom\",\"description\":\"En blogg om val och valsystem\",\"potentialAction\":[{\"@type\":\"SearchAction\",\"target\":{\"@type\":\"EntryPoint\",\"urlTemplate\":\"https:\/\/www.richardappelbom.se\/?s={search_term_string}\"},\"query-input\":{\"@type\":\"PropertyValueSpecification\",\"valueRequired\":true,\"valueName\":\"search_term_string\"}}],\"inLanguage\":\"en-US\"},{\"@type\":\"Person\",\"@id\":\"https:\/\/www.richardappelbom.se\/#\/schema\/person\/98f55ffd095155d902e585f10999a15d\",\"name\":\"admin\",\"image\":{\"@type\":\"ImageObject\",\"inLanguage\":\"en-US\",\"@id\":\"https:\/\/secure.gravatar.com\/avatar\/480edd36f6cc3945e6b2db9fdc6f78df2a3fb98b7b27925b8d810863cfa537e7?s=96&d=mm&r=g\",\"url\":\"https:\/\/secure.gravatar.com\/avatar\/480edd36f6cc3945e6b2db9fdc6f78df2a3fb98b7b27925b8d810863cfa537e7?s=96&d=mm&r=g\",\"contentUrl\":\"https:\/\/secure.gravatar.com\/avatar\/480edd36f6cc3945e6b2db9fdc6f78df2a3fb98b7b27925b8d810863cfa537e7?s=96&d=mm&r=g\",\"caption\":\"admin\"},\"sameAs\":[\"https:\/\/www.facebook.com\/rappelbom\",\"https:\/\/twitter.com\/RichardAppelbom\"],\"url\":\"https:\/\/www.richardappelbom.se\/index.php\/author\/ra_j9l6616t\/\"}]}<\/script>\n<!-- \/ Yoast SEO plugin. -->","yoast_head_json":{"title":"M\u00e5nga r\u00f6stade elektroniskt i Estland - Richard Appelbom","description":"Riksdagsvalet i Estland blev en framg\u00e5ng f\u00f6r liberala partier, Rysslands krig mot Ukraina cvar den helt \u00f6verskuggande valfr\u00e5gan","robots":{"index":"index","follow":"follow","max-snippet":"max-snippet:-1","max-image-preview":"max-image-preview:large","max-video-preview":"max-video-preview:-1"},"canonical":"https:\/\/www.richardappelbom.se\/index.php\/2023\/03\/09\/manga-rostade-elektroniskt-i-estland\/","og_locale":"en_US","og_type":"article","og_title":"M\u00e5nga r\u00f6stade elektroniskt i Estland - Richard Appelbom","og_description":"Riksdagsvalet i Estland blev en framg\u00e5ng f\u00f6r liberala partier, Rysslands krig mot Ukraina cvar den helt \u00f6verskuggande valfr\u00e5gan","og_url":"https:\/\/www.richardappelbom.se\/index.php\/2023\/03\/09\/manga-rostade-elektroniskt-i-estland\/","og_site_name":"Richard Appelbom","article_publisher":"https:\/\/www.facebook.com\/rappelbom","article_author":"https:\/\/www.facebook.com\/rappelbom","article_published_time":"2023-03-09T10:29:44+00:00","article_modified_time":"2023-03-10T10:01:05+00:00","og_image":[{"url":"https:\/\/www.richardappelbom.se\/wp-content\/uploads\/2023\/03\/kaja-kallas.jpg","type":"","width":"","height":""}],"author":"admin","twitter_card":"summary_large_image","twitter_creator":"@RichardAppelbom","twitter_site":"@RichardAppelbom","twitter_misc":{"Written by":"admin","Est. reading time":"3 minutes"},"schema":{"@context":"https:\/\/schema.org","@graph":[{"@type":"Article","@id":"https:\/\/www.richardappelbom.se\/index.php\/2023\/03\/09\/manga-rostade-elektroniskt-i-estland\/#article","isPartOf":{"@id":"https:\/\/www.richardappelbom.se\/index.php\/2023\/03\/09\/manga-rostade-elektroniskt-i-estland\/"},"author":{"name":"admin","@id":"https:\/\/www.richardappelbom.se\/#\/schema\/person\/98f55ffd095155d902e585f10999a15d"},"headline":"M\u00e5nga r\u00f6stade elektroniskt i Estland","datePublished":"2023-03-09T10:29:44+00:00","dateModified":"2023-03-10T10:01:05+00:00","mainEntityOfPage":{"@id":"https:\/\/www.richardappelbom.se\/index.php\/2023\/03\/09\/manga-rostade-elektroniskt-i-estland\/"},"wordCount":600,"commentCount":0,"image":{"@id":"https:\/\/www.richardappelbom.se\/index.php\/2023\/03\/09\/manga-rostade-elektroniskt-i-estland\/#primaryimage"},"thumbnailUrl":"https:\/\/www.richardappelbom.se\/wp-content\/uploads\/2023\/03\/kaja-kallas.jpg","articleSection":["Allm\u00e4n Posts"],"inLanguage":"en-US","potentialAction":[{"@type":"CommentAction","name":"Comment","target":["https:\/\/www.richardappelbom.se\/index.php\/2023\/03\/09\/manga-rostade-elektroniskt-i-estland\/#respond"]}]},{"@type":"WebPage","@id":"https:\/\/www.richardappelbom.se\/index.php\/2023\/03\/09\/manga-rostade-elektroniskt-i-estland\/","url":"https:\/\/www.richardappelbom.se\/index.php\/2023\/03\/09\/manga-rostade-elektroniskt-i-estland\/","name":"M\u00e5nga r\u00f6stade elektroniskt i Estland - Richard Appelbom","isPartOf":{"@id":"https:\/\/www.richardappelbom.se\/#website"},"primaryImageOfPage":{"@id":"https:\/\/www.richardappelbom.se\/index.php\/2023\/03\/09\/manga-rostade-elektroniskt-i-estland\/#primaryimage"},"image":{"@id":"https:\/\/www.richardappelbom.se\/index.php\/2023\/03\/09\/manga-rostade-elektroniskt-i-estland\/#primaryimage"},"thumbnailUrl":"https:\/\/www.richardappelbom.se\/wp-content\/uploads\/2023\/03\/kaja-kallas.jpg","datePublished":"2023-03-09T10:29:44+00:00","dateModified":"2023-03-10T10:01:05+00:00","author":{"@id":"https:\/\/www.richardappelbom.se\/#\/schema\/person\/98f55ffd095155d902e585f10999a15d"},"description":"Riksdagsvalet i Estland blev en framg\u00e5ng f\u00f6r liberala partier, Rysslands krig mot Ukraina cvar den helt \u00f6verskuggande valfr\u00e5gan","breadcrumb":{"@id":"https:\/\/www.richardappelbom.se\/index.php\/2023\/03\/09\/manga-rostade-elektroniskt-i-estland\/#breadcrumb"},"inLanguage":"en-US","potentialAction":[{"@type":"ReadAction","target":["https:\/\/www.richardappelbom.se\/index.php\/2023\/03\/09\/manga-rostade-elektroniskt-i-estland\/"]}]},{"@type":"ImageObject","inLanguage":"en-US","@id":"https:\/\/www.richardappelbom.se\/index.php\/2023\/03\/09\/manga-rostade-elektroniskt-i-estland\/#primaryimage","url":"https:\/\/www.richardappelbom.se\/wp-content\/uploads\/2023\/03\/kaja-kallas.jpg","contentUrl":"https:\/\/www.richardappelbom.se\/wp-content\/uploads\/2023\/03\/kaja-kallas.jpg","width":292,"height":173},{"@type":"BreadcrumbList","@id":"https:\/\/www.richardappelbom.se\/index.php\/2023\/03\/09\/manga-rostade-elektroniskt-i-estland\/#breadcrumb","itemListElement":[{"@type":"ListItem","position":1,"name":"Home","item":"https:\/\/www.richardappelbom.se\/"},{"@type":"ListItem","position":2,"name":"M\u00e5nga r\u00f6stade elektroniskt i Estland"}]},{"@type":"WebSite","@id":"https:\/\/www.richardappelbom.se\/#website","url":"https:\/\/www.richardappelbom.se\/","name":"Richard Appelbom","description":"En blogg om val och valsystem","potentialAction":[{"@type":"SearchAction","target":{"@type":"EntryPoint","urlTemplate":"https:\/\/www.richardappelbom.se\/?s={search_term_string}"},"query-input":{"@type":"PropertyValueSpecification","valueRequired":true,"valueName":"search_term_string"}}],"inLanguage":"en-US"},{"@type":"Person","@id":"https:\/\/www.richardappelbom.se\/#\/schema\/person\/98f55ffd095155d902e585f10999a15d","name":"admin","image":{"@type":"ImageObject","inLanguage":"en-US","@id":"https:\/\/secure.gravatar.com\/avatar\/480edd36f6cc3945e6b2db9fdc6f78df2a3fb98b7b27925b8d810863cfa537e7?s=96&d=mm&r=g","url":"https:\/\/secure.gravatar.com\/avatar\/480edd36f6cc3945e6b2db9fdc6f78df2a3fb98b7b27925b8d810863cfa537e7?s=96&d=mm&r=g","contentUrl":"https:\/\/secure.gravatar.com\/avatar\/480edd36f6cc3945e6b2db9fdc6f78df2a3fb98b7b27925b8d810863cfa537e7?s=96&d=mm&r=g","caption":"admin"},"sameAs":["https:\/\/www.facebook.com\/rappelbom","https:\/\/twitter.com\/RichardAppelbom"],"url":"https:\/\/www.richardappelbom.se\/index.php\/author\/ra_j9l6616t\/"}]}},"jetpack_featured_media_url":"","jetpack_sharing_enabled":true,"_links":{"self":[{"href":"https:\/\/www.richardappelbom.se\/index.php\/wp-json\/wp\/v2\/posts\/370","targetHints":{"allow":["GET"]}}],"collection":[{"href":"https:\/\/www.richardappelbom.se\/index.php\/wp-json\/wp\/v2\/posts"}],"about":[{"href":"https:\/\/www.richardappelbom.se\/index.php\/wp-json\/wp\/v2\/types\/post"}],"author":[{"embeddable":true,"href":"https:\/\/www.richardappelbom.se\/index.php\/wp-json\/wp\/v2\/users\/1"}],"replies":[{"embeddable":true,"href":"https:\/\/www.richardappelbom.se\/index.php\/wp-json\/wp\/v2\/comments?post=370"}],"version-history":[{"count":4,"href":"https:\/\/www.richardappelbom.se\/index.php\/wp-json\/wp\/v2\/posts\/370\/revisions"}],"predecessor-version":[{"id":377,"href":"https:\/\/www.richardappelbom.se\/index.php\/wp-json\/wp\/v2\/posts\/370\/revisions\/377"}],"wp:attachment":[{"href":"https:\/\/www.richardappelbom.se\/index.php\/wp-json\/wp\/v2\/media?parent=370"}],"wp:term":[{"taxonomy":"category","embeddable":true,"href":"https:\/\/www.richardappelbom.se\/index.php\/wp-json\/wp\/v2\/categories?post=370"},{"taxonomy":"post_tag","embeddable":true,"href":"https:\/\/www.richardappelbom.se\/index.php\/wp-json\/wp\/v2\/tags?post=370"}],"curies":[{"name":"wp","href":"https:\/\/api.w.org\/{rel}","templated":true}]}}