{"id":379,"date":"2023-04-04T07:53:01","date_gmt":"2023-04-04T07:53:01","guid":{"rendered":"https:\/\/www.richardappelbom.se\/?p=379"},"modified":"2023-04-04T08:41:27","modified_gmt":"2023-04-04T08:41:27","slug":"framat-for-hogern-i-finland","status":"publish","type":"post","link":"https:\/\/www.richardappelbom.se\/index.php\/2023\/04\/04\/framat-for-hogern-i-finland\/","title":{"rendered":"Fram\u00e5t f\u00f6r h\u00f6gern i Finland"},"content":{"rendered":"\n<figure class=\"wp-block-image size-full is-resized\"><img loading=\"lazy\" decoding=\"async\" src=\"https:\/\/www.richardappelbom.se\/wp-content\/uploads\/2023\/04\/sanna-marin-ny-version.jpg\" alt=\"\" class=\"wp-image-381\" width=\"437\" height=\"291\"\/><figcaption class=\"wp-element-caption\">K\u00e4nda och popul\u00e4ra statsminister Sanna Marins Socialdemokrater gick fram, men andra partier i den r\u00f6dgr\u00f6na regeringen tappade desto mer.<br><br><a href=\"https:\/\/vaalit.yle.fi\/ev2023\/tulospalvelu\/sv\/\">Valet i Finland <\/a>hade tv\u00e5 klara segrare. Liberalkonservativa Samlingspartiet (M:s systerparti) gick fram med 3,8 procentenheter till 20,8 procent och blev st\u00f6rsta parti. H\u00f6gerpopulistiska Sannfinl\u00e4ndarna (SF) \u00f6kade med 2,6 procentenheter till 20,1 procent och blev n\u00e4st st\u00f6rst. Hack i h\u00e4l p\u00e5 19,9 var Socialdemokraterna, som hoppades p\u00e5 draghj\u00e4lp av k\u00e4nda och popul\u00e4ra statsminister Sanna Marin. Partiet \u00f6kade med 2,2 procentenheter.<br>Det \u00e4r ovanligt att statsministerpartiet \u00f6kar i finska val. F\u00f6r andra partier i den avg\u00e5ende r\u00f6dgr\u00f6na regeringen gick det desto s\u00e4mre. Om det berodde p\u00e5 taktikr\u00f6stning eller p\u00e5 att fler v\u00e4ljare till v\u00e4nster helt enkelt gillade Sanna Marins mer gr\u00f6na, v\u00e4nsterinriktade och livstilssliberala Socialdemokratiska parti vet vi \u00e4nnu inte. Troligen inslag av b\u00e5de och. <br>Det tidigare stora och statsb\u00e4rande Centerpartiet fortsatte kr\u00e4ftg\u00e5ngen och fick bara 11,3 procent. De Gr\u00f6na som varit st\u00f6rre \u00e4n MP i Sverige, s\u00e4rskilt starka i Helsingfors, gjorde ett uselt val. Minus 4,5 procentenheter till 7,0.<br>\u00c4ven V\u00e4nsterf\u00f6rbundet (V:s systerparti) gick tillbaka och fick 7,1 procent. Svenska folkpartiet, ett liberalt parti som v\u00e4rnar de svenskspr\u00e5kiga, och Kristdemokraterna fick 4,3 respektive 4,2 procent.<br>Sannfinl\u00e4ndarna blev st\u00f6rsta parti i sex av Finlands tolv fastlandsvalkretsar (\u00c5land \u00e4r en egen). Som andra h\u00f6gerpopulistiska partier har de sv\u00e5rare att h\u00e4vda sig i storst\u00e4der.<a href=\"https:\/\/vaalit.yle.fi\/ev2023\/tulospalvelu\/sv\/electoral-districts\/1\/\"> I Helsingfors<\/a> fick partiet endast 11,3 procent<br>N\u00e5gra skillnader med Sverige sticker ut. Valdeltagandet p\u00e5 71,9 procent \u00e4r l\u00e4gre. Finland har ingen sm\u00e5partisp\u00e4rr och inga utj\u00e4mningsmandat. D\u00e4rf\u00f6r blir mandatf\u00f6rdelningen inte riktigt proportionell. Prelimin\u00e4rt fick Sannfinl\u00e4ndarna tre\u00a0 mandat mer \u00e4n Socialdemokraterna trots en liten skillnad i r\u00f6standel (4000 r\u00f6ster). V\u00e4nsterf\u00f6rbundet (VF) fick n\u00e5got fler r\u00f6ster \u00e4n De Gr\u00f6na (7,1 mot 7,0) men De gr\u00f6na fick 13 mandat och VF bara 11.\u00a0 Svenska folkpartiet hade 4,3 och KD 4,2 procent, men SFP fick 9 mandat (10 om mandatet p\u00e5 \u00c5land r\u00e4knas in) och KD fem. Det beror p\u00e5 att Sfp \u00e4r relativt starka i de fyra valkretsar med m\u00e4rkbar andel svensktalande. Partiet\u00a0 drabbas d\u00e4rf\u00f6r inte av att mandatf\u00f6rdelningen brukar missgynna mindre partier som st\u00e4ller upp i hela landet.<br>Utan sm\u00e5partisp\u00e4rr bortfaller ett motiv f\u00f6r taktikr\u00f6stning. Finland har ingen motsvarighet till talmansrunda, utan ledaren f\u00f6r det st\u00f6rsta partiet f\u00e5r uppgiften att f\u00f6rs\u00f6ka bilda en regering (och brukar n\u00e4stan alltid lyckas). D\u00e4rf\u00f6r fanns spekulationer om taktikr\u00f6stning p\u00e5 Socialdemokraterna f\u00f6r att undvika att Samlingspartiet eller \u00e4n mer att Sannfinl\u00e4ndarna skulle bli st\u00f6rst.<br>Systemet med att v\u00e4ljarna ocks\u00e5 m\u00e5ste kryssa en person p\u00e5 partilistan och att de med mest kryss blir invalda ger en starkare lokal f\u00f6rankring. Kandidaterna beh\u00f6ver profilera sig lokalt f\u00f6r att f\u00e5 kryss och f\u00f6rv\u00e4ntas driva valkretsens fr\u00e5gor i riksdagen. Oskicket i Sverige d\u00e4r partiledare f\u00f6r alla utom S st\u00e4llde upp i flera valkretsar  (Jimmie \u00c5kesson och Ebba Busch v\u00e4rst) f\u00f6rekommer inte.<br>Nato blev ingen valfr\u00e5ga, enigheten om medlemskapet var stor. D\u00e4remot var ekonomin viktig. Samlingspartiet drev h\u00e5rt att det kr\u00e4vdes rej\u00e4la besparingar, Finlands statsskuld hade \u00f6kat. Som andel av BNP \u00e4r den st\u00f6rre \u00e4n i Sverige, men mindre \u00e4n i m\u00e5nga andra eurol\u00e4nder. Socialdemokraterna h\u00f6ll emot om stora besparingar. Alla partier utom Sannfinl\u00e4ndarna \u00e4r \u00f6verens om att Finland beh\u00f6ver mer\u00a0 arbetskraftsinvandring.<br>Klimatpolitiken handlade mycket om skogen, d\u00e4r det finns mots\u00e4ttningar mellan de m\u00e5nga privata skogs\u00e4garna och krav p\u00e5 mindre och mer skonsam avverkning. Skolan var ocks\u00e5 en stor fr\u00e5ga, d\u00e4r debatterna kunde l\u00e5ta misst\u00e4nkt \u201dsvenska\u201d. Vi har ju bilden av Finland som ett framg\u00e5ngsland, men nu fanns oro \u00f6ver fallande Pisa-resultat, \u00f6kande segregation (inga vinstskolor dock), att l\u00e4rarna f\u00e5r \u00e4gna f\u00f6r mycket tid \u00e5t administration och att den psykiska oh\u00e4lsan bland elever \u00f6kar.<br>Samlingspartiet blev st\u00f6rst p\u00e5 ett k\u00e4rvt budskap om besparingar och med den ganska f\u00e4rgl\u00f6se Petteri Orpo som partiledare. Ett gott betyg om att v\u00e4ljarna verkar s\u00e4tta sakfr\u00e5gor fr\u00e4mst.<br>Han f\u00e5r uppdraget att f\u00f6rs\u00f6ka bilda regering. I det mindre blockpolitiska Finland finns tv\u00e5 alternativ. En h\u00f6gerregering med Sannfinl\u00e4ndarna eller en r\u00f6dbl\u00e5 med Socialdemokraterna. Eftersom Finland brukar ha majoritetsregering kr\u00e4vs fler partier f\u00f6r att f\u00e5 majoritet i riksdagen med 200 platser. Den h\u00e4r g\u00e5ngen fanns dock tendenser till mer av blockpolitik. Socialdemokraterna, V\u00e4nsterf\u00f6rbundet och Gr\u00f6na sade f\u00f6re valet nej till att sitta i samma regering som Sannfinl\u00e4ndarna.<br>Redan p\u00e5 valnatten var <a href=\"https:\/\/svenska.yle.fi\/a\/7-10031899\">spekulationerna<\/a> i g\u00e5ng. Det sargade Centerpartiet verkar inte suget p\u00e5 att regera. Kan Svenska folkpartiet sitta i regering med Sannfinl\u00e4ndarna, som vill f\u00f6rs\u00e4mra svenska spr\u00e5kets st\u00e4llning? Kan Samlingspartiet regera inte bara med S, utan ocks\u00e5 med VF eller De Gr\u00f6na?<br>Det kan ta ett tag, men den pragmatiska och samarbetsinriktade finska politiska traditionen talar f\u00f6r att Orpo f\u00e5r ihop en regering. <\/figcaption><\/figure>\n","protected":false},"excerpt":{"rendered":"","protected":false},"author":1,"featured_media":0,"comment_status":"open","ping_status":"closed","sticky":false,"template":"","format":"standard","meta":{"_jetpack_memberships_contains_paid_content":false,"footnotes":""},"categories":[10],"tags":[],"class_list":["post-379","post","type-post","status-publish","format-standard","hentry","category-allman-inlagg"],"yoast_head":"<!-- This site is optimized with the Yoast SEO plugin v27.2 - https:\/\/yoast.com\/product\/yoast-seo-wordpress\/ -->\n<title>Fram\u00e5t f\u00f6r h\u00f6gern i Finland - Richard Appelbom<\/title>\n<meta name=\"description\" content=\"H\u00f6gerpartierna gick fram i valet i Finland. Samlingspartiet f\u00e5r v\u00e4lja mellen att styra med Socialdemokraterna eller med Sannfinl\u00e4ndarna.\" \/>\n<meta name=\"robots\" content=\"index, follow, max-snippet:-1, max-image-preview:large, max-video-preview:-1\" \/>\n<link rel=\"canonical\" href=\"https:\/\/www.richardappelbom.se\/index.php\/2023\/04\/04\/framat-for-hogern-i-finland\/\" \/>\n<meta property=\"og:locale\" content=\"en_US\" \/>\n<meta property=\"og:type\" content=\"article\" \/>\n<meta property=\"og:title\" content=\"Fram\u00e5t f\u00f6r h\u00f6gern i Finland - Richard Appelbom\" \/>\n<meta property=\"og:description\" content=\"H\u00f6gerpartierna gick fram i valet i Finland. Samlingspartiet f\u00e5r v\u00e4lja mellen att styra med Socialdemokraterna eller med Sannfinl\u00e4ndarna.\" \/>\n<meta property=\"og:url\" content=\"https:\/\/www.richardappelbom.se\/index.php\/2023\/04\/04\/framat-for-hogern-i-finland\/\" \/>\n<meta property=\"og:site_name\" content=\"Richard Appelbom\" \/>\n<meta property=\"article:publisher\" content=\"https:\/\/www.facebook.com\/rappelbom\" \/>\n<meta property=\"article:author\" content=\"https:\/\/www.facebook.com\/rappelbom\" \/>\n<meta property=\"article:published_time\" content=\"2023-04-04T07:53:01+00:00\" \/>\n<meta property=\"article:modified_time\" content=\"2023-04-04T08:41:27+00:00\" \/>\n<meta property=\"og:image\" content=\"https:\/\/www.richardappelbom.se\/wp-content\/uploads\/2023\/04\/sanna-marin-ny-version.jpg\" \/>\n<meta name=\"author\" content=\"admin\" \/>\n<meta name=\"twitter:card\" content=\"summary_large_image\" \/>\n<meta name=\"twitter:creator\" content=\"@RichardAppelbom\" \/>\n<meta name=\"twitter:site\" content=\"@RichardAppelbom\" \/>\n<meta name=\"twitter:label1\" content=\"Written by\" \/>\n\t<meta name=\"twitter:data1\" content=\"admin\" \/>\n\t<meta name=\"twitter:label2\" content=\"Est. reading time\" \/>\n\t<meta name=\"twitter:data2\" content=\"4 minutes\" \/>\n<script type=\"application\/ld+json\" class=\"yoast-schema-graph\">{\"@context\":\"https:\/\/schema.org\",\"@graph\":[{\"@type\":\"Article\",\"@id\":\"https:\/\/www.richardappelbom.se\/index.php\/2023\/04\/04\/framat-for-hogern-i-finland\/#article\",\"isPartOf\":{\"@id\":\"https:\/\/www.richardappelbom.se\/index.php\/2023\/04\/04\/framat-for-hogern-i-finland\/\"},\"author\":{\"name\":\"admin\",\"@id\":\"https:\/\/www.richardappelbom.se\/#\/schema\/person\/98f55ffd095155d902e585f10999a15d\"},\"headline\":\"Fram\u00e5t f\u00f6r h\u00f6gern i Finland\",\"datePublished\":\"2023-04-04T07:53:01+00:00\",\"dateModified\":\"2023-04-04T08:41:27+00:00\",\"mainEntityOfPage\":{\"@id\":\"https:\/\/www.richardappelbom.se\/index.php\/2023\/04\/04\/framat-for-hogern-i-finland\/\"},\"wordCount\":885,\"commentCount\":0,\"image\":{\"@id\":\"https:\/\/www.richardappelbom.se\/index.php\/2023\/04\/04\/framat-for-hogern-i-finland\/#primaryimage\"},\"thumbnailUrl\":\"https:\/\/www.richardappelbom.se\/wp-content\/uploads\/2023\/04\/sanna-marin-ny-version.jpg\",\"articleSection\":[\"Allm\u00e4n Posts\"],\"inLanguage\":\"en-US\",\"potentialAction\":[{\"@type\":\"CommentAction\",\"name\":\"Comment\",\"target\":[\"https:\/\/www.richardappelbom.se\/index.php\/2023\/04\/04\/framat-for-hogern-i-finland\/#respond\"]}]},{\"@type\":\"WebPage\",\"@id\":\"https:\/\/www.richardappelbom.se\/index.php\/2023\/04\/04\/framat-for-hogern-i-finland\/\",\"url\":\"https:\/\/www.richardappelbom.se\/index.php\/2023\/04\/04\/framat-for-hogern-i-finland\/\",\"name\":\"Fram\u00e5t f\u00f6r h\u00f6gern i Finland - Richard Appelbom\",\"isPartOf\":{\"@id\":\"https:\/\/www.richardappelbom.se\/#website\"},\"primaryImageOfPage\":{\"@id\":\"https:\/\/www.richardappelbom.se\/index.php\/2023\/04\/04\/framat-for-hogern-i-finland\/#primaryimage\"},\"image\":{\"@id\":\"https:\/\/www.richardappelbom.se\/index.php\/2023\/04\/04\/framat-for-hogern-i-finland\/#primaryimage\"},\"thumbnailUrl\":\"https:\/\/www.richardappelbom.se\/wp-content\/uploads\/2023\/04\/sanna-marin-ny-version.jpg\",\"datePublished\":\"2023-04-04T07:53:01+00:00\",\"dateModified\":\"2023-04-04T08:41:27+00:00\",\"author\":{\"@id\":\"https:\/\/www.richardappelbom.se\/#\/schema\/person\/98f55ffd095155d902e585f10999a15d\"},\"description\":\"H\u00f6gerpartierna gick fram i valet i Finland. Samlingspartiet f\u00e5r v\u00e4lja mellen att styra med Socialdemokraterna eller med Sannfinl\u00e4ndarna.\",\"breadcrumb\":{\"@id\":\"https:\/\/www.richardappelbom.se\/index.php\/2023\/04\/04\/framat-for-hogern-i-finland\/#breadcrumb\"},\"inLanguage\":\"en-US\",\"potentialAction\":[{\"@type\":\"ReadAction\",\"target\":[\"https:\/\/www.richardappelbom.se\/index.php\/2023\/04\/04\/framat-for-hogern-i-finland\/\"]}]},{\"@type\":\"ImageObject\",\"inLanguage\":\"en-US\",\"@id\":\"https:\/\/www.richardappelbom.se\/index.php\/2023\/04\/04\/framat-for-hogern-i-finland\/#primaryimage\",\"url\":\"https:\/\/www.richardappelbom.se\/wp-content\/uploads\/2023\/04\/sanna-marin-ny-version.jpg\",\"contentUrl\":\"https:\/\/www.richardappelbom.se\/wp-content\/uploads\/2023\/04\/sanna-marin-ny-version.jpg\",\"width\":275,\"height\":183},{\"@type\":\"BreadcrumbList\",\"@id\":\"https:\/\/www.richardappelbom.se\/index.php\/2023\/04\/04\/framat-for-hogern-i-finland\/#breadcrumb\",\"itemListElement\":[{\"@type\":\"ListItem\",\"position\":1,\"name\":\"Home\",\"item\":\"https:\/\/www.richardappelbom.se\/\"},{\"@type\":\"ListItem\",\"position\":2,\"name\":\"Fram\u00e5t f\u00f6r h\u00f6gern i Finland\"}]},{\"@type\":\"WebSite\",\"@id\":\"https:\/\/www.richardappelbom.se\/#website\",\"url\":\"https:\/\/www.richardappelbom.se\/\",\"name\":\"Richard Appelbom\",\"description\":\"En blogg om val och valsystem\",\"potentialAction\":[{\"@type\":\"SearchAction\",\"target\":{\"@type\":\"EntryPoint\",\"urlTemplate\":\"https:\/\/www.richardappelbom.se\/?s={search_term_string}\"},\"query-input\":{\"@type\":\"PropertyValueSpecification\",\"valueRequired\":true,\"valueName\":\"search_term_string\"}}],\"inLanguage\":\"en-US\"},{\"@type\":\"Person\",\"@id\":\"https:\/\/www.richardappelbom.se\/#\/schema\/person\/98f55ffd095155d902e585f10999a15d\",\"name\":\"admin\",\"image\":{\"@type\":\"ImageObject\",\"inLanguage\":\"en-US\",\"@id\":\"https:\/\/secure.gravatar.com\/avatar\/480edd36f6cc3945e6b2db9fdc6f78df2a3fb98b7b27925b8d810863cfa537e7?s=96&d=mm&r=g\",\"url\":\"https:\/\/secure.gravatar.com\/avatar\/480edd36f6cc3945e6b2db9fdc6f78df2a3fb98b7b27925b8d810863cfa537e7?s=96&d=mm&r=g\",\"contentUrl\":\"https:\/\/secure.gravatar.com\/avatar\/480edd36f6cc3945e6b2db9fdc6f78df2a3fb98b7b27925b8d810863cfa537e7?s=96&d=mm&r=g\",\"caption\":\"admin\"},\"sameAs\":[\"https:\/\/www.facebook.com\/rappelbom\",\"https:\/\/twitter.com\/RichardAppelbom\"],\"url\":\"https:\/\/www.richardappelbom.se\/index.php\/author\/ra_j9l6616t\/\"}]}<\/script>\n<!-- \/ Yoast SEO plugin. -->","yoast_head_json":{"title":"Fram\u00e5t f\u00f6r h\u00f6gern i Finland - Richard Appelbom","description":"H\u00f6gerpartierna gick fram i valet i Finland. Samlingspartiet f\u00e5r v\u00e4lja mellen att styra med Socialdemokraterna eller med Sannfinl\u00e4ndarna.","robots":{"index":"index","follow":"follow","max-snippet":"max-snippet:-1","max-image-preview":"max-image-preview:large","max-video-preview":"max-video-preview:-1"},"canonical":"https:\/\/www.richardappelbom.se\/index.php\/2023\/04\/04\/framat-for-hogern-i-finland\/","og_locale":"en_US","og_type":"article","og_title":"Fram\u00e5t f\u00f6r h\u00f6gern i Finland - Richard Appelbom","og_description":"H\u00f6gerpartierna gick fram i valet i Finland. Samlingspartiet f\u00e5r v\u00e4lja mellen att styra med Socialdemokraterna eller med Sannfinl\u00e4ndarna.","og_url":"https:\/\/www.richardappelbom.se\/index.php\/2023\/04\/04\/framat-for-hogern-i-finland\/","og_site_name":"Richard Appelbom","article_publisher":"https:\/\/www.facebook.com\/rappelbom","article_author":"https:\/\/www.facebook.com\/rappelbom","article_published_time":"2023-04-04T07:53:01+00:00","article_modified_time":"2023-04-04T08:41:27+00:00","og_image":[{"url":"https:\/\/www.richardappelbom.se\/wp-content\/uploads\/2023\/04\/sanna-marin-ny-version.jpg","type":"","width":"","height":""}],"author":"admin","twitter_card":"summary_large_image","twitter_creator":"@RichardAppelbom","twitter_site":"@RichardAppelbom","twitter_misc":{"Written by":"admin","Est. reading time":"4 minutes"},"schema":{"@context":"https:\/\/schema.org","@graph":[{"@type":"Article","@id":"https:\/\/www.richardappelbom.se\/index.php\/2023\/04\/04\/framat-for-hogern-i-finland\/#article","isPartOf":{"@id":"https:\/\/www.richardappelbom.se\/index.php\/2023\/04\/04\/framat-for-hogern-i-finland\/"},"author":{"name":"admin","@id":"https:\/\/www.richardappelbom.se\/#\/schema\/person\/98f55ffd095155d902e585f10999a15d"},"headline":"Fram\u00e5t f\u00f6r h\u00f6gern i Finland","datePublished":"2023-04-04T07:53:01+00:00","dateModified":"2023-04-04T08:41:27+00:00","mainEntityOfPage":{"@id":"https:\/\/www.richardappelbom.se\/index.php\/2023\/04\/04\/framat-for-hogern-i-finland\/"},"wordCount":885,"commentCount":0,"image":{"@id":"https:\/\/www.richardappelbom.se\/index.php\/2023\/04\/04\/framat-for-hogern-i-finland\/#primaryimage"},"thumbnailUrl":"https:\/\/www.richardappelbom.se\/wp-content\/uploads\/2023\/04\/sanna-marin-ny-version.jpg","articleSection":["Allm\u00e4n Posts"],"inLanguage":"en-US","potentialAction":[{"@type":"CommentAction","name":"Comment","target":["https:\/\/www.richardappelbom.se\/index.php\/2023\/04\/04\/framat-for-hogern-i-finland\/#respond"]}]},{"@type":"WebPage","@id":"https:\/\/www.richardappelbom.se\/index.php\/2023\/04\/04\/framat-for-hogern-i-finland\/","url":"https:\/\/www.richardappelbom.se\/index.php\/2023\/04\/04\/framat-for-hogern-i-finland\/","name":"Fram\u00e5t f\u00f6r h\u00f6gern i Finland - Richard Appelbom","isPartOf":{"@id":"https:\/\/www.richardappelbom.se\/#website"},"primaryImageOfPage":{"@id":"https:\/\/www.richardappelbom.se\/index.php\/2023\/04\/04\/framat-for-hogern-i-finland\/#primaryimage"},"image":{"@id":"https:\/\/www.richardappelbom.se\/index.php\/2023\/04\/04\/framat-for-hogern-i-finland\/#primaryimage"},"thumbnailUrl":"https:\/\/www.richardappelbom.se\/wp-content\/uploads\/2023\/04\/sanna-marin-ny-version.jpg","datePublished":"2023-04-04T07:53:01+00:00","dateModified":"2023-04-04T08:41:27+00:00","author":{"@id":"https:\/\/www.richardappelbom.se\/#\/schema\/person\/98f55ffd095155d902e585f10999a15d"},"description":"H\u00f6gerpartierna gick fram i valet i Finland. Samlingspartiet f\u00e5r v\u00e4lja mellen att styra med Socialdemokraterna eller med Sannfinl\u00e4ndarna.","breadcrumb":{"@id":"https:\/\/www.richardappelbom.se\/index.php\/2023\/04\/04\/framat-for-hogern-i-finland\/#breadcrumb"},"inLanguage":"en-US","potentialAction":[{"@type":"ReadAction","target":["https:\/\/www.richardappelbom.se\/index.php\/2023\/04\/04\/framat-for-hogern-i-finland\/"]}]},{"@type":"ImageObject","inLanguage":"en-US","@id":"https:\/\/www.richardappelbom.se\/index.php\/2023\/04\/04\/framat-for-hogern-i-finland\/#primaryimage","url":"https:\/\/www.richardappelbom.se\/wp-content\/uploads\/2023\/04\/sanna-marin-ny-version.jpg","contentUrl":"https:\/\/www.richardappelbom.se\/wp-content\/uploads\/2023\/04\/sanna-marin-ny-version.jpg","width":275,"height":183},{"@type":"BreadcrumbList","@id":"https:\/\/www.richardappelbom.se\/index.php\/2023\/04\/04\/framat-for-hogern-i-finland\/#breadcrumb","itemListElement":[{"@type":"ListItem","position":1,"name":"Home","item":"https:\/\/www.richardappelbom.se\/"},{"@type":"ListItem","position":2,"name":"Fram\u00e5t f\u00f6r h\u00f6gern i Finland"}]},{"@type":"WebSite","@id":"https:\/\/www.richardappelbom.se\/#website","url":"https:\/\/www.richardappelbom.se\/","name":"Richard Appelbom","description":"En blogg om val och valsystem","potentialAction":[{"@type":"SearchAction","target":{"@type":"EntryPoint","urlTemplate":"https:\/\/www.richardappelbom.se\/?s={search_term_string}"},"query-input":{"@type":"PropertyValueSpecification","valueRequired":true,"valueName":"search_term_string"}}],"inLanguage":"en-US"},{"@type":"Person","@id":"https:\/\/www.richardappelbom.se\/#\/schema\/person\/98f55ffd095155d902e585f10999a15d","name":"admin","image":{"@type":"ImageObject","inLanguage":"en-US","@id":"https:\/\/secure.gravatar.com\/avatar\/480edd36f6cc3945e6b2db9fdc6f78df2a3fb98b7b27925b8d810863cfa537e7?s=96&d=mm&r=g","url":"https:\/\/secure.gravatar.com\/avatar\/480edd36f6cc3945e6b2db9fdc6f78df2a3fb98b7b27925b8d810863cfa537e7?s=96&d=mm&r=g","contentUrl":"https:\/\/secure.gravatar.com\/avatar\/480edd36f6cc3945e6b2db9fdc6f78df2a3fb98b7b27925b8d810863cfa537e7?s=96&d=mm&r=g","caption":"admin"},"sameAs":["https:\/\/www.facebook.com\/rappelbom","https:\/\/twitter.com\/RichardAppelbom"],"url":"https:\/\/www.richardappelbom.se\/index.php\/author\/ra_j9l6616t\/"}]}},"jetpack_featured_media_url":"","jetpack_sharing_enabled":true,"_links":{"self":[{"href":"https:\/\/www.richardappelbom.se\/index.php\/wp-json\/wp\/v2\/posts\/379","targetHints":{"allow":["GET"]}}],"collection":[{"href":"https:\/\/www.richardappelbom.se\/index.php\/wp-json\/wp\/v2\/posts"}],"about":[{"href":"https:\/\/www.richardappelbom.se\/index.php\/wp-json\/wp\/v2\/types\/post"}],"author":[{"embeddable":true,"href":"https:\/\/www.richardappelbom.se\/index.php\/wp-json\/wp\/v2\/users\/1"}],"replies":[{"embeddable":true,"href":"https:\/\/www.richardappelbom.se\/index.php\/wp-json\/wp\/v2\/comments?post=379"}],"version-history":[{"count":2,"href":"https:\/\/www.richardappelbom.se\/index.php\/wp-json\/wp\/v2\/posts\/379\/revisions"}],"predecessor-version":[{"id":384,"href":"https:\/\/www.richardappelbom.se\/index.php\/wp-json\/wp\/v2\/posts\/379\/revisions\/384"}],"wp:attachment":[{"href":"https:\/\/www.richardappelbom.se\/index.php\/wp-json\/wp\/v2\/media?parent=379"}],"wp:term":[{"taxonomy":"category","embeddable":true,"href":"https:\/\/www.richardappelbom.se\/index.php\/wp-json\/wp\/v2\/categories?post=379"},{"taxonomy":"post_tag","embeddable":true,"href":"https:\/\/www.richardappelbom.se\/index.php\/wp-json\/wp\/v2\/tags?post=379"}],"curies":[{"name":"wp","href":"https:\/\/api.w.org\/{rel}","templated":true}]}}