{"id":389,"date":"2023-05-07T12:18:33","date_gmt":"2023-05-07T12:18:33","guid":{"rendered":"https:\/\/www.richardappelbom.se\/?p=389"},"modified":"2023-05-07T12:18:34","modified_gmt":"2023-05-07T12:18:34","slug":"brittiska-tories-illa-ute-efter-lokalval-i-england","status":"publish","type":"post","link":"https:\/\/www.richardappelbom.se\/index.php\/2023\/05\/07\/brittiska-tories-illa-ute-efter-lokalval-i-england\/","title":{"rendered":"Brittiska Tories illa ute efter lokalval i England"},"content":{"rendered":"\n<figure class=\"wp-block-image size-full is-resized\"><img loading=\"lazy\" decoding=\"async\" src=\"https:\/\/www.richardappelbom.se\/wp-content\/uploads\/2023\/05\/lokalval-england.jpg\" alt=\"\" class=\"wp-image-390\" width=\"614\" height=\"459\"\/><figcaption class=\"wp-element-caption\">Vallokalerna var \u00f6ppna i stora delar av England f\u00f6r lokala val<\/figcaption><\/figure>\n\n\n\n<p>Lokalvalen i England blev en stor om \u00e4n v\u00e4ntad <a href=\"https:\/\/en.wikipedia.org\/wiki\/2023_United_Kingdom_local_elections\">motg\u00e5ng f\u00f6r Det Konservativa<\/a> regeringspartiet (Tories). Storbritannien har inte lokalval samtidigt i hela landet eller i de flesta fall f\u00f6r hela regionala eller lokala fullm\u00e4ktige. I m\u00e5nga fall utses en tredjedel \u00e5t g\u00e5ngen. Mandatperioden \u00e4r fyra \u00e5r, s\u00e5 d\u00e5 \u00e4r det val i tre \u00e5r av fyra. Till skillnad fr\u00e5n i parlamentsval \u00e4r det dock en best\u00e4md valdag, f\u00f6rsta torsdagen i maj. (I stort sett, Nordirland har sina lokala val ett par veckor senare i maj).<\/p>\n\n\n\n<p>Den h\u00e4r g\u00e5ngen var det lokalval i stora delar av England, men inte \u00f6verallt eller f\u00f6r alla f\u00f6rsamlingar i de aktuella omr\u00e5dena. Storst\u00e4derna London och Birmingham hade inte val, liksom bland annat Cornwall.<\/p>\n\n\n\n<p>\u00c4ven med skild valdag som i Storbritannien (n\u00e4stan \u00e4verallt utom i Sverige) f\u00e5r rikspolitiken stor betydelse. Det fanns exempel p\u00e5 lokala framg\u00e5nga f\u00f6r Tories i Leicester och Torbay, men som helhet var det h\u00e5rd motvind f\u00f6r De konservativa. <a href=\"https:\/\/www.bbc.com\/news\/uk-politics-64966933\">Partiet f\u00f6rlorade \u00f6ver 1000 platser<\/a>, uppemot en tredjedel j\u00e4mf\u00f6rt med <a href=\"https:\/\/en.wikipedia.org\/wiki\/2019_United_Kingdom_local_elections\">lokalvalen 2019<\/a>. D\u00e5 \u00e4r det v\u00e4rt att minnas att \u00e4ven lokalvalen 2019 gick d\u00e5ligt f\u00f6r De Konservativa, men sedan kom de tillbaka och vann parlamentsvalet p\u00e5 h\u00f6sten 2019.<\/p>\n\n\n\n<p> Tories har varit regering sedan 2010, om \u00e4n i koalition med Liberaldemokratera 2010-15. Det har varit skandaler, f\u00f6rra \u00e5ret tvingades tv\u00e5 premi\u00e4rministerar, Boris Johnson och Liz Truss avg\u00e5. Partiet var tidigare splittrat om Brexit. Den segrande nejsidans (fr\u00e4mst torypolitiker) utf\u00e4stelser inf\u00f6r folkomr\u00f6stningen om uttr\u00e4de ur EU har inte infriats. <\/p>\n\n\n\n<p>En majoritet av v\u00e4ljarna verkar helt enkelt hj\u00e4rtligt tr\u00f6tta p\u00e5 Tories. Labourpartiet, som gjorde ett d\u00e5ligt parlamentsval 2019, har stabiliserats och g\u00e5tt mot mitten. Opinionsm\u00e4tningarna visar p\u00e5 ett stort \u00f6vertag, vilket med det brittiska valsystemet med enpersonsvalkretsar skulle ge en egen majoritet.<\/p>\n\n\n\n<p>Lokalvalen var dock \u00e4ven framg\u00e5ngsrika f\u00f6r Liberaldemokraterna och De Gr\u00f6na, vilka vann m\u00e5nga nya platser. Liberaldemokraternba kollapsade efter koalitionen med Tories, men \u00e4r nu p\u00e5 v\u00e4g att vinna tillbaka sin tidigare j\u00e4mf\u00f6relsevis starka st\u00e4llning lokalt.<\/p>\n\n\n\n<p>Valexperter gjorde prognoser f\u00f6r hur<a href=\"https:\/\/www.bbc.com\/news\/uk-politics-65475817\"> resultatet skulle oms\u00e4ttas<\/a> i ett nationellt parlamentsval. (den l\u00e4nkade analysen skriven innan riktigt alla r\u00f6ster r\u00e4knats, men prognosen p\u00e5verkades inte och skriven av en av Storbritanniens fr\u00e4msta valforskare) Enligt den skulle Labour f\u00e5 35 procent,  Tories 26 och Liberaldemokraterna (Libdem) 20 procent. De siffrorna g\u00f6r det tveksamt om Labour skulle f\u00e5 egen majoritet, i synnerhet om nationalisterna (SNP) i Skottland forts\u00e4tter att vinna m\u00e5nga mandat i Labours gamla stykeb\u00e4lten d\u00e4r.<\/p>\n\n\n\n<p>Libdem har den h\u00e4r g\u00e5ngen uteslutit att st\u00f6dja Tories, men det brittiska valsystemet g\u00f6r det mycket riskabelt f\u00f6r mindre partier att alls g\u00e5 in i koalitioner. Lite mindre riskabelt att vara st\u00f6dparti, s\u00e5 har det fungerat i Kanada utan att det mindre partiet har drabbats lika h\u00e5rt. Om inget parti f\u00e5r majoritet b\u00f6r Libdem mycket h\u00e5rdare \u00e4n f\u00f6rra g\u00e5ngen villkora sitt st\u00f6d med ett \u00e4ndrat valsystem med st\u00f6rre proprtionella inslag.<\/p>\n\n\n\n<p>De Konservativa har liknande dilemma som M och andra traditionella h\u00f6gerpartier. De vann nya anh\u00e4ngare bland  arbetarv\u00e4ljare p\u00e5 motst\u00e5nd mot mot Brexit och h\u00f6g invandring. Men bland medelklassv\u00e4ljare fanns st\u00f6rre motst\u00e5nd mot att l\u00e4mna EU och fler &#8220;livsstillsliberaler&#8221;. <a href=\"https:\/\/www.theguardian.com\/politics\/2023\/may\/06\/revealed-labour-won-back-swathes-of-brexit-voters-in-the-local-elections\">Valresultaten tyder p\u00e5 <\/a>att Tories \u00e5ter tappar till Labour bland EU-skeptiska arbetarv\u00e4ljare och till Libdem i v\u00e4lb\u00e4rgade medelklassomr\u00e5den i s\u00f6dra England. (J\u00e4mf\u00f6r M:s f\u00f6rluster i Stockholm). I det brittiska valsystemet kan denna utveckling, om den inte hejdas, ge dramatiska och f\u00f6r Tories katastrofala resultat. <\/p>\n\n\n\n<p>Nu \u00e4r valdetagandet mycket l\u00e4gre (ungef\u00e4r h\u00e4lften) i lokalval j\u00e4mf\u00f6rt med parlamentsval. Men det \u00e4r ger inte Tories mycket tr\u00f6st,  i b\u00e5de m\u00e4tningar och prognoser fr\u00e5n lokalvalen ligger de klart under 30 procent.<\/p>\n\n\n\n<p>Det var f\u00f6rsta g\u00e5ngen v\u00e4ljarna beh\u00f6vde ett foto ID f\u00f6r att r\u00f6sta. Sj\u00e4lvklart hos oss, men kontreoversiellt I l\u00e4nder som USA och Storbritannien d\u00e4r kritiker menar att de g\u00f6r det sv\u00e5rare f\u00f6r minoriteter och fattiga att r\u00f6sta. Tycks dock inte ha p\u00e5verkat utfallet i n\u00e5gon stor utstr\u00e4ckning, men effekten av de nya reglerna ska analyseras. <\/p>\n","protected":false},"excerpt":{"rendered":"<p>Lokalvalen i England blev en stor om \u00e4n v\u00e4ntad motg\u00e5ng f\u00f6r Det Konservativa regeringspartiet (Tories). Storbritannien har inte lokalval samtidigt i hela landet eller i de flesta fall f\u00f6r hela regionala eller lokala fullm\u00e4ktige. I m\u00e5nga fall utses en tredjedel \u00e5t g\u00e5ngen. Mandatperioden \u00e4r fyra \u00e5r, s\u00e5 d\u00e5 \u00e4r det val i tre \u00e5r av [&hellip;]<\/p>\n","protected":false},"author":1,"featured_media":0,"comment_status":"open","ping_status":"closed","sticky":false,"template":"","format":"standard","meta":{"_jetpack_memberships_contains_paid_content":false,"footnotes":""},"categories":[10],"tags":[],"class_list":["post-389","post","type-post","status-publish","format-standard","hentry","category-allman-inlagg"],"yoast_head":"<!-- This site is optimized with the Yoast SEO plugin v27.2 - https:\/\/yoast.com\/product\/yoast-seo-wordpress\/ -->\n<title>Brittiska Tories illa ute efter lokalval i England - Richard Appelbom<\/title>\n<meta name=\"description\" content=\"Rikspolitik slog igenom i lokala val. Brittiska v\u00e4ljare tr\u00f6tta p\u00e5 Tories efter 13-\u00e5rigt regeringsinnehav med avg\u00e5ngar och Brexitbesvikelse\" \/>\n<meta name=\"robots\" content=\"index, follow, max-snippet:-1, max-image-preview:large, max-video-preview:-1\" \/>\n<link rel=\"canonical\" href=\"https:\/\/www.richardappelbom.se\/index.php\/2023\/05\/07\/brittiska-tories-illa-ute-efter-lokalval-i-england\/\" \/>\n<meta property=\"og:locale\" content=\"en_US\" \/>\n<meta property=\"og:type\" content=\"article\" \/>\n<meta property=\"og:title\" content=\"Brittiska Tories illa ute efter lokalval i England - Richard Appelbom\" \/>\n<meta property=\"og:description\" content=\"Rikspolitik slog igenom i lokala val. Brittiska v\u00e4ljare tr\u00f6tta p\u00e5 Tories efter 13-\u00e5rigt regeringsinnehav med avg\u00e5ngar och Brexitbesvikelse\" \/>\n<meta property=\"og:url\" content=\"https:\/\/www.richardappelbom.se\/index.php\/2023\/05\/07\/brittiska-tories-illa-ute-efter-lokalval-i-england\/\" \/>\n<meta property=\"og:site_name\" content=\"Richard Appelbom\" \/>\n<meta property=\"article:publisher\" content=\"https:\/\/www.facebook.com\/rappelbom\" \/>\n<meta property=\"article:author\" content=\"https:\/\/www.facebook.com\/rappelbom\" \/>\n<meta property=\"article:published_time\" content=\"2023-05-07T12:18:33+00:00\" \/>\n<meta property=\"article:modified_time\" content=\"2023-05-07T12:18:34+00:00\" \/>\n<meta property=\"og:image\" content=\"https:\/\/www.richardappelbom.se\/wp-content\/uploads\/2023\/05\/lokalval-england.jpg\" \/>\n<meta name=\"author\" content=\"admin\" \/>\n<meta name=\"twitter:card\" content=\"summary_large_image\" \/>\n<meta name=\"twitter:creator\" content=\"@RichardAppelbom\" \/>\n<meta name=\"twitter:site\" content=\"@RichardAppelbom\" \/>\n<meta name=\"twitter:label1\" content=\"Written by\" \/>\n\t<meta name=\"twitter:data1\" content=\"admin\" \/>\n\t<meta name=\"twitter:label2\" content=\"Est. reading time\" \/>\n\t<meta name=\"twitter:data2\" content=\"4 minutes\" \/>\n<script type=\"application\/ld+json\" class=\"yoast-schema-graph\">{\"@context\":\"https:\/\/schema.org\",\"@graph\":[{\"@type\":\"Article\",\"@id\":\"https:\/\/www.richardappelbom.se\/index.php\/2023\/05\/07\/brittiska-tories-illa-ute-efter-lokalval-i-england\/#article\",\"isPartOf\":{\"@id\":\"https:\/\/www.richardappelbom.se\/index.php\/2023\/05\/07\/brittiska-tories-illa-ute-efter-lokalval-i-england\/\"},\"author\":{\"name\":\"admin\",\"@id\":\"https:\/\/www.richardappelbom.se\/#\/schema\/person\/98f55ffd095155d902e585f10999a15d\"},\"headline\":\"Brittiska Tories illa ute efter lokalval i England\",\"datePublished\":\"2023-05-07T12:18:33+00:00\",\"dateModified\":\"2023-05-07T12:18:34+00:00\",\"mainEntityOfPage\":{\"@id\":\"https:\/\/www.richardappelbom.se\/index.php\/2023\/05\/07\/brittiska-tories-illa-ute-efter-lokalval-i-england\/\"},\"wordCount\":765,\"commentCount\":0,\"image\":{\"@id\":\"https:\/\/www.richardappelbom.se\/index.php\/2023\/05\/07\/brittiska-tories-illa-ute-efter-lokalval-i-england\/#primaryimage\"},\"thumbnailUrl\":\"https:\/\/www.richardappelbom.se\/wp-content\/uploads\/2023\/05\/lokalval-england.jpg\",\"articleSection\":[\"Allm\u00e4n Posts\"],\"inLanguage\":\"en-US\",\"potentialAction\":[{\"@type\":\"CommentAction\",\"name\":\"Comment\",\"target\":[\"https:\/\/www.richardappelbom.se\/index.php\/2023\/05\/07\/brittiska-tories-illa-ute-efter-lokalval-i-england\/#respond\"]}]},{\"@type\":\"WebPage\",\"@id\":\"https:\/\/www.richardappelbom.se\/index.php\/2023\/05\/07\/brittiska-tories-illa-ute-efter-lokalval-i-england\/\",\"url\":\"https:\/\/www.richardappelbom.se\/index.php\/2023\/05\/07\/brittiska-tories-illa-ute-efter-lokalval-i-england\/\",\"name\":\"Brittiska Tories illa ute efter lokalval i England - Richard Appelbom\",\"isPartOf\":{\"@id\":\"https:\/\/www.richardappelbom.se\/#website\"},\"primaryImageOfPage\":{\"@id\":\"https:\/\/www.richardappelbom.se\/index.php\/2023\/05\/07\/brittiska-tories-illa-ute-efter-lokalval-i-england\/#primaryimage\"},\"image\":{\"@id\":\"https:\/\/www.richardappelbom.se\/index.php\/2023\/05\/07\/brittiska-tories-illa-ute-efter-lokalval-i-england\/#primaryimage\"},\"thumbnailUrl\":\"https:\/\/www.richardappelbom.se\/wp-content\/uploads\/2023\/05\/lokalval-england.jpg\",\"datePublished\":\"2023-05-07T12:18:33+00:00\",\"dateModified\":\"2023-05-07T12:18:34+00:00\",\"author\":{\"@id\":\"https:\/\/www.richardappelbom.se\/#\/schema\/person\/98f55ffd095155d902e585f10999a15d\"},\"description\":\"Rikspolitik slog igenom i lokala val. Brittiska v\u00e4ljare tr\u00f6tta p\u00e5 Tories efter 13-\u00e5rigt regeringsinnehav med avg\u00e5ngar och Brexitbesvikelse\",\"breadcrumb\":{\"@id\":\"https:\/\/www.richardappelbom.se\/index.php\/2023\/05\/07\/brittiska-tories-illa-ute-efter-lokalval-i-england\/#breadcrumb\"},\"inLanguage\":\"en-US\",\"potentialAction\":[{\"@type\":\"ReadAction\",\"target\":[\"https:\/\/www.richardappelbom.se\/index.php\/2023\/05\/07\/brittiska-tories-illa-ute-efter-lokalval-i-england\/\"]}]},{\"@type\":\"ImageObject\",\"inLanguage\":\"en-US\",\"@id\":\"https:\/\/www.richardappelbom.se\/index.php\/2023\/05\/07\/brittiska-tories-illa-ute-efter-lokalval-i-england\/#primaryimage\",\"url\":\"https:\/\/www.richardappelbom.se\/wp-content\/uploads\/2023\/05\/lokalval-england.jpg\",\"contentUrl\":\"https:\/\/www.richardappelbom.se\/wp-content\/uploads\/2023\/05\/lokalval-england.jpg\",\"width\":259,\"height\":194},{\"@type\":\"BreadcrumbList\",\"@id\":\"https:\/\/www.richardappelbom.se\/index.php\/2023\/05\/07\/brittiska-tories-illa-ute-efter-lokalval-i-england\/#breadcrumb\",\"itemListElement\":[{\"@type\":\"ListItem\",\"position\":1,\"name\":\"Home\",\"item\":\"https:\/\/www.richardappelbom.se\/\"},{\"@type\":\"ListItem\",\"position\":2,\"name\":\"Brittiska Tories illa ute efter lokalval i England\"}]},{\"@type\":\"WebSite\",\"@id\":\"https:\/\/www.richardappelbom.se\/#website\",\"url\":\"https:\/\/www.richardappelbom.se\/\",\"name\":\"Richard Appelbom\",\"description\":\"En blogg om val och valsystem\",\"potentialAction\":[{\"@type\":\"SearchAction\",\"target\":{\"@type\":\"EntryPoint\",\"urlTemplate\":\"https:\/\/www.richardappelbom.se\/?s={search_term_string}\"},\"query-input\":{\"@type\":\"PropertyValueSpecification\",\"valueRequired\":true,\"valueName\":\"search_term_string\"}}],\"inLanguage\":\"en-US\"},{\"@type\":\"Person\",\"@id\":\"https:\/\/www.richardappelbom.se\/#\/schema\/person\/98f55ffd095155d902e585f10999a15d\",\"name\":\"admin\",\"image\":{\"@type\":\"ImageObject\",\"inLanguage\":\"en-US\",\"@id\":\"https:\/\/secure.gravatar.com\/avatar\/480edd36f6cc3945e6b2db9fdc6f78df2a3fb98b7b27925b8d810863cfa537e7?s=96&d=mm&r=g\",\"url\":\"https:\/\/secure.gravatar.com\/avatar\/480edd36f6cc3945e6b2db9fdc6f78df2a3fb98b7b27925b8d810863cfa537e7?s=96&d=mm&r=g\",\"contentUrl\":\"https:\/\/secure.gravatar.com\/avatar\/480edd36f6cc3945e6b2db9fdc6f78df2a3fb98b7b27925b8d810863cfa537e7?s=96&d=mm&r=g\",\"caption\":\"admin\"},\"sameAs\":[\"https:\/\/www.facebook.com\/rappelbom\",\"https:\/\/twitter.com\/RichardAppelbom\"],\"url\":\"https:\/\/www.richardappelbom.se\/index.php\/author\/ra_j9l6616t\/\"}]}<\/script>\n<!-- \/ Yoast SEO plugin. -->","yoast_head_json":{"title":"Brittiska Tories illa ute efter lokalval i England - Richard Appelbom","description":"Rikspolitik slog igenom i lokala val. Brittiska v\u00e4ljare tr\u00f6tta p\u00e5 Tories efter 13-\u00e5rigt regeringsinnehav med avg\u00e5ngar och Brexitbesvikelse","robots":{"index":"index","follow":"follow","max-snippet":"max-snippet:-1","max-image-preview":"max-image-preview:large","max-video-preview":"max-video-preview:-1"},"canonical":"https:\/\/www.richardappelbom.se\/index.php\/2023\/05\/07\/brittiska-tories-illa-ute-efter-lokalval-i-england\/","og_locale":"en_US","og_type":"article","og_title":"Brittiska Tories illa ute efter lokalval i England - Richard Appelbom","og_description":"Rikspolitik slog igenom i lokala val. Brittiska v\u00e4ljare tr\u00f6tta p\u00e5 Tories efter 13-\u00e5rigt regeringsinnehav med avg\u00e5ngar och Brexitbesvikelse","og_url":"https:\/\/www.richardappelbom.se\/index.php\/2023\/05\/07\/brittiska-tories-illa-ute-efter-lokalval-i-england\/","og_site_name":"Richard Appelbom","article_publisher":"https:\/\/www.facebook.com\/rappelbom","article_author":"https:\/\/www.facebook.com\/rappelbom","article_published_time":"2023-05-07T12:18:33+00:00","article_modified_time":"2023-05-07T12:18:34+00:00","og_image":[{"url":"https:\/\/www.richardappelbom.se\/wp-content\/uploads\/2023\/05\/lokalval-england.jpg","type":"","width":"","height":""}],"author":"admin","twitter_card":"summary_large_image","twitter_creator":"@RichardAppelbom","twitter_site":"@RichardAppelbom","twitter_misc":{"Written by":"admin","Est. reading time":"4 minutes"},"schema":{"@context":"https:\/\/schema.org","@graph":[{"@type":"Article","@id":"https:\/\/www.richardappelbom.se\/index.php\/2023\/05\/07\/brittiska-tories-illa-ute-efter-lokalval-i-england\/#article","isPartOf":{"@id":"https:\/\/www.richardappelbom.se\/index.php\/2023\/05\/07\/brittiska-tories-illa-ute-efter-lokalval-i-england\/"},"author":{"name":"admin","@id":"https:\/\/www.richardappelbom.se\/#\/schema\/person\/98f55ffd095155d902e585f10999a15d"},"headline":"Brittiska Tories illa ute efter lokalval i England","datePublished":"2023-05-07T12:18:33+00:00","dateModified":"2023-05-07T12:18:34+00:00","mainEntityOfPage":{"@id":"https:\/\/www.richardappelbom.se\/index.php\/2023\/05\/07\/brittiska-tories-illa-ute-efter-lokalval-i-england\/"},"wordCount":765,"commentCount":0,"image":{"@id":"https:\/\/www.richardappelbom.se\/index.php\/2023\/05\/07\/brittiska-tories-illa-ute-efter-lokalval-i-england\/#primaryimage"},"thumbnailUrl":"https:\/\/www.richardappelbom.se\/wp-content\/uploads\/2023\/05\/lokalval-england.jpg","articleSection":["Allm\u00e4n Posts"],"inLanguage":"en-US","potentialAction":[{"@type":"CommentAction","name":"Comment","target":["https:\/\/www.richardappelbom.se\/index.php\/2023\/05\/07\/brittiska-tories-illa-ute-efter-lokalval-i-england\/#respond"]}]},{"@type":"WebPage","@id":"https:\/\/www.richardappelbom.se\/index.php\/2023\/05\/07\/brittiska-tories-illa-ute-efter-lokalval-i-england\/","url":"https:\/\/www.richardappelbom.se\/index.php\/2023\/05\/07\/brittiska-tories-illa-ute-efter-lokalval-i-england\/","name":"Brittiska Tories illa ute efter lokalval i England - Richard Appelbom","isPartOf":{"@id":"https:\/\/www.richardappelbom.se\/#website"},"primaryImageOfPage":{"@id":"https:\/\/www.richardappelbom.se\/index.php\/2023\/05\/07\/brittiska-tories-illa-ute-efter-lokalval-i-england\/#primaryimage"},"image":{"@id":"https:\/\/www.richardappelbom.se\/index.php\/2023\/05\/07\/brittiska-tories-illa-ute-efter-lokalval-i-england\/#primaryimage"},"thumbnailUrl":"https:\/\/www.richardappelbom.se\/wp-content\/uploads\/2023\/05\/lokalval-england.jpg","datePublished":"2023-05-07T12:18:33+00:00","dateModified":"2023-05-07T12:18:34+00:00","author":{"@id":"https:\/\/www.richardappelbom.se\/#\/schema\/person\/98f55ffd095155d902e585f10999a15d"},"description":"Rikspolitik slog igenom i lokala val. Brittiska v\u00e4ljare tr\u00f6tta p\u00e5 Tories efter 13-\u00e5rigt regeringsinnehav med avg\u00e5ngar och Brexitbesvikelse","breadcrumb":{"@id":"https:\/\/www.richardappelbom.se\/index.php\/2023\/05\/07\/brittiska-tories-illa-ute-efter-lokalval-i-england\/#breadcrumb"},"inLanguage":"en-US","potentialAction":[{"@type":"ReadAction","target":["https:\/\/www.richardappelbom.se\/index.php\/2023\/05\/07\/brittiska-tories-illa-ute-efter-lokalval-i-england\/"]}]},{"@type":"ImageObject","inLanguage":"en-US","@id":"https:\/\/www.richardappelbom.se\/index.php\/2023\/05\/07\/brittiska-tories-illa-ute-efter-lokalval-i-england\/#primaryimage","url":"https:\/\/www.richardappelbom.se\/wp-content\/uploads\/2023\/05\/lokalval-england.jpg","contentUrl":"https:\/\/www.richardappelbom.se\/wp-content\/uploads\/2023\/05\/lokalval-england.jpg","width":259,"height":194},{"@type":"BreadcrumbList","@id":"https:\/\/www.richardappelbom.se\/index.php\/2023\/05\/07\/brittiska-tories-illa-ute-efter-lokalval-i-england\/#breadcrumb","itemListElement":[{"@type":"ListItem","position":1,"name":"Home","item":"https:\/\/www.richardappelbom.se\/"},{"@type":"ListItem","position":2,"name":"Brittiska Tories illa ute efter lokalval i England"}]},{"@type":"WebSite","@id":"https:\/\/www.richardappelbom.se\/#website","url":"https:\/\/www.richardappelbom.se\/","name":"Richard Appelbom","description":"En blogg om val och valsystem","potentialAction":[{"@type":"SearchAction","target":{"@type":"EntryPoint","urlTemplate":"https:\/\/www.richardappelbom.se\/?s={search_term_string}"},"query-input":{"@type":"PropertyValueSpecification","valueRequired":true,"valueName":"search_term_string"}}],"inLanguage":"en-US"},{"@type":"Person","@id":"https:\/\/www.richardappelbom.se\/#\/schema\/person\/98f55ffd095155d902e585f10999a15d","name":"admin","image":{"@type":"ImageObject","inLanguage":"en-US","@id":"https:\/\/secure.gravatar.com\/avatar\/480edd36f6cc3945e6b2db9fdc6f78df2a3fb98b7b27925b8d810863cfa537e7?s=96&d=mm&r=g","url":"https:\/\/secure.gravatar.com\/avatar\/480edd36f6cc3945e6b2db9fdc6f78df2a3fb98b7b27925b8d810863cfa537e7?s=96&d=mm&r=g","contentUrl":"https:\/\/secure.gravatar.com\/avatar\/480edd36f6cc3945e6b2db9fdc6f78df2a3fb98b7b27925b8d810863cfa537e7?s=96&d=mm&r=g","caption":"admin"},"sameAs":["https:\/\/www.facebook.com\/rappelbom","https:\/\/twitter.com\/RichardAppelbom"],"url":"https:\/\/www.richardappelbom.se\/index.php\/author\/ra_j9l6616t\/"}]}},"jetpack_featured_media_url":"","jetpack_sharing_enabled":true,"_links":{"self":[{"href":"https:\/\/www.richardappelbom.se\/index.php\/wp-json\/wp\/v2\/posts\/389","targetHints":{"allow":["GET"]}}],"collection":[{"href":"https:\/\/www.richardappelbom.se\/index.php\/wp-json\/wp\/v2\/posts"}],"about":[{"href":"https:\/\/www.richardappelbom.se\/index.php\/wp-json\/wp\/v2\/types\/post"}],"author":[{"embeddable":true,"href":"https:\/\/www.richardappelbom.se\/index.php\/wp-json\/wp\/v2\/users\/1"}],"replies":[{"embeddable":true,"href":"https:\/\/www.richardappelbom.se\/index.php\/wp-json\/wp\/v2\/comments?post=389"}],"version-history":[{"count":1,"href":"https:\/\/www.richardappelbom.se\/index.php\/wp-json\/wp\/v2\/posts\/389\/revisions"}],"predecessor-version":[{"id":391,"href":"https:\/\/www.richardappelbom.se\/index.php\/wp-json\/wp\/v2\/posts\/389\/revisions\/391"}],"wp:attachment":[{"href":"https:\/\/www.richardappelbom.se\/index.php\/wp-json\/wp\/v2\/media?parent=389"}],"wp:term":[{"taxonomy":"category","embeddable":true,"href":"https:\/\/www.richardappelbom.se\/index.php\/wp-json\/wp\/v2\/categories?post=389"},{"taxonomy":"post_tag","embeddable":true,"href":"https:\/\/www.richardappelbom.se\/index.php\/wp-json\/wp\/v2\/tags?post=389"}],"curies":[{"name":"wp","href":"https:\/\/api.w.org\/{rel}","templated":true}]}}