{"id":393,"date":"2023-05-19T17:24:22","date_gmt":"2023-05-19T17:24:22","guid":{"rendered":"https:\/\/www.richardappelbom.se\/?p=393"},"modified":"2023-05-19T17:25:02","modified_gmt":"2023-05-19T17:25:02","slug":"grona-pa-vah-nedat-i-tyskland","status":"publish","type":"post","link":"https:\/\/www.richardappelbom.se\/index.php\/2023\/05\/19\/grona-pa-vah-nedat-i-tyskland\/","title":{"rendered":"Gr\u00f6na p\u00e5 v\u00e4g ned\u00e5t i Tyskland"},"content":{"rendered":"\n<figure class=\"wp-block-image size-full is-resized\"><img loading=\"lazy\" decoding=\"async\" src=\"https:\/\/www.richardappelbom.se\/wp-content\/uploads\/2023\/05\/bremenval.jpg\" alt=\"\" class=\"wp-image-394\" width=\"572\" height=\"523\"\/><figcaption class=\"wp-element-caption\">Socialdemokraternas ledare Andreas Bovenschulte ser ut att leda Bremen, den minsta tyska delstaten.<\/figcaption><\/figure>\n\n\n\n<p>Tyckslnd tv\u00e5 minsta delstat \u00e4r stadstaten Bremen.<a href=\"https:\/\/en.wikipedia.org\/wiki\/2023_Bremen_state_election\"> Valet d\u00e4r 14 maj<\/a> blev en framg\u00e5n f\u00f6r Socialdemokraterna SPD, som \u00e5tertog sin traditionella position som st\u00f6rsta parti. <a href=\"https:\/\/en.wikipedia.org\/wiki\/2019_Bremen_state_election\">Valet 2019 <\/a>(de flesta tyska delstaterna har fem\u00e5riga mandatperioder, l\u00e4ngre \u00e4n f\u00f6rbundsdagsvalets ungef\u00e4r fyra \u00e5r, m\u00e4rkligt) innebar d\u00e4remot en tillbakag\u00e5ng f\u00f6r SPD, partiet lyckades inte helt \u00e5terta f\u00f6rlusten i valet 2023.<\/p>\n\n\n\n<p>Kristdemokratiska CDU l\u00e5g i stort stilla p\u00e5 26 procent, medan <a href=\"https:\/\/www.theguardian.com\/world\/2023\/may\/15\/german-greens-suffer-setback-in-bremen-local-election\">De Gr\u00f6na tappade<\/a> kraftigt. Libela FDP, som sitter i regering p\u00e5 f\u00f6rbundsplanet med SPD och De Gr\u00f6na, klarade med knapp n\u00f6d femprocentsp\u00e4rren. Ytterv\u00e4nsterpartiet Die Linke l\u00e5g kvar p\u00e5 11 procent, medan h\u00f6gerpopulistiska AFD inte fick st\u00e4lla upp p\u00e5 grund av interna problem. Ett lokalt h\u00f6gerpopulistiska parti BiW gjorde i st\u00e4llet ett bra val med 9,4 procent.<\/p>\n\n\n\n<p>Bremen blev den f\u00f6rsta delstat utanf\u00f6r det forna DDR d\u00e4r die Linke, med r\u00e4tter i \u00f6ststyska kommunistpartiet, fick vara vara med i en regering tillsammans med SPD och De Gr\u00f6na. Effter valet kan samma koalition forts\u00e4tta eller f\u00e5r det bli en stor koalition mellan SPD och CDU. Delstaterna har likt f\u00f6rbundsregeringen i princip alltid majoritetsstyre.<\/p>\n\n\n\n<p>Enligt en analys i kristdemokratiska partistiftelsen <a href=\"https:\/\/www.kas.de\/en\/election-and-social-research-monitor\/detail\/-\/content\/election-analysis-of-the-parliamentary-elections-in-bremen-on-14-may-2023\">Konrad Adenauer<\/a> var det fr\u00e4mst lokala fr\u00e5gor och att den socialdemokratiska ledaen var popul\u00e4r som avgjorde valet. De gr\u00f6na fick kritik f\u00f6r att f\u00f6rs\u00e4mra m\u00f6jligheterna f\u00f6r kortidsparkering.<\/p>\n\n\n\n<p>Oavsett orsakrena ligger De gr\u00f6nas tillbakag\u00e5ng i linje med nationella opinionsm\u00e4tningar, d\u00e4r partiet har en ned\u00e5tg\u00e5ende trend, dock fr\u00e5n en h\u00f6g niv\u00e5. Mindre partier brukar f\u00f6rlora st\u00f6d i koalitioner, men det g\u00e4llde tidigare inte de Gr\u00f6na. De gick fram, men har de senaste m\u00e5naderna b\u00f6rjat minska. Resultatet i Bremen l\u00e5r d\u00e5 inte dirket h\u00f6ja hum\u00f6ret.<\/p>\n","protected":false},"excerpt":{"rendered":"<p>Tyckslnd tv\u00e5 minsta delstat \u00e4r stadstaten Bremen. Valet d\u00e4r 14 maj blev en framg\u00e5n f\u00f6r Socialdemokraterna SPD, som \u00e5tertog sin traditionella position som st\u00f6rsta parti. Valet 2019 (de flesta tyska delstaterna har fem\u00e5riga mandatperioder, l\u00e4ngre \u00e4n f\u00f6rbundsdagsvalets ungef\u00e4r fyra \u00e5r, m\u00e4rkligt) innebar d\u00e4remot en tillbakag\u00e5ng f\u00f6r SPD, partiet lyckades inte helt \u00e5terta f\u00f6rlusten i valet [&hellip;]<\/p>\n","protected":false},"author":1,"featured_media":0,"comment_status":"open","ping_status":"closed","sticky":false,"template":"","format":"standard","meta":{"_jetpack_memberships_contains_paid_content":false,"footnotes":""},"categories":[10],"tags":[],"class_list":["post-393","post","type-post","status-publish","format-standard","hentry","category-allman-inlagg"],"yoast_head":"<!-- This site is optimized with the Yoast SEO plugin v27.2 - https:\/\/yoast.com\/product\/yoast-seo-wordpress\/ -->\n<title>Gr\u00f6na p\u00e5 v\u00e4g ned\u00e5t i Tyskland - Richard Appelbom<\/title>\n<meta name=\"description\" content=\"Socialdemokraterna \u00f6kade och De gr\u00f6na minskade i valet i Bremen, Tysklands minsta delstat. Dock inga dramatiska f\u00f6r\u00e4ndrningar.\" \/>\n<meta name=\"robots\" content=\"index, follow, max-snippet:-1, max-image-preview:large, max-video-preview:-1\" \/>\n<link rel=\"canonical\" href=\"https:\/\/www.richardappelbom.se\/index.php\/2023\/05\/19\/grona-pa-vah-nedat-i-tyskland\/\" \/>\n<meta property=\"og:locale\" content=\"en_US\" \/>\n<meta property=\"og:type\" content=\"article\" \/>\n<meta property=\"og:title\" content=\"Gr\u00f6na p\u00e5 v\u00e4g ned\u00e5t i Tyskland - Richard Appelbom\" \/>\n<meta property=\"og:description\" content=\"Socialdemokraterna \u00f6kade och De gr\u00f6na minskade i valet i Bremen, Tysklands minsta delstat. Dock inga dramatiska f\u00f6r\u00e4ndrningar.\" \/>\n<meta property=\"og:url\" content=\"https:\/\/www.richardappelbom.se\/index.php\/2023\/05\/19\/grona-pa-vah-nedat-i-tyskland\/\" \/>\n<meta property=\"og:site_name\" content=\"Richard Appelbom\" \/>\n<meta property=\"article:publisher\" content=\"https:\/\/www.facebook.com\/rappelbom\" \/>\n<meta property=\"article:author\" content=\"https:\/\/www.facebook.com\/rappelbom\" \/>\n<meta property=\"article:published_time\" content=\"2023-05-19T17:24:22+00:00\" \/>\n<meta property=\"article:modified_time\" content=\"2023-05-19T17:25:02+00:00\" \/>\n<meta property=\"og:image\" content=\"https:\/\/www.richardappelbom.se\/wp-content\/uploads\/2023\/05\/bremenval.jpg\" \/>\n<meta name=\"author\" content=\"admin\" \/>\n<meta name=\"twitter:card\" content=\"summary_large_image\" \/>\n<meta name=\"twitter:creator\" content=\"@RichardAppelbom\" \/>\n<meta name=\"twitter:site\" content=\"@RichardAppelbom\" \/>\n<meta name=\"twitter:label1\" content=\"Written by\" \/>\n\t<meta name=\"twitter:data1\" content=\"admin\" \/>\n\t<meta name=\"twitter:label2\" content=\"Est. reading time\" \/>\n\t<meta name=\"twitter:data2\" content=\"2 minutes\" \/>\n<script type=\"application\/ld+json\" class=\"yoast-schema-graph\">{\"@context\":\"https:\/\/schema.org\",\"@graph\":[{\"@type\":\"Article\",\"@id\":\"https:\/\/www.richardappelbom.se\/index.php\/2023\/05\/19\/grona-pa-vah-nedat-i-tyskland\/#article\",\"isPartOf\":{\"@id\":\"https:\/\/www.richardappelbom.se\/index.php\/2023\/05\/19\/grona-pa-vah-nedat-i-tyskland\/\"},\"author\":{\"name\":\"admin\",\"@id\":\"https:\/\/www.richardappelbom.se\/#\/schema\/person\/98f55ffd095155d902e585f10999a15d\"},\"headline\":\"Gr\u00f6na p\u00e5 v\u00e4g ned\u00e5t i Tyskland\",\"datePublished\":\"2023-05-19T17:24:22+00:00\",\"dateModified\":\"2023-05-19T17:25:02+00:00\",\"mainEntityOfPage\":{\"@id\":\"https:\/\/www.richardappelbom.se\/index.php\/2023\/05\/19\/grona-pa-vah-nedat-i-tyskland\/\"},\"wordCount\":340,\"commentCount\":0,\"image\":{\"@id\":\"https:\/\/www.richardappelbom.se\/index.php\/2023\/05\/19\/grona-pa-vah-nedat-i-tyskland\/#primaryimage\"},\"thumbnailUrl\":\"https:\/\/www.richardappelbom.se\/wp-content\/uploads\/2023\/05\/bremenval.jpg\",\"articleSection\":[\"Allm\u00e4n Posts\"],\"inLanguage\":\"en-US\",\"potentialAction\":[{\"@type\":\"CommentAction\",\"name\":\"Comment\",\"target\":[\"https:\/\/www.richardappelbom.se\/index.php\/2023\/05\/19\/grona-pa-vah-nedat-i-tyskland\/#respond\"]}]},{\"@type\":\"WebPage\",\"@id\":\"https:\/\/www.richardappelbom.se\/index.php\/2023\/05\/19\/grona-pa-vah-nedat-i-tyskland\/\",\"url\":\"https:\/\/www.richardappelbom.se\/index.php\/2023\/05\/19\/grona-pa-vah-nedat-i-tyskland\/\",\"name\":\"Gr\u00f6na p\u00e5 v\u00e4g ned\u00e5t i Tyskland - Richard Appelbom\",\"isPartOf\":{\"@id\":\"https:\/\/www.richardappelbom.se\/#website\"},\"primaryImageOfPage\":{\"@id\":\"https:\/\/www.richardappelbom.se\/index.php\/2023\/05\/19\/grona-pa-vah-nedat-i-tyskland\/#primaryimage\"},\"image\":{\"@id\":\"https:\/\/www.richardappelbom.se\/index.php\/2023\/05\/19\/grona-pa-vah-nedat-i-tyskland\/#primaryimage\"},\"thumbnailUrl\":\"https:\/\/www.richardappelbom.se\/wp-content\/uploads\/2023\/05\/bremenval.jpg\",\"datePublished\":\"2023-05-19T17:24:22+00:00\",\"dateModified\":\"2023-05-19T17:25:02+00:00\",\"author\":{\"@id\":\"https:\/\/www.richardappelbom.se\/#\/schema\/person\/98f55ffd095155d902e585f10999a15d\"},\"description\":\"Socialdemokraterna \u00f6kade och De gr\u00f6na minskade i valet i Bremen, Tysklands minsta delstat. Dock inga dramatiska f\u00f6r\u00e4ndrningar.\",\"breadcrumb\":{\"@id\":\"https:\/\/www.richardappelbom.se\/index.php\/2023\/05\/19\/grona-pa-vah-nedat-i-tyskland\/#breadcrumb\"},\"inLanguage\":\"en-US\",\"potentialAction\":[{\"@type\":\"ReadAction\",\"target\":[\"https:\/\/www.richardappelbom.se\/index.php\/2023\/05\/19\/grona-pa-vah-nedat-i-tyskland\/\"]}]},{\"@type\":\"ImageObject\",\"inLanguage\":\"en-US\",\"@id\":\"https:\/\/www.richardappelbom.se\/index.php\/2023\/05\/19\/grona-pa-vah-nedat-i-tyskland\/#primaryimage\",\"url\":\"https:\/\/www.richardappelbom.se\/wp-content\/uploads\/2023\/05\/bremenval.jpg\",\"contentUrl\":\"https:\/\/www.richardappelbom.se\/wp-content\/uploads\/2023\/05\/bremenval.jpg\",\"width\":220,\"height\":201,\"caption\":\"Wahlabend Bremen 2023\"},{\"@type\":\"BreadcrumbList\",\"@id\":\"https:\/\/www.richardappelbom.se\/index.php\/2023\/05\/19\/grona-pa-vah-nedat-i-tyskland\/#breadcrumb\",\"itemListElement\":[{\"@type\":\"ListItem\",\"position\":1,\"name\":\"Home\",\"item\":\"https:\/\/www.richardappelbom.se\/\"},{\"@type\":\"ListItem\",\"position\":2,\"name\":\"Gr\u00f6na p\u00e5 v\u00e4g ned\u00e5t i Tyskland\"}]},{\"@type\":\"WebSite\",\"@id\":\"https:\/\/www.richardappelbom.se\/#website\",\"url\":\"https:\/\/www.richardappelbom.se\/\",\"name\":\"Richard Appelbom\",\"description\":\"En blogg om val och valsystem\",\"potentialAction\":[{\"@type\":\"SearchAction\",\"target\":{\"@type\":\"EntryPoint\",\"urlTemplate\":\"https:\/\/www.richardappelbom.se\/?s={search_term_string}\"},\"query-input\":{\"@type\":\"PropertyValueSpecification\",\"valueRequired\":true,\"valueName\":\"search_term_string\"}}],\"inLanguage\":\"en-US\"},{\"@type\":\"Person\",\"@id\":\"https:\/\/www.richardappelbom.se\/#\/schema\/person\/98f55ffd095155d902e585f10999a15d\",\"name\":\"admin\",\"image\":{\"@type\":\"ImageObject\",\"inLanguage\":\"en-US\",\"@id\":\"https:\/\/secure.gravatar.com\/avatar\/480edd36f6cc3945e6b2db9fdc6f78df2a3fb98b7b27925b8d810863cfa537e7?s=96&d=mm&r=g\",\"url\":\"https:\/\/secure.gravatar.com\/avatar\/480edd36f6cc3945e6b2db9fdc6f78df2a3fb98b7b27925b8d810863cfa537e7?s=96&d=mm&r=g\",\"contentUrl\":\"https:\/\/secure.gravatar.com\/avatar\/480edd36f6cc3945e6b2db9fdc6f78df2a3fb98b7b27925b8d810863cfa537e7?s=96&d=mm&r=g\",\"caption\":\"admin\"},\"sameAs\":[\"https:\/\/www.facebook.com\/rappelbom\",\"https:\/\/twitter.com\/RichardAppelbom\"],\"url\":\"https:\/\/www.richardappelbom.se\/index.php\/author\/ra_j9l6616t\/\"}]}<\/script>\n<!-- \/ Yoast SEO plugin. -->","yoast_head_json":{"title":"Gr\u00f6na p\u00e5 v\u00e4g ned\u00e5t i Tyskland - Richard Appelbom","description":"Socialdemokraterna \u00f6kade och De gr\u00f6na minskade i valet i Bremen, Tysklands minsta delstat. Dock inga dramatiska f\u00f6r\u00e4ndrningar.","robots":{"index":"index","follow":"follow","max-snippet":"max-snippet:-1","max-image-preview":"max-image-preview:large","max-video-preview":"max-video-preview:-1"},"canonical":"https:\/\/www.richardappelbom.se\/index.php\/2023\/05\/19\/grona-pa-vah-nedat-i-tyskland\/","og_locale":"en_US","og_type":"article","og_title":"Gr\u00f6na p\u00e5 v\u00e4g ned\u00e5t i Tyskland - Richard Appelbom","og_description":"Socialdemokraterna \u00f6kade och De gr\u00f6na minskade i valet i Bremen, Tysklands minsta delstat. Dock inga dramatiska f\u00f6r\u00e4ndrningar.","og_url":"https:\/\/www.richardappelbom.se\/index.php\/2023\/05\/19\/grona-pa-vah-nedat-i-tyskland\/","og_site_name":"Richard Appelbom","article_publisher":"https:\/\/www.facebook.com\/rappelbom","article_author":"https:\/\/www.facebook.com\/rappelbom","article_published_time":"2023-05-19T17:24:22+00:00","article_modified_time":"2023-05-19T17:25:02+00:00","og_image":[{"url":"https:\/\/www.richardappelbom.se\/wp-content\/uploads\/2023\/05\/bremenval.jpg","type":"","width":"","height":""}],"author":"admin","twitter_card":"summary_large_image","twitter_creator":"@RichardAppelbom","twitter_site":"@RichardAppelbom","twitter_misc":{"Written by":"admin","Est. reading time":"2 minutes"},"schema":{"@context":"https:\/\/schema.org","@graph":[{"@type":"Article","@id":"https:\/\/www.richardappelbom.se\/index.php\/2023\/05\/19\/grona-pa-vah-nedat-i-tyskland\/#article","isPartOf":{"@id":"https:\/\/www.richardappelbom.se\/index.php\/2023\/05\/19\/grona-pa-vah-nedat-i-tyskland\/"},"author":{"name":"admin","@id":"https:\/\/www.richardappelbom.se\/#\/schema\/person\/98f55ffd095155d902e585f10999a15d"},"headline":"Gr\u00f6na p\u00e5 v\u00e4g ned\u00e5t i Tyskland","datePublished":"2023-05-19T17:24:22+00:00","dateModified":"2023-05-19T17:25:02+00:00","mainEntityOfPage":{"@id":"https:\/\/www.richardappelbom.se\/index.php\/2023\/05\/19\/grona-pa-vah-nedat-i-tyskland\/"},"wordCount":340,"commentCount":0,"image":{"@id":"https:\/\/www.richardappelbom.se\/index.php\/2023\/05\/19\/grona-pa-vah-nedat-i-tyskland\/#primaryimage"},"thumbnailUrl":"https:\/\/www.richardappelbom.se\/wp-content\/uploads\/2023\/05\/bremenval.jpg","articleSection":["Allm\u00e4n Posts"],"inLanguage":"en-US","potentialAction":[{"@type":"CommentAction","name":"Comment","target":["https:\/\/www.richardappelbom.se\/index.php\/2023\/05\/19\/grona-pa-vah-nedat-i-tyskland\/#respond"]}]},{"@type":"WebPage","@id":"https:\/\/www.richardappelbom.se\/index.php\/2023\/05\/19\/grona-pa-vah-nedat-i-tyskland\/","url":"https:\/\/www.richardappelbom.se\/index.php\/2023\/05\/19\/grona-pa-vah-nedat-i-tyskland\/","name":"Gr\u00f6na p\u00e5 v\u00e4g ned\u00e5t i Tyskland - Richard Appelbom","isPartOf":{"@id":"https:\/\/www.richardappelbom.se\/#website"},"primaryImageOfPage":{"@id":"https:\/\/www.richardappelbom.se\/index.php\/2023\/05\/19\/grona-pa-vah-nedat-i-tyskland\/#primaryimage"},"image":{"@id":"https:\/\/www.richardappelbom.se\/index.php\/2023\/05\/19\/grona-pa-vah-nedat-i-tyskland\/#primaryimage"},"thumbnailUrl":"https:\/\/www.richardappelbom.se\/wp-content\/uploads\/2023\/05\/bremenval.jpg","datePublished":"2023-05-19T17:24:22+00:00","dateModified":"2023-05-19T17:25:02+00:00","author":{"@id":"https:\/\/www.richardappelbom.se\/#\/schema\/person\/98f55ffd095155d902e585f10999a15d"},"description":"Socialdemokraterna \u00f6kade och De gr\u00f6na minskade i valet i Bremen, Tysklands minsta delstat. Dock inga dramatiska f\u00f6r\u00e4ndrningar.","breadcrumb":{"@id":"https:\/\/www.richardappelbom.se\/index.php\/2023\/05\/19\/grona-pa-vah-nedat-i-tyskland\/#breadcrumb"},"inLanguage":"en-US","potentialAction":[{"@type":"ReadAction","target":["https:\/\/www.richardappelbom.se\/index.php\/2023\/05\/19\/grona-pa-vah-nedat-i-tyskland\/"]}]},{"@type":"ImageObject","inLanguage":"en-US","@id":"https:\/\/www.richardappelbom.se\/index.php\/2023\/05\/19\/grona-pa-vah-nedat-i-tyskland\/#primaryimage","url":"https:\/\/www.richardappelbom.se\/wp-content\/uploads\/2023\/05\/bremenval.jpg","contentUrl":"https:\/\/www.richardappelbom.se\/wp-content\/uploads\/2023\/05\/bremenval.jpg","width":220,"height":201,"caption":"Wahlabend Bremen 2023"},{"@type":"BreadcrumbList","@id":"https:\/\/www.richardappelbom.se\/index.php\/2023\/05\/19\/grona-pa-vah-nedat-i-tyskland\/#breadcrumb","itemListElement":[{"@type":"ListItem","position":1,"name":"Home","item":"https:\/\/www.richardappelbom.se\/"},{"@type":"ListItem","position":2,"name":"Gr\u00f6na p\u00e5 v\u00e4g ned\u00e5t i Tyskland"}]},{"@type":"WebSite","@id":"https:\/\/www.richardappelbom.se\/#website","url":"https:\/\/www.richardappelbom.se\/","name":"Richard Appelbom","description":"En blogg om val och valsystem","potentialAction":[{"@type":"SearchAction","target":{"@type":"EntryPoint","urlTemplate":"https:\/\/www.richardappelbom.se\/?s={search_term_string}"},"query-input":{"@type":"PropertyValueSpecification","valueRequired":true,"valueName":"search_term_string"}}],"inLanguage":"en-US"},{"@type":"Person","@id":"https:\/\/www.richardappelbom.se\/#\/schema\/person\/98f55ffd095155d902e585f10999a15d","name":"admin","image":{"@type":"ImageObject","inLanguage":"en-US","@id":"https:\/\/secure.gravatar.com\/avatar\/480edd36f6cc3945e6b2db9fdc6f78df2a3fb98b7b27925b8d810863cfa537e7?s=96&d=mm&r=g","url":"https:\/\/secure.gravatar.com\/avatar\/480edd36f6cc3945e6b2db9fdc6f78df2a3fb98b7b27925b8d810863cfa537e7?s=96&d=mm&r=g","contentUrl":"https:\/\/secure.gravatar.com\/avatar\/480edd36f6cc3945e6b2db9fdc6f78df2a3fb98b7b27925b8d810863cfa537e7?s=96&d=mm&r=g","caption":"admin"},"sameAs":["https:\/\/www.facebook.com\/rappelbom","https:\/\/twitter.com\/RichardAppelbom"],"url":"https:\/\/www.richardappelbom.se\/index.php\/author\/ra_j9l6616t\/"}]}},"jetpack_featured_media_url":"","jetpack_sharing_enabled":true,"_links":{"self":[{"href":"https:\/\/www.richardappelbom.se\/index.php\/wp-json\/wp\/v2\/posts\/393","targetHints":{"allow":["GET"]}}],"collection":[{"href":"https:\/\/www.richardappelbom.se\/index.php\/wp-json\/wp\/v2\/posts"}],"about":[{"href":"https:\/\/www.richardappelbom.se\/index.php\/wp-json\/wp\/v2\/types\/post"}],"author":[{"embeddable":true,"href":"https:\/\/www.richardappelbom.se\/index.php\/wp-json\/wp\/v2\/users\/1"}],"replies":[{"embeddable":true,"href":"https:\/\/www.richardappelbom.se\/index.php\/wp-json\/wp\/v2\/comments?post=393"}],"version-history":[{"count":2,"href":"https:\/\/www.richardappelbom.se\/index.php\/wp-json\/wp\/v2\/posts\/393\/revisions"}],"predecessor-version":[{"id":396,"href":"https:\/\/www.richardappelbom.se\/index.php\/wp-json\/wp\/v2\/posts\/393\/revisions\/396"}],"wp:attachment":[{"href":"https:\/\/www.richardappelbom.se\/index.php\/wp-json\/wp\/v2\/media?parent=393"}],"wp:term":[{"taxonomy":"category","embeddable":true,"href":"https:\/\/www.richardappelbom.se\/index.php\/wp-json\/wp\/v2\/categories?post=393"},{"taxonomy":"post_tag","embeddable":true,"href":"https:\/\/www.richardappelbom.se\/index.php\/wp-json\/wp\/v2\/tags?post=393"}],"curies":[{"name":"wp","href":"https:\/\/api.w.org\/{rel}","templated":true}]}}