{"id":397,"date":"2023-05-20T12:25:54","date_gmt":"2023-05-20T12:25:54","guid":{"rendered":"https:\/\/www.richardappelbom.se\/?p=397"},"modified":"2023-05-20T12:25:55","modified_gmt":"2023-05-20T12:25:55","slug":"turkiskt-parlamentsval-i-skymundan","status":"publish","type":"post","link":"https:\/\/www.richardappelbom.se\/index.php\/2023\/05\/20\/turkiskt-parlamentsval-i-skymundan\/","title":{"rendered":"Turkiskt parlamentsval i skymundan"},"content":{"rendered":"\n<figure class=\"wp-block-image size-full\"><img loading=\"lazy\" decoding=\"async\" width=\"1024\" height=\"700\" src=\"https:\/\/www.richardappelbom.se\/wp-content\/uploads\/2023\/05\/turkiskt-parlamentsval-resultat.png\" alt=\"\" class=\"wp-image-398\" srcset=\"https:\/\/www.richardappelbom.se\/wp-content\/uploads\/2023\/05\/turkiskt-parlamentsval-resultat.png 1024w, https:\/\/www.richardappelbom.se\/wp-content\/uploads\/2023\/05\/turkiskt-parlamentsval-resultat-300x205.png 300w, https:\/\/www.richardappelbom.se\/wp-content\/uploads\/2023\/05\/turkiskt-parlamentsval-resultat-768x525.png 768w\" sizes=\"auto, (max-width: 1024px) 100vw, 1024px\" \/><figcaption class=\"wp-element-caption\">Resultatet i parlamentsvalet i Turkiet hade samma splittring som presidentvalet. Bild fr\u00e5n Wikipedia<\/figcaption><\/figure>\n\n\n\n<p><a href=\"https:\/\/en.wikipedia.org\/wiki\/2023_Turkish_general_election\">Presidentvalet i Turkiet<\/a> gick till en andra omg\u00e5ng, men d\u00e4r president Erdogan fick flest r\u00f6ster, och mer \u00e4n opinionsm\u00e4tningar hade visat.  Han \u00e4r d\u00e4rf\u00f6r favorit att vinna andra omg\u00e5nden.<\/p>\n\n\n\n<p>Tidigare hade Turkiet ett parlamentariskt system, men Erdogan, som tidigare var premi\u00e4rminister, \u00e4ndrade detta n\u00e4r han blev president. Presidentmakten st\u00e4rktes, parlamentets st\u00e4llning blev d\u00e4rmed svagare.<\/p>\n\n\n\n<p>Det kan ha bidragit till att <a href=\"https:\/\/en.wikipedia.org\/wiki\/2023_Turkish_parliamentary_election\">det samtidiga parlamentsvalet<\/a> fick mindre uppm\u00e4rksamhet den h\u00e4r g\u00e5ngen. En del f\u00f6r\u00e4ndnringar hade genomf\u00f6rts i valsystemet. Tidigare fanns en h\u00f6g sp\u00e4rrgr\u00e4ns p\u00e5 10 procent, den s\u00e4nktes till 7 procent. Det gick ocks\u00e5 att undg\u00e5 sp\u00e4rrgr\u00e4nsen genom att bilda valallianser, \u00e4ven om mandaten f\u00f6rdelades till varje parti f\u00f6r sig i alliansen. <\/p>\n\n\n\n<p>Valresultatet p\u00e5minde starkt om presidentvalet, preident Erdogans allians fick 49,5 procent, det egna AK-partiet fick 35,6 procent, en minskning med 6,72 procentenheter.  Alliansen som helhet f\u00f6rlorade 21 mandat.<\/p>\n\n\n\n<p>Huvudoppositionens CHP:s allians fick 35 procent och \u00f6kade med 23 mandat. Det i huvudsak kurdiska HDP, som hotades med partif\u00f6rbund, st\u00e4llde upp med ett annat namn och i allians med ett v\u00e4nsterparti. Alliansen fick 10,5 procent och f\u00f6rlorade 2 mandat. HDP med det nya namnet Gr\u00f6na och v\u00e4nsterpartiet f\u00f6rlorade dock 6 mandat, medan allianspartiet fick 4 (nya) mandat.<\/p>\n\n\n\n<p>Turkiet har 87 valkretsar med olika storlek, de st\u00f6rsta st\u00e4derna \u00e4r delade i flera valkretsar. Utj\u00e4mningsmandat saknas, vilket gynnar st\u00f6rre partier. <\/p>\n\n\n\n<p>AK-partiet fick 36 procent av r\u00f6sterna, men 44 procent av mandaten. (268 av 600) Hela alliansen fick 49,5 procent av r\u00f6sterna, men 54 procent av r\u00f6sterna (323 av 600)<\/p>\n\n\n\n<p>Oppositionsalliansen kring CHP fick 35 procent och 212 mandat, vilket motsvarar r\u00f6standelen. Detsamma g\u00e4llde alliansen kring det omd\u00f6pta HDP, som fick drygt 10 procent av r\u00f6sterna och av mandaten. Regeringssidans \u00f6vervikt kom genom v\u00e4ljare som r\u00f6stade p\u00e5 partier som inte kom med. Deras r\u00f6ster p\u00e5verkade inte mandatf\u00f6rdelningen.  oppositionen hade mandat som motsvarar r\u00f6standelen.<\/p>\n\n\n\n<p>Som valkartan ovan visar var resultatet mycket likt presidentvalet. Oppositionen vann efter kusterna, storst\u00e4derna och i kurdiskt dominerade omr\u00e5den. Erdogans allians vann inlandet i Anatolien. Turkiet \u00e4r ett politiskt splittrat land  <\/p>\n","protected":false},"excerpt":{"rendered":"<p>Presidentvalet i Turkiet gick till en andra omg\u00e5ng, men d\u00e4r president Erdogan fick flest r\u00f6ster, och mer \u00e4n opinionsm\u00e4tningar hade visat. Han \u00e4r d\u00e4rf\u00f6r favorit att vinna andra omg\u00e5nden. Tidigare hade Turkiet ett parlamentariskt system, men Erdogan, som tidigare var premi\u00e4rminister, \u00e4ndrade detta n\u00e4r han blev president. Presidentmakten st\u00e4rktes, parlamentets st\u00e4llning blev d\u00e4rmed svagare. Det [&hellip;]<\/p>\n","protected":false},"author":1,"featured_media":0,"comment_status":"open","ping_status":"closed","sticky":false,"template":"","format":"standard","meta":{"_jetpack_memberships_contains_paid_content":false,"footnotes":""},"categories":[10],"tags":[],"class_list":["post-397","post","type-post","status-publish","format-standard","hentry","category-allman-inlagg"],"yoast_head":"<!-- This site is optimized with the Yoast SEO plugin v27.2 - https:\/\/yoast.com\/product\/yoast-seo-wordpress\/ -->\n<title>Turkiskt parlamentsval i skymundan - Richard Appelbom<\/title>\n<meta name=\"description\" content=\"Parlamentsvalet i Turkiet fick mindre uppm\u00e4rksamhet \u00e4n presidentvalet, resultaten dock mycket likartade.\" \/>\n<meta name=\"robots\" content=\"index, follow, max-snippet:-1, max-image-preview:large, max-video-preview:-1\" \/>\n<link rel=\"canonical\" href=\"https:\/\/www.richardappelbom.se\/index.php\/2023\/05\/20\/turkiskt-parlamentsval-i-skymundan\/\" \/>\n<meta property=\"og:locale\" content=\"en_US\" \/>\n<meta property=\"og:type\" content=\"article\" \/>\n<meta property=\"og:title\" content=\"Turkiskt parlamentsval i skymundan - Richard Appelbom\" \/>\n<meta property=\"og:description\" content=\"Parlamentsvalet i Turkiet fick mindre uppm\u00e4rksamhet \u00e4n presidentvalet, resultaten dock mycket likartade.\" \/>\n<meta property=\"og:url\" content=\"https:\/\/www.richardappelbom.se\/index.php\/2023\/05\/20\/turkiskt-parlamentsval-i-skymundan\/\" \/>\n<meta property=\"og:site_name\" content=\"Richard Appelbom\" \/>\n<meta property=\"article:publisher\" content=\"https:\/\/www.facebook.com\/rappelbom\" \/>\n<meta property=\"article:author\" content=\"https:\/\/www.facebook.com\/rappelbom\" \/>\n<meta property=\"article:published_time\" content=\"2023-05-20T12:25:54+00:00\" \/>\n<meta property=\"article:modified_time\" content=\"2023-05-20T12:25:55+00:00\" \/>\n<meta property=\"og:image\" content=\"https:\/\/www.richardappelbom.se\/wp-content\/uploads\/2023\/05\/turkiskt-parlamentsval-resultat.png\" \/>\n<meta name=\"author\" content=\"admin\" \/>\n<meta name=\"twitter:card\" content=\"summary_large_image\" \/>\n<meta name=\"twitter:creator\" content=\"@RichardAppelbom\" \/>\n<meta name=\"twitter:site\" content=\"@RichardAppelbom\" \/>\n<meta name=\"twitter:label1\" content=\"Written by\" \/>\n\t<meta name=\"twitter:data1\" content=\"admin\" \/>\n\t<meta name=\"twitter:label2\" content=\"Est. reading time\" \/>\n\t<meta name=\"twitter:data2\" content=\"2 minutes\" \/>\n<script type=\"application\/ld+json\" class=\"yoast-schema-graph\">{\"@context\":\"https:\/\/schema.org\",\"@graph\":[{\"@type\":\"Article\",\"@id\":\"https:\/\/www.richardappelbom.se\/index.php\/2023\/05\/20\/turkiskt-parlamentsval-i-skymundan\/#article\",\"isPartOf\":{\"@id\":\"https:\/\/www.richardappelbom.se\/index.php\/2023\/05\/20\/turkiskt-parlamentsval-i-skymundan\/\"},\"author\":{\"name\":\"admin\",\"@id\":\"https:\/\/www.richardappelbom.se\/#\/schema\/person\/98f55ffd095155d902e585f10999a15d\"},\"headline\":\"Turkiskt parlamentsval i skymundan\",\"datePublished\":\"2023-05-20T12:25:54+00:00\",\"dateModified\":\"2023-05-20T12:25:55+00:00\",\"mainEntityOfPage\":{\"@id\":\"https:\/\/www.richardappelbom.se\/index.php\/2023\/05\/20\/turkiskt-parlamentsval-i-skymundan\/\"},\"wordCount\":379,\"commentCount\":0,\"image\":{\"@id\":\"https:\/\/www.richardappelbom.se\/index.php\/2023\/05\/20\/turkiskt-parlamentsval-i-skymundan\/#primaryimage\"},\"thumbnailUrl\":\"https:\/\/www.richardappelbom.se\/wp-content\/uploads\/2023\/05\/turkiskt-parlamentsval-resultat.png\",\"articleSection\":[\"Allm\u00e4n Posts\"],\"inLanguage\":\"en-US\",\"potentialAction\":[{\"@type\":\"CommentAction\",\"name\":\"Comment\",\"target\":[\"https:\/\/www.richardappelbom.se\/index.php\/2023\/05\/20\/turkiskt-parlamentsval-i-skymundan\/#respond\"]}]},{\"@type\":\"WebPage\",\"@id\":\"https:\/\/www.richardappelbom.se\/index.php\/2023\/05\/20\/turkiskt-parlamentsval-i-skymundan\/\",\"url\":\"https:\/\/www.richardappelbom.se\/index.php\/2023\/05\/20\/turkiskt-parlamentsval-i-skymundan\/\",\"name\":\"Turkiskt parlamentsval i skymundan - Richard Appelbom\",\"isPartOf\":{\"@id\":\"https:\/\/www.richardappelbom.se\/#website\"},\"primaryImageOfPage\":{\"@id\":\"https:\/\/www.richardappelbom.se\/index.php\/2023\/05\/20\/turkiskt-parlamentsval-i-skymundan\/#primaryimage\"},\"image\":{\"@id\":\"https:\/\/www.richardappelbom.se\/index.php\/2023\/05\/20\/turkiskt-parlamentsval-i-skymundan\/#primaryimage\"},\"thumbnailUrl\":\"https:\/\/www.richardappelbom.se\/wp-content\/uploads\/2023\/05\/turkiskt-parlamentsval-resultat.png\",\"datePublished\":\"2023-05-20T12:25:54+00:00\",\"dateModified\":\"2023-05-20T12:25:55+00:00\",\"author\":{\"@id\":\"https:\/\/www.richardappelbom.se\/#\/schema\/person\/98f55ffd095155d902e585f10999a15d\"},\"description\":\"Parlamentsvalet i Turkiet fick mindre uppm\u00e4rksamhet \u00e4n presidentvalet, resultaten dock mycket likartade.\",\"breadcrumb\":{\"@id\":\"https:\/\/www.richardappelbom.se\/index.php\/2023\/05\/20\/turkiskt-parlamentsval-i-skymundan\/#breadcrumb\"},\"inLanguage\":\"en-US\",\"potentialAction\":[{\"@type\":\"ReadAction\",\"target\":[\"https:\/\/www.richardappelbom.se\/index.php\/2023\/05\/20\/turkiskt-parlamentsval-i-skymundan\/\"]}]},{\"@type\":\"ImageObject\",\"inLanguage\":\"en-US\",\"@id\":\"https:\/\/www.richardappelbom.se\/index.php\/2023\/05\/20\/turkiskt-parlamentsval-i-skymundan\/#primaryimage\",\"url\":\"https:\/\/www.richardappelbom.se\/wp-content\/uploads\/2023\/05\/turkiskt-parlamentsval-resultat.png\",\"contentUrl\":\"https:\/\/www.richardappelbom.se\/wp-content\/uploads\/2023\/05\/turkiskt-parlamentsval-resultat.png\",\"width\":1024,\"height\":700},{\"@type\":\"BreadcrumbList\",\"@id\":\"https:\/\/www.richardappelbom.se\/index.php\/2023\/05\/20\/turkiskt-parlamentsval-i-skymundan\/#breadcrumb\",\"itemListElement\":[{\"@type\":\"ListItem\",\"position\":1,\"name\":\"Home\",\"item\":\"https:\/\/www.richardappelbom.se\/\"},{\"@type\":\"ListItem\",\"position\":2,\"name\":\"Turkiskt parlamentsval i skymundan\"}]},{\"@type\":\"WebSite\",\"@id\":\"https:\/\/www.richardappelbom.se\/#website\",\"url\":\"https:\/\/www.richardappelbom.se\/\",\"name\":\"Richard Appelbom\",\"description\":\"En blogg om val och valsystem\",\"potentialAction\":[{\"@type\":\"SearchAction\",\"target\":{\"@type\":\"EntryPoint\",\"urlTemplate\":\"https:\/\/www.richardappelbom.se\/?s={search_term_string}\"},\"query-input\":{\"@type\":\"PropertyValueSpecification\",\"valueRequired\":true,\"valueName\":\"search_term_string\"}}],\"inLanguage\":\"en-US\"},{\"@type\":\"Person\",\"@id\":\"https:\/\/www.richardappelbom.se\/#\/schema\/person\/98f55ffd095155d902e585f10999a15d\",\"name\":\"admin\",\"image\":{\"@type\":\"ImageObject\",\"inLanguage\":\"en-US\",\"@id\":\"https:\/\/secure.gravatar.com\/avatar\/480edd36f6cc3945e6b2db9fdc6f78df2a3fb98b7b27925b8d810863cfa537e7?s=96&d=mm&r=g\",\"url\":\"https:\/\/secure.gravatar.com\/avatar\/480edd36f6cc3945e6b2db9fdc6f78df2a3fb98b7b27925b8d810863cfa537e7?s=96&d=mm&r=g\",\"contentUrl\":\"https:\/\/secure.gravatar.com\/avatar\/480edd36f6cc3945e6b2db9fdc6f78df2a3fb98b7b27925b8d810863cfa537e7?s=96&d=mm&r=g\",\"caption\":\"admin\"},\"sameAs\":[\"https:\/\/www.facebook.com\/rappelbom\",\"https:\/\/twitter.com\/RichardAppelbom\"],\"url\":\"https:\/\/www.richardappelbom.se\/index.php\/author\/ra_j9l6616t\/\"}]}<\/script>\n<!-- \/ Yoast SEO plugin. -->","yoast_head_json":{"title":"Turkiskt parlamentsval i skymundan - Richard Appelbom","description":"Parlamentsvalet i Turkiet fick mindre uppm\u00e4rksamhet \u00e4n presidentvalet, resultaten dock mycket likartade.","robots":{"index":"index","follow":"follow","max-snippet":"max-snippet:-1","max-image-preview":"max-image-preview:large","max-video-preview":"max-video-preview:-1"},"canonical":"https:\/\/www.richardappelbom.se\/index.php\/2023\/05\/20\/turkiskt-parlamentsval-i-skymundan\/","og_locale":"en_US","og_type":"article","og_title":"Turkiskt parlamentsval i skymundan - Richard Appelbom","og_description":"Parlamentsvalet i Turkiet fick mindre uppm\u00e4rksamhet \u00e4n presidentvalet, resultaten dock mycket likartade.","og_url":"https:\/\/www.richardappelbom.se\/index.php\/2023\/05\/20\/turkiskt-parlamentsval-i-skymundan\/","og_site_name":"Richard Appelbom","article_publisher":"https:\/\/www.facebook.com\/rappelbom","article_author":"https:\/\/www.facebook.com\/rappelbom","article_published_time":"2023-05-20T12:25:54+00:00","article_modified_time":"2023-05-20T12:25:55+00:00","og_image":[{"url":"https:\/\/www.richardappelbom.se\/wp-content\/uploads\/2023\/05\/turkiskt-parlamentsval-resultat.png","type":"","width":"","height":""}],"author":"admin","twitter_card":"summary_large_image","twitter_creator":"@RichardAppelbom","twitter_site":"@RichardAppelbom","twitter_misc":{"Written by":"admin","Est. reading time":"2 minutes"},"schema":{"@context":"https:\/\/schema.org","@graph":[{"@type":"Article","@id":"https:\/\/www.richardappelbom.se\/index.php\/2023\/05\/20\/turkiskt-parlamentsval-i-skymundan\/#article","isPartOf":{"@id":"https:\/\/www.richardappelbom.se\/index.php\/2023\/05\/20\/turkiskt-parlamentsval-i-skymundan\/"},"author":{"name":"admin","@id":"https:\/\/www.richardappelbom.se\/#\/schema\/person\/98f55ffd095155d902e585f10999a15d"},"headline":"Turkiskt parlamentsval i skymundan","datePublished":"2023-05-20T12:25:54+00:00","dateModified":"2023-05-20T12:25:55+00:00","mainEntityOfPage":{"@id":"https:\/\/www.richardappelbom.se\/index.php\/2023\/05\/20\/turkiskt-parlamentsval-i-skymundan\/"},"wordCount":379,"commentCount":0,"image":{"@id":"https:\/\/www.richardappelbom.se\/index.php\/2023\/05\/20\/turkiskt-parlamentsval-i-skymundan\/#primaryimage"},"thumbnailUrl":"https:\/\/www.richardappelbom.se\/wp-content\/uploads\/2023\/05\/turkiskt-parlamentsval-resultat.png","articleSection":["Allm\u00e4n Posts"],"inLanguage":"en-US","potentialAction":[{"@type":"CommentAction","name":"Comment","target":["https:\/\/www.richardappelbom.se\/index.php\/2023\/05\/20\/turkiskt-parlamentsval-i-skymundan\/#respond"]}]},{"@type":"WebPage","@id":"https:\/\/www.richardappelbom.se\/index.php\/2023\/05\/20\/turkiskt-parlamentsval-i-skymundan\/","url":"https:\/\/www.richardappelbom.se\/index.php\/2023\/05\/20\/turkiskt-parlamentsval-i-skymundan\/","name":"Turkiskt parlamentsval i skymundan - Richard Appelbom","isPartOf":{"@id":"https:\/\/www.richardappelbom.se\/#website"},"primaryImageOfPage":{"@id":"https:\/\/www.richardappelbom.se\/index.php\/2023\/05\/20\/turkiskt-parlamentsval-i-skymundan\/#primaryimage"},"image":{"@id":"https:\/\/www.richardappelbom.se\/index.php\/2023\/05\/20\/turkiskt-parlamentsval-i-skymundan\/#primaryimage"},"thumbnailUrl":"https:\/\/www.richardappelbom.se\/wp-content\/uploads\/2023\/05\/turkiskt-parlamentsval-resultat.png","datePublished":"2023-05-20T12:25:54+00:00","dateModified":"2023-05-20T12:25:55+00:00","author":{"@id":"https:\/\/www.richardappelbom.se\/#\/schema\/person\/98f55ffd095155d902e585f10999a15d"},"description":"Parlamentsvalet i Turkiet fick mindre uppm\u00e4rksamhet \u00e4n presidentvalet, resultaten dock mycket likartade.","breadcrumb":{"@id":"https:\/\/www.richardappelbom.se\/index.php\/2023\/05\/20\/turkiskt-parlamentsval-i-skymundan\/#breadcrumb"},"inLanguage":"en-US","potentialAction":[{"@type":"ReadAction","target":["https:\/\/www.richardappelbom.se\/index.php\/2023\/05\/20\/turkiskt-parlamentsval-i-skymundan\/"]}]},{"@type":"ImageObject","inLanguage":"en-US","@id":"https:\/\/www.richardappelbom.se\/index.php\/2023\/05\/20\/turkiskt-parlamentsval-i-skymundan\/#primaryimage","url":"https:\/\/www.richardappelbom.se\/wp-content\/uploads\/2023\/05\/turkiskt-parlamentsval-resultat.png","contentUrl":"https:\/\/www.richardappelbom.se\/wp-content\/uploads\/2023\/05\/turkiskt-parlamentsval-resultat.png","width":1024,"height":700},{"@type":"BreadcrumbList","@id":"https:\/\/www.richardappelbom.se\/index.php\/2023\/05\/20\/turkiskt-parlamentsval-i-skymundan\/#breadcrumb","itemListElement":[{"@type":"ListItem","position":1,"name":"Home","item":"https:\/\/www.richardappelbom.se\/"},{"@type":"ListItem","position":2,"name":"Turkiskt parlamentsval i skymundan"}]},{"@type":"WebSite","@id":"https:\/\/www.richardappelbom.se\/#website","url":"https:\/\/www.richardappelbom.se\/","name":"Richard Appelbom","description":"En blogg om val och valsystem","potentialAction":[{"@type":"SearchAction","target":{"@type":"EntryPoint","urlTemplate":"https:\/\/www.richardappelbom.se\/?s={search_term_string}"},"query-input":{"@type":"PropertyValueSpecification","valueRequired":true,"valueName":"search_term_string"}}],"inLanguage":"en-US"},{"@type":"Person","@id":"https:\/\/www.richardappelbom.se\/#\/schema\/person\/98f55ffd095155d902e585f10999a15d","name":"admin","image":{"@type":"ImageObject","inLanguage":"en-US","@id":"https:\/\/secure.gravatar.com\/avatar\/480edd36f6cc3945e6b2db9fdc6f78df2a3fb98b7b27925b8d810863cfa537e7?s=96&d=mm&r=g","url":"https:\/\/secure.gravatar.com\/avatar\/480edd36f6cc3945e6b2db9fdc6f78df2a3fb98b7b27925b8d810863cfa537e7?s=96&d=mm&r=g","contentUrl":"https:\/\/secure.gravatar.com\/avatar\/480edd36f6cc3945e6b2db9fdc6f78df2a3fb98b7b27925b8d810863cfa537e7?s=96&d=mm&r=g","caption":"admin"},"sameAs":["https:\/\/www.facebook.com\/rappelbom","https:\/\/twitter.com\/RichardAppelbom"],"url":"https:\/\/www.richardappelbom.se\/index.php\/author\/ra_j9l6616t\/"}]}},"jetpack_featured_media_url":"","jetpack_sharing_enabled":true,"_links":{"self":[{"href":"https:\/\/www.richardappelbom.se\/index.php\/wp-json\/wp\/v2\/posts\/397","targetHints":{"allow":["GET"]}}],"collection":[{"href":"https:\/\/www.richardappelbom.se\/index.php\/wp-json\/wp\/v2\/posts"}],"about":[{"href":"https:\/\/www.richardappelbom.se\/index.php\/wp-json\/wp\/v2\/types\/post"}],"author":[{"embeddable":true,"href":"https:\/\/www.richardappelbom.se\/index.php\/wp-json\/wp\/v2\/users\/1"}],"replies":[{"embeddable":true,"href":"https:\/\/www.richardappelbom.se\/index.php\/wp-json\/wp\/v2\/comments?post=397"}],"version-history":[{"count":1,"href":"https:\/\/www.richardappelbom.se\/index.php\/wp-json\/wp\/v2\/posts\/397\/revisions"}],"predecessor-version":[{"id":399,"href":"https:\/\/www.richardappelbom.se\/index.php\/wp-json\/wp\/v2\/posts\/397\/revisions\/399"}],"wp:attachment":[{"href":"https:\/\/www.richardappelbom.se\/index.php\/wp-json\/wp\/v2\/media?parent=397"}],"wp:term":[{"taxonomy":"category","embeddable":true,"href":"https:\/\/www.richardappelbom.se\/index.php\/wp-json\/wp\/v2\/categories?post=397"},{"taxonomy":"post_tag","embeddable":true,"href":"https:\/\/www.richardappelbom.se\/index.php\/wp-json\/wp\/v2\/tags?post=397"}],"curies":[{"name":"wp","href":"https:\/\/api.w.org\/{rel}","templated":true}]}}