{"id":400,"date":"2023-05-23T11:54:57","date_gmt":"2023-05-23T11:54:57","guid":{"rendered":"https:\/\/www.richardappelbom.se\/?p=400"},"modified":"2023-05-23T12:35:08","modified_gmt":"2023-05-23T12:35:08","slug":"sinn-fein-vann-lokalvalet-pa-nordirland","status":"publish","type":"post","link":"https:\/\/www.richardappelbom.se\/index.php\/2023\/05\/23\/sinn-fein-vann-lokalvalet-pa-nordirland\/","title":{"rendered":"Sinn Fein  vann lokalvalet p\u00e5 Nordirland"},"content":{"rendered":"\n<figure class=\"wp-block-image size-large is-resized\"><img loading=\"lazy\" decoding=\"async\" src=\"https:\/\/www.richardappelbom.se\/wp-content\/uploads\/2023\/05\/Michelle_ONeill-sinn-fein-747x1024.jpg\" alt=\"\" class=\"wp-image-401\" width=\"453\" height=\"620\" srcset=\"https:\/\/www.richardappelbom.se\/wp-content\/uploads\/2023\/05\/Michelle_ONeill-sinn-fein-747x1024.jpg 747w, https:\/\/www.richardappelbom.se\/wp-content\/uploads\/2023\/05\/Michelle_ONeill-sinn-fein-219x300.jpg 219w, https:\/\/www.richardappelbom.se\/wp-content\/uploads\/2023\/05\/Michelle_ONeill-sinn-fein-768x1053.jpg 768w, https:\/\/www.richardappelbom.se\/wp-content\/uploads\/2023\/05\/Michelle_ONeill-sinn-fein.jpg 800w\" sizes=\"auto, (max-width: 453px) 100vw, 453px\" \/><figcaption class=\"wp-element-caption\">Ledaren f\u00f6r Sinn Fein i Nordirland Michelle O\u00b4Neill<\/figcaption><\/figure>\n\n\n\n<p>Sinn Fein var IRA:s, den v\u00e5ldsinriktade Irl\u00e4ndska republikanska armens, politiska gren. Den var den mest radikala av grupperna som f\u00f6respr\u00e5kade ett enat Irland. Men efter Belfastavtalet har Sinn Fein deltagit i maktdelning p\u00e5 Nordirland och vuxit i styrka. Enligt opinionsm\u00e4tningar \u00e4r det<a href=\"https:\/\/www.politico.eu\/europe-poll-of-polls\/ireland\/\"> st\u00f6rsta parti <\/a>i Republiken Irland och har blivit st\u00f6rsta parti i Nordirland, d\u00e4r brittiskv\u00e4nliga unionister traditionellt har dominerat.<\/p>\n\n\n\n<p><a href=\"https:\/\/www.bbc.com\/news\/election\/2023\/northern-ireland\/results\">I lokalvalen i Nordirland<\/a> gick Sinn Fein fram och bef\u00e4ste st\u00e4llningen som st\u00f6rsta parti. Partiledaren i Nordirland, vice partiledare f\u00f6r hela partiet, Michelle O\u00b4Neill deltog i kung Charles kr\u00f6ning, att j\u00e4mf\u00f6ra med att IRA s\u00e5 sent som 1979 m\u00f6rdade kung Charles n\u00e4ra sl\u00e4king lord Mountbatten (morbror till prins Philip och bror till Sveriges drottning Loiuse). N\u00e4sta steg f\u00f6r Sinne Fein borde vara att avbryta bojkotten av brittiska parlamentet, d\u00e4r valda Sinn Feinledam\u00f6ter inte intar sina platser<\/p>\n\n\n\n<p>Nordirland har likt Republiken STV (single transferable vote), d\u00e4r varje valkrets har flera kandidater och v\u00e4ljaren kan rangordna kandidaterna (preferensr\u00f6stning) Det \u00e4r de brittiska Liberaldemokrateras favoritvalsystem och ger  ett ganska proprotionellt utslag, i varje fall s\u00e5 l\u00e4nge valkretsarna har minst fem mandat. Det missgynnar ytterkantspartier, som brukar f\u00e5 f\u00e4rre preferensr\u00f6ster. Sinn Fein tycks dock inte ha missgynnats av sin tidigare radikalism, utan fick inte bara flest r\u00f6ster, utan ocks\u00e5<a href=\"https:\/\/en.wikipedia.org\/wiki\/2023_Northern_Ireland_local_elections\"> flest mandat<\/a>.<\/p>\n\n\n\n<p>Lokala fr\u00e5gor kom i skymdundan. DUP, det st\u00f6rsta unionistpartiet, bojkottade det lokala parlamentet i protest mot att Brexitavtalet inneb\u00e4r att Nordirland inte fullt ut ing\u00e5r i den brittiska interna marknaden. (f\u00f6r att Nordirland, till skillnad fr\u00e5n \u00f6vriga Storbritannien, \u00e4r kvar i EU:s inre marknad). Eftersom L\u00e5ngfredagsavtalet f\u00f6r fred i Nordirland kr\u00e4ver maktdelning betyder det att Nordirland inte har n\u00e5got fungerande sj\u00e4lvstyre och att Sinn Fein (det st\u00f6rsta partiet f\u00e5r f\u00f6rsteministerposten enligt avtalet) g\u00e5r miste om m\u00f6jligheten att leda styret. <\/p>\n\n\n\n<p>Sinn Fein och mittenpartiet Alliance party drev kampanj om att DUP borde sluta med bojkotten, och det tycks ha <a href=\"https:\/\/www.bbc.com\/news\/uk-northern-ireland-65660488\">g\u00e5tt hem bland v\u00e4ljarna<\/a>. Valdeltagandet ska ha varit st\u00f6rre bland irl\u00e4ndska nationalister. Noterbart \u00e4r ocks\u00e5 att de mer m\u00e5ttfulla Unionisterna i UUP och nationalisterna i SDLP, gick tillbaka. F\u00f6re avtalet var de de tv\u00e5 st\u00f6rsta partierna, men de har tappat mark till Sinn Fein repektive DUP.<\/p>\n\n\n\n<p>H\u00e5ller p\u00e5 och l\u00e4ser boken the Strange survival of Liberal Britain, d\u00e4r politiken f\u00f6re f\u00f6rsta v\u00e4rldskriget beskrivs. Det var d\u00e5 konflikten om Nordirland grundlades, de i huvudsak protestaniska unionisterna ville inte ing\u00e5 i sj\u00e4lvstyre f\u00f6r Irland. (d\u00e5 f\u00f6reslagit som fortsatt en del av Det f\u00f6renade kungad\u00f6met.)<\/p>\n\n\n\n<p>Det \u00e4r en \u00e5terkommande fr\u00e5ga. Om en del av ett land vill bryta sig ur eller f\u00e5 omfattande sj\u00e4lvstyre, vad g\u00f6ra med de delar d\u00e4r majoriteten inte vill separera? Det hade nog varit om\u00f6jligt att tvinga in Nordirland i ett f\u00f6renat Irland, men i efterhand borde nog f\u00e4rre grevskap ha ing\u00e5tt. Nu kom Tyrone och Fremanagh, d\u00e4r det redan d\u00e5 var katolsk majoritet med.<\/p>\n\n\n\n<p>Det innebar att andelen nationalister var tillr\u00e4ckligt stor f\u00f6r att majoriteten skulle k\u00e4nna sig hotad, och den svarade d\u00e5 med diskriminering. Hade majoriteten f\u00f6r att vara kvar i Storbritannien varit st\u00f6rre, vilket hade varit fallet med ett &#8220;mindre&#8221; Nordirland kanske utvecklingen hade blivit lugnare. <\/p>\n\n\n\n<p>Nu har Sinn Fein stora f\u00f6rhoppningar om att Brexit och \u00e4ndrad demografi ska leda till ett f\u00f6renat Irland. Men det \u00e4r nog l\u00e5ngt dit, gl\u00e4djande nog verkar allt fler v\u00e4ljare tycka att annat \u00e4n nationstillh\u00f6righeten \u00e4r viktigast. Vilket visar sig i framg\u00e5ngarna f\u00f6r Alliance party.<\/p>\n","protected":false},"excerpt":{"rendered":"<p>Sinn Fein var IRA:s, den v\u00e5ldsinriktade Irl\u00e4ndska republikanska armens, politiska gren. Den var den mest radikala av grupperna som f\u00f6respr\u00e5kade ett enat Irland. Men efter Belfastavtalet har Sinn Fein deltagit i maktdelning p\u00e5 Nordirland och vuxit i styrka. Enligt opinionsm\u00e4tningar \u00e4r det st\u00f6rsta parti i Republiken Irland och har blivit st\u00f6rsta parti i Nordirland, d\u00e4r [&hellip;]<\/p>\n","protected":false},"author":1,"featured_media":0,"comment_status":"open","ping_status":"closed","sticky":false,"template":"","format":"standard","meta":{"_jetpack_memberships_contains_paid_content":false,"footnotes":""},"categories":[10],"tags":[],"class_list":["post-400","post","type-post","status-publish","format-standard","hentry","category-allman-inlagg"],"yoast_head":"<!-- This site is optimized with the Yoast SEO plugin v27.2 - https:\/\/yoast.com\/product\/yoast-seo-wordpress\/ -->\n<title>Sinn Fein vann lokalvalet p\u00e5 Nordirland - Richard Appelbom<\/title>\n<meta name=\"description\" content=\"IRA:s tidigare politiska gren Sinn Fein har sedan L\u00e5ngfredsgavlet vunnit framg\u00e5ngar i hela Irland, s\u00e5 ocks\u00e5 i lokalvalen p\u00e5 Nordirland\" \/>\n<meta name=\"robots\" content=\"index, follow, max-snippet:-1, max-image-preview:large, max-video-preview:-1\" \/>\n<link rel=\"canonical\" href=\"https:\/\/www.richardappelbom.se\/index.php\/2023\/05\/23\/sinn-fein-vann-lokalvalet-pa-nordirland\/\" \/>\n<meta property=\"og:locale\" content=\"en_US\" \/>\n<meta property=\"og:type\" content=\"article\" \/>\n<meta property=\"og:title\" content=\"Sinn Fein vann lokalvalet p\u00e5 Nordirland - Richard Appelbom\" \/>\n<meta property=\"og:description\" content=\"IRA:s tidigare politiska gren Sinn Fein har sedan L\u00e5ngfredsgavlet vunnit framg\u00e5ngar i hela Irland, s\u00e5 ocks\u00e5 i lokalvalen p\u00e5 Nordirland\" \/>\n<meta property=\"og:url\" content=\"https:\/\/www.richardappelbom.se\/index.php\/2023\/05\/23\/sinn-fein-vann-lokalvalet-pa-nordirland\/\" \/>\n<meta property=\"og:site_name\" content=\"Richard Appelbom\" \/>\n<meta property=\"article:publisher\" content=\"https:\/\/www.facebook.com\/rappelbom\" \/>\n<meta property=\"article:author\" content=\"https:\/\/www.facebook.com\/rappelbom\" \/>\n<meta property=\"article:published_time\" content=\"2023-05-23T11:54:57+00:00\" \/>\n<meta property=\"article:modified_time\" content=\"2023-05-23T12:35:08+00:00\" \/>\n<meta property=\"og:image\" content=\"https:\/\/www.richardappelbom.se\/wp-content\/uploads\/2023\/05\/Michelle_ONeill-sinn-fein-747x1024.jpg\" \/>\n<meta name=\"author\" content=\"admin\" \/>\n<meta name=\"twitter:card\" content=\"summary_large_image\" \/>\n<meta name=\"twitter:creator\" content=\"@RichardAppelbom\" \/>\n<meta name=\"twitter:site\" content=\"@RichardAppelbom\" \/>\n<meta name=\"twitter:label1\" content=\"Written by\" \/>\n\t<meta name=\"twitter:data1\" content=\"admin\" \/>\n\t<meta name=\"twitter:label2\" content=\"Est. reading time\" \/>\n\t<meta name=\"twitter:data2\" content=\"3 minutes\" \/>\n<script type=\"application\/ld+json\" class=\"yoast-schema-graph\">{\"@context\":\"https:\/\/schema.org\",\"@graph\":[{\"@type\":\"Article\",\"@id\":\"https:\/\/www.richardappelbom.se\/index.php\/2023\/05\/23\/sinn-fein-vann-lokalvalet-pa-nordirland\/#article\",\"isPartOf\":{\"@id\":\"https:\/\/www.richardappelbom.se\/index.php\/2023\/05\/23\/sinn-fein-vann-lokalvalet-pa-nordirland\/\"},\"author\":{\"name\":\"admin\",\"@id\":\"https:\/\/www.richardappelbom.se\/#\/schema\/person\/98f55ffd095155d902e585f10999a15d\"},\"headline\":\"Sinn Fein vann lokalvalet p\u00e5 Nordirland\",\"datePublished\":\"2023-05-23T11:54:57+00:00\",\"dateModified\":\"2023-05-23T12:35:08+00:00\",\"mainEntityOfPage\":{\"@id\":\"https:\/\/www.richardappelbom.se\/index.php\/2023\/05\/23\/sinn-fein-vann-lokalvalet-pa-nordirland\/\"},\"wordCount\":654,\"commentCount\":0,\"image\":{\"@id\":\"https:\/\/www.richardappelbom.se\/index.php\/2023\/05\/23\/sinn-fein-vann-lokalvalet-pa-nordirland\/#primaryimage\"},\"thumbnailUrl\":\"https:\/\/www.richardappelbom.se\/wp-content\/uploads\/2023\/05\/Michelle_ONeill-sinn-fein-747x1024.jpg\",\"articleSection\":[\"Allm\u00e4n Posts\"],\"inLanguage\":\"en-US\",\"potentialAction\":[{\"@type\":\"CommentAction\",\"name\":\"Comment\",\"target\":[\"https:\/\/www.richardappelbom.se\/index.php\/2023\/05\/23\/sinn-fein-vann-lokalvalet-pa-nordirland\/#respond\"]}]},{\"@type\":\"WebPage\",\"@id\":\"https:\/\/www.richardappelbom.se\/index.php\/2023\/05\/23\/sinn-fein-vann-lokalvalet-pa-nordirland\/\",\"url\":\"https:\/\/www.richardappelbom.se\/index.php\/2023\/05\/23\/sinn-fein-vann-lokalvalet-pa-nordirland\/\",\"name\":\"Sinn Fein vann lokalvalet p\u00e5 Nordirland - Richard Appelbom\",\"isPartOf\":{\"@id\":\"https:\/\/www.richardappelbom.se\/#website\"},\"primaryImageOfPage\":{\"@id\":\"https:\/\/www.richardappelbom.se\/index.php\/2023\/05\/23\/sinn-fein-vann-lokalvalet-pa-nordirland\/#primaryimage\"},\"image\":{\"@id\":\"https:\/\/www.richardappelbom.se\/index.php\/2023\/05\/23\/sinn-fein-vann-lokalvalet-pa-nordirland\/#primaryimage\"},\"thumbnailUrl\":\"https:\/\/www.richardappelbom.se\/wp-content\/uploads\/2023\/05\/Michelle_ONeill-sinn-fein-747x1024.jpg\",\"datePublished\":\"2023-05-23T11:54:57+00:00\",\"dateModified\":\"2023-05-23T12:35:08+00:00\",\"author\":{\"@id\":\"https:\/\/www.richardappelbom.se\/#\/schema\/person\/98f55ffd095155d902e585f10999a15d\"},\"description\":\"IRA:s tidigare politiska gren Sinn Fein har sedan L\u00e5ngfredsgavlet vunnit framg\u00e5ngar i hela Irland, s\u00e5 ocks\u00e5 i lokalvalen p\u00e5 Nordirland\",\"breadcrumb\":{\"@id\":\"https:\/\/www.richardappelbom.se\/index.php\/2023\/05\/23\/sinn-fein-vann-lokalvalet-pa-nordirland\/#breadcrumb\"},\"inLanguage\":\"en-US\",\"potentialAction\":[{\"@type\":\"ReadAction\",\"target\":[\"https:\/\/www.richardappelbom.se\/index.php\/2023\/05\/23\/sinn-fein-vann-lokalvalet-pa-nordirland\/\"]}]},{\"@type\":\"ImageObject\",\"inLanguage\":\"en-US\",\"@id\":\"https:\/\/www.richardappelbom.se\/index.php\/2023\/05\/23\/sinn-fein-vann-lokalvalet-pa-nordirland\/#primaryimage\",\"url\":\"https:\/\/www.richardappelbom.se\/wp-content\/uploads\/2023\/05\/Michelle_ONeill-sinn-fein.jpg\",\"contentUrl\":\"https:\/\/www.richardappelbom.se\/wp-content\/uploads\/2023\/05\/Michelle_ONeill-sinn-fein.jpg\",\"width\":800,\"height\":1097},{\"@type\":\"BreadcrumbList\",\"@id\":\"https:\/\/www.richardappelbom.se\/index.php\/2023\/05\/23\/sinn-fein-vann-lokalvalet-pa-nordirland\/#breadcrumb\",\"itemListElement\":[{\"@type\":\"ListItem\",\"position\":1,\"name\":\"Home\",\"item\":\"https:\/\/www.richardappelbom.se\/\"},{\"@type\":\"ListItem\",\"position\":2,\"name\":\"Sinn Fein vann lokalvalet p\u00e5 Nordirland\"}]},{\"@type\":\"WebSite\",\"@id\":\"https:\/\/www.richardappelbom.se\/#website\",\"url\":\"https:\/\/www.richardappelbom.se\/\",\"name\":\"Richard Appelbom\",\"description\":\"En blogg om val och valsystem\",\"potentialAction\":[{\"@type\":\"SearchAction\",\"target\":{\"@type\":\"EntryPoint\",\"urlTemplate\":\"https:\/\/www.richardappelbom.se\/?s={search_term_string}\"},\"query-input\":{\"@type\":\"PropertyValueSpecification\",\"valueRequired\":true,\"valueName\":\"search_term_string\"}}],\"inLanguage\":\"en-US\"},{\"@type\":\"Person\",\"@id\":\"https:\/\/www.richardappelbom.se\/#\/schema\/person\/98f55ffd095155d902e585f10999a15d\",\"name\":\"admin\",\"image\":{\"@type\":\"ImageObject\",\"inLanguage\":\"en-US\",\"@id\":\"https:\/\/secure.gravatar.com\/avatar\/480edd36f6cc3945e6b2db9fdc6f78df2a3fb98b7b27925b8d810863cfa537e7?s=96&d=mm&r=g\",\"url\":\"https:\/\/secure.gravatar.com\/avatar\/480edd36f6cc3945e6b2db9fdc6f78df2a3fb98b7b27925b8d810863cfa537e7?s=96&d=mm&r=g\",\"contentUrl\":\"https:\/\/secure.gravatar.com\/avatar\/480edd36f6cc3945e6b2db9fdc6f78df2a3fb98b7b27925b8d810863cfa537e7?s=96&d=mm&r=g\",\"caption\":\"admin\"},\"sameAs\":[\"https:\/\/www.facebook.com\/rappelbom\",\"https:\/\/twitter.com\/RichardAppelbom\"],\"url\":\"https:\/\/www.richardappelbom.se\/index.php\/author\/ra_j9l6616t\/\"}]}<\/script>\n<!-- \/ Yoast SEO plugin. -->","yoast_head_json":{"title":"Sinn Fein vann lokalvalet p\u00e5 Nordirland - Richard Appelbom","description":"IRA:s tidigare politiska gren Sinn Fein har sedan L\u00e5ngfredsgavlet vunnit framg\u00e5ngar i hela Irland, s\u00e5 ocks\u00e5 i lokalvalen p\u00e5 Nordirland","robots":{"index":"index","follow":"follow","max-snippet":"max-snippet:-1","max-image-preview":"max-image-preview:large","max-video-preview":"max-video-preview:-1"},"canonical":"https:\/\/www.richardappelbom.se\/index.php\/2023\/05\/23\/sinn-fein-vann-lokalvalet-pa-nordirland\/","og_locale":"en_US","og_type":"article","og_title":"Sinn Fein vann lokalvalet p\u00e5 Nordirland - Richard Appelbom","og_description":"IRA:s tidigare politiska gren Sinn Fein har sedan L\u00e5ngfredsgavlet vunnit framg\u00e5ngar i hela Irland, s\u00e5 ocks\u00e5 i lokalvalen p\u00e5 Nordirland","og_url":"https:\/\/www.richardappelbom.se\/index.php\/2023\/05\/23\/sinn-fein-vann-lokalvalet-pa-nordirland\/","og_site_name":"Richard Appelbom","article_publisher":"https:\/\/www.facebook.com\/rappelbom","article_author":"https:\/\/www.facebook.com\/rappelbom","article_published_time":"2023-05-23T11:54:57+00:00","article_modified_time":"2023-05-23T12:35:08+00:00","og_image":[{"url":"https:\/\/www.richardappelbom.se\/wp-content\/uploads\/2023\/05\/Michelle_ONeill-sinn-fein-747x1024.jpg","type":"","width":"","height":""}],"author":"admin","twitter_card":"summary_large_image","twitter_creator":"@RichardAppelbom","twitter_site":"@RichardAppelbom","twitter_misc":{"Written by":"admin","Est. reading time":"3 minutes"},"schema":{"@context":"https:\/\/schema.org","@graph":[{"@type":"Article","@id":"https:\/\/www.richardappelbom.se\/index.php\/2023\/05\/23\/sinn-fein-vann-lokalvalet-pa-nordirland\/#article","isPartOf":{"@id":"https:\/\/www.richardappelbom.se\/index.php\/2023\/05\/23\/sinn-fein-vann-lokalvalet-pa-nordirland\/"},"author":{"name":"admin","@id":"https:\/\/www.richardappelbom.se\/#\/schema\/person\/98f55ffd095155d902e585f10999a15d"},"headline":"Sinn Fein vann lokalvalet p\u00e5 Nordirland","datePublished":"2023-05-23T11:54:57+00:00","dateModified":"2023-05-23T12:35:08+00:00","mainEntityOfPage":{"@id":"https:\/\/www.richardappelbom.se\/index.php\/2023\/05\/23\/sinn-fein-vann-lokalvalet-pa-nordirland\/"},"wordCount":654,"commentCount":0,"image":{"@id":"https:\/\/www.richardappelbom.se\/index.php\/2023\/05\/23\/sinn-fein-vann-lokalvalet-pa-nordirland\/#primaryimage"},"thumbnailUrl":"https:\/\/www.richardappelbom.se\/wp-content\/uploads\/2023\/05\/Michelle_ONeill-sinn-fein-747x1024.jpg","articleSection":["Allm\u00e4n Posts"],"inLanguage":"en-US","potentialAction":[{"@type":"CommentAction","name":"Comment","target":["https:\/\/www.richardappelbom.se\/index.php\/2023\/05\/23\/sinn-fein-vann-lokalvalet-pa-nordirland\/#respond"]}]},{"@type":"WebPage","@id":"https:\/\/www.richardappelbom.se\/index.php\/2023\/05\/23\/sinn-fein-vann-lokalvalet-pa-nordirland\/","url":"https:\/\/www.richardappelbom.se\/index.php\/2023\/05\/23\/sinn-fein-vann-lokalvalet-pa-nordirland\/","name":"Sinn Fein vann lokalvalet p\u00e5 Nordirland - Richard Appelbom","isPartOf":{"@id":"https:\/\/www.richardappelbom.se\/#website"},"primaryImageOfPage":{"@id":"https:\/\/www.richardappelbom.se\/index.php\/2023\/05\/23\/sinn-fein-vann-lokalvalet-pa-nordirland\/#primaryimage"},"image":{"@id":"https:\/\/www.richardappelbom.se\/index.php\/2023\/05\/23\/sinn-fein-vann-lokalvalet-pa-nordirland\/#primaryimage"},"thumbnailUrl":"https:\/\/www.richardappelbom.se\/wp-content\/uploads\/2023\/05\/Michelle_ONeill-sinn-fein-747x1024.jpg","datePublished":"2023-05-23T11:54:57+00:00","dateModified":"2023-05-23T12:35:08+00:00","author":{"@id":"https:\/\/www.richardappelbom.se\/#\/schema\/person\/98f55ffd095155d902e585f10999a15d"},"description":"IRA:s tidigare politiska gren Sinn Fein har sedan L\u00e5ngfredsgavlet vunnit framg\u00e5ngar i hela Irland, s\u00e5 ocks\u00e5 i lokalvalen p\u00e5 Nordirland","breadcrumb":{"@id":"https:\/\/www.richardappelbom.se\/index.php\/2023\/05\/23\/sinn-fein-vann-lokalvalet-pa-nordirland\/#breadcrumb"},"inLanguage":"en-US","potentialAction":[{"@type":"ReadAction","target":["https:\/\/www.richardappelbom.se\/index.php\/2023\/05\/23\/sinn-fein-vann-lokalvalet-pa-nordirland\/"]}]},{"@type":"ImageObject","inLanguage":"en-US","@id":"https:\/\/www.richardappelbom.se\/index.php\/2023\/05\/23\/sinn-fein-vann-lokalvalet-pa-nordirland\/#primaryimage","url":"https:\/\/www.richardappelbom.se\/wp-content\/uploads\/2023\/05\/Michelle_ONeill-sinn-fein.jpg","contentUrl":"https:\/\/www.richardappelbom.se\/wp-content\/uploads\/2023\/05\/Michelle_ONeill-sinn-fein.jpg","width":800,"height":1097},{"@type":"BreadcrumbList","@id":"https:\/\/www.richardappelbom.se\/index.php\/2023\/05\/23\/sinn-fein-vann-lokalvalet-pa-nordirland\/#breadcrumb","itemListElement":[{"@type":"ListItem","position":1,"name":"Home","item":"https:\/\/www.richardappelbom.se\/"},{"@type":"ListItem","position":2,"name":"Sinn Fein vann lokalvalet p\u00e5 Nordirland"}]},{"@type":"WebSite","@id":"https:\/\/www.richardappelbom.se\/#website","url":"https:\/\/www.richardappelbom.se\/","name":"Richard Appelbom","description":"En blogg om val och valsystem","potentialAction":[{"@type":"SearchAction","target":{"@type":"EntryPoint","urlTemplate":"https:\/\/www.richardappelbom.se\/?s={search_term_string}"},"query-input":{"@type":"PropertyValueSpecification","valueRequired":true,"valueName":"search_term_string"}}],"inLanguage":"en-US"},{"@type":"Person","@id":"https:\/\/www.richardappelbom.se\/#\/schema\/person\/98f55ffd095155d902e585f10999a15d","name":"admin","image":{"@type":"ImageObject","inLanguage":"en-US","@id":"https:\/\/secure.gravatar.com\/avatar\/480edd36f6cc3945e6b2db9fdc6f78df2a3fb98b7b27925b8d810863cfa537e7?s=96&d=mm&r=g","url":"https:\/\/secure.gravatar.com\/avatar\/480edd36f6cc3945e6b2db9fdc6f78df2a3fb98b7b27925b8d810863cfa537e7?s=96&d=mm&r=g","contentUrl":"https:\/\/secure.gravatar.com\/avatar\/480edd36f6cc3945e6b2db9fdc6f78df2a3fb98b7b27925b8d810863cfa537e7?s=96&d=mm&r=g","caption":"admin"},"sameAs":["https:\/\/www.facebook.com\/rappelbom","https:\/\/twitter.com\/RichardAppelbom"],"url":"https:\/\/www.richardappelbom.se\/index.php\/author\/ra_j9l6616t\/"}]}},"jetpack_featured_media_url":"","jetpack_sharing_enabled":true,"_links":{"self":[{"href":"https:\/\/www.richardappelbom.se\/index.php\/wp-json\/wp\/v2\/posts\/400","targetHints":{"allow":["GET"]}}],"collection":[{"href":"https:\/\/www.richardappelbom.se\/index.php\/wp-json\/wp\/v2\/posts"}],"about":[{"href":"https:\/\/www.richardappelbom.se\/index.php\/wp-json\/wp\/v2\/types\/post"}],"author":[{"embeddable":true,"href":"https:\/\/www.richardappelbom.se\/index.php\/wp-json\/wp\/v2\/users\/1"}],"replies":[{"embeddable":true,"href":"https:\/\/www.richardappelbom.se\/index.php\/wp-json\/wp\/v2\/comments?post=400"}],"version-history":[{"count":4,"href":"https:\/\/www.richardappelbom.se\/index.php\/wp-json\/wp\/v2\/posts\/400\/revisions"}],"predecessor-version":[{"id":406,"href":"https:\/\/www.richardappelbom.se\/index.php\/wp-json\/wp\/v2\/posts\/400\/revisions\/406"}],"wp:attachment":[{"href":"https:\/\/www.richardappelbom.se\/index.php\/wp-json\/wp\/v2\/media?parent=400"}],"wp:term":[{"taxonomy":"category","embeddable":true,"href":"https:\/\/www.richardappelbom.se\/index.php\/wp-json\/wp\/v2\/categories?post=400"},{"taxonomy":"post_tag","embeddable":true,"href":"https:\/\/www.richardappelbom.se\/index.php\/wp-json\/wp\/v2\/tags?post=400"}],"curies":[{"name":"wp","href":"https:\/\/api.w.org\/{rel}","templated":true}]}}