{"id":416,"date":"2023-07-22T09:16:56","date_gmt":"2023-07-22T09:16:56","guid":{"rendered":"https:\/\/www.richardappelbom.se\/?p=416"},"modified":"2023-07-22T09:16:57","modified_gmt":"2023-07-22T09:16:57","slug":"nya-nederlag-for-tories-i-fyllnadsval","status":"publish","type":"post","link":"https:\/\/www.richardappelbom.se\/index.php\/2023\/07\/22\/nya-nederlag-for-tories-i-fyllnadsval\/","title":{"rendered":"Nya nederlag f\u00f6r Tories i fyllnadsval"},"content":{"rendered":"\n<figure class=\"wp-block-image size-full is-resized\"><img loading=\"lazy\" decoding=\"async\" src=\"https:\/\/www.richardappelbom.se\/wp-content\/uploads\/2023\/07\/rishi-sunak.jpg\" alt=\"\" class=\"wp-image-417\" width=\"554\" height=\"415\"\/><\/figure>\n\n\n\n<p>Premi\u00e4rminister Rishi Sunak med Steve Tuckwell, som vann fyllnadsvalet i Uxbridge f\u00f6r De Konservativa. I tv\u00e5 andra valkretsar blev det svidande f\u00f6rluster. Foto: Konservativa partiet<\/p>\n\n\n\n<p>Premi\u00e4rminister Rishi Sunak och det Konservativa partiet ligger illa till. Torypartiet har regerat i 13 \u00e5r, de f\u00f6rsta fem \u00e5ren i koalition med Liberaldemokraterna. V\u00e4ljarmajoriteteten verkar vilja ha ett skifte, och partiet har l\u00e4nge haft inre slitningar. Nu blev det <a href=\"https:\/\/www.independent.co.uk\/news\/uk\/politics\/byelection-results-uxbridge-selby-ainsty-b2379363.html\">tre fyllnadsval <\/a>efter attt konservativa ledam\u00f6ter, f\u00f6rre premi\u00e4rmiinistern Boris Johnson och tv\u00e5 andra, hade avg\u00e5tt i f\u00f6rtid.<\/p>\n\n\n\n<p>I de tv\u00e5 valkretsar d\u00e4r Tories i f\u00f6rra valet hade massiva majoriteter gick mandaten f\u00f6rlorade. I Selby  i Norra England vann Labour trots att De konservativa i f\u00f6rra valet hade 20 000 r\u00f6ster mer. Det \u00e4r den st\u00f6rsta majoritet ett parti har f\u00f6rlorat i ett fyllnadsval sedan 1945.<\/p>\n\n\n\n<p>Liberaldemokraterna vann Somerton, d\u00e4r De konservativas majoritet var n\u00e4stan lika stor (19 000), och fick 11 000 mer r\u00f6ster \u00e4n Tories (21000 mot 10000). Med nya ledamoten Sarah Dyke \u00e4r 10 av Libdems 15 ledam\u00f6ter kvinnor. En snabb f\u00f6r\u00e4ndring, efter katastrofvalet 2015 bestod parlamentsgruppen bara av m\u00e4n.<\/p>\n\n\n\n<p>De Konservativa lyckades d\u00e4remot med knapp marginal beh\u00e5lla tidigare premi\u00e4rminister Boris Johnsons valkrets Uxbridge, trots att majoriteten var betydligt mindre d\u00e4r. Det f\u00f6rklaras fr\u00e4mst med att v\u00e4ljare var missn\u00f6jda med Londons Labourborgm\u00e4stares Sadiq Khans<a href=\"https:\/\/www.bbc.com\/news\/uk-politics-66268535\"> zoner d\u00e4r bilister<\/a> som k\u00f6r bilar med stora utsl\u00e4pp f\u00e5r betala avgifter.<\/p>\n\n\n\n<p>Valdeltagandet \u00e4r l\u00e4gre i fyllnadsval och v\u00e4ljare kan utnyttja tillf\u00e4llet att visa sitt missn\u00f6je med regeringen. De konservativa kan d\u00e4rf\u00f6r hoppas p\u00e5 b\u00e4ttre resultat n\u00e4r det blir val i hela landet, med all sannolikhet n\u00e4sta \u00e5r. Men partiet har en l\u00e4ngre tid haft usla opinionssiffror, s\u00e5 det mesta tyder p\u00e5 regeringsskifte.<\/p>\n\n\n\n<p>Fr\u00e5gan \u00e4r d\u00e5 om Labour kan f\u00e5 egen majoritet eller beh\u00f6ver st\u00f6d av Libdem. I s\u00e5 fall kan partiet st\u00e4lla best\u00e4mda krav p\u00e5 att \u00e4ndra valsystemet, n\u00e5got som skulle f\u00e5 stora konsekvenser f\u00f6r brittisk politik. N\u00e4r LibDem regerade med Tories schabblades fr\u00e5gan bort, och r\u00f6stades ned i en folkomr\u00f6stning.<\/p>\n\n\n\n<p>Men i med dagens enpersonsvalkretsar g\u00e4ller det att bli st\u00f6rsta parti. LibDem hade Somerton 1997-2015, och var fram till kastastrofen 2015 starka i sydv\u00e4stra England. De kan nu hoppas p\u00e5 att vinna tillbaka valkretsar d\u00e4r.<\/p>\n\n\n\n<p>Brexit verkar ha minskat i betydelse. I den valkrets Labour vann r\u00f6stade 57 procent f\u00f6r Brexit. I Somerton v\u00e4gde det j\u00e4mnt, men i andra valkretsar i sydv\u00e4sta England var det \u00f6vervikt f\u00f6r Brexit, vilket skadade de mycket EU-v\u00e4nliga LibDem.<\/p>\n\n\n\n<p>De Konservativa klarade sig i Uxbridge genom att kritisera milj\u00f6regler som kostar pengar f\u00f6r &#8220;vanligt folk&#8221;, lite av en parallell med debatten om reduktionsplikten i Sverige. Flera anh\u00e4ngare till Tories menar att enda chansen i n\u00e4sta val \u00e4r att<a href=\"https:\/\/www.telegraph.co.uk\/news\/2023\/07\/21\/net-zero-tories-only-hope-of-winning\/\"> \u00f6verge dagens milj\u00f6m\u00e5l<\/a>.<\/p>\n\n\n\n<p>Det \u00e4r dags att byta regering, men en mycket stor f\u00f6rlust f\u00f6r Tories kan f\u00e5 negativa f\u00f6ljder. Rishi Sunak har f\u00f6rt en f\u00f6rsiktig och realistisk ekonomisk politik och f\u00f6rb\u00e4ttrat relationen till EU. Efter ett katastrofval vore risken p\u00e5taglig att De Konservativa v\u00e4ljer en mer uttalat h\u00f6gerpopulistisk politik och att de ansvarsk\u00e4nnande i partiet f\u00f6rsvagas.<\/p>\n","protected":false},"excerpt":{"rendered":"<p>Premi\u00e4rminister Rishi Sunak med Steve Tuckwell, som vann fyllnadsvalet i Uxbridge f\u00f6r De Konservativa. I tv\u00e5 andra valkretsar blev det svidande f\u00f6rluster. Foto: Konservativa partiet Premi\u00e4rminister Rishi Sunak och det Konservativa partiet ligger illa till. Torypartiet har regerat i 13 \u00e5r, de f\u00f6rsta fem \u00e5ren i koalition med Liberaldemokraterna. V\u00e4ljarmajoriteteten verkar vilja ha ett skifte, [&hellip;]<\/p>\n","protected":false},"author":1,"featured_media":0,"comment_status":"open","ping_status":"closed","sticky":false,"template":"","format":"standard","meta":{"_jetpack_memberships_contains_paid_content":false,"footnotes":""},"categories":[10],"tags":[],"class_list":["post-416","post","type-post","status-publish","format-standard","hentry","category-allman-inlagg"],"yoast_head":"<!-- This site is optimized with the Yoast SEO plugin v27.2 - https:\/\/yoast.com\/product\/yoast-seo-wordpress\/ -->\n<title>Nya nederlag f\u00f6r Tories i fyllnadsval - Richard Appelbom<\/title>\n<meta name=\"description\" content=\"De Konservativa \u00e4r illa ute efter tre fyllnadsval. Men d\u00e4r de kritiserade nya milj\u00f6regler inf\u00f6rda av Londons Labourborgm\u00e4stare gick det b\u00e4ttre.\" \/>\n<meta name=\"robots\" content=\"index, follow, max-snippet:-1, max-image-preview:large, max-video-preview:-1\" \/>\n<link rel=\"canonical\" href=\"https:\/\/www.richardappelbom.se\/index.php\/2023\/07\/22\/nya-nederlag-for-tories-i-fyllnadsval\/\" \/>\n<meta property=\"og:locale\" content=\"en_US\" \/>\n<meta property=\"og:type\" content=\"article\" \/>\n<meta property=\"og:title\" content=\"Nya nederlag f\u00f6r Tories i fyllnadsval - Richard Appelbom\" \/>\n<meta property=\"og:description\" content=\"De Konservativa \u00e4r illa ute efter tre fyllnadsval. Men d\u00e4r de kritiserade nya milj\u00f6regler inf\u00f6rda av Londons Labourborgm\u00e4stare gick det b\u00e4ttre.\" \/>\n<meta property=\"og:url\" content=\"https:\/\/www.richardappelbom.se\/index.php\/2023\/07\/22\/nya-nederlag-for-tories-i-fyllnadsval\/\" \/>\n<meta property=\"og:site_name\" content=\"Richard Appelbom\" \/>\n<meta property=\"article:publisher\" content=\"https:\/\/www.facebook.com\/rappelbom\" \/>\n<meta property=\"article:author\" content=\"https:\/\/www.facebook.com\/rappelbom\" \/>\n<meta property=\"article:published_time\" content=\"2023-07-22T09:16:56+00:00\" \/>\n<meta property=\"article:modified_time\" content=\"2023-07-22T09:16:57+00:00\" \/>\n<meta property=\"og:image\" content=\"https:\/\/www.richardappelbom.se\/wp-content\/uploads\/2023\/07\/rishi-sunak.jpg\" \/>\n<meta name=\"author\" content=\"admin\" \/>\n<meta name=\"twitter:card\" content=\"summary_large_image\" \/>\n<meta name=\"twitter:creator\" content=\"@RichardAppelbom\" \/>\n<meta name=\"twitter:site\" content=\"@RichardAppelbom\" \/>\n<meta name=\"twitter:label1\" content=\"Written by\" \/>\n\t<meta name=\"twitter:data1\" content=\"admin\" \/>\n\t<meta name=\"twitter:label2\" content=\"Est. reading time\" \/>\n\t<meta name=\"twitter:data2\" content=\"3 minutes\" \/>\n<script type=\"application\/ld+json\" class=\"yoast-schema-graph\">{\"@context\":\"https:\/\/schema.org\",\"@graph\":[{\"@type\":\"Article\",\"@id\":\"https:\/\/www.richardappelbom.se\/index.php\/2023\/07\/22\/nya-nederlag-for-tories-i-fyllnadsval\/#article\",\"isPartOf\":{\"@id\":\"https:\/\/www.richardappelbom.se\/index.php\/2023\/07\/22\/nya-nederlag-for-tories-i-fyllnadsval\/\"},\"author\":{\"name\":\"admin\",\"@id\":\"https:\/\/www.richardappelbom.se\/#\/schema\/person\/98f55ffd095155d902e585f10999a15d\"},\"headline\":\"Nya nederlag f\u00f6r Tories i fyllnadsval\",\"datePublished\":\"2023-07-22T09:16:56+00:00\",\"dateModified\":\"2023-07-22T09:16:57+00:00\",\"mainEntityOfPage\":{\"@id\":\"https:\/\/www.richardappelbom.se\/index.php\/2023\/07\/22\/nya-nederlag-for-tories-i-fyllnadsval\/\"},\"wordCount\":574,\"commentCount\":0,\"image\":{\"@id\":\"https:\/\/www.richardappelbom.se\/index.php\/2023\/07\/22\/nya-nederlag-for-tories-i-fyllnadsval\/#primaryimage\"},\"thumbnailUrl\":\"https:\/\/www.richardappelbom.se\/wp-content\/uploads\/2023\/07\/rishi-sunak.jpg\",\"articleSection\":[\"Allm\u00e4n Posts\"],\"inLanguage\":\"en-US\",\"potentialAction\":[{\"@type\":\"CommentAction\",\"name\":\"Comment\",\"target\":[\"https:\/\/www.richardappelbom.se\/index.php\/2023\/07\/22\/nya-nederlag-for-tories-i-fyllnadsval\/#respond\"]}]},{\"@type\":\"WebPage\",\"@id\":\"https:\/\/www.richardappelbom.se\/index.php\/2023\/07\/22\/nya-nederlag-for-tories-i-fyllnadsval\/\",\"url\":\"https:\/\/www.richardappelbom.se\/index.php\/2023\/07\/22\/nya-nederlag-for-tories-i-fyllnadsval\/\",\"name\":\"Nya nederlag f\u00f6r Tories i fyllnadsval - Richard Appelbom\",\"isPartOf\":{\"@id\":\"https:\/\/www.richardappelbom.se\/#website\"},\"primaryImageOfPage\":{\"@id\":\"https:\/\/www.richardappelbom.se\/index.php\/2023\/07\/22\/nya-nederlag-for-tories-i-fyllnadsval\/#primaryimage\"},\"image\":{\"@id\":\"https:\/\/www.richardappelbom.se\/index.php\/2023\/07\/22\/nya-nederlag-for-tories-i-fyllnadsval\/#primaryimage\"},\"thumbnailUrl\":\"https:\/\/www.richardappelbom.se\/wp-content\/uploads\/2023\/07\/rishi-sunak.jpg\",\"datePublished\":\"2023-07-22T09:16:56+00:00\",\"dateModified\":\"2023-07-22T09:16:57+00:00\",\"author\":{\"@id\":\"https:\/\/www.richardappelbom.se\/#\/schema\/person\/98f55ffd095155d902e585f10999a15d\"},\"description\":\"De Konservativa \u00e4r illa ute efter tre fyllnadsval. Men d\u00e4r de kritiserade nya milj\u00f6regler inf\u00f6rda av Londons Labourborgm\u00e4stare gick det b\u00e4ttre.\",\"breadcrumb\":{\"@id\":\"https:\/\/www.richardappelbom.se\/index.php\/2023\/07\/22\/nya-nederlag-for-tories-i-fyllnadsval\/#breadcrumb\"},\"inLanguage\":\"en-US\",\"potentialAction\":[{\"@type\":\"ReadAction\",\"target\":[\"https:\/\/www.richardappelbom.se\/index.php\/2023\/07\/22\/nya-nederlag-for-tories-i-fyllnadsval\/\"]}]},{\"@type\":\"ImageObject\",\"inLanguage\":\"en-US\",\"@id\":\"https:\/\/www.richardappelbom.se\/index.php\/2023\/07\/22\/nya-nederlag-for-tories-i-fyllnadsval\/#primaryimage\",\"url\":\"https:\/\/www.richardappelbom.se\/wp-content\/uploads\/2023\/07\/rishi-sunak.jpg\",\"contentUrl\":\"https:\/\/www.richardappelbom.se\/wp-content\/uploads\/2023\/07\/rishi-sunak.jpg\",\"width\":259,\"height\":194},{\"@type\":\"BreadcrumbList\",\"@id\":\"https:\/\/www.richardappelbom.se\/index.php\/2023\/07\/22\/nya-nederlag-for-tories-i-fyllnadsval\/#breadcrumb\",\"itemListElement\":[{\"@type\":\"ListItem\",\"position\":1,\"name\":\"Home\",\"item\":\"https:\/\/www.richardappelbom.se\/\"},{\"@type\":\"ListItem\",\"position\":2,\"name\":\"Nya nederlag f\u00f6r Tories i fyllnadsval\"}]},{\"@type\":\"WebSite\",\"@id\":\"https:\/\/www.richardappelbom.se\/#website\",\"url\":\"https:\/\/www.richardappelbom.se\/\",\"name\":\"Richard Appelbom\",\"description\":\"En blogg om val och valsystem\",\"potentialAction\":[{\"@type\":\"SearchAction\",\"target\":{\"@type\":\"EntryPoint\",\"urlTemplate\":\"https:\/\/www.richardappelbom.se\/?s={search_term_string}\"},\"query-input\":{\"@type\":\"PropertyValueSpecification\",\"valueRequired\":true,\"valueName\":\"search_term_string\"}}],\"inLanguage\":\"en-US\"},{\"@type\":\"Person\",\"@id\":\"https:\/\/www.richardappelbom.se\/#\/schema\/person\/98f55ffd095155d902e585f10999a15d\",\"name\":\"admin\",\"image\":{\"@type\":\"ImageObject\",\"inLanguage\":\"en-US\",\"@id\":\"https:\/\/secure.gravatar.com\/avatar\/480edd36f6cc3945e6b2db9fdc6f78df2a3fb98b7b27925b8d810863cfa537e7?s=96&d=mm&r=g\",\"url\":\"https:\/\/secure.gravatar.com\/avatar\/480edd36f6cc3945e6b2db9fdc6f78df2a3fb98b7b27925b8d810863cfa537e7?s=96&d=mm&r=g\",\"contentUrl\":\"https:\/\/secure.gravatar.com\/avatar\/480edd36f6cc3945e6b2db9fdc6f78df2a3fb98b7b27925b8d810863cfa537e7?s=96&d=mm&r=g\",\"caption\":\"admin\"},\"sameAs\":[\"https:\/\/www.facebook.com\/rappelbom\",\"https:\/\/twitter.com\/RichardAppelbom\"],\"url\":\"https:\/\/www.richardappelbom.se\/index.php\/author\/ra_j9l6616t\/\"}]}<\/script>\n<!-- \/ Yoast SEO plugin. -->","yoast_head_json":{"title":"Nya nederlag f\u00f6r Tories i fyllnadsval - Richard Appelbom","description":"De Konservativa \u00e4r illa ute efter tre fyllnadsval. Men d\u00e4r de kritiserade nya milj\u00f6regler inf\u00f6rda av Londons Labourborgm\u00e4stare gick det b\u00e4ttre.","robots":{"index":"index","follow":"follow","max-snippet":"max-snippet:-1","max-image-preview":"max-image-preview:large","max-video-preview":"max-video-preview:-1"},"canonical":"https:\/\/www.richardappelbom.se\/index.php\/2023\/07\/22\/nya-nederlag-for-tories-i-fyllnadsval\/","og_locale":"en_US","og_type":"article","og_title":"Nya nederlag f\u00f6r Tories i fyllnadsval - Richard Appelbom","og_description":"De Konservativa \u00e4r illa ute efter tre fyllnadsval. Men d\u00e4r de kritiserade nya milj\u00f6regler inf\u00f6rda av Londons Labourborgm\u00e4stare gick det b\u00e4ttre.","og_url":"https:\/\/www.richardappelbom.se\/index.php\/2023\/07\/22\/nya-nederlag-for-tories-i-fyllnadsval\/","og_site_name":"Richard Appelbom","article_publisher":"https:\/\/www.facebook.com\/rappelbom","article_author":"https:\/\/www.facebook.com\/rappelbom","article_published_time":"2023-07-22T09:16:56+00:00","article_modified_time":"2023-07-22T09:16:57+00:00","og_image":[{"url":"https:\/\/www.richardappelbom.se\/wp-content\/uploads\/2023\/07\/rishi-sunak.jpg","type":"","width":"","height":""}],"author":"admin","twitter_card":"summary_large_image","twitter_creator":"@RichardAppelbom","twitter_site":"@RichardAppelbom","twitter_misc":{"Written by":"admin","Est. reading time":"3 minutes"},"schema":{"@context":"https:\/\/schema.org","@graph":[{"@type":"Article","@id":"https:\/\/www.richardappelbom.se\/index.php\/2023\/07\/22\/nya-nederlag-for-tories-i-fyllnadsval\/#article","isPartOf":{"@id":"https:\/\/www.richardappelbom.se\/index.php\/2023\/07\/22\/nya-nederlag-for-tories-i-fyllnadsval\/"},"author":{"name":"admin","@id":"https:\/\/www.richardappelbom.se\/#\/schema\/person\/98f55ffd095155d902e585f10999a15d"},"headline":"Nya nederlag f\u00f6r Tories i fyllnadsval","datePublished":"2023-07-22T09:16:56+00:00","dateModified":"2023-07-22T09:16:57+00:00","mainEntityOfPage":{"@id":"https:\/\/www.richardappelbom.se\/index.php\/2023\/07\/22\/nya-nederlag-for-tories-i-fyllnadsval\/"},"wordCount":574,"commentCount":0,"image":{"@id":"https:\/\/www.richardappelbom.se\/index.php\/2023\/07\/22\/nya-nederlag-for-tories-i-fyllnadsval\/#primaryimage"},"thumbnailUrl":"https:\/\/www.richardappelbom.se\/wp-content\/uploads\/2023\/07\/rishi-sunak.jpg","articleSection":["Allm\u00e4n Posts"],"inLanguage":"en-US","potentialAction":[{"@type":"CommentAction","name":"Comment","target":["https:\/\/www.richardappelbom.se\/index.php\/2023\/07\/22\/nya-nederlag-for-tories-i-fyllnadsval\/#respond"]}]},{"@type":"WebPage","@id":"https:\/\/www.richardappelbom.se\/index.php\/2023\/07\/22\/nya-nederlag-for-tories-i-fyllnadsval\/","url":"https:\/\/www.richardappelbom.se\/index.php\/2023\/07\/22\/nya-nederlag-for-tories-i-fyllnadsval\/","name":"Nya nederlag f\u00f6r Tories i fyllnadsval - Richard Appelbom","isPartOf":{"@id":"https:\/\/www.richardappelbom.se\/#website"},"primaryImageOfPage":{"@id":"https:\/\/www.richardappelbom.se\/index.php\/2023\/07\/22\/nya-nederlag-for-tories-i-fyllnadsval\/#primaryimage"},"image":{"@id":"https:\/\/www.richardappelbom.se\/index.php\/2023\/07\/22\/nya-nederlag-for-tories-i-fyllnadsval\/#primaryimage"},"thumbnailUrl":"https:\/\/www.richardappelbom.se\/wp-content\/uploads\/2023\/07\/rishi-sunak.jpg","datePublished":"2023-07-22T09:16:56+00:00","dateModified":"2023-07-22T09:16:57+00:00","author":{"@id":"https:\/\/www.richardappelbom.se\/#\/schema\/person\/98f55ffd095155d902e585f10999a15d"},"description":"De Konservativa \u00e4r illa ute efter tre fyllnadsval. Men d\u00e4r de kritiserade nya milj\u00f6regler inf\u00f6rda av Londons Labourborgm\u00e4stare gick det b\u00e4ttre.","breadcrumb":{"@id":"https:\/\/www.richardappelbom.se\/index.php\/2023\/07\/22\/nya-nederlag-for-tories-i-fyllnadsval\/#breadcrumb"},"inLanguage":"en-US","potentialAction":[{"@type":"ReadAction","target":["https:\/\/www.richardappelbom.se\/index.php\/2023\/07\/22\/nya-nederlag-for-tories-i-fyllnadsval\/"]}]},{"@type":"ImageObject","inLanguage":"en-US","@id":"https:\/\/www.richardappelbom.se\/index.php\/2023\/07\/22\/nya-nederlag-for-tories-i-fyllnadsval\/#primaryimage","url":"https:\/\/www.richardappelbom.se\/wp-content\/uploads\/2023\/07\/rishi-sunak.jpg","contentUrl":"https:\/\/www.richardappelbom.se\/wp-content\/uploads\/2023\/07\/rishi-sunak.jpg","width":259,"height":194},{"@type":"BreadcrumbList","@id":"https:\/\/www.richardappelbom.se\/index.php\/2023\/07\/22\/nya-nederlag-for-tories-i-fyllnadsval\/#breadcrumb","itemListElement":[{"@type":"ListItem","position":1,"name":"Home","item":"https:\/\/www.richardappelbom.se\/"},{"@type":"ListItem","position":2,"name":"Nya nederlag f\u00f6r Tories i fyllnadsval"}]},{"@type":"WebSite","@id":"https:\/\/www.richardappelbom.se\/#website","url":"https:\/\/www.richardappelbom.se\/","name":"Richard Appelbom","description":"En blogg om val och valsystem","potentialAction":[{"@type":"SearchAction","target":{"@type":"EntryPoint","urlTemplate":"https:\/\/www.richardappelbom.se\/?s={search_term_string}"},"query-input":{"@type":"PropertyValueSpecification","valueRequired":true,"valueName":"search_term_string"}}],"inLanguage":"en-US"},{"@type":"Person","@id":"https:\/\/www.richardappelbom.se\/#\/schema\/person\/98f55ffd095155d902e585f10999a15d","name":"admin","image":{"@type":"ImageObject","inLanguage":"en-US","@id":"https:\/\/secure.gravatar.com\/avatar\/480edd36f6cc3945e6b2db9fdc6f78df2a3fb98b7b27925b8d810863cfa537e7?s=96&d=mm&r=g","url":"https:\/\/secure.gravatar.com\/avatar\/480edd36f6cc3945e6b2db9fdc6f78df2a3fb98b7b27925b8d810863cfa537e7?s=96&d=mm&r=g","contentUrl":"https:\/\/secure.gravatar.com\/avatar\/480edd36f6cc3945e6b2db9fdc6f78df2a3fb98b7b27925b8d810863cfa537e7?s=96&d=mm&r=g","caption":"admin"},"sameAs":["https:\/\/www.facebook.com\/rappelbom","https:\/\/twitter.com\/RichardAppelbom"],"url":"https:\/\/www.richardappelbom.se\/index.php\/author\/ra_j9l6616t\/"}]}},"jetpack_featured_media_url":"","jetpack_sharing_enabled":true,"_links":{"self":[{"href":"https:\/\/www.richardappelbom.se\/index.php\/wp-json\/wp\/v2\/posts\/416","targetHints":{"allow":["GET"]}}],"collection":[{"href":"https:\/\/www.richardappelbom.se\/index.php\/wp-json\/wp\/v2\/posts"}],"about":[{"href":"https:\/\/www.richardappelbom.se\/index.php\/wp-json\/wp\/v2\/types\/post"}],"author":[{"embeddable":true,"href":"https:\/\/www.richardappelbom.se\/index.php\/wp-json\/wp\/v2\/users\/1"}],"replies":[{"embeddable":true,"href":"https:\/\/www.richardappelbom.se\/index.php\/wp-json\/wp\/v2\/comments?post=416"}],"version-history":[{"count":1,"href":"https:\/\/www.richardappelbom.se\/index.php\/wp-json\/wp\/v2\/posts\/416\/revisions"}],"predecessor-version":[{"id":418,"href":"https:\/\/www.richardappelbom.se\/index.php\/wp-json\/wp\/v2\/posts\/416\/revisions\/418"}],"wp:attachment":[{"href":"https:\/\/www.richardappelbom.se\/index.php\/wp-json\/wp\/v2\/media?parent=416"}],"wp:term":[{"taxonomy":"category","embeddable":true,"href":"https:\/\/www.richardappelbom.se\/index.php\/wp-json\/wp\/v2\/categories?post=416"},{"taxonomy":"post_tag","embeddable":true,"href":"https:\/\/www.richardappelbom.se\/index.php\/wp-json\/wp\/v2\/tags?post=416"}],"curies":[{"name":"wp","href":"https:\/\/api.w.org\/{rel}","templated":true}]}}