{"id":419,"date":"2023-07-24T10:04:46","date_gmt":"2023-07-24T10:04:46","guid":{"rendered":"https:\/\/www.richardappelbom.se\/?p=419"},"modified":"2023-07-30T08:14:53","modified_gmt":"2023-07-30T08:14:53","slug":"minskad-partisplittring-i-spanien","status":"publish","type":"post","link":"https:\/\/www.richardappelbom.se\/index.php\/2023\/07\/24\/minskad-partisplittring-i-spanien\/","title":{"rendered":"Minskad partisplittring i Spanien"},"content":{"rendered":"\n<figure class=\"wp-block-image size-full\"><img loading=\"lazy\" decoding=\"async\" width=\"800\" height=\"581\" src=\"https:\/\/www.richardappelbom.se\/wp-content\/uploads\/2023\/07\/2023_Spanish_general_election_map.svg_.png\" alt=\"\" class=\"wp-image-420\" srcset=\"https:\/\/www.richardappelbom.se\/wp-content\/uploads\/2023\/07\/2023_Spanish_general_election_map.svg_.png 800w, https:\/\/www.richardappelbom.se\/wp-content\/uploads\/2023\/07\/2023_Spanish_general_election_map.svg_-300x218.png 300w, https:\/\/www.richardappelbom.se\/wp-content\/uploads\/2023\/07\/2023_Spanish_general_election_map.svg_-768x558.png 768w\" sizes=\"auto, (max-width: 800px) 100vw, 800px\" \/><\/figure>\n\n\n\n<p>Mandatf\u00f6rdelniongen i spanska parlamentvalet. K\u00e4lla Wikipedia<\/p>\n\n\n\n<p><\/p>\n\n\n\n<p>Det var <a href=\"https:\/\/www.bbc.com\/news\/world-europe-66268330\">mycket medieuppm\u00e4rksamhet<\/a> kring ytterh\u00f6gerpartiet Vox inf\u00f6r det spanska parlamentsvalet. Skulle partiet komma med i regeringen och d\u00e4rmed ge ytterh\u00f6gern inflytande i Spanien f\u00f6r f\u00f6rsta g\u00e5ngen sedan Francoregimen fall?<\/p>\n\n\n\n<p>Det kan tyckas m\u00e4rkligt att just Vox, ett parti som enligt m\u00e4tningarna inte hade st\u00f6d av mer \u00e4n 13-14 procent fick s\u00e5 stor uppm\u00e4rksamhet. Systerpartiet Italiens br\u00f6der har premi\u00e4rministerposten i Italien, i Finland sitter populisth\u00f6gern Sannfinl\u00e4ndarna i regeringen och i Sverige \u00e4r samarbetet med och eftergifterna till SD avg\u00f6rande f\u00f6r att den moderatledda regeringen ska \u00f6verleva.<\/p>\n\n\n\n<p>Nu l\u00e4r det inte bli n\u00e5gon regeringsmedverkan eller st\u00f6dpartiposition f\u00f6r Vox. Partiet gick fr\u00e5n 15 till 12,4 procent och fr\u00e5n 52 till 33 mandat. Opinionsm\u00e4tningarna hade sp\u00e5tt att centerh\u00f6gerpartiet PP skulle kunna f\u00e5 majoritet om det samarbetade med Vox.<\/p>\n\n\n\n<p><a href=\"https:\/\/elpais.com\/espana\/elecciones-generales\/\">V\u00e4ljarna ville dock <\/a>annorlunda. PP blev visserligen st\u00f6rst med 33 procent och 137 mandat av 350. \u00a0Tillsammans med Vox blir det 170 mandat och det r\u00e4cker inte f\u00f6r egen majoritet. Socialistpartiet, som har regerat med ytterv\u00e4nstern och med st\u00f6d av baskiska och katalanska nationalistpartier, klarade sig b\u00e4ttre \u00e4n vad opinionsm\u00e4tningarna hade sp\u00e5tt och fick 31,7 procent och 121 mandat.<a href=\"https:\/\/www.telegraph.co.uk\/world-news\/2023\/07\/29\/carles-puigdemont-kingmaker-spain-elections-pedro-sanchez\/\"> PP vann <\/a>ett ytterligare mandat n\u00e4r utlandsr\u00f6sterna hade r\u00e4knats.<\/p>\n\n\n\n<p>Den st\u00f6rsta nyheten i Spanien var i st\u00e4llet att de <a href=\"https:\/\/en.wikipedia.org\/wiki\/2023_Spanish_general_election\">st\u00f6rsta partierna gick fram\u00e5t.<\/a> I flera andra europeiska demokratier har de stora statsb\u00e4rande partierna tappat st\u00f6d. S\u00e5 var det ocks\u00e5 tidigare i Spanien. Men den h\u00e4r g\u00e5ngen fick de tv\u00e5 st\u00f6rsta partierna Socialisterna och PP b\u00e5da mer \u00e4n 30 procent av r\u00f6sterna, ovanligt i dagens Europa. En f\u00f6rklaring kan vara att valsystemet gynnar de st\u00f6rre partierna, Spanien har inga utj\u00e4mningsmandat.<\/p>\n\n\n\n<p>PP och Vox fick n\u00e5gon procentenhet l\u00e4gre \u00e4n i <a href=\"https:\/\/en.wikipedia.org\/wiki\/2023_Spanish_general_election#Opinion_polls\">m\u00e4tningarna f\u00f6re valet,<\/a> men den stora skillnaden var att Socialistpartiet fick 2-3 procentenheter st\u00f6rre st\u00f6d. Trots att valet \u00e4gde rum i sommarhettan \u00f6kade valdeltagandet till 70 procent. Socialisterna verkar ha vunnit v\u00e4ljare fr\u00e5n nationalister i Katalonien, och blev klart st\u00f6rsta parti i Barcelona. Madrid var d\u00e4remot ovanligt bland storst\u00e4der numera genom att ha en klar h\u00f6germajoritet.<\/p>\n\n\n\n<p>Det l\u00e4r ta tid att <a href=\"https:\/\/www.politico.eu\/article\/pedro-sanchez-spanish-election-path-to-victory-alberto-nunez-feijoo\/\">f\u00e5 ihop en regering.<\/a> PP-ledaren Alberto Feiijo vill som ledare f\u00f6r st\u00f6rsta parti f\u00f6rs\u00f6ka bilda regering. Det l\u00e4r inte g\u00e5, d\u00e5 Vox och de nationalistiska partierna \u00e4r som hund och katt. Kanske kan nuvarande premi\u00e4rminister Pedro Sanchez (S) \u00e5terkomma och hanka sig vidare med en v\u00e4nsterkoalition. Men det l\u00e4r ocks\u00e5 bli besv\u00e4rligt, de nationalistiska partierna i Katalonien har tappat mandat och kan tycka sig beh\u00f6va kr\u00e4va mer f\u00f6r att st\u00f6dja regeringen.<\/p>\n\n\n\n<p>D\u00e4rf\u00f6r spekuleras redan i ytterligare ett val inom kort. I varje fall l\u00e4r Spanien, som detta halv\u00e5r har ordf\u00f6randeskapet i EU, under hela eller stora delar av den tiden styras av en expeditionsminist\u00e4r. Kommer det att m\u00e4rkas i hur Spanien driver fr\u00e5gor som EU-ordf\u00f6rande?<\/p>\n","protected":false},"excerpt":{"rendered":"<p>Mandatf\u00f6rdelniongen i spanska parlamentvalet. K\u00e4lla Wikipedia Det var mycket medieuppm\u00e4rksamhet kring ytterh\u00f6gerpartiet Vox inf\u00f6r det spanska parlamentsvalet. Skulle partiet komma med i regeringen och d\u00e4rmed ge ytterh\u00f6gern inflytande i Spanien f\u00f6r f\u00f6rsta g\u00e5ngen sedan Francoregimen fall? Det kan tyckas m\u00e4rkligt att just Vox, ett parti som enligt m\u00e4tningarna inte hade st\u00f6d av mer \u00e4n 13-14 [&hellip;]<\/p>\n","protected":false},"author":1,"featured_media":0,"comment_status":"open","ping_status":"closed","sticky":false,"template":"","format":"standard","meta":{"_jetpack_memberships_contains_paid_content":false,"footnotes":""},"categories":[10],"tags":[],"class_list":["post-419","post","type-post","status-publish","format-standard","hentry","category-allman-inlagg"],"yoast_head":"<!-- This site is optimized with the Yoast SEO plugin v27.2 - https:\/\/yoast.com\/product\/yoast-seo-wordpress\/ -->\n<title>Minskad partisplittring i Spanien - Richard Appelbom<\/title>\n<meta name=\"description\" content=\"Opinionsm\u00e4tningarna hade fel, det blir nog ingen h\u00f6gerregering i Spanien. De tv\u00e5 st\u00f6rsta partierna fick \u00f6ver 30 procent. ovanligt i dagens Europa\" \/>\n<meta name=\"robots\" content=\"index, follow, max-snippet:-1, max-image-preview:large, max-video-preview:-1\" \/>\n<link rel=\"canonical\" href=\"https:\/\/www.richardappelbom.se\/index.php\/2023\/07\/24\/minskad-partisplittring-i-spanien\/\" \/>\n<meta property=\"og:locale\" content=\"en_US\" \/>\n<meta property=\"og:type\" content=\"article\" \/>\n<meta property=\"og:title\" content=\"Minskad partisplittring i Spanien - Richard Appelbom\" \/>\n<meta property=\"og:description\" content=\"Opinionsm\u00e4tningarna hade fel, det blir nog ingen h\u00f6gerregering i Spanien. De tv\u00e5 st\u00f6rsta partierna fick \u00f6ver 30 procent. ovanligt i dagens Europa\" \/>\n<meta property=\"og:url\" content=\"https:\/\/www.richardappelbom.se\/index.php\/2023\/07\/24\/minskad-partisplittring-i-spanien\/\" \/>\n<meta property=\"og:site_name\" content=\"Richard Appelbom\" \/>\n<meta property=\"article:publisher\" content=\"https:\/\/www.facebook.com\/rappelbom\" \/>\n<meta property=\"article:author\" content=\"https:\/\/www.facebook.com\/rappelbom\" \/>\n<meta property=\"article:published_time\" content=\"2023-07-24T10:04:46+00:00\" \/>\n<meta property=\"article:modified_time\" content=\"2023-07-30T08:14:53+00:00\" \/>\n<meta property=\"og:image\" content=\"https:\/\/www.richardappelbom.se\/wp-content\/uploads\/2023\/07\/2023_Spanish_general_election_map.svg_.png\" \/>\n<meta name=\"author\" content=\"admin\" \/>\n<meta name=\"twitter:card\" content=\"summary_large_image\" \/>\n<meta name=\"twitter:creator\" content=\"@RichardAppelbom\" \/>\n<meta name=\"twitter:site\" content=\"@RichardAppelbom\" \/>\n<meta name=\"twitter:label1\" content=\"Written by\" \/>\n\t<meta name=\"twitter:data1\" content=\"admin\" \/>\n\t<meta name=\"twitter:label2\" content=\"Est. reading time\" \/>\n\t<meta name=\"twitter:data2\" content=\"3 minutes\" \/>\n<script type=\"application\/ld+json\" class=\"yoast-schema-graph\">{\"@context\":\"https:\/\/schema.org\",\"@graph\":[{\"@type\":\"Article\",\"@id\":\"https:\/\/www.richardappelbom.se\/index.php\/2023\/07\/24\/minskad-partisplittring-i-spanien\/#article\",\"isPartOf\":{\"@id\":\"https:\/\/www.richardappelbom.se\/index.php\/2023\/07\/24\/minskad-partisplittring-i-spanien\/\"},\"author\":{\"name\":\"admin\",\"@id\":\"https:\/\/www.richardappelbom.se\/#\/schema\/person\/98f55ffd095155d902e585f10999a15d\"},\"headline\":\"Minskad partisplittring i Spanien\",\"datePublished\":\"2023-07-24T10:04:46+00:00\",\"dateModified\":\"2023-07-30T08:14:53+00:00\",\"mainEntityOfPage\":{\"@id\":\"https:\/\/www.richardappelbom.se\/index.php\/2023\/07\/24\/minskad-partisplittring-i-spanien\/\"},\"wordCount\":536,\"commentCount\":0,\"image\":{\"@id\":\"https:\/\/www.richardappelbom.se\/index.php\/2023\/07\/24\/minskad-partisplittring-i-spanien\/#primaryimage\"},\"thumbnailUrl\":\"https:\/\/www.richardappelbom.se\/wp-content\/uploads\/2023\/07\/2023_Spanish_general_election_map.svg_.png\",\"articleSection\":[\"Allm\u00e4n Posts\"],\"inLanguage\":\"en-US\",\"potentialAction\":[{\"@type\":\"CommentAction\",\"name\":\"Comment\",\"target\":[\"https:\/\/www.richardappelbom.se\/index.php\/2023\/07\/24\/minskad-partisplittring-i-spanien\/#respond\"]}]},{\"@type\":\"WebPage\",\"@id\":\"https:\/\/www.richardappelbom.se\/index.php\/2023\/07\/24\/minskad-partisplittring-i-spanien\/\",\"url\":\"https:\/\/www.richardappelbom.se\/index.php\/2023\/07\/24\/minskad-partisplittring-i-spanien\/\",\"name\":\"Minskad partisplittring i Spanien - Richard Appelbom\",\"isPartOf\":{\"@id\":\"https:\/\/www.richardappelbom.se\/#website\"},\"primaryImageOfPage\":{\"@id\":\"https:\/\/www.richardappelbom.se\/index.php\/2023\/07\/24\/minskad-partisplittring-i-spanien\/#primaryimage\"},\"image\":{\"@id\":\"https:\/\/www.richardappelbom.se\/index.php\/2023\/07\/24\/minskad-partisplittring-i-spanien\/#primaryimage\"},\"thumbnailUrl\":\"https:\/\/www.richardappelbom.se\/wp-content\/uploads\/2023\/07\/2023_Spanish_general_election_map.svg_.png\",\"datePublished\":\"2023-07-24T10:04:46+00:00\",\"dateModified\":\"2023-07-30T08:14:53+00:00\",\"author\":{\"@id\":\"https:\/\/www.richardappelbom.se\/#\/schema\/person\/98f55ffd095155d902e585f10999a15d\"},\"description\":\"Opinionsm\u00e4tningarna hade fel, det blir nog ingen h\u00f6gerregering i Spanien. De tv\u00e5 st\u00f6rsta partierna fick \u00f6ver 30 procent. ovanligt i dagens Europa\",\"breadcrumb\":{\"@id\":\"https:\/\/www.richardappelbom.se\/index.php\/2023\/07\/24\/minskad-partisplittring-i-spanien\/#breadcrumb\"},\"inLanguage\":\"en-US\",\"potentialAction\":[{\"@type\":\"ReadAction\",\"target\":[\"https:\/\/www.richardappelbom.se\/index.php\/2023\/07\/24\/minskad-partisplittring-i-spanien\/\"]}]},{\"@type\":\"ImageObject\",\"inLanguage\":\"en-US\",\"@id\":\"https:\/\/www.richardappelbom.se\/index.php\/2023\/07\/24\/minskad-partisplittring-i-spanien\/#primaryimage\",\"url\":\"https:\/\/www.richardappelbom.se\/wp-content\/uploads\/2023\/07\/2023_Spanish_general_election_map.svg_.png\",\"contentUrl\":\"https:\/\/www.richardappelbom.se\/wp-content\/uploads\/2023\/07\/2023_Spanish_general_election_map.svg_.png\",\"width\":800,\"height\":581},{\"@type\":\"BreadcrumbList\",\"@id\":\"https:\/\/www.richardappelbom.se\/index.php\/2023\/07\/24\/minskad-partisplittring-i-spanien\/#breadcrumb\",\"itemListElement\":[{\"@type\":\"ListItem\",\"position\":1,\"name\":\"Home\",\"item\":\"https:\/\/www.richardappelbom.se\/\"},{\"@type\":\"ListItem\",\"position\":2,\"name\":\"Minskad partisplittring i Spanien\"}]},{\"@type\":\"WebSite\",\"@id\":\"https:\/\/www.richardappelbom.se\/#website\",\"url\":\"https:\/\/www.richardappelbom.se\/\",\"name\":\"Richard Appelbom\",\"description\":\"En blogg om val och valsystem\",\"potentialAction\":[{\"@type\":\"SearchAction\",\"target\":{\"@type\":\"EntryPoint\",\"urlTemplate\":\"https:\/\/www.richardappelbom.se\/?s={search_term_string}\"},\"query-input\":{\"@type\":\"PropertyValueSpecification\",\"valueRequired\":true,\"valueName\":\"search_term_string\"}}],\"inLanguage\":\"en-US\"},{\"@type\":\"Person\",\"@id\":\"https:\/\/www.richardappelbom.se\/#\/schema\/person\/98f55ffd095155d902e585f10999a15d\",\"name\":\"admin\",\"image\":{\"@type\":\"ImageObject\",\"inLanguage\":\"en-US\",\"@id\":\"https:\/\/secure.gravatar.com\/avatar\/480edd36f6cc3945e6b2db9fdc6f78df2a3fb98b7b27925b8d810863cfa537e7?s=96&d=mm&r=g\",\"url\":\"https:\/\/secure.gravatar.com\/avatar\/480edd36f6cc3945e6b2db9fdc6f78df2a3fb98b7b27925b8d810863cfa537e7?s=96&d=mm&r=g\",\"contentUrl\":\"https:\/\/secure.gravatar.com\/avatar\/480edd36f6cc3945e6b2db9fdc6f78df2a3fb98b7b27925b8d810863cfa537e7?s=96&d=mm&r=g\",\"caption\":\"admin\"},\"sameAs\":[\"https:\/\/www.facebook.com\/rappelbom\",\"https:\/\/twitter.com\/RichardAppelbom\"],\"url\":\"https:\/\/www.richardappelbom.se\/index.php\/author\/ra_j9l6616t\/\"}]}<\/script>\n<!-- \/ Yoast SEO plugin. -->","yoast_head_json":{"title":"Minskad partisplittring i Spanien - Richard Appelbom","description":"Opinionsm\u00e4tningarna hade fel, det blir nog ingen h\u00f6gerregering i Spanien. De tv\u00e5 st\u00f6rsta partierna fick \u00f6ver 30 procent. ovanligt i dagens Europa","robots":{"index":"index","follow":"follow","max-snippet":"max-snippet:-1","max-image-preview":"max-image-preview:large","max-video-preview":"max-video-preview:-1"},"canonical":"https:\/\/www.richardappelbom.se\/index.php\/2023\/07\/24\/minskad-partisplittring-i-spanien\/","og_locale":"en_US","og_type":"article","og_title":"Minskad partisplittring i Spanien - Richard Appelbom","og_description":"Opinionsm\u00e4tningarna hade fel, det blir nog ingen h\u00f6gerregering i Spanien. De tv\u00e5 st\u00f6rsta partierna fick \u00f6ver 30 procent. ovanligt i dagens Europa","og_url":"https:\/\/www.richardappelbom.se\/index.php\/2023\/07\/24\/minskad-partisplittring-i-spanien\/","og_site_name":"Richard Appelbom","article_publisher":"https:\/\/www.facebook.com\/rappelbom","article_author":"https:\/\/www.facebook.com\/rappelbom","article_published_time":"2023-07-24T10:04:46+00:00","article_modified_time":"2023-07-30T08:14:53+00:00","og_image":[{"url":"https:\/\/www.richardappelbom.se\/wp-content\/uploads\/2023\/07\/2023_Spanish_general_election_map.svg_.png","type":"","width":"","height":""}],"author":"admin","twitter_card":"summary_large_image","twitter_creator":"@RichardAppelbom","twitter_site":"@RichardAppelbom","twitter_misc":{"Written by":"admin","Est. reading time":"3 minutes"},"schema":{"@context":"https:\/\/schema.org","@graph":[{"@type":"Article","@id":"https:\/\/www.richardappelbom.se\/index.php\/2023\/07\/24\/minskad-partisplittring-i-spanien\/#article","isPartOf":{"@id":"https:\/\/www.richardappelbom.se\/index.php\/2023\/07\/24\/minskad-partisplittring-i-spanien\/"},"author":{"name":"admin","@id":"https:\/\/www.richardappelbom.se\/#\/schema\/person\/98f55ffd095155d902e585f10999a15d"},"headline":"Minskad partisplittring i Spanien","datePublished":"2023-07-24T10:04:46+00:00","dateModified":"2023-07-30T08:14:53+00:00","mainEntityOfPage":{"@id":"https:\/\/www.richardappelbom.se\/index.php\/2023\/07\/24\/minskad-partisplittring-i-spanien\/"},"wordCount":536,"commentCount":0,"image":{"@id":"https:\/\/www.richardappelbom.se\/index.php\/2023\/07\/24\/minskad-partisplittring-i-spanien\/#primaryimage"},"thumbnailUrl":"https:\/\/www.richardappelbom.se\/wp-content\/uploads\/2023\/07\/2023_Spanish_general_election_map.svg_.png","articleSection":["Allm\u00e4n Posts"],"inLanguage":"en-US","potentialAction":[{"@type":"CommentAction","name":"Comment","target":["https:\/\/www.richardappelbom.se\/index.php\/2023\/07\/24\/minskad-partisplittring-i-spanien\/#respond"]}]},{"@type":"WebPage","@id":"https:\/\/www.richardappelbom.se\/index.php\/2023\/07\/24\/minskad-partisplittring-i-spanien\/","url":"https:\/\/www.richardappelbom.se\/index.php\/2023\/07\/24\/minskad-partisplittring-i-spanien\/","name":"Minskad partisplittring i Spanien - Richard Appelbom","isPartOf":{"@id":"https:\/\/www.richardappelbom.se\/#website"},"primaryImageOfPage":{"@id":"https:\/\/www.richardappelbom.se\/index.php\/2023\/07\/24\/minskad-partisplittring-i-spanien\/#primaryimage"},"image":{"@id":"https:\/\/www.richardappelbom.se\/index.php\/2023\/07\/24\/minskad-partisplittring-i-spanien\/#primaryimage"},"thumbnailUrl":"https:\/\/www.richardappelbom.se\/wp-content\/uploads\/2023\/07\/2023_Spanish_general_election_map.svg_.png","datePublished":"2023-07-24T10:04:46+00:00","dateModified":"2023-07-30T08:14:53+00:00","author":{"@id":"https:\/\/www.richardappelbom.se\/#\/schema\/person\/98f55ffd095155d902e585f10999a15d"},"description":"Opinionsm\u00e4tningarna hade fel, det blir nog ingen h\u00f6gerregering i Spanien. De tv\u00e5 st\u00f6rsta partierna fick \u00f6ver 30 procent. ovanligt i dagens Europa","breadcrumb":{"@id":"https:\/\/www.richardappelbom.se\/index.php\/2023\/07\/24\/minskad-partisplittring-i-spanien\/#breadcrumb"},"inLanguage":"en-US","potentialAction":[{"@type":"ReadAction","target":["https:\/\/www.richardappelbom.se\/index.php\/2023\/07\/24\/minskad-partisplittring-i-spanien\/"]}]},{"@type":"ImageObject","inLanguage":"en-US","@id":"https:\/\/www.richardappelbom.se\/index.php\/2023\/07\/24\/minskad-partisplittring-i-spanien\/#primaryimage","url":"https:\/\/www.richardappelbom.se\/wp-content\/uploads\/2023\/07\/2023_Spanish_general_election_map.svg_.png","contentUrl":"https:\/\/www.richardappelbom.se\/wp-content\/uploads\/2023\/07\/2023_Spanish_general_election_map.svg_.png","width":800,"height":581},{"@type":"BreadcrumbList","@id":"https:\/\/www.richardappelbom.se\/index.php\/2023\/07\/24\/minskad-partisplittring-i-spanien\/#breadcrumb","itemListElement":[{"@type":"ListItem","position":1,"name":"Home","item":"https:\/\/www.richardappelbom.se\/"},{"@type":"ListItem","position":2,"name":"Minskad partisplittring i Spanien"}]},{"@type":"WebSite","@id":"https:\/\/www.richardappelbom.se\/#website","url":"https:\/\/www.richardappelbom.se\/","name":"Richard Appelbom","description":"En blogg om val och valsystem","potentialAction":[{"@type":"SearchAction","target":{"@type":"EntryPoint","urlTemplate":"https:\/\/www.richardappelbom.se\/?s={search_term_string}"},"query-input":{"@type":"PropertyValueSpecification","valueRequired":true,"valueName":"search_term_string"}}],"inLanguage":"en-US"},{"@type":"Person","@id":"https:\/\/www.richardappelbom.se\/#\/schema\/person\/98f55ffd095155d902e585f10999a15d","name":"admin","image":{"@type":"ImageObject","inLanguage":"en-US","@id":"https:\/\/secure.gravatar.com\/avatar\/480edd36f6cc3945e6b2db9fdc6f78df2a3fb98b7b27925b8d810863cfa537e7?s=96&d=mm&r=g","url":"https:\/\/secure.gravatar.com\/avatar\/480edd36f6cc3945e6b2db9fdc6f78df2a3fb98b7b27925b8d810863cfa537e7?s=96&d=mm&r=g","contentUrl":"https:\/\/secure.gravatar.com\/avatar\/480edd36f6cc3945e6b2db9fdc6f78df2a3fb98b7b27925b8d810863cfa537e7?s=96&d=mm&r=g","caption":"admin"},"sameAs":["https:\/\/www.facebook.com\/rappelbom","https:\/\/twitter.com\/RichardAppelbom"],"url":"https:\/\/www.richardappelbom.se\/index.php\/author\/ra_j9l6616t\/"}]}},"jetpack_featured_media_url":"","jetpack_sharing_enabled":true,"_links":{"self":[{"href":"https:\/\/www.richardappelbom.se\/index.php\/wp-json\/wp\/v2\/posts\/419","targetHints":{"allow":["GET"]}}],"collection":[{"href":"https:\/\/www.richardappelbom.se\/index.php\/wp-json\/wp\/v2\/posts"}],"about":[{"href":"https:\/\/www.richardappelbom.se\/index.php\/wp-json\/wp\/v2\/types\/post"}],"author":[{"embeddable":true,"href":"https:\/\/www.richardappelbom.se\/index.php\/wp-json\/wp\/v2\/users\/1"}],"replies":[{"embeddable":true,"href":"https:\/\/www.richardappelbom.se\/index.php\/wp-json\/wp\/v2\/comments?post=419"}],"version-history":[{"count":2,"href":"https:\/\/www.richardappelbom.se\/index.php\/wp-json\/wp\/v2\/posts\/419\/revisions"}],"predecessor-version":[{"id":423,"href":"https:\/\/www.richardappelbom.se\/index.php\/wp-json\/wp\/v2\/posts\/419\/revisions\/423"}],"wp:attachment":[{"href":"https:\/\/www.richardappelbom.se\/index.php\/wp-json\/wp\/v2\/media?parent=419"}],"wp:term":[{"taxonomy":"category","embeddable":true,"href":"https:\/\/www.richardappelbom.se\/index.php\/wp-json\/wp\/v2\/categories?post=419"},{"taxonomy":"post_tag","embeddable":true,"href":"https:\/\/www.richardappelbom.se\/index.php\/wp-json\/wp\/v2\/tags?post=419"}],"curies":[{"name":"wp","href":"https:\/\/api.w.org\/{rel}","templated":true}]}}