{"id":424,"date":"2023-09-13T12:53:56","date_gmt":"2023-09-13T12:53:56","guid":{"rendered":"https:\/\/www.richardappelbom.se\/?p=424"},"modified":"2023-09-13T12:53:57","modified_gmt":"2023-09-13T12:53:57","slug":"socialdemokraterna-ar-inte-langre-storst-i-norge","status":"publish","type":"post","link":"https:\/\/www.richardappelbom.se\/index.php\/2023\/09\/13\/socialdemokraterna-ar-inte-langre-storst-i-norge\/","title":{"rendered":"Socialdemokraterna \u00e4r inte l\u00e4ngre st\u00f6rst i Norge"},"content":{"rendered":"\n<figure class=\"wp-block-image size-full is-resized\"><img loading=\"lazy\" decoding=\"async\" src=\"https:\/\/www.richardappelbom.se\/wp-content\/uploads\/2023\/09\/Store-Arbeiderpartiet.jpg\" alt=\"\" class=\"wp-image-425\" style=\"width:454px;height:302px\" width=\"454\" height=\"302\"\/><\/figure>\n\n\n\n<p>Socialdemokratiska Arbeiderpartiet med statsminister Jonas Gahr St\u00f6re \u00e4r inte l\u00e4ngre Norges st\u00f6rsta parti.  <\/p>\n\n\n\n<p><\/p>\n\n\n\n<p>Det finns flera likheter mellan politiken i Norge och i Sverige. Socialdemokraterna (Arbeiderpartiet) har dominerat, det har varit blockpolitik mellan h\u00f6ger och v\u00e4nster. Kommuner och regioner har ganska likartade uppgifter, \u00e4ven om sjukhusen \u00e4r statliga\u00a0 i Norge.<\/p>\n\n\n\n<p>Nu verkar Socialdemokraternas ledande st\u00e4llning dock slutligt bruten i Norge. I de <a href=\"https:\/\/www.nrk.no\/valg\/2023\/resultat\/\">norska kommunvalen\u00a0 <\/a>blev Arbeiderpartiet f\u00f6r f\u00f6rsta g\u00e5ngen sedan 1924 inte st\u00f6rsta parti. Moderaternas systerparti H\u00f6yre fick 25 procent, och Arbeiderpartiet knappt 22 procent.<\/p>\n\n\n\n<p>Vad har h\u00e4nt? H\u00f6yre har haft liknande siffor tidigare vid bra val. Det \u00e4r ist\u00e4llet fr\u00e4mst Socialdemokraterna som har minskat. P\u00e5 den r\u00f6dgr\u00f6na sidan har fler v\u00e4ljare g\u00e5tt&nbsp; till mindre partier till v\u00e4nster om mitten som Milj\u00f6partiet, Senterpartiet (mindre marknadsliberalt och mer landsbygdsorienterat \u00e4n svenska C), Socialistisk venstre (V\u00e4nsterpartiets systerparti) och v\u00e4nsteryttern R\u00f6dt.&nbsp; Norge har likt flera andra l\u00e4nder f\u00e5tt ett mer fragmenterat partisystem.<\/p>\n\n\n\n<p>En viktig skillnad \u00e4r dock att Norge har skilda valdagar, medan vi i Sverige r\u00f6star &nbsp;till riksdag, region och kommun p\u00e5 samma g\u00e5ng.<\/p>\n\n\n\n<p>Nu sl\u00e5r f\u00f6r all del rikstrender igenom ocks\u00e5 i kommunvalen. Regeringspartierna Arbeiderpartiet och Senterpartiet har tappat st\u00f6d i den nationella opinionen och gick kraftigt tillbaka i lokalvalen. H\u00f6yre, som vid f\u00f6rra kommunalvalen hade regerat l\u00e4nge men nu \u00e4r oppositionsparti, gick fram\u00e5t. Till skillnad fr\u00e5n Moderaterna i Sverige gick det bra f\u00f6r H\u00f6yre i storst\u00e4der, som i land efter land har g\u00e5tt till v\u00e4nster. Ungdomsv\u00e4ljarna r\u00f6stade h\u00f6ger,\u00a0 kvinnor mer v\u00e4nster och m\u00e4n mer h\u00f6ger.<\/p>\n\n\n\n<p>Valdeltagandet brukar bli s\u00e4mre i kommunval,&nbsp; det var drygt 60 procent. Norge har dock genomg\u00e5ende l\u00e4gre valdeltagande \u00e4n Sverige, och det \u00e4r sv\u00e5rt att se att n\u00e5got parti gynnas eller missgynnas av att f\u00e4rre r\u00f6star. Inte heller verkar valdag avg\u00f6ra valdeltagande. Danmark, som r\u00f6star p\u00e5 vardag och Sverige, som r\u00f6star p\u00e5 s\u00f6ndag, har h\u00f6gre valdeltagande \u00e4n Norge, som r\u00f6star p\u00e5 vardag, och Finland, som r\u00f6star p\u00e5 s\u00f6ndag.<\/p>\n\n\n\n<p><strong><a href=\"http:\/\/www.pollofpolls.no\/?cmd=Stortinget\">Regeringspartierna fick dock<\/a><\/strong> st\u00f6rre r\u00f6standel i kommunvalet \u00e4n de har i nationella opinionsm\u00e4tningar. Ett tecken p\u00e5 att v\u00e4ljare skiljer mellan riks- och kommunval.<\/p>\n\n\n\n<p>Som helhet \u00e4r skilda valdagar att f\u00f6redra. De ger st\u00f6rre m\u00f6jligheter f\u00f6r politiken p\u00e5 de olika niv\u00e5erna att synas, \u00e4ven om rikspolitiker alltid l\u00e4r dominera. I Sverige blir de lokala riksdagsledam\u00f6terna mer anonyma, n\u00e4r partiledarna och kommunpolitiken sl\u00e5r igenom mest under valr\u00f6relsen.<\/p>\n\n\n\n<p>Det blir f\u00f6r l\u00e5ngt mellan valen i Sverige, partierna f\u00e5r mindre m\u00f6jligheter att n\u00e5 ut och f\u00e5 nya medlemmar. Val vartannat \u00e5r \u00e4r b\u00e4ttre f\u00f6r det politiska intresset och demokratins vitalitet \u00e4n att det (undantaget EU-valen) g\u00e5r fyra \u00e5r mellan valen.<\/p>\n\n\n\n<p>Liberala Venstre, som har en bakgrund p\u00e5minnande om Liberalerna\/Folkpartiet gick fram i kommunvalen till 5 procent. Vesntgre st\u00f6djer ocks\u00e5 i allm\u00e4nhet borgerliga regeringar, men har med en &#8220;gr\u00f6n&#8221; tradition \u00f6ppnat f\u00f6r samarbete ocks\u00e5 med norska Milj\u00f6partiet.<\/p>\n","protected":false},"excerpt":{"rendered":"<p>Socialdemokratiska Arbeiderpartiet med statsminister Jonas Gahr St\u00f6re \u00e4r inte l\u00e4ngre Norges st\u00f6rsta parti. Det finns flera likheter mellan politiken i Norge och i Sverige. Socialdemokraterna (Arbeiderpartiet) har dominerat, det har varit blockpolitik mellan h\u00f6ger och v\u00e4nster. Kommuner och regioner har ganska likartade uppgifter, \u00e4ven om sjukhusen \u00e4r statliga\u00a0 i Norge. Nu verkar Socialdemokraternas ledande st\u00e4llning [&hellip;]<\/p>\n","protected":false},"author":1,"featured_media":0,"comment_status":"open","ping_status":"closed","sticky":false,"template":"","format":"standard","meta":{"_jetpack_memberships_contains_paid_content":false,"footnotes":""},"categories":[10],"tags":[],"class_list":["post-424","post","type-post","status-publish","format-standard","hentry","category-allman-inlagg"],"yoast_head":"<!-- This site is optimized with the Yoast SEO plugin v27.2 - https:\/\/yoast.com\/product\/yoast-seo-wordpress\/ -->\n<title>Socialdemokraterna \u00e4r inte l\u00e4ngre st\u00f6rst i Norge - Richard Appelbom<\/title>\n<meta name=\"description\" content=\"F\u00f6r f\u00f6rsta g\u00e5ngen sedan 1924 \u00e4r de norska socialdemokraterna inte st\u00f6rsta parti i ett val. Skilda valdagar \u00e4r att f\u00f6redra,\" \/>\n<meta name=\"robots\" content=\"index, follow, max-snippet:-1, max-image-preview:large, max-video-preview:-1\" \/>\n<link rel=\"canonical\" href=\"https:\/\/www.richardappelbom.se\/index.php\/2023\/09\/13\/socialdemokraterna-ar-inte-langre-storst-i-norge\/\" \/>\n<meta property=\"og:locale\" content=\"en_US\" \/>\n<meta property=\"og:type\" content=\"article\" \/>\n<meta property=\"og:title\" content=\"Socialdemokraterna \u00e4r inte l\u00e4ngre st\u00f6rst i Norge - Richard Appelbom\" \/>\n<meta property=\"og:description\" content=\"F\u00f6r f\u00f6rsta g\u00e5ngen sedan 1924 \u00e4r de norska socialdemokraterna inte st\u00f6rsta parti i ett val. Skilda valdagar \u00e4r att f\u00f6redra,\" \/>\n<meta property=\"og:url\" content=\"https:\/\/www.richardappelbom.se\/index.php\/2023\/09\/13\/socialdemokraterna-ar-inte-langre-storst-i-norge\/\" \/>\n<meta property=\"og:site_name\" content=\"Richard Appelbom\" \/>\n<meta property=\"article:publisher\" content=\"https:\/\/www.facebook.com\/rappelbom\" \/>\n<meta property=\"article:author\" content=\"https:\/\/www.facebook.com\/rappelbom\" \/>\n<meta property=\"article:published_time\" content=\"2023-09-13T12:53:56+00:00\" \/>\n<meta property=\"article:modified_time\" content=\"2023-09-13T12:53:57+00:00\" \/>\n<meta property=\"og:image\" content=\"https:\/\/www.richardappelbom.se\/wp-content\/uploads\/2023\/09\/Store-Arbeiderpartiet.jpg\" \/>\n<meta name=\"author\" content=\"admin\" \/>\n<meta name=\"twitter:card\" content=\"summary_large_image\" \/>\n<meta name=\"twitter:creator\" content=\"@RichardAppelbom\" \/>\n<meta name=\"twitter:site\" content=\"@RichardAppelbom\" \/>\n<meta name=\"twitter:label1\" content=\"Written by\" \/>\n\t<meta name=\"twitter:data1\" content=\"admin\" \/>\n\t<meta name=\"twitter:label2\" content=\"Est. reading time\" \/>\n\t<meta name=\"twitter:data2\" content=\"3 minutes\" \/>\n<script type=\"application\/ld+json\" class=\"yoast-schema-graph\">{\"@context\":\"https:\/\/schema.org\",\"@graph\":[{\"@type\":\"Article\",\"@id\":\"https:\/\/www.richardappelbom.se\/index.php\/2023\/09\/13\/socialdemokraterna-ar-inte-langre-storst-i-norge\/#article\",\"isPartOf\":{\"@id\":\"https:\/\/www.richardappelbom.se\/index.php\/2023\/09\/13\/socialdemokraterna-ar-inte-langre-storst-i-norge\/\"},\"author\":{\"name\":\"admin\",\"@id\":\"https:\/\/www.richardappelbom.se\/#\/schema\/person\/98f55ffd095155d902e585f10999a15d\"},\"headline\":\"Socialdemokraterna \u00e4r inte l\u00e4ngre st\u00f6rst i Norge\",\"datePublished\":\"2023-09-13T12:53:56+00:00\",\"dateModified\":\"2023-09-13T12:53:57+00:00\",\"mainEntityOfPage\":{\"@id\":\"https:\/\/www.richardappelbom.se\/index.php\/2023\/09\/13\/socialdemokraterna-ar-inte-langre-storst-i-norge\/\"},\"wordCount\":552,\"commentCount\":0,\"image\":{\"@id\":\"https:\/\/www.richardappelbom.se\/index.php\/2023\/09\/13\/socialdemokraterna-ar-inte-langre-storst-i-norge\/#primaryimage\"},\"thumbnailUrl\":\"https:\/\/www.richardappelbom.se\/wp-content\/uploads\/2023\/09\/Store-Arbeiderpartiet.jpg\",\"articleSection\":[\"Allm\u00e4n Posts\"],\"inLanguage\":\"en-US\",\"potentialAction\":[{\"@type\":\"CommentAction\",\"name\":\"Comment\",\"target\":[\"https:\/\/www.richardappelbom.se\/index.php\/2023\/09\/13\/socialdemokraterna-ar-inte-langre-storst-i-norge\/#respond\"]}]},{\"@type\":\"WebPage\",\"@id\":\"https:\/\/www.richardappelbom.se\/index.php\/2023\/09\/13\/socialdemokraterna-ar-inte-langre-storst-i-norge\/\",\"url\":\"https:\/\/www.richardappelbom.se\/index.php\/2023\/09\/13\/socialdemokraterna-ar-inte-langre-storst-i-norge\/\",\"name\":\"Socialdemokraterna \u00e4r inte l\u00e4ngre st\u00f6rst i Norge - Richard Appelbom\",\"isPartOf\":{\"@id\":\"https:\/\/www.richardappelbom.se\/#website\"},\"primaryImageOfPage\":{\"@id\":\"https:\/\/www.richardappelbom.se\/index.php\/2023\/09\/13\/socialdemokraterna-ar-inte-langre-storst-i-norge\/#primaryimage\"},\"image\":{\"@id\":\"https:\/\/www.richardappelbom.se\/index.php\/2023\/09\/13\/socialdemokraterna-ar-inte-langre-storst-i-norge\/#primaryimage\"},\"thumbnailUrl\":\"https:\/\/www.richardappelbom.se\/wp-content\/uploads\/2023\/09\/Store-Arbeiderpartiet.jpg\",\"datePublished\":\"2023-09-13T12:53:56+00:00\",\"dateModified\":\"2023-09-13T12:53:57+00:00\",\"author\":{\"@id\":\"https:\/\/www.richardappelbom.se\/#\/schema\/person\/98f55ffd095155d902e585f10999a15d\"},\"description\":\"F\u00f6r f\u00f6rsta g\u00e5ngen sedan 1924 \u00e4r de norska socialdemokraterna inte st\u00f6rsta parti i ett val. Skilda valdagar \u00e4r att f\u00f6redra,\",\"breadcrumb\":{\"@id\":\"https:\/\/www.richardappelbom.se\/index.php\/2023\/09\/13\/socialdemokraterna-ar-inte-langre-storst-i-norge\/#breadcrumb\"},\"inLanguage\":\"en-US\",\"potentialAction\":[{\"@type\":\"ReadAction\",\"target\":[\"https:\/\/www.richardappelbom.se\/index.php\/2023\/09\/13\/socialdemokraterna-ar-inte-langre-storst-i-norge\/\"]}]},{\"@type\":\"ImageObject\",\"inLanguage\":\"en-US\",\"@id\":\"https:\/\/www.richardappelbom.se\/index.php\/2023\/09\/13\/socialdemokraterna-ar-inte-langre-storst-i-norge\/#primaryimage\",\"url\":\"https:\/\/www.richardappelbom.se\/wp-content\/uploads\/2023\/09\/Store-Arbeiderpartiet.jpg\",\"contentUrl\":\"https:\/\/www.richardappelbom.se\/wp-content\/uploads\/2023\/09\/Store-Arbeiderpartiet.jpg\",\"width\":275,\"height\":183},{\"@type\":\"BreadcrumbList\",\"@id\":\"https:\/\/www.richardappelbom.se\/index.php\/2023\/09\/13\/socialdemokraterna-ar-inte-langre-storst-i-norge\/#breadcrumb\",\"itemListElement\":[{\"@type\":\"ListItem\",\"position\":1,\"name\":\"Home\",\"item\":\"https:\/\/www.richardappelbom.se\/\"},{\"@type\":\"ListItem\",\"position\":2,\"name\":\"Socialdemokraterna \u00e4r inte l\u00e4ngre st\u00f6rst i Norge\"}]},{\"@type\":\"WebSite\",\"@id\":\"https:\/\/www.richardappelbom.se\/#website\",\"url\":\"https:\/\/www.richardappelbom.se\/\",\"name\":\"Richard Appelbom\",\"description\":\"En blogg om val och valsystem\",\"potentialAction\":[{\"@type\":\"SearchAction\",\"target\":{\"@type\":\"EntryPoint\",\"urlTemplate\":\"https:\/\/www.richardappelbom.se\/?s={search_term_string}\"},\"query-input\":{\"@type\":\"PropertyValueSpecification\",\"valueRequired\":true,\"valueName\":\"search_term_string\"}}],\"inLanguage\":\"en-US\"},{\"@type\":\"Person\",\"@id\":\"https:\/\/www.richardappelbom.se\/#\/schema\/person\/98f55ffd095155d902e585f10999a15d\",\"name\":\"admin\",\"image\":{\"@type\":\"ImageObject\",\"inLanguage\":\"en-US\",\"@id\":\"https:\/\/secure.gravatar.com\/avatar\/480edd36f6cc3945e6b2db9fdc6f78df2a3fb98b7b27925b8d810863cfa537e7?s=96&d=mm&r=g\",\"url\":\"https:\/\/secure.gravatar.com\/avatar\/480edd36f6cc3945e6b2db9fdc6f78df2a3fb98b7b27925b8d810863cfa537e7?s=96&d=mm&r=g\",\"contentUrl\":\"https:\/\/secure.gravatar.com\/avatar\/480edd36f6cc3945e6b2db9fdc6f78df2a3fb98b7b27925b8d810863cfa537e7?s=96&d=mm&r=g\",\"caption\":\"admin\"},\"sameAs\":[\"https:\/\/www.facebook.com\/rappelbom\",\"https:\/\/twitter.com\/RichardAppelbom\"],\"url\":\"https:\/\/www.richardappelbom.se\/index.php\/author\/ra_j9l6616t\/\"}]}<\/script>\n<!-- \/ Yoast SEO plugin. -->","yoast_head_json":{"title":"Socialdemokraterna \u00e4r inte l\u00e4ngre st\u00f6rst i Norge - Richard Appelbom","description":"F\u00f6r f\u00f6rsta g\u00e5ngen sedan 1924 \u00e4r de norska socialdemokraterna inte st\u00f6rsta parti i ett val. Skilda valdagar \u00e4r att f\u00f6redra,","robots":{"index":"index","follow":"follow","max-snippet":"max-snippet:-1","max-image-preview":"max-image-preview:large","max-video-preview":"max-video-preview:-1"},"canonical":"https:\/\/www.richardappelbom.se\/index.php\/2023\/09\/13\/socialdemokraterna-ar-inte-langre-storst-i-norge\/","og_locale":"en_US","og_type":"article","og_title":"Socialdemokraterna \u00e4r inte l\u00e4ngre st\u00f6rst i Norge - Richard Appelbom","og_description":"F\u00f6r f\u00f6rsta g\u00e5ngen sedan 1924 \u00e4r de norska socialdemokraterna inte st\u00f6rsta parti i ett val. Skilda valdagar \u00e4r att f\u00f6redra,","og_url":"https:\/\/www.richardappelbom.se\/index.php\/2023\/09\/13\/socialdemokraterna-ar-inte-langre-storst-i-norge\/","og_site_name":"Richard Appelbom","article_publisher":"https:\/\/www.facebook.com\/rappelbom","article_author":"https:\/\/www.facebook.com\/rappelbom","article_published_time":"2023-09-13T12:53:56+00:00","article_modified_time":"2023-09-13T12:53:57+00:00","og_image":[{"url":"https:\/\/www.richardappelbom.se\/wp-content\/uploads\/2023\/09\/Store-Arbeiderpartiet.jpg","type":"","width":"","height":""}],"author":"admin","twitter_card":"summary_large_image","twitter_creator":"@RichardAppelbom","twitter_site":"@RichardAppelbom","twitter_misc":{"Written by":"admin","Est. reading time":"3 minutes"},"schema":{"@context":"https:\/\/schema.org","@graph":[{"@type":"Article","@id":"https:\/\/www.richardappelbom.se\/index.php\/2023\/09\/13\/socialdemokraterna-ar-inte-langre-storst-i-norge\/#article","isPartOf":{"@id":"https:\/\/www.richardappelbom.se\/index.php\/2023\/09\/13\/socialdemokraterna-ar-inte-langre-storst-i-norge\/"},"author":{"name":"admin","@id":"https:\/\/www.richardappelbom.se\/#\/schema\/person\/98f55ffd095155d902e585f10999a15d"},"headline":"Socialdemokraterna \u00e4r inte l\u00e4ngre st\u00f6rst i Norge","datePublished":"2023-09-13T12:53:56+00:00","dateModified":"2023-09-13T12:53:57+00:00","mainEntityOfPage":{"@id":"https:\/\/www.richardappelbom.se\/index.php\/2023\/09\/13\/socialdemokraterna-ar-inte-langre-storst-i-norge\/"},"wordCount":552,"commentCount":0,"image":{"@id":"https:\/\/www.richardappelbom.se\/index.php\/2023\/09\/13\/socialdemokraterna-ar-inte-langre-storst-i-norge\/#primaryimage"},"thumbnailUrl":"https:\/\/www.richardappelbom.se\/wp-content\/uploads\/2023\/09\/Store-Arbeiderpartiet.jpg","articleSection":["Allm\u00e4n Posts"],"inLanguage":"en-US","potentialAction":[{"@type":"CommentAction","name":"Comment","target":["https:\/\/www.richardappelbom.se\/index.php\/2023\/09\/13\/socialdemokraterna-ar-inte-langre-storst-i-norge\/#respond"]}]},{"@type":"WebPage","@id":"https:\/\/www.richardappelbom.se\/index.php\/2023\/09\/13\/socialdemokraterna-ar-inte-langre-storst-i-norge\/","url":"https:\/\/www.richardappelbom.se\/index.php\/2023\/09\/13\/socialdemokraterna-ar-inte-langre-storst-i-norge\/","name":"Socialdemokraterna \u00e4r inte l\u00e4ngre st\u00f6rst i Norge - Richard Appelbom","isPartOf":{"@id":"https:\/\/www.richardappelbom.se\/#website"},"primaryImageOfPage":{"@id":"https:\/\/www.richardappelbom.se\/index.php\/2023\/09\/13\/socialdemokraterna-ar-inte-langre-storst-i-norge\/#primaryimage"},"image":{"@id":"https:\/\/www.richardappelbom.se\/index.php\/2023\/09\/13\/socialdemokraterna-ar-inte-langre-storst-i-norge\/#primaryimage"},"thumbnailUrl":"https:\/\/www.richardappelbom.se\/wp-content\/uploads\/2023\/09\/Store-Arbeiderpartiet.jpg","datePublished":"2023-09-13T12:53:56+00:00","dateModified":"2023-09-13T12:53:57+00:00","author":{"@id":"https:\/\/www.richardappelbom.se\/#\/schema\/person\/98f55ffd095155d902e585f10999a15d"},"description":"F\u00f6r f\u00f6rsta g\u00e5ngen sedan 1924 \u00e4r de norska socialdemokraterna inte st\u00f6rsta parti i ett val. Skilda valdagar \u00e4r att f\u00f6redra,","breadcrumb":{"@id":"https:\/\/www.richardappelbom.se\/index.php\/2023\/09\/13\/socialdemokraterna-ar-inte-langre-storst-i-norge\/#breadcrumb"},"inLanguage":"en-US","potentialAction":[{"@type":"ReadAction","target":["https:\/\/www.richardappelbom.se\/index.php\/2023\/09\/13\/socialdemokraterna-ar-inte-langre-storst-i-norge\/"]}]},{"@type":"ImageObject","inLanguage":"en-US","@id":"https:\/\/www.richardappelbom.se\/index.php\/2023\/09\/13\/socialdemokraterna-ar-inte-langre-storst-i-norge\/#primaryimage","url":"https:\/\/www.richardappelbom.se\/wp-content\/uploads\/2023\/09\/Store-Arbeiderpartiet.jpg","contentUrl":"https:\/\/www.richardappelbom.se\/wp-content\/uploads\/2023\/09\/Store-Arbeiderpartiet.jpg","width":275,"height":183},{"@type":"BreadcrumbList","@id":"https:\/\/www.richardappelbom.se\/index.php\/2023\/09\/13\/socialdemokraterna-ar-inte-langre-storst-i-norge\/#breadcrumb","itemListElement":[{"@type":"ListItem","position":1,"name":"Home","item":"https:\/\/www.richardappelbom.se\/"},{"@type":"ListItem","position":2,"name":"Socialdemokraterna \u00e4r inte l\u00e4ngre st\u00f6rst i Norge"}]},{"@type":"WebSite","@id":"https:\/\/www.richardappelbom.se\/#website","url":"https:\/\/www.richardappelbom.se\/","name":"Richard Appelbom","description":"En blogg om val och valsystem","potentialAction":[{"@type":"SearchAction","target":{"@type":"EntryPoint","urlTemplate":"https:\/\/www.richardappelbom.se\/?s={search_term_string}"},"query-input":{"@type":"PropertyValueSpecification","valueRequired":true,"valueName":"search_term_string"}}],"inLanguage":"en-US"},{"@type":"Person","@id":"https:\/\/www.richardappelbom.se\/#\/schema\/person\/98f55ffd095155d902e585f10999a15d","name":"admin","image":{"@type":"ImageObject","inLanguage":"en-US","@id":"https:\/\/secure.gravatar.com\/avatar\/480edd36f6cc3945e6b2db9fdc6f78df2a3fb98b7b27925b8d810863cfa537e7?s=96&d=mm&r=g","url":"https:\/\/secure.gravatar.com\/avatar\/480edd36f6cc3945e6b2db9fdc6f78df2a3fb98b7b27925b8d810863cfa537e7?s=96&d=mm&r=g","contentUrl":"https:\/\/secure.gravatar.com\/avatar\/480edd36f6cc3945e6b2db9fdc6f78df2a3fb98b7b27925b8d810863cfa537e7?s=96&d=mm&r=g","caption":"admin"},"sameAs":["https:\/\/www.facebook.com\/rappelbom","https:\/\/twitter.com\/RichardAppelbom"],"url":"https:\/\/www.richardappelbom.se\/index.php\/author\/ra_j9l6616t\/"}]}},"jetpack_featured_media_url":"","jetpack_sharing_enabled":true,"_links":{"self":[{"href":"https:\/\/www.richardappelbom.se\/index.php\/wp-json\/wp\/v2\/posts\/424","targetHints":{"allow":["GET"]}}],"collection":[{"href":"https:\/\/www.richardappelbom.se\/index.php\/wp-json\/wp\/v2\/posts"}],"about":[{"href":"https:\/\/www.richardappelbom.se\/index.php\/wp-json\/wp\/v2\/types\/post"}],"author":[{"embeddable":true,"href":"https:\/\/www.richardappelbom.se\/index.php\/wp-json\/wp\/v2\/users\/1"}],"replies":[{"embeddable":true,"href":"https:\/\/www.richardappelbom.se\/index.php\/wp-json\/wp\/v2\/comments?post=424"}],"version-history":[{"count":1,"href":"https:\/\/www.richardappelbom.se\/index.php\/wp-json\/wp\/v2\/posts\/424\/revisions"}],"predecessor-version":[{"id":426,"href":"https:\/\/www.richardappelbom.se\/index.php\/wp-json\/wp\/v2\/posts\/424\/revisions\/426"}],"wp:attachment":[{"href":"https:\/\/www.richardappelbom.se\/index.php\/wp-json\/wp\/v2\/media?parent=424"}],"wp:term":[{"taxonomy":"category","embeddable":true,"href":"https:\/\/www.richardappelbom.se\/index.php\/wp-json\/wp\/v2\/categories?post=424"},{"taxonomy":"post_tag","embeddable":true,"href":"https:\/\/www.richardappelbom.se\/index.php\/wp-json\/wp\/v2\/tags?post=424"}],"curies":[{"name":"wp","href":"https:\/\/api.w.org\/{rel}","templated":true}]}}