{"id":450,"date":"2023-10-19T07:27:03","date_gmt":"2023-10-19T07:27:03","guid":{"rendered":"https:\/\/www.richardappelbom.se\/?p=450"},"modified":"2023-10-19T07:36:35","modified_gmt":"2023-10-19T07:36:35","slug":"polackerna-rostade-for-forandring-och-nystart","status":"publish","type":"post","link":"https:\/\/www.richardappelbom.se\/index.php\/2023\/10\/19\/polackerna-rostade-for-forandring-och-nystart\/","title":{"rendered":"Polackerna r\u00f6stade f\u00f6r f\u00f6r\u00e4ndring och nystart"},"content":{"rendered":"\n<figure class=\"wp-block-image size-large\"><img loading=\"lazy\" decoding=\"async\" width=\"1024\" height=\"512\" src=\"https:\/\/www.richardappelbom.se\/wp-content\/uploads\/2023\/10\/2023_Polish_parliamentary_election.svg_-1024x512.png\" alt=\"\" class=\"wp-image-451\" srcset=\"https:\/\/www.richardappelbom.se\/wp-content\/uploads\/2023\/10\/2023_Polish_parliamentary_election.svg_-1024x512.png 1024w, https:\/\/www.richardappelbom.se\/wp-content\/uploads\/2023\/10\/2023_Polish_parliamentary_election.svg_-300x150.png 300w, https:\/\/www.richardappelbom.se\/wp-content\/uploads\/2023\/10\/2023_Polish_parliamentary_election.svg_-768x384.png 768w, https:\/\/www.richardappelbom.se\/wp-content\/uploads\/2023\/10\/2023_Polish_parliamentary_election.svg_.png 1280w\" sizes=\"auto, (max-width: 1024px) 100vw, 1024px\" \/><\/figure>\n\n\n\n<p>Valet till sejmen. K\u00e4lla: Wikipedia Polska valkommissionen<\/p>\n\n\n\n<p><\/p>\n\n\n\n<p>Valresultatet i Polen borde ha varit ganska v\u00e4ntat. Efter att ha styrt i tv\u00e5 mandatperioder \u00e4r det inte ovanligt att v\u00e4ljarna tr\u00f6ttnar och r\u00f6star fram en alternativ regering. Men Polen var inte som andra demokratier. Det styrande Lag och R\u00e4ttvisa (PiS) anklagades f\u00f6r att underminera demokratin genom att politisera domstolar och dominera medier. Det nationalistiska PiS hade st\u00e4ndiga gr\u00e4l med EU, bland annat om r\u00e4ttsstatens principer.<\/p>\n\n\n\n<p><a href=\"https:\/\/en.wikipedia.org\/wiki\/2023_Polish_parliamentary_election\">D\u00e4rf\u00f6r var den klara segern<\/a> f\u00f6r oppositionen viktig och mer \u00f6verraskande \u00e4n ett liknande resultat i mer stabila demokratier. Valdeltagandet har ocks\u00e5 \u00f6kat \u00f6ver tid. 2019 var det 51 procent, 2019 var det 62 procent och 2023 r\u00f6stade 74 procent.<\/p>\n\n\n\n<p>Det polska valsystemet har en stor p\u00e5verkan p\u00e5 valresultatet. I sejmen, andra kammaren som avg\u00f6r regeringsmakten, \u00e4r valsystemet proportionellt, men inte fullt ut. Det finns inga utj\u00e4mningsmandat, vilket gynnar st\u00f6rre partier. Sp\u00e4rrgr\u00e4nsen \u00e4r fem procent f\u00f6r partier och \u00e5tta procent f\u00f6r allianser. I den f\u00f6rsta kammaren senaten \u00e4r det enpersonsvalkretsar d\u00e4r den med flest r\u00f6ster vinner.<\/p>\n\n\n\n<p>PiS har haft f\u00f6ljande valresultat 2015 37,6 procent, 2019 43,6 och 2023 35,4 procent. I de tv\u00e5 f\u00f6rsta valen fick PiS egen majoritet i sejmen, trots att partiet 2015 bara hade tv\u00e5 procentenheter h\u00f6gre r\u00f6standel \u00e4n 2023! Det berodde p\u00e5 att <a href=\"https:\/\/en.wikipedia.org\/wiki\/2015_Polish_parliamentary_election\">flera partier 2015<\/a> inte klarade sp\u00e4rrgr\u00e4nsen och deras r\u00f6ster d\u00e5 inte alls p\u00e5verkade mandatf\u00f6rdelningen. En v\u00e4nsterallians fick 7,5 procent och tv\u00e5 partier 4,8 respektive 3,6 procent. Genom att n\u00e4rmare 20 procent r\u00f6stade p\u00e5 partier som inte klarade sp\u00e4rren och valsystemets gynnande av st\u00f6rre partier r\u00e4ckte 37,6 procent till egen majoritet! <a href=\"https:\/\/en.wikipedia.org\/wiki\/2019_Polish_parliamentary_election\">2019 fick PiS 43,6 procent.<\/a> D\u00e5 var det f\u00e5 r\u00f6ster som gick till partier som inte klarade sp\u00e4rren, men valsystemets gynnande av st\u00f6rre partier r\u00e4ckte f\u00f6r att ge PiS egen majoritet.<\/p>\n\n\n\n<p>I senaten gick oppositionen redan 2019 samman om gemensamma kandidater, villet gjorde att den fick majoritet. samma sak h\u00e4nde 2023, och majoriteten st\u00e4rktes. Det visar att v\u00e4ljarna i Polen \u00e4r polariserade f\u00f6r elelr emot PiS. I andra l\u00e4nder har det varit sv\u00e5rt f\u00f6r brokiga allianser att besegra maktpartier, men h\u00e4r verkar v\u00e4ljarmajoriteten ha tyckt det vara viktigast att r\u00f6sta bort PiS, \u00e4ven om det egna partiet inte hade n\u00e5gon egen kandidat i valkretser. Polen verkar ocks\u00e5 geografiskt splittrat. Den segrande oppositionen \u00e4r starkare i st\u00e4der och i v\u00e4stra Polen, PiS i \u00f6stra.<\/p>\n\n\n\n<p>\u00c4ven 2023 gynnades PiS av valsystemet:  35,4 procent r\u00e4ckte till 194 mandat, 42 procent av de 460 sejmmandaten. Men \u00e4ven det stora oppositionspartiet Medborgaralliansen, som fick 30,7 procent, gynnades av valsystemet och fick 157 mandat, 34 procent av mandaten.<\/p>\n\n\n\n<p>Valaystem kan vara avg\u00f6rande f\u00f6r att hindra makthungriga st\u00f6rre partier fr\u00e5n att f\u00e5 egen majoritet. Polen borde inf\u00f6ra utj\u00e4mningsmandat, och fundera \u00f6ver om preferensr\u00f6stning, d\u00e4r v\u00e4ljarna kan rangordna partier  och om f\u00f6rstahandsvalet inte kommer in f\u00f6rs r\u00f6sten \u00f6ver till andrahandsvalet. Den h\u00e4r g\u00e5ngen hade det dock inte haft n\u00e5gon st\u00f6rre betydelse, d\u00e5 f\u00e5 r\u00f6stade p\u00e5 sm\u00e5partier. Men 2015 hade det kunnat betyda desto mer.<\/p>\n\n\n\n<p>Oppositionen \u00e4r \u00f6verens om att st\u00e4rka demokratin i Polen, viktigt efter \u00e5tta \u00e5rs PiS styre. Relationen till EU l\u00e4r bli betydligt b\u00e4ttre.<a href=\"https:\/\/www.politico.eu\/article\/5-takeaways-poland-election-donald-tusk-jaroslaw-kaczynski\/\"> Sedan f\u00e5r vi se<\/a> vad den i \u00f6vrigt kan enas om. Det kan bli en sv\u00e5rare uppgift.   <\/p>\n\n\n\n<p>  <\/p>\n","protected":false},"excerpt":{"rendered":"<p>Valet till sejmen. K\u00e4lla: Wikipedia Polska valkommissionen Valresultatet i Polen borde ha varit ganska v\u00e4ntat. Efter att ha styrt i tv\u00e5 mandatperioder \u00e4r det inte ovanligt att v\u00e4ljarna tr\u00f6ttnar och r\u00f6star fram en alternativ regering. Men Polen var inte som andra demokratier. Det styrande Lag och R\u00e4ttvisa (PiS) anklagades f\u00f6r att underminera demokratin genom att [&hellip;]<\/p>\n","protected":false},"author":1,"featured_media":0,"comment_status":"open","ping_status":"closed","sticky":false,"template":"","format":"standard","meta":{"_jetpack_memberships_contains_paid_content":false,"footnotes":""},"categories":[10],"tags":[],"class_list":["post-450","post","type-post","status-publish","format-standard","hentry","category-allman-inlagg"],"yoast_head":"<!-- This site is optimized with the Yoast SEO plugin v27.2 - https:\/\/yoast.com\/product\/yoast-seo-wordpress\/ -->\n<title>Polackerna r\u00f6stade f\u00f6r f\u00f6r\u00e4ndring och nystart - Richard Appelbom<\/title>\n<meta name=\"description\" content=\"Oppositionen svann valet i Polen, trots auktorit\u00e4ra tendenser hos styrande PiS. Valsystemet har tidgare varit mycket f\u00f6rdelaktigt f\u00f6r PiS, mindre s\u00e5 denna g\u00e5ng.\" \/>\n<meta name=\"robots\" content=\"index, follow, max-snippet:-1, max-image-preview:large, max-video-preview:-1\" \/>\n<link rel=\"canonical\" href=\"https:\/\/www.richardappelbom.se\/index.php\/2023\/10\/19\/polackerna-rostade-for-forandring-och-nystart\/\" \/>\n<meta property=\"og:locale\" content=\"en_US\" \/>\n<meta property=\"og:type\" content=\"article\" \/>\n<meta property=\"og:title\" content=\"Polackerna r\u00f6stade f\u00f6r f\u00f6r\u00e4ndring och nystart - Richard Appelbom\" \/>\n<meta property=\"og:description\" content=\"Oppositionen svann valet i Polen, trots auktorit\u00e4ra tendenser hos styrande PiS. Valsystemet har tidgare varit mycket f\u00f6rdelaktigt f\u00f6r PiS, mindre s\u00e5 denna g\u00e5ng.\" \/>\n<meta property=\"og:url\" content=\"https:\/\/www.richardappelbom.se\/index.php\/2023\/10\/19\/polackerna-rostade-for-forandring-och-nystart\/\" \/>\n<meta property=\"og:site_name\" content=\"Richard Appelbom\" \/>\n<meta property=\"article:publisher\" content=\"https:\/\/www.facebook.com\/rappelbom\" \/>\n<meta property=\"article:author\" content=\"https:\/\/www.facebook.com\/rappelbom\" \/>\n<meta property=\"article:published_time\" content=\"2023-10-19T07:27:03+00:00\" \/>\n<meta property=\"article:modified_time\" content=\"2023-10-19T07:36:35+00:00\" \/>\n<meta property=\"og:image\" content=\"https:\/\/www.richardappelbom.se\/wp-content\/uploads\/2023\/10\/2023_Polish_parliamentary_election.svg_-1024x512.png\" \/>\n<meta name=\"author\" content=\"admin\" \/>\n<meta name=\"twitter:card\" content=\"summary_large_image\" \/>\n<meta name=\"twitter:creator\" content=\"@RichardAppelbom\" \/>\n<meta name=\"twitter:site\" content=\"@RichardAppelbom\" \/>\n<meta name=\"twitter:label1\" content=\"Written by\" \/>\n\t<meta name=\"twitter:data1\" content=\"admin\" \/>\n\t<meta name=\"twitter:label2\" content=\"Est. reading time\" \/>\n\t<meta name=\"twitter:data2\" content=\"3 minutes\" \/>\n<script type=\"application\/ld+json\" class=\"yoast-schema-graph\">{\"@context\":\"https:\/\/schema.org\",\"@graph\":[{\"@type\":\"Article\",\"@id\":\"https:\/\/www.richardappelbom.se\/index.php\/2023\/10\/19\/polackerna-rostade-for-forandring-och-nystart\/#article\",\"isPartOf\":{\"@id\":\"https:\/\/www.richardappelbom.se\/index.php\/2023\/10\/19\/polackerna-rostade-for-forandring-och-nystart\/\"},\"author\":{\"name\":\"admin\",\"@id\":\"https:\/\/www.richardappelbom.se\/#\/schema\/person\/98f55ffd095155d902e585f10999a15d\"},\"headline\":\"Polackerna r\u00f6stade f\u00f6r f\u00f6r\u00e4ndring och nystart\",\"datePublished\":\"2023-10-19T07:27:03+00:00\",\"dateModified\":\"2023-10-19T07:36:35+00:00\",\"mainEntityOfPage\":{\"@id\":\"https:\/\/www.richardappelbom.se\/index.php\/2023\/10\/19\/polackerna-rostade-for-forandring-och-nystart\/\"},\"wordCount\":584,\"commentCount\":0,\"image\":{\"@id\":\"https:\/\/www.richardappelbom.se\/index.php\/2023\/10\/19\/polackerna-rostade-for-forandring-och-nystart\/#primaryimage\"},\"thumbnailUrl\":\"https:\/\/www.richardappelbom.se\/wp-content\/uploads\/2023\/10\/2023_Polish_parliamentary_election.svg_-1024x512.png\",\"articleSection\":[\"Allm\u00e4n Posts\"],\"inLanguage\":\"en-US\",\"potentialAction\":[{\"@type\":\"CommentAction\",\"name\":\"Comment\",\"target\":[\"https:\/\/www.richardappelbom.se\/index.php\/2023\/10\/19\/polackerna-rostade-for-forandring-och-nystart\/#respond\"]}]},{\"@type\":\"WebPage\",\"@id\":\"https:\/\/www.richardappelbom.se\/index.php\/2023\/10\/19\/polackerna-rostade-for-forandring-och-nystart\/\",\"url\":\"https:\/\/www.richardappelbom.se\/index.php\/2023\/10\/19\/polackerna-rostade-for-forandring-och-nystart\/\",\"name\":\"Polackerna r\u00f6stade f\u00f6r f\u00f6r\u00e4ndring och nystart - Richard Appelbom\",\"isPartOf\":{\"@id\":\"https:\/\/www.richardappelbom.se\/#website\"},\"primaryImageOfPage\":{\"@id\":\"https:\/\/www.richardappelbom.se\/index.php\/2023\/10\/19\/polackerna-rostade-for-forandring-och-nystart\/#primaryimage\"},\"image\":{\"@id\":\"https:\/\/www.richardappelbom.se\/index.php\/2023\/10\/19\/polackerna-rostade-for-forandring-och-nystart\/#primaryimage\"},\"thumbnailUrl\":\"https:\/\/www.richardappelbom.se\/wp-content\/uploads\/2023\/10\/2023_Polish_parliamentary_election.svg_-1024x512.png\",\"datePublished\":\"2023-10-19T07:27:03+00:00\",\"dateModified\":\"2023-10-19T07:36:35+00:00\",\"author\":{\"@id\":\"https:\/\/www.richardappelbom.se\/#\/schema\/person\/98f55ffd095155d902e585f10999a15d\"},\"description\":\"Oppositionen svann valet i Polen, trots auktorit\u00e4ra tendenser hos styrande PiS. Valsystemet har tidgare varit mycket f\u00f6rdelaktigt f\u00f6r PiS, mindre s\u00e5 denna g\u00e5ng.\",\"breadcrumb\":{\"@id\":\"https:\/\/www.richardappelbom.se\/index.php\/2023\/10\/19\/polackerna-rostade-for-forandring-och-nystart\/#breadcrumb\"},\"inLanguage\":\"en-US\",\"potentialAction\":[{\"@type\":\"ReadAction\",\"target\":[\"https:\/\/www.richardappelbom.se\/index.php\/2023\/10\/19\/polackerna-rostade-for-forandring-och-nystart\/\"]}]},{\"@type\":\"ImageObject\",\"inLanguage\":\"en-US\",\"@id\":\"https:\/\/www.richardappelbom.se\/index.php\/2023\/10\/19\/polackerna-rostade-for-forandring-och-nystart\/#primaryimage\",\"url\":\"https:\/\/www.richardappelbom.se\/wp-content\/uploads\/2023\/10\/2023_Polish_parliamentary_election.svg_.png\",\"contentUrl\":\"https:\/\/www.richardappelbom.se\/wp-content\/uploads\/2023\/10\/2023_Polish_parliamentary_election.svg_.png\",\"width\":1280,\"height\":640},{\"@type\":\"BreadcrumbList\",\"@id\":\"https:\/\/www.richardappelbom.se\/index.php\/2023\/10\/19\/polackerna-rostade-for-forandring-och-nystart\/#breadcrumb\",\"itemListElement\":[{\"@type\":\"ListItem\",\"position\":1,\"name\":\"Home\",\"item\":\"https:\/\/www.richardappelbom.se\/\"},{\"@type\":\"ListItem\",\"position\":2,\"name\":\"Polackerna r\u00f6stade f\u00f6r f\u00f6r\u00e4ndring och nystart\"}]},{\"@type\":\"WebSite\",\"@id\":\"https:\/\/www.richardappelbom.se\/#website\",\"url\":\"https:\/\/www.richardappelbom.se\/\",\"name\":\"Richard Appelbom\",\"description\":\"En blogg om val och valsystem\",\"potentialAction\":[{\"@type\":\"SearchAction\",\"target\":{\"@type\":\"EntryPoint\",\"urlTemplate\":\"https:\/\/www.richardappelbom.se\/?s={search_term_string}\"},\"query-input\":{\"@type\":\"PropertyValueSpecification\",\"valueRequired\":true,\"valueName\":\"search_term_string\"}}],\"inLanguage\":\"en-US\"},{\"@type\":\"Person\",\"@id\":\"https:\/\/www.richardappelbom.se\/#\/schema\/person\/98f55ffd095155d902e585f10999a15d\",\"name\":\"admin\",\"image\":{\"@type\":\"ImageObject\",\"inLanguage\":\"en-US\",\"@id\":\"https:\/\/secure.gravatar.com\/avatar\/480edd36f6cc3945e6b2db9fdc6f78df2a3fb98b7b27925b8d810863cfa537e7?s=96&d=mm&r=g\",\"url\":\"https:\/\/secure.gravatar.com\/avatar\/480edd36f6cc3945e6b2db9fdc6f78df2a3fb98b7b27925b8d810863cfa537e7?s=96&d=mm&r=g\",\"contentUrl\":\"https:\/\/secure.gravatar.com\/avatar\/480edd36f6cc3945e6b2db9fdc6f78df2a3fb98b7b27925b8d810863cfa537e7?s=96&d=mm&r=g\",\"caption\":\"admin\"},\"sameAs\":[\"https:\/\/www.facebook.com\/rappelbom\",\"https:\/\/twitter.com\/RichardAppelbom\"],\"url\":\"https:\/\/www.richardappelbom.se\/index.php\/author\/ra_j9l6616t\/\"}]}<\/script>\n<!-- \/ Yoast SEO plugin. -->","yoast_head_json":{"title":"Polackerna r\u00f6stade f\u00f6r f\u00f6r\u00e4ndring och nystart - Richard Appelbom","description":"Oppositionen svann valet i Polen, trots auktorit\u00e4ra tendenser hos styrande PiS. Valsystemet har tidgare varit mycket f\u00f6rdelaktigt f\u00f6r PiS, mindre s\u00e5 denna g\u00e5ng.","robots":{"index":"index","follow":"follow","max-snippet":"max-snippet:-1","max-image-preview":"max-image-preview:large","max-video-preview":"max-video-preview:-1"},"canonical":"https:\/\/www.richardappelbom.se\/index.php\/2023\/10\/19\/polackerna-rostade-for-forandring-och-nystart\/","og_locale":"en_US","og_type":"article","og_title":"Polackerna r\u00f6stade f\u00f6r f\u00f6r\u00e4ndring och nystart - Richard Appelbom","og_description":"Oppositionen svann valet i Polen, trots auktorit\u00e4ra tendenser hos styrande PiS. Valsystemet har tidgare varit mycket f\u00f6rdelaktigt f\u00f6r PiS, mindre s\u00e5 denna g\u00e5ng.","og_url":"https:\/\/www.richardappelbom.se\/index.php\/2023\/10\/19\/polackerna-rostade-for-forandring-och-nystart\/","og_site_name":"Richard Appelbom","article_publisher":"https:\/\/www.facebook.com\/rappelbom","article_author":"https:\/\/www.facebook.com\/rappelbom","article_published_time":"2023-10-19T07:27:03+00:00","article_modified_time":"2023-10-19T07:36:35+00:00","og_image":[{"url":"https:\/\/www.richardappelbom.se\/wp-content\/uploads\/2023\/10\/2023_Polish_parliamentary_election.svg_-1024x512.png","type":"","width":"","height":""}],"author":"admin","twitter_card":"summary_large_image","twitter_creator":"@RichardAppelbom","twitter_site":"@RichardAppelbom","twitter_misc":{"Written by":"admin","Est. reading time":"3 minutes"},"schema":{"@context":"https:\/\/schema.org","@graph":[{"@type":"Article","@id":"https:\/\/www.richardappelbom.se\/index.php\/2023\/10\/19\/polackerna-rostade-for-forandring-och-nystart\/#article","isPartOf":{"@id":"https:\/\/www.richardappelbom.se\/index.php\/2023\/10\/19\/polackerna-rostade-for-forandring-och-nystart\/"},"author":{"name":"admin","@id":"https:\/\/www.richardappelbom.se\/#\/schema\/person\/98f55ffd095155d902e585f10999a15d"},"headline":"Polackerna r\u00f6stade f\u00f6r f\u00f6r\u00e4ndring och nystart","datePublished":"2023-10-19T07:27:03+00:00","dateModified":"2023-10-19T07:36:35+00:00","mainEntityOfPage":{"@id":"https:\/\/www.richardappelbom.se\/index.php\/2023\/10\/19\/polackerna-rostade-for-forandring-och-nystart\/"},"wordCount":584,"commentCount":0,"image":{"@id":"https:\/\/www.richardappelbom.se\/index.php\/2023\/10\/19\/polackerna-rostade-for-forandring-och-nystart\/#primaryimage"},"thumbnailUrl":"https:\/\/www.richardappelbom.se\/wp-content\/uploads\/2023\/10\/2023_Polish_parliamentary_election.svg_-1024x512.png","articleSection":["Allm\u00e4n Posts"],"inLanguage":"en-US","potentialAction":[{"@type":"CommentAction","name":"Comment","target":["https:\/\/www.richardappelbom.se\/index.php\/2023\/10\/19\/polackerna-rostade-for-forandring-och-nystart\/#respond"]}]},{"@type":"WebPage","@id":"https:\/\/www.richardappelbom.se\/index.php\/2023\/10\/19\/polackerna-rostade-for-forandring-och-nystart\/","url":"https:\/\/www.richardappelbom.se\/index.php\/2023\/10\/19\/polackerna-rostade-for-forandring-och-nystart\/","name":"Polackerna r\u00f6stade f\u00f6r f\u00f6r\u00e4ndring och nystart - Richard Appelbom","isPartOf":{"@id":"https:\/\/www.richardappelbom.se\/#website"},"primaryImageOfPage":{"@id":"https:\/\/www.richardappelbom.se\/index.php\/2023\/10\/19\/polackerna-rostade-for-forandring-och-nystart\/#primaryimage"},"image":{"@id":"https:\/\/www.richardappelbom.se\/index.php\/2023\/10\/19\/polackerna-rostade-for-forandring-och-nystart\/#primaryimage"},"thumbnailUrl":"https:\/\/www.richardappelbom.se\/wp-content\/uploads\/2023\/10\/2023_Polish_parliamentary_election.svg_-1024x512.png","datePublished":"2023-10-19T07:27:03+00:00","dateModified":"2023-10-19T07:36:35+00:00","author":{"@id":"https:\/\/www.richardappelbom.se\/#\/schema\/person\/98f55ffd095155d902e585f10999a15d"},"description":"Oppositionen svann valet i Polen, trots auktorit\u00e4ra tendenser hos styrande PiS. Valsystemet har tidgare varit mycket f\u00f6rdelaktigt f\u00f6r PiS, mindre s\u00e5 denna g\u00e5ng.","breadcrumb":{"@id":"https:\/\/www.richardappelbom.se\/index.php\/2023\/10\/19\/polackerna-rostade-for-forandring-och-nystart\/#breadcrumb"},"inLanguage":"en-US","potentialAction":[{"@type":"ReadAction","target":["https:\/\/www.richardappelbom.se\/index.php\/2023\/10\/19\/polackerna-rostade-for-forandring-och-nystart\/"]}]},{"@type":"ImageObject","inLanguage":"en-US","@id":"https:\/\/www.richardappelbom.se\/index.php\/2023\/10\/19\/polackerna-rostade-for-forandring-och-nystart\/#primaryimage","url":"https:\/\/www.richardappelbom.se\/wp-content\/uploads\/2023\/10\/2023_Polish_parliamentary_election.svg_.png","contentUrl":"https:\/\/www.richardappelbom.se\/wp-content\/uploads\/2023\/10\/2023_Polish_parliamentary_election.svg_.png","width":1280,"height":640},{"@type":"BreadcrumbList","@id":"https:\/\/www.richardappelbom.se\/index.php\/2023\/10\/19\/polackerna-rostade-for-forandring-och-nystart\/#breadcrumb","itemListElement":[{"@type":"ListItem","position":1,"name":"Home","item":"https:\/\/www.richardappelbom.se\/"},{"@type":"ListItem","position":2,"name":"Polackerna r\u00f6stade f\u00f6r f\u00f6r\u00e4ndring och nystart"}]},{"@type":"WebSite","@id":"https:\/\/www.richardappelbom.se\/#website","url":"https:\/\/www.richardappelbom.se\/","name":"Richard Appelbom","description":"En blogg om val och valsystem","potentialAction":[{"@type":"SearchAction","target":{"@type":"EntryPoint","urlTemplate":"https:\/\/www.richardappelbom.se\/?s={search_term_string}"},"query-input":{"@type":"PropertyValueSpecification","valueRequired":true,"valueName":"search_term_string"}}],"inLanguage":"en-US"},{"@type":"Person","@id":"https:\/\/www.richardappelbom.se\/#\/schema\/person\/98f55ffd095155d902e585f10999a15d","name":"admin","image":{"@type":"ImageObject","inLanguage":"en-US","@id":"https:\/\/secure.gravatar.com\/avatar\/480edd36f6cc3945e6b2db9fdc6f78df2a3fb98b7b27925b8d810863cfa537e7?s=96&d=mm&r=g","url":"https:\/\/secure.gravatar.com\/avatar\/480edd36f6cc3945e6b2db9fdc6f78df2a3fb98b7b27925b8d810863cfa537e7?s=96&d=mm&r=g","contentUrl":"https:\/\/secure.gravatar.com\/avatar\/480edd36f6cc3945e6b2db9fdc6f78df2a3fb98b7b27925b8d810863cfa537e7?s=96&d=mm&r=g","caption":"admin"},"sameAs":["https:\/\/www.facebook.com\/rappelbom","https:\/\/twitter.com\/RichardAppelbom"],"url":"https:\/\/www.richardappelbom.se\/index.php\/author\/ra_j9l6616t\/"}]}},"jetpack_featured_media_url":"","jetpack_sharing_enabled":true,"_links":{"self":[{"href":"https:\/\/www.richardappelbom.se\/index.php\/wp-json\/wp\/v2\/posts\/450","targetHints":{"allow":["GET"]}}],"collection":[{"href":"https:\/\/www.richardappelbom.se\/index.php\/wp-json\/wp\/v2\/posts"}],"about":[{"href":"https:\/\/www.richardappelbom.se\/index.php\/wp-json\/wp\/v2\/types\/post"}],"author":[{"embeddable":true,"href":"https:\/\/www.richardappelbom.se\/index.php\/wp-json\/wp\/v2\/users\/1"}],"replies":[{"embeddable":true,"href":"https:\/\/www.richardappelbom.se\/index.php\/wp-json\/wp\/v2\/comments?post=450"}],"version-history":[{"count":3,"href":"https:\/\/www.richardappelbom.se\/index.php\/wp-json\/wp\/v2\/posts\/450\/revisions"}],"predecessor-version":[{"id":455,"href":"https:\/\/www.richardappelbom.se\/index.php\/wp-json\/wp\/v2\/posts\/450\/revisions\/455"}],"wp:attachment":[{"href":"https:\/\/www.richardappelbom.se\/index.php\/wp-json\/wp\/v2\/media?parent=450"}],"wp:term":[{"taxonomy":"category","embeddable":true,"href":"https:\/\/www.richardappelbom.se\/index.php\/wp-json\/wp\/v2\/categories?post=450"},{"taxonomy":"post_tag","embeddable":true,"href":"https:\/\/www.richardappelbom.se\/index.php\/wp-json\/wp\/v2\/tags?post=450"}],"curies":[{"name":"wp","href":"https:\/\/api.w.org\/{rel}","templated":true}]}}