{"id":456,"date":"2023-10-20T10:31:13","date_gmt":"2023-10-20T10:31:13","guid":{"rendered":"https:\/\/www.richardappelbom.se\/?p=456"},"modified":"2023-10-20T10:46:33","modified_gmt":"2023-10-20T10:46:33","slug":"dubbelvinn-for-labour-pekar-mot-stor-valseger-i-nasta-parlamentsval","status":"publish","type":"post","link":"https:\/\/www.richardappelbom.se\/index.php\/2023\/10\/20\/dubbelvinn-for-labour-pekar-mot-stor-valseger-i-nasta-parlamentsval\/","title":{"rendered":"Dubbelseger f\u00f6r Labour pekar mot stor valseger i n\u00e4sta parlamentsval"},"content":{"rendered":"\n<figure class=\"wp-block-image size-full is-resized\"><img loading=\"lazy\" decoding=\"async\" width=\"275\" height=\"183\" src=\"https:\/\/www.richardappelbom.se\/wp-content\/uploads\/2023\/10\/change.jpg\" alt=\"\" class=\"wp-image-457\" style=\"aspect-ratio:1.5027322404371584;width:558px;height:auto\"\/><\/figure>\n\n\n\n<p>De brittiska v\u00e4ljarna ser ut astt vilja ha f\u00f6r\u00e4ndring (change)<\/p>\n\n\n\n<p><\/p>\n\n\n\n<p>Labourpartiet vann tv\u00e5 fyllnadsval i valkretsarna <a href=\"https:\/\/www.theguardian.com\/politics\/2023\/oct\/20\/labour-takes-nadine-dorries-former-seat-in-mid-bedfordshire-byelection\">Mid Bedfordshire <\/a> och <a href=\"https:\/\/www.theguardian.com\/politics\/2023\/oct\/20\/labour-overturns-huge-tory-majority-to-win-tamworth-byelection\">Tamworth<\/a> d\u00e4r de Konservativa tidigare hade massiva majoriteter. Nu fanns i b\u00e5da fallen specifika faktorer som talade emot Tories. I Tamworth hade den tidigare konservativa ledamoten tvingats avg\u00e5 efter anklagelser om att han hade tafsat p\u00e5 tv\u00e5 unga manliga medarbetare. I Mid Bedfordshire hade den starka Boris Johnsonanh\u00e4ngaren Nadine Dorries avg\u00e5tt i protest mot partiets ledning, behandlingen av Boris Johnson och f\u00f6r att hon inte hade blivit adlad och kommit till \u00f6verhuset. Dorries hade ocks\u00e5 g\u00e5tt till h\u00e5rt angrepp mot premi\u00e4rminister Rishi Sunak och mot hans politik som Toryledare. <\/p>\n\n\n\n<p>Men \u00e4ven med dessa reservationer, liksom att valdeltagandet \u00e4r l\u00e4gre i fyllnadsval., \u00e4r det tydligt att de Konservativa efter 13 \u00e5r vid makten ligger illa till. F\u00f6rlusterna i fyllnadsvalen p\u00e5minner om hur det gick \u00e5ren innan Tony Blair och Labour vann en jordskredsseger 1997. D\u00e5 hade ocks\u00e5 Tories regerat l\u00e4nge, alltsedan Margaret Thatcher blev premi\u00e4rminister 1979.<\/p>\n\n\n\n<p>Liberaldemokraterna har anledning att vara besvikna. de hade hoppats att framst\u00e5 som huvudalternativet i Mid Bedfordshire, men Labour satsade och vann i b\u00e5da valkretsarna. Det \u00f6kar sannolikheten f\u00f6r att Labour f\u00e5r egen majoritet i n\u00e4sta val och inte beh\u00f6ver st\u00f6d fr\u00e5n Liberaldemokraterna. Vilket i sin tur minskar m\u00f6jligheeten att valsystemet f\u00f6r\u00e4ndras mot med av proportionalitet.<\/p>\n\n\n\n<p>Det finns en opinion i Labour f\u00f6r att \u00e4ndra valsystemet, som fr\u00e4mst anses ha gynnat Tories. Center-v\u00e4nsterv\u00e4ljarna har oftast splittrar sina r\u00f6ster mer, vilket sl\u00e5r h\u00e5rt i ett system med enpersonsvalkretsar. Men n\u00e4r valsystemet ger det egna partiet egen majoritet brukar intresset f\u00f6r att byta svalna.<\/p>\n\n\n\n<p>Den h\u00e4r g\u00e5ngen gick dessutom en del r\u00f6ster till populister till h\u00f6ger om Tories, vilket bidrog till att Labour kunde vinna. I vitala demokratier brukar v\u00e4ljarmajoriteten tr\u00f6ttna n\u00e4r ett parti l\u00e4nge har haft makten. Det verkar vara vad vi ser i Storbritannien. B\u00e5de nationellt, men \u00e4ven i Skottland d\u00e4r Nationalistpartiet har styrt sedan 2007.<\/p>\n","protected":false},"excerpt":{"rendered":"<p>De brittiska v\u00e4ljarna ser ut astt vilja ha f\u00f6r\u00e4ndring (change) Labourpartiet vann tv\u00e5 fyllnadsval i valkretsarna Mid Bedfordshire och Tamworth d\u00e4r de Konservativa tidigare hade massiva majoriteter. Nu fanns i b\u00e5da fallen specifika faktorer som talade emot Tories. I Tamworth hade den tidigare konservativa ledamoten tvingats avg\u00e5 efter anklagelser om att han hade tafsat p\u00e5 [&hellip;]<\/p>\n","protected":false},"author":1,"featured_media":0,"comment_status":"open","ping_status":"closed","sticky":false,"template":"","format":"standard","meta":{"_jetpack_memberships_contains_paid_content":false,"footnotes":""},"categories":[10],"tags":[],"class_list":["post-456","post","type-post","status-publish","format-standard","hentry","category-allman-inlagg"],"yoast_head":"<!-- This site is optimized with the Yoast SEO plugin v27.2 - https:\/\/yoast.com\/product\/yoast-seo-wordpress\/ -->\n<title>Dubbelseger f\u00f6r Labour pekar mot stor valseger i n\u00e4sta parlamentsval - Richard Appelbom<\/title>\n<meta name=\"description\" content=\"Fyllnadsval \u00e4r inte allm\u00e4nna val, men trenden pekar mot Labourmajoritet i n\u00e4sta val\" \/>\n<meta name=\"robots\" content=\"index, follow, max-snippet:-1, max-image-preview:large, max-video-preview:-1\" \/>\n<link rel=\"canonical\" href=\"https:\/\/www.richardappelbom.se\/index.php\/2023\/10\/20\/dubbelvinn-for-labour-pekar-mot-stor-valseger-i-nasta-parlamentsval\/\" \/>\n<meta property=\"og:locale\" content=\"en_US\" \/>\n<meta property=\"og:type\" content=\"article\" \/>\n<meta property=\"og:title\" content=\"Dubbelseger f\u00f6r Labour pekar mot stor valseger i n\u00e4sta parlamentsval - Richard Appelbom\" \/>\n<meta property=\"og:description\" content=\"Fyllnadsval \u00e4r inte allm\u00e4nna val, men trenden pekar mot Labourmajoritet i n\u00e4sta val\" \/>\n<meta property=\"og:url\" content=\"https:\/\/www.richardappelbom.se\/index.php\/2023\/10\/20\/dubbelvinn-for-labour-pekar-mot-stor-valseger-i-nasta-parlamentsval\/\" \/>\n<meta property=\"og:site_name\" content=\"Richard Appelbom\" \/>\n<meta property=\"article:publisher\" content=\"https:\/\/www.facebook.com\/rappelbom\" \/>\n<meta property=\"article:author\" content=\"https:\/\/www.facebook.com\/rappelbom\" \/>\n<meta property=\"article:published_time\" content=\"2023-10-20T10:31:13+00:00\" \/>\n<meta property=\"article:modified_time\" content=\"2023-10-20T10:46:33+00:00\" \/>\n<meta property=\"og:image\" content=\"https:\/\/www.richardappelbom.se\/wp-content\/uploads\/2023\/10\/change.jpg\" \/>\n<meta name=\"author\" content=\"admin\" \/>\n<meta name=\"twitter:card\" content=\"summary_large_image\" \/>\n<meta name=\"twitter:creator\" content=\"@RichardAppelbom\" \/>\n<meta name=\"twitter:site\" content=\"@RichardAppelbom\" \/>\n<meta name=\"twitter:label1\" content=\"Written by\" \/>\n\t<meta name=\"twitter:data1\" content=\"admin\" \/>\n\t<meta name=\"twitter:label2\" content=\"Est. reading time\" \/>\n\t<meta name=\"twitter:data2\" content=\"2 minutes\" \/>\n<script type=\"application\/ld+json\" class=\"yoast-schema-graph\">{\"@context\":\"https:\/\/schema.org\",\"@graph\":[{\"@type\":\"Article\",\"@id\":\"https:\/\/www.richardappelbom.se\/index.php\/2023\/10\/20\/dubbelvinn-for-labour-pekar-mot-stor-valseger-i-nasta-parlamentsval\/#article\",\"isPartOf\":{\"@id\":\"https:\/\/www.richardappelbom.se\/index.php\/2023\/10\/20\/dubbelvinn-for-labour-pekar-mot-stor-valseger-i-nasta-parlamentsval\/\"},\"author\":{\"name\":\"admin\",\"@id\":\"https:\/\/www.richardappelbom.se\/#\/schema\/person\/98f55ffd095155d902e585f10999a15d\"},\"headline\":\"Dubbelseger f\u00f6r Labour pekar mot stor valseger i n\u00e4sta parlamentsval\",\"datePublished\":\"2023-10-20T10:31:13+00:00\",\"dateModified\":\"2023-10-20T10:46:33+00:00\",\"mainEntityOfPage\":{\"@id\":\"https:\/\/www.richardappelbom.se\/index.php\/2023\/10\/20\/dubbelvinn-for-labour-pekar-mot-stor-valseger-i-nasta-parlamentsval\/\"},\"wordCount\":372,\"commentCount\":0,\"image\":{\"@id\":\"https:\/\/www.richardappelbom.se\/index.php\/2023\/10\/20\/dubbelvinn-for-labour-pekar-mot-stor-valseger-i-nasta-parlamentsval\/#primaryimage\"},\"thumbnailUrl\":\"https:\/\/www.richardappelbom.se\/wp-content\/uploads\/2023\/10\/change.jpg\",\"articleSection\":[\"Allm\u00e4n Posts\"],\"inLanguage\":\"en-US\",\"potentialAction\":[{\"@type\":\"CommentAction\",\"name\":\"Comment\",\"target\":[\"https:\/\/www.richardappelbom.se\/index.php\/2023\/10\/20\/dubbelvinn-for-labour-pekar-mot-stor-valseger-i-nasta-parlamentsval\/#respond\"]}]},{\"@type\":\"WebPage\",\"@id\":\"https:\/\/www.richardappelbom.se\/index.php\/2023\/10\/20\/dubbelvinn-for-labour-pekar-mot-stor-valseger-i-nasta-parlamentsval\/\",\"url\":\"https:\/\/www.richardappelbom.se\/index.php\/2023\/10\/20\/dubbelvinn-for-labour-pekar-mot-stor-valseger-i-nasta-parlamentsval\/\",\"name\":\"Dubbelseger f\u00f6r Labour pekar mot stor valseger i n\u00e4sta parlamentsval - Richard Appelbom\",\"isPartOf\":{\"@id\":\"https:\/\/www.richardappelbom.se\/#website\"},\"primaryImageOfPage\":{\"@id\":\"https:\/\/www.richardappelbom.se\/index.php\/2023\/10\/20\/dubbelvinn-for-labour-pekar-mot-stor-valseger-i-nasta-parlamentsval\/#primaryimage\"},\"image\":{\"@id\":\"https:\/\/www.richardappelbom.se\/index.php\/2023\/10\/20\/dubbelvinn-for-labour-pekar-mot-stor-valseger-i-nasta-parlamentsval\/#primaryimage\"},\"thumbnailUrl\":\"https:\/\/www.richardappelbom.se\/wp-content\/uploads\/2023\/10\/change.jpg\",\"datePublished\":\"2023-10-20T10:31:13+00:00\",\"dateModified\":\"2023-10-20T10:46:33+00:00\",\"author\":{\"@id\":\"https:\/\/www.richardappelbom.se\/#\/schema\/person\/98f55ffd095155d902e585f10999a15d\"},\"description\":\"Fyllnadsval \u00e4r inte allm\u00e4nna val, men trenden pekar mot Labourmajoritet i n\u00e4sta val\",\"breadcrumb\":{\"@id\":\"https:\/\/www.richardappelbom.se\/index.php\/2023\/10\/20\/dubbelvinn-for-labour-pekar-mot-stor-valseger-i-nasta-parlamentsval\/#breadcrumb\"},\"inLanguage\":\"en-US\",\"potentialAction\":[{\"@type\":\"ReadAction\",\"target\":[\"https:\/\/www.richardappelbom.se\/index.php\/2023\/10\/20\/dubbelvinn-for-labour-pekar-mot-stor-valseger-i-nasta-parlamentsval\/\"]}]},{\"@type\":\"ImageObject\",\"inLanguage\":\"en-US\",\"@id\":\"https:\/\/www.richardappelbom.se\/index.php\/2023\/10\/20\/dubbelvinn-for-labour-pekar-mot-stor-valseger-i-nasta-parlamentsval\/#primaryimage\",\"url\":\"https:\/\/www.richardappelbom.se\/wp-content\/uploads\/2023\/10\/change.jpg\",\"contentUrl\":\"https:\/\/www.richardappelbom.se\/wp-content\/uploads\/2023\/10\/change.jpg\",\"width\":275,\"height\":183},{\"@type\":\"BreadcrumbList\",\"@id\":\"https:\/\/www.richardappelbom.se\/index.php\/2023\/10\/20\/dubbelvinn-for-labour-pekar-mot-stor-valseger-i-nasta-parlamentsval\/#breadcrumb\",\"itemListElement\":[{\"@type\":\"ListItem\",\"position\":1,\"name\":\"Home\",\"item\":\"https:\/\/www.richardappelbom.se\/\"},{\"@type\":\"ListItem\",\"position\":2,\"name\":\"Dubbelseger f\u00f6r Labour pekar mot stor valseger i n\u00e4sta parlamentsval\"}]},{\"@type\":\"WebSite\",\"@id\":\"https:\/\/www.richardappelbom.se\/#website\",\"url\":\"https:\/\/www.richardappelbom.se\/\",\"name\":\"Richard Appelbom\",\"description\":\"En blogg om val och valsystem\",\"potentialAction\":[{\"@type\":\"SearchAction\",\"target\":{\"@type\":\"EntryPoint\",\"urlTemplate\":\"https:\/\/www.richardappelbom.se\/?s={search_term_string}\"},\"query-input\":{\"@type\":\"PropertyValueSpecification\",\"valueRequired\":true,\"valueName\":\"search_term_string\"}}],\"inLanguage\":\"en-US\"},{\"@type\":\"Person\",\"@id\":\"https:\/\/www.richardappelbom.se\/#\/schema\/person\/98f55ffd095155d902e585f10999a15d\",\"name\":\"admin\",\"image\":{\"@type\":\"ImageObject\",\"inLanguage\":\"en-US\",\"@id\":\"https:\/\/secure.gravatar.com\/avatar\/480edd36f6cc3945e6b2db9fdc6f78df2a3fb98b7b27925b8d810863cfa537e7?s=96&d=mm&r=g\",\"url\":\"https:\/\/secure.gravatar.com\/avatar\/480edd36f6cc3945e6b2db9fdc6f78df2a3fb98b7b27925b8d810863cfa537e7?s=96&d=mm&r=g\",\"contentUrl\":\"https:\/\/secure.gravatar.com\/avatar\/480edd36f6cc3945e6b2db9fdc6f78df2a3fb98b7b27925b8d810863cfa537e7?s=96&d=mm&r=g\",\"caption\":\"admin\"},\"sameAs\":[\"https:\/\/www.facebook.com\/rappelbom\",\"https:\/\/twitter.com\/RichardAppelbom\"],\"url\":\"https:\/\/www.richardappelbom.se\/index.php\/author\/ra_j9l6616t\/\"}]}<\/script>\n<!-- \/ Yoast SEO plugin. -->","yoast_head_json":{"title":"Dubbelseger f\u00f6r Labour pekar mot stor valseger i n\u00e4sta parlamentsval - Richard Appelbom","description":"Fyllnadsval \u00e4r inte allm\u00e4nna val, men trenden pekar mot Labourmajoritet i n\u00e4sta val","robots":{"index":"index","follow":"follow","max-snippet":"max-snippet:-1","max-image-preview":"max-image-preview:large","max-video-preview":"max-video-preview:-1"},"canonical":"https:\/\/www.richardappelbom.se\/index.php\/2023\/10\/20\/dubbelvinn-for-labour-pekar-mot-stor-valseger-i-nasta-parlamentsval\/","og_locale":"en_US","og_type":"article","og_title":"Dubbelseger f\u00f6r Labour pekar mot stor valseger i n\u00e4sta parlamentsval - Richard Appelbom","og_description":"Fyllnadsval \u00e4r inte allm\u00e4nna val, men trenden pekar mot Labourmajoritet i n\u00e4sta val","og_url":"https:\/\/www.richardappelbom.se\/index.php\/2023\/10\/20\/dubbelvinn-for-labour-pekar-mot-stor-valseger-i-nasta-parlamentsval\/","og_site_name":"Richard Appelbom","article_publisher":"https:\/\/www.facebook.com\/rappelbom","article_author":"https:\/\/www.facebook.com\/rappelbom","article_published_time":"2023-10-20T10:31:13+00:00","article_modified_time":"2023-10-20T10:46:33+00:00","og_image":[{"url":"https:\/\/www.richardappelbom.se\/wp-content\/uploads\/2023\/10\/change.jpg","type":"","width":"","height":""}],"author":"admin","twitter_card":"summary_large_image","twitter_creator":"@RichardAppelbom","twitter_site":"@RichardAppelbom","twitter_misc":{"Written by":"admin","Est. reading time":"2 minutes"},"schema":{"@context":"https:\/\/schema.org","@graph":[{"@type":"Article","@id":"https:\/\/www.richardappelbom.se\/index.php\/2023\/10\/20\/dubbelvinn-for-labour-pekar-mot-stor-valseger-i-nasta-parlamentsval\/#article","isPartOf":{"@id":"https:\/\/www.richardappelbom.se\/index.php\/2023\/10\/20\/dubbelvinn-for-labour-pekar-mot-stor-valseger-i-nasta-parlamentsval\/"},"author":{"name":"admin","@id":"https:\/\/www.richardappelbom.se\/#\/schema\/person\/98f55ffd095155d902e585f10999a15d"},"headline":"Dubbelseger f\u00f6r Labour pekar mot stor valseger i n\u00e4sta parlamentsval","datePublished":"2023-10-20T10:31:13+00:00","dateModified":"2023-10-20T10:46:33+00:00","mainEntityOfPage":{"@id":"https:\/\/www.richardappelbom.se\/index.php\/2023\/10\/20\/dubbelvinn-for-labour-pekar-mot-stor-valseger-i-nasta-parlamentsval\/"},"wordCount":372,"commentCount":0,"image":{"@id":"https:\/\/www.richardappelbom.se\/index.php\/2023\/10\/20\/dubbelvinn-for-labour-pekar-mot-stor-valseger-i-nasta-parlamentsval\/#primaryimage"},"thumbnailUrl":"https:\/\/www.richardappelbom.se\/wp-content\/uploads\/2023\/10\/change.jpg","articleSection":["Allm\u00e4n Posts"],"inLanguage":"en-US","potentialAction":[{"@type":"CommentAction","name":"Comment","target":["https:\/\/www.richardappelbom.se\/index.php\/2023\/10\/20\/dubbelvinn-for-labour-pekar-mot-stor-valseger-i-nasta-parlamentsval\/#respond"]}]},{"@type":"WebPage","@id":"https:\/\/www.richardappelbom.se\/index.php\/2023\/10\/20\/dubbelvinn-for-labour-pekar-mot-stor-valseger-i-nasta-parlamentsval\/","url":"https:\/\/www.richardappelbom.se\/index.php\/2023\/10\/20\/dubbelvinn-for-labour-pekar-mot-stor-valseger-i-nasta-parlamentsval\/","name":"Dubbelseger f\u00f6r Labour pekar mot stor valseger i n\u00e4sta parlamentsval - Richard Appelbom","isPartOf":{"@id":"https:\/\/www.richardappelbom.se\/#website"},"primaryImageOfPage":{"@id":"https:\/\/www.richardappelbom.se\/index.php\/2023\/10\/20\/dubbelvinn-for-labour-pekar-mot-stor-valseger-i-nasta-parlamentsval\/#primaryimage"},"image":{"@id":"https:\/\/www.richardappelbom.se\/index.php\/2023\/10\/20\/dubbelvinn-for-labour-pekar-mot-stor-valseger-i-nasta-parlamentsval\/#primaryimage"},"thumbnailUrl":"https:\/\/www.richardappelbom.se\/wp-content\/uploads\/2023\/10\/change.jpg","datePublished":"2023-10-20T10:31:13+00:00","dateModified":"2023-10-20T10:46:33+00:00","author":{"@id":"https:\/\/www.richardappelbom.se\/#\/schema\/person\/98f55ffd095155d902e585f10999a15d"},"description":"Fyllnadsval \u00e4r inte allm\u00e4nna val, men trenden pekar mot Labourmajoritet i n\u00e4sta val","breadcrumb":{"@id":"https:\/\/www.richardappelbom.se\/index.php\/2023\/10\/20\/dubbelvinn-for-labour-pekar-mot-stor-valseger-i-nasta-parlamentsval\/#breadcrumb"},"inLanguage":"en-US","potentialAction":[{"@type":"ReadAction","target":["https:\/\/www.richardappelbom.se\/index.php\/2023\/10\/20\/dubbelvinn-for-labour-pekar-mot-stor-valseger-i-nasta-parlamentsval\/"]}]},{"@type":"ImageObject","inLanguage":"en-US","@id":"https:\/\/www.richardappelbom.se\/index.php\/2023\/10\/20\/dubbelvinn-for-labour-pekar-mot-stor-valseger-i-nasta-parlamentsval\/#primaryimage","url":"https:\/\/www.richardappelbom.se\/wp-content\/uploads\/2023\/10\/change.jpg","contentUrl":"https:\/\/www.richardappelbom.se\/wp-content\/uploads\/2023\/10\/change.jpg","width":275,"height":183},{"@type":"BreadcrumbList","@id":"https:\/\/www.richardappelbom.se\/index.php\/2023\/10\/20\/dubbelvinn-for-labour-pekar-mot-stor-valseger-i-nasta-parlamentsval\/#breadcrumb","itemListElement":[{"@type":"ListItem","position":1,"name":"Home","item":"https:\/\/www.richardappelbom.se\/"},{"@type":"ListItem","position":2,"name":"Dubbelseger f\u00f6r Labour pekar mot stor valseger i n\u00e4sta parlamentsval"}]},{"@type":"WebSite","@id":"https:\/\/www.richardappelbom.se\/#website","url":"https:\/\/www.richardappelbom.se\/","name":"Richard Appelbom","description":"En blogg om val och valsystem","potentialAction":[{"@type":"SearchAction","target":{"@type":"EntryPoint","urlTemplate":"https:\/\/www.richardappelbom.se\/?s={search_term_string}"},"query-input":{"@type":"PropertyValueSpecification","valueRequired":true,"valueName":"search_term_string"}}],"inLanguage":"en-US"},{"@type":"Person","@id":"https:\/\/www.richardappelbom.se\/#\/schema\/person\/98f55ffd095155d902e585f10999a15d","name":"admin","image":{"@type":"ImageObject","inLanguage":"en-US","@id":"https:\/\/secure.gravatar.com\/avatar\/480edd36f6cc3945e6b2db9fdc6f78df2a3fb98b7b27925b8d810863cfa537e7?s=96&d=mm&r=g","url":"https:\/\/secure.gravatar.com\/avatar\/480edd36f6cc3945e6b2db9fdc6f78df2a3fb98b7b27925b8d810863cfa537e7?s=96&d=mm&r=g","contentUrl":"https:\/\/secure.gravatar.com\/avatar\/480edd36f6cc3945e6b2db9fdc6f78df2a3fb98b7b27925b8d810863cfa537e7?s=96&d=mm&r=g","caption":"admin"},"sameAs":["https:\/\/www.facebook.com\/rappelbom","https:\/\/twitter.com\/RichardAppelbom"],"url":"https:\/\/www.richardappelbom.se\/index.php\/author\/ra_j9l6616t\/"}]}},"jetpack_featured_media_url":"","jetpack_sharing_enabled":true,"_links":{"self":[{"href":"https:\/\/www.richardappelbom.se\/index.php\/wp-json\/wp\/v2\/posts\/456","targetHints":{"allow":["GET"]}}],"collection":[{"href":"https:\/\/www.richardappelbom.se\/index.php\/wp-json\/wp\/v2\/posts"}],"about":[{"href":"https:\/\/www.richardappelbom.se\/index.php\/wp-json\/wp\/v2\/types\/post"}],"author":[{"embeddable":true,"href":"https:\/\/www.richardappelbom.se\/index.php\/wp-json\/wp\/v2\/users\/1"}],"replies":[{"embeddable":true,"href":"https:\/\/www.richardappelbom.se\/index.php\/wp-json\/wp\/v2\/comments?post=456"}],"version-history":[{"count":2,"href":"https:\/\/www.richardappelbom.se\/index.php\/wp-json\/wp\/v2\/posts\/456\/revisions"}],"predecessor-version":[{"id":459,"href":"https:\/\/www.richardappelbom.se\/index.php\/wp-json\/wp\/v2\/posts\/456\/revisions\/459"}],"wp:attachment":[{"href":"https:\/\/www.richardappelbom.se\/index.php\/wp-json\/wp\/v2\/media?parent=456"}],"wp:term":[{"taxonomy":"category","embeddable":true,"href":"https:\/\/www.richardappelbom.se\/index.php\/wp-json\/wp\/v2\/categories?post=456"},{"taxonomy":"post_tag","embeddable":true,"href":"https:\/\/www.richardappelbom.se\/index.php\/wp-json\/wp\/v2\/tags?post=456"}],"curies":[{"name":"wp","href":"https:\/\/api.w.org\/{rel}","templated":true}]}}