{"id":465,"date":"2023-12-20T16:53:04","date_gmt":"2023-12-20T16:53:04","guid":{"rendered":"https:\/\/www.richardappelbom.se\/?p=465"},"modified":"2023-12-20T16:53:05","modified_gmt":"2023-12-20T16:53:05","slug":"standiga-val-kan-undergrava-demokrati-i-serbien","status":"publish","type":"post","link":"https:\/\/www.richardappelbom.se\/index.php\/2023\/12\/20\/standiga-val-kan-undergrava-demokrati-i-serbien\/","title":{"rendered":"St\u00e4ndiga val kan undergr\u00e4va demokrati i Serbien"},"content":{"rendered":"\n<figure class=\"wp-block-image size-full is-resized\"><img loading=\"lazy\" decoding=\"async\" width=\"275\" height=\"183\" src=\"https:\/\/www.richardappelbom.se\/wp-content\/uploads\/2023\/12\/serbiens-president.jpg\" alt=\"\" class=\"wp-image-466\" style=\"width:512px;height:auto\"\/><\/figure>\n\n\n\n<p>Seerbiens president Aleksandar Vu\u010di\u0107\u2019 har vunnit \u00e4nnu ett val<\/p>\n\n\n\n<p><a href=\"https:\/\/en.wikipedia.org\/wiki\/2023_Serbian_parliamentary_election#Notes\">Parlamenstvalet i Serbien<\/a> blev en framg\u00e5ng f\u00f6r president Vu\u010di\u0107\u2019s parti SNS. som fick egen majoritet av mandaten och 48 procent av r\u00f6sterna. SNS har haft makten sedan 2012, d\u00e5 Vu\u010di\u0107\u2019 blev partiledare. <a href=\"https:\/\/sv.wikipedia.org\/wiki\/Aleksandar_Vu%C4%8Di%C4%87\">Han tillh\u00f6rde<\/a> tidigare det extremnationalistiska Radikala partiet, men l\u00e4mnade partiet och sade sig vara f\u00f6r ett n\u00e4rmande till EU.  Vu\u010di\u0107\u2019 och SNS har f\u00f6rs\u00f6kt balansera ett framtida EU-medlemskap med den traditionella v\u00e4nskapen med Ryssland. L\u00e4ttare sagt \u00e4n gjort.<\/p>\n\n\n\n<p>Valobservat\u00f6rer kritiserade valet och regeringens inflytande \u00f6ver media. S\u00e4rskilt i huvudstaden Belgrad, d\u00e4r opppositionen \u00e4r stark, fanns uppgifter om att &#8220;nya&#8221; v\u00e4ljare hade dykt upp i vallokalerna, kanske fr\u00e5n den bosniskserbiska delen av Bosnien. Opionsm\u00e4tningar tydde ocks\u00e5 p\u00e5 ett j\u00e4mnare val, SNS-listan fick mer st\u00f6d b\u00e5de i landet och i Belgrad \u00e4n vad m\u00e4tningar visade. S\u00e5 det finns illavarslande tecken om demokratins framtid i Serbien<\/p>\n\n\n\n<p>Ett annat sk\u00e4l till att SNS kunna ha makten i \u00f6ver tio \u00e5r \u00e4r <a href=\"https:\/\/www.politico.eu\/article\/united-opposition-pose-test-serbia-election-aleksandar-vucic\/\">st\u00e4ndiga val<\/a>, det har varit fem val sedan partiet kom till makten 2012. Oppositionen har haft sv\u00e5trt att samla sig i det politiskt splittrade landet n\u00e4r det st\u00e4ndigt utlyses nya val.<\/p>\n\n\n\n<p>Formellt gynnar inte valsystemet st\u00f6rre partier i parlamentet. De 250 mandaten utses i en enda valkrets och sp\u00e4rrgr\u00e4nsen \u00e4r l\u00e5ga 3 procent. D\u00e4rut\u00f6ver partier f\u00f6r minoriteter f\u00e5 mandat utyan att klara sp\u00e4rrgr\u00e4nsen. Men \u00e4nd\u00e5 r\u00f6stade n\u00e4stan n\u00e4rmare 9 procent av v\u00e4ljarna p\u00e5 partier som inte klarade sp\u00e4rrgr\u00e4nsen, vilket innebar att SNS 48 procent r\u00e4ckte till egen majoritet med 130 av 250 mandat.<\/p>\n\n\n\n<p>Liberalernas bist\u00e5ndsorganisation Silc hade tidigare samarbete med Liberaldemokratiska partiet (LDP), som framstod som en bra och v\u00e4l fungerande partner. Men partiet har krympt ihop och tappat fotf\u00e4stet. I valet 2023 fick det bara 0,25 procent av r\u00f6sterna.  <\/p>\n","protected":false},"excerpt":{"rendered":"<p>Seerbiens president Aleksandar Vu\u010di\u0107\u2019 har vunnit \u00e4nnu ett val Parlamenstvalet i Serbien blev en framg\u00e5ng f\u00f6r president Vu\u010di\u0107\u2019s parti SNS. som fick egen majoritet av mandaten och 48 procent av r\u00f6sterna. SNS har haft makten sedan 2012, d\u00e5 Vu\u010di\u0107\u2019 blev partiledare. Han tillh\u00f6rde tidigare det extremnationalistiska Radikala partiet, men l\u00e4mnade partiet och sade sig vara [&hellip;]<\/p>\n","protected":false},"author":1,"featured_media":0,"comment_status":"open","ping_status":"closed","sticky":false,"template":"","format":"standard","meta":{"_jetpack_memberships_contains_paid_content":false,"footnotes":""},"categories":[10],"tags":[],"class_list":["post-465","post","type-post","status-publish","format-standard","hentry","category-allman-inlagg"],"yoast_head":"<!-- This site is optimized with the Yoast SEO plugin v27.2 - https:\/\/yoast.com\/product\/yoast-seo-wordpress\/ -->\n<title>St\u00e4ndiga val kan undergr\u00e4va demokrati i Serbien - Richard Appelbom<\/title>\n<meta name=\"description\" content=\"Partiet SNS har styrt Serbien sedan 2012 och f\u00e5tt kritik f\u00f6r auktorit\u00e4ra tendenser. St\u00e4ndiga val verkar vara ett s\u00e4tt att beh\u00e5lla makten\" \/>\n<meta name=\"robots\" content=\"index, follow, max-snippet:-1, max-image-preview:large, max-video-preview:-1\" \/>\n<link rel=\"canonical\" href=\"https:\/\/www.richardappelbom.se\/index.php\/2023\/12\/20\/standiga-val-kan-undergrava-demokrati-i-serbien\/\" \/>\n<meta property=\"og:locale\" content=\"en_US\" \/>\n<meta property=\"og:type\" content=\"article\" \/>\n<meta property=\"og:title\" content=\"St\u00e4ndiga val kan undergr\u00e4va demokrati i Serbien - Richard Appelbom\" \/>\n<meta property=\"og:description\" content=\"Partiet SNS har styrt Serbien sedan 2012 och f\u00e5tt kritik f\u00f6r auktorit\u00e4ra tendenser. St\u00e4ndiga val verkar vara ett s\u00e4tt att beh\u00e5lla makten\" \/>\n<meta property=\"og:url\" content=\"https:\/\/www.richardappelbom.se\/index.php\/2023\/12\/20\/standiga-val-kan-undergrava-demokrati-i-serbien\/\" \/>\n<meta property=\"og:site_name\" content=\"Richard Appelbom\" \/>\n<meta property=\"article:publisher\" content=\"https:\/\/www.facebook.com\/rappelbom\" \/>\n<meta property=\"article:author\" content=\"https:\/\/www.facebook.com\/rappelbom\" \/>\n<meta property=\"article:published_time\" content=\"2023-12-20T16:53:04+00:00\" \/>\n<meta property=\"article:modified_time\" content=\"2023-12-20T16:53:05+00:00\" \/>\n<meta property=\"og:image\" content=\"https:\/\/www.richardappelbom.se\/wp-content\/uploads\/2023\/12\/serbiens-president.jpg\" \/>\n<meta name=\"author\" content=\"admin\" \/>\n<meta name=\"twitter:card\" content=\"summary_large_image\" \/>\n<meta name=\"twitter:creator\" content=\"@RichardAppelbom\" \/>\n<meta name=\"twitter:site\" content=\"@RichardAppelbom\" \/>\n<meta name=\"twitter:label1\" content=\"Written by\" \/>\n\t<meta name=\"twitter:data1\" content=\"admin\" \/>\n\t<meta name=\"twitter:label2\" content=\"Est. reading time\" \/>\n\t<meta name=\"twitter:data2\" content=\"2 minutes\" \/>\n<script type=\"application\/ld+json\" class=\"yoast-schema-graph\">{\"@context\":\"https:\/\/schema.org\",\"@graph\":[{\"@type\":\"Article\",\"@id\":\"https:\/\/www.richardappelbom.se\/index.php\/2023\/12\/20\/standiga-val-kan-undergrava-demokrati-i-serbien\/#article\",\"isPartOf\":{\"@id\":\"https:\/\/www.richardappelbom.se\/index.php\/2023\/12\/20\/standiga-val-kan-undergrava-demokrati-i-serbien\/\"},\"author\":{\"name\":\"admin\",\"@id\":\"https:\/\/www.richardappelbom.se\/#\/schema\/person\/98f55ffd095155d902e585f10999a15d\"},\"headline\":\"St\u00e4ndiga val kan undergr\u00e4va demokrati i Serbien\",\"datePublished\":\"2023-12-20T16:53:04+00:00\",\"dateModified\":\"2023-12-20T16:53:05+00:00\",\"mainEntityOfPage\":{\"@id\":\"https:\/\/www.richardappelbom.se\/index.php\/2023\/12\/20\/standiga-val-kan-undergrava-demokrati-i-serbien\/\"},\"wordCount\":337,\"commentCount\":0,\"image\":{\"@id\":\"https:\/\/www.richardappelbom.se\/index.php\/2023\/12\/20\/standiga-val-kan-undergrava-demokrati-i-serbien\/#primaryimage\"},\"thumbnailUrl\":\"https:\/\/www.richardappelbom.se\/wp-content\/uploads\/2023\/12\/serbiens-president.jpg\",\"articleSection\":[\"Allm\u00e4n Posts\"],\"inLanguage\":\"en-US\",\"potentialAction\":[{\"@type\":\"CommentAction\",\"name\":\"Comment\",\"target\":[\"https:\/\/www.richardappelbom.se\/index.php\/2023\/12\/20\/standiga-val-kan-undergrava-demokrati-i-serbien\/#respond\"]}]},{\"@type\":\"WebPage\",\"@id\":\"https:\/\/www.richardappelbom.se\/index.php\/2023\/12\/20\/standiga-val-kan-undergrava-demokrati-i-serbien\/\",\"url\":\"https:\/\/www.richardappelbom.se\/index.php\/2023\/12\/20\/standiga-val-kan-undergrava-demokrati-i-serbien\/\",\"name\":\"St\u00e4ndiga val kan undergr\u00e4va demokrati i Serbien - Richard Appelbom\",\"isPartOf\":{\"@id\":\"https:\/\/www.richardappelbom.se\/#website\"},\"primaryImageOfPage\":{\"@id\":\"https:\/\/www.richardappelbom.se\/index.php\/2023\/12\/20\/standiga-val-kan-undergrava-demokrati-i-serbien\/#primaryimage\"},\"image\":{\"@id\":\"https:\/\/www.richardappelbom.se\/index.php\/2023\/12\/20\/standiga-val-kan-undergrava-demokrati-i-serbien\/#primaryimage\"},\"thumbnailUrl\":\"https:\/\/www.richardappelbom.se\/wp-content\/uploads\/2023\/12\/serbiens-president.jpg\",\"datePublished\":\"2023-12-20T16:53:04+00:00\",\"dateModified\":\"2023-12-20T16:53:05+00:00\",\"author\":{\"@id\":\"https:\/\/www.richardappelbom.se\/#\/schema\/person\/98f55ffd095155d902e585f10999a15d\"},\"description\":\"Partiet SNS har styrt Serbien sedan 2012 och f\u00e5tt kritik f\u00f6r auktorit\u00e4ra tendenser. St\u00e4ndiga val verkar vara ett s\u00e4tt att beh\u00e5lla makten\",\"breadcrumb\":{\"@id\":\"https:\/\/www.richardappelbom.se\/index.php\/2023\/12\/20\/standiga-val-kan-undergrava-demokrati-i-serbien\/#breadcrumb\"},\"inLanguage\":\"en-US\",\"potentialAction\":[{\"@type\":\"ReadAction\",\"target\":[\"https:\/\/www.richardappelbom.se\/index.php\/2023\/12\/20\/standiga-val-kan-undergrava-demokrati-i-serbien\/\"]}]},{\"@type\":\"ImageObject\",\"inLanguage\":\"en-US\",\"@id\":\"https:\/\/www.richardappelbom.se\/index.php\/2023\/12\/20\/standiga-val-kan-undergrava-demokrati-i-serbien\/#primaryimage\",\"url\":\"https:\/\/www.richardappelbom.se\/wp-content\/uploads\/2023\/12\/serbiens-president.jpg\",\"contentUrl\":\"https:\/\/www.richardappelbom.se\/wp-content\/uploads\/2023\/12\/serbiens-president.jpg\",\"width\":275,\"height\":183},{\"@type\":\"BreadcrumbList\",\"@id\":\"https:\/\/www.richardappelbom.se\/index.php\/2023\/12\/20\/standiga-val-kan-undergrava-demokrati-i-serbien\/#breadcrumb\",\"itemListElement\":[{\"@type\":\"ListItem\",\"position\":1,\"name\":\"Home\",\"item\":\"https:\/\/www.richardappelbom.se\/\"},{\"@type\":\"ListItem\",\"position\":2,\"name\":\"St\u00e4ndiga val kan undergr\u00e4va demokrati i Serbien\"}]},{\"@type\":\"WebSite\",\"@id\":\"https:\/\/www.richardappelbom.se\/#website\",\"url\":\"https:\/\/www.richardappelbom.se\/\",\"name\":\"Richard Appelbom\",\"description\":\"En blogg om val och valsystem\",\"potentialAction\":[{\"@type\":\"SearchAction\",\"target\":{\"@type\":\"EntryPoint\",\"urlTemplate\":\"https:\/\/www.richardappelbom.se\/?s={search_term_string}\"},\"query-input\":{\"@type\":\"PropertyValueSpecification\",\"valueRequired\":true,\"valueName\":\"search_term_string\"}}],\"inLanguage\":\"en-US\"},{\"@type\":\"Person\",\"@id\":\"https:\/\/www.richardappelbom.se\/#\/schema\/person\/98f55ffd095155d902e585f10999a15d\",\"name\":\"admin\",\"image\":{\"@type\":\"ImageObject\",\"inLanguage\":\"en-US\",\"@id\":\"https:\/\/secure.gravatar.com\/avatar\/480edd36f6cc3945e6b2db9fdc6f78df2a3fb98b7b27925b8d810863cfa537e7?s=96&d=mm&r=g\",\"url\":\"https:\/\/secure.gravatar.com\/avatar\/480edd36f6cc3945e6b2db9fdc6f78df2a3fb98b7b27925b8d810863cfa537e7?s=96&d=mm&r=g\",\"contentUrl\":\"https:\/\/secure.gravatar.com\/avatar\/480edd36f6cc3945e6b2db9fdc6f78df2a3fb98b7b27925b8d810863cfa537e7?s=96&d=mm&r=g\",\"caption\":\"admin\"},\"sameAs\":[\"https:\/\/www.facebook.com\/rappelbom\",\"https:\/\/twitter.com\/RichardAppelbom\"],\"url\":\"https:\/\/www.richardappelbom.se\/index.php\/author\/ra_j9l6616t\/\"}]}<\/script>\n<!-- \/ Yoast SEO plugin. -->","yoast_head_json":{"title":"St\u00e4ndiga val kan undergr\u00e4va demokrati i Serbien - Richard Appelbom","description":"Partiet SNS har styrt Serbien sedan 2012 och f\u00e5tt kritik f\u00f6r auktorit\u00e4ra tendenser. St\u00e4ndiga val verkar vara ett s\u00e4tt att beh\u00e5lla makten","robots":{"index":"index","follow":"follow","max-snippet":"max-snippet:-1","max-image-preview":"max-image-preview:large","max-video-preview":"max-video-preview:-1"},"canonical":"https:\/\/www.richardappelbom.se\/index.php\/2023\/12\/20\/standiga-val-kan-undergrava-demokrati-i-serbien\/","og_locale":"en_US","og_type":"article","og_title":"St\u00e4ndiga val kan undergr\u00e4va demokrati i Serbien - Richard Appelbom","og_description":"Partiet SNS har styrt Serbien sedan 2012 och f\u00e5tt kritik f\u00f6r auktorit\u00e4ra tendenser. St\u00e4ndiga val verkar vara ett s\u00e4tt att beh\u00e5lla makten","og_url":"https:\/\/www.richardappelbom.se\/index.php\/2023\/12\/20\/standiga-val-kan-undergrava-demokrati-i-serbien\/","og_site_name":"Richard Appelbom","article_publisher":"https:\/\/www.facebook.com\/rappelbom","article_author":"https:\/\/www.facebook.com\/rappelbom","article_published_time":"2023-12-20T16:53:04+00:00","article_modified_time":"2023-12-20T16:53:05+00:00","og_image":[{"url":"https:\/\/www.richardappelbom.se\/wp-content\/uploads\/2023\/12\/serbiens-president.jpg","type":"","width":"","height":""}],"author":"admin","twitter_card":"summary_large_image","twitter_creator":"@RichardAppelbom","twitter_site":"@RichardAppelbom","twitter_misc":{"Written by":"admin","Est. reading time":"2 minutes"},"schema":{"@context":"https:\/\/schema.org","@graph":[{"@type":"Article","@id":"https:\/\/www.richardappelbom.se\/index.php\/2023\/12\/20\/standiga-val-kan-undergrava-demokrati-i-serbien\/#article","isPartOf":{"@id":"https:\/\/www.richardappelbom.se\/index.php\/2023\/12\/20\/standiga-val-kan-undergrava-demokrati-i-serbien\/"},"author":{"name":"admin","@id":"https:\/\/www.richardappelbom.se\/#\/schema\/person\/98f55ffd095155d902e585f10999a15d"},"headline":"St\u00e4ndiga val kan undergr\u00e4va demokrati i Serbien","datePublished":"2023-12-20T16:53:04+00:00","dateModified":"2023-12-20T16:53:05+00:00","mainEntityOfPage":{"@id":"https:\/\/www.richardappelbom.se\/index.php\/2023\/12\/20\/standiga-val-kan-undergrava-demokrati-i-serbien\/"},"wordCount":337,"commentCount":0,"image":{"@id":"https:\/\/www.richardappelbom.se\/index.php\/2023\/12\/20\/standiga-val-kan-undergrava-demokrati-i-serbien\/#primaryimage"},"thumbnailUrl":"https:\/\/www.richardappelbom.se\/wp-content\/uploads\/2023\/12\/serbiens-president.jpg","articleSection":["Allm\u00e4n Posts"],"inLanguage":"en-US","potentialAction":[{"@type":"CommentAction","name":"Comment","target":["https:\/\/www.richardappelbom.se\/index.php\/2023\/12\/20\/standiga-val-kan-undergrava-demokrati-i-serbien\/#respond"]}]},{"@type":"WebPage","@id":"https:\/\/www.richardappelbom.se\/index.php\/2023\/12\/20\/standiga-val-kan-undergrava-demokrati-i-serbien\/","url":"https:\/\/www.richardappelbom.se\/index.php\/2023\/12\/20\/standiga-val-kan-undergrava-demokrati-i-serbien\/","name":"St\u00e4ndiga val kan undergr\u00e4va demokrati i Serbien - Richard Appelbom","isPartOf":{"@id":"https:\/\/www.richardappelbom.se\/#website"},"primaryImageOfPage":{"@id":"https:\/\/www.richardappelbom.se\/index.php\/2023\/12\/20\/standiga-val-kan-undergrava-demokrati-i-serbien\/#primaryimage"},"image":{"@id":"https:\/\/www.richardappelbom.se\/index.php\/2023\/12\/20\/standiga-val-kan-undergrava-demokrati-i-serbien\/#primaryimage"},"thumbnailUrl":"https:\/\/www.richardappelbom.se\/wp-content\/uploads\/2023\/12\/serbiens-president.jpg","datePublished":"2023-12-20T16:53:04+00:00","dateModified":"2023-12-20T16:53:05+00:00","author":{"@id":"https:\/\/www.richardappelbom.se\/#\/schema\/person\/98f55ffd095155d902e585f10999a15d"},"description":"Partiet SNS har styrt Serbien sedan 2012 och f\u00e5tt kritik f\u00f6r auktorit\u00e4ra tendenser. St\u00e4ndiga val verkar vara ett s\u00e4tt att beh\u00e5lla makten","breadcrumb":{"@id":"https:\/\/www.richardappelbom.se\/index.php\/2023\/12\/20\/standiga-val-kan-undergrava-demokrati-i-serbien\/#breadcrumb"},"inLanguage":"en-US","potentialAction":[{"@type":"ReadAction","target":["https:\/\/www.richardappelbom.se\/index.php\/2023\/12\/20\/standiga-val-kan-undergrava-demokrati-i-serbien\/"]}]},{"@type":"ImageObject","inLanguage":"en-US","@id":"https:\/\/www.richardappelbom.se\/index.php\/2023\/12\/20\/standiga-val-kan-undergrava-demokrati-i-serbien\/#primaryimage","url":"https:\/\/www.richardappelbom.se\/wp-content\/uploads\/2023\/12\/serbiens-president.jpg","contentUrl":"https:\/\/www.richardappelbom.se\/wp-content\/uploads\/2023\/12\/serbiens-president.jpg","width":275,"height":183},{"@type":"BreadcrumbList","@id":"https:\/\/www.richardappelbom.se\/index.php\/2023\/12\/20\/standiga-val-kan-undergrava-demokrati-i-serbien\/#breadcrumb","itemListElement":[{"@type":"ListItem","position":1,"name":"Home","item":"https:\/\/www.richardappelbom.se\/"},{"@type":"ListItem","position":2,"name":"St\u00e4ndiga val kan undergr\u00e4va demokrati i Serbien"}]},{"@type":"WebSite","@id":"https:\/\/www.richardappelbom.se\/#website","url":"https:\/\/www.richardappelbom.se\/","name":"Richard Appelbom","description":"En blogg om val och valsystem","potentialAction":[{"@type":"SearchAction","target":{"@type":"EntryPoint","urlTemplate":"https:\/\/www.richardappelbom.se\/?s={search_term_string}"},"query-input":{"@type":"PropertyValueSpecification","valueRequired":true,"valueName":"search_term_string"}}],"inLanguage":"en-US"},{"@type":"Person","@id":"https:\/\/www.richardappelbom.se\/#\/schema\/person\/98f55ffd095155d902e585f10999a15d","name":"admin","image":{"@type":"ImageObject","inLanguage":"en-US","@id":"https:\/\/secure.gravatar.com\/avatar\/480edd36f6cc3945e6b2db9fdc6f78df2a3fb98b7b27925b8d810863cfa537e7?s=96&d=mm&r=g","url":"https:\/\/secure.gravatar.com\/avatar\/480edd36f6cc3945e6b2db9fdc6f78df2a3fb98b7b27925b8d810863cfa537e7?s=96&d=mm&r=g","contentUrl":"https:\/\/secure.gravatar.com\/avatar\/480edd36f6cc3945e6b2db9fdc6f78df2a3fb98b7b27925b8d810863cfa537e7?s=96&d=mm&r=g","caption":"admin"},"sameAs":["https:\/\/www.facebook.com\/rappelbom","https:\/\/twitter.com\/RichardAppelbom"],"url":"https:\/\/www.richardappelbom.se\/index.php\/author\/ra_j9l6616t\/"}]}},"jetpack_featured_media_url":"","jetpack_sharing_enabled":true,"_links":{"self":[{"href":"https:\/\/www.richardappelbom.se\/index.php\/wp-json\/wp\/v2\/posts\/465","targetHints":{"allow":["GET"]}}],"collection":[{"href":"https:\/\/www.richardappelbom.se\/index.php\/wp-json\/wp\/v2\/posts"}],"about":[{"href":"https:\/\/www.richardappelbom.se\/index.php\/wp-json\/wp\/v2\/types\/post"}],"author":[{"embeddable":true,"href":"https:\/\/www.richardappelbom.se\/index.php\/wp-json\/wp\/v2\/users\/1"}],"replies":[{"embeddable":true,"href":"https:\/\/www.richardappelbom.se\/index.php\/wp-json\/wp\/v2\/comments?post=465"}],"version-history":[{"count":1,"href":"https:\/\/www.richardappelbom.se\/index.php\/wp-json\/wp\/v2\/posts\/465\/revisions"}],"predecessor-version":[{"id":467,"href":"https:\/\/www.richardappelbom.se\/index.php\/wp-json\/wp\/v2\/posts\/465\/revisions\/467"}],"wp:attachment":[{"href":"https:\/\/www.richardappelbom.se\/index.php\/wp-json\/wp\/v2\/media?parent=465"}],"wp:term":[{"taxonomy":"category","embeddable":true,"href":"https:\/\/www.richardappelbom.se\/index.php\/wp-json\/wp\/v2\/categories?post=465"},{"taxonomy":"post_tag","embeddable":true,"href":"https:\/\/www.richardappelbom.se\/index.php\/wp-json\/wp\/v2\/tags?post=465"}],"curies":[{"name":"wp","href":"https:\/\/api.w.org\/{rel}","templated":true}]}}