{"id":480,"date":"2024-03-07T10:49:55","date_gmt":"2024-03-07T10:49:55","guid":{"rendered":"https:\/\/www.richardappelbom.se\/?p=480"},"modified":"2024-03-07T10:49:56","modified_gmt":"2024-03-07T10:49:56","slug":"trump-angar-pa-men-motstandsfickor-finns-kvar","status":"publish","type":"post","link":"https:\/\/www.richardappelbom.se\/index.php\/2024\/03\/07\/trump-angar-pa-men-motstandsfickor-finns-kvar\/","title":{"rendered":"Trump \u00e5ngar p\u00e5, men motst\u00e5ndsfickor finns kvar"},"content":{"rendered":"\n<figure class=\"wp-block-image size-full is-resized\"><img loading=\"lazy\" decoding=\"async\" width=\"275\" height=\"183\" src=\"https:\/\/www.richardappelbom.se\/wp-content\/uploads\/2024\/03\/D-J-Trump.jpg\" alt=\"\" class=\"wp-image-481\" style=\"width:652px;height:auto\"\/><\/figure>\n\n\n\n<p>F\u00f6rre presidenten Donald Trump ser ut att ha nomineringen som Republikanernas kandidat i en liten ask.<\/p>\n\n\n\n<p>Normalt brukar prim\u00e4rval och nomineringsm\u00f6ten i de olika delstaterna inf\u00f6r presidentvalen vara sp\u00e4nnande. M\u00e5nga kandidater och en del \u00f6verraskningar innan n\u00e5gon vinnare framtr\u00e4der.<\/p>\n\n\n\n<p>Den h\u00e4r g\u00e5ngen har utg\u00e5ngen  verkat sig given p\u00e5 f\u00f6rhand. Demokratern satsar p\u00e5 omval av 81-\u00e5rige Joe Biden, trots att m\u00e5nga v\u00e4ljare verkar vilja ha n\u00e5gon yngre. Inga k\u00e4nda politiker har utmanat Biden.<\/p>\n\n\n\n<p>Donald Trump har, felaktigt, lyckats \u00f6vertyga en stor del av de republikanska v\u00e4ljarna att han bestals p\u00e5 segern f\u00f6rra g\u00e5ngen. De har d\u00e4rf\u00f6r sett honom som en president som s\u00f6ker omval. Alla \u00e5tal verkar snarare ha st\u00e4rkt Trumps st\u00e4llning bland de egna v\u00e4ljarna. <\/p>\n\n\n\n<p>Fr\u00e5n b\u00f6rjan fanns flera andra kandidater, men efter det f\u00f6rsta nomineringsm\u00f6tet i Iowa \u00e5terstod bara Nikki Haley. Hon representerade det gamla Republikanska partiet med l\u00e5ga skatter, konservatism i moraliska fr\u00e5gor och en kraftfull utrikespolitik. Den sistn\u00e4mnda aggressiv som i Irakkriget, men tydlig i st\u00f6det till Ukraina. En del mer m\u00e5ttfulla republikanska v\u00e4ljare har st\u00f6tt den linjen, men de har varit f\u00f6r f\u00e5 f\u00f6r f\u00f6r att hota Trump.<\/p>\n\n\n\n<p>Den modellen verkar ha ersatts med Trumps protektionism, h\u00e5rda utfall mot motst\u00e5ndare och en mer isolationistisk utrikespolitik. Det blev tydligt under &#8220;supertisdagen, d\u00e5 m\u00e5nga delstater hade prim\u00e4rval och nomineringsm\u00f6ten.<\/p>\n\n\n\n<p><a href=\"https:\/\/www.theguardian.com\/us-news\/2024\/mar\/05\/super-tuesday-primary-election-live-results-delegates\">Resultaten visade<\/a> att Biden och Trump vann n\u00e4stan \u00f6verallt. Bidens enda f\u00f6rlust kom p\u00e5 territoriet Samoa (!) Haley besegrrade Trump i Vermont, en delstat som anses &#8220;bombs\u00e4ker&#8221; f\u00f6r Demokraterna.<\/p>\n\n\n\n<p>Huvudkanddiaterna har dock en del att bekymra sig \u00f6ver. I flera delstater, fr\u00e4mst i Minnesota, r\u00f6stade ganska m\u00e5nga blankt i Demokraternas prim\u00e4rval som en protest mot vad de uppfattar som Bidens f\u00f6r proisraeliska politik. Biden kan f\u00e5 problem att f\u00e5 denna v\u00e4nsterflygel att r\u00f6sta p\u00e5 honom i slutvalet. I marginalstaten Michigan finns m\u00e5nga amerikanska muslimer med bakgrund i Mellan\u00f6stern, som kan bli avg\u00f6rande. <\/p>\n\n\n\n<p>St\u00f6det f\u00f6r Nikki Haley varierade fr\u00e5n 43 procent i Utah till under 20 procent i flera sydstater. Det finns bland en del republikanska v\u00e4ljare ett starkt motst\u00e5nd mot Trumps person och hur han har \u00e4ndrat partiets inriktning. M\u00e5nga v\u00e4ckelsekristna tycks f\u00f6rv\u00e5nande nog gilla Donald Trump, trots dennes allt annat \u00e4n moraliska leverne. Men bland mormoner, som det finns m\u00e5nga av i Utah, tycks det finnas en st\u00f6rre skepsis mot Donald Trump. Fr\u00e5gan \u00e4r om och hur m\u00e5nga av de som r\u00f6stade p\u00e5 Haley som kommer att r\u00f6sta p\u00e5 Trump i slutvalet. <\/p>\n\n\n\n<p>M\u00e5nga v\u00e4ljare skulle f\u00f6redra ett tredje alternativ, men de f\u00e5r d\u00e5 med viss r\u00e4tt h\u00f6ra att de kastar bort sin r\u00f6st och att det kan gynna den de tycker minst om av Trump och Biden. H\u00e4r skulle preferensr\u00f6stning, som finns i ett par delstater f\u00f6r andra val, g\u00f6ra att v\u00e4ljarna kunde r\u00f6sta p\u00e5 den de gillar mest och sedan p\u00e5 Biden eller Trump i andra hand. D\u00e5 skulle det verkliga st\u00f6det f\u00f6r en annan kandidat visa sig, nu kommer m\u00e5nga nog inte att v\u00e5ga r\u00f6sta p\u00e5 n\u00e5gon annan \u00e4n Biden eller Trump. F\u00f6r valet i USA verkar i mycket handla om vilken kanddiat v\u00e4ljarna ogillar mest<\/p>\n\n\n\n<p> <\/p>\n","protected":false},"excerpt":{"rendered":"<p>F\u00f6rre presidenten Donald Trump ser ut att ha nomineringen som Republikanernas kandidat i en liten ask. Normalt brukar prim\u00e4rval och nomineringsm\u00f6ten i de olika delstaterna inf\u00f6r presidentvalen vara sp\u00e4nnande. M\u00e5nga kandidater och en del \u00f6verraskningar innan n\u00e5gon vinnare framtr\u00e4der. Den h\u00e4r g\u00e5ngen har utg\u00e5ngen verkat sig given p\u00e5 f\u00f6rhand. Demokratern satsar p\u00e5 omval av 81-\u00e5rige [&hellip;]<\/p>\n","protected":false},"author":1,"featured_media":0,"comment_status":"open","ping_status":"closed","sticky":false,"template":"","format":"standard","meta":{"_jetpack_memberships_contains_paid_content":false,"footnotes":""},"categories":[10],"tags":[],"class_list":["post-480","post","type-post","status-publish","format-standard","hentry","category-allman-inlagg"],"yoast_head":"<!-- This site is optimized with the Yoast SEO plugin v27.2 - https:\/\/yoast.com\/product\/yoast-seo-wordpress\/ -->\n<title>Trump \u00e5ngar p\u00e5, men motst\u00e5ndsfickor finns kvar - Richard Appelbom<\/title>\n<meta name=\"robots\" content=\"index, follow, max-snippet:-1, max-image-preview:large, max-video-preview:-1\" \/>\n<link rel=\"canonical\" href=\"https:\/\/www.richardappelbom.se\/index.php\/2024\/03\/07\/trump-angar-pa-men-motstandsfickor-finns-kvar\/\" \/>\n<meta property=\"og:locale\" content=\"en_US\" \/>\n<meta property=\"og:type\" content=\"article\" \/>\n<meta property=\"og:title\" content=\"Trump \u00e5ngar p\u00e5, men motst\u00e5ndsfickor finns kvar - Richard Appelbom\" \/>\n<meta property=\"og:description\" content=\"F\u00f6rre presidenten Donald Trump ser ut att ha nomineringen som Republikanernas kandidat i en liten ask. Normalt brukar prim\u00e4rval och nomineringsm\u00f6ten i de olika delstaterna inf\u00f6r presidentvalen vara sp\u00e4nnande. M\u00e5nga kandidater och en del \u00f6verraskningar innan n\u00e5gon vinnare framtr\u00e4der. Den h\u00e4r g\u00e5ngen har utg\u00e5ngen verkat sig given p\u00e5 f\u00f6rhand. Demokratern satsar p\u00e5 omval av 81-\u00e5rige [&hellip;]\" \/>\n<meta property=\"og:url\" content=\"https:\/\/www.richardappelbom.se\/index.php\/2024\/03\/07\/trump-angar-pa-men-motstandsfickor-finns-kvar\/\" \/>\n<meta property=\"og:site_name\" content=\"Richard Appelbom\" \/>\n<meta property=\"article:publisher\" content=\"https:\/\/www.facebook.com\/rappelbom\" \/>\n<meta property=\"article:author\" content=\"https:\/\/www.facebook.com\/rappelbom\" \/>\n<meta property=\"article:published_time\" content=\"2024-03-07T10:49:55+00:00\" \/>\n<meta property=\"article:modified_time\" content=\"2024-03-07T10:49:56+00:00\" \/>\n<meta property=\"og:image\" content=\"https:\/\/www.richardappelbom.se\/wp-content\/uploads\/2024\/03\/D-J-Trump.jpg\" \/>\n<meta name=\"author\" content=\"admin\" \/>\n<meta name=\"twitter:card\" content=\"summary_large_image\" \/>\n<meta name=\"twitter:creator\" content=\"@RichardAppelbom\" \/>\n<meta name=\"twitter:site\" content=\"@RichardAppelbom\" \/>\n<meta name=\"twitter:label1\" content=\"Written by\" \/>\n\t<meta name=\"twitter:data1\" content=\"admin\" \/>\n\t<meta name=\"twitter:label2\" content=\"Est. reading time\" \/>\n\t<meta name=\"twitter:data2\" content=\"3 minutes\" \/>\n<script type=\"application\/ld+json\" class=\"yoast-schema-graph\">{\"@context\":\"https:\/\/schema.org\",\"@graph\":[{\"@type\":\"Article\",\"@id\":\"https:\/\/www.richardappelbom.se\/index.php\/2024\/03\/07\/trump-angar-pa-men-motstandsfickor-finns-kvar\/#article\",\"isPartOf\":{\"@id\":\"https:\/\/www.richardappelbom.se\/index.php\/2024\/03\/07\/trump-angar-pa-men-motstandsfickor-finns-kvar\/\"},\"author\":{\"name\":\"admin\",\"@id\":\"https:\/\/www.richardappelbom.se\/#\/schema\/person\/98f55ffd095155d902e585f10999a15d\"},\"headline\":\"Trump \u00e5ngar p\u00e5, men motst\u00e5ndsfickor finns kvar\",\"datePublished\":\"2024-03-07T10:49:55+00:00\",\"dateModified\":\"2024-03-07T10:49:56+00:00\",\"mainEntityOfPage\":{\"@id\":\"https:\/\/www.richardappelbom.se\/index.php\/2024\/03\/07\/trump-angar-pa-men-motstandsfickor-finns-kvar\/\"},\"wordCount\":600,\"commentCount\":0,\"image\":{\"@id\":\"https:\/\/www.richardappelbom.se\/index.php\/2024\/03\/07\/trump-angar-pa-men-motstandsfickor-finns-kvar\/#primaryimage\"},\"thumbnailUrl\":\"https:\/\/www.richardappelbom.se\/wp-content\/uploads\/2024\/03\/D-J-Trump.jpg\",\"articleSection\":[\"Allm\u00e4n Posts\"],\"inLanguage\":\"en-US\",\"potentialAction\":[{\"@type\":\"CommentAction\",\"name\":\"Comment\",\"target\":[\"https:\/\/www.richardappelbom.se\/index.php\/2024\/03\/07\/trump-angar-pa-men-motstandsfickor-finns-kvar\/#respond\"]}]},{\"@type\":\"WebPage\",\"@id\":\"https:\/\/www.richardappelbom.se\/index.php\/2024\/03\/07\/trump-angar-pa-men-motstandsfickor-finns-kvar\/\",\"url\":\"https:\/\/www.richardappelbom.se\/index.php\/2024\/03\/07\/trump-angar-pa-men-motstandsfickor-finns-kvar\/\",\"name\":\"Trump \u00e5ngar p\u00e5, men motst\u00e5ndsfickor finns kvar - Richard Appelbom\",\"isPartOf\":{\"@id\":\"https:\/\/www.richardappelbom.se\/#website\"},\"primaryImageOfPage\":{\"@id\":\"https:\/\/www.richardappelbom.se\/index.php\/2024\/03\/07\/trump-angar-pa-men-motstandsfickor-finns-kvar\/#primaryimage\"},\"image\":{\"@id\":\"https:\/\/www.richardappelbom.se\/index.php\/2024\/03\/07\/trump-angar-pa-men-motstandsfickor-finns-kvar\/#primaryimage\"},\"thumbnailUrl\":\"https:\/\/www.richardappelbom.se\/wp-content\/uploads\/2024\/03\/D-J-Trump.jpg\",\"datePublished\":\"2024-03-07T10:49:55+00:00\",\"dateModified\":\"2024-03-07T10:49:56+00:00\",\"author\":{\"@id\":\"https:\/\/www.richardappelbom.se\/#\/schema\/person\/98f55ffd095155d902e585f10999a15d\"},\"breadcrumb\":{\"@id\":\"https:\/\/www.richardappelbom.se\/index.php\/2024\/03\/07\/trump-angar-pa-men-motstandsfickor-finns-kvar\/#breadcrumb\"},\"inLanguage\":\"en-US\",\"potentialAction\":[{\"@type\":\"ReadAction\",\"target\":[\"https:\/\/www.richardappelbom.se\/index.php\/2024\/03\/07\/trump-angar-pa-men-motstandsfickor-finns-kvar\/\"]}]},{\"@type\":\"ImageObject\",\"inLanguage\":\"en-US\",\"@id\":\"https:\/\/www.richardappelbom.se\/index.php\/2024\/03\/07\/trump-angar-pa-men-motstandsfickor-finns-kvar\/#primaryimage\",\"url\":\"https:\/\/www.richardappelbom.se\/wp-content\/uploads\/2024\/03\/D-J-Trump.jpg\",\"contentUrl\":\"https:\/\/www.richardappelbom.se\/wp-content\/uploads\/2024\/03\/D-J-Trump.jpg\",\"width\":275,\"height\":183},{\"@type\":\"BreadcrumbList\",\"@id\":\"https:\/\/www.richardappelbom.se\/index.php\/2024\/03\/07\/trump-angar-pa-men-motstandsfickor-finns-kvar\/#breadcrumb\",\"itemListElement\":[{\"@type\":\"ListItem\",\"position\":1,\"name\":\"Home\",\"item\":\"https:\/\/www.richardappelbom.se\/\"},{\"@type\":\"ListItem\",\"position\":2,\"name\":\"Trump \u00e5ngar p\u00e5, men motst\u00e5ndsfickor finns kvar\"}]},{\"@type\":\"WebSite\",\"@id\":\"https:\/\/www.richardappelbom.se\/#website\",\"url\":\"https:\/\/www.richardappelbom.se\/\",\"name\":\"Richard Appelbom\",\"description\":\"En blogg om val och valsystem\",\"potentialAction\":[{\"@type\":\"SearchAction\",\"target\":{\"@type\":\"EntryPoint\",\"urlTemplate\":\"https:\/\/www.richardappelbom.se\/?s={search_term_string}\"},\"query-input\":{\"@type\":\"PropertyValueSpecification\",\"valueRequired\":true,\"valueName\":\"search_term_string\"}}],\"inLanguage\":\"en-US\"},{\"@type\":\"Person\",\"@id\":\"https:\/\/www.richardappelbom.se\/#\/schema\/person\/98f55ffd095155d902e585f10999a15d\",\"name\":\"admin\",\"image\":{\"@type\":\"ImageObject\",\"inLanguage\":\"en-US\",\"@id\":\"https:\/\/secure.gravatar.com\/avatar\/480edd36f6cc3945e6b2db9fdc6f78df2a3fb98b7b27925b8d810863cfa537e7?s=96&d=mm&r=g\",\"url\":\"https:\/\/secure.gravatar.com\/avatar\/480edd36f6cc3945e6b2db9fdc6f78df2a3fb98b7b27925b8d810863cfa537e7?s=96&d=mm&r=g\",\"contentUrl\":\"https:\/\/secure.gravatar.com\/avatar\/480edd36f6cc3945e6b2db9fdc6f78df2a3fb98b7b27925b8d810863cfa537e7?s=96&d=mm&r=g\",\"caption\":\"admin\"},\"sameAs\":[\"https:\/\/www.facebook.com\/rappelbom\",\"https:\/\/twitter.com\/RichardAppelbom\"],\"url\":\"https:\/\/www.richardappelbom.se\/index.php\/author\/ra_j9l6616t\/\"}]}<\/script>\n<!-- \/ Yoast SEO plugin. -->","yoast_head_json":{"title":"Trump \u00e5ngar p\u00e5, men motst\u00e5ndsfickor finns kvar - Richard Appelbom","robots":{"index":"index","follow":"follow","max-snippet":"max-snippet:-1","max-image-preview":"max-image-preview:large","max-video-preview":"max-video-preview:-1"},"canonical":"https:\/\/www.richardappelbom.se\/index.php\/2024\/03\/07\/trump-angar-pa-men-motstandsfickor-finns-kvar\/","og_locale":"en_US","og_type":"article","og_title":"Trump \u00e5ngar p\u00e5, men motst\u00e5ndsfickor finns kvar - Richard Appelbom","og_description":"F\u00f6rre presidenten Donald Trump ser ut att ha nomineringen som Republikanernas kandidat i en liten ask. Normalt brukar prim\u00e4rval och nomineringsm\u00f6ten i de olika delstaterna inf\u00f6r presidentvalen vara sp\u00e4nnande. M\u00e5nga kandidater och en del \u00f6verraskningar innan n\u00e5gon vinnare framtr\u00e4der. Den h\u00e4r g\u00e5ngen har utg\u00e5ngen verkat sig given p\u00e5 f\u00f6rhand. Demokratern satsar p\u00e5 omval av 81-\u00e5rige [&hellip;]","og_url":"https:\/\/www.richardappelbom.se\/index.php\/2024\/03\/07\/trump-angar-pa-men-motstandsfickor-finns-kvar\/","og_site_name":"Richard Appelbom","article_publisher":"https:\/\/www.facebook.com\/rappelbom","article_author":"https:\/\/www.facebook.com\/rappelbom","article_published_time":"2024-03-07T10:49:55+00:00","article_modified_time":"2024-03-07T10:49:56+00:00","og_image":[{"url":"https:\/\/www.richardappelbom.se\/wp-content\/uploads\/2024\/03\/D-J-Trump.jpg","type":"","width":"","height":""}],"author":"admin","twitter_card":"summary_large_image","twitter_creator":"@RichardAppelbom","twitter_site":"@RichardAppelbom","twitter_misc":{"Written by":"admin","Est. reading time":"3 minutes"},"schema":{"@context":"https:\/\/schema.org","@graph":[{"@type":"Article","@id":"https:\/\/www.richardappelbom.se\/index.php\/2024\/03\/07\/trump-angar-pa-men-motstandsfickor-finns-kvar\/#article","isPartOf":{"@id":"https:\/\/www.richardappelbom.se\/index.php\/2024\/03\/07\/trump-angar-pa-men-motstandsfickor-finns-kvar\/"},"author":{"name":"admin","@id":"https:\/\/www.richardappelbom.se\/#\/schema\/person\/98f55ffd095155d902e585f10999a15d"},"headline":"Trump \u00e5ngar p\u00e5, men motst\u00e5ndsfickor finns kvar","datePublished":"2024-03-07T10:49:55+00:00","dateModified":"2024-03-07T10:49:56+00:00","mainEntityOfPage":{"@id":"https:\/\/www.richardappelbom.se\/index.php\/2024\/03\/07\/trump-angar-pa-men-motstandsfickor-finns-kvar\/"},"wordCount":600,"commentCount":0,"image":{"@id":"https:\/\/www.richardappelbom.se\/index.php\/2024\/03\/07\/trump-angar-pa-men-motstandsfickor-finns-kvar\/#primaryimage"},"thumbnailUrl":"https:\/\/www.richardappelbom.se\/wp-content\/uploads\/2024\/03\/D-J-Trump.jpg","articleSection":["Allm\u00e4n Posts"],"inLanguage":"en-US","potentialAction":[{"@type":"CommentAction","name":"Comment","target":["https:\/\/www.richardappelbom.se\/index.php\/2024\/03\/07\/trump-angar-pa-men-motstandsfickor-finns-kvar\/#respond"]}]},{"@type":"WebPage","@id":"https:\/\/www.richardappelbom.se\/index.php\/2024\/03\/07\/trump-angar-pa-men-motstandsfickor-finns-kvar\/","url":"https:\/\/www.richardappelbom.se\/index.php\/2024\/03\/07\/trump-angar-pa-men-motstandsfickor-finns-kvar\/","name":"Trump \u00e5ngar p\u00e5, men motst\u00e5ndsfickor finns kvar - Richard Appelbom","isPartOf":{"@id":"https:\/\/www.richardappelbom.se\/#website"},"primaryImageOfPage":{"@id":"https:\/\/www.richardappelbom.se\/index.php\/2024\/03\/07\/trump-angar-pa-men-motstandsfickor-finns-kvar\/#primaryimage"},"image":{"@id":"https:\/\/www.richardappelbom.se\/index.php\/2024\/03\/07\/trump-angar-pa-men-motstandsfickor-finns-kvar\/#primaryimage"},"thumbnailUrl":"https:\/\/www.richardappelbom.se\/wp-content\/uploads\/2024\/03\/D-J-Trump.jpg","datePublished":"2024-03-07T10:49:55+00:00","dateModified":"2024-03-07T10:49:56+00:00","author":{"@id":"https:\/\/www.richardappelbom.se\/#\/schema\/person\/98f55ffd095155d902e585f10999a15d"},"breadcrumb":{"@id":"https:\/\/www.richardappelbom.se\/index.php\/2024\/03\/07\/trump-angar-pa-men-motstandsfickor-finns-kvar\/#breadcrumb"},"inLanguage":"en-US","potentialAction":[{"@type":"ReadAction","target":["https:\/\/www.richardappelbom.se\/index.php\/2024\/03\/07\/trump-angar-pa-men-motstandsfickor-finns-kvar\/"]}]},{"@type":"ImageObject","inLanguage":"en-US","@id":"https:\/\/www.richardappelbom.se\/index.php\/2024\/03\/07\/trump-angar-pa-men-motstandsfickor-finns-kvar\/#primaryimage","url":"https:\/\/www.richardappelbom.se\/wp-content\/uploads\/2024\/03\/D-J-Trump.jpg","contentUrl":"https:\/\/www.richardappelbom.se\/wp-content\/uploads\/2024\/03\/D-J-Trump.jpg","width":275,"height":183},{"@type":"BreadcrumbList","@id":"https:\/\/www.richardappelbom.se\/index.php\/2024\/03\/07\/trump-angar-pa-men-motstandsfickor-finns-kvar\/#breadcrumb","itemListElement":[{"@type":"ListItem","position":1,"name":"Home","item":"https:\/\/www.richardappelbom.se\/"},{"@type":"ListItem","position":2,"name":"Trump \u00e5ngar p\u00e5, men motst\u00e5ndsfickor finns kvar"}]},{"@type":"WebSite","@id":"https:\/\/www.richardappelbom.se\/#website","url":"https:\/\/www.richardappelbom.se\/","name":"Richard Appelbom","description":"En blogg om val och valsystem","potentialAction":[{"@type":"SearchAction","target":{"@type":"EntryPoint","urlTemplate":"https:\/\/www.richardappelbom.se\/?s={search_term_string}"},"query-input":{"@type":"PropertyValueSpecification","valueRequired":true,"valueName":"search_term_string"}}],"inLanguage":"en-US"},{"@type":"Person","@id":"https:\/\/www.richardappelbom.se\/#\/schema\/person\/98f55ffd095155d902e585f10999a15d","name":"admin","image":{"@type":"ImageObject","inLanguage":"en-US","@id":"https:\/\/secure.gravatar.com\/avatar\/480edd36f6cc3945e6b2db9fdc6f78df2a3fb98b7b27925b8d810863cfa537e7?s=96&d=mm&r=g","url":"https:\/\/secure.gravatar.com\/avatar\/480edd36f6cc3945e6b2db9fdc6f78df2a3fb98b7b27925b8d810863cfa537e7?s=96&d=mm&r=g","contentUrl":"https:\/\/secure.gravatar.com\/avatar\/480edd36f6cc3945e6b2db9fdc6f78df2a3fb98b7b27925b8d810863cfa537e7?s=96&d=mm&r=g","caption":"admin"},"sameAs":["https:\/\/www.facebook.com\/rappelbom","https:\/\/twitter.com\/RichardAppelbom"],"url":"https:\/\/www.richardappelbom.se\/index.php\/author\/ra_j9l6616t\/"}]}},"jetpack_featured_media_url":"","jetpack_sharing_enabled":true,"_links":{"self":[{"href":"https:\/\/www.richardappelbom.se\/index.php\/wp-json\/wp\/v2\/posts\/480","targetHints":{"allow":["GET"]}}],"collection":[{"href":"https:\/\/www.richardappelbom.se\/index.php\/wp-json\/wp\/v2\/posts"}],"about":[{"href":"https:\/\/www.richardappelbom.se\/index.php\/wp-json\/wp\/v2\/types\/post"}],"author":[{"embeddable":true,"href":"https:\/\/www.richardappelbom.se\/index.php\/wp-json\/wp\/v2\/users\/1"}],"replies":[{"embeddable":true,"href":"https:\/\/www.richardappelbom.se\/index.php\/wp-json\/wp\/v2\/comments?post=480"}],"version-history":[{"count":1,"href":"https:\/\/www.richardappelbom.se\/index.php\/wp-json\/wp\/v2\/posts\/480\/revisions"}],"predecessor-version":[{"id":482,"href":"https:\/\/www.richardappelbom.se\/index.php\/wp-json\/wp\/v2\/posts\/480\/revisions\/482"}],"wp:attachment":[{"href":"https:\/\/www.richardappelbom.se\/index.php\/wp-json\/wp\/v2\/media?parent=480"}],"wp:term":[{"taxonomy":"category","embeddable":true,"href":"https:\/\/www.richardappelbom.se\/index.php\/wp-json\/wp\/v2\/categories?post=480"},{"taxonomy":"post_tag","embeddable":true,"href":"https:\/\/www.richardappelbom.se\/index.php\/wp-json\/wp\/v2\/tags?post=480"}],"curies":[{"name":"wp","href":"https:\/\/api.w.org\/{rel}","templated":true}]}}