{"id":483,"date":"2024-03-12T11:34:09","date_gmt":"2024-03-12T11:34:09","guid":{"rendered":"https:\/\/www.richardappelbom.se\/?p=483"},"modified":"2024-03-24T07:45:03","modified_gmt":"2024-03-24T07:45:03","slug":"stor-framgang-for-hogerpopulistiska-chega-det-ar-nog-nu-i-portugal","status":"publish","type":"post","link":"https:\/\/www.richardappelbom.se\/index.php\/2024\/03\/12\/stor-framgang-for-hogerpopulistiska-chega-det-ar-nog-nu-i-portugal\/","title":{"rendered":"Stor framg\u00e5ng f\u00f6r h\u00f6gerpopulistiska Chega (Det \u00e4r nog nu) i Portugal"},"content":{"rendered":"\n<figure class=\"wp-block-image size-full is-resized\"><img loading=\"lazy\" decoding=\"async\" width=\"275\" height=\"183\" src=\"https:\/\/www.richardappelbom.se\/wp-content\/uploads\/2024\/03\/Chega.jpg\" alt=\"\" class=\"wp-image-484\" style=\"width:550px;height:auto\"\/><\/figure>\n\n\n\n<p>Chegas partiledare Andr\u00e9 Ventura (till h\u00f6ger) tillsammans med Santiago Abascal, ledare f\u00f6r spanska systerpartiet Vox<\/p>\n\n\n\n<p><\/p>\n\n\n\n<p>Parlamentsvalet i Portugal utlystes i f\u00f6rtid, det f\u00f6rra valet <a href=\"https:\/\/en.wikipedia.org\/wiki\/2022_Portuguese_legislative_election\">var 30 januari 2022.<\/a> Trots att Socialistpartiet hade egen majoritet kunde det inte sitta <a href=\"https:\/\/www.theguardian.com\/world\/2024\/mar\/11\/portugal-election-leader-of-winning-centre-right-party-calls-on-rivals-not-to-stand-in-his-way\">kvar hela mandatperioden.<\/a> Premi\u00e4rminister Costa fick avg\u00e5 efter misstankar om korruption, och efter att <a href=\"https:\/\/en.wikipedia.org\/wiki\/2024_Portuguese_legislative_election\">andra anklagelser <\/a>riktats mot regeringen. President Marcelo Robero utlyste nyval.<\/p>\n\n\n\n<p><a href=\"https:\/\/expresso.pt\/politica\/eleicoes\/legislativas-2024\/resultados?location=NACIONAL\">Resultatet blev<\/a> att Socialistpartiet gick kraftigt tillbaka, fr\u00e5n 41,4 till 28,0 procent och fr\u00e5n 120 mandat  av 230 totalt till 78 mandat. Centerh\u00f6geralliansen AD blev st\u00f6rst med 28,8 procent och 80 mandat. Den stora vinnaren var h\u00f6gerpopulistiska Chega, som \u00f6kade kraftigt, fick 18,1 procent och 48 mandat. \u00d6vriga partier klarade inte 10 procent, st\u00f6rst var liberala IL med 4,9 procent medan fyra v\u00e4nsterinriktade partier fick respektive 4,3, 3,3 3,3 och 1,9 procent.<\/p>\n\n\n\n<p>Valdeltagandet var 66 procent, ovanligt h\u00f6gt i Portugal. Fyra mandat (tv\u00e5 valkretsar med tv\u00e5 mandat vardera) fr\u00e5n portugiser utomlands \u00e4r inte medr\u00e4knade, de f\u00e5r l\u00e4ggas till senare, men kommer troligen att f\u00f6rdelas mellan de tv\u00e5 stora partierna<\/p>\n\n\n\n<p>Portugal har ett proportionellt valsystem, men utan utj\u00e4mningsmandat. Flera valkretsar har ganska f\u00e5 mandat, d\u00e4r det \u00e4r sv\u00e5rt f\u00f6r mindre partier att vinna mandat. Lissabon har 48 mandat, Porto 40 och tv\u00e5 andra valkretsar har 19 mandat. D\u00e4r kan mindre partier l\u00e4ttare vinna mandat, D\u00b4Hondts metod anv\u00e4nds, vilket \u00e4r j\u00e4mf\u00f6relsvis gynnsamt f\u00f6r st\u00f6rre partier.<\/p>\n\n\n\n<p>Resultatet blev ocks\u00e5 gynnsamt f\u00f6r de tre stora partierna. AD fick 29,5 procent av r\u00f6sterna och 33,6 procent av mandaten, Socialistpartiet fick 28,6 procent och 34 procent av mandaten, Chega fick 18,1 procent och 21,2 procent av mandaten. Alla andra partier fick en mindre andel av mandaten \u00e4n av r\u00f6sterna. Hade de fyra v\u00e4nsterpartierna st\u00e4llt upp gemensamt kunde de nog ha f\u00e5tt fler mandat, nu f\u00f6rlorade alla p\u00e5 valsystemet. I f\u00f6rra valet r\u00e4ckte 41,4 procent f\u00f6r Socialistpartiet till egen majoritet.<\/p>\n\n\n\n<p>Chega har s\u00e4kert vunnit v\u00e4ljare p\u00e5 korruptionsanklagelser mot  de stora partierna. AD-alliansen stora parti PSD hade korruptionsanklagelser i styret p\u00e5 \u00f6n Madeira. Jag var som turist p\u00e5 Madeira i mitten av februari. Fr\u00e5gade taxichauff\u00f6r och receptionspersonal p\u00e5 hotellet om valet, de n\u00e4mnde missn\u00f6je med korruption. Annars var valtemperatfuren d\u00e5 l\u00e5g. Det fanns dock valaffischer, de flesta fr\u00e5n Chega.<\/p>\n\n\n\n<p>Portugal har haft en j\u00e4mf\u00f6resevis god ekonomisk utvekling, men l\u00e5ga l\u00f6ner, kriser i v\u00e4lf\u00e4rden och h\u00f6gre boendekostnader gav upphov till<a href=\"https:\/\/www.theguardian.com\/commentisfree\/2024\/mar\/11\/portugal-elections-chega-far-right-europe\"> v\u00e4ljarmissn\u00f6je.<\/a><\/p>\n\n\n\n<p><a href=\"https:\/\/en.wikipedia.org\/wiki\/Chega_(political_party)\">Chega har<\/a> angripit romer och talat f\u00f6r en restriktiv invandringspolitik. men enligt <a href=\"https:\/\/www.dn.se\/varlden\/henrik-brandao-jonsson-portugals-hogerradikala-parti-kan-hallas-utanfor-regeringen\/\">DN tonades<\/a> den fr\u00e4mlingsfientliga inst\u00e4llningen ned i valr\u00f6relsen. Invandringen har inte varit en stor stridsfr\u00e5ga, de flesta invandrarna har kommit fr\u00e5n Brasilien, \u00f6vriga Latinamerika och forna portugiskiska kolonier. De talar portugisiska eller n\u00e4rbesl\u00e4ktade spanska. Det underl\u00e4ttar integration.<\/p>\n\n\n\n<p>\u00d6vriga partier har sagt nej till samarbete med Chega. Dilemmat p\u00e5minner  om l\u00e4get i andra l\u00e4nder. Centerh\u00f6gerpartier kan inte regera utan st\u00f6d fr\u00e5n antingen h\u00f6gerpopulister eller fr\u00e5n socialdemokrater\/socialister. Portugal har likt Sverige en vana vid minoritetsregeringar. Kanske kan Socialisterna sl\u00e4ppa fram AD till makten, men det blir sv\u00e5rt att regera. Ska nyval undvikas beh\u00f6vs nog n\u00e5gon form av samarbete f\u00f6r AD med Chega eller med Socialistpartiet. Liberala IL \u00e4r f\u00f6r litet att r\u00e4cka som samarbetspartner. <\/p>\n\n\n\n<p>Inget l\u00e4r bli l\u00e4tt. Portugal skiljer sig fr\u00e5n flera andra europeiska l\u00e4nder genom att fragmenteringen av partisystemet inte har g\u00e5tt lika l\u00e5ngt. De tv\u00e5 st\u00f6rsta grupperingarna f\u00e5r n\u00e4rmare 60 procent, men utvecklingen g\u00e5r mot att de &#8220;tv\u00e5&#8221; stora tappar mark.<\/p>\n\n\n\n<p><\/p>\n","protected":false},"excerpt":{"rendered":"<p>Chegas partiledare Andr\u00e9 Ventura (till h\u00f6ger) tillsammans med Santiago Abascal, ledare f\u00f6r spanska systerpartiet Vox Parlamentsvalet i Portugal utlystes i f\u00f6rtid, det f\u00f6rra valet var 30 januari 2022. Trots att Socialistpartiet hade egen majoritet kunde det inte sitta kvar hela mandatperioden. Premi\u00e4rminister Costa fick avg\u00e5 efter misstankar om korruption, och efter att andra anklagelser riktats [&hellip;]<\/p>\n","protected":false},"author":1,"featured_media":0,"comment_status":"open","ping_status":"closed","sticky":false,"template":"","format":"standard","meta":{"_jetpack_memberships_contains_paid_content":false,"footnotes":""},"categories":[10],"tags":[],"class_list":["post-483","post","type-post","status-publish","format-standard","hentry","category-allman-inlagg"],"yoast_head":"<!-- This site is optimized with the Yoast SEO plugin v27.2 - https:\/\/yoast.com\/product\/yoast-seo-wordpress\/ -->\n<title>Stor framg\u00e5ng f\u00f6r h\u00f6gerpopulistiska Chega (Det \u00e4r nog nu) i Portugal - Richard Appelbom<\/title>\n<meta name=\"description\" content=\"Socialistpartiet f\u00f6rlorade sin majoritet, h\u00f6gerpopulistiska Chega blev stora vinnaren. Blir sv\u00e5rt att bilda stabil regering i Portugal\" \/>\n<meta name=\"robots\" content=\"index, follow, max-snippet:-1, max-image-preview:large, max-video-preview:-1\" \/>\n<link rel=\"canonical\" href=\"https:\/\/www.richardappelbom.se\/index.php\/2024\/03\/12\/stor-framgang-for-hogerpopulistiska-chega-det-ar-nog-nu-i-portugal\/\" \/>\n<meta property=\"og:locale\" content=\"en_US\" \/>\n<meta property=\"og:type\" content=\"article\" \/>\n<meta property=\"og:title\" content=\"Stor framg\u00e5ng f\u00f6r h\u00f6gerpopulistiska Chega (Det \u00e4r nog nu) i Portugal - Richard Appelbom\" \/>\n<meta property=\"og:description\" content=\"Socialistpartiet f\u00f6rlorade sin majoritet, h\u00f6gerpopulistiska Chega blev stora vinnaren. Blir sv\u00e5rt att bilda stabil regering i Portugal\" \/>\n<meta property=\"og:url\" content=\"https:\/\/www.richardappelbom.se\/index.php\/2024\/03\/12\/stor-framgang-for-hogerpopulistiska-chega-det-ar-nog-nu-i-portugal\/\" \/>\n<meta property=\"og:site_name\" content=\"Richard Appelbom\" \/>\n<meta property=\"article:publisher\" content=\"https:\/\/www.facebook.com\/rappelbom\" \/>\n<meta property=\"article:author\" content=\"https:\/\/www.facebook.com\/rappelbom\" \/>\n<meta property=\"article:published_time\" content=\"2024-03-12T11:34:09+00:00\" \/>\n<meta property=\"article:modified_time\" content=\"2024-03-24T07:45:03+00:00\" \/>\n<meta property=\"og:image\" content=\"https:\/\/www.richardappelbom.se\/wp-content\/uploads\/2024\/03\/Chega.jpg\" \/>\n<meta name=\"author\" content=\"admin\" \/>\n<meta name=\"twitter:card\" content=\"summary_large_image\" \/>\n<meta name=\"twitter:creator\" content=\"@RichardAppelbom\" \/>\n<meta name=\"twitter:site\" content=\"@RichardAppelbom\" \/>\n<meta name=\"twitter:label1\" content=\"Written by\" \/>\n\t<meta name=\"twitter:data1\" content=\"admin\" \/>\n\t<meta name=\"twitter:label2\" content=\"Est. reading time\" \/>\n\t<meta name=\"twitter:data2\" content=\"3 minutes\" \/>\n<script type=\"application\/ld+json\" class=\"yoast-schema-graph\">{\"@context\":\"https:\/\/schema.org\",\"@graph\":[{\"@type\":\"Article\",\"@id\":\"https:\/\/www.richardappelbom.se\/index.php\/2024\/03\/12\/stor-framgang-for-hogerpopulistiska-chega-det-ar-nog-nu-i-portugal\/#article\",\"isPartOf\":{\"@id\":\"https:\/\/www.richardappelbom.se\/index.php\/2024\/03\/12\/stor-framgang-for-hogerpopulistiska-chega-det-ar-nog-nu-i-portugal\/\"},\"author\":{\"name\":\"admin\",\"@id\":\"https:\/\/www.richardappelbom.se\/#\/schema\/person\/98f55ffd095155d902e585f10999a15d\"},\"headline\":\"Stor framg\u00e5ng f\u00f6r h\u00f6gerpopulistiska Chega (Det \u00e4r nog nu) i Portugal\",\"datePublished\":\"2024-03-12T11:34:09+00:00\",\"dateModified\":\"2024-03-24T07:45:03+00:00\",\"mainEntityOfPage\":{\"@id\":\"https:\/\/www.richardappelbom.se\/index.php\/2024\/03\/12\/stor-framgang-for-hogerpopulistiska-chega-det-ar-nog-nu-i-portugal\/\"},\"wordCount\":625,\"commentCount\":0,\"image\":{\"@id\":\"https:\/\/www.richardappelbom.se\/index.php\/2024\/03\/12\/stor-framgang-for-hogerpopulistiska-chega-det-ar-nog-nu-i-portugal\/#primaryimage\"},\"thumbnailUrl\":\"https:\/\/www.richardappelbom.se\/wp-content\/uploads\/2024\/03\/Chega.jpg\",\"articleSection\":[\"Allm\u00e4n Posts\"],\"inLanguage\":\"en-US\",\"potentialAction\":[{\"@type\":\"CommentAction\",\"name\":\"Comment\",\"target\":[\"https:\/\/www.richardappelbom.se\/index.php\/2024\/03\/12\/stor-framgang-for-hogerpopulistiska-chega-det-ar-nog-nu-i-portugal\/#respond\"]}]},{\"@type\":\"WebPage\",\"@id\":\"https:\/\/www.richardappelbom.se\/index.php\/2024\/03\/12\/stor-framgang-for-hogerpopulistiska-chega-det-ar-nog-nu-i-portugal\/\",\"url\":\"https:\/\/www.richardappelbom.se\/index.php\/2024\/03\/12\/stor-framgang-for-hogerpopulistiska-chega-det-ar-nog-nu-i-portugal\/\",\"name\":\"Stor framg\u00e5ng f\u00f6r h\u00f6gerpopulistiska Chega (Det \u00e4r nog nu) i Portugal - Richard Appelbom\",\"isPartOf\":{\"@id\":\"https:\/\/www.richardappelbom.se\/#website\"},\"primaryImageOfPage\":{\"@id\":\"https:\/\/www.richardappelbom.se\/index.php\/2024\/03\/12\/stor-framgang-for-hogerpopulistiska-chega-det-ar-nog-nu-i-portugal\/#primaryimage\"},\"image\":{\"@id\":\"https:\/\/www.richardappelbom.se\/index.php\/2024\/03\/12\/stor-framgang-for-hogerpopulistiska-chega-det-ar-nog-nu-i-portugal\/#primaryimage\"},\"thumbnailUrl\":\"https:\/\/www.richardappelbom.se\/wp-content\/uploads\/2024\/03\/Chega.jpg\",\"datePublished\":\"2024-03-12T11:34:09+00:00\",\"dateModified\":\"2024-03-24T07:45:03+00:00\",\"author\":{\"@id\":\"https:\/\/www.richardappelbom.se\/#\/schema\/person\/98f55ffd095155d902e585f10999a15d\"},\"description\":\"Socialistpartiet f\u00f6rlorade sin majoritet, h\u00f6gerpopulistiska Chega blev stora vinnaren. Blir sv\u00e5rt att bilda stabil regering i Portugal\",\"breadcrumb\":{\"@id\":\"https:\/\/www.richardappelbom.se\/index.php\/2024\/03\/12\/stor-framgang-for-hogerpopulistiska-chega-det-ar-nog-nu-i-portugal\/#breadcrumb\"},\"inLanguage\":\"en-US\",\"potentialAction\":[{\"@type\":\"ReadAction\",\"target\":[\"https:\/\/www.richardappelbom.se\/index.php\/2024\/03\/12\/stor-framgang-for-hogerpopulistiska-chega-det-ar-nog-nu-i-portugal\/\"]}]},{\"@type\":\"ImageObject\",\"inLanguage\":\"en-US\",\"@id\":\"https:\/\/www.richardappelbom.se\/index.php\/2024\/03\/12\/stor-framgang-for-hogerpopulistiska-chega-det-ar-nog-nu-i-portugal\/#primaryimage\",\"url\":\"https:\/\/www.richardappelbom.se\/wp-content\/uploads\/2024\/03\/Chega.jpg\",\"contentUrl\":\"https:\/\/www.richardappelbom.se\/wp-content\/uploads\/2024\/03\/Chega.jpg\",\"width\":275,\"height\":183},{\"@type\":\"BreadcrumbList\",\"@id\":\"https:\/\/www.richardappelbom.se\/index.php\/2024\/03\/12\/stor-framgang-for-hogerpopulistiska-chega-det-ar-nog-nu-i-portugal\/#breadcrumb\",\"itemListElement\":[{\"@type\":\"ListItem\",\"position\":1,\"name\":\"Home\",\"item\":\"https:\/\/www.richardappelbom.se\/\"},{\"@type\":\"ListItem\",\"position\":2,\"name\":\"Stor framg\u00e5ng f\u00f6r h\u00f6gerpopulistiska Chega (Det \u00e4r nog nu) i Portugal\"}]},{\"@type\":\"WebSite\",\"@id\":\"https:\/\/www.richardappelbom.se\/#website\",\"url\":\"https:\/\/www.richardappelbom.se\/\",\"name\":\"Richard Appelbom\",\"description\":\"En blogg om val och valsystem\",\"potentialAction\":[{\"@type\":\"SearchAction\",\"target\":{\"@type\":\"EntryPoint\",\"urlTemplate\":\"https:\/\/www.richardappelbom.se\/?s={search_term_string}\"},\"query-input\":{\"@type\":\"PropertyValueSpecification\",\"valueRequired\":true,\"valueName\":\"search_term_string\"}}],\"inLanguage\":\"en-US\"},{\"@type\":\"Person\",\"@id\":\"https:\/\/www.richardappelbom.se\/#\/schema\/person\/98f55ffd095155d902e585f10999a15d\",\"name\":\"admin\",\"image\":{\"@type\":\"ImageObject\",\"inLanguage\":\"en-US\",\"@id\":\"https:\/\/secure.gravatar.com\/avatar\/480edd36f6cc3945e6b2db9fdc6f78df2a3fb98b7b27925b8d810863cfa537e7?s=96&d=mm&r=g\",\"url\":\"https:\/\/secure.gravatar.com\/avatar\/480edd36f6cc3945e6b2db9fdc6f78df2a3fb98b7b27925b8d810863cfa537e7?s=96&d=mm&r=g\",\"contentUrl\":\"https:\/\/secure.gravatar.com\/avatar\/480edd36f6cc3945e6b2db9fdc6f78df2a3fb98b7b27925b8d810863cfa537e7?s=96&d=mm&r=g\",\"caption\":\"admin\"},\"sameAs\":[\"https:\/\/www.facebook.com\/rappelbom\",\"https:\/\/twitter.com\/RichardAppelbom\"],\"url\":\"https:\/\/www.richardappelbom.se\/index.php\/author\/ra_j9l6616t\/\"}]}<\/script>\n<!-- \/ Yoast SEO plugin. -->","yoast_head_json":{"title":"Stor framg\u00e5ng f\u00f6r h\u00f6gerpopulistiska Chega (Det \u00e4r nog nu) i Portugal - Richard Appelbom","description":"Socialistpartiet f\u00f6rlorade sin majoritet, h\u00f6gerpopulistiska Chega blev stora vinnaren. Blir sv\u00e5rt att bilda stabil regering i Portugal","robots":{"index":"index","follow":"follow","max-snippet":"max-snippet:-1","max-image-preview":"max-image-preview:large","max-video-preview":"max-video-preview:-1"},"canonical":"https:\/\/www.richardappelbom.se\/index.php\/2024\/03\/12\/stor-framgang-for-hogerpopulistiska-chega-det-ar-nog-nu-i-portugal\/","og_locale":"en_US","og_type":"article","og_title":"Stor framg\u00e5ng f\u00f6r h\u00f6gerpopulistiska Chega (Det \u00e4r nog nu) i Portugal - Richard Appelbom","og_description":"Socialistpartiet f\u00f6rlorade sin majoritet, h\u00f6gerpopulistiska Chega blev stora vinnaren. Blir sv\u00e5rt att bilda stabil regering i Portugal","og_url":"https:\/\/www.richardappelbom.se\/index.php\/2024\/03\/12\/stor-framgang-for-hogerpopulistiska-chega-det-ar-nog-nu-i-portugal\/","og_site_name":"Richard Appelbom","article_publisher":"https:\/\/www.facebook.com\/rappelbom","article_author":"https:\/\/www.facebook.com\/rappelbom","article_published_time":"2024-03-12T11:34:09+00:00","article_modified_time":"2024-03-24T07:45:03+00:00","og_image":[{"url":"https:\/\/www.richardappelbom.se\/wp-content\/uploads\/2024\/03\/Chega.jpg","type":"","width":"","height":""}],"author":"admin","twitter_card":"summary_large_image","twitter_creator":"@RichardAppelbom","twitter_site":"@RichardAppelbom","twitter_misc":{"Written by":"admin","Est. reading time":"3 minutes"},"schema":{"@context":"https:\/\/schema.org","@graph":[{"@type":"Article","@id":"https:\/\/www.richardappelbom.se\/index.php\/2024\/03\/12\/stor-framgang-for-hogerpopulistiska-chega-det-ar-nog-nu-i-portugal\/#article","isPartOf":{"@id":"https:\/\/www.richardappelbom.se\/index.php\/2024\/03\/12\/stor-framgang-for-hogerpopulistiska-chega-det-ar-nog-nu-i-portugal\/"},"author":{"name":"admin","@id":"https:\/\/www.richardappelbom.se\/#\/schema\/person\/98f55ffd095155d902e585f10999a15d"},"headline":"Stor framg\u00e5ng f\u00f6r h\u00f6gerpopulistiska Chega (Det \u00e4r nog nu) i Portugal","datePublished":"2024-03-12T11:34:09+00:00","dateModified":"2024-03-24T07:45:03+00:00","mainEntityOfPage":{"@id":"https:\/\/www.richardappelbom.se\/index.php\/2024\/03\/12\/stor-framgang-for-hogerpopulistiska-chega-det-ar-nog-nu-i-portugal\/"},"wordCount":625,"commentCount":0,"image":{"@id":"https:\/\/www.richardappelbom.se\/index.php\/2024\/03\/12\/stor-framgang-for-hogerpopulistiska-chega-det-ar-nog-nu-i-portugal\/#primaryimage"},"thumbnailUrl":"https:\/\/www.richardappelbom.se\/wp-content\/uploads\/2024\/03\/Chega.jpg","articleSection":["Allm\u00e4n Posts"],"inLanguage":"en-US","potentialAction":[{"@type":"CommentAction","name":"Comment","target":["https:\/\/www.richardappelbom.se\/index.php\/2024\/03\/12\/stor-framgang-for-hogerpopulistiska-chega-det-ar-nog-nu-i-portugal\/#respond"]}]},{"@type":"WebPage","@id":"https:\/\/www.richardappelbom.se\/index.php\/2024\/03\/12\/stor-framgang-for-hogerpopulistiska-chega-det-ar-nog-nu-i-portugal\/","url":"https:\/\/www.richardappelbom.se\/index.php\/2024\/03\/12\/stor-framgang-for-hogerpopulistiska-chega-det-ar-nog-nu-i-portugal\/","name":"Stor framg\u00e5ng f\u00f6r h\u00f6gerpopulistiska Chega (Det \u00e4r nog nu) i Portugal - Richard Appelbom","isPartOf":{"@id":"https:\/\/www.richardappelbom.se\/#website"},"primaryImageOfPage":{"@id":"https:\/\/www.richardappelbom.se\/index.php\/2024\/03\/12\/stor-framgang-for-hogerpopulistiska-chega-det-ar-nog-nu-i-portugal\/#primaryimage"},"image":{"@id":"https:\/\/www.richardappelbom.se\/index.php\/2024\/03\/12\/stor-framgang-for-hogerpopulistiska-chega-det-ar-nog-nu-i-portugal\/#primaryimage"},"thumbnailUrl":"https:\/\/www.richardappelbom.se\/wp-content\/uploads\/2024\/03\/Chega.jpg","datePublished":"2024-03-12T11:34:09+00:00","dateModified":"2024-03-24T07:45:03+00:00","author":{"@id":"https:\/\/www.richardappelbom.se\/#\/schema\/person\/98f55ffd095155d902e585f10999a15d"},"description":"Socialistpartiet f\u00f6rlorade sin majoritet, h\u00f6gerpopulistiska Chega blev stora vinnaren. Blir sv\u00e5rt att bilda stabil regering i Portugal","breadcrumb":{"@id":"https:\/\/www.richardappelbom.se\/index.php\/2024\/03\/12\/stor-framgang-for-hogerpopulistiska-chega-det-ar-nog-nu-i-portugal\/#breadcrumb"},"inLanguage":"en-US","potentialAction":[{"@type":"ReadAction","target":["https:\/\/www.richardappelbom.se\/index.php\/2024\/03\/12\/stor-framgang-for-hogerpopulistiska-chega-det-ar-nog-nu-i-portugal\/"]}]},{"@type":"ImageObject","inLanguage":"en-US","@id":"https:\/\/www.richardappelbom.se\/index.php\/2024\/03\/12\/stor-framgang-for-hogerpopulistiska-chega-det-ar-nog-nu-i-portugal\/#primaryimage","url":"https:\/\/www.richardappelbom.se\/wp-content\/uploads\/2024\/03\/Chega.jpg","contentUrl":"https:\/\/www.richardappelbom.se\/wp-content\/uploads\/2024\/03\/Chega.jpg","width":275,"height":183},{"@type":"BreadcrumbList","@id":"https:\/\/www.richardappelbom.se\/index.php\/2024\/03\/12\/stor-framgang-for-hogerpopulistiska-chega-det-ar-nog-nu-i-portugal\/#breadcrumb","itemListElement":[{"@type":"ListItem","position":1,"name":"Home","item":"https:\/\/www.richardappelbom.se\/"},{"@type":"ListItem","position":2,"name":"Stor framg\u00e5ng f\u00f6r h\u00f6gerpopulistiska Chega (Det \u00e4r nog nu) i Portugal"}]},{"@type":"WebSite","@id":"https:\/\/www.richardappelbom.se\/#website","url":"https:\/\/www.richardappelbom.se\/","name":"Richard Appelbom","description":"En blogg om val och valsystem","potentialAction":[{"@type":"SearchAction","target":{"@type":"EntryPoint","urlTemplate":"https:\/\/www.richardappelbom.se\/?s={search_term_string}"},"query-input":{"@type":"PropertyValueSpecification","valueRequired":true,"valueName":"search_term_string"}}],"inLanguage":"en-US"},{"@type":"Person","@id":"https:\/\/www.richardappelbom.se\/#\/schema\/person\/98f55ffd095155d902e585f10999a15d","name":"admin","image":{"@type":"ImageObject","inLanguage":"en-US","@id":"https:\/\/secure.gravatar.com\/avatar\/480edd36f6cc3945e6b2db9fdc6f78df2a3fb98b7b27925b8d810863cfa537e7?s=96&d=mm&r=g","url":"https:\/\/secure.gravatar.com\/avatar\/480edd36f6cc3945e6b2db9fdc6f78df2a3fb98b7b27925b8d810863cfa537e7?s=96&d=mm&r=g","contentUrl":"https:\/\/secure.gravatar.com\/avatar\/480edd36f6cc3945e6b2db9fdc6f78df2a3fb98b7b27925b8d810863cfa537e7?s=96&d=mm&r=g","caption":"admin"},"sameAs":["https:\/\/www.facebook.com\/rappelbom","https:\/\/twitter.com\/RichardAppelbom"],"url":"https:\/\/www.richardappelbom.se\/index.php\/author\/ra_j9l6616t\/"}]}},"jetpack_featured_media_url":"","jetpack_sharing_enabled":true,"_links":{"self":[{"href":"https:\/\/www.richardappelbom.se\/index.php\/wp-json\/wp\/v2\/posts\/483","targetHints":{"allow":["GET"]}}],"collection":[{"href":"https:\/\/www.richardappelbom.se\/index.php\/wp-json\/wp\/v2\/posts"}],"about":[{"href":"https:\/\/www.richardappelbom.se\/index.php\/wp-json\/wp\/v2\/types\/post"}],"author":[{"embeddable":true,"href":"https:\/\/www.richardappelbom.se\/index.php\/wp-json\/wp\/v2\/users\/1"}],"replies":[{"embeddable":true,"href":"https:\/\/www.richardappelbom.se\/index.php\/wp-json\/wp\/v2\/comments?post=483"}],"version-history":[{"count":3,"href":"https:\/\/www.richardappelbom.se\/index.php\/wp-json\/wp\/v2\/posts\/483\/revisions"}],"predecessor-version":[{"id":489,"href":"https:\/\/www.richardappelbom.se\/index.php\/wp-json\/wp\/v2\/posts\/483\/revisions\/489"}],"wp:attachment":[{"href":"https:\/\/www.richardappelbom.se\/index.php\/wp-json\/wp\/v2\/media?parent=483"}],"wp:term":[{"taxonomy":"category","embeddable":true,"href":"https:\/\/www.richardappelbom.se\/index.php\/wp-json\/wp\/v2\/categories?post=483"},{"taxonomy":"post_tag","embeddable":true,"href":"https:\/\/www.richardappelbom.se\/index.php\/wp-json\/wp\/v2\/tags?post=483"}],"curies":[{"name":"wp","href":"https:\/\/api.w.org\/{rel}","templated":true}]}}