{"id":490,"date":"2024-04-15T11:40:57","date_gmt":"2024-04-15T11:40:57","guid":{"rendered":"https:\/\/www.richardappelbom.se\/?p=490"},"modified":"2024-04-15T11:40:58","modified_gmt":"2024-04-15T11:40:58","slug":"presidentpartiet-forlorade-valet-i-sydkorea","status":"publish","type":"post","link":"https:\/\/www.richardappelbom.se\/index.php\/2024\/04\/15\/presidentpartiet-forlorade-valet-i-sydkorea\/","title":{"rendered":"Presidentpartiet f\u00f6rlorade valet i Sydkorea"},"content":{"rendered":"\n<figure class=\"wp-block-image size-large\"><img loading=\"lazy\" decoding=\"async\" width=\"768\" height=\"1024\" src=\"https:\/\/www.richardappelbom.se\/wp-content\/uploads\/2024\/04\/2024_Republic_of_Korea_legislative_election.svg_-768x1024.png\" alt=\"\" class=\"wp-image-491\" srcset=\"https:\/\/www.richardappelbom.se\/wp-content\/uploads\/2024\/04\/2024_Republic_of_Korea_legislative_election.svg_-768x1024.png 768w, https:\/\/www.richardappelbom.se\/wp-content\/uploads\/2024\/04\/2024_Republic_of_Korea_legislative_election.svg_-225x300.png 225w, https:\/\/www.richardappelbom.se\/wp-content\/uploads\/2024\/04\/2024_Republic_of_Korea_legislative_election.svg_.png 800w\" sizes=\"auto, (max-width: 768px) 100vw, 768px\" \/><\/figure>\n\n\n\n<p>Resultat fr\u00e5n parlamentsvalet i Sydkorea. Liberala oppositionsalliansen fick majoritet, kartan visar att den  (bl\u00e5) var starkast i v\u00e4sta delen av landet medan presidentpartiet PPP var starkare i v\u00e4st. Bild: Wikipedia<\/p>\n\n\n\n<p><a href=\"https:\/\/en.wikipedia.org\/wiki\/2024_South_Korean_legislative_election\">Parlamentsvalet i Sydkorea<\/a> blev en klar seger f\u00f6r oppositionen till den konservative presidenten Yoon Suk-yeol och hans parti PPP. D\u00e5 Sydkoreas president har betydande makt, styret \u00e4r inte parlamentariskt, kan <a href=\"https:\/\/www.csis.org\/analysis\/south-koreas-2024-general-election-results-and-implications\">de kommande \u00e5ren <\/a>leda till konflikter och problem f\u00f6r presidenten att genomf\u00f6ra den egna politiken.<\/p>\n\n\n\n<p>Parlamentet har 300 platser. 253 utses i enpersonsvalkretsar och 47 utses proportionellt. V\u00e4ljaren har tv\u00e5 r\u00f6ster, en i valkretsen och en i det proportionella valet. De partier som vinner m\u00e5nga enpersonsvalkretsar missgynnas i f\u00f6rdelningen av de proportionella mandaten.<\/p>\n\n\n\n<p>Men det g\u00e5r att kring\u00e5 reglerna. B\u00e5da de stora partierna liberala DP och presidentpartiet PP st\u00e4llde inte upp som egna partier i den proportionella delen. De skulle inte f\u00e5 n\u00e5gra mandat d\u00e4r p\u00e5 egen hand. I st\u00e4llet bildade de valallianser som formellt st\u00e4llde upp som egna partier enbart i den proportionella delen. Simsalabim, de stora partierna kunde d\u00e5 f\u00e5 mandat genom att delta i de &#8220;partierna&#8221;. Mindre partier st\u00e4llde inte upp alls eller bara i n\u00e5gra f\u00e5 enpersonsvalkretsar. Deras v\u00e4ljare r\u00f6stade nog ofta p\u00e5 det ledande oppositionspartiet, som vann huvuddelen av enpersonsmandaten.<\/p>\n\n\n\n<p>Den h\u00e4r blandmodellen, liksom den i Skottland, av enpersonsvalkretsar och utj\u00e4mningsmandat inbjuder till taktik. V\u00e4ljare som st\u00f6djer stora partier kan i den proportionella delen taktikr\u00f6sta p\u00e5 partier som ligger n\u00e4ra det st\u00f6rre. S\u00e5 \u00e4r det i Skottland, d\u00e4r de gr\u00f6na ocks\u00e5 vill ha sj\u00e4lvst\u00e4ndighet och f\u00e5r taktrikr\u00f6ster av anh\u00e4ngare av stora nationalistpartiet SNP.<\/p>\n\n\n\n<p>I Sydkorea beh\u00f6ver v\u00e4ljarna inte taktikr\u00f6sta, partierna taktiserar genom att st\u00e4lla upp under olika namn i de tv\u00e5 valen. Ingen modell \u00e4r tilltalande.<\/p>\n\n\n\n<p>B\u00e4st \u00e4r att g\u00f6ra som i Tyskland d\u00e4r utj\u00e4mningsmandaten \u00e4r s\u00e5 m\u00e5nga att de ger en proportiopnell sammans\u00e4ttning av parlamentet. Det g\u00f6r att den proportionella r\u00f6sten avg\u00f6r mandatf\u00f6rdelningen, r\u00f6sten i enpersonsvalkretsen blir en ren personr\u00f6st.<\/p>\n","protected":false},"excerpt":{"rendered":"<p>Resultat fr\u00e5n parlamentsvalet i Sydkorea. Liberala oppositionsalliansen fick majoritet, kartan visar att den (bl\u00e5) var starkast i v\u00e4sta delen av landet medan presidentpartiet PPP var starkare i v\u00e4st. Bild: Wikipedia Parlamentsvalet i Sydkorea blev en klar seger f\u00f6r oppositionen till den konservative presidenten Yoon Suk-yeol och hans parti PPP. D\u00e5 Sydkoreas president har betydande makt, [&hellip;]<\/p>\n","protected":false},"author":1,"featured_media":0,"comment_status":"open","ping_status":"closed","sticky":false,"template":"","format":"standard","meta":{"_jetpack_memberships_contains_paid_content":false,"footnotes":""},"categories":[10],"tags":[],"class_list":["post-490","post","type-post","status-publish","format-standard","hentry","category-allman-inlagg"],"yoast_head":"<!-- This site is optimized with the Yoast SEO plugin v27.2 - https:\/\/yoast.com\/product\/yoast-seo-wordpress\/ -->\n<title>Presidentpartiet f\u00f6rlorade valet i Sydkorea - Richard Appelbom<\/title>\n<meta name=\"description\" content=\"Den liberala oppositionen vann parlamentsvalet i Sydkorea mot den sittande presidentens parti. Valsystemet inbjuder till taktiserande allianser.\" \/>\n<meta name=\"robots\" content=\"index, follow, max-snippet:-1, max-image-preview:large, max-video-preview:-1\" \/>\n<link rel=\"canonical\" href=\"https:\/\/www.richardappelbom.se\/index.php\/2024\/04\/15\/presidentpartiet-forlorade-valet-i-sydkorea\/\" \/>\n<meta property=\"og:locale\" content=\"en_US\" \/>\n<meta property=\"og:type\" content=\"article\" \/>\n<meta property=\"og:title\" content=\"Presidentpartiet f\u00f6rlorade valet i Sydkorea - Richard Appelbom\" \/>\n<meta property=\"og:description\" content=\"Den liberala oppositionen vann parlamentsvalet i Sydkorea mot den sittande presidentens parti. Valsystemet inbjuder till taktiserande allianser.\" \/>\n<meta property=\"og:url\" content=\"https:\/\/www.richardappelbom.se\/index.php\/2024\/04\/15\/presidentpartiet-forlorade-valet-i-sydkorea\/\" \/>\n<meta property=\"og:site_name\" content=\"Richard Appelbom\" \/>\n<meta property=\"article:publisher\" content=\"https:\/\/www.facebook.com\/rappelbom\" \/>\n<meta property=\"article:author\" content=\"https:\/\/www.facebook.com\/rappelbom\" \/>\n<meta property=\"article:published_time\" content=\"2024-04-15T11:40:57+00:00\" \/>\n<meta property=\"article:modified_time\" content=\"2024-04-15T11:40:58+00:00\" \/>\n<meta property=\"og:image\" content=\"https:\/\/www.richardappelbom.se\/wp-content\/uploads\/2024\/04\/2024_Republic_of_Korea_legislative_election.svg_-768x1024.png\" \/>\n<meta name=\"author\" content=\"admin\" \/>\n<meta name=\"twitter:card\" content=\"summary_large_image\" \/>\n<meta name=\"twitter:creator\" content=\"@RichardAppelbom\" \/>\n<meta name=\"twitter:site\" content=\"@RichardAppelbom\" \/>\n<meta name=\"twitter:label1\" content=\"Written by\" \/>\n\t<meta name=\"twitter:data1\" content=\"admin\" \/>\n\t<meta name=\"twitter:label2\" content=\"Est. reading time\" \/>\n\t<meta name=\"twitter:data2\" content=\"2 minutes\" \/>\n<script type=\"application\/ld+json\" class=\"yoast-schema-graph\">{\"@context\":\"https:\/\/schema.org\",\"@graph\":[{\"@type\":\"Article\",\"@id\":\"https:\/\/www.richardappelbom.se\/index.php\/2024\/04\/15\/presidentpartiet-forlorade-valet-i-sydkorea\/#article\",\"isPartOf\":{\"@id\":\"https:\/\/www.richardappelbom.se\/index.php\/2024\/04\/15\/presidentpartiet-forlorade-valet-i-sydkorea\/\"},\"author\":{\"name\":\"admin\",\"@id\":\"https:\/\/www.richardappelbom.se\/#\/schema\/person\/98f55ffd095155d902e585f10999a15d\"},\"headline\":\"Presidentpartiet f\u00f6rlorade valet i Sydkorea\",\"datePublished\":\"2024-04-15T11:40:57+00:00\",\"dateModified\":\"2024-04-15T11:40:58+00:00\",\"mainEntityOfPage\":{\"@id\":\"https:\/\/www.richardappelbom.se\/index.php\/2024\/04\/15\/presidentpartiet-forlorade-valet-i-sydkorea\/\"},\"wordCount\":370,\"commentCount\":0,\"image\":{\"@id\":\"https:\/\/www.richardappelbom.se\/index.php\/2024\/04\/15\/presidentpartiet-forlorade-valet-i-sydkorea\/#primaryimage\"},\"thumbnailUrl\":\"https:\/\/www.richardappelbom.se\/wp-content\/uploads\/2024\/04\/2024_Republic_of_Korea_legislative_election.svg_-768x1024.png\",\"articleSection\":[\"Allm\u00e4n Posts\"],\"inLanguage\":\"en-US\",\"potentialAction\":[{\"@type\":\"CommentAction\",\"name\":\"Comment\",\"target\":[\"https:\/\/www.richardappelbom.se\/index.php\/2024\/04\/15\/presidentpartiet-forlorade-valet-i-sydkorea\/#respond\"]}]},{\"@type\":\"WebPage\",\"@id\":\"https:\/\/www.richardappelbom.se\/index.php\/2024\/04\/15\/presidentpartiet-forlorade-valet-i-sydkorea\/\",\"url\":\"https:\/\/www.richardappelbom.se\/index.php\/2024\/04\/15\/presidentpartiet-forlorade-valet-i-sydkorea\/\",\"name\":\"Presidentpartiet f\u00f6rlorade valet i Sydkorea - Richard Appelbom\",\"isPartOf\":{\"@id\":\"https:\/\/www.richardappelbom.se\/#website\"},\"primaryImageOfPage\":{\"@id\":\"https:\/\/www.richardappelbom.se\/index.php\/2024\/04\/15\/presidentpartiet-forlorade-valet-i-sydkorea\/#primaryimage\"},\"image\":{\"@id\":\"https:\/\/www.richardappelbom.se\/index.php\/2024\/04\/15\/presidentpartiet-forlorade-valet-i-sydkorea\/#primaryimage\"},\"thumbnailUrl\":\"https:\/\/www.richardappelbom.se\/wp-content\/uploads\/2024\/04\/2024_Republic_of_Korea_legislative_election.svg_-768x1024.png\",\"datePublished\":\"2024-04-15T11:40:57+00:00\",\"dateModified\":\"2024-04-15T11:40:58+00:00\",\"author\":{\"@id\":\"https:\/\/www.richardappelbom.se\/#\/schema\/person\/98f55ffd095155d902e585f10999a15d\"},\"description\":\"Den liberala oppositionen vann parlamentsvalet i Sydkorea mot den sittande presidentens parti. Valsystemet inbjuder till taktiserande allianser.\",\"breadcrumb\":{\"@id\":\"https:\/\/www.richardappelbom.se\/index.php\/2024\/04\/15\/presidentpartiet-forlorade-valet-i-sydkorea\/#breadcrumb\"},\"inLanguage\":\"en-US\",\"potentialAction\":[{\"@type\":\"ReadAction\",\"target\":[\"https:\/\/www.richardappelbom.se\/index.php\/2024\/04\/15\/presidentpartiet-forlorade-valet-i-sydkorea\/\"]}]},{\"@type\":\"ImageObject\",\"inLanguage\":\"en-US\",\"@id\":\"https:\/\/www.richardappelbom.se\/index.php\/2024\/04\/15\/presidentpartiet-forlorade-valet-i-sydkorea\/#primaryimage\",\"url\":\"https:\/\/www.richardappelbom.se\/wp-content\/uploads\/2024\/04\/2024_Republic_of_Korea_legislative_election.svg_.png\",\"contentUrl\":\"https:\/\/www.richardappelbom.se\/wp-content\/uploads\/2024\/04\/2024_Republic_of_Korea_legislative_election.svg_.png\",\"width\":800,\"height\":1067},{\"@type\":\"BreadcrumbList\",\"@id\":\"https:\/\/www.richardappelbom.se\/index.php\/2024\/04\/15\/presidentpartiet-forlorade-valet-i-sydkorea\/#breadcrumb\",\"itemListElement\":[{\"@type\":\"ListItem\",\"position\":1,\"name\":\"Home\",\"item\":\"https:\/\/www.richardappelbom.se\/\"},{\"@type\":\"ListItem\",\"position\":2,\"name\":\"Presidentpartiet f\u00f6rlorade valet i Sydkorea\"}]},{\"@type\":\"WebSite\",\"@id\":\"https:\/\/www.richardappelbom.se\/#website\",\"url\":\"https:\/\/www.richardappelbom.se\/\",\"name\":\"Richard Appelbom\",\"description\":\"En blogg om val och valsystem\",\"potentialAction\":[{\"@type\":\"SearchAction\",\"target\":{\"@type\":\"EntryPoint\",\"urlTemplate\":\"https:\/\/www.richardappelbom.se\/?s={search_term_string}\"},\"query-input\":{\"@type\":\"PropertyValueSpecification\",\"valueRequired\":true,\"valueName\":\"search_term_string\"}}],\"inLanguage\":\"en-US\"},{\"@type\":\"Person\",\"@id\":\"https:\/\/www.richardappelbom.se\/#\/schema\/person\/98f55ffd095155d902e585f10999a15d\",\"name\":\"admin\",\"image\":{\"@type\":\"ImageObject\",\"inLanguage\":\"en-US\",\"@id\":\"https:\/\/secure.gravatar.com\/avatar\/480edd36f6cc3945e6b2db9fdc6f78df2a3fb98b7b27925b8d810863cfa537e7?s=96&d=mm&r=g\",\"url\":\"https:\/\/secure.gravatar.com\/avatar\/480edd36f6cc3945e6b2db9fdc6f78df2a3fb98b7b27925b8d810863cfa537e7?s=96&d=mm&r=g\",\"contentUrl\":\"https:\/\/secure.gravatar.com\/avatar\/480edd36f6cc3945e6b2db9fdc6f78df2a3fb98b7b27925b8d810863cfa537e7?s=96&d=mm&r=g\",\"caption\":\"admin\"},\"sameAs\":[\"https:\/\/www.facebook.com\/rappelbom\",\"https:\/\/twitter.com\/RichardAppelbom\"],\"url\":\"https:\/\/www.richardappelbom.se\/index.php\/author\/ra_j9l6616t\/\"}]}<\/script>\n<!-- \/ Yoast SEO plugin. -->","yoast_head_json":{"title":"Presidentpartiet f\u00f6rlorade valet i Sydkorea - Richard Appelbom","description":"Den liberala oppositionen vann parlamentsvalet i Sydkorea mot den sittande presidentens parti. Valsystemet inbjuder till taktiserande allianser.","robots":{"index":"index","follow":"follow","max-snippet":"max-snippet:-1","max-image-preview":"max-image-preview:large","max-video-preview":"max-video-preview:-1"},"canonical":"https:\/\/www.richardappelbom.se\/index.php\/2024\/04\/15\/presidentpartiet-forlorade-valet-i-sydkorea\/","og_locale":"en_US","og_type":"article","og_title":"Presidentpartiet f\u00f6rlorade valet i Sydkorea - Richard Appelbom","og_description":"Den liberala oppositionen vann parlamentsvalet i Sydkorea mot den sittande presidentens parti. Valsystemet inbjuder till taktiserande allianser.","og_url":"https:\/\/www.richardappelbom.se\/index.php\/2024\/04\/15\/presidentpartiet-forlorade-valet-i-sydkorea\/","og_site_name":"Richard Appelbom","article_publisher":"https:\/\/www.facebook.com\/rappelbom","article_author":"https:\/\/www.facebook.com\/rappelbom","article_published_time":"2024-04-15T11:40:57+00:00","article_modified_time":"2024-04-15T11:40:58+00:00","og_image":[{"url":"https:\/\/www.richardappelbom.se\/wp-content\/uploads\/2024\/04\/2024_Republic_of_Korea_legislative_election.svg_-768x1024.png","type":"","width":"","height":""}],"author":"admin","twitter_card":"summary_large_image","twitter_creator":"@RichardAppelbom","twitter_site":"@RichardAppelbom","twitter_misc":{"Written by":"admin","Est. reading time":"2 minutes"},"schema":{"@context":"https:\/\/schema.org","@graph":[{"@type":"Article","@id":"https:\/\/www.richardappelbom.se\/index.php\/2024\/04\/15\/presidentpartiet-forlorade-valet-i-sydkorea\/#article","isPartOf":{"@id":"https:\/\/www.richardappelbom.se\/index.php\/2024\/04\/15\/presidentpartiet-forlorade-valet-i-sydkorea\/"},"author":{"name":"admin","@id":"https:\/\/www.richardappelbom.se\/#\/schema\/person\/98f55ffd095155d902e585f10999a15d"},"headline":"Presidentpartiet f\u00f6rlorade valet i Sydkorea","datePublished":"2024-04-15T11:40:57+00:00","dateModified":"2024-04-15T11:40:58+00:00","mainEntityOfPage":{"@id":"https:\/\/www.richardappelbom.se\/index.php\/2024\/04\/15\/presidentpartiet-forlorade-valet-i-sydkorea\/"},"wordCount":370,"commentCount":0,"image":{"@id":"https:\/\/www.richardappelbom.se\/index.php\/2024\/04\/15\/presidentpartiet-forlorade-valet-i-sydkorea\/#primaryimage"},"thumbnailUrl":"https:\/\/www.richardappelbom.se\/wp-content\/uploads\/2024\/04\/2024_Republic_of_Korea_legislative_election.svg_-768x1024.png","articleSection":["Allm\u00e4n Posts"],"inLanguage":"en-US","potentialAction":[{"@type":"CommentAction","name":"Comment","target":["https:\/\/www.richardappelbom.se\/index.php\/2024\/04\/15\/presidentpartiet-forlorade-valet-i-sydkorea\/#respond"]}]},{"@type":"WebPage","@id":"https:\/\/www.richardappelbom.se\/index.php\/2024\/04\/15\/presidentpartiet-forlorade-valet-i-sydkorea\/","url":"https:\/\/www.richardappelbom.se\/index.php\/2024\/04\/15\/presidentpartiet-forlorade-valet-i-sydkorea\/","name":"Presidentpartiet f\u00f6rlorade valet i Sydkorea - Richard Appelbom","isPartOf":{"@id":"https:\/\/www.richardappelbom.se\/#website"},"primaryImageOfPage":{"@id":"https:\/\/www.richardappelbom.se\/index.php\/2024\/04\/15\/presidentpartiet-forlorade-valet-i-sydkorea\/#primaryimage"},"image":{"@id":"https:\/\/www.richardappelbom.se\/index.php\/2024\/04\/15\/presidentpartiet-forlorade-valet-i-sydkorea\/#primaryimage"},"thumbnailUrl":"https:\/\/www.richardappelbom.se\/wp-content\/uploads\/2024\/04\/2024_Republic_of_Korea_legislative_election.svg_-768x1024.png","datePublished":"2024-04-15T11:40:57+00:00","dateModified":"2024-04-15T11:40:58+00:00","author":{"@id":"https:\/\/www.richardappelbom.se\/#\/schema\/person\/98f55ffd095155d902e585f10999a15d"},"description":"Den liberala oppositionen vann parlamentsvalet i Sydkorea mot den sittande presidentens parti. Valsystemet inbjuder till taktiserande allianser.","breadcrumb":{"@id":"https:\/\/www.richardappelbom.se\/index.php\/2024\/04\/15\/presidentpartiet-forlorade-valet-i-sydkorea\/#breadcrumb"},"inLanguage":"en-US","potentialAction":[{"@type":"ReadAction","target":["https:\/\/www.richardappelbom.se\/index.php\/2024\/04\/15\/presidentpartiet-forlorade-valet-i-sydkorea\/"]}]},{"@type":"ImageObject","inLanguage":"en-US","@id":"https:\/\/www.richardappelbom.se\/index.php\/2024\/04\/15\/presidentpartiet-forlorade-valet-i-sydkorea\/#primaryimage","url":"https:\/\/www.richardappelbom.se\/wp-content\/uploads\/2024\/04\/2024_Republic_of_Korea_legislative_election.svg_.png","contentUrl":"https:\/\/www.richardappelbom.se\/wp-content\/uploads\/2024\/04\/2024_Republic_of_Korea_legislative_election.svg_.png","width":800,"height":1067},{"@type":"BreadcrumbList","@id":"https:\/\/www.richardappelbom.se\/index.php\/2024\/04\/15\/presidentpartiet-forlorade-valet-i-sydkorea\/#breadcrumb","itemListElement":[{"@type":"ListItem","position":1,"name":"Home","item":"https:\/\/www.richardappelbom.se\/"},{"@type":"ListItem","position":2,"name":"Presidentpartiet f\u00f6rlorade valet i Sydkorea"}]},{"@type":"WebSite","@id":"https:\/\/www.richardappelbom.se\/#website","url":"https:\/\/www.richardappelbom.se\/","name":"Richard Appelbom","description":"En blogg om val och valsystem","potentialAction":[{"@type":"SearchAction","target":{"@type":"EntryPoint","urlTemplate":"https:\/\/www.richardappelbom.se\/?s={search_term_string}"},"query-input":{"@type":"PropertyValueSpecification","valueRequired":true,"valueName":"search_term_string"}}],"inLanguage":"en-US"},{"@type":"Person","@id":"https:\/\/www.richardappelbom.se\/#\/schema\/person\/98f55ffd095155d902e585f10999a15d","name":"admin","image":{"@type":"ImageObject","inLanguage":"en-US","@id":"https:\/\/secure.gravatar.com\/avatar\/480edd36f6cc3945e6b2db9fdc6f78df2a3fb98b7b27925b8d810863cfa537e7?s=96&d=mm&r=g","url":"https:\/\/secure.gravatar.com\/avatar\/480edd36f6cc3945e6b2db9fdc6f78df2a3fb98b7b27925b8d810863cfa537e7?s=96&d=mm&r=g","contentUrl":"https:\/\/secure.gravatar.com\/avatar\/480edd36f6cc3945e6b2db9fdc6f78df2a3fb98b7b27925b8d810863cfa537e7?s=96&d=mm&r=g","caption":"admin"},"sameAs":["https:\/\/www.facebook.com\/rappelbom","https:\/\/twitter.com\/RichardAppelbom"],"url":"https:\/\/www.richardappelbom.se\/index.php\/author\/ra_j9l6616t\/"}]}},"jetpack_featured_media_url":"","jetpack_sharing_enabled":true,"_links":{"self":[{"href":"https:\/\/www.richardappelbom.se\/index.php\/wp-json\/wp\/v2\/posts\/490","targetHints":{"allow":["GET"]}}],"collection":[{"href":"https:\/\/www.richardappelbom.se\/index.php\/wp-json\/wp\/v2\/posts"}],"about":[{"href":"https:\/\/www.richardappelbom.se\/index.php\/wp-json\/wp\/v2\/types\/post"}],"author":[{"embeddable":true,"href":"https:\/\/www.richardappelbom.se\/index.php\/wp-json\/wp\/v2\/users\/1"}],"replies":[{"embeddable":true,"href":"https:\/\/www.richardappelbom.se\/index.php\/wp-json\/wp\/v2\/comments?post=490"}],"version-history":[{"count":1,"href":"https:\/\/www.richardappelbom.se\/index.php\/wp-json\/wp\/v2\/posts\/490\/revisions"}],"predecessor-version":[{"id":492,"href":"https:\/\/www.richardappelbom.se\/index.php\/wp-json\/wp\/v2\/posts\/490\/revisions\/492"}],"wp:attachment":[{"href":"https:\/\/www.richardappelbom.se\/index.php\/wp-json\/wp\/v2\/media?parent=490"}],"wp:term":[{"taxonomy":"category","embeddable":true,"href":"https:\/\/www.richardappelbom.se\/index.php\/wp-json\/wp\/v2\/categories?post=490"},{"taxonomy":"post_tag","embeddable":true,"href":"https:\/\/www.richardappelbom.se\/index.php\/wp-json\/wp\/v2\/tags?post=490"}],"curies":[{"name":"wp","href":"https:\/\/api.w.org\/{rel}","templated":true}]}}