{"id":497,"date":"2024-05-14T10:02:18","date_gmt":"2024-05-14T10:02:18","guid":{"rendered":"https:\/\/www.richardappelbom.se\/?p=497"},"modified":"2024-05-14T10:02:19","modified_gmt":"2024-05-14T10:02:19","slug":"bakslag-for-katalanska-separatister","status":"publish","type":"post","link":"https:\/\/www.richardappelbom.se\/index.php\/2024\/05\/14\/bakslag-for-katalanska-separatister\/","title":{"rendered":"Bakslag f\u00f6r katalanska separatister"},"content":{"rendered":"\n<figure class=\"wp-block-image size-full is-resized\"><img loading=\"lazy\" decoding=\"async\" width=\"115\" height=\"169\" src=\"https:\/\/www.richardappelbom.se\/wp-content\/uploads\/2024\/05\/Puigdemont.jpg\" alt=\"\" class=\"wp-image-498\" style=\"width:287px;height:auto\"\/><\/figure>\n\n\n\n<p>Separatistledaren Carles Puigdemont drev valr\u00f6relse i Frankrike, d\u00e5 han \u00e4r efterlyst i Spanien. Fr\u00e5n Wikipedia<\/p>\n\n\n\n<p><a href=\"https:\/\/en.wikipedia.org\/wiki\/2024_Catalan_regional_election\">Regionalvalet i Katalonien<\/a> blev en seger f\u00f6r socialistpartiet och premi\u00e4rminister Pedro S\u00e1nchez. Det var nyval, som utlystes efter att den sepratistiska majoriten hade spruckit, och<a href=\"https:\/\/en.wikipedia.org\/wiki\/Republican_Left_of_Catalonia\"> ERC<\/a> d\u00e4refter styrt i minoritet. <\/p>\n\n\n\n<p>Socialistpartiet styr Spanien som minoritetsregering och beh\u00f6ver st\u00f6d av separatistpartierna i Katalonien. Det har premi\u00e4rminister Sanchezv f\u00e5tt genom att ge amnesti till dem som var drev fram folkomr\u00f6stningen om sj\u00e4lvst\u00e4ndighet. Den blev f\u00f6rklarad som illegal, och d\u00e4rmed var det ett brott att organisera den.<\/p>\n\n\n\n<p>Sanchez fick mycket kritik fr\u00e5n h\u00f6ger f\u00f6r att ha genom amnestin ha f\u00e5tt ett regeringsunderlag. Men valresultatet talar f\u00f6r att han har lyckats att lugna st\u00e4mningarna i Katalonien och st\u00e4rka st\u00f6det f\u00f6r socialistpartiet d\u00e4r. F\u00f6r f\u00f6sta g\u00e5ngen p\u00e5 l\u00e4nge<a href=\"https:\/\/elpais.com\/espana\/elecciones\/autonomicas\/09\/\"> har inte katalanska nationalister <\/a>majoritet i det lokala parlamentet med 135 platser.<\/p>\n\n\n\n<p>Valsystemet \u00e4r proportionellt utan utj\u00e4mningsmandat. De fyra valkretsarna \u00e4r mycket olika stora, Barcelona dominerar. Det finns en treprocentsp\u00e4rr i varje valkrets, men den beh\u00f6vs bara i Barcelona med 85, mandat, i \u00f6vriga tre valkretsar \u00e4r det 15-19 mandat, vilket g\u00f6r att partier med mindre \u00e4n tre procent \u00e4nd\u00e5 inte f\u00e5r mandat. Avsaknad av utj\u00e4mningsmandat gynnar de st\u00f6rre partierna, s\u00e4rskilt i mindre valkretsar d\u00e4r det kr\u00e4vs h\u00f6gre r\u00f6standel f\u00f6r att f\u00e5 mandat.<\/p>\n\n\n\n<p>Socialistpartiet och det st\u00f6rsta separatistpartiet <a href=\"https:\/\/en.wikipedia.org\/wiki\/Together_for_Catalonia_(2020)\">Cat-Junts <\/a>fick fler mandat \u00e4n r\u00f6standel och de minsta partierna f\u00e4rre. Ett v\u00e4ntat resultat av valsystemet. Katalonien \u00e4r en v\u00e4lm\u00e5ende del av Spanien, och kraven p\u00e5 mer sj\u00e4lvstyre\/sj\u00e4lvst\u00e4ndighet har l\u00e4nge varit starka. Bakslaget den h\u00e4r g\u00e5ngen, liksom problemen f\u00f6r det skotska separatistpartiet SNP, kan antyda att v\u00e4ljarna efter l\u00e5ngt styre lokalt av sepratister har tr\u00f6ttnat. <\/p>\n\n\n\n<p>Nationalismen har ocks\u00e5 delats upp i i flera partier. Det finns nu \u00e4ven ett h\u00f6gerextremt separatistparti, Allanca Cat,  vid sidan av Cat-Junts (bred mest mittenh\u00f6ger) ERC, (mittenv\u00e4nster) och CUP (v\u00e4nster). D\u00e5 det ocks\u00e5 finns de nationella spanska partierna fr\u00e5n h\u00f6ger till v\u00e4nster, om \u00e4n med katalansk pr\u00e4gel eller i n\u00e5got fall eget parti (Comuns sumar, v\u00e4nster).<\/p>\n\n\n\n<p>Det g\u00f6r det besv\u00e4rligt att bilda styre, Socialisterna f\u00e5r som st\u00f6rsta parti och  valsegrare uppgiften att leda Katalonien. Men om det inte g\u00e5r kan det bli \u00e4nnu ett nyval, <\/p>\n","protected":false},"excerpt":{"rendered":"<p>Separatistledaren Carles Puigdemont drev valr\u00f6relse i Frankrike, d\u00e5 han \u00e4r efterlyst i Spanien. Fr\u00e5n Wikipedia Regionalvalet i Katalonien blev en seger f\u00f6r socialistpartiet och premi\u00e4rminister Pedro S\u00e1nchez. Det var nyval, som utlystes efter att den sepratistiska majoriten hade spruckit, och ERC d\u00e4refter styrt i minoritet. Socialistpartiet styr Spanien som minoritetsregering och beh\u00f6ver st\u00f6d av separatistpartierna [&hellip;]<\/p>\n","protected":false},"author":1,"featured_media":0,"comment_status":"open","ping_status":"closed","sticky":false,"template":"","format":"standard","meta":{"_jetpack_memberships_contains_paid_content":false,"footnotes":""},"categories":[10],"tags":[],"class_list":["post-497","post","type-post","status-publish","format-standard","hentry","category-allman-inlagg"],"yoast_head":"<!-- This site is optimized with the Yoast SEO plugin v27.2 - https:\/\/yoast.com\/product\/yoast-seo-wordpress\/ -->\n<title>Bakslag f\u00f6r katalanska separatister - Richard Appelbom<\/title>\n<meta name=\"description\" content=\"Premi\u00e4rminister Sancehez eftergifter till separatister verkar ha lugnat ned st\u00e4mningen. Nyvalet i Katalonien gav majoritet \u00e5t motst\u00e5ndare till utbrytning\" \/>\n<meta name=\"robots\" content=\"index, follow, max-snippet:-1, max-image-preview:large, max-video-preview:-1\" \/>\n<link rel=\"canonical\" href=\"https:\/\/www.richardappelbom.se\/index.php\/2024\/05\/14\/bakslag-for-katalanska-separatister\/\" \/>\n<meta property=\"og:locale\" content=\"en_US\" \/>\n<meta property=\"og:type\" content=\"article\" \/>\n<meta property=\"og:title\" content=\"Bakslag f\u00f6r katalanska separatister - Richard Appelbom\" \/>\n<meta property=\"og:description\" content=\"Premi\u00e4rminister Sancehez eftergifter till separatister verkar ha lugnat ned st\u00e4mningen. Nyvalet i Katalonien gav majoritet \u00e5t motst\u00e5ndare till utbrytning\" \/>\n<meta property=\"og:url\" content=\"https:\/\/www.richardappelbom.se\/index.php\/2024\/05\/14\/bakslag-for-katalanska-separatister\/\" \/>\n<meta property=\"og:site_name\" content=\"Richard Appelbom\" \/>\n<meta property=\"article:publisher\" content=\"https:\/\/www.facebook.com\/rappelbom\" \/>\n<meta property=\"article:author\" content=\"https:\/\/www.facebook.com\/rappelbom\" \/>\n<meta property=\"article:published_time\" content=\"2024-05-14T10:02:18+00:00\" \/>\n<meta property=\"article:modified_time\" content=\"2024-05-14T10:02:19+00:00\" \/>\n<meta property=\"og:image\" content=\"https:\/\/www.richardappelbom.se\/wp-content\/uploads\/2024\/05\/Puigdemont.jpg\" \/>\n<meta name=\"author\" content=\"admin\" \/>\n<meta name=\"twitter:card\" content=\"summary_large_image\" \/>\n<meta name=\"twitter:creator\" content=\"@RichardAppelbom\" \/>\n<meta name=\"twitter:site\" content=\"@RichardAppelbom\" \/>\n<meta name=\"twitter:label1\" content=\"Written by\" \/>\n\t<meta name=\"twitter:data1\" content=\"admin\" \/>\n\t<meta name=\"twitter:label2\" content=\"Est. reading time\" \/>\n\t<meta name=\"twitter:data2\" content=\"2 minutes\" \/>\n<script type=\"application\/ld+json\" class=\"yoast-schema-graph\">{\"@context\":\"https:\/\/schema.org\",\"@graph\":[{\"@type\":\"Article\",\"@id\":\"https:\/\/www.richardappelbom.se\/index.php\/2024\/05\/14\/bakslag-for-katalanska-separatister\/#article\",\"isPartOf\":{\"@id\":\"https:\/\/www.richardappelbom.se\/index.php\/2024\/05\/14\/bakslag-for-katalanska-separatister\/\"},\"author\":{\"name\":\"admin\",\"@id\":\"https:\/\/www.richardappelbom.se\/#\/schema\/person\/98f55ffd095155d902e585f10999a15d\"},\"headline\":\"Bakslag f\u00f6r katalanska separatister\",\"datePublished\":\"2024-05-14T10:02:18+00:00\",\"dateModified\":\"2024-05-14T10:02:19+00:00\",\"mainEntityOfPage\":{\"@id\":\"https:\/\/www.richardappelbom.se\/index.php\/2024\/05\/14\/bakslag-for-katalanska-separatister\/\"},\"wordCount\":433,\"commentCount\":0,\"image\":{\"@id\":\"https:\/\/www.richardappelbom.se\/index.php\/2024\/05\/14\/bakslag-for-katalanska-separatister\/#primaryimage\"},\"thumbnailUrl\":\"https:\/\/www.richardappelbom.se\/wp-content\/uploads\/2024\/05\/Puigdemont.jpg\",\"articleSection\":[\"Allm\u00e4n Posts\"],\"inLanguage\":\"en-US\",\"potentialAction\":[{\"@type\":\"CommentAction\",\"name\":\"Comment\",\"target\":[\"https:\/\/www.richardappelbom.se\/index.php\/2024\/05\/14\/bakslag-for-katalanska-separatister\/#respond\"]}]},{\"@type\":\"WebPage\",\"@id\":\"https:\/\/www.richardappelbom.se\/index.php\/2024\/05\/14\/bakslag-for-katalanska-separatister\/\",\"url\":\"https:\/\/www.richardappelbom.se\/index.php\/2024\/05\/14\/bakslag-for-katalanska-separatister\/\",\"name\":\"Bakslag f\u00f6r katalanska separatister - Richard Appelbom\",\"isPartOf\":{\"@id\":\"https:\/\/www.richardappelbom.se\/#website\"},\"primaryImageOfPage\":{\"@id\":\"https:\/\/www.richardappelbom.se\/index.php\/2024\/05\/14\/bakslag-for-katalanska-separatister\/#primaryimage\"},\"image\":{\"@id\":\"https:\/\/www.richardappelbom.se\/index.php\/2024\/05\/14\/bakslag-for-katalanska-separatister\/#primaryimage\"},\"thumbnailUrl\":\"https:\/\/www.richardappelbom.se\/wp-content\/uploads\/2024\/05\/Puigdemont.jpg\",\"datePublished\":\"2024-05-14T10:02:18+00:00\",\"dateModified\":\"2024-05-14T10:02:19+00:00\",\"author\":{\"@id\":\"https:\/\/www.richardappelbom.se\/#\/schema\/person\/98f55ffd095155d902e585f10999a15d\"},\"description\":\"Premi\u00e4rminister Sancehez eftergifter till separatister verkar ha lugnat ned st\u00e4mningen. Nyvalet i Katalonien gav majoritet \u00e5t motst\u00e5ndare till utbrytning\",\"breadcrumb\":{\"@id\":\"https:\/\/www.richardappelbom.se\/index.php\/2024\/05\/14\/bakslag-for-katalanska-separatister\/#breadcrumb\"},\"inLanguage\":\"en-US\",\"potentialAction\":[{\"@type\":\"ReadAction\",\"target\":[\"https:\/\/www.richardappelbom.se\/index.php\/2024\/05\/14\/bakslag-for-katalanska-separatister\/\"]}]},{\"@type\":\"ImageObject\",\"inLanguage\":\"en-US\",\"@id\":\"https:\/\/www.richardappelbom.se\/index.php\/2024\/05\/14\/bakslag-for-katalanska-separatister\/#primaryimage\",\"url\":\"https:\/\/www.richardappelbom.se\/wp-content\/uploads\/2024\/05\/Puigdemont.jpg\",\"contentUrl\":\"https:\/\/www.richardappelbom.se\/wp-content\/uploads\/2024\/05\/Puigdemont.jpg\",\"width\":115,\"height\":169},{\"@type\":\"BreadcrumbList\",\"@id\":\"https:\/\/www.richardappelbom.se\/index.php\/2024\/05\/14\/bakslag-for-katalanska-separatister\/#breadcrumb\",\"itemListElement\":[{\"@type\":\"ListItem\",\"position\":1,\"name\":\"Home\",\"item\":\"https:\/\/www.richardappelbom.se\/\"},{\"@type\":\"ListItem\",\"position\":2,\"name\":\"Bakslag f\u00f6r katalanska separatister\"}]},{\"@type\":\"WebSite\",\"@id\":\"https:\/\/www.richardappelbom.se\/#website\",\"url\":\"https:\/\/www.richardappelbom.se\/\",\"name\":\"Richard Appelbom\",\"description\":\"En blogg om val och valsystem\",\"potentialAction\":[{\"@type\":\"SearchAction\",\"target\":{\"@type\":\"EntryPoint\",\"urlTemplate\":\"https:\/\/www.richardappelbom.se\/?s={search_term_string}\"},\"query-input\":{\"@type\":\"PropertyValueSpecification\",\"valueRequired\":true,\"valueName\":\"search_term_string\"}}],\"inLanguage\":\"en-US\"},{\"@type\":\"Person\",\"@id\":\"https:\/\/www.richardappelbom.se\/#\/schema\/person\/98f55ffd095155d902e585f10999a15d\",\"name\":\"admin\",\"image\":{\"@type\":\"ImageObject\",\"inLanguage\":\"en-US\",\"@id\":\"https:\/\/secure.gravatar.com\/avatar\/480edd36f6cc3945e6b2db9fdc6f78df2a3fb98b7b27925b8d810863cfa537e7?s=96&d=mm&r=g\",\"url\":\"https:\/\/secure.gravatar.com\/avatar\/480edd36f6cc3945e6b2db9fdc6f78df2a3fb98b7b27925b8d810863cfa537e7?s=96&d=mm&r=g\",\"contentUrl\":\"https:\/\/secure.gravatar.com\/avatar\/480edd36f6cc3945e6b2db9fdc6f78df2a3fb98b7b27925b8d810863cfa537e7?s=96&d=mm&r=g\",\"caption\":\"admin\"},\"sameAs\":[\"https:\/\/www.facebook.com\/rappelbom\",\"https:\/\/twitter.com\/RichardAppelbom\"],\"url\":\"https:\/\/www.richardappelbom.se\/index.php\/author\/ra_j9l6616t\/\"}]}<\/script>\n<!-- \/ Yoast SEO plugin. -->","yoast_head_json":{"title":"Bakslag f\u00f6r katalanska separatister - Richard Appelbom","description":"Premi\u00e4rminister Sancehez eftergifter till separatister verkar ha lugnat ned st\u00e4mningen. Nyvalet i Katalonien gav majoritet \u00e5t motst\u00e5ndare till utbrytning","robots":{"index":"index","follow":"follow","max-snippet":"max-snippet:-1","max-image-preview":"max-image-preview:large","max-video-preview":"max-video-preview:-1"},"canonical":"https:\/\/www.richardappelbom.se\/index.php\/2024\/05\/14\/bakslag-for-katalanska-separatister\/","og_locale":"en_US","og_type":"article","og_title":"Bakslag f\u00f6r katalanska separatister - Richard Appelbom","og_description":"Premi\u00e4rminister Sancehez eftergifter till separatister verkar ha lugnat ned st\u00e4mningen. Nyvalet i Katalonien gav majoritet \u00e5t motst\u00e5ndare till utbrytning","og_url":"https:\/\/www.richardappelbom.se\/index.php\/2024\/05\/14\/bakslag-for-katalanska-separatister\/","og_site_name":"Richard Appelbom","article_publisher":"https:\/\/www.facebook.com\/rappelbom","article_author":"https:\/\/www.facebook.com\/rappelbom","article_published_time":"2024-05-14T10:02:18+00:00","article_modified_time":"2024-05-14T10:02:19+00:00","og_image":[{"url":"https:\/\/www.richardappelbom.se\/wp-content\/uploads\/2024\/05\/Puigdemont.jpg","type":"","width":"","height":""}],"author":"admin","twitter_card":"summary_large_image","twitter_creator":"@RichardAppelbom","twitter_site":"@RichardAppelbom","twitter_misc":{"Written by":"admin","Est. reading time":"2 minutes"},"schema":{"@context":"https:\/\/schema.org","@graph":[{"@type":"Article","@id":"https:\/\/www.richardappelbom.se\/index.php\/2024\/05\/14\/bakslag-for-katalanska-separatister\/#article","isPartOf":{"@id":"https:\/\/www.richardappelbom.se\/index.php\/2024\/05\/14\/bakslag-for-katalanska-separatister\/"},"author":{"name":"admin","@id":"https:\/\/www.richardappelbom.se\/#\/schema\/person\/98f55ffd095155d902e585f10999a15d"},"headline":"Bakslag f\u00f6r katalanska separatister","datePublished":"2024-05-14T10:02:18+00:00","dateModified":"2024-05-14T10:02:19+00:00","mainEntityOfPage":{"@id":"https:\/\/www.richardappelbom.se\/index.php\/2024\/05\/14\/bakslag-for-katalanska-separatister\/"},"wordCount":433,"commentCount":0,"image":{"@id":"https:\/\/www.richardappelbom.se\/index.php\/2024\/05\/14\/bakslag-for-katalanska-separatister\/#primaryimage"},"thumbnailUrl":"https:\/\/www.richardappelbom.se\/wp-content\/uploads\/2024\/05\/Puigdemont.jpg","articleSection":["Allm\u00e4n Posts"],"inLanguage":"en-US","potentialAction":[{"@type":"CommentAction","name":"Comment","target":["https:\/\/www.richardappelbom.se\/index.php\/2024\/05\/14\/bakslag-for-katalanska-separatister\/#respond"]}]},{"@type":"WebPage","@id":"https:\/\/www.richardappelbom.se\/index.php\/2024\/05\/14\/bakslag-for-katalanska-separatister\/","url":"https:\/\/www.richardappelbom.se\/index.php\/2024\/05\/14\/bakslag-for-katalanska-separatister\/","name":"Bakslag f\u00f6r katalanska separatister - Richard Appelbom","isPartOf":{"@id":"https:\/\/www.richardappelbom.se\/#website"},"primaryImageOfPage":{"@id":"https:\/\/www.richardappelbom.se\/index.php\/2024\/05\/14\/bakslag-for-katalanska-separatister\/#primaryimage"},"image":{"@id":"https:\/\/www.richardappelbom.se\/index.php\/2024\/05\/14\/bakslag-for-katalanska-separatister\/#primaryimage"},"thumbnailUrl":"https:\/\/www.richardappelbom.se\/wp-content\/uploads\/2024\/05\/Puigdemont.jpg","datePublished":"2024-05-14T10:02:18+00:00","dateModified":"2024-05-14T10:02:19+00:00","author":{"@id":"https:\/\/www.richardappelbom.se\/#\/schema\/person\/98f55ffd095155d902e585f10999a15d"},"description":"Premi\u00e4rminister Sancehez eftergifter till separatister verkar ha lugnat ned st\u00e4mningen. Nyvalet i Katalonien gav majoritet \u00e5t motst\u00e5ndare till utbrytning","breadcrumb":{"@id":"https:\/\/www.richardappelbom.se\/index.php\/2024\/05\/14\/bakslag-for-katalanska-separatister\/#breadcrumb"},"inLanguage":"en-US","potentialAction":[{"@type":"ReadAction","target":["https:\/\/www.richardappelbom.se\/index.php\/2024\/05\/14\/bakslag-for-katalanska-separatister\/"]}]},{"@type":"ImageObject","inLanguage":"en-US","@id":"https:\/\/www.richardappelbom.se\/index.php\/2024\/05\/14\/bakslag-for-katalanska-separatister\/#primaryimage","url":"https:\/\/www.richardappelbom.se\/wp-content\/uploads\/2024\/05\/Puigdemont.jpg","contentUrl":"https:\/\/www.richardappelbom.se\/wp-content\/uploads\/2024\/05\/Puigdemont.jpg","width":115,"height":169},{"@type":"BreadcrumbList","@id":"https:\/\/www.richardappelbom.se\/index.php\/2024\/05\/14\/bakslag-for-katalanska-separatister\/#breadcrumb","itemListElement":[{"@type":"ListItem","position":1,"name":"Home","item":"https:\/\/www.richardappelbom.se\/"},{"@type":"ListItem","position":2,"name":"Bakslag f\u00f6r katalanska separatister"}]},{"@type":"WebSite","@id":"https:\/\/www.richardappelbom.se\/#website","url":"https:\/\/www.richardappelbom.se\/","name":"Richard Appelbom","description":"En blogg om val och valsystem","potentialAction":[{"@type":"SearchAction","target":{"@type":"EntryPoint","urlTemplate":"https:\/\/www.richardappelbom.se\/?s={search_term_string}"},"query-input":{"@type":"PropertyValueSpecification","valueRequired":true,"valueName":"search_term_string"}}],"inLanguage":"en-US"},{"@type":"Person","@id":"https:\/\/www.richardappelbom.se\/#\/schema\/person\/98f55ffd095155d902e585f10999a15d","name":"admin","image":{"@type":"ImageObject","inLanguage":"en-US","@id":"https:\/\/secure.gravatar.com\/avatar\/480edd36f6cc3945e6b2db9fdc6f78df2a3fb98b7b27925b8d810863cfa537e7?s=96&d=mm&r=g","url":"https:\/\/secure.gravatar.com\/avatar\/480edd36f6cc3945e6b2db9fdc6f78df2a3fb98b7b27925b8d810863cfa537e7?s=96&d=mm&r=g","contentUrl":"https:\/\/secure.gravatar.com\/avatar\/480edd36f6cc3945e6b2db9fdc6f78df2a3fb98b7b27925b8d810863cfa537e7?s=96&d=mm&r=g","caption":"admin"},"sameAs":["https:\/\/www.facebook.com\/rappelbom","https:\/\/twitter.com\/RichardAppelbom"],"url":"https:\/\/www.richardappelbom.se\/index.php\/author\/ra_j9l6616t\/"}]}},"jetpack_featured_media_url":"","jetpack_sharing_enabled":true,"_links":{"self":[{"href":"https:\/\/www.richardappelbom.se\/index.php\/wp-json\/wp\/v2\/posts\/497","targetHints":{"allow":["GET"]}}],"collection":[{"href":"https:\/\/www.richardappelbom.se\/index.php\/wp-json\/wp\/v2\/posts"}],"about":[{"href":"https:\/\/www.richardappelbom.se\/index.php\/wp-json\/wp\/v2\/types\/post"}],"author":[{"embeddable":true,"href":"https:\/\/www.richardappelbom.se\/index.php\/wp-json\/wp\/v2\/users\/1"}],"replies":[{"embeddable":true,"href":"https:\/\/www.richardappelbom.se\/index.php\/wp-json\/wp\/v2\/comments?post=497"}],"version-history":[{"count":1,"href":"https:\/\/www.richardappelbom.se\/index.php\/wp-json\/wp\/v2\/posts\/497\/revisions"}],"predecessor-version":[{"id":499,"href":"https:\/\/www.richardappelbom.se\/index.php\/wp-json\/wp\/v2\/posts\/497\/revisions\/499"}],"wp:attachment":[{"href":"https:\/\/www.richardappelbom.se\/index.php\/wp-json\/wp\/v2\/media?parent=497"}],"wp:term":[{"taxonomy":"category","embeddable":true,"href":"https:\/\/www.richardappelbom.se\/index.php\/wp-json\/wp\/v2\/categories?post=497"},{"taxonomy":"post_tag","embeddable":true,"href":"https:\/\/www.richardappelbom.se\/index.php\/wp-json\/wp\/v2\/tags?post=497"}],"curies":[{"name":"wp","href":"https:\/\/api.w.org\/{rel}","templated":true}]}}