{"id":504,"date":"2024-06-08T08:06:45","date_gmt":"2024-06-08T08:06:45","guid":{"rendered":"https:\/\/www.richardappelbom.se\/?p=504"},"modified":"2024-06-08T08:06:46","modified_gmt":"2024-06-08T08:06:46","slug":"indiska-valjare-gav-nasbranna-at-modi-och-hindunationalism","status":"publish","type":"post","link":"https:\/\/www.richardappelbom.se\/index.php\/2024\/06\/08\/indiska-valjare-gav-nasbranna-at-modi-och-hindunationalism\/","title":{"rendered":"Indiska v\u00e4ljare gav n\u00e4sbr\u00e4nna \u00e5t Modi och hindunationalism"},"content":{"rendered":"\n<figure class=\"wp-block-image size-full is-resized\"><img loading=\"lazy\" decoding=\"async\" width=\"226\" height=\"223\" src=\"https:\/\/www.richardappelbom.se\/wp-content\/uploads\/2024\/06\/modi.jpg\" alt=\"\" class=\"wp-image-505\" style=\"width:556px;height:auto\"\/><\/figure>\n\n\n\n<p>Indiens premi\u00e4rminister Narendra Modi. Bild: Wikipedia<\/p>\n\n\n\n<p><\/p>\n\n\n\n<p>Opinionsm\u00e4tningar och f\u00f6ruts\u00e4gelser talade f\u00f6r en massiv majoritet f\u00f6r premi\u00e4rminister Narendra Modi och hans hindunationalistiska BJP i valet i Indien.<a href=\"http:\/\/N\u00e4ringsliv och investerare kan s\u00e4tta stabilitet framf\u00f6r frihet. N\u00e4r det stod klart att BJP tappat den egna majoriteten rasade b\u00f6rsen i Indien. Det kan bli sv\u00e5rare att i det mer komplicerade l\u00e4get efter valet f\u00f6rhandla fram ekonomiska reformer. Men marschen mot ett mer auktorit\u00e4rt Indien b\u00f6r ha kommit av sig och det \u00e4r viktigare.\"> Nu blev det inte s\u00e5.<\/a> Modi blev visserligen omvald f\u00f6r en tredje g\u00e5ng, men <a href=\"https:\/\/timesofindia.indiatimes.com\/elections\/results\">majoriteten f\u00f6r regeringsalliansen minskade<\/a> och <a href=\"https:\/\/results.eci.gov.in\/PcResultGenJune2024\/index.htm\">BJP f\u00f6rlorade den egna majoriteten.<\/a><\/p>\n\n\n\n<p>Det handlar verkligen om stora tal n\u00e4r v\u00e4rldens folkrikaste nation h\u00e5ller parlamentsval. 964 miljoner m\u00e4nniskor var r\u00f6stber\u00e4ttigade och 643 miljoner, 68 procent, gick till valurnorna. Det indiska parlamentet har 543 platser, vilket ger 1,77 miljoner v\u00e4ljare per mandat. Om Sverige hade samma f\u00f6rdelning skulle riksdagen bara ha fyra platser, om hndsyn tas till antalet r\u00f6stber\u00e4ttigade! Nu har den 349 mandat, och V\u00e4stmanlands region har 77.<\/p>\n\n\n\n<p>Det \u00e4r oundvikligt att antalet v\u00e4ljare per mandat blir fler i st\u00f6rre l\u00e4nder. EU-parlamentet med 360 miljoner v\u00e4ljare har dock 720 mandat och parlamentet i det betydligt mindre Storbritannien har 650 platser. Indien borde d\u00e4rf\u00f6r kunna \u00f6ka antalet parlamentsledam\u00f6ter.<\/p>\n\n\n\n<blockquote class=\"wp-block-quote is-layout-flow wp-block-quote-is-layout-flow\">\n<p>Oppositionen ins\u00e5g att det var allvar med hotet mot demokratin. <a href=\"https:\/\/en.wikipedia.org\/wiki\/2024_Indian_general_election\">Den samlades i en brokig koalition<\/a> f\u00f6r att hindra Modi och BJP fr\u00e5n att forts\u00e4tta att st\u00e4rka greppet<\/p>\n<\/blockquote>\n\n\n\n<p>Indien har enpersonsvalkretsar, vilket gynnar st\u00f6rre partier. I f\u00f6rra valet 2019 fick BJP 37,36 procent av r\u00f6sterna och egen majoritet med 303 mandat. I \u00e5r fick partiet 36,6 procent och 240 mandat. En liten skillnad i r\u00f6standel, men stor i antalet mandat. Oppositionen samlad kring Indiens tidigare statsb\u00e4rande Kongressparti hade i \u00e5r bildat en bred allians och delat upp valkretsarna mellan sig. Det gjorde det l\u00e4ttare att i enskilda valkretsar f\u00e5 fler r\u00f6ster \u00e4n BJP.<\/p>\n\n\n\n<p>BJP och Narendra Modi har f\u00e5tt kritik f\u00f6r auktorit\u00e4ra tendenser och f\u00f6rs\u00f6k att g\u00f6ra om Indien fr\u00e5n en sekul\u00e4r till en hindudominerad stat, n\u00e5got som fr\u00e4mst skulle g\u00e5 ut \u00f6ver den muslimska minoriteten. Modiregimen kritiseras ocks\u00e5 f\u00f6r att trakassera journalister och civilsamh\u00e4llet. Politiska motst\u00e5ndare har \u00e5talats, ett kritiskt BBC-program totalf\u00f6rbjudits. Den ansedda tankesmedjan Freedom House har nedgraderat Indien till bara \u201ddelvis fritt\u201d.<\/p>\n\n\n\n<p>Indien \u00e4r en federation som har likheter med hur en EU-federation kunde bli. D\u00e4r finns m\u00e5nga olika spr\u00e5k och religioner, levnadsstandarden varierar mellan delstaterna. I rikare och b\u00e4ttre fungerande delar, fr\u00e4mst i s\u00f6dra Indien, \u00e4r BJP och hindunationalismen svagare. Likt EU beh\u00f6ver Indien balansera behovet av gemensam marknad och enhetliga regler med respekt f\u00f6r lokala traditioner och valutslag. Det b\u00f6r bli l\u00e4ttare om ett nationalistiskt och centralistiskt parti som BJP inte dominerar.<\/p>\n\n\n\n<p>Indien har en tid haft en god ekonomisk utveckling, vilket kan f\u00f6rklara det trots allt starka st\u00f6det f\u00f6r Modi och BJP. M\u00e5nga v\u00e4ljare har egna minnen av fattigdom, och kan se att livet har blivit b\u00e4ttre.<\/p>\n\n\n\n<p>Nu har dock BJP f\u00e5tt en nyttig n\u00e4sbr\u00e4nna. Trots \u00f6vertag i medier och trakasserier av motst\u00e5ndare backade regeringsblocket. Demokratin i Indien st\u00e5r starkare efter valet. Modi beh\u00f6ver\u00a0g\u00e5 mer f\u00f6rsiktigt fram och f\u00e5 st\u00f6d av andra partier i den egna alliansen.<\/p>\n\n\n\n<p>N\u00e4ringsliv och investerare kan s\u00e4tta stabilitet framf\u00f6r frihet. N\u00e4r det stod klart att BJP tappat den egna majoriteten rasade b\u00f6rsen i Indien. Det kan bli sv\u00e5rare att i det mer komplicerade l\u00e4get efter valet f\u00f6rhandla fram ekonomiska reformer. Men marschen mot ett mer auktorit\u00e4rt Indien b\u00f6r ha kommit av sig och det \u00e4r viktigare.<\/p>\n\n\n\n<blockquote class=\"wp-block-quote is-layout-flow wp-block-quote-is-layout-flow\">\n<p><\/p>\n<\/blockquote>\n","protected":false},"excerpt":{"rendered":"<p>Indiens premi\u00e4rminister Narendra Modi. Bild: Wikipedia Opinionsm\u00e4tningar och f\u00f6ruts\u00e4gelser talade f\u00f6r en massiv majoritet f\u00f6r premi\u00e4rminister Narendra Modi och hans hindunationalistiska BJP i valet i Indien. Nu blev det inte s\u00e5. Modi blev visserligen omvald f\u00f6r en tredje g\u00e5ng, men majoriteten f\u00f6r regeringsalliansen minskade och BJP f\u00f6rlorade den egna majoriteten. Det handlar verkligen om stora [&hellip;]<\/p>\n","protected":false},"author":1,"featured_media":0,"comment_status":"open","ping_status":"closed","sticky":false,"template":"","format":"standard","meta":{"_jetpack_memberships_contains_paid_content":false,"footnotes":""},"categories":[10],"tags":[],"class_list":["post-504","post","type-post","status-publish","format-standard","hentry","category-allman-inlagg"],"yoast_head":"<!-- This site is optimized with the Yoast SEO plugin v27.2 - https:\/\/yoast.com\/product\/yoast-seo-wordpress\/ -->\n<title>Indiska v\u00e4ljare gav n\u00e4sbr\u00e4nna \u00e5t Modi och hindunationalism - Richard Appelbom<\/title>\n<meta name=\"description\" content=\"Narendra Modi kan forts\u00e4tta som premi\u00e4rminister, men det var bra f\u00f6r demokratin att det egna partiet BJP f\u00f6rlorade sin mandatmajoritet\" \/>\n<meta name=\"robots\" content=\"index, follow, max-snippet:-1, max-image-preview:large, max-video-preview:-1\" \/>\n<link rel=\"canonical\" href=\"https:\/\/www.richardappelbom.se\/index.php\/2024\/06\/08\/indiska-valjare-gav-nasbranna-at-modi-och-hindunationalism\/\" \/>\n<meta property=\"og:locale\" content=\"en_US\" \/>\n<meta property=\"og:type\" content=\"article\" \/>\n<meta property=\"og:title\" content=\"Indiska v\u00e4ljare gav n\u00e4sbr\u00e4nna \u00e5t Modi och hindunationalism - Richard Appelbom\" \/>\n<meta property=\"og:description\" content=\"Narendra Modi kan forts\u00e4tta som premi\u00e4rminister, men det var bra f\u00f6r demokratin att det egna partiet BJP f\u00f6rlorade sin mandatmajoritet\" \/>\n<meta property=\"og:url\" content=\"https:\/\/www.richardappelbom.se\/index.php\/2024\/06\/08\/indiska-valjare-gav-nasbranna-at-modi-och-hindunationalism\/\" \/>\n<meta property=\"og:site_name\" content=\"Richard Appelbom\" \/>\n<meta property=\"article:publisher\" content=\"https:\/\/www.facebook.com\/rappelbom\" \/>\n<meta property=\"article:author\" content=\"https:\/\/www.facebook.com\/rappelbom\" \/>\n<meta property=\"article:published_time\" content=\"2024-06-08T08:06:45+00:00\" \/>\n<meta property=\"article:modified_time\" content=\"2024-06-08T08:06:46+00:00\" \/>\n<meta property=\"og:image\" content=\"https:\/\/www.richardappelbom.se\/wp-content\/uploads\/2024\/06\/modi.jpg\" \/>\n<meta name=\"author\" content=\"admin\" \/>\n<meta name=\"twitter:card\" content=\"summary_large_image\" \/>\n<meta name=\"twitter:creator\" content=\"@RichardAppelbom\" \/>\n<meta name=\"twitter:site\" content=\"@RichardAppelbom\" \/>\n<meta name=\"twitter:label1\" content=\"Written by\" \/>\n\t<meta name=\"twitter:data1\" content=\"admin\" \/>\n\t<meta name=\"twitter:label2\" content=\"Est. reading time\" \/>\n\t<meta name=\"twitter:data2\" content=\"3 minutes\" \/>\n<script type=\"application\/ld+json\" class=\"yoast-schema-graph\">{\"@context\":\"https:\/\/schema.org\",\"@graph\":[{\"@type\":\"Article\",\"@id\":\"https:\/\/www.richardappelbom.se\/index.php\/2024\/06\/08\/indiska-valjare-gav-nasbranna-at-modi-och-hindunationalism\/#article\",\"isPartOf\":{\"@id\":\"https:\/\/www.richardappelbom.se\/index.php\/2024\/06\/08\/indiska-valjare-gav-nasbranna-at-modi-och-hindunationalism\/\"},\"author\":{\"name\":\"admin\",\"@id\":\"https:\/\/www.richardappelbom.se\/#\/schema\/person\/98f55ffd095155d902e585f10999a15d\"},\"headline\":\"Indiska v\u00e4ljare gav n\u00e4sbr\u00e4nna \u00e5t Modi och hindunationalism\",\"datePublished\":\"2024-06-08T08:06:45+00:00\",\"dateModified\":\"2024-06-08T08:06:46+00:00\",\"mainEntityOfPage\":{\"@id\":\"https:\/\/www.richardappelbom.se\/index.php\/2024\/06\/08\/indiska-valjare-gav-nasbranna-at-modi-och-hindunationalism\/\"},\"wordCount\":607,\"commentCount\":0,\"image\":{\"@id\":\"https:\/\/www.richardappelbom.se\/index.php\/2024\/06\/08\/indiska-valjare-gav-nasbranna-at-modi-och-hindunationalism\/#primaryimage\"},\"thumbnailUrl\":\"https:\/\/www.richardappelbom.se\/wp-content\/uploads\/2024\/06\/modi.jpg\",\"articleSection\":[\"Allm\u00e4n Posts\"],\"inLanguage\":\"en-US\",\"potentialAction\":[{\"@type\":\"CommentAction\",\"name\":\"Comment\",\"target\":[\"https:\/\/www.richardappelbom.se\/index.php\/2024\/06\/08\/indiska-valjare-gav-nasbranna-at-modi-och-hindunationalism\/#respond\"]}]},{\"@type\":\"WebPage\",\"@id\":\"https:\/\/www.richardappelbom.se\/index.php\/2024\/06\/08\/indiska-valjare-gav-nasbranna-at-modi-och-hindunationalism\/\",\"url\":\"https:\/\/www.richardappelbom.se\/index.php\/2024\/06\/08\/indiska-valjare-gav-nasbranna-at-modi-och-hindunationalism\/\",\"name\":\"Indiska v\u00e4ljare gav n\u00e4sbr\u00e4nna \u00e5t Modi och hindunationalism - Richard Appelbom\",\"isPartOf\":{\"@id\":\"https:\/\/www.richardappelbom.se\/#website\"},\"primaryImageOfPage\":{\"@id\":\"https:\/\/www.richardappelbom.se\/index.php\/2024\/06\/08\/indiska-valjare-gav-nasbranna-at-modi-och-hindunationalism\/#primaryimage\"},\"image\":{\"@id\":\"https:\/\/www.richardappelbom.se\/index.php\/2024\/06\/08\/indiska-valjare-gav-nasbranna-at-modi-och-hindunationalism\/#primaryimage\"},\"thumbnailUrl\":\"https:\/\/www.richardappelbom.se\/wp-content\/uploads\/2024\/06\/modi.jpg\",\"datePublished\":\"2024-06-08T08:06:45+00:00\",\"dateModified\":\"2024-06-08T08:06:46+00:00\",\"author\":{\"@id\":\"https:\/\/www.richardappelbom.se\/#\/schema\/person\/98f55ffd095155d902e585f10999a15d\"},\"description\":\"Narendra Modi kan forts\u00e4tta som premi\u00e4rminister, men det var bra f\u00f6r demokratin att det egna partiet BJP f\u00f6rlorade sin mandatmajoritet\",\"breadcrumb\":{\"@id\":\"https:\/\/www.richardappelbom.se\/index.php\/2024\/06\/08\/indiska-valjare-gav-nasbranna-at-modi-och-hindunationalism\/#breadcrumb\"},\"inLanguage\":\"en-US\",\"potentialAction\":[{\"@type\":\"ReadAction\",\"target\":[\"https:\/\/www.richardappelbom.se\/index.php\/2024\/06\/08\/indiska-valjare-gav-nasbranna-at-modi-och-hindunationalism\/\"]}]},{\"@type\":\"ImageObject\",\"inLanguage\":\"en-US\",\"@id\":\"https:\/\/www.richardappelbom.se\/index.php\/2024\/06\/08\/indiska-valjare-gav-nasbranna-at-modi-och-hindunationalism\/#primaryimage\",\"url\":\"https:\/\/www.richardappelbom.se\/wp-content\/uploads\/2024\/06\/modi.jpg\",\"contentUrl\":\"https:\/\/www.richardappelbom.se\/wp-content\/uploads\/2024\/06\/modi.jpg\",\"width\":226,\"height\":223},{\"@type\":\"BreadcrumbList\",\"@id\":\"https:\/\/www.richardappelbom.se\/index.php\/2024\/06\/08\/indiska-valjare-gav-nasbranna-at-modi-och-hindunationalism\/#breadcrumb\",\"itemListElement\":[{\"@type\":\"ListItem\",\"position\":1,\"name\":\"Home\",\"item\":\"https:\/\/www.richardappelbom.se\/\"},{\"@type\":\"ListItem\",\"position\":2,\"name\":\"Indiska v\u00e4ljare gav n\u00e4sbr\u00e4nna \u00e5t Modi och hindunationalism\"}]},{\"@type\":\"WebSite\",\"@id\":\"https:\/\/www.richardappelbom.se\/#website\",\"url\":\"https:\/\/www.richardappelbom.se\/\",\"name\":\"Richard Appelbom\",\"description\":\"En blogg om val och valsystem\",\"potentialAction\":[{\"@type\":\"SearchAction\",\"target\":{\"@type\":\"EntryPoint\",\"urlTemplate\":\"https:\/\/www.richardappelbom.se\/?s={search_term_string}\"},\"query-input\":{\"@type\":\"PropertyValueSpecification\",\"valueRequired\":true,\"valueName\":\"search_term_string\"}}],\"inLanguage\":\"en-US\"},{\"@type\":\"Person\",\"@id\":\"https:\/\/www.richardappelbom.se\/#\/schema\/person\/98f55ffd095155d902e585f10999a15d\",\"name\":\"admin\",\"image\":{\"@type\":\"ImageObject\",\"inLanguage\":\"en-US\",\"@id\":\"https:\/\/secure.gravatar.com\/avatar\/480edd36f6cc3945e6b2db9fdc6f78df2a3fb98b7b27925b8d810863cfa537e7?s=96&d=mm&r=g\",\"url\":\"https:\/\/secure.gravatar.com\/avatar\/480edd36f6cc3945e6b2db9fdc6f78df2a3fb98b7b27925b8d810863cfa537e7?s=96&d=mm&r=g\",\"contentUrl\":\"https:\/\/secure.gravatar.com\/avatar\/480edd36f6cc3945e6b2db9fdc6f78df2a3fb98b7b27925b8d810863cfa537e7?s=96&d=mm&r=g\",\"caption\":\"admin\"},\"sameAs\":[\"https:\/\/www.facebook.com\/rappelbom\",\"https:\/\/twitter.com\/RichardAppelbom\"],\"url\":\"https:\/\/www.richardappelbom.se\/index.php\/author\/ra_j9l6616t\/\"}]}<\/script>\n<!-- \/ Yoast SEO plugin. -->","yoast_head_json":{"title":"Indiska v\u00e4ljare gav n\u00e4sbr\u00e4nna \u00e5t Modi och hindunationalism - Richard Appelbom","description":"Narendra Modi kan forts\u00e4tta som premi\u00e4rminister, men det var bra f\u00f6r demokratin att det egna partiet BJP f\u00f6rlorade sin mandatmajoritet","robots":{"index":"index","follow":"follow","max-snippet":"max-snippet:-1","max-image-preview":"max-image-preview:large","max-video-preview":"max-video-preview:-1"},"canonical":"https:\/\/www.richardappelbom.se\/index.php\/2024\/06\/08\/indiska-valjare-gav-nasbranna-at-modi-och-hindunationalism\/","og_locale":"en_US","og_type":"article","og_title":"Indiska v\u00e4ljare gav n\u00e4sbr\u00e4nna \u00e5t Modi och hindunationalism - Richard Appelbom","og_description":"Narendra Modi kan forts\u00e4tta som premi\u00e4rminister, men det var bra f\u00f6r demokratin att det egna partiet BJP f\u00f6rlorade sin mandatmajoritet","og_url":"https:\/\/www.richardappelbom.se\/index.php\/2024\/06\/08\/indiska-valjare-gav-nasbranna-at-modi-och-hindunationalism\/","og_site_name":"Richard Appelbom","article_publisher":"https:\/\/www.facebook.com\/rappelbom","article_author":"https:\/\/www.facebook.com\/rappelbom","article_published_time":"2024-06-08T08:06:45+00:00","article_modified_time":"2024-06-08T08:06:46+00:00","og_image":[{"url":"https:\/\/www.richardappelbom.se\/wp-content\/uploads\/2024\/06\/modi.jpg","type":"","width":"","height":""}],"author":"admin","twitter_card":"summary_large_image","twitter_creator":"@RichardAppelbom","twitter_site":"@RichardAppelbom","twitter_misc":{"Written by":"admin","Est. reading time":"3 minutes"},"schema":{"@context":"https:\/\/schema.org","@graph":[{"@type":"Article","@id":"https:\/\/www.richardappelbom.se\/index.php\/2024\/06\/08\/indiska-valjare-gav-nasbranna-at-modi-och-hindunationalism\/#article","isPartOf":{"@id":"https:\/\/www.richardappelbom.se\/index.php\/2024\/06\/08\/indiska-valjare-gav-nasbranna-at-modi-och-hindunationalism\/"},"author":{"name":"admin","@id":"https:\/\/www.richardappelbom.se\/#\/schema\/person\/98f55ffd095155d902e585f10999a15d"},"headline":"Indiska v\u00e4ljare gav n\u00e4sbr\u00e4nna \u00e5t Modi och hindunationalism","datePublished":"2024-06-08T08:06:45+00:00","dateModified":"2024-06-08T08:06:46+00:00","mainEntityOfPage":{"@id":"https:\/\/www.richardappelbom.se\/index.php\/2024\/06\/08\/indiska-valjare-gav-nasbranna-at-modi-och-hindunationalism\/"},"wordCount":607,"commentCount":0,"image":{"@id":"https:\/\/www.richardappelbom.se\/index.php\/2024\/06\/08\/indiska-valjare-gav-nasbranna-at-modi-och-hindunationalism\/#primaryimage"},"thumbnailUrl":"https:\/\/www.richardappelbom.se\/wp-content\/uploads\/2024\/06\/modi.jpg","articleSection":["Allm\u00e4n Posts"],"inLanguage":"en-US","potentialAction":[{"@type":"CommentAction","name":"Comment","target":["https:\/\/www.richardappelbom.se\/index.php\/2024\/06\/08\/indiska-valjare-gav-nasbranna-at-modi-och-hindunationalism\/#respond"]}]},{"@type":"WebPage","@id":"https:\/\/www.richardappelbom.se\/index.php\/2024\/06\/08\/indiska-valjare-gav-nasbranna-at-modi-och-hindunationalism\/","url":"https:\/\/www.richardappelbom.se\/index.php\/2024\/06\/08\/indiska-valjare-gav-nasbranna-at-modi-och-hindunationalism\/","name":"Indiska v\u00e4ljare gav n\u00e4sbr\u00e4nna \u00e5t Modi och hindunationalism - Richard Appelbom","isPartOf":{"@id":"https:\/\/www.richardappelbom.se\/#website"},"primaryImageOfPage":{"@id":"https:\/\/www.richardappelbom.se\/index.php\/2024\/06\/08\/indiska-valjare-gav-nasbranna-at-modi-och-hindunationalism\/#primaryimage"},"image":{"@id":"https:\/\/www.richardappelbom.se\/index.php\/2024\/06\/08\/indiska-valjare-gav-nasbranna-at-modi-och-hindunationalism\/#primaryimage"},"thumbnailUrl":"https:\/\/www.richardappelbom.se\/wp-content\/uploads\/2024\/06\/modi.jpg","datePublished":"2024-06-08T08:06:45+00:00","dateModified":"2024-06-08T08:06:46+00:00","author":{"@id":"https:\/\/www.richardappelbom.se\/#\/schema\/person\/98f55ffd095155d902e585f10999a15d"},"description":"Narendra Modi kan forts\u00e4tta som premi\u00e4rminister, men det var bra f\u00f6r demokratin att det egna partiet BJP f\u00f6rlorade sin mandatmajoritet","breadcrumb":{"@id":"https:\/\/www.richardappelbom.se\/index.php\/2024\/06\/08\/indiska-valjare-gav-nasbranna-at-modi-och-hindunationalism\/#breadcrumb"},"inLanguage":"en-US","potentialAction":[{"@type":"ReadAction","target":["https:\/\/www.richardappelbom.se\/index.php\/2024\/06\/08\/indiska-valjare-gav-nasbranna-at-modi-och-hindunationalism\/"]}]},{"@type":"ImageObject","inLanguage":"en-US","@id":"https:\/\/www.richardappelbom.se\/index.php\/2024\/06\/08\/indiska-valjare-gav-nasbranna-at-modi-och-hindunationalism\/#primaryimage","url":"https:\/\/www.richardappelbom.se\/wp-content\/uploads\/2024\/06\/modi.jpg","contentUrl":"https:\/\/www.richardappelbom.se\/wp-content\/uploads\/2024\/06\/modi.jpg","width":226,"height":223},{"@type":"BreadcrumbList","@id":"https:\/\/www.richardappelbom.se\/index.php\/2024\/06\/08\/indiska-valjare-gav-nasbranna-at-modi-och-hindunationalism\/#breadcrumb","itemListElement":[{"@type":"ListItem","position":1,"name":"Home","item":"https:\/\/www.richardappelbom.se\/"},{"@type":"ListItem","position":2,"name":"Indiska v\u00e4ljare gav n\u00e4sbr\u00e4nna \u00e5t Modi och hindunationalism"}]},{"@type":"WebSite","@id":"https:\/\/www.richardappelbom.se\/#website","url":"https:\/\/www.richardappelbom.se\/","name":"Richard Appelbom","description":"En blogg om val och valsystem","potentialAction":[{"@type":"SearchAction","target":{"@type":"EntryPoint","urlTemplate":"https:\/\/www.richardappelbom.se\/?s={search_term_string}"},"query-input":{"@type":"PropertyValueSpecification","valueRequired":true,"valueName":"search_term_string"}}],"inLanguage":"en-US"},{"@type":"Person","@id":"https:\/\/www.richardappelbom.se\/#\/schema\/person\/98f55ffd095155d902e585f10999a15d","name":"admin","image":{"@type":"ImageObject","inLanguage":"en-US","@id":"https:\/\/secure.gravatar.com\/avatar\/480edd36f6cc3945e6b2db9fdc6f78df2a3fb98b7b27925b8d810863cfa537e7?s=96&d=mm&r=g","url":"https:\/\/secure.gravatar.com\/avatar\/480edd36f6cc3945e6b2db9fdc6f78df2a3fb98b7b27925b8d810863cfa537e7?s=96&d=mm&r=g","contentUrl":"https:\/\/secure.gravatar.com\/avatar\/480edd36f6cc3945e6b2db9fdc6f78df2a3fb98b7b27925b8d810863cfa537e7?s=96&d=mm&r=g","caption":"admin"},"sameAs":["https:\/\/www.facebook.com\/rappelbom","https:\/\/twitter.com\/RichardAppelbom"],"url":"https:\/\/www.richardappelbom.se\/index.php\/author\/ra_j9l6616t\/"}]}},"jetpack_featured_media_url":"","jetpack_sharing_enabled":true,"_links":{"self":[{"href":"https:\/\/www.richardappelbom.se\/index.php\/wp-json\/wp\/v2\/posts\/504","targetHints":{"allow":["GET"]}}],"collection":[{"href":"https:\/\/www.richardappelbom.se\/index.php\/wp-json\/wp\/v2\/posts"}],"about":[{"href":"https:\/\/www.richardappelbom.se\/index.php\/wp-json\/wp\/v2\/types\/post"}],"author":[{"embeddable":true,"href":"https:\/\/www.richardappelbom.se\/index.php\/wp-json\/wp\/v2\/users\/1"}],"replies":[{"embeddable":true,"href":"https:\/\/www.richardappelbom.se\/index.php\/wp-json\/wp\/v2\/comments?post=504"}],"version-history":[{"count":1,"href":"https:\/\/www.richardappelbom.se\/index.php\/wp-json\/wp\/v2\/posts\/504\/revisions"}],"predecessor-version":[{"id":506,"href":"https:\/\/www.richardappelbom.se\/index.php\/wp-json\/wp\/v2\/posts\/504\/revisions\/506"}],"wp:attachment":[{"href":"https:\/\/www.richardappelbom.se\/index.php\/wp-json\/wp\/v2\/media?parent=504"}],"wp:term":[{"taxonomy":"category","embeddable":true,"href":"https:\/\/www.richardappelbom.se\/index.php\/wp-json\/wp\/v2\/categories?post=504"},{"taxonomy":"post_tag","embeddable":true,"href":"https:\/\/www.richardappelbom.se\/index.php\/wp-json\/wp\/v2\/tags?post=504"}],"curies":[{"name":"wp","href":"https:\/\/api.w.org\/{rel}","templated":true}]}}