{"id":513,"date":"2024-07-06T14:14:07","date_gmt":"2024-07-06T14:14:07","guid":{"rendered":"https:\/\/www.richardappelbom.se\/?p=513"},"modified":"2024-07-13T13:05:24","modified_gmt":"2024-07-13T13:05:24","slug":"den-har-gangen-slog-brittiska-valsystemet-mot-hogern","status":"publish","type":"post","link":"https:\/\/www.richardappelbom.se\/index.php\/2024\/07\/06\/den-har-gangen-slog-brittiska-valsystemet-mot-hogern\/","title":{"rendered":"Den h\u00e4r g\u00e5ngen slog\u00a0 brittiska valsystemet mot h\u00f6gern"},"content":{"rendered":"\n<figure class=\"wp-block-image size-full is-resized\"><img loading=\"lazy\" decoding=\"async\" width=\"275\" height=\"183\" src=\"https:\/\/www.richardappelbom.se\/wp-content\/uploads\/2024\/07\/sunak.jpg\" alt=\"\" class=\"wp-image-522\" style=\"width:533px;height:auto\"\/><\/figure>\n\n\n\n<p>Tidigare premi\u00e4rminister Rishi Sunak chansade med ett tidigt nyval, men f\u00f6rlorade stort och fick l\u00e4mna \u00f6ver premi\u00e4rministerposten till Labours Keir Starmer<\/p>\n\n\n\n<p>Socialdemokratiska Labourpartiet vann som v\u00e4ntat<a href=\"https:\/\/www.bbc.com\/news\/articles\/c4nglegege1o\"> en jordskredsseger <\/a>i det brittiska parlamentsvalet i antalet mandat. Det blev 412 av 650 mandat i underhuset. Konservativa Tories som hade regerat i 14 \u00e5r gjorde ett katastrofval och gick fr\u00e5n 372 (hade dock tappat en del i fyllnadsval) mandat i f\u00f6rra valet till 121.<\/p>\n\n\n\n<p>Labours stora antal mandat berodde dock fr\u00e4mst p\u00e5 valsystemet med enpersonsvalkretsar. Partiet fick bara 33,8 procent av r\u00f6sterna, <a href=\"https:\/\/www.theguardian.com\/politics\/ng-interactive\/2024\/jul\/04\/uk-general-election-results-2024-live-in-full\">en blygsam \u00f6kning <\/a>med 1,7 procentenheter, men \u00f6ver 63 procent av mandaten. <a href=\"https:\/\/www.bbc.com\/news\/articles\/cjqexq55qyzo\">Liberaldemokraterna,<\/a> som brukar klaga \u00f6ver att de missgynnas av valsystemet, hade den h\u00e4r g\u00e5ngen koncentrerat sin kampanj till valkretsar d\u00e4r de var tv\u00e5a efter de Konservativa.<\/p>\n\n\n\n<p>N\u00e4r Tories r\u00f6standel kollapsade kunde Libdem vinna m\u00e5nga av de h\u00e4r valkretsarna. Partiet fick 72 mandat, den h\u00f6gsta siffran sedan 1920-talet. R\u00f6standelen innebar d\u00e4remot en blygsam \u00f6kning fr\u00e5n 11,6 till 12,2 procent. &nbsp;Labour satsade i allm\u00e4nhet sina kampanjresurser i andra valkretsar \u00e4n de d\u00e4r Libdem hoppades vinna<\/p>\n\n\n\n<p>Det f\u00f6rekom ocks\u00e5 en del taktikr\u00f6stande, d\u00e4r Laboursympatis\u00f6rer r\u00f6stade p\u00e5 Libdem och Libdemanh\u00e4ngare r\u00f6stade p\u00e5 Labour i valkretsar d\u00e4r det andra partiet ans\u00e5gs ha b\u00e4st chanser att besegra Tories. Jag har en bekant som sj\u00e4lv varit parlamentskandidat f\u00f6r Libdem som den h\u00e4r g\u00e5ngen taktikr\u00f6stade p\u00e5 Labour.<\/p>\n\n\n\n<p>N\u00e5got liknande h\u00e4nde 1997, d\u00e5 Labour under Tony Blair ocks\u00e5 vann en jordskredsseger, och Libdem vann m\u00e5nga tidigare Toryvalkretsar. Den h\u00e4r g\u00e5ngen blev effekten \u00e4nnu st\u00f6rre, d\u00e5 Konservativa f\u00f6rlorade r\u00f6ster til h\u00f6gerpopulistiska Reform.<\/p>\n\n\n\n<p>De partier som kraftigt missgynnades av valsystemet var Reform, De gr\u00f6na och skotska nationalistpartiet SNP. Reform fick 14,3 procent av r\u00f6sterna och fem mandat, SNP 29,9 procent i Skottland och 9 mandat av 57, medan Gr\u00f6na fick 6,8 procent och 4 mandat. Konservativa med 23,7 procent fick 121 mandat, vilket motsvarar 19 procent av mandaten.<\/p>\n\n\n\n<p>Labour f\u00f6rlorade m\u00e5nga mandat i f\u00f6rra valet, och valanalytikerna trodde det skulle bli sv\u00e5rt att vinna majoritet direkt i n\u00e4sta val. Men nye Labourledaren Keir Starmer lyckades f\u00f6ra partiet \u00e5t mitten, efter v\u00e4nstersv\u00e4ngen under tidigare partiledaren Jeremy Corbyn. Det gjorde det l\u00e4ttare f\u00f6r mittenv\u00e4ljare att r\u00f6sta p\u00e5 Labour. Men fr\u00e4mst hade Labour en n\u00e4stan sagolik tur i att v\u00e4ljarna efter 14 \u00e5rs Torystyre och efter \u00e4nnu l\u00e4ngre nationaliststyre i Skottland \u00f6nskade f\u00f6r\u00e4ndring. Tories och SNP var s\u00f6nderregerade, splittrade och med flera skandaler.<\/p>\n\n\n\n<p><a href=\"https:\/\/en.wikipedia.org\/wiki\/2024_United_Kingdom_general_election_in_Scotland\">Skottland var den<\/a> en del av Storbritannien d\u00e4r Labour gick kraftigt fram\u00e5t, fr\u00e5n 18,6 procent till 35,7 procent. I mandat blev framg\u00e5ngen \u00e4n mer dramatisk, fr\u00e5n ett (!) mandat (egentligen tv\u00e5 efter en seger i ett fyllnandsval) till 37 mandat. SNP gick fr\u00e5n 45 procent till 29 procent, och fr\u00e5n 48 mandat till nio! Labour brukade, innan SNP blev st\u00f6rsta parti, f\u00e5 m\u00e5nga mandat i Skottland. S\u00e5 i n\u00e5gon m\u00e5n \u00e4r en tidigare ordning \u00e5terst\u00e4lld.<\/p>\n\n\n\n<p>Libdem fick 6 mandat i Skottland, d\u00e4ribland Orkney and Shetland, som har varit den enda \u201ds\u00e4kra\u201d valkretsen f\u00f6r partiet. Noterbart \u00e4r att Libdem vann Inverness, Skye and West Ross fr\u00e5n SNP. Det \u00e4r en sammanslagen h\u00f6glandsvalkrets, d\u00e4r Skyedelen tidigare representerades av d\u00e5varande  Libdempartiledaren Charles Kennedy och Inverness \u00e4n tidigare av Liberalen Russell Johnston. Libdem har \u00e5ter tv\u00e5 platser (den andra \u00e4r Caithness) i skotska h\u00f6gl\u00e4nderna, ett tidigare styrkeb\u00e4lte f\u00f6r partiet.<\/p>\n\n\n\n<p>&nbsp;I England och Wales var det Tories som kollapsade. <a href=\"http:\/\/How the Tory election campaign melted down in 6 disastrous weeks \u2013 POLITICO\">Det var ett misstag<\/a> av premi\u00e4rminister Rishi Sunak att utlysa valet nu ist\u00e4llet f\u00f6r i h\u00f6st.  I det brittiska systemet best\u00e4mmer premi\u00e4rministern valdag inom fem \u00e5r fr\u00e5n f\u00f6rra valet. Det fanns argument f\u00f6r att inte v\u00e4nta hela mandatperioden, med De Konservativas valmaskin var inte redo f\u00f6r ett sommarval. Dessutom begick premi\u00e4rminister Rishi Sunak misstag efter misstag under hela valr\u00f6relsen.<\/p>\n\n\n\n<p>Men under sj\u00e4lva valr\u00f6relsen var det \u00e4nd\u00e5 Labour som tappade st\u00f6d, fr\u00e5n \u00f6ver 40 procent till 33,8. De Konservativa l\u00e5g n\u00e5got l\u00e4gre i opinionsm\u00e4tningarna \u00e4n sj\u00e4lva valresultatet. H\u00f6gerpopulistiska Reform l\u00e5g p\u00e5 drygt 10 procent, men n\u00e4r den karismatiske Nigel Farage tog \u00f6ver partiledarposten (formellt, f\u00f6r det \u00e4r Farage som \u00e4ger partiet) \u00f6kade partiets st\u00f6d. I n\u00e5gra m\u00e4tningar var Reform i kapp Tories, men i slut\u00e4ndan var det ett st\u00f6rre avst\u00e5nd mellan partierna, med 23,7 mot 14,3 procent.<\/p>\n\n\n\n<p>Det brittiska valsystemet har gynnat h\u00f6gern, d\u00e5 centerv\u00e4nsterv\u00e4ljarna har splittrat sina r\u00f6ster p\u00e5 flera partier. Nu blev det tv\u00e4rtom. Libdem och Labour koncentrerade sig p\u00e5 olika valkretsar, medan Reform uttryckligen var ute efter att skada Tories s\u00e5 mycket som m\u00f6jligt. Det gjorde att tidigare \u201ds\u00e4kra\u201d Konservativa valkretsar <a href=\"https:\/\/www.theguardian.com\/politics\/article\/2024\/jul\/05\/2024-election-portillo-moments-which-big-beasts-have-lost-their-seats\">gick f\u00f6rlorade,<\/a> som f\u00f6r f\u00f6rra premi\u00e4rministern Liz Truss, som i f\u00f6rra valet hade en majoritet p\u00e5 26 195 r\u00f6ster! &nbsp;S\u00e5 g\u00e5r det med detta valsystem, om tv\u00e5 partier som ligger n\u00e4ra varandra konkurrerar om r\u00f6ster kan ett tredje vinna valkretsen.<\/p>\n\n\n\n<p>Labour tappade en del till De Gr\u00f6na, och till oberoende propalestinska kandidater. \u00c4ven n\u00e5gra mandat gick f\u00f6rlorade och flera Laborledam\u00f6ter i valkretsar med m\u00e5nga muslimska v\u00e4ljare klarade sig med en h\u00e5rsm\u00e5n och utsattes f\u00f6r trakasserier under valkampanjen.<\/p>\n\n\n\n<p>Labour har en stabil majoritet, men har propalestinerna, Gr\u00f6na och \u00e4ven Libdem till v\u00e4nster. Det kan leda till f\u00f6rluster i v\u00e4ljarst\u00f6d om Labour av mer radikala v\u00e4ljare uppfattas som f\u00f6rsiktigt.&nbsp; De Gr\u00f6na eller nya partier kan fortsatt f\u00e5nga upp missn\u00f6jet bland de tidigare s\u00e5 trogna muslimska v\u00e4jarna. Eftersom utrymmet f\u00f6r kostnadskr\u00e4vande reformer \u00e4r mycket litet, kan Labours st\u00f6d urholkas av besvikelse \u00f6ver att det inte blev s\u00e5 mycket b\u00e4ttre \u00e4n tidigare.<\/p>\n\n\n\n<p>Den stora fr\u00e5gan f\u00f6r de n\u00e4rmaste \u00e5ren \u00e4r dock vad som <a href=\"http:\/\/Battle for Conservative Party\u2019s soul begins after election bloodbath \u2013 POLITICO\">h\u00e4nder med Torypartiet<\/a>. Nigel Farage st\u00e5r n\u00e4ra Donald Trump och<a href=\"http:\/\/Nigel Farage storms the UK parliament. Cue the Jaws music. \u2013 POLITICO\"> vill \u201dtrumpifiera\u201d h\u00f6gern.<\/a> Farage \u00e4r i ordets r\u00e4tta bem\u00e4rkelse parti\u00e4gare. Reformpartiet \u00e4gs av Farage och har inga medlemmar, bara \u201dsupportrar&#8221;. D\u00e4rf\u00f6r var det inga problem att samma dag som Farage best\u00e4mde sig f\u00f6r att st\u00e4lla upp, i st\u00e4llet f\u00f6r att vara i USA och st\u00f6dja Donald Trump, direkt avs\u00e4tta den tidigare partiledaren och \u00e4ven formellt ins\u00e4tta Farage p\u00e5 posten.<\/p>\n\n\n\n<p>I USA och i Frankrike, som ocks\u00e5 har majoritetsvalssystem (\u00e4ven om Frankrike har tv\u00e5 omg\u00e5ngar) har populisth\u00f6gern krossat den traditionella h\u00f6gern. Blir det n\u00e5got liknande i Storbritannien? Det blir avg\u00f6rande f\u00f6r framtida brittisk politik.<\/p>\n\n\n\n<p>Ett \u00e4ndrat valsystem kunde bli aktuellt efter den stora skillnaden i mandat och r\u00f6standel. Men eftersom valsystemet gynnar sittande regeringsparti \u00e4r det tveksamt om n\u00e5got sker. Detta \u00e4r dock en fr\u00e5ga d\u00e4r Reform, Libdem och Gr\u00f6na tycker lika. Tories har tidigare varit de mest best\u00e4mda anh\u00e4ngarna av dagens system, men kan det \u00e4ndras n\u00e4r en splittrad h\u00f6ger missynnas av systemet? Hade Libdem f\u00e5tt igenom AV, en j\u00e4mf\u00f6relsevis liten f\u00f6r\u00e4ndring d\u00e4r v\u00e4ljarna i valkretsen kan rangordna kandiaterna,&nbsp; n\u00e4r de var i koalition med Torypartiet, hade den samlade h\u00f6gern nog f\u00e5tt betydligt fler mandat i \u00e5rets val. Men De konservativa tvingade fram en folkomr\u00f6stning, och valsystemet fick nobben av v\u00e4ljarna.<\/p>\n\n\n\n<p>S\u00e5 kanske kan de t\u00e4nka om. Ett mer proportionellt valsystem skulle nog som i andra europeiska l\u00e4nder dela upp h\u00f6gern i ett populistparti och ett mer traditionellt h\u00f6gerparti (som M och SD), men g\u00f6ra det sv\u00e5rare att populisth\u00f6gern blir helt dominerande .<\/p>\n","protected":false},"excerpt":{"rendered":"<p>Tidigare premi\u00e4rminister Rishi Sunak chansade med ett tidigt nyval, men f\u00f6rlorade stort och fick l\u00e4mna \u00f6ver premi\u00e4rministerposten till Labours Keir Starmer Socialdemokratiska Labourpartiet vann som v\u00e4ntat en jordskredsseger i det brittiska parlamentsvalet i antalet mandat. Det blev 412 av 650 mandat i underhuset. Konservativa Tories som hade regerat i 14 \u00e5r gjorde ett katastrofval och [&hellip;]<\/p>\n","protected":false},"author":1,"featured_media":0,"comment_status":"open","ping_status":"closed","sticky":false,"template":"","format":"standard","meta":{"_jetpack_memberships_contains_paid_content":false,"footnotes":""},"categories":[10],"tags":[],"class_list":["post-513","post","type-post","status-publish","format-standard","hentry","category-allman-inlagg"],"yoast_head":"<!-- This site is optimized with the Yoast SEO plugin v27.2 - https:\/\/yoast.com\/product\/yoast-seo-wordpress\/ -->\n<title>Den h\u00e4r g\u00e5ngen slog\u00a0 brittiska valsystemet mot h\u00f6gern - Richard Appelbom<\/title>\n<meta name=\"description\" content=\"En splittrad h\u00f6ger och taktikr\u00f6stande gav Labour en v\u00e4ldig mandatmajoritet j\u00e4mf\u00f6rt med r\u00f6standelen.\" \/>\n<meta name=\"robots\" content=\"index, follow, max-snippet:-1, max-image-preview:large, max-video-preview:-1\" \/>\n<link rel=\"canonical\" href=\"https:\/\/www.richardappelbom.se\/index.php\/2024\/07\/06\/den-har-gangen-slog-brittiska-valsystemet-mot-hogern\/\" \/>\n<meta property=\"og:locale\" content=\"en_US\" \/>\n<meta property=\"og:type\" content=\"article\" \/>\n<meta property=\"og:title\" content=\"Den h\u00e4r g\u00e5ngen slog\u00a0 brittiska valsystemet mot h\u00f6gern - Richard Appelbom\" \/>\n<meta property=\"og:description\" content=\"En splittrad h\u00f6ger och taktikr\u00f6stande gav Labour en v\u00e4ldig mandatmajoritet j\u00e4mf\u00f6rt med r\u00f6standelen.\" \/>\n<meta property=\"og:url\" content=\"https:\/\/www.richardappelbom.se\/index.php\/2024\/07\/06\/den-har-gangen-slog-brittiska-valsystemet-mot-hogern\/\" \/>\n<meta property=\"og:site_name\" content=\"Richard Appelbom\" \/>\n<meta property=\"article:publisher\" content=\"https:\/\/www.facebook.com\/rappelbom\" \/>\n<meta property=\"article:author\" content=\"https:\/\/www.facebook.com\/rappelbom\" \/>\n<meta property=\"article:published_time\" content=\"2024-07-06T14:14:07+00:00\" \/>\n<meta property=\"article:modified_time\" content=\"2024-07-13T13:05:24+00:00\" \/>\n<meta property=\"og:image\" content=\"https:\/\/www.richardappelbom.se\/wp-content\/uploads\/2024\/07\/sunak.jpg\" \/>\n<meta name=\"author\" content=\"admin\" \/>\n<meta name=\"twitter:card\" content=\"summary_large_image\" \/>\n<meta name=\"twitter:creator\" content=\"@RichardAppelbom\" \/>\n<meta name=\"twitter:site\" content=\"@RichardAppelbom\" \/>\n<meta name=\"twitter:label1\" content=\"Written by\" \/>\n\t<meta name=\"twitter:data1\" content=\"admin\" \/>\n\t<meta name=\"twitter:label2\" content=\"Est. reading time\" \/>\n\t<meta name=\"twitter:data2\" content=\"6 minutes\" \/>\n<script type=\"application\/ld+json\" class=\"yoast-schema-graph\">{\"@context\":\"https:\/\/schema.org\",\"@graph\":[{\"@type\":\"Article\",\"@id\":\"https:\/\/www.richardappelbom.se\/index.php\/2024\/07\/06\/den-har-gangen-slog-brittiska-valsystemet-mot-hogern\/#article\",\"isPartOf\":{\"@id\":\"https:\/\/www.richardappelbom.se\/index.php\/2024\/07\/06\/den-har-gangen-slog-brittiska-valsystemet-mot-hogern\/\"},\"author\":{\"name\":\"admin\",\"@id\":\"https:\/\/www.richardappelbom.se\/#\/schema\/person\/98f55ffd095155d902e585f10999a15d\"},\"headline\":\"Den h\u00e4r g\u00e5ngen slog\u00a0 brittiska valsystemet mot h\u00f6gern\",\"datePublished\":\"2024-07-06T14:14:07+00:00\",\"dateModified\":\"2024-07-13T13:05:24+00:00\",\"mainEntityOfPage\":{\"@id\":\"https:\/\/www.richardappelbom.se\/index.php\/2024\/07\/06\/den-har-gangen-slog-brittiska-valsystemet-mot-hogern\/\"},\"wordCount\":1335,\"commentCount\":0,\"image\":{\"@id\":\"https:\/\/www.richardappelbom.se\/index.php\/2024\/07\/06\/den-har-gangen-slog-brittiska-valsystemet-mot-hogern\/#primaryimage\"},\"thumbnailUrl\":\"https:\/\/www.richardappelbom.se\/wp-content\/uploads\/2024\/07\/sunak.jpg\",\"articleSection\":[\"Allm\u00e4n Posts\"],\"inLanguage\":\"en-US\",\"potentialAction\":[{\"@type\":\"CommentAction\",\"name\":\"Comment\",\"target\":[\"https:\/\/www.richardappelbom.se\/index.php\/2024\/07\/06\/den-har-gangen-slog-brittiska-valsystemet-mot-hogern\/#respond\"]}]},{\"@type\":\"WebPage\",\"@id\":\"https:\/\/www.richardappelbom.se\/index.php\/2024\/07\/06\/den-har-gangen-slog-brittiska-valsystemet-mot-hogern\/\",\"url\":\"https:\/\/www.richardappelbom.se\/index.php\/2024\/07\/06\/den-har-gangen-slog-brittiska-valsystemet-mot-hogern\/\",\"name\":\"Den h\u00e4r g\u00e5ngen slog\u00a0 brittiska valsystemet mot h\u00f6gern - Richard Appelbom\",\"isPartOf\":{\"@id\":\"https:\/\/www.richardappelbom.se\/#website\"},\"primaryImageOfPage\":{\"@id\":\"https:\/\/www.richardappelbom.se\/index.php\/2024\/07\/06\/den-har-gangen-slog-brittiska-valsystemet-mot-hogern\/#primaryimage\"},\"image\":{\"@id\":\"https:\/\/www.richardappelbom.se\/index.php\/2024\/07\/06\/den-har-gangen-slog-brittiska-valsystemet-mot-hogern\/#primaryimage\"},\"thumbnailUrl\":\"https:\/\/www.richardappelbom.se\/wp-content\/uploads\/2024\/07\/sunak.jpg\",\"datePublished\":\"2024-07-06T14:14:07+00:00\",\"dateModified\":\"2024-07-13T13:05:24+00:00\",\"author\":{\"@id\":\"https:\/\/www.richardappelbom.se\/#\/schema\/person\/98f55ffd095155d902e585f10999a15d\"},\"description\":\"En splittrad h\u00f6ger och taktikr\u00f6stande gav Labour en v\u00e4ldig mandatmajoritet j\u00e4mf\u00f6rt med r\u00f6standelen.\",\"breadcrumb\":{\"@id\":\"https:\/\/www.richardappelbom.se\/index.php\/2024\/07\/06\/den-har-gangen-slog-brittiska-valsystemet-mot-hogern\/#breadcrumb\"},\"inLanguage\":\"en-US\",\"potentialAction\":[{\"@type\":\"ReadAction\",\"target\":[\"https:\/\/www.richardappelbom.se\/index.php\/2024\/07\/06\/den-har-gangen-slog-brittiska-valsystemet-mot-hogern\/\"]}]},{\"@type\":\"ImageObject\",\"inLanguage\":\"en-US\",\"@id\":\"https:\/\/www.richardappelbom.se\/index.php\/2024\/07\/06\/den-har-gangen-slog-brittiska-valsystemet-mot-hogern\/#primaryimage\",\"url\":\"https:\/\/www.richardappelbom.se\/wp-content\/uploads\/2024\/07\/sunak.jpg\",\"contentUrl\":\"https:\/\/www.richardappelbom.se\/wp-content\/uploads\/2024\/07\/sunak.jpg\",\"width\":275,\"height\":183},{\"@type\":\"BreadcrumbList\",\"@id\":\"https:\/\/www.richardappelbom.se\/index.php\/2024\/07\/06\/den-har-gangen-slog-brittiska-valsystemet-mot-hogern\/#breadcrumb\",\"itemListElement\":[{\"@type\":\"ListItem\",\"position\":1,\"name\":\"Home\",\"item\":\"https:\/\/www.richardappelbom.se\/\"},{\"@type\":\"ListItem\",\"position\":2,\"name\":\"Den h\u00e4r g\u00e5ngen slog\u00a0 brittiska valsystemet mot h\u00f6gern\"}]},{\"@type\":\"WebSite\",\"@id\":\"https:\/\/www.richardappelbom.se\/#website\",\"url\":\"https:\/\/www.richardappelbom.se\/\",\"name\":\"Richard Appelbom\",\"description\":\"En blogg om val och valsystem\",\"potentialAction\":[{\"@type\":\"SearchAction\",\"target\":{\"@type\":\"EntryPoint\",\"urlTemplate\":\"https:\/\/www.richardappelbom.se\/?s={search_term_string}\"},\"query-input\":{\"@type\":\"PropertyValueSpecification\",\"valueRequired\":true,\"valueName\":\"search_term_string\"}}],\"inLanguage\":\"en-US\"},{\"@type\":\"Person\",\"@id\":\"https:\/\/www.richardappelbom.se\/#\/schema\/person\/98f55ffd095155d902e585f10999a15d\",\"name\":\"admin\",\"image\":{\"@type\":\"ImageObject\",\"inLanguage\":\"en-US\",\"@id\":\"https:\/\/secure.gravatar.com\/avatar\/480edd36f6cc3945e6b2db9fdc6f78df2a3fb98b7b27925b8d810863cfa537e7?s=96&d=mm&r=g\",\"url\":\"https:\/\/secure.gravatar.com\/avatar\/480edd36f6cc3945e6b2db9fdc6f78df2a3fb98b7b27925b8d810863cfa537e7?s=96&d=mm&r=g\",\"contentUrl\":\"https:\/\/secure.gravatar.com\/avatar\/480edd36f6cc3945e6b2db9fdc6f78df2a3fb98b7b27925b8d810863cfa537e7?s=96&d=mm&r=g\",\"caption\":\"admin\"},\"sameAs\":[\"https:\/\/www.facebook.com\/rappelbom\",\"https:\/\/twitter.com\/RichardAppelbom\"],\"url\":\"https:\/\/www.richardappelbom.se\/index.php\/author\/ra_j9l6616t\/\"}]}<\/script>\n<!-- \/ Yoast SEO plugin. -->","yoast_head_json":{"title":"Den h\u00e4r g\u00e5ngen slog\u00a0 brittiska valsystemet mot h\u00f6gern - Richard Appelbom","description":"En splittrad h\u00f6ger och taktikr\u00f6stande gav Labour en v\u00e4ldig mandatmajoritet j\u00e4mf\u00f6rt med r\u00f6standelen.","robots":{"index":"index","follow":"follow","max-snippet":"max-snippet:-1","max-image-preview":"max-image-preview:large","max-video-preview":"max-video-preview:-1"},"canonical":"https:\/\/www.richardappelbom.se\/index.php\/2024\/07\/06\/den-har-gangen-slog-brittiska-valsystemet-mot-hogern\/","og_locale":"en_US","og_type":"article","og_title":"Den h\u00e4r g\u00e5ngen slog\u00a0 brittiska valsystemet mot h\u00f6gern - Richard Appelbom","og_description":"En splittrad h\u00f6ger och taktikr\u00f6stande gav Labour en v\u00e4ldig mandatmajoritet j\u00e4mf\u00f6rt med r\u00f6standelen.","og_url":"https:\/\/www.richardappelbom.se\/index.php\/2024\/07\/06\/den-har-gangen-slog-brittiska-valsystemet-mot-hogern\/","og_site_name":"Richard Appelbom","article_publisher":"https:\/\/www.facebook.com\/rappelbom","article_author":"https:\/\/www.facebook.com\/rappelbom","article_published_time":"2024-07-06T14:14:07+00:00","article_modified_time":"2024-07-13T13:05:24+00:00","og_image":[{"url":"https:\/\/www.richardappelbom.se\/wp-content\/uploads\/2024\/07\/sunak.jpg","type":"","width":"","height":""}],"author":"admin","twitter_card":"summary_large_image","twitter_creator":"@RichardAppelbom","twitter_site":"@RichardAppelbom","twitter_misc":{"Written by":"admin","Est. reading time":"6 minutes"},"schema":{"@context":"https:\/\/schema.org","@graph":[{"@type":"Article","@id":"https:\/\/www.richardappelbom.se\/index.php\/2024\/07\/06\/den-har-gangen-slog-brittiska-valsystemet-mot-hogern\/#article","isPartOf":{"@id":"https:\/\/www.richardappelbom.se\/index.php\/2024\/07\/06\/den-har-gangen-slog-brittiska-valsystemet-mot-hogern\/"},"author":{"name":"admin","@id":"https:\/\/www.richardappelbom.se\/#\/schema\/person\/98f55ffd095155d902e585f10999a15d"},"headline":"Den h\u00e4r g\u00e5ngen slog\u00a0 brittiska valsystemet mot h\u00f6gern","datePublished":"2024-07-06T14:14:07+00:00","dateModified":"2024-07-13T13:05:24+00:00","mainEntityOfPage":{"@id":"https:\/\/www.richardappelbom.se\/index.php\/2024\/07\/06\/den-har-gangen-slog-brittiska-valsystemet-mot-hogern\/"},"wordCount":1335,"commentCount":0,"image":{"@id":"https:\/\/www.richardappelbom.se\/index.php\/2024\/07\/06\/den-har-gangen-slog-brittiska-valsystemet-mot-hogern\/#primaryimage"},"thumbnailUrl":"https:\/\/www.richardappelbom.se\/wp-content\/uploads\/2024\/07\/sunak.jpg","articleSection":["Allm\u00e4n Posts"],"inLanguage":"en-US","potentialAction":[{"@type":"CommentAction","name":"Comment","target":["https:\/\/www.richardappelbom.se\/index.php\/2024\/07\/06\/den-har-gangen-slog-brittiska-valsystemet-mot-hogern\/#respond"]}]},{"@type":"WebPage","@id":"https:\/\/www.richardappelbom.se\/index.php\/2024\/07\/06\/den-har-gangen-slog-brittiska-valsystemet-mot-hogern\/","url":"https:\/\/www.richardappelbom.se\/index.php\/2024\/07\/06\/den-har-gangen-slog-brittiska-valsystemet-mot-hogern\/","name":"Den h\u00e4r g\u00e5ngen slog\u00a0 brittiska valsystemet mot h\u00f6gern - Richard Appelbom","isPartOf":{"@id":"https:\/\/www.richardappelbom.se\/#website"},"primaryImageOfPage":{"@id":"https:\/\/www.richardappelbom.se\/index.php\/2024\/07\/06\/den-har-gangen-slog-brittiska-valsystemet-mot-hogern\/#primaryimage"},"image":{"@id":"https:\/\/www.richardappelbom.se\/index.php\/2024\/07\/06\/den-har-gangen-slog-brittiska-valsystemet-mot-hogern\/#primaryimage"},"thumbnailUrl":"https:\/\/www.richardappelbom.se\/wp-content\/uploads\/2024\/07\/sunak.jpg","datePublished":"2024-07-06T14:14:07+00:00","dateModified":"2024-07-13T13:05:24+00:00","author":{"@id":"https:\/\/www.richardappelbom.se\/#\/schema\/person\/98f55ffd095155d902e585f10999a15d"},"description":"En splittrad h\u00f6ger och taktikr\u00f6stande gav Labour en v\u00e4ldig mandatmajoritet j\u00e4mf\u00f6rt med r\u00f6standelen.","breadcrumb":{"@id":"https:\/\/www.richardappelbom.se\/index.php\/2024\/07\/06\/den-har-gangen-slog-brittiska-valsystemet-mot-hogern\/#breadcrumb"},"inLanguage":"en-US","potentialAction":[{"@type":"ReadAction","target":["https:\/\/www.richardappelbom.se\/index.php\/2024\/07\/06\/den-har-gangen-slog-brittiska-valsystemet-mot-hogern\/"]}]},{"@type":"ImageObject","inLanguage":"en-US","@id":"https:\/\/www.richardappelbom.se\/index.php\/2024\/07\/06\/den-har-gangen-slog-brittiska-valsystemet-mot-hogern\/#primaryimage","url":"https:\/\/www.richardappelbom.se\/wp-content\/uploads\/2024\/07\/sunak.jpg","contentUrl":"https:\/\/www.richardappelbom.se\/wp-content\/uploads\/2024\/07\/sunak.jpg","width":275,"height":183},{"@type":"BreadcrumbList","@id":"https:\/\/www.richardappelbom.se\/index.php\/2024\/07\/06\/den-har-gangen-slog-brittiska-valsystemet-mot-hogern\/#breadcrumb","itemListElement":[{"@type":"ListItem","position":1,"name":"Home","item":"https:\/\/www.richardappelbom.se\/"},{"@type":"ListItem","position":2,"name":"Den h\u00e4r g\u00e5ngen slog\u00a0 brittiska valsystemet mot h\u00f6gern"}]},{"@type":"WebSite","@id":"https:\/\/www.richardappelbom.se\/#website","url":"https:\/\/www.richardappelbom.se\/","name":"Richard Appelbom","description":"En blogg om val och valsystem","potentialAction":[{"@type":"SearchAction","target":{"@type":"EntryPoint","urlTemplate":"https:\/\/www.richardappelbom.se\/?s={search_term_string}"},"query-input":{"@type":"PropertyValueSpecification","valueRequired":true,"valueName":"search_term_string"}}],"inLanguage":"en-US"},{"@type":"Person","@id":"https:\/\/www.richardappelbom.se\/#\/schema\/person\/98f55ffd095155d902e585f10999a15d","name":"admin","image":{"@type":"ImageObject","inLanguage":"en-US","@id":"https:\/\/secure.gravatar.com\/avatar\/480edd36f6cc3945e6b2db9fdc6f78df2a3fb98b7b27925b8d810863cfa537e7?s=96&d=mm&r=g","url":"https:\/\/secure.gravatar.com\/avatar\/480edd36f6cc3945e6b2db9fdc6f78df2a3fb98b7b27925b8d810863cfa537e7?s=96&d=mm&r=g","contentUrl":"https:\/\/secure.gravatar.com\/avatar\/480edd36f6cc3945e6b2db9fdc6f78df2a3fb98b7b27925b8d810863cfa537e7?s=96&d=mm&r=g","caption":"admin"},"sameAs":["https:\/\/www.facebook.com\/rappelbom","https:\/\/twitter.com\/RichardAppelbom"],"url":"https:\/\/www.richardappelbom.se\/index.php\/author\/ra_j9l6616t\/"}]}},"jetpack_featured_media_url":"","jetpack_sharing_enabled":true,"_links":{"self":[{"href":"https:\/\/www.richardappelbom.se\/index.php\/wp-json\/wp\/v2\/posts\/513","targetHints":{"allow":["GET"]}}],"collection":[{"href":"https:\/\/www.richardappelbom.se\/index.php\/wp-json\/wp\/v2\/posts"}],"about":[{"href":"https:\/\/www.richardappelbom.se\/index.php\/wp-json\/wp\/v2\/types\/post"}],"author":[{"embeddable":true,"href":"https:\/\/www.richardappelbom.se\/index.php\/wp-json\/wp\/v2\/users\/1"}],"replies":[{"embeddable":true,"href":"https:\/\/www.richardappelbom.se\/index.php\/wp-json\/wp\/v2\/comments?post=513"}],"version-history":[{"count":3,"href":"https:\/\/www.richardappelbom.se\/index.php\/wp-json\/wp\/v2\/posts\/513\/revisions"}],"predecessor-version":[{"id":524,"href":"https:\/\/www.richardappelbom.se\/index.php\/wp-json\/wp\/v2\/posts\/513\/revisions\/524"}],"wp:attachment":[{"href":"https:\/\/www.richardappelbom.se\/index.php\/wp-json\/wp\/v2\/media?parent=513"}],"wp:term":[{"taxonomy":"category","embeddable":true,"href":"https:\/\/www.richardappelbom.se\/index.php\/wp-json\/wp\/v2\/categories?post=513"},{"taxonomy":"post_tag","embeddable":true,"href":"https:\/\/www.richardappelbom.se\/index.php\/wp-json\/wp\/v2\/tags?post=513"}],"curies":[{"name":"wp","href":"https:\/\/api.w.org\/{rel}","templated":true}]}}