{"id":532,"date":"2024-09-25T16:54:07","date_gmt":"2024-09-25T16:54:07","guid":{"rendered":"https:\/\/www.richardappelbom.se\/?p=532"},"modified":"2024-09-25T16:54:08","modified_gmt":"2024-09-25T16:54:08","slug":"sri-lanka-rangordnar-i-presidentvalet","status":"publish","type":"post","link":"https:\/\/www.richardappelbom.se\/index.php\/2024\/09\/25\/sri-lanka-rangordnar-i-presidentvalet\/","title":{"rendered":"Sri Lanka rangordnar i presidentvalet"},"content":{"rendered":"\n<figure class=\"wp-block-image size-large is-resized\"><img loading=\"lazy\" decoding=\"async\" width=\"715\" height=\"1024\" src=\"https:\/\/www.richardappelbom.se\/wp-content\/uploads\/2024\/09\/Anura_Kumara_Dissanayake_2023-715x1024.jpg\" alt=\"\" class=\"wp-image-533\" style=\"width:488px;height:auto\" srcset=\"https:\/\/www.richardappelbom.se\/wp-content\/uploads\/2024\/09\/Anura_Kumara_Dissanayake_2023-715x1024.jpg 715w, https:\/\/www.richardappelbom.se\/wp-content\/uploads\/2024\/09\/Anura_Kumara_Dissanayake_2023-209x300.jpg 209w, https:\/\/www.richardappelbom.se\/wp-content\/uploads\/2024\/09\/Anura_Kumara_Dissanayake_2023.jpg 762w\" sizes=\"auto, (max-width: 715px) 100vw, 715px\" \/><\/figure>\n\n\n\n<p>Anura Kumara Dissanayake\u00a0vann presidentvalet. Foto fr\u00e5n Wikipedia<\/p>\n\n\n\n<p>Sri Lanka hade <a href=\"https:\/\/en.wikipedia.org\/wiki\/2024_Sri_Lankan_presidential_election\">presidentval i<\/a> september 2024. Tidigare hade utvecklingen varit dramatisk, den tidigare presidenten hade tvingats avg\u00e5 2022 efter folkliga protester. Nu gick valet lugnt till, trots att Sri Lanka har tvingats till en sm\u00e4rtsam ekonomisk politik f\u00f6r att f\u00e5 l\u00e5n av IMF. <a href=\"https:\/\/www.bbc.com\/news\/articles\/clyznjz3d78o\">Den v\u00e4nsterinriktade <\/a>Anura Kumara Dissanayake\u00a0vann en klar seger.<\/p>\n\n\n\n<p>Noterbart n\u00e4r det g\u00e4ller valsystem \u00e4r att Sri Lanka har preferensr\u00f6stning i presidentval. V\u00e4ljarna kan rangordna upp till tre kandidater. F\u00e5r ingen kandidat 50 procent eller mer r\u00e4knas preferenserna nedifr\u00e5n, det vills s\u00e4ga man b\u00f6rjar med den som fick minst r\u00f6ster. Sedan 1982 har dock preferensr\u00f6stning inte beh\u00f6vts. Den vinnande kandidaten fick mer \u00e4n 50 procent i f\u00f6rsta omg\u00e5ngen. En del v\u00e4ljare kan d\u00e4rf\u00f6r ha avst\u00e5tt fr\u00e5n preferenser, d\u00e5 det tidigare inte har beh\u00f6vts<\/p>\n\n\n\n<p>Men den h\u00e4r g\u00e5ngen fick Dissanayake 42,3 procent i f\u00f6rsta omg\u00e5ngen. N\u00e4r preferensr\u00f6sterna hade r\u00e4knats vann han med 55,9  procent. D\u00e4rmed vann den kandidat som hade bredast st\u00f6d, och n\u00e5gon andra valomg\u00e5ng beh\u00f6vdes inte. Preferensr\u00f6stning, som i dag bland annat finns i parlamentsval p\u00e5 Irland och i Australien, borde pr\u00f6vas p\u00e5 fler st\u00e4llen. <\/p>\n","protected":false},"excerpt":{"rendered":"<p>Anura Kumara Dissanayake\u00a0vann presidentvalet. Foto fr\u00e5n Wikipedia Sri Lanka hade presidentval i september 2024. Tidigare hade utvecklingen varit dramatisk, den tidigare presidenten hade tvingats avg\u00e5 2022 efter folkliga protester. Nu gick valet lugnt till, trots att Sri Lanka har tvingats till en sm\u00e4rtsam ekonomisk politik f\u00f6r att f\u00e5 l\u00e5n av IMF. Den v\u00e4nsterinriktade Anura Kumara [&hellip;]<\/p>\n","protected":false},"author":1,"featured_media":0,"comment_status":"open","ping_status":"closed","sticky":false,"template":"","format":"standard","meta":{"_jetpack_memberships_contains_paid_content":false,"footnotes":""},"categories":[10],"tags":[],"class_list":["post-532","post","type-post","status-publish","format-standard","hentry","category-allman-inlagg"],"yoast_head":"<!-- This site is optimized with the Yoast SEO plugin v27.2 - https:\/\/yoast.com\/product\/yoast-seo-wordpress\/ -->\n<title>Sri Lanka rangordnar i presidentvalet - Richard Appelbom<\/title>\n<meta name=\"description\" content=\"Fredligt presidentval i Sri Lanka, d\u00e4r preferensr\u00f6stning gav segern \u00e5t v\u00e4nsterinrioktade Dissanayake\" \/>\n<meta name=\"robots\" content=\"index, follow, max-snippet:-1, max-image-preview:large, max-video-preview:-1\" \/>\n<link rel=\"canonical\" href=\"https:\/\/www.richardappelbom.se\/index.php\/2024\/09\/25\/sri-lanka-rangordnar-i-presidentvalet\/\" \/>\n<meta property=\"og:locale\" content=\"en_US\" \/>\n<meta property=\"og:type\" content=\"article\" \/>\n<meta property=\"og:title\" content=\"Sri Lanka rangordnar i presidentvalet - Richard Appelbom\" \/>\n<meta property=\"og:description\" content=\"Fredligt presidentval i Sri Lanka, d\u00e4r preferensr\u00f6stning gav segern \u00e5t v\u00e4nsterinrioktade Dissanayake\" \/>\n<meta property=\"og:url\" content=\"https:\/\/www.richardappelbom.se\/index.php\/2024\/09\/25\/sri-lanka-rangordnar-i-presidentvalet\/\" \/>\n<meta property=\"og:site_name\" content=\"Richard Appelbom\" \/>\n<meta property=\"article:publisher\" content=\"https:\/\/www.facebook.com\/rappelbom\" \/>\n<meta property=\"article:author\" content=\"https:\/\/www.facebook.com\/rappelbom\" \/>\n<meta property=\"article:published_time\" content=\"2024-09-25T16:54:07+00:00\" \/>\n<meta property=\"article:modified_time\" content=\"2024-09-25T16:54:08+00:00\" \/>\n<meta property=\"og:image\" content=\"https:\/\/www.richardappelbom.se\/wp-content\/uploads\/2024\/09\/Anura_Kumara_Dissanayake_2023-715x1024.jpg\" \/>\n<meta name=\"author\" content=\"admin\" \/>\n<meta name=\"twitter:card\" content=\"summary_large_image\" \/>\n<meta name=\"twitter:creator\" content=\"@RichardAppelbom\" \/>\n<meta name=\"twitter:site\" content=\"@RichardAppelbom\" \/>\n<meta name=\"twitter:label1\" content=\"Written by\" \/>\n\t<meta name=\"twitter:data1\" content=\"admin\" \/>\n\t<meta name=\"twitter:label2\" content=\"Est. reading time\" \/>\n\t<meta name=\"twitter:data2\" content=\"2 minutes\" \/>\n<script type=\"application\/ld+json\" class=\"yoast-schema-graph\">{\"@context\":\"https:\/\/schema.org\",\"@graph\":[{\"@type\":\"Article\",\"@id\":\"https:\/\/www.richardappelbom.se\/index.php\/2024\/09\/25\/sri-lanka-rangordnar-i-presidentvalet\/#article\",\"isPartOf\":{\"@id\":\"https:\/\/www.richardappelbom.se\/index.php\/2024\/09\/25\/sri-lanka-rangordnar-i-presidentvalet\/\"},\"author\":{\"name\":\"admin\",\"@id\":\"https:\/\/www.richardappelbom.se\/#\/schema\/person\/98f55ffd095155d902e585f10999a15d\"},\"headline\":\"Sri Lanka rangordnar i presidentvalet\",\"datePublished\":\"2024-09-25T16:54:07+00:00\",\"dateModified\":\"2024-09-25T16:54:08+00:00\",\"mainEntityOfPage\":{\"@id\":\"https:\/\/www.richardappelbom.se\/index.php\/2024\/09\/25\/sri-lanka-rangordnar-i-presidentvalet\/\"},\"wordCount\":226,\"commentCount\":0,\"image\":{\"@id\":\"https:\/\/www.richardappelbom.se\/index.php\/2024\/09\/25\/sri-lanka-rangordnar-i-presidentvalet\/#primaryimage\"},\"thumbnailUrl\":\"https:\/\/www.richardappelbom.se\/wp-content\/uploads\/2024\/09\/Anura_Kumara_Dissanayake_2023-715x1024.jpg\",\"articleSection\":[\"Allm\u00e4n Posts\"],\"inLanguage\":\"en-US\",\"potentialAction\":[{\"@type\":\"CommentAction\",\"name\":\"Comment\",\"target\":[\"https:\/\/www.richardappelbom.se\/index.php\/2024\/09\/25\/sri-lanka-rangordnar-i-presidentvalet\/#respond\"]}]},{\"@type\":\"WebPage\",\"@id\":\"https:\/\/www.richardappelbom.se\/index.php\/2024\/09\/25\/sri-lanka-rangordnar-i-presidentvalet\/\",\"url\":\"https:\/\/www.richardappelbom.se\/index.php\/2024\/09\/25\/sri-lanka-rangordnar-i-presidentvalet\/\",\"name\":\"Sri Lanka rangordnar i presidentvalet - Richard Appelbom\",\"isPartOf\":{\"@id\":\"https:\/\/www.richardappelbom.se\/#website\"},\"primaryImageOfPage\":{\"@id\":\"https:\/\/www.richardappelbom.se\/index.php\/2024\/09\/25\/sri-lanka-rangordnar-i-presidentvalet\/#primaryimage\"},\"image\":{\"@id\":\"https:\/\/www.richardappelbom.se\/index.php\/2024\/09\/25\/sri-lanka-rangordnar-i-presidentvalet\/#primaryimage\"},\"thumbnailUrl\":\"https:\/\/www.richardappelbom.se\/wp-content\/uploads\/2024\/09\/Anura_Kumara_Dissanayake_2023-715x1024.jpg\",\"datePublished\":\"2024-09-25T16:54:07+00:00\",\"dateModified\":\"2024-09-25T16:54:08+00:00\",\"author\":{\"@id\":\"https:\/\/www.richardappelbom.se\/#\/schema\/person\/98f55ffd095155d902e585f10999a15d\"},\"description\":\"Fredligt presidentval i Sri Lanka, d\u00e4r preferensr\u00f6stning gav segern \u00e5t v\u00e4nsterinrioktade Dissanayake\",\"breadcrumb\":{\"@id\":\"https:\/\/www.richardappelbom.se\/index.php\/2024\/09\/25\/sri-lanka-rangordnar-i-presidentvalet\/#breadcrumb\"},\"inLanguage\":\"en-US\",\"potentialAction\":[{\"@type\":\"ReadAction\",\"target\":[\"https:\/\/www.richardappelbom.se\/index.php\/2024\/09\/25\/sri-lanka-rangordnar-i-presidentvalet\/\"]}]},{\"@type\":\"ImageObject\",\"inLanguage\":\"en-US\",\"@id\":\"https:\/\/www.richardappelbom.se\/index.php\/2024\/09\/25\/sri-lanka-rangordnar-i-presidentvalet\/#primaryimage\",\"url\":\"https:\/\/www.richardappelbom.se\/wp-content\/uploads\/2024\/09\/Anura_Kumara_Dissanayake_2023.jpg\",\"contentUrl\":\"https:\/\/www.richardappelbom.se\/wp-content\/uploads\/2024\/09\/Anura_Kumara_Dissanayake_2023.jpg\",\"width\":762,\"height\":1092},{\"@type\":\"BreadcrumbList\",\"@id\":\"https:\/\/www.richardappelbom.se\/index.php\/2024\/09\/25\/sri-lanka-rangordnar-i-presidentvalet\/#breadcrumb\",\"itemListElement\":[{\"@type\":\"ListItem\",\"position\":1,\"name\":\"Home\",\"item\":\"https:\/\/www.richardappelbom.se\/\"},{\"@type\":\"ListItem\",\"position\":2,\"name\":\"Sri Lanka rangordnar i presidentvalet\"}]},{\"@type\":\"WebSite\",\"@id\":\"https:\/\/www.richardappelbom.se\/#website\",\"url\":\"https:\/\/www.richardappelbom.se\/\",\"name\":\"Richard Appelbom\",\"description\":\"En blogg om val och valsystem\",\"potentialAction\":[{\"@type\":\"SearchAction\",\"target\":{\"@type\":\"EntryPoint\",\"urlTemplate\":\"https:\/\/www.richardappelbom.se\/?s={search_term_string}\"},\"query-input\":{\"@type\":\"PropertyValueSpecification\",\"valueRequired\":true,\"valueName\":\"search_term_string\"}}],\"inLanguage\":\"en-US\"},{\"@type\":\"Person\",\"@id\":\"https:\/\/www.richardappelbom.se\/#\/schema\/person\/98f55ffd095155d902e585f10999a15d\",\"name\":\"admin\",\"image\":{\"@type\":\"ImageObject\",\"inLanguage\":\"en-US\",\"@id\":\"https:\/\/secure.gravatar.com\/avatar\/480edd36f6cc3945e6b2db9fdc6f78df2a3fb98b7b27925b8d810863cfa537e7?s=96&d=mm&r=g\",\"url\":\"https:\/\/secure.gravatar.com\/avatar\/480edd36f6cc3945e6b2db9fdc6f78df2a3fb98b7b27925b8d810863cfa537e7?s=96&d=mm&r=g\",\"contentUrl\":\"https:\/\/secure.gravatar.com\/avatar\/480edd36f6cc3945e6b2db9fdc6f78df2a3fb98b7b27925b8d810863cfa537e7?s=96&d=mm&r=g\",\"caption\":\"admin\"},\"sameAs\":[\"https:\/\/www.facebook.com\/rappelbom\",\"https:\/\/twitter.com\/RichardAppelbom\"],\"url\":\"https:\/\/www.richardappelbom.se\/index.php\/author\/ra_j9l6616t\/\"}]}<\/script>\n<!-- \/ Yoast SEO plugin. -->","yoast_head_json":{"title":"Sri Lanka rangordnar i presidentvalet - Richard Appelbom","description":"Fredligt presidentval i Sri Lanka, d\u00e4r preferensr\u00f6stning gav segern \u00e5t v\u00e4nsterinrioktade Dissanayake","robots":{"index":"index","follow":"follow","max-snippet":"max-snippet:-1","max-image-preview":"max-image-preview:large","max-video-preview":"max-video-preview:-1"},"canonical":"https:\/\/www.richardappelbom.se\/index.php\/2024\/09\/25\/sri-lanka-rangordnar-i-presidentvalet\/","og_locale":"en_US","og_type":"article","og_title":"Sri Lanka rangordnar i presidentvalet - Richard Appelbom","og_description":"Fredligt presidentval i Sri Lanka, d\u00e4r preferensr\u00f6stning gav segern \u00e5t v\u00e4nsterinrioktade Dissanayake","og_url":"https:\/\/www.richardappelbom.se\/index.php\/2024\/09\/25\/sri-lanka-rangordnar-i-presidentvalet\/","og_site_name":"Richard Appelbom","article_publisher":"https:\/\/www.facebook.com\/rappelbom","article_author":"https:\/\/www.facebook.com\/rappelbom","article_published_time":"2024-09-25T16:54:07+00:00","article_modified_time":"2024-09-25T16:54:08+00:00","og_image":[{"url":"https:\/\/www.richardappelbom.se\/wp-content\/uploads\/2024\/09\/Anura_Kumara_Dissanayake_2023-715x1024.jpg","type":"","width":"","height":""}],"author":"admin","twitter_card":"summary_large_image","twitter_creator":"@RichardAppelbom","twitter_site":"@RichardAppelbom","twitter_misc":{"Written by":"admin","Est. reading time":"2 minutes"},"schema":{"@context":"https:\/\/schema.org","@graph":[{"@type":"Article","@id":"https:\/\/www.richardappelbom.se\/index.php\/2024\/09\/25\/sri-lanka-rangordnar-i-presidentvalet\/#article","isPartOf":{"@id":"https:\/\/www.richardappelbom.se\/index.php\/2024\/09\/25\/sri-lanka-rangordnar-i-presidentvalet\/"},"author":{"name":"admin","@id":"https:\/\/www.richardappelbom.se\/#\/schema\/person\/98f55ffd095155d902e585f10999a15d"},"headline":"Sri Lanka rangordnar i presidentvalet","datePublished":"2024-09-25T16:54:07+00:00","dateModified":"2024-09-25T16:54:08+00:00","mainEntityOfPage":{"@id":"https:\/\/www.richardappelbom.se\/index.php\/2024\/09\/25\/sri-lanka-rangordnar-i-presidentvalet\/"},"wordCount":226,"commentCount":0,"image":{"@id":"https:\/\/www.richardappelbom.se\/index.php\/2024\/09\/25\/sri-lanka-rangordnar-i-presidentvalet\/#primaryimage"},"thumbnailUrl":"https:\/\/www.richardappelbom.se\/wp-content\/uploads\/2024\/09\/Anura_Kumara_Dissanayake_2023-715x1024.jpg","articleSection":["Allm\u00e4n Posts"],"inLanguage":"en-US","potentialAction":[{"@type":"CommentAction","name":"Comment","target":["https:\/\/www.richardappelbom.se\/index.php\/2024\/09\/25\/sri-lanka-rangordnar-i-presidentvalet\/#respond"]}]},{"@type":"WebPage","@id":"https:\/\/www.richardappelbom.se\/index.php\/2024\/09\/25\/sri-lanka-rangordnar-i-presidentvalet\/","url":"https:\/\/www.richardappelbom.se\/index.php\/2024\/09\/25\/sri-lanka-rangordnar-i-presidentvalet\/","name":"Sri Lanka rangordnar i presidentvalet - Richard Appelbom","isPartOf":{"@id":"https:\/\/www.richardappelbom.se\/#website"},"primaryImageOfPage":{"@id":"https:\/\/www.richardappelbom.se\/index.php\/2024\/09\/25\/sri-lanka-rangordnar-i-presidentvalet\/#primaryimage"},"image":{"@id":"https:\/\/www.richardappelbom.se\/index.php\/2024\/09\/25\/sri-lanka-rangordnar-i-presidentvalet\/#primaryimage"},"thumbnailUrl":"https:\/\/www.richardappelbom.se\/wp-content\/uploads\/2024\/09\/Anura_Kumara_Dissanayake_2023-715x1024.jpg","datePublished":"2024-09-25T16:54:07+00:00","dateModified":"2024-09-25T16:54:08+00:00","author":{"@id":"https:\/\/www.richardappelbom.se\/#\/schema\/person\/98f55ffd095155d902e585f10999a15d"},"description":"Fredligt presidentval i Sri Lanka, d\u00e4r preferensr\u00f6stning gav segern \u00e5t v\u00e4nsterinrioktade Dissanayake","breadcrumb":{"@id":"https:\/\/www.richardappelbom.se\/index.php\/2024\/09\/25\/sri-lanka-rangordnar-i-presidentvalet\/#breadcrumb"},"inLanguage":"en-US","potentialAction":[{"@type":"ReadAction","target":["https:\/\/www.richardappelbom.se\/index.php\/2024\/09\/25\/sri-lanka-rangordnar-i-presidentvalet\/"]}]},{"@type":"ImageObject","inLanguage":"en-US","@id":"https:\/\/www.richardappelbom.se\/index.php\/2024\/09\/25\/sri-lanka-rangordnar-i-presidentvalet\/#primaryimage","url":"https:\/\/www.richardappelbom.se\/wp-content\/uploads\/2024\/09\/Anura_Kumara_Dissanayake_2023.jpg","contentUrl":"https:\/\/www.richardappelbom.se\/wp-content\/uploads\/2024\/09\/Anura_Kumara_Dissanayake_2023.jpg","width":762,"height":1092},{"@type":"BreadcrumbList","@id":"https:\/\/www.richardappelbom.se\/index.php\/2024\/09\/25\/sri-lanka-rangordnar-i-presidentvalet\/#breadcrumb","itemListElement":[{"@type":"ListItem","position":1,"name":"Home","item":"https:\/\/www.richardappelbom.se\/"},{"@type":"ListItem","position":2,"name":"Sri Lanka rangordnar i presidentvalet"}]},{"@type":"WebSite","@id":"https:\/\/www.richardappelbom.se\/#website","url":"https:\/\/www.richardappelbom.se\/","name":"Richard Appelbom","description":"En blogg om val och valsystem","potentialAction":[{"@type":"SearchAction","target":{"@type":"EntryPoint","urlTemplate":"https:\/\/www.richardappelbom.se\/?s={search_term_string}"},"query-input":{"@type":"PropertyValueSpecification","valueRequired":true,"valueName":"search_term_string"}}],"inLanguage":"en-US"},{"@type":"Person","@id":"https:\/\/www.richardappelbom.se\/#\/schema\/person\/98f55ffd095155d902e585f10999a15d","name":"admin","image":{"@type":"ImageObject","inLanguage":"en-US","@id":"https:\/\/secure.gravatar.com\/avatar\/480edd36f6cc3945e6b2db9fdc6f78df2a3fb98b7b27925b8d810863cfa537e7?s=96&d=mm&r=g","url":"https:\/\/secure.gravatar.com\/avatar\/480edd36f6cc3945e6b2db9fdc6f78df2a3fb98b7b27925b8d810863cfa537e7?s=96&d=mm&r=g","contentUrl":"https:\/\/secure.gravatar.com\/avatar\/480edd36f6cc3945e6b2db9fdc6f78df2a3fb98b7b27925b8d810863cfa537e7?s=96&d=mm&r=g","caption":"admin"},"sameAs":["https:\/\/www.facebook.com\/rappelbom","https:\/\/twitter.com\/RichardAppelbom"],"url":"https:\/\/www.richardappelbom.se\/index.php\/author\/ra_j9l6616t\/"}]}},"jetpack_featured_media_url":"","jetpack_sharing_enabled":true,"_links":{"self":[{"href":"https:\/\/www.richardappelbom.se\/index.php\/wp-json\/wp\/v2\/posts\/532","targetHints":{"allow":["GET"]}}],"collection":[{"href":"https:\/\/www.richardappelbom.se\/index.php\/wp-json\/wp\/v2\/posts"}],"about":[{"href":"https:\/\/www.richardappelbom.se\/index.php\/wp-json\/wp\/v2\/types\/post"}],"author":[{"embeddable":true,"href":"https:\/\/www.richardappelbom.se\/index.php\/wp-json\/wp\/v2\/users\/1"}],"replies":[{"embeddable":true,"href":"https:\/\/www.richardappelbom.se\/index.php\/wp-json\/wp\/v2\/comments?post=532"}],"version-history":[{"count":1,"href":"https:\/\/www.richardappelbom.se\/index.php\/wp-json\/wp\/v2\/posts\/532\/revisions"}],"predecessor-version":[{"id":534,"href":"https:\/\/www.richardappelbom.se\/index.php\/wp-json\/wp\/v2\/posts\/532\/revisions\/534"}],"wp:attachment":[{"href":"https:\/\/www.richardappelbom.se\/index.php\/wp-json\/wp\/v2\/media?parent=532"}],"wp:term":[{"taxonomy":"category","embeddable":true,"href":"https:\/\/www.richardappelbom.se\/index.php\/wp-json\/wp\/v2\/categories?post=532"},{"taxonomy":"post_tag","embeddable":true,"href":"https:\/\/www.richardappelbom.se\/index.php\/wp-json\/wp\/v2\/tags?post=532"}],"curies":[{"name":"wp","href":"https:\/\/api.w.org\/{rel}","templated":true}]}}