{"id":535,"date":"2024-09-26T08:50:54","date_gmt":"2024-09-26T08:50:54","guid":{"rendered":"https:\/\/www.richardappelbom.se\/?p=535"},"modified":"2024-09-26T08:50:55","modified_gmt":"2024-09-26T08:50:55","slug":"taktikrostande-anas-i-tyska-delstatsval-for-att-hindra-afd-att-bli-storsta-parti","status":"publish","type":"post","link":"https:\/\/www.richardappelbom.se\/index.php\/2024\/09\/26\/taktikrostande-anas-i-tyska-delstatsval-for-att-hindra-afd-att-bli-storsta-parti\/","title":{"rendered":"Taktikr\u00f6stande anas i tyska delstatsval f\u00f6r att hindra AfD att bli st\u00f6rsta parti"},"content":{"rendered":"\n<figure class=\"wp-block-image size-full is-resized\"><img loading=\"lazy\" decoding=\"async\" width=\"290\" height=\"174\" src=\"https:\/\/www.richardappelbom.se\/wp-content\/uploads\/2024\/09\/AfD.jpg\" alt=\"\" class=\"wp-image-536\" style=\"width:595px;height:auto\"\/><\/figure>\n\n\n\n<p>Framg\u00e5ngar i delstatsval f\u00f6r h\u00f6gernationalistiska AfD. Foto: Wikipedia<\/p>\n\n\n\n<p><\/p>\n\n\n\n<p>I tre val nu under september i forna \u00d6sttyskland har AfD f\u00e5tt runt 30 procent av r\u00f6sterna och det nya v\u00e4nsterpopulistiska BSW \u2013 ekonomiskt v\u00e4nster, f\u00f6r stram invandring och att sluta st\u00f6dja Ukraina \u2013 \u00f6ver 10 procent av r\u00f6sterna. Valdeltagandet var 73 procent,  en kraftig \u00f6kning j\u00e4mf\u00f6rt med f\u00f6rra g\u00e5ngen.<\/p>\n\n\n\n<p><a href=\"https:\/\/en.wikipedia.org\/wiki\/2024_Brandenburg_state_election\">I Brandenburg <\/a>och Sachsen blev dock AfD inte st\u00f6rsta parti, utan<a href=\"https:\/\/www.aftonbladet.se\/nyheter\/a\/0VL8bA\/brandenburg-gar-till-val-afd-kan-bli-storst\"> socialdemokratiska SPD<\/a> respektive kristdemokratiska CDU <a href=\"https:\/\/svenska.yle.fi\/a\/7-10064270\">vann knappt. <\/a>H\u00e4r kan en motsvarighet till \u201dRepublikanska fronten\u201d i Frankrike anas.<\/p>\n\n\n\n<p>En del v\u00e4ljare verkar ha taktikr\u00f6stat p\u00e5 det parti som enligt opinionsm\u00e4tningarna k\u00e4mpade med AfD om att f\u00e5 flest r\u00f6ster. I Brandenburg backade CDU, som annars har starkt st\u00f6d i nationella m\u00e4tningar. SPD kan ocks\u00e5 ha tj\u00e4nat p\u00e5 att den popul\u00e4re ledaren i Brandenburg Dietmar Woidke, som ledde en koalition, hade sagt att han skulle avg\u00e5 om SPD inte blev st\u00f6rsta parti.<\/p>\n\n\n\n<p>Liberala FDP ing\u00e5r i regeringen med SPD och De Gr\u00f6na och s\u00e4ger nej till att samarbeta med h\u00f6gernationalistiska AfD. De har i regeringen varit den marknadsinriktade delen och envist f\u00f6rsvarat reglerna f\u00f6r att h\u00e5lla nere budgetunderskott. Det har lett till mots\u00e4ttningar i regeringen och impopul\u00e4ra besparingar.<\/p>\n\n\n\n<p>I nationella opinionsm\u00e4tningar ligger FDP runt sp\u00e4rrgr\u00e4nsen p\u00e5 fem procent, l\u00e5ngt under valresultatet. De \u00e4r svagast i forna \u00d6sttyskland, n\u00e4r partiet i lokala m\u00e4tningar l\u00e5g l\u00e5ngt under sp\u00e4rrgr\u00e4nsen kan v\u00e4ljare ha taktikr\u00f6stat p\u00e5 andra partier. I Brandenburg fick FDP bara 0,8 procent.<\/p>\n\n\n\n<p>De Gr\u00f6na, som ocks\u00e5 har svagare st\u00f6d i forna \u00d6sttyskland, \u00e5kte ur parlamentet i Brandenburg med 4,13 procent. H\u00e4r kan eventuellt taktikr\u00f6stande ha slagit fel. Hade 15&nbsp;000 av SPD-v\u00e4ljarna i st\u00e4llet r\u00f6stat p\u00e5 De Gr\u00f6na hade partiet klarat sp\u00e4rrgr\u00e4nsen och SPD \u00e4nd\u00e5 blivit st\u00f6rsta parti. Nu fick De Gr\u00f6na i st\u00e4llet noll mandat och SPD och CDU 44 av de 88 mandaten. Det vill s\u00e4ga precis h\u00e4lften. De kan d\u00e4rf\u00f6r \u00e4ven beh\u00f6va samarbeta med nya kontroversiella BSW f\u00f6r att f\u00e5 en majoritet, eftersom alla vill h\u00e5lla AfD kort.<\/p>\n\n\n\n<p>I Tyskland l\u00e4ggs stor vikt vid att vara st\u00f6rsta parti. I ett proprtionellt valsystem \u00e4r det dock inte lika viktigt. Det g\u00e5r att bilda koalitioner utan  det st\u00f6rsta partiet. S\u00e5 har det l\u00e4nge varit i Skandinavien, d\u00e4r Socialdemkraterna i \u00e5rtionden har varit st\u00f6rst. Det \u00e4r v\u00e4rre att i l\u00e4nder med sp\u00e4rrsystem komma under sp\u00e4rren, vilket ger noll mandat. Svenska v\u00e4ljare taktikr\u00f6star d\u00e4rf\u00f6r hellre p\u00e5 partier som riskerar att falla ur \u00e4n p\u00e5 vem som ska bli st\u00e4rsta parti.<\/p>\n\n\n\n<p>Jag har under \u00e5ret varit med p\u00e5 tv\u00e5 resor till Tyskland, med F\u00f6reningen Norden till Pommern och med Europaklubben till V\u00e4ster\u00e5s v\u00e4nort Kassel. Skillnaden mellan forna \u00d6st- och V\u00e4sttyskland \u00e4r tydlig. I Pommern var v\u00e5r guide nostalgisk \u00f6ver \u00d6sttyskland och opinionsm\u00e4tningar visar d\u00e4r ocks\u00e5 p\u00e5 starkt st\u00f6d f\u00f6r AfD och BSW.<\/p>\n\n\n\n<p>Kassel med drygt 200 000 inv\u00e5nare \u00e4r likt V\u00e4ster\u00e5s en klassisk industristad och satsar nu p\u00e5 kultur. I och med sitt universitet har de ocks\u00e5 en hel del studenter. H\u00e4r \u00e4r De Gr\u00f6na, som \u00e4r mer av ett mittenparti i Tyskland \u00e4n svenska MP, starka. Den direktvalde \u00f6verborgm\u00e4staren nominerades av De Gr\u00f6na. AfD har l\u00e5ngt svagare st\u00f6d \u00e4n i \u00f6st, om \u00e4n med \u00f6ver 10 procent av r\u00f6sterna.<\/p>\n\n\n\n<p>Europaklubben var med p\u00e5 en medborgarkonferens i Kassel om EU. D\u00e4r talade Katarina Barley (SPD), vice talman i EU-parlamentet. Hon gick h\u00e5rt \u00e5t h\u00f6gerpopulisterna i unionen, som Orb\u00e1n i Ungern och Meloni i Italien. Indragna bidrag och f\u00f6rlorad r\u00f6str\u00e4tt i EU lyftes fram som \u00e5tg\u00e4rder, Barley menade att l\u00e4nderna var alltf\u00f6r beroende av EU-st\u00f6d f\u00f6r att de ska kunna hota med uttr\u00e4de.&nbsp;Nyligen har regeringen i Tyskland (SPD, De Gr\u00f6na och FDP) sk\u00e4rpt invandringspolitiken. Barley f\u00f6rsvarade de \u00e5tg\u00e4rderna. Inte helt l\u00e4tt att balansera detta med den mycket h\u00e5rda tonen mot h\u00f6gerpopulismen.<\/p>\n\n\n\n<p>I forna V\u00e4sttyskland motsvarar st\u00f6det p\u00e5 15-20 procent f\u00f6r AfD ungef\u00e4r vad motsvarande partier f\u00e5r i andra v\u00e4steuropeiska l\u00e4nder. (Mindre \u00e4n i Frankrike och Italien). I forna \u00d6sttyskland r\u00f6star d\u00e4remot \u00f6ver 40 procent i val efter val p\u00e5 ytterpartier till h\u00f6ger och v\u00e4nster, vilka vill dra in st\u00f6det till Ukraina. <\/p>\n\n\n\n<p>V\u00e4ljarna i \u00f6st kan med viss r\u00e4tt uppfatta att \u00e5terf\u00f6reningen inte infriade f\u00f6rv\u00e4ntningarna. Men det kan ocks\u00e5 finnas en kvarst\u00e5ende samh\u00e4llssyn fr\u00e5n kommunisttiden om att alla politiker \u00e4r skurkaktiga, att nyheter och paroller \u00e4r l\u00f6gnaktiga och i praktiken inneh\u00e5llsl\u00f6sa. Det kan leda till cynism och misstro mot demokratin.<\/p>\n\n\n\n<p>N\u00e4sta \u00e5r \u00e4r det nationella val i Tyskland. Den styrande koalitionen har mycket svagt opinionsst\u00f6d. Det g\u00e5r b\u00e4ttre f\u00f6r CDU, men ligger st\u00f6det f\u00f6r ytterkantspartierna kvar p\u00e5 nuvarande niv\u00e5 blir det struligt att bilda regering.<\/p>\n\n\n\n<p>De traditionella partierna har, d\u00e4r liksom i andra demokratier, en sv\u00e5r men en viktig uppgift i att \u00e5tervinna fler v\u00e4ljares tro p\u00e5 att demokrati fungerar och att of\u00f6rsonliga angrepp och f\u00f6renklad l\u00f6ftespolitik f\u00f6rv\u00e4rrar i st\u00e4llet f\u00f6r att l\u00f6sa problem.<\/p>\n","protected":false},"excerpt":{"rendered":"<p>Framg\u00e5ngar i delstatsval f\u00f6r h\u00f6gernationalistiska AfD. Foto: Wikipedia I tre val nu under september i forna \u00d6sttyskland har AfD f\u00e5tt runt 30 procent av r\u00f6sterna och det nya v\u00e4nsterpopulistiska BSW \u2013 ekonomiskt v\u00e4nster, f\u00f6r stram invandring och att sluta st\u00f6dja Ukraina \u2013 \u00f6ver 10 procent av r\u00f6sterna. Valdeltagandet var 73 procent, en kraftig \u00f6kning j\u00e4mf\u00f6rt [&hellip;]<\/p>\n","protected":false},"author":1,"featured_media":0,"comment_status":"open","ping_status":"closed","sticky":false,"template":"","format":"standard","meta":{"_jetpack_memberships_contains_paid_content":false,"footnotes":""},"categories":[10],"tags":[],"class_list":["post-535","post","type-post","status-publish","format-standard","hentry","category-allman-inlagg"],"yoast_head":"<!-- This site is optimized with the Yoast SEO plugin v27.2 - https:\/\/yoast.com\/product\/yoast-seo-wordpress\/ -->\n<title>Taktikr\u00f6stande anas i tyska delstatsval f\u00f6r att hindra AfD att bli st\u00f6rsta parti - Richard Appelbom<\/title>\n<meta name=\"description\" content=\"Socialdemokratiska SPD blev knappt st\u00f6rre \u00e4n h\u00f6gernationalistiska AfD i valet i Brandenburg.\" \/>\n<meta name=\"robots\" content=\"index, follow, max-snippet:-1, max-image-preview:large, max-video-preview:-1\" \/>\n<link rel=\"canonical\" href=\"https:\/\/www.richardappelbom.se\/index.php\/2024\/09\/26\/taktikrostande-anas-i-tyska-delstatsval-for-att-hindra-afd-att-bli-storsta-parti\/\" \/>\n<meta property=\"og:locale\" content=\"en_US\" \/>\n<meta property=\"og:type\" content=\"article\" \/>\n<meta property=\"og:title\" content=\"Taktikr\u00f6stande anas i tyska delstatsval f\u00f6r att hindra AfD att bli st\u00f6rsta parti - Richard Appelbom\" \/>\n<meta property=\"og:description\" content=\"Socialdemokratiska SPD blev knappt st\u00f6rre \u00e4n h\u00f6gernationalistiska AfD i valet i Brandenburg.\" \/>\n<meta property=\"og:url\" content=\"https:\/\/www.richardappelbom.se\/index.php\/2024\/09\/26\/taktikrostande-anas-i-tyska-delstatsval-for-att-hindra-afd-att-bli-storsta-parti\/\" \/>\n<meta property=\"og:site_name\" content=\"Richard Appelbom\" \/>\n<meta property=\"article:publisher\" content=\"https:\/\/www.facebook.com\/rappelbom\" \/>\n<meta property=\"article:author\" content=\"https:\/\/www.facebook.com\/rappelbom\" \/>\n<meta property=\"article:published_time\" content=\"2024-09-26T08:50:54+00:00\" \/>\n<meta property=\"article:modified_time\" content=\"2024-09-26T08:50:55+00:00\" \/>\n<meta property=\"og:image\" content=\"https:\/\/www.richardappelbom.se\/wp-content\/uploads\/2024\/09\/AfD.jpg\" \/>\n<meta name=\"author\" content=\"admin\" \/>\n<meta name=\"twitter:card\" content=\"summary_large_image\" \/>\n<meta name=\"twitter:creator\" content=\"@RichardAppelbom\" \/>\n<meta name=\"twitter:site\" content=\"@RichardAppelbom\" \/>\n<meta name=\"twitter:label1\" content=\"Written by\" \/>\n\t<meta name=\"twitter:data1\" content=\"admin\" \/>\n\t<meta name=\"twitter:label2\" content=\"Est. reading time\" \/>\n\t<meta name=\"twitter:data2\" content=\"4 minutes\" \/>\n<script type=\"application\/ld+json\" class=\"yoast-schema-graph\">{\"@context\":\"https:\/\/schema.org\",\"@graph\":[{\"@type\":\"Article\",\"@id\":\"https:\/\/www.richardappelbom.se\/index.php\/2024\/09\/26\/taktikrostande-anas-i-tyska-delstatsval-for-att-hindra-afd-att-bli-storsta-parti\/#article\",\"isPartOf\":{\"@id\":\"https:\/\/www.richardappelbom.se\/index.php\/2024\/09\/26\/taktikrostande-anas-i-tyska-delstatsval-for-att-hindra-afd-att-bli-storsta-parti\/\"},\"author\":{\"name\":\"admin\",\"@id\":\"https:\/\/www.richardappelbom.se\/#\/schema\/person\/98f55ffd095155d902e585f10999a15d\"},\"headline\":\"Taktikr\u00f6stande anas i tyska delstatsval f\u00f6r att hindra AfD att bli st\u00f6rsta parti\",\"datePublished\":\"2024-09-26T08:50:54+00:00\",\"dateModified\":\"2024-09-26T08:50:55+00:00\",\"mainEntityOfPage\":{\"@id\":\"https:\/\/www.richardappelbom.se\/index.php\/2024\/09\/26\/taktikrostande-anas-i-tyska-delstatsval-for-att-hindra-afd-att-bli-storsta-parti\/\"},\"wordCount\":952,\"commentCount\":0,\"image\":{\"@id\":\"https:\/\/www.richardappelbom.se\/index.php\/2024\/09\/26\/taktikrostande-anas-i-tyska-delstatsval-for-att-hindra-afd-att-bli-storsta-parti\/#primaryimage\"},\"thumbnailUrl\":\"https:\/\/www.richardappelbom.se\/wp-content\/uploads\/2024\/09\/AfD.jpg\",\"articleSection\":[\"Allm\u00e4n Posts\"],\"inLanguage\":\"en-US\",\"potentialAction\":[{\"@type\":\"CommentAction\",\"name\":\"Comment\",\"target\":[\"https:\/\/www.richardappelbom.se\/index.php\/2024\/09\/26\/taktikrostande-anas-i-tyska-delstatsval-for-att-hindra-afd-att-bli-storsta-parti\/#respond\"]}]},{\"@type\":\"WebPage\",\"@id\":\"https:\/\/www.richardappelbom.se\/index.php\/2024\/09\/26\/taktikrostande-anas-i-tyska-delstatsval-for-att-hindra-afd-att-bli-storsta-parti\/\",\"url\":\"https:\/\/www.richardappelbom.se\/index.php\/2024\/09\/26\/taktikrostande-anas-i-tyska-delstatsval-for-att-hindra-afd-att-bli-storsta-parti\/\",\"name\":\"Taktikr\u00f6stande anas i tyska delstatsval f\u00f6r att hindra AfD att bli st\u00f6rsta parti - Richard Appelbom\",\"isPartOf\":{\"@id\":\"https:\/\/www.richardappelbom.se\/#website\"},\"primaryImageOfPage\":{\"@id\":\"https:\/\/www.richardappelbom.se\/index.php\/2024\/09\/26\/taktikrostande-anas-i-tyska-delstatsval-for-att-hindra-afd-att-bli-storsta-parti\/#primaryimage\"},\"image\":{\"@id\":\"https:\/\/www.richardappelbom.se\/index.php\/2024\/09\/26\/taktikrostande-anas-i-tyska-delstatsval-for-att-hindra-afd-att-bli-storsta-parti\/#primaryimage\"},\"thumbnailUrl\":\"https:\/\/www.richardappelbom.se\/wp-content\/uploads\/2024\/09\/AfD.jpg\",\"datePublished\":\"2024-09-26T08:50:54+00:00\",\"dateModified\":\"2024-09-26T08:50:55+00:00\",\"author\":{\"@id\":\"https:\/\/www.richardappelbom.se\/#\/schema\/person\/98f55ffd095155d902e585f10999a15d\"},\"description\":\"Socialdemokratiska SPD blev knappt st\u00f6rre \u00e4n h\u00f6gernationalistiska AfD i valet i Brandenburg.\",\"breadcrumb\":{\"@id\":\"https:\/\/www.richardappelbom.se\/index.php\/2024\/09\/26\/taktikrostande-anas-i-tyska-delstatsval-for-att-hindra-afd-att-bli-storsta-parti\/#breadcrumb\"},\"inLanguage\":\"en-US\",\"potentialAction\":[{\"@type\":\"ReadAction\",\"target\":[\"https:\/\/www.richardappelbom.se\/index.php\/2024\/09\/26\/taktikrostande-anas-i-tyska-delstatsval-for-att-hindra-afd-att-bli-storsta-parti\/\"]}]},{\"@type\":\"ImageObject\",\"inLanguage\":\"en-US\",\"@id\":\"https:\/\/www.richardappelbom.se\/index.php\/2024\/09\/26\/taktikrostande-anas-i-tyska-delstatsval-for-att-hindra-afd-att-bli-storsta-parti\/#primaryimage\",\"url\":\"https:\/\/www.richardappelbom.se\/wp-content\/uploads\/2024\/09\/AfD.jpg\",\"contentUrl\":\"https:\/\/www.richardappelbom.se\/wp-content\/uploads\/2024\/09\/AfD.jpg\",\"width\":290,\"height\":174},{\"@type\":\"BreadcrumbList\",\"@id\":\"https:\/\/www.richardappelbom.se\/index.php\/2024\/09\/26\/taktikrostande-anas-i-tyska-delstatsval-for-att-hindra-afd-att-bli-storsta-parti\/#breadcrumb\",\"itemListElement\":[{\"@type\":\"ListItem\",\"position\":1,\"name\":\"Home\",\"item\":\"https:\/\/www.richardappelbom.se\/\"},{\"@type\":\"ListItem\",\"position\":2,\"name\":\"Taktikr\u00f6stande anas i tyska delstatsval f\u00f6r att hindra AfD att bli st\u00f6rsta parti\"}]},{\"@type\":\"WebSite\",\"@id\":\"https:\/\/www.richardappelbom.se\/#website\",\"url\":\"https:\/\/www.richardappelbom.se\/\",\"name\":\"Richard Appelbom\",\"description\":\"En blogg om val och valsystem\",\"potentialAction\":[{\"@type\":\"SearchAction\",\"target\":{\"@type\":\"EntryPoint\",\"urlTemplate\":\"https:\/\/www.richardappelbom.se\/?s={search_term_string}\"},\"query-input\":{\"@type\":\"PropertyValueSpecification\",\"valueRequired\":true,\"valueName\":\"search_term_string\"}}],\"inLanguage\":\"en-US\"},{\"@type\":\"Person\",\"@id\":\"https:\/\/www.richardappelbom.se\/#\/schema\/person\/98f55ffd095155d902e585f10999a15d\",\"name\":\"admin\",\"image\":{\"@type\":\"ImageObject\",\"inLanguage\":\"en-US\",\"@id\":\"https:\/\/secure.gravatar.com\/avatar\/480edd36f6cc3945e6b2db9fdc6f78df2a3fb98b7b27925b8d810863cfa537e7?s=96&d=mm&r=g\",\"url\":\"https:\/\/secure.gravatar.com\/avatar\/480edd36f6cc3945e6b2db9fdc6f78df2a3fb98b7b27925b8d810863cfa537e7?s=96&d=mm&r=g\",\"contentUrl\":\"https:\/\/secure.gravatar.com\/avatar\/480edd36f6cc3945e6b2db9fdc6f78df2a3fb98b7b27925b8d810863cfa537e7?s=96&d=mm&r=g\",\"caption\":\"admin\"},\"sameAs\":[\"https:\/\/www.facebook.com\/rappelbom\",\"https:\/\/twitter.com\/RichardAppelbom\"],\"url\":\"https:\/\/www.richardappelbom.se\/index.php\/author\/ra_j9l6616t\/\"}]}<\/script>\n<!-- \/ Yoast SEO plugin. -->","yoast_head_json":{"title":"Taktikr\u00f6stande anas i tyska delstatsval f\u00f6r att hindra AfD att bli st\u00f6rsta parti - Richard Appelbom","description":"Socialdemokratiska SPD blev knappt st\u00f6rre \u00e4n h\u00f6gernationalistiska AfD i valet i Brandenburg.","robots":{"index":"index","follow":"follow","max-snippet":"max-snippet:-1","max-image-preview":"max-image-preview:large","max-video-preview":"max-video-preview:-1"},"canonical":"https:\/\/www.richardappelbom.se\/index.php\/2024\/09\/26\/taktikrostande-anas-i-tyska-delstatsval-for-att-hindra-afd-att-bli-storsta-parti\/","og_locale":"en_US","og_type":"article","og_title":"Taktikr\u00f6stande anas i tyska delstatsval f\u00f6r att hindra AfD att bli st\u00f6rsta parti - Richard Appelbom","og_description":"Socialdemokratiska SPD blev knappt st\u00f6rre \u00e4n h\u00f6gernationalistiska AfD i valet i Brandenburg.","og_url":"https:\/\/www.richardappelbom.se\/index.php\/2024\/09\/26\/taktikrostande-anas-i-tyska-delstatsval-for-att-hindra-afd-att-bli-storsta-parti\/","og_site_name":"Richard Appelbom","article_publisher":"https:\/\/www.facebook.com\/rappelbom","article_author":"https:\/\/www.facebook.com\/rappelbom","article_published_time":"2024-09-26T08:50:54+00:00","article_modified_time":"2024-09-26T08:50:55+00:00","og_image":[{"url":"https:\/\/www.richardappelbom.se\/wp-content\/uploads\/2024\/09\/AfD.jpg","type":"","width":"","height":""}],"author":"admin","twitter_card":"summary_large_image","twitter_creator":"@RichardAppelbom","twitter_site":"@RichardAppelbom","twitter_misc":{"Written by":"admin","Est. reading time":"4 minutes"},"schema":{"@context":"https:\/\/schema.org","@graph":[{"@type":"Article","@id":"https:\/\/www.richardappelbom.se\/index.php\/2024\/09\/26\/taktikrostande-anas-i-tyska-delstatsval-for-att-hindra-afd-att-bli-storsta-parti\/#article","isPartOf":{"@id":"https:\/\/www.richardappelbom.se\/index.php\/2024\/09\/26\/taktikrostande-anas-i-tyska-delstatsval-for-att-hindra-afd-att-bli-storsta-parti\/"},"author":{"name":"admin","@id":"https:\/\/www.richardappelbom.se\/#\/schema\/person\/98f55ffd095155d902e585f10999a15d"},"headline":"Taktikr\u00f6stande anas i tyska delstatsval f\u00f6r att hindra AfD att bli st\u00f6rsta parti","datePublished":"2024-09-26T08:50:54+00:00","dateModified":"2024-09-26T08:50:55+00:00","mainEntityOfPage":{"@id":"https:\/\/www.richardappelbom.se\/index.php\/2024\/09\/26\/taktikrostande-anas-i-tyska-delstatsval-for-att-hindra-afd-att-bli-storsta-parti\/"},"wordCount":952,"commentCount":0,"image":{"@id":"https:\/\/www.richardappelbom.se\/index.php\/2024\/09\/26\/taktikrostande-anas-i-tyska-delstatsval-for-att-hindra-afd-att-bli-storsta-parti\/#primaryimage"},"thumbnailUrl":"https:\/\/www.richardappelbom.se\/wp-content\/uploads\/2024\/09\/AfD.jpg","articleSection":["Allm\u00e4n Posts"],"inLanguage":"en-US","potentialAction":[{"@type":"CommentAction","name":"Comment","target":["https:\/\/www.richardappelbom.se\/index.php\/2024\/09\/26\/taktikrostande-anas-i-tyska-delstatsval-for-att-hindra-afd-att-bli-storsta-parti\/#respond"]}]},{"@type":"WebPage","@id":"https:\/\/www.richardappelbom.se\/index.php\/2024\/09\/26\/taktikrostande-anas-i-tyska-delstatsval-for-att-hindra-afd-att-bli-storsta-parti\/","url":"https:\/\/www.richardappelbom.se\/index.php\/2024\/09\/26\/taktikrostande-anas-i-tyska-delstatsval-for-att-hindra-afd-att-bli-storsta-parti\/","name":"Taktikr\u00f6stande anas i tyska delstatsval f\u00f6r att hindra AfD att bli st\u00f6rsta parti - Richard Appelbom","isPartOf":{"@id":"https:\/\/www.richardappelbom.se\/#website"},"primaryImageOfPage":{"@id":"https:\/\/www.richardappelbom.se\/index.php\/2024\/09\/26\/taktikrostande-anas-i-tyska-delstatsval-for-att-hindra-afd-att-bli-storsta-parti\/#primaryimage"},"image":{"@id":"https:\/\/www.richardappelbom.se\/index.php\/2024\/09\/26\/taktikrostande-anas-i-tyska-delstatsval-for-att-hindra-afd-att-bli-storsta-parti\/#primaryimage"},"thumbnailUrl":"https:\/\/www.richardappelbom.se\/wp-content\/uploads\/2024\/09\/AfD.jpg","datePublished":"2024-09-26T08:50:54+00:00","dateModified":"2024-09-26T08:50:55+00:00","author":{"@id":"https:\/\/www.richardappelbom.se\/#\/schema\/person\/98f55ffd095155d902e585f10999a15d"},"description":"Socialdemokratiska SPD blev knappt st\u00f6rre \u00e4n h\u00f6gernationalistiska AfD i valet i Brandenburg.","breadcrumb":{"@id":"https:\/\/www.richardappelbom.se\/index.php\/2024\/09\/26\/taktikrostande-anas-i-tyska-delstatsval-for-att-hindra-afd-att-bli-storsta-parti\/#breadcrumb"},"inLanguage":"en-US","potentialAction":[{"@type":"ReadAction","target":["https:\/\/www.richardappelbom.se\/index.php\/2024\/09\/26\/taktikrostande-anas-i-tyska-delstatsval-for-att-hindra-afd-att-bli-storsta-parti\/"]}]},{"@type":"ImageObject","inLanguage":"en-US","@id":"https:\/\/www.richardappelbom.se\/index.php\/2024\/09\/26\/taktikrostande-anas-i-tyska-delstatsval-for-att-hindra-afd-att-bli-storsta-parti\/#primaryimage","url":"https:\/\/www.richardappelbom.se\/wp-content\/uploads\/2024\/09\/AfD.jpg","contentUrl":"https:\/\/www.richardappelbom.se\/wp-content\/uploads\/2024\/09\/AfD.jpg","width":290,"height":174},{"@type":"BreadcrumbList","@id":"https:\/\/www.richardappelbom.se\/index.php\/2024\/09\/26\/taktikrostande-anas-i-tyska-delstatsval-for-att-hindra-afd-att-bli-storsta-parti\/#breadcrumb","itemListElement":[{"@type":"ListItem","position":1,"name":"Home","item":"https:\/\/www.richardappelbom.se\/"},{"@type":"ListItem","position":2,"name":"Taktikr\u00f6stande anas i tyska delstatsval f\u00f6r att hindra AfD att bli st\u00f6rsta parti"}]},{"@type":"WebSite","@id":"https:\/\/www.richardappelbom.se\/#website","url":"https:\/\/www.richardappelbom.se\/","name":"Richard Appelbom","description":"En blogg om val och valsystem","potentialAction":[{"@type":"SearchAction","target":{"@type":"EntryPoint","urlTemplate":"https:\/\/www.richardappelbom.se\/?s={search_term_string}"},"query-input":{"@type":"PropertyValueSpecification","valueRequired":true,"valueName":"search_term_string"}}],"inLanguage":"en-US"},{"@type":"Person","@id":"https:\/\/www.richardappelbom.se\/#\/schema\/person\/98f55ffd095155d902e585f10999a15d","name":"admin","image":{"@type":"ImageObject","inLanguage":"en-US","@id":"https:\/\/secure.gravatar.com\/avatar\/480edd36f6cc3945e6b2db9fdc6f78df2a3fb98b7b27925b8d810863cfa537e7?s=96&d=mm&r=g","url":"https:\/\/secure.gravatar.com\/avatar\/480edd36f6cc3945e6b2db9fdc6f78df2a3fb98b7b27925b8d810863cfa537e7?s=96&d=mm&r=g","contentUrl":"https:\/\/secure.gravatar.com\/avatar\/480edd36f6cc3945e6b2db9fdc6f78df2a3fb98b7b27925b8d810863cfa537e7?s=96&d=mm&r=g","caption":"admin"},"sameAs":["https:\/\/www.facebook.com\/rappelbom","https:\/\/twitter.com\/RichardAppelbom"],"url":"https:\/\/www.richardappelbom.se\/index.php\/author\/ra_j9l6616t\/"}]}},"jetpack_featured_media_url":"","jetpack_sharing_enabled":true,"_links":{"self":[{"href":"https:\/\/www.richardappelbom.se\/index.php\/wp-json\/wp\/v2\/posts\/535","targetHints":{"allow":["GET"]}}],"collection":[{"href":"https:\/\/www.richardappelbom.se\/index.php\/wp-json\/wp\/v2\/posts"}],"about":[{"href":"https:\/\/www.richardappelbom.se\/index.php\/wp-json\/wp\/v2\/types\/post"}],"author":[{"embeddable":true,"href":"https:\/\/www.richardappelbom.se\/index.php\/wp-json\/wp\/v2\/users\/1"}],"replies":[{"embeddable":true,"href":"https:\/\/www.richardappelbom.se\/index.php\/wp-json\/wp\/v2\/comments?post=535"}],"version-history":[{"count":1,"href":"https:\/\/www.richardappelbom.se\/index.php\/wp-json\/wp\/v2\/posts\/535\/revisions"}],"predecessor-version":[{"id":537,"href":"https:\/\/www.richardappelbom.se\/index.php\/wp-json\/wp\/v2\/posts\/535\/revisions\/537"}],"wp:attachment":[{"href":"https:\/\/www.richardappelbom.se\/index.php\/wp-json\/wp\/v2\/media?parent=535"}],"wp:term":[{"taxonomy":"category","embeddable":true,"href":"https:\/\/www.richardappelbom.se\/index.php\/wp-json\/wp\/v2\/categories?post=535"},{"taxonomy":"post_tag","embeddable":true,"href":"https:\/\/www.richardappelbom.se\/index.php\/wp-json\/wp\/v2\/tags?post=535"}],"curies":[{"name":"wp","href":"https:\/\/api.w.org\/{rel}","templated":true}]}}