{"id":538,"date":"2024-09-30T16:19:56","date_gmt":"2024-09-30T16:19:56","guid":{"rendered":"https:\/\/www.richardappelbom.se\/?p=538"},"modified":"2024-09-30T16:19:58","modified_gmt":"2024-09-30T16:19:58","slug":"framgang-for-hogernationalistiska-fpo-i-osterrike","status":"publish","type":"post","link":"https:\/\/www.richardappelbom.se\/index.php\/2024\/09\/30\/framgang-for-hogernationalistiska-fpo-i-osterrike\/","title":{"rendered":"Framg\u00e5ng f\u00f6r h\u00f6gernationalistiska FP\u00d6 i \u00d6sterrike"},"content":{"rendered":"\n<figure class=\"wp-block-image size-large is-resized\"><img loading=\"lazy\" decoding=\"async\" width=\"768\" height=\"1024\" src=\"https:\/\/www.richardappelbom.se\/wp-content\/uploads\/2024\/09\/Herbert_Kickl-768x1024.jpg\" alt=\"\" class=\"wp-image-539\" style=\"width:463px;height:auto\" srcset=\"https:\/\/www.richardappelbom.se\/wp-content\/uploads\/2024\/09\/Herbert_Kickl-768x1024.jpg 768w, https:\/\/www.richardappelbom.se\/wp-content\/uploads\/2024\/09\/Herbert_Kickl-225x300.jpg 225w, https:\/\/www.richardappelbom.se\/wp-content\/uploads\/2024\/09\/Herbert_Kickl-1152x1536.jpg 1152w, https:\/\/www.richardappelbom.se\/wp-content\/uploads\/2024\/09\/Herbert_Kickl-1536x2048.jpg 1536w, https:\/\/www.richardappelbom.se\/wp-content\/uploads\/2024\/09\/Herbert_Kickl-scaled.jpg 1920w\" sizes=\"auto, (max-width: 768px) 100vw, 768px\" \/><\/figure>\n\n\n\n<p>Herbert Kickl \u00e4r kontroversiell ledare f\u00f6r FP\u00d6. Foto: Wikipedia<\/p>\n\n\n\n<p>H\u00f6gerradikala FP\u00d6 blev<a href=\"https:\/\/en.wikipedia.org\/wiki\/2024_Austrian_legislative_election\"> st\u00f6rsta parti <\/a>i \u00d6sterrike med 29,2 procent. Det \u00e4r partiets b\u00e4sta resultat n\u00e5gonsin. J\u00e4mf\u00f6rt med de senaste opinionsm\u00e4tningarna \u00f6kade FP\u00d6 med n\u00e5gon procentenhet, vi s\u00e5g inte samma tendens som i tv\u00e5 landtagsval i forna \u00d6ststyskland, d\u00e4r partiet som t\u00e4vlade med h\u00f6gerradikala AfD \u00f6kade och blev st\u00f6rst. Verkar inte ha varit n\u00e5gpt taktikr\u00f6stande i \u00d6sterrike f\u00f6r att stoppa FP\u00d6. Valdeltagandet var 78 procent, en \u00f6kning nmed tv\u00e5 procentenheter.<\/p>\n\n\n\n<p>Tidigare styrdes \u00d6sterrike av en koalition av kristdemokratiska \u00d6VP och De Gr\u00f6na. B\u00e5da de partierna gick <a href=\"https:\/\/www.bundeswahlen.gv.at\/2024\/nr\/\">kraftigt tillbaka.<\/a> Det \u00e4r ett genomg\u00e5ende tema att regeringspartier tappar, kan det nya medielandskapet bidra till allt mer ot\u00e5liga och ombytliga v\u00e4ljare? I f\u00f6rra valet gick det d\u00e5ligt f\u00f6r FP\u00d6 som efter skandaler f\u00e5tt l\u00e4mna kolationsregeringen med \u00d6VP, men nu gick partiet i st\u00e4llet kraftigt fram\u00e5t i opposition.<\/p>\n\n\n\n<p>Socialdemokratiska SP\u00d6, som tidigare var st\u00f6rre, fick 21,0 procent. En marginell minskning, men partiets s\u00e4msta resultat i v\u00e4ljarandel. SP\u00d6 f\u00f6rblir stora<a href=\"https:\/\/www.bundeswahlen.gv.at\/2024\/nr\/9.html\"> i huvudstaden Wien,<\/a> en traditionellt f\u00e4ste. FP\u00d6 gjorde, som h\u00f6gerpopulistiska partier brukar, s\u00e4mre val i stora st\u00e4der, men \u00f6kade \u00e4nd\u00e5 till 20,7 procent i Wien. Liberala Neos, ett mitteniriktat parti, \u00f6kade n\u00e5got till 11,3 procent.<\/p>\n\n\n\n<p>FP\u00d6 blev st\u00f6rsta parti <a href=\"https:\/\/www.theguardian.com\/world\/2024\/sep\/30\/austria-election-talks-forming-government-far-right-freedom-party-win\">i alla \u00e5ldersgrupper<\/a> utom den \u00e4ldsta enligt en m\u00e4tning. M\u00e4tningar f\u00f6r <a href=\"https:\/\/www.parlament.gv.at\/aktuelles\/news\/Wahl-2024-Wieder-fuenf-Parteien-im-Nationalrat\">v\u00e4ljarstr\u00f6mmar visar <\/a>att FP\u00d6 fr\u00e4mst vann fr\u00e5n \u00d6VP och fr\u00e5n nya v\u00e4ljare (unga och de som inte r\u00f6stade f\u00f6rra g\u00e5ngen). <\/p>\n\n\n\n<p>\u00d6sterrikes valsystem p\u00e5minner om det svenska. Parlamentet har 183 ledam\u00f6ter, (d\u00e4rut\u00f6ver tillkommer en <a href=\"https:\/\/sv.wikipedia.org\/wiki\/%C3%96sterrike\">f\u00f6rsta kammare <\/a>p\u00e5 61 ledam\u00f6ter, som utses av de nio delstaterna.) Valen \u00e4r proportionella med en sp\u00e4rrgr\u00e4ns p\u00e5 fyra procent. V\u00e4ljarna kan kryssa kandidater, de kan om de vill kryssa tre personer.<\/p>\n\n\n\n<p>Fem partier klarade sp\u00e4rrgr\u00e4nsen, Bier(\u00d6l)partiet och Kommunistpartiet var en bra bit fr\u00e5n fyra parocent. \u00d6sterrike har gjort det l\u00e4ttare att f\u00f6rtidsr\u00f6sta, den alltmer popul\u00e4ra men f\u00f6r valhemligheten tveksamma brevr\u00f6stningen \u00e4r ett alternativ.<\/p>\n\n\n\n<p>FP\u00d6:s kontroversielle ledare Herbert Kickl \u00e4r ett r\u00f6tt skynke f\u00f6r \u00f6vriga partier. Det enda parti som kan t\u00e4nka sig att styra med FP\u00d6 \u00e4r \u00d6VP, men d\u00e5 inte med Kikcl som f\u00f6rbundskansler. Det g\u00e5r att bilda majoritet utan FP\u00d6, som vill avbryta st\u00f6det till Ukraina.<\/p>\n\n\n\n<p>\u00d6VP och SP\u00d6 har en knapp majoritet med 93 mandat. Stora koalitioner har varit vanliga tidigare. F\u00f6r att f\u00e5r en stabilare majoritet kan Gr\u00f6na eller Liberalerna ing\u00e5. Det finns uppenbara risker med att l\u00e4mna FP\u00d6 som ledande oppositionsparti, men ocks\u00e5 uppenbara risker med att ta in ett Putinv\u00e4nligt parti i regeringen.<\/p>\n","protected":false},"excerpt":{"rendered":"<p>Herbert Kickl \u00e4r kontroversiell ledare f\u00f6r FP\u00d6. Foto: Wikipedia H\u00f6gerradikala FP\u00d6 blev st\u00f6rsta parti i \u00d6sterrike med 29,2 procent. Det \u00e4r partiets b\u00e4sta resultat n\u00e5gonsin. J\u00e4mf\u00f6rt med de senaste opinionsm\u00e4tningarna \u00f6kade FP\u00d6 med n\u00e5gon procentenhet, vi s\u00e5g inte samma tendens som i tv\u00e5 landtagsval i forna \u00d6ststyskland, d\u00e4r partiet som t\u00e4vlade med h\u00f6gerradikala AfD \u00f6kade [&hellip;]<\/p>\n","protected":false},"author":1,"featured_media":0,"comment_status":"open","ping_status":"closed","sticky":false,"template":"","format":"standard","meta":{"_jetpack_memberships_contains_paid_content":false,"footnotes":""},"categories":[10],"tags":[],"class_list":["post-538","post","type-post","status-publish","format-standard","hentry","category-allman-inlagg"],"yoast_head":"<!-- This site is optimized with the Yoast SEO plugin v27.2 - https:\/\/yoast.com\/product\/yoast-seo-wordpress\/ -->\n<title>Framg\u00e5ng f\u00f6r h\u00f6gernationalistiska FP\u00d6 i \u00d6sterrike - Richard Appelbom<\/title>\n<meta name=\"description\" content=\"Framg\u00e5ng f\u00f6r h\u00f6gerradikala FP\u00d6 och bak\u00e5t f\u00f6r regeringspartierna \u00d6VP och De gr\u00f6na. i valet i \u00d6sterrike.\" \/>\n<meta name=\"robots\" content=\"index, follow, max-snippet:-1, max-image-preview:large, max-video-preview:-1\" \/>\n<link rel=\"canonical\" href=\"https:\/\/www.richardappelbom.se\/index.php\/2024\/09\/30\/framgang-for-hogernationalistiska-fpo-i-osterrike\/\" \/>\n<meta property=\"og:locale\" content=\"en_US\" \/>\n<meta property=\"og:type\" content=\"article\" \/>\n<meta property=\"og:title\" content=\"Framg\u00e5ng f\u00f6r h\u00f6gernationalistiska FP\u00d6 i \u00d6sterrike - Richard Appelbom\" \/>\n<meta property=\"og:description\" content=\"Framg\u00e5ng f\u00f6r h\u00f6gerradikala FP\u00d6 och bak\u00e5t f\u00f6r regeringspartierna \u00d6VP och De gr\u00f6na. i valet i \u00d6sterrike.\" \/>\n<meta property=\"og:url\" content=\"https:\/\/www.richardappelbom.se\/index.php\/2024\/09\/30\/framgang-for-hogernationalistiska-fpo-i-osterrike\/\" \/>\n<meta property=\"og:site_name\" content=\"Richard Appelbom\" \/>\n<meta property=\"article:publisher\" content=\"https:\/\/www.facebook.com\/rappelbom\" \/>\n<meta property=\"article:author\" content=\"https:\/\/www.facebook.com\/rappelbom\" \/>\n<meta property=\"article:published_time\" content=\"2024-09-30T16:19:56+00:00\" \/>\n<meta property=\"article:modified_time\" content=\"2024-09-30T16:19:58+00:00\" \/>\n<meta property=\"og:image\" content=\"https:\/\/www.richardappelbom.se\/wp-content\/uploads\/2024\/09\/Herbert_Kickl-768x1024.jpg\" \/>\n<meta name=\"author\" content=\"admin\" \/>\n<meta name=\"twitter:card\" content=\"summary_large_image\" \/>\n<meta name=\"twitter:creator\" content=\"@RichardAppelbom\" \/>\n<meta name=\"twitter:site\" content=\"@RichardAppelbom\" \/>\n<meta name=\"twitter:label1\" content=\"Written by\" \/>\n\t<meta name=\"twitter:data1\" content=\"admin\" \/>\n\t<meta name=\"twitter:label2\" content=\"Est. reading time\" \/>\n\t<meta name=\"twitter:data2\" content=\"2 minutes\" \/>\n<script type=\"application\/ld+json\" class=\"yoast-schema-graph\">{\"@context\":\"https:\/\/schema.org\",\"@graph\":[{\"@type\":\"Article\",\"@id\":\"https:\/\/www.richardappelbom.se\/index.php\/2024\/09\/30\/framgang-for-hogernationalistiska-fpo-i-osterrike\/#article\",\"isPartOf\":{\"@id\":\"https:\/\/www.richardappelbom.se\/index.php\/2024\/09\/30\/framgang-for-hogernationalistiska-fpo-i-osterrike\/\"},\"author\":{\"name\":\"admin\",\"@id\":\"https:\/\/www.richardappelbom.se\/#\/schema\/person\/98f55ffd095155d902e585f10999a15d\"},\"headline\":\"Framg\u00e5ng f\u00f6r h\u00f6gernationalistiska FP\u00d6 i \u00d6sterrike\",\"datePublished\":\"2024-09-30T16:19:56+00:00\",\"dateModified\":\"2024-09-30T16:19:58+00:00\",\"mainEntityOfPage\":{\"@id\":\"https:\/\/www.richardappelbom.se\/index.php\/2024\/09\/30\/framgang-for-hogernationalistiska-fpo-i-osterrike\/\"},\"wordCount\":491,\"commentCount\":0,\"image\":{\"@id\":\"https:\/\/www.richardappelbom.se\/index.php\/2024\/09\/30\/framgang-for-hogernationalistiska-fpo-i-osterrike\/#primaryimage\"},\"thumbnailUrl\":\"https:\/\/www.richardappelbom.se\/wp-content\/uploads\/2024\/09\/Herbert_Kickl-768x1024.jpg\",\"articleSection\":[\"Allm\u00e4n Posts\"],\"inLanguage\":\"en-US\",\"potentialAction\":[{\"@type\":\"CommentAction\",\"name\":\"Comment\",\"target\":[\"https:\/\/www.richardappelbom.se\/index.php\/2024\/09\/30\/framgang-for-hogernationalistiska-fpo-i-osterrike\/#respond\"]}]},{\"@type\":\"WebPage\",\"@id\":\"https:\/\/www.richardappelbom.se\/index.php\/2024\/09\/30\/framgang-for-hogernationalistiska-fpo-i-osterrike\/\",\"url\":\"https:\/\/www.richardappelbom.se\/index.php\/2024\/09\/30\/framgang-for-hogernationalistiska-fpo-i-osterrike\/\",\"name\":\"Framg\u00e5ng f\u00f6r h\u00f6gernationalistiska FP\u00d6 i \u00d6sterrike - Richard Appelbom\",\"isPartOf\":{\"@id\":\"https:\/\/www.richardappelbom.se\/#website\"},\"primaryImageOfPage\":{\"@id\":\"https:\/\/www.richardappelbom.se\/index.php\/2024\/09\/30\/framgang-for-hogernationalistiska-fpo-i-osterrike\/#primaryimage\"},\"image\":{\"@id\":\"https:\/\/www.richardappelbom.se\/index.php\/2024\/09\/30\/framgang-for-hogernationalistiska-fpo-i-osterrike\/#primaryimage\"},\"thumbnailUrl\":\"https:\/\/www.richardappelbom.se\/wp-content\/uploads\/2024\/09\/Herbert_Kickl-768x1024.jpg\",\"datePublished\":\"2024-09-30T16:19:56+00:00\",\"dateModified\":\"2024-09-30T16:19:58+00:00\",\"author\":{\"@id\":\"https:\/\/www.richardappelbom.se\/#\/schema\/person\/98f55ffd095155d902e585f10999a15d\"},\"description\":\"Framg\u00e5ng f\u00f6r h\u00f6gerradikala FP\u00d6 och bak\u00e5t f\u00f6r regeringspartierna \u00d6VP och De gr\u00f6na. i valet i \u00d6sterrike.\",\"breadcrumb\":{\"@id\":\"https:\/\/www.richardappelbom.se\/index.php\/2024\/09\/30\/framgang-for-hogernationalistiska-fpo-i-osterrike\/#breadcrumb\"},\"inLanguage\":\"en-US\",\"potentialAction\":[{\"@type\":\"ReadAction\",\"target\":[\"https:\/\/www.richardappelbom.se\/index.php\/2024\/09\/30\/framgang-for-hogernationalistiska-fpo-i-osterrike\/\"]}]},{\"@type\":\"ImageObject\",\"inLanguage\":\"en-US\",\"@id\":\"https:\/\/www.richardappelbom.se\/index.php\/2024\/09\/30\/framgang-for-hogernationalistiska-fpo-i-osterrike\/#primaryimage\",\"url\":\"https:\/\/www.richardappelbom.se\/wp-content\/uploads\/2024\/09\/Herbert_Kickl-scaled.jpg\",\"contentUrl\":\"https:\/\/www.richardappelbom.se\/wp-content\/uploads\/2024\/09\/Herbert_Kickl-scaled.jpg\",\"width\":1920,\"height\":2560},{\"@type\":\"BreadcrumbList\",\"@id\":\"https:\/\/www.richardappelbom.se\/index.php\/2024\/09\/30\/framgang-for-hogernationalistiska-fpo-i-osterrike\/#breadcrumb\",\"itemListElement\":[{\"@type\":\"ListItem\",\"position\":1,\"name\":\"Home\",\"item\":\"https:\/\/www.richardappelbom.se\/\"},{\"@type\":\"ListItem\",\"position\":2,\"name\":\"Framg\u00e5ng f\u00f6r h\u00f6gernationalistiska FP\u00d6 i \u00d6sterrike\"}]},{\"@type\":\"WebSite\",\"@id\":\"https:\/\/www.richardappelbom.se\/#website\",\"url\":\"https:\/\/www.richardappelbom.se\/\",\"name\":\"Richard Appelbom\",\"description\":\"En blogg om val och valsystem\",\"potentialAction\":[{\"@type\":\"SearchAction\",\"target\":{\"@type\":\"EntryPoint\",\"urlTemplate\":\"https:\/\/www.richardappelbom.se\/?s={search_term_string}\"},\"query-input\":{\"@type\":\"PropertyValueSpecification\",\"valueRequired\":true,\"valueName\":\"search_term_string\"}}],\"inLanguage\":\"en-US\"},{\"@type\":\"Person\",\"@id\":\"https:\/\/www.richardappelbom.se\/#\/schema\/person\/98f55ffd095155d902e585f10999a15d\",\"name\":\"admin\",\"image\":{\"@type\":\"ImageObject\",\"inLanguage\":\"en-US\",\"@id\":\"https:\/\/secure.gravatar.com\/avatar\/480edd36f6cc3945e6b2db9fdc6f78df2a3fb98b7b27925b8d810863cfa537e7?s=96&d=mm&r=g\",\"url\":\"https:\/\/secure.gravatar.com\/avatar\/480edd36f6cc3945e6b2db9fdc6f78df2a3fb98b7b27925b8d810863cfa537e7?s=96&d=mm&r=g\",\"contentUrl\":\"https:\/\/secure.gravatar.com\/avatar\/480edd36f6cc3945e6b2db9fdc6f78df2a3fb98b7b27925b8d810863cfa537e7?s=96&d=mm&r=g\",\"caption\":\"admin\"},\"sameAs\":[\"https:\/\/www.facebook.com\/rappelbom\",\"https:\/\/twitter.com\/RichardAppelbom\"],\"url\":\"https:\/\/www.richardappelbom.se\/index.php\/author\/ra_j9l6616t\/\"}]}<\/script>\n<!-- \/ Yoast SEO plugin. -->","yoast_head_json":{"title":"Framg\u00e5ng f\u00f6r h\u00f6gernationalistiska FP\u00d6 i \u00d6sterrike - Richard Appelbom","description":"Framg\u00e5ng f\u00f6r h\u00f6gerradikala FP\u00d6 och bak\u00e5t f\u00f6r regeringspartierna \u00d6VP och De gr\u00f6na. i valet i \u00d6sterrike.","robots":{"index":"index","follow":"follow","max-snippet":"max-snippet:-1","max-image-preview":"max-image-preview:large","max-video-preview":"max-video-preview:-1"},"canonical":"https:\/\/www.richardappelbom.se\/index.php\/2024\/09\/30\/framgang-for-hogernationalistiska-fpo-i-osterrike\/","og_locale":"en_US","og_type":"article","og_title":"Framg\u00e5ng f\u00f6r h\u00f6gernationalistiska FP\u00d6 i \u00d6sterrike - Richard Appelbom","og_description":"Framg\u00e5ng f\u00f6r h\u00f6gerradikala FP\u00d6 och bak\u00e5t f\u00f6r regeringspartierna \u00d6VP och De gr\u00f6na. i valet i \u00d6sterrike.","og_url":"https:\/\/www.richardappelbom.se\/index.php\/2024\/09\/30\/framgang-for-hogernationalistiska-fpo-i-osterrike\/","og_site_name":"Richard Appelbom","article_publisher":"https:\/\/www.facebook.com\/rappelbom","article_author":"https:\/\/www.facebook.com\/rappelbom","article_published_time":"2024-09-30T16:19:56+00:00","article_modified_time":"2024-09-30T16:19:58+00:00","og_image":[{"url":"https:\/\/www.richardappelbom.se\/wp-content\/uploads\/2024\/09\/Herbert_Kickl-768x1024.jpg","type":"","width":"","height":""}],"author":"admin","twitter_card":"summary_large_image","twitter_creator":"@RichardAppelbom","twitter_site":"@RichardAppelbom","twitter_misc":{"Written by":"admin","Est. reading time":"2 minutes"},"schema":{"@context":"https:\/\/schema.org","@graph":[{"@type":"Article","@id":"https:\/\/www.richardappelbom.se\/index.php\/2024\/09\/30\/framgang-for-hogernationalistiska-fpo-i-osterrike\/#article","isPartOf":{"@id":"https:\/\/www.richardappelbom.se\/index.php\/2024\/09\/30\/framgang-for-hogernationalistiska-fpo-i-osterrike\/"},"author":{"name":"admin","@id":"https:\/\/www.richardappelbom.se\/#\/schema\/person\/98f55ffd095155d902e585f10999a15d"},"headline":"Framg\u00e5ng f\u00f6r h\u00f6gernationalistiska FP\u00d6 i \u00d6sterrike","datePublished":"2024-09-30T16:19:56+00:00","dateModified":"2024-09-30T16:19:58+00:00","mainEntityOfPage":{"@id":"https:\/\/www.richardappelbom.se\/index.php\/2024\/09\/30\/framgang-for-hogernationalistiska-fpo-i-osterrike\/"},"wordCount":491,"commentCount":0,"image":{"@id":"https:\/\/www.richardappelbom.se\/index.php\/2024\/09\/30\/framgang-for-hogernationalistiska-fpo-i-osterrike\/#primaryimage"},"thumbnailUrl":"https:\/\/www.richardappelbom.se\/wp-content\/uploads\/2024\/09\/Herbert_Kickl-768x1024.jpg","articleSection":["Allm\u00e4n Posts"],"inLanguage":"en-US","potentialAction":[{"@type":"CommentAction","name":"Comment","target":["https:\/\/www.richardappelbom.se\/index.php\/2024\/09\/30\/framgang-for-hogernationalistiska-fpo-i-osterrike\/#respond"]}]},{"@type":"WebPage","@id":"https:\/\/www.richardappelbom.se\/index.php\/2024\/09\/30\/framgang-for-hogernationalistiska-fpo-i-osterrike\/","url":"https:\/\/www.richardappelbom.se\/index.php\/2024\/09\/30\/framgang-for-hogernationalistiska-fpo-i-osterrike\/","name":"Framg\u00e5ng f\u00f6r h\u00f6gernationalistiska FP\u00d6 i \u00d6sterrike - Richard Appelbom","isPartOf":{"@id":"https:\/\/www.richardappelbom.se\/#website"},"primaryImageOfPage":{"@id":"https:\/\/www.richardappelbom.se\/index.php\/2024\/09\/30\/framgang-for-hogernationalistiska-fpo-i-osterrike\/#primaryimage"},"image":{"@id":"https:\/\/www.richardappelbom.se\/index.php\/2024\/09\/30\/framgang-for-hogernationalistiska-fpo-i-osterrike\/#primaryimage"},"thumbnailUrl":"https:\/\/www.richardappelbom.se\/wp-content\/uploads\/2024\/09\/Herbert_Kickl-768x1024.jpg","datePublished":"2024-09-30T16:19:56+00:00","dateModified":"2024-09-30T16:19:58+00:00","author":{"@id":"https:\/\/www.richardappelbom.se\/#\/schema\/person\/98f55ffd095155d902e585f10999a15d"},"description":"Framg\u00e5ng f\u00f6r h\u00f6gerradikala FP\u00d6 och bak\u00e5t f\u00f6r regeringspartierna \u00d6VP och De gr\u00f6na. i valet i \u00d6sterrike.","breadcrumb":{"@id":"https:\/\/www.richardappelbom.se\/index.php\/2024\/09\/30\/framgang-for-hogernationalistiska-fpo-i-osterrike\/#breadcrumb"},"inLanguage":"en-US","potentialAction":[{"@type":"ReadAction","target":["https:\/\/www.richardappelbom.se\/index.php\/2024\/09\/30\/framgang-for-hogernationalistiska-fpo-i-osterrike\/"]}]},{"@type":"ImageObject","inLanguage":"en-US","@id":"https:\/\/www.richardappelbom.se\/index.php\/2024\/09\/30\/framgang-for-hogernationalistiska-fpo-i-osterrike\/#primaryimage","url":"https:\/\/www.richardappelbom.se\/wp-content\/uploads\/2024\/09\/Herbert_Kickl-scaled.jpg","contentUrl":"https:\/\/www.richardappelbom.se\/wp-content\/uploads\/2024\/09\/Herbert_Kickl-scaled.jpg","width":1920,"height":2560},{"@type":"BreadcrumbList","@id":"https:\/\/www.richardappelbom.se\/index.php\/2024\/09\/30\/framgang-for-hogernationalistiska-fpo-i-osterrike\/#breadcrumb","itemListElement":[{"@type":"ListItem","position":1,"name":"Home","item":"https:\/\/www.richardappelbom.se\/"},{"@type":"ListItem","position":2,"name":"Framg\u00e5ng f\u00f6r h\u00f6gernationalistiska FP\u00d6 i \u00d6sterrike"}]},{"@type":"WebSite","@id":"https:\/\/www.richardappelbom.se\/#website","url":"https:\/\/www.richardappelbom.se\/","name":"Richard Appelbom","description":"En blogg om val och valsystem","potentialAction":[{"@type":"SearchAction","target":{"@type":"EntryPoint","urlTemplate":"https:\/\/www.richardappelbom.se\/?s={search_term_string}"},"query-input":{"@type":"PropertyValueSpecification","valueRequired":true,"valueName":"search_term_string"}}],"inLanguage":"en-US"},{"@type":"Person","@id":"https:\/\/www.richardappelbom.se\/#\/schema\/person\/98f55ffd095155d902e585f10999a15d","name":"admin","image":{"@type":"ImageObject","inLanguage":"en-US","@id":"https:\/\/secure.gravatar.com\/avatar\/480edd36f6cc3945e6b2db9fdc6f78df2a3fb98b7b27925b8d810863cfa537e7?s=96&d=mm&r=g","url":"https:\/\/secure.gravatar.com\/avatar\/480edd36f6cc3945e6b2db9fdc6f78df2a3fb98b7b27925b8d810863cfa537e7?s=96&d=mm&r=g","contentUrl":"https:\/\/secure.gravatar.com\/avatar\/480edd36f6cc3945e6b2db9fdc6f78df2a3fb98b7b27925b8d810863cfa537e7?s=96&d=mm&r=g","caption":"admin"},"sameAs":["https:\/\/www.facebook.com\/rappelbom","https:\/\/twitter.com\/RichardAppelbom"],"url":"https:\/\/www.richardappelbom.se\/index.php\/author\/ra_j9l6616t\/"}]}},"jetpack_featured_media_url":"","jetpack_sharing_enabled":true,"_links":{"self":[{"href":"https:\/\/www.richardappelbom.se\/index.php\/wp-json\/wp\/v2\/posts\/538","targetHints":{"allow":["GET"]}}],"collection":[{"href":"https:\/\/www.richardappelbom.se\/index.php\/wp-json\/wp\/v2\/posts"}],"about":[{"href":"https:\/\/www.richardappelbom.se\/index.php\/wp-json\/wp\/v2\/types\/post"}],"author":[{"embeddable":true,"href":"https:\/\/www.richardappelbom.se\/index.php\/wp-json\/wp\/v2\/users\/1"}],"replies":[{"embeddable":true,"href":"https:\/\/www.richardappelbom.se\/index.php\/wp-json\/wp\/v2\/comments?post=538"}],"version-history":[{"count":1,"href":"https:\/\/www.richardappelbom.se\/index.php\/wp-json\/wp\/v2\/posts\/538\/revisions"}],"predecessor-version":[{"id":540,"href":"https:\/\/www.richardappelbom.se\/index.php\/wp-json\/wp\/v2\/posts\/538\/revisions\/540"}],"wp:attachment":[{"href":"https:\/\/www.richardappelbom.se\/index.php\/wp-json\/wp\/v2\/media?parent=538"}],"wp:term":[{"taxonomy":"category","embeddable":true,"href":"https:\/\/www.richardappelbom.se\/index.php\/wp-json\/wp\/v2\/categories?post=538"},{"taxonomy":"post_tag","embeddable":true,"href":"https:\/\/www.richardappelbom.se\/index.php\/wp-json\/wp\/v2\/tags?post=538"}],"curies":[{"name":"wp","href":"https:\/\/api.w.org\/{rel}","templated":true}]}}