{"id":544,"date":"2024-11-13T15:38:32","date_gmt":"2024-11-13T15:38:32","guid":{"rendered":"https:\/\/www.richardappelbom.se\/?p=544"},"modified":"2024-11-13T15:38:33","modified_gmt":"2024-11-13T15:38:33","slug":"demografin-hjalpte-inte-demokraterna","status":"publish","type":"post","link":"https:\/\/www.richardappelbom.se\/index.php\/2024\/11\/13\/demografin-hjalpte-inte-demokraterna\/","title":{"rendered":"Demografin hj\u00e4lpte inte Demokraterna"},"content":{"rendered":"\n<figure class=\"wp-block-image size-full is-resized\"><img loading=\"lazy\" decoding=\"async\" width=\"333\" height=\"151\" src=\"https:\/\/www.richardappelbom.se\/wp-content\/uploads\/2024\/11\/donald-trump.jpg\" alt=\"\" class=\"wp-image-545\" style=\"width:970px;height:auto\" srcset=\"https:\/\/www.richardappelbom.se\/wp-content\/uploads\/2024\/11\/donald-trump.jpg 333w, https:\/\/www.richardappelbom.se\/wp-content\/uploads\/2024\/11\/donald-trump-300x136.jpg 300w\" sizes=\"auto, (max-width: 333px) 100vw, 333px\" \/><\/figure>\n\n\n\n<p>Donald Trump \u00e5terkommer som president i USA. Foto: Creative commions licens<\/p>\n\n\n\n<p>Det tar tid att r\u00e4kna r\u00f6ster i USA, \u00e4nnu en vecka efter valdagen 5 november var det en hel del r\u00f6ster som inte var r\u00e4knade, fr\u00e4mst i v\u00e4stra delstater som Kalifornien. Det stod dock d\u00e5 klart enligt <a href=\"https:\/\/www.realclearpolitics.com\/elections\/live_results\/2024\/house\/\">Real Clear politics<\/a> att Republikanerna skulle f\u00e5 minst 219 av de 435 platserna i Representanthuset, vilket inneb\u00e4r ett de f\u00e5r majoritet. Det stod tidigare klart att Republikanerna f\u00e5r <a href=\"https:\/\/www.realclearpolitics.com\/elections\/live_results\/2024\/senate\/\">majoritet i senaten<\/a> med 53-47 och att Donald Trump (Rep) \u00e5terkommer <a href=\"https:\/\/www.realclearpolitics.com\/elections\/live_results\/2024\/president\/\">som president<\/a>.<\/p>\n\n\n\n<p>Den h\u00e4r g\u00e5ngen var Trumps seger klar, han vann alla marginalstater (swingstates) och fick <a href=\"https:\/\/en.wikipedia.org\/wiki\/List_of_United_States_presidential_elections_by_popular_vote_margin\">flest r\u00f6ster<\/a> i hela landet. 2016 blev Trump president trots att Hillary Clinton fick 2,8 miljoner r\u00f6ster mer. Joe Biden fick 2020 7 miljoner fler r\u00f6ster \u00e4n Donald Trump. Den h\u00e4r g\u00e5ngen f\u00e5r Trump runt 3 miljoner fler r\u00f6ster \u00e4n Demokraternas Kamala Harris, som dock<a href=\"https:\/\/www.bbc.com\/news\/election\/2024\/us\/results\"> har knappat<\/a> in n\u00e4r fler r\u00f6ster har  r\u00e4knats. L\u00e5ngt ifr\u00e5n n\u00e5gon f\u00f6rkrossande seger, men \u00e4nd\u00e5 bara andra g\u00e5ngen det h\u00e4r seklet Republikanen har f\u00e5tt flest r\u00f6ster i hela landet. Andra g\u00e5ngen var George W Bush 2004.<\/p>\n\n\n\n<p>2000 och 2016 vann Republikanerna genom att f\u00e5 majoritet i elektorskollegiets 538 r\u00f6ster genom att vinna fler delstater trots att de hade f\u00e4rre r\u00f6ster i hela landet. Delstater f\u00e5r elektorer genom att l\u00e4gga ihop antalet ledam\u00f6ter i representanthuset och senaten (tv\u00e5 f\u00f6r alla 50 delstater). D\u00e4rut\u00f6ver tillkommer huvudstaden Washington DC, som inte \u00e4r en delstat men har tre elektorsr\u00f6ster.<\/p>\n\n\n\n<p>Den mediala uppm\u00e4rksamheten inf\u00f6r USA-valet var extremt h\u00f6g i Sverige. \u00e4nd\u00e5 kom Republikanernas framg\u00e5ngar som en \u00f6verraskning. Opinionsm\u00e4tningar <a href=\"https:\/\/www.thetimes.com\/world\/us-world\/article\/why-were-polls-wrong-about-donald-trump-once-again-9kls6fqv7\">underskattade<\/a> \u00e5ter st\u00f6det f\u00f6r Donald Trump.  2022 i mellan\u00e5rsvalen, d\u00e5 det inte \u00e4r presidentvalen \u00f6verskattade d\u00e4remot m\u00e4tningarna Republikanernas st\u00f6d. Det kan vara s\u00e5 att konventionell visdom om att h\u00f6gt valdeltagande gynnar v\u00e4nsterpartier inte l\u00e4ngre st\u00e4mmer. N\u00e4r fler politiskt fattiga, l\u00e5gutbildade och l\u00e5ginkomsttagare st\u00f6der h\u00f6gerpopulister som Donald trump eller SD kan h\u00f6gre valdetagande, som det \u00e4r i presidentval j\u00e4mf\u00f6rt med mellan\u00e5rsval eller fyllnadsval, gynna populisth\u00f6gern.<\/p>\n\n\n\n<p>Demokraterna har levt i tron att den demografiska framtid tillh\u00f6rde dem. F\u00f6r\u00e4ndrad demografi genom   invandring skulle leda til latt den &#8220;vita&#8221; majoriteten f\u00f6rsvinner om n\u00e5got eller n\u00e5gra \u00e5rtionden. Demokraterna skulle f\u00e5 en evig majoritet genom st\u00f6d att v\u00e4lutbildade vita till v\u00e4nster och minoritetsgrupper.<\/p>\n\n\n\n<p>Men i det h\u00e4r valet r\u00f6stade<a href=\"https:\/\/en.wikipedia.org\/wiki\/2024_United_States_presidential_election\"> fler v\u00e4ljare<\/a> ur<a href=\"https:\/\/www.irishtimes.com\/world\/us\/2024\/11\/10\/us-election-kamala-harris-democrats-democratic-party-donald-trump-latest\/\"> minoritetsgrupperna<\/a> p\u00e5 Trump. Det g\u00e4llde s\u00e4rskilt personer med latinamerikansk bakgrund (latinos). Det \u00e4r inte konstigt, n\u00e5got liknande har skett med andra invandrargrupper som de fr\u00e5n Italien och Irland. De r\u00f6stade tidigare v\u00e4nster, men har i takt med stigande v\u00e4lst\u00e5nd och b\u00e4ttre integration spritt r\u00f6sterna. <\/p>\n\n\n\n<p>Nu h\u00e4nder samma sak med latinos och v\u00e4ljare med asiatisk bakgrund, och i n\u00e5gon men mindre m\u00e5n bland svarta v\u00e4ljare. S\u00e5 Demokraternas dr\u00f6m om en hudf\u00e4rgsbaserad framtida majoritet krrossades, och det var p\u00e5 sikt bra f\u00f6r USA. Partierna beh\u00f6ver g\u00e5 mer efter v\u00e4ljare, inte efter vilken grupp de tillh\u00f6r.<\/p>\n\n\n\n<p>K\u00f6nsskillnaden fick stor uppm\u00e4rksamhet, fler kvinnor r\u00f6star demokratiskt och fler m\u00e4n republikanskt. Den best\u00e5r, men kvinnorna sl\u00f6t inte upp bakom Harris i den utsr\u00e4ckning Demokraterna hoppades. V\u00e4ljark\u00e5ren har kastats om, de med h\u00f6gre utbildning och h\u00f6gre utbildning r\u00f6star v\u00e4nster, de med l\u00e4gre inkomster och utbildning r\u00f6star h\u00f6ger. <\/p>\n\n\n\n<p>Demokraterna har tappat sitt tidigare st\u00f6d i den vita arbetarklassen, nu sviktar den bland arbetare med annan hudf\u00e4rg. Syns tydligt i Minnesota, d\u00e4r Demokraterna efter en sammanslagning heter DFL (democratic farmer labor). Den nordiska anknytningen syntes, j\u00e4mf\u00f6relsevis starka fackf\u00f6reningar och kontakter mellan DFL och svenska socialdemokrater. Nu har DFL tappat mycket st\u00f6d utanf\u00f6r storst\u00e4derna, vilket syns <a href=\"https:\/\/www.startribune.com\/live-minnesota-general-election-results-2024\/601173405\">i presidentvalet.<\/a> I <a href=\"https:\/\/www.startribune.com\/live-minnesota-general-election-results-2024\/601173405\">senatsvalet <\/a>beh\u00f6ll dock DFL mer av st\u00f6d utanf\u00f6r storst\u00e4derna, s\u00e5 det kan finnas hopp att \u00e5tervinna en del av det tidigare st\u00f6det. Dilemmat p\u00e5minner om svenska socialdemokraters.<\/p>\n\n\n\n<p>En del delstater har m\u00e5nga<a href=\"https:\/\/www.economist.com\/united-states\/2024\/11\/07\/ballot-measure-results-reveal-the-power-of-state-policy\"> folkomr\u00f6stningar, <\/a>som ett s\u00e4tt att g\u00e5 vid sidan av de dominerande partierna. Ocks\u00e5 h\u00e4r fanns en tendens till mer konservativa resultat, ocks\u00e5 i v\u00e4nsterlutande Kalifornien. Men i flera delstater r\u00f6stades skydd f\u00f6r abortr\u00e4tten in i delstatsf\u00f6rfattningen. \u00c4ven i valen till <a href=\"https:\/\/www.economist.com\/united-states\/2024\/11\/07\/democrats-suffer-in-statehouse-races-too\">delstatsf\u00f6rsamlingar <\/a>gick det bra f\u00f6r Republikanerna. <\/p>\n\n\n\n<p>F\u00e5 utvecklade demokratier har ett s\u00e5 tydligt tv\u00e5partisystem som USA. I andra l\u00e4nder med enpersonsvalkretsar, som Storbritannien och Kanada, finns fler partier som \u00e4r representrade i parlamentet. men i USA \u00e4r det mycket sv\u00e5rt f\u00f6r andra partier, trots att m\u00e5nga v\u00e4ljare \u00e4r missn\u00f6jda med de stora partiernas kandidater. Preferensr\u00f6stning (RCV)\u00e4r ett s\u00e4tt att ge utrymme f\u00f6r mindre partier att sl\u00e5 sig fram och gynnamer mitteninrktade kandidater. Det finns i Alaska och Maine och i en del lokalval, och benjk\u00e4mpas av fr\u00e4mst Republikanerna. Den h\u00e4r g\u00e5ngen r\u00f6stades f\u00f6rslag om RCV ned i flera delstater, och kan avskaffas i Alaska, men gick igenom i Washington DC. Fler delstater kunde ocks\u00e5 likt Georgia och Louisiana l\u00e5ta det bli en andra omg\u00e5ng om ingen kandidat f\u00e5r mer i 50 pprocent i f\u00f6rsta omg\u00e5ngen.<\/p>\n\n\n\n<p>Det vore b\u00e4ttre att avskaffa elektorskollegiet och l\u00e5ta folkviljan sl\u00e5 igenom direkt, men det \u00e4r l\u00e4ttare sagt \u00e4n gjort att \u00e4ndra i f\u00f6rfattningeni USA. S\u00e5 hur presidenten v\u00e4ljs l\u00e4r inte \u00e4ndras i br\u00e5drasket, s\u00e5vida inte delstaterna frivilligt kommer \u00f6verens om att alltid r\u00f6sta p\u00e5 den som fick flest r\u00f6ster. En s\u00e5dan <a href=\"https:\/\/www.ncsl.org\/elections-and-campaigns\/national-popular-vote\">\u00f6verenskommelse <\/a>\u00e4r p\u00e5 g\u00e5ng, med fr\u00e5gan \u00e4r hur hur h\u00e5llbar den kan bli och hur m\u00e5nga delstater som ansluter sig. Hittills har, f\u00f6ga f\u00f6rv\u00e5nande, deldstater som brukar r\u00f6sta p\u00e5 demokrater a anslutit sig.<\/p>\n\n\n\n<p>Varf\u00f6r tar det s\u00e5dan tid att r\u00e4kna r\u00f6ster i fr\u00e4mst delstaterna l\u00e4ngst v\u00e4sterut som <a href=\"https:\/\/time.com\/7176000\/california-vote-counting-slow-election-results-florida-fast\/\">Kalifornien <\/a>och <a href=\"https:\/\/www.newsweek.com\/why-arizona-votes-take-so-long-count-1983479\">Arizona<\/a>? Det beror p\u00e5 att de i mycket till\u00e4mpar<a href=\"https:\/\/www.ncsl.org\/elections-and-campaigns\/table-18-states-with-all-mail-elections\"> brevr\u00f6stning<\/a>, d\u00e4r v\u00e4ljarna fyller i valsedeln hemma och l\u00e4gger den p\u00e5 brevl\u00e5dan, i s\u00e4rskilda l\u00e5dor eller l\u00e4mnar den p\u00e5 vallokalen. I m\u00e5nga andra delstater \u00e4r det ocks\u00e5 l\u00e4tt att f\u00e5 r\u00f6sta per brev, inga s\u00e4rskilda sk\u00e4l kr\u00e4vs. Det ses som ett s\u00e4tt att \u00f6ka valdeltagandet, och kombineras i flera delstater med f\u00f6rhandsr\u00f6stning i vallokal. Storbritannien och Tyskland har ocks\u00e5 brevr\u00f6stning som alternativ till att r\u00f6sta p\u00e5 valdagen.<\/p>\n\n\n\n<p>Det finns ett sk\u00e4l f\u00f6r brevr\u00f6stning i USA som saknas i Sverige. Det \u00e4r m\u00e5nga val p\u00e5 en g\u00e5ng och ocks\u00e5 ofta val. Det kan vara l\u00e4ttare att hemma fylla i och t\u00e4nka efter n\u00e4r det \u00e4r m\u00e5nga val som ska avg\u00f6ras p\u00e5 en g\u00e5ng.<\/p>\n\n\n\n<p>Men den svenska modellen med l\u00e4tt\u00e5tkomlig f\u00f6rhandsr\u00f6stning i vallokal \u00e4r \u00e4nd\u00e5 att f\u00f6redra. Den f\u00f6renklar r\u00f6str\u00e4kning, men framf\u00f6rallt skyddar den valhemligheten. Brevr\u00f6stning \u00f6kar utrymmet f\u00f6r p\u00e5tryckningar inom familjen, av v\u00e4nner eller fr\u00e5n organisationer som samfund eller fackf\u00f6rbund. Sk\u00e5despelaren Julia Roberts hade ett <a href=\"https:\/\/www.youtube.com\/watch?v=FaCPck2qDhk\">reklaminslag <\/a>f\u00f6r Kamala Harris d\u00e4r hon p\u00e5minde om att kvinnor kan r\u00f6sta annorlunda \u00e4n sina p\u00e5stridiga m\u00e4n i valb\u00e5set utan att n\u00e5gon vet. Den m\u00f6jligheten finns inte om r\u00f6standet sker med brev som ofta fylls i p\u00e5 k\u00f6ksbordet.<\/p>\n\n\n\n<p><a href=\"https:\/\/en.wikipedia.org\/wiki\/Voter_turnout_in_United_States_presidential_elections\">Valdeltagandet <\/a>blev n\u00e5got l\u00e4gre \u00e4n f\u00f6rra g\u00e5ngens f\u00f6r USA rekordh\u00f6ga 65,8 procent av r\u00f6stber\u00e4ttigade v\u00e4ljare. (h\u00e4r ing\u00e5r inte en del brottslingar som ber\u00f6vats r\u00f6str\u00e4tten). siffror f\u00f6r delstater \u00e4r inte officiella, men Minnesota, med en stark tradition av samh\u00e4llsansvar,  brukar vara b\u00e4st i klassen, den h\u00e4r g\u00e5ngen med ett <a href=\"https:\/\/www.startribune.com\/minnesota-once-again-saw-strong-voter-pariticipation-in-election\/601177435\">uppskattat valdeltagande<\/a> p\u00e5 74,7 procent.<\/p>\n\n\n\n<p><\/p>\n\n\n\n<p><\/p>\n\n\n\n<p><\/p>\n","protected":false},"excerpt":{"rendered":"<p>Donald Trump \u00e5terkommer som president i USA. Foto: Creative commions licens Det tar tid att r\u00e4kna r\u00f6ster i USA, \u00e4nnu en vecka efter valdagen 5 november var det en hel del r\u00f6ster som inte var r\u00e4knade, fr\u00e4mst i v\u00e4stra delstater som Kalifornien. Det stod dock d\u00e5 klart enligt Real Clear politics att Republikanerna skulle f\u00e5 [&hellip;]<\/p>\n","protected":false},"author":1,"featured_media":0,"comment_status":"open","ping_status":"closed","sticky":false,"template":"","format":"standard","meta":{"_jetpack_memberships_contains_paid_content":false,"footnotes":""},"categories":[10],"tags":[],"class_list":["post-544","post","type-post","status-publish","format-standard","hentry","category-allman-inlagg"],"yoast_head":"<!-- This site is optimized with the Yoast SEO plugin v27.2 - https:\/\/yoast.com\/product\/yoast-seo-wordpress\/ -->\n<title>Demografin hj\u00e4lpte inte Demokraterna - Richard Appelbom<\/title>\n<meta name=\"description\" content=\"V\u00e4ljarna r\u00f6stade mer efter \u00e5sikt \u00e4nefter grupptillh\u00f6righet\" \/>\n<meta name=\"robots\" content=\"index, follow, max-snippet:-1, max-image-preview:large, max-video-preview:-1\" \/>\n<link rel=\"canonical\" href=\"https:\/\/www.richardappelbom.se\/index.php\/2024\/11\/13\/demografin-hjalpte-inte-demokraterna\/\" \/>\n<meta property=\"og:locale\" content=\"en_US\" \/>\n<meta property=\"og:type\" content=\"article\" \/>\n<meta property=\"og:title\" content=\"Demografin hj\u00e4lpte inte Demokraterna - Richard Appelbom\" \/>\n<meta property=\"og:description\" content=\"V\u00e4ljarna r\u00f6stade mer efter \u00e5sikt \u00e4nefter grupptillh\u00f6righet\" \/>\n<meta property=\"og:url\" content=\"https:\/\/www.richardappelbom.se\/index.php\/2024\/11\/13\/demografin-hjalpte-inte-demokraterna\/\" \/>\n<meta property=\"og:site_name\" content=\"Richard Appelbom\" \/>\n<meta property=\"article:publisher\" content=\"https:\/\/www.facebook.com\/rappelbom\" \/>\n<meta property=\"article:author\" content=\"https:\/\/www.facebook.com\/rappelbom\" \/>\n<meta property=\"article:published_time\" content=\"2024-11-13T15:38:32+00:00\" \/>\n<meta property=\"article:modified_time\" content=\"2024-11-13T15:38:33+00:00\" \/>\n<meta property=\"og:image\" content=\"https:\/\/www.richardappelbom.se\/wp-content\/uploads\/2024\/11\/donald-trump.jpg\" \/>\n<meta name=\"author\" content=\"admin\" \/>\n<meta name=\"twitter:card\" content=\"summary_large_image\" \/>\n<meta name=\"twitter:creator\" content=\"@RichardAppelbom\" \/>\n<meta name=\"twitter:site\" content=\"@RichardAppelbom\" \/>\n<meta name=\"twitter:label1\" content=\"Written by\" \/>\n\t<meta name=\"twitter:data1\" content=\"admin\" \/>\n\t<meta name=\"twitter:label2\" content=\"Est. reading time\" \/>\n\t<meta name=\"twitter:data2\" content=\"6 minutes\" \/>\n<script type=\"application\/ld+json\" class=\"yoast-schema-graph\">{\"@context\":\"https:\/\/schema.org\",\"@graph\":[{\"@type\":\"Article\",\"@id\":\"https:\/\/www.richardappelbom.se\/index.php\/2024\/11\/13\/demografin-hjalpte-inte-demokraterna\/#article\",\"isPartOf\":{\"@id\":\"https:\/\/www.richardappelbom.se\/index.php\/2024\/11\/13\/demografin-hjalpte-inte-demokraterna\/\"},\"author\":{\"name\":\"admin\",\"@id\":\"https:\/\/www.richardappelbom.se\/#\/schema\/person\/98f55ffd095155d902e585f10999a15d\"},\"headline\":\"Demografin hj\u00e4lpte inte Demokraterna\",\"datePublished\":\"2024-11-13T15:38:32+00:00\",\"dateModified\":\"2024-11-13T15:38:33+00:00\",\"mainEntityOfPage\":{\"@id\":\"https:\/\/www.richardappelbom.se\/index.php\/2024\/11\/13\/demografin-hjalpte-inte-demokraterna\/\"},\"wordCount\":1390,\"commentCount\":0,\"image\":{\"@id\":\"https:\/\/www.richardappelbom.se\/index.php\/2024\/11\/13\/demografin-hjalpte-inte-demokraterna\/#primaryimage\"},\"thumbnailUrl\":\"https:\/\/www.richardappelbom.se\/wp-content\/uploads\/2024\/11\/donald-trump.jpg\",\"articleSection\":[\"Allm\u00e4n Posts\"],\"inLanguage\":\"en-US\",\"potentialAction\":[{\"@type\":\"CommentAction\",\"name\":\"Comment\",\"target\":[\"https:\/\/www.richardappelbom.se\/index.php\/2024\/11\/13\/demografin-hjalpte-inte-demokraterna\/#respond\"]}]},{\"@type\":\"WebPage\",\"@id\":\"https:\/\/www.richardappelbom.se\/index.php\/2024\/11\/13\/demografin-hjalpte-inte-demokraterna\/\",\"url\":\"https:\/\/www.richardappelbom.se\/index.php\/2024\/11\/13\/demografin-hjalpte-inte-demokraterna\/\",\"name\":\"Demografin hj\u00e4lpte inte Demokraterna - Richard Appelbom\",\"isPartOf\":{\"@id\":\"https:\/\/www.richardappelbom.se\/#website\"},\"primaryImageOfPage\":{\"@id\":\"https:\/\/www.richardappelbom.se\/index.php\/2024\/11\/13\/demografin-hjalpte-inte-demokraterna\/#primaryimage\"},\"image\":{\"@id\":\"https:\/\/www.richardappelbom.se\/index.php\/2024\/11\/13\/demografin-hjalpte-inte-demokraterna\/#primaryimage\"},\"thumbnailUrl\":\"https:\/\/www.richardappelbom.se\/wp-content\/uploads\/2024\/11\/donald-trump.jpg\",\"datePublished\":\"2024-11-13T15:38:32+00:00\",\"dateModified\":\"2024-11-13T15:38:33+00:00\",\"author\":{\"@id\":\"https:\/\/www.richardappelbom.se\/#\/schema\/person\/98f55ffd095155d902e585f10999a15d\"},\"description\":\"V\u00e4ljarna r\u00f6stade mer efter \u00e5sikt \u00e4nefter grupptillh\u00f6righet\",\"breadcrumb\":{\"@id\":\"https:\/\/www.richardappelbom.se\/index.php\/2024\/11\/13\/demografin-hjalpte-inte-demokraterna\/#breadcrumb\"},\"inLanguage\":\"en-US\",\"potentialAction\":[{\"@type\":\"ReadAction\",\"target\":[\"https:\/\/www.richardappelbom.se\/index.php\/2024\/11\/13\/demografin-hjalpte-inte-demokraterna\/\"]}]},{\"@type\":\"ImageObject\",\"inLanguage\":\"en-US\",\"@id\":\"https:\/\/www.richardappelbom.se\/index.php\/2024\/11\/13\/demografin-hjalpte-inte-demokraterna\/#primaryimage\",\"url\":\"https:\/\/www.richardappelbom.se\/wp-content\/uploads\/2024\/11\/donald-trump.jpg\",\"contentUrl\":\"https:\/\/www.richardappelbom.se\/wp-content\/uploads\/2024\/11\/donald-trump.jpg\",\"width\":333,\"height\":151},{\"@type\":\"BreadcrumbList\",\"@id\":\"https:\/\/www.richardappelbom.se\/index.php\/2024\/11\/13\/demografin-hjalpte-inte-demokraterna\/#breadcrumb\",\"itemListElement\":[{\"@type\":\"ListItem\",\"position\":1,\"name\":\"Home\",\"item\":\"https:\/\/www.richardappelbom.se\/\"},{\"@type\":\"ListItem\",\"position\":2,\"name\":\"Demografin hj\u00e4lpte inte Demokraterna\"}]},{\"@type\":\"WebSite\",\"@id\":\"https:\/\/www.richardappelbom.se\/#website\",\"url\":\"https:\/\/www.richardappelbom.se\/\",\"name\":\"Richard Appelbom\",\"description\":\"En blogg om val och valsystem\",\"potentialAction\":[{\"@type\":\"SearchAction\",\"target\":{\"@type\":\"EntryPoint\",\"urlTemplate\":\"https:\/\/www.richardappelbom.se\/?s={search_term_string}\"},\"query-input\":{\"@type\":\"PropertyValueSpecification\",\"valueRequired\":true,\"valueName\":\"search_term_string\"}}],\"inLanguage\":\"en-US\"},{\"@type\":\"Person\",\"@id\":\"https:\/\/www.richardappelbom.se\/#\/schema\/person\/98f55ffd095155d902e585f10999a15d\",\"name\":\"admin\",\"image\":{\"@type\":\"ImageObject\",\"inLanguage\":\"en-US\",\"@id\":\"https:\/\/secure.gravatar.com\/avatar\/480edd36f6cc3945e6b2db9fdc6f78df2a3fb98b7b27925b8d810863cfa537e7?s=96&d=mm&r=g\",\"url\":\"https:\/\/secure.gravatar.com\/avatar\/480edd36f6cc3945e6b2db9fdc6f78df2a3fb98b7b27925b8d810863cfa537e7?s=96&d=mm&r=g\",\"contentUrl\":\"https:\/\/secure.gravatar.com\/avatar\/480edd36f6cc3945e6b2db9fdc6f78df2a3fb98b7b27925b8d810863cfa537e7?s=96&d=mm&r=g\",\"caption\":\"admin\"},\"sameAs\":[\"https:\/\/www.facebook.com\/rappelbom\",\"https:\/\/twitter.com\/RichardAppelbom\"],\"url\":\"https:\/\/www.richardappelbom.se\/index.php\/author\/ra_j9l6616t\/\"}]}<\/script>\n<!-- \/ Yoast SEO plugin. -->","yoast_head_json":{"title":"Demografin hj\u00e4lpte inte Demokraterna - Richard Appelbom","description":"V\u00e4ljarna r\u00f6stade mer efter \u00e5sikt \u00e4nefter grupptillh\u00f6righet","robots":{"index":"index","follow":"follow","max-snippet":"max-snippet:-1","max-image-preview":"max-image-preview:large","max-video-preview":"max-video-preview:-1"},"canonical":"https:\/\/www.richardappelbom.se\/index.php\/2024\/11\/13\/demografin-hjalpte-inte-demokraterna\/","og_locale":"en_US","og_type":"article","og_title":"Demografin hj\u00e4lpte inte Demokraterna - Richard Appelbom","og_description":"V\u00e4ljarna r\u00f6stade mer efter \u00e5sikt \u00e4nefter grupptillh\u00f6righet","og_url":"https:\/\/www.richardappelbom.se\/index.php\/2024\/11\/13\/demografin-hjalpte-inte-demokraterna\/","og_site_name":"Richard Appelbom","article_publisher":"https:\/\/www.facebook.com\/rappelbom","article_author":"https:\/\/www.facebook.com\/rappelbom","article_published_time":"2024-11-13T15:38:32+00:00","article_modified_time":"2024-11-13T15:38:33+00:00","og_image":[{"url":"https:\/\/www.richardappelbom.se\/wp-content\/uploads\/2024\/11\/donald-trump.jpg","type":"","width":"","height":""}],"author":"admin","twitter_card":"summary_large_image","twitter_creator":"@RichardAppelbom","twitter_site":"@RichardAppelbom","twitter_misc":{"Written by":"admin","Est. reading time":"6 minutes"},"schema":{"@context":"https:\/\/schema.org","@graph":[{"@type":"Article","@id":"https:\/\/www.richardappelbom.se\/index.php\/2024\/11\/13\/demografin-hjalpte-inte-demokraterna\/#article","isPartOf":{"@id":"https:\/\/www.richardappelbom.se\/index.php\/2024\/11\/13\/demografin-hjalpte-inte-demokraterna\/"},"author":{"name":"admin","@id":"https:\/\/www.richardappelbom.se\/#\/schema\/person\/98f55ffd095155d902e585f10999a15d"},"headline":"Demografin hj\u00e4lpte inte Demokraterna","datePublished":"2024-11-13T15:38:32+00:00","dateModified":"2024-11-13T15:38:33+00:00","mainEntityOfPage":{"@id":"https:\/\/www.richardappelbom.se\/index.php\/2024\/11\/13\/demografin-hjalpte-inte-demokraterna\/"},"wordCount":1390,"commentCount":0,"image":{"@id":"https:\/\/www.richardappelbom.se\/index.php\/2024\/11\/13\/demografin-hjalpte-inte-demokraterna\/#primaryimage"},"thumbnailUrl":"https:\/\/www.richardappelbom.se\/wp-content\/uploads\/2024\/11\/donald-trump.jpg","articleSection":["Allm\u00e4n Posts"],"inLanguage":"en-US","potentialAction":[{"@type":"CommentAction","name":"Comment","target":["https:\/\/www.richardappelbom.se\/index.php\/2024\/11\/13\/demografin-hjalpte-inte-demokraterna\/#respond"]}]},{"@type":"WebPage","@id":"https:\/\/www.richardappelbom.se\/index.php\/2024\/11\/13\/demografin-hjalpte-inte-demokraterna\/","url":"https:\/\/www.richardappelbom.se\/index.php\/2024\/11\/13\/demografin-hjalpte-inte-demokraterna\/","name":"Demografin hj\u00e4lpte inte Demokraterna - Richard Appelbom","isPartOf":{"@id":"https:\/\/www.richardappelbom.se\/#website"},"primaryImageOfPage":{"@id":"https:\/\/www.richardappelbom.se\/index.php\/2024\/11\/13\/demografin-hjalpte-inte-demokraterna\/#primaryimage"},"image":{"@id":"https:\/\/www.richardappelbom.se\/index.php\/2024\/11\/13\/demografin-hjalpte-inte-demokraterna\/#primaryimage"},"thumbnailUrl":"https:\/\/www.richardappelbom.se\/wp-content\/uploads\/2024\/11\/donald-trump.jpg","datePublished":"2024-11-13T15:38:32+00:00","dateModified":"2024-11-13T15:38:33+00:00","author":{"@id":"https:\/\/www.richardappelbom.se\/#\/schema\/person\/98f55ffd095155d902e585f10999a15d"},"description":"V\u00e4ljarna r\u00f6stade mer efter \u00e5sikt \u00e4nefter grupptillh\u00f6righet","breadcrumb":{"@id":"https:\/\/www.richardappelbom.se\/index.php\/2024\/11\/13\/demografin-hjalpte-inte-demokraterna\/#breadcrumb"},"inLanguage":"en-US","potentialAction":[{"@type":"ReadAction","target":["https:\/\/www.richardappelbom.se\/index.php\/2024\/11\/13\/demografin-hjalpte-inte-demokraterna\/"]}]},{"@type":"ImageObject","inLanguage":"en-US","@id":"https:\/\/www.richardappelbom.se\/index.php\/2024\/11\/13\/demografin-hjalpte-inte-demokraterna\/#primaryimage","url":"https:\/\/www.richardappelbom.se\/wp-content\/uploads\/2024\/11\/donald-trump.jpg","contentUrl":"https:\/\/www.richardappelbom.se\/wp-content\/uploads\/2024\/11\/donald-trump.jpg","width":333,"height":151},{"@type":"BreadcrumbList","@id":"https:\/\/www.richardappelbom.se\/index.php\/2024\/11\/13\/demografin-hjalpte-inte-demokraterna\/#breadcrumb","itemListElement":[{"@type":"ListItem","position":1,"name":"Home","item":"https:\/\/www.richardappelbom.se\/"},{"@type":"ListItem","position":2,"name":"Demografin hj\u00e4lpte inte Demokraterna"}]},{"@type":"WebSite","@id":"https:\/\/www.richardappelbom.se\/#website","url":"https:\/\/www.richardappelbom.se\/","name":"Richard Appelbom","description":"En blogg om val och valsystem","potentialAction":[{"@type":"SearchAction","target":{"@type":"EntryPoint","urlTemplate":"https:\/\/www.richardappelbom.se\/?s={search_term_string}"},"query-input":{"@type":"PropertyValueSpecification","valueRequired":true,"valueName":"search_term_string"}}],"inLanguage":"en-US"},{"@type":"Person","@id":"https:\/\/www.richardappelbom.se\/#\/schema\/person\/98f55ffd095155d902e585f10999a15d","name":"admin","image":{"@type":"ImageObject","inLanguage":"en-US","@id":"https:\/\/secure.gravatar.com\/avatar\/480edd36f6cc3945e6b2db9fdc6f78df2a3fb98b7b27925b8d810863cfa537e7?s=96&d=mm&r=g","url":"https:\/\/secure.gravatar.com\/avatar\/480edd36f6cc3945e6b2db9fdc6f78df2a3fb98b7b27925b8d810863cfa537e7?s=96&d=mm&r=g","contentUrl":"https:\/\/secure.gravatar.com\/avatar\/480edd36f6cc3945e6b2db9fdc6f78df2a3fb98b7b27925b8d810863cfa537e7?s=96&d=mm&r=g","caption":"admin"},"sameAs":["https:\/\/www.facebook.com\/rappelbom","https:\/\/twitter.com\/RichardAppelbom"],"url":"https:\/\/www.richardappelbom.se\/index.php\/author\/ra_j9l6616t\/"}]}},"jetpack_featured_media_url":"","jetpack_sharing_enabled":true,"_links":{"self":[{"href":"https:\/\/www.richardappelbom.se\/index.php\/wp-json\/wp\/v2\/posts\/544","targetHints":{"allow":["GET"]}}],"collection":[{"href":"https:\/\/www.richardappelbom.se\/index.php\/wp-json\/wp\/v2\/posts"}],"about":[{"href":"https:\/\/www.richardappelbom.se\/index.php\/wp-json\/wp\/v2\/types\/post"}],"author":[{"embeddable":true,"href":"https:\/\/www.richardappelbom.se\/index.php\/wp-json\/wp\/v2\/users\/1"}],"replies":[{"embeddable":true,"href":"https:\/\/www.richardappelbom.se\/index.php\/wp-json\/wp\/v2\/comments?post=544"}],"version-history":[{"count":7,"href":"https:\/\/www.richardappelbom.se\/index.php\/wp-json\/wp\/v2\/posts\/544\/revisions"}],"predecessor-version":[{"id":552,"href":"https:\/\/www.richardappelbom.se\/index.php\/wp-json\/wp\/v2\/posts\/544\/revisions\/552"}],"wp:attachment":[{"href":"https:\/\/www.richardappelbom.se\/index.php\/wp-json\/wp\/v2\/media?parent=544"}],"wp:term":[{"taxonomy":"category","embeddable":true,"href":"https:\/\/www.richardappelbom.se\/index.php\/wp-json\/wp\/v2\/categories?post=544"},{"taxonomy":"post_tag","embeddable":true,"href":"https:\/\/www.richardappelbom.se\/index.php\/wp-json\/wp\/v2\/tags?post=544"}],"curies":[{"name":"wp","href":"https:\/\/api.w.org\/{rel}","templated":true}]}}